{"id":1700,"date":"2019-05-23T14:03:13","date_gmt":"2019-05-23T12:03:13","guid":{"rendered":"http:\/\/blogg.svenskakyrkan.se\/tankarinforhelgen\/?p=1700"},"modified":"2019-05-23T14:04:14","modified_gmt":"2019-05-23T12:04:14","slug":"vem-larde-dig-att-be","status":"publish","type":"post","link":"https:\/\/blogg.svenskakyrkan.se\/tankarinforhelgen\/2019\/05\/23\/vem-larde-dig-att-be\/","title":{"rendered":"Vem l\u00e4rde dig att be?"},"content":{"rendered":"<p>Det \u00e4r en regnig oktoberkv\u00e4ll och redan \u00e4r det m\u00f6rkt ute. Tid att natta min fyra\u00e5ringa son, med allt vad det inneb\u00e4r. Dags att g\u00f6ra checklistan:<\/p>\n<p>-borsta t\u00e4nder: check<br \/>\n-inspektera under s\u00e4ngen efter monster: (tomt) check<br \/>\n-l\u00e4sa i boken: check<br \/>\n-sjunga \u201dLet it go\u201d (varje kv\u00e4ll de senaste tv\u00e5 och ett halvt \u00e5ren\u2026): dubbel-check<br \/>\n-be \u201dGud som haver\u201d: check<br \/>\n-avslutande kram och \u201djag \u00e4lskar dig\u201d: check<\/p>\n<p>Jag reser mig upp och g\u00e5r mot d\u00f6rren n\u00e4r mitt barn pl\u00f6tsligt, och helt utanf\u00f6r rutinen, utbrister \u201dpappa, nu vill jag be\u201d. Jag \u00f6verv\u00e4ger kort om det h\u00e4r \u00e4r ett jag-vill-inte-g\u00e5-och-l\u00e4gga-mig-tjat, men d\u00e5 han aldrig tidigare f\u00f6rs\u00f6kt vara uppe l\u00e4ngre genom b\u00f6n blir jag nyfiken. Jag s\u00e4tter mig ner igen och lyssnar, han ber:<\/p>\n<p>Tack Gud f\u00f6r att du tar hand om alla m\u00e4nniskor p\u00e5 den h\u00e4r jordklumpen<br \/>\nTack Gud f\u00f6r att du tar hand om alla d\u00f6da<br \/>\nTack Gud f\u00f6r att du tar hand om mina kusiner<br \/>\nTack Gud f\u00f6r att du skyddar oss mot monster och sp\u00f6ken<br \/>\nTack Gud f\u00f6r att du vet vad klockan \u00e4r<br \/>\nTack Gud f\u00f6r att du tar hand om min familj<br \/>\nAmen<\/p>\n<p>Det h\u00e4r s\u00e4tter ig\u00e5ng mina tankar. B\u00f6n kan vara sv\u00e5rt ibland. Man letar efter passande ord, f\u00f6rs\u00f6ker komma i r\u00e4tt st\u00e4mning, och s\u00e5 \u00e4r det ju det h\u00e4r med att s\u00e4ga saker h\u00f6gt till n\u00e5gon som man inte ser. Det \u00e4r inte konstigt att l\u00e4rjungarna i s\u00f6ndagens evangelium fr\u00e5gar Jesus om hur man ber.<\/p>\n<p>Jesus svarar lite ov\u00e4ntat i det som idag \u00e4r b\u00f6nen \u201dV\u00e5r fader\u201d. Han inleder b\u00f6nen med det enkla tilltalet \u201dpappa\u201d, ger l\u00e4rjungarna checklistan \u201d\u00e4lskar dig, tack, f\u00f6rl\u00e5t, hj\u00e4lp\u201d och f\u00f6rklarar att Gud \u00e4r som en god f\u00f6r\u00e4lder, \u00e4ven om vi barn \u00e4r lite tjatiga.<\/p>\n<p>Jag inser att det mitt barn l\u00e4rt sig \u00e4r en g\u00e5va. En g\u00e5va som h\u00e4nger ihop med det Jesus l\u00e4rde ut till sina l\u00e4rjungar. En g\u00e5va l\u00e4rjungarna l\u00e4rde vidare hela v\u00e4gen till mitt barn en regnig oktoberkv\u00e4ll, via mig, mina f\u00f6r\u00e4ldrar och min mormor. En g\u00e5va som till och med ett barn med lite \u00f6vning klarar av, och som ger mening och kraft i m\u00f6rker och ljus.<\/p>\n<p>Du kanske ocks\u00e5 har n\u00e5gon som l\u00e4rt dig \u201dGud som haver\u201d eller n\u00e5gon annan b\u00f6n? En f\u00f6r\u00e4lder eller sl\u00e4kting, n\u00e5gon inom kyrkan eller kanske en v\u00e4n? Passa p\u00e5 att tacka Gud f\u00f6r den personen.<\/p>\n<p>\u00c5ter till nattningen. Jag torkar diskret bort en t\u00e5r, svarar med ett amen och fr\u00e5gar om han kommit p\u00e5 b\u00f6nen sj\u00e4lv. Han svarar sj\u00e4lvs\u00e4kert \u201dja, jag kan ju redan Gud som haver.&#8221; Han l\u00e4gger till: &#8221;Men nu ska jag sova. God natt pappa\u201d. Jag svarar god natt och l\u00e4mnar rummet med insikten om att mitt barn l\u00e4rt mig n\u00e5got nytt om b\u00f6n, och tackar Gud med min sons ord:<br \/>\n&#8221;Tack Gud f\u00f6r att du tar hand om min familj&#8221;.<br \/>\nAmen<\/p>\n","protected":false},"excerpt":{"rendered":"<p>Det \u00e4r en regnig oktoberkv\u00e4ll och redan \u00e4r det m\u00f6rkt ute. Tid att natta min fyra\u00e5ringa son, med allt vad det inneb\u00e4r. Dags att g\u00f6ra checklistan: -borsta t\u00e4nder: check -inspektera under s\u00e4ngen efter monster: (tomt) check -l\u00e4sa i boken: check -sjunga \u201dLet it go\u201d (varje kv\u00e4ll de senaste tv\u00e5 och ett halvt \u00e5ren\u2026): dubbel-check -be [&hellip;]<\/p>\n","protected":false},"author":670,"featured_media":1703,"comment_status":"open","ping_status":"open","sticky":false,"template":"","format":"standard","meta":{"_acf_changed":false,"footnotes":""},"categories":[136192],"tags":[159854,142457],"class_list":["post-1700","post","type-post","status-publish","format-standard","has-post-thumbnail","hentry","category-bonsondagen","tag-andreas-sundstrom","tag-tankarinforhelgen"],"acf":[],"yoast_head":"<!-- This site is optimized with the Yoast SEO plugin v27.1.1 - https:\/\/yoast.com\/product\/yoast-seo-wordpress\/ -->\n<title>Vem l\u00e4rde dig att be? - Tankar inf\u00f6r helgen<\/title>\n<meta name=\"robots\" content=\"index, follow, max-snippet:-1, max-image-preview:large, max-video-preview:-1\" \/>\n<link rel=\"canonical\" href=\"https:\/\/blogg.svenskakyrkan.se\/tankarinforhelgen\/2019\/05\/23\/vem-larde-dig-att-be\/\" \/>\n<meta property=\"og:locale\" content=\"sv_SE\" \/>\n<meta property=\"og:type\" content=\"article\" \/>\n<meta property=\"og:title\" content=\"Vem l\u00e4rde dig att be? - Tankar inf\u00f6r helgen\" \/>\n<meta property=\"og:description\" content=\"Det \u00e4r en regnig oktoberkv\u00e4ll och redan \u00e4r det m\u00f6rkt ute. Tid att natta min fyra\u00e5ringa son, med allt vad det inneb\u00e4r. Dags att g\u00f6ra checklistan: -borsta t\u00e4nder: check -inspektera under s\u00e4ngen efter monster: (tomt) check -l\u00e4sa i boken: check -sjunga \u201dLet it go\u201d (varje kv\u00e4ll de senaste tv\u00e5 och ett halvt \u00e5ren\u2026): dubbel-check -be [&hellip;]\" \/>\n<meta property=\"og:url\" content=\"https:\/\/blogg.svenskakyrkan.se\/tankarinforhelgen\/2019\/05\/23\/vem-larde-dig-att-be\/\" \/>\n<meta property=\"og:site_name\" content=\"Tankar inf\u00f6r helgen\" \/>\n<meta property=\"article:published_time\" content=\"2019-05-23T12:03:13+00:00\" \/>\n<meta property=\"article:modified_time\" content=\"2019-05-23T12:04:14+00:00\" \/>\n<meta name=\"author\" content=\"Redakt\u00f6r\" \/>\n<meta name=\"twitter:card\" content=\"summary_large_image\" \/>\n<meta name=\"twitter:label1\" content=\"Skriven av\" \/>\n\t<meta name=\"twitter:data1\" content=\"Redakt\u00f6r\" \/>\n\t<meta name=\"twitter:label2\" content=\"Ber\u00e4knad l\u00e4stid\" \/>\n\t<meta name=\"twitter:data2\" content=\"3 minuter\" \/>\n<script type=\"application\/ld+json\" class=\"yoast-schema-graph\">{\"@context\":\"https:\/\/schema.org\",\"@graph\":[{\"@type\":\"Article\",\"@id\":\"https:\/\/blogg.svenskakyrkan.se\/tankarinforhelgen\/2019\/05\/23\/vem-larde-dig-att-be\/#article\",\"isPartOf\":{\"@id\":\"https:\/\/blogg.svenskakyrkan.se\/tankarinforhelgen\/2019\/05\/23\/vem-larde-dig-att-be\/\"},\"author\":{\"name\":\"Redakt\u00f6r\",\"@id\":\"https:\/\/blogg.svenskakyrkan.se\/tankarinforhelgen\/#\/schema\/person\/45262a1ade6bf1a378b2bc2ea516a471\"},\"headline\":\"Vem l\u00e4rde dig att be?\",\"datePublished\":\"2019-05-23T12:03:13+00:00\",\"dateModified\":\"2019-05-23T12:04:14+00:00\",\"mainEntityOfPage\":{\"@id\":\"https:\/\/blogg.svenskakyrkan.se\/tankarinforhelgen\/2019\/05\/23\/vem-larde-dig-att-be\/\"},\"wordCount\":567,\"commentCount\":4,\"image\":{\"@id\":\"https:\/\/blogg.svenskakyrkan.se\/tankarinforhelgen\/2019\/05\/23\/vem-larde-dig-att-be\/#primaryimage\"},\"thumbnailUrl\":\"https:\/\/blogg.svenskakyrkan.se\/tankarinforhelgen\/files\/2019\/05\/61015414_2520241681348718_9098566695324221440_n-e1558612925801.jpg\",\"keywords\":[\"Andreas Sundstr\u00f6m\",\"TANKARINFORHELGEN\"],\"articleSection\":[\"B\u00f6ns\u00f6ndagen\"],\"inLanguage\":\"sv-SE\",\"potentialAction\":[{\"@type\":\"CommentAction\",\"name\":\"Comment\",\"target\":[\"https:\/\/blogg.svenskakyrkan.se\/tankarinforhelgen\/2019\/05\/23\/vem-larde-dig-att-be\/#respond\"]}]},{\"@type\":\"WebPage\",\"@id\":\"https:\/\/blogg.svenskakyrkan.se\/tankarinforhelgen\/2019\/05\/23\/vem-larde-dig-att-be\/\",\"url\":\"https:\/\/blogg.svenskakyrkan.se\/tankarinforhelgen\/2019\/05\/23\/vem-larde-dig-att-be\/\",\"name\":\"Vem l\u00e4rde dig att be? - Tankar inf\u00f6r helgen\",\"isPartOf\":{\"@id\":\"https:\/\/blogg.svenskakyrkan.se\/tankarinforhelgen\/#website\"},\"primaryImageOfPage\":{\"@id\":\"https:\/\/blogg.svenskakyrkan.se\/tankarinforhelgen\/2019\/05\/23\/vem-larde-dig-att-be\/#primaryimage\"},\"image\":{\"@id\":\"https:\/\/blogg.svenskakyrkan.se\/tankarinforhelgen\/2019\/05\/23\/vem-larde-dig-att-be\/#primaryimage\"},\"thumbnailUrl\":\"https:\/\/blogg.svenskakyrkan.se\/tankarinforhelgen\/files\/2019\/05\/61015414_2520241681348718_9098566695324221440_n-e1558612925801.jpg\",\"datePublished\":\"2019-05-23T12:03:13+00:00\",\"dateModified\":\"2019-05-23T12:04:14+00:00\",\"author\":{\"@id\":\"https:\/\/blogg.svenskakyrkan.se\/tankarinforhelgen\/#\/schema\/person\/45262a1ade6bf1a378b2bc2ea516a471\"},\"breadcrumb\":{\"@id\":\"https:\/\/blogg.svenskakyrkan.se\/tankarinforhelgen\/2019\/05\/23\/vem-larde-dig-att-be\/#breadcrumb\"},\"inLanguage\":\"sv-SE\",\"potentialAction\":[{\"@type\":\"ReadAction\",\"target\":[\"https:\/\/blogg.svenskakyrkan.se\/tankarinforhelgen\/2019\/05\/23\/vem-larde-dig-att-be\/\"]}]},{\"@type\":\"ImageObject\",\"inLanguage\":\"sv-SE\",\"@id\":\"https:\/\/blogg.svenskakyrkan.se\/tankarinforhelgen\/2019\/05\/23\/vem-larde-dig-att-be\/#primaryimage\",\"url\":\"https:\/\/blogg.svenskakyrkan.se\/tankarinforhelgen\/files\/2019\/05\/61015414_2520241681348718_9098566695324221440_n-e1558612925801.jpg\",\"contentUrl\":\"https:\/\/blogg.svenskakyrkan.se\/tankarinforhelgen\/files\/2019\/05\/61015414_2520241681348718_9098566695324221440_n-e1558612925801.jpg\",\"width\":4032,\"height\":3024},{\"@type\":\"BreadcrumbList\",\"@id\":\"https:\/\/blogg.svenskakyrkan.se\/tankarinforhelgen\/2019\/05\/23\/vem-larde-dig-att-be\/#breadcrumb\",\"itemListElement\":[{\"@type\":\"ListItem\",\"position\":1,\"name\":\"Hem\",\"item\":\"https:\/\/blogg.svenskakyrkan.se\/tankarinforhelgen\/\"},{\"@type\":\"ListItem\",\"position\":2,\"name\":\"Vem l\u00e4rde dig att be?\"}]},{\"@type\":\"WebSite\",\"@id\":\"https:\/\/blogg.svenskakyrkan.se\/tankarinforhelgen\/#website\",\"url\":\"https:\/\/blogg.svenskakyrkan.se\/tankarinforhelgen\/\",\"name\":\"Tankar inf\u00f6r helgen\",\"description\":\"Pr\u00e4ster funderar utifr\u00e5n kommande s\u00f6ndags texter\",\"potentialAction\":[{\"@type\":\"SearchAction\",\"target\":{\"@type\":\"EntryPoint\",\"urlTemplate\":\"https:\/\/blogg.svenskakyrkan.se\/tankarinforhelgen\/?s={search_term_string}\"},\"query-input\":{\"@type\":\"PropertyValueSpecification\",\"valueRequired\":true,\"valueName\":\"search_term_string\"}}],\"inLanguage\":\"sv-SE\"},{\"@type\":\"Person\",\"@id\":\"https:\/\/blogg.svenskakyrkan.se\/tankarinforhelgen\/#\/schema\/person\/45262a1ade6bf1a378b2bc2ea516a471\",\"name\":\"Redakt\u00f6r\",\"image\":{\"@type\":\"ImageObject\",\"inLanguage\":\"sv-SE\",\"@id\":\"https:\/\/blogg.svenskakyrkan.se\/tankarinforhelgen\/#\/schema\/person\/image\/\",\"url\":\"https:\/\/secure.gravatar.com\/avatar\/4c212d91dd43b8df8a6804f4890843cb55b8a4948a08d870700f9fb64c6c73c2?s=96&d=mm&r=g\",\"contentUrl\":\"https:\/\/secure.gravatar.com\/avatar\/4c212d91dd43b8df8a6804f4890843cb55b8a4948a08d870700f9fb64c6c73c2?s=96&d=mm&r=g\",\"caption\":\"Redakt\u00f6r\"},\"url\":\"https:\/\/blogg.svenskakyrkan.se\/tankarinforhelgen\/author\/annabarbier\/\"}]}<\/script>\n<!-- \/ Yoast SEO plugin. -->","yoast_head_json":{"title":"Vem l\u00e4rde dig att be? - Tankar inf\u00f6r helgen","robots":{"index":"index","follow":"follow","max-snippet":"max-snippet:-1","max-image-preview":"max-image-preview:large","max-video-preview":"max-video-preview:-1"},"canonical":"https:\/\/blogg.svenskakyrkan.se\/tankarinforhelgen\/2019\/05\/23\/vem-larde-dig-att-be\/","og_locale":"sv_SE","og_type":"article","og_title":"Vem l\u00e4rde dig att be? - Tankar inf\u00f6r helgen","og_description":"Det \u00e4r en regnig oktoberkv\u00e4ll och redan \u00e4r det m\u00f6rkt ute. Tid att natta min fyra\u00e5ringa son, med allt vad det inneb\u00e4r. Dags att g\u00f6ra checklistan: -borsta t\u00e4nder: check -inspektera under s\u00e4ngen efter monster: (tomt) check -l\u00e4sa i boken: check -sjunga \u201dLet it go\u201d (varje kv\u00e4ll de senaste tv\u00e5 och ett halvt \u00e5ren\u2026): dubbel-check -be [&hellip;]","og_url":"https:\/\/blogg.svenskakyrkan.se\/tankarinforhelgen\/2019\/05\/23\/vem-larde-dig-att-be\/","og_site_name":"Tankar inf\u00f6r helgen","article_published_time":"2019-05-23T12:03:13+00:00","article_modified_time":"2019-05-23T12:04:14+00:00","author":"Redakt\u00f6r","twitter_card":"summary_large_image","twitter_misc":{"Skriven av":"Redakt\u00f6r","Ber\u00e4knad l\u00e4stid":"3 minuter"},"schema":{"@context":"https:\/\/schema.org","@graph":[{"@type":"Article","@id":"https:\/\/blogg.svenskakyrkan.se\/tankarinforhelgen\/2019\/05\/23\/vem-larde-dig-att-be\/#article","isPartOf":{"@id":"https:\/\/blogg.svenskakyrkan.se\/tankarinforhelgen\/2019\/05\/23\/vem-larde-dig-att-be\/"},"author":{"name":"Redakt\u00f6r","@id":"https:\/\/blogg.svenskakyrkan.se\/tankarinforhelgen\/#\/schema\/person\/45262a1ade6bf1a378b2bc2ea516a471"},"headline":"Vem l\u00e4rde dig att be?","datePublished":"2019-05-23T12:03:13+00:00","dateModified":"2019-05-23T12:04:14+00:00","mainEntityOfPage":{"@id":"https:\/\/blogg.svenskakyrkan.se\/tankarinforhelgen\/2019\/05\/23\/vem-larde-dig-att-be\/"},"wordCount":567,"commentCount":4,"image":{"@id":"https:\/\/blogg.svenskakyrkan.se\/tankarinforhelgen\/2019\/05\/23\/vem-larde-dig-att-be\/#primaryimage"},"thumbnailUrl":"https:\/\/blogg.svenskakyrkan.se\/tankarinforhelgen\/files\/2019\/05\/61015414_2520241681348718_9098566695324221440_n-e1558612925801.jpg","keywords":["Andreas Sundstr\u00f6m","TANKARINFORHELGEN"],"articleSection":["B\u00f6ns\u00f6ndagen"],"inLanguage":"sv-SE","potentialAction":[{"@type":"CommentAction","name":"Comment","target":["https:\/\/blogg.svenskakyrkan.se\/tankarinforhelgen\/2019\/05\/23\/vem-larde-dig-att-be\/#respond"]}]},{"@type":"WebPage","@id":"https:\/\/blogg.svenskakyrkan.se\/tankarinforhelgen\/2019\/05\/23\/vem-larde-dig-att-be\/","url":"https:\/\/blogg.svenskakyrkan.se\/tankarinforhelgen\/2019\/05\/23\/vem-larde-dig-att-be\/","name":"Vem l\u00e4rde dig att be? - Tankar inf\u00f6r helgen","isPartOf":{"@id":"https:\/\/blogg.svenskakyrkan.se\/tankarinforhelgen\/#website"},"primaryImageOfPage":{"@id":"https:\/\/blogg.svenskakyrkan.se\/tankarinforhelgen\/2019\/05\/23\/vem-larde-dig-att-be\/#primaryimage"},"image":{"@id":"https:\/\/blogg.svenskakyrkan.se\/tankarinforhelgen\/2019\/05\/23\/vem-larde-dig-att-be\/#primaryimage"},"thumbnailUrl":"https:\/\/blogg.svenskakyrkan.se\/tankarinforhelgen\/files\/2019\/05\/61015414_2520241681348718_9098566695324221440_n-e1558612925801.jpg","datePublished":"2019-05-23T12:03:13+00:00","dateModified":"2019-05-23T12:04:14+00:00","author":{"@id":"https:\/\/blogg.svenskakyrkan.se\/tankarinforhelgen\/#\/schema\/person\/45262a1ade6bf1a378b2bc2ea516a471"},"breadcrumb":{"@id":"https:\/\/blogg.svenskakyrkan.se\/tankarinforhelgen\/2019\/05\/23\/vem-larde-dig-att-be\/#breadcrumb"},"inLanguage":"sv-SE","potentialAction":[{"@type":"ReadAction","target":["https:\/\/blogg.svenskakyrkan.se\/tankarinforhelgen\/2019\/05\/23\/vem-larde-dig-att-be\/"]}]},{"@type":"ImageObject","inLanguage":"sv-SE","@id":"https:\/\/blogg.svenskakyrkan.se\/tankarinforhelgen\/2019\/05\/23\/vem-larde-dig-att-be\/#primaryimage","url":"https:\/\/blogg.svenskakyrkan.se\/tankarinforhelgen\/files\/2019\/05\/61015414_2520241681348718_9098566695324221440_n-e1558612925801.jpg","contentUrl":"https:\/\/blogg.svenskakyrkan.se\/tankarinforhelgen\/files\/2019\/05\/61015414_2520241681348718_9098566695324221440_n-e1558612925801.jpg","width":4032,"height":3024},{"@type":"BreadcrumbList","@id":"https:\/\/blogg.svenskakyrkan.se\/tankarinforhelgen\/2019\/05\/23\/vem-larde-dig-att-be\/#breadcrumb","itemListElement":[{"@type":"ListItem","position":1,"name":"Hem","item":"https:\/\/blogg.svenskakyrkan.se\/tankarinforhelgen\/"},{"@type":"ListItem","position":2,"name":"Vem l\u00e4rde dig att be?"}]},{"@type":"WebSite","@id":"https:\/\/blogg.svenskakyrkan.se\/tankarinforhelgen\/#website","url":"https:\/\/blogg.svenskakyrkan.se\/tankarinforhelgen\/","name":"Tankar inf\u00f6r helgen","description":"Pr\u00e4ster funderar utifr\u00e5n kommande s\u00f6ndags texter","potentialAction":[{"@type":"SearchAction","target":{"@type":"EntryPoint","urlTemplate":"https:\/\/blogg.svenskakyrkan.se\/tankarinforhelgen\/?s={search_term_string}"},"query-input":{"@type":"PropertyValueSpecification","valueRequired":true,"valueName":"search_term_string"}}],"inLanguage":"sv-SE"},{"@type":"Person","@id":"https:\/\/blogg.svenskakyrkan.se\/tankarinforhelgen\/#\/schema\/person\/45262a1ade6bf1a378b2bc2ea516a471","name":"Redakt\u00f6r","image":{"@type":"ImageObject","inLanguage":"sv-SE","@id":"https:\/\/blogg.svenskakyrkan.se\/tankarinforhelgen\/#\/schema\/person\/image\/","url":"https:\/\/secure.gravatar.com\/avatar\/4c212d91dd43b8df8a6804f4890843cb55b8a4948a08d870700f9fb64c6c73c2?s=96&d=mm&r=g","contentUrl":"https:\/\/secure.gravatar.com\/avatar\/4c212d91dd43b8df8a6804f4890843cb55b8a4948a08d870700f9fb64c6c73c2?s=96&d=mm&r=g","caption":"Redakt\u00f6r"},"url":"https:\/\/blogg.svenskakyrkan.se\/tankarinforhelgen\/author\/annabarbier\/"}]}},"author_meta":{"ID":"670","user_nicename":"annabarbier","user_registered":"2018-03-04 09:17:03","display_name":"Redakt\u00f6r","avatar":"https:\/\/secure.gravatar.com\/avatar\/4c212d91dd43b8df8a6804f4890843cb55b8a4948a08d870700f9fb64c6c73c2?s=96&d=mm&r=g"},"featured_image":["https:\/\/blogg.svenskakyrkan.se\/tankarinforhelgen\/files\/2019\/05\/61015414_2520241681348718_9098566695324221440_n-e1558612925801-1024x768.jpg",1024,768,true],"bloginfo":{"name":"Tankar inf\u00f6r helgen","url":"https:\/\/blogg.svenskakyrkan.se\/tankarinforhelgen"},"_links":{"self":[{"href":"https:\/\/blogg.svenskakyrkan.se\/tankarinforhelgen\/wp-json\/wp\/v2\/posts\/1700","targetHints":{"allow":["GET"]}}],"collection":[{"href":"https:\/\/blogg.svenskakyrkan.se\/tankarinforhelgen\/wp-json\/wp\/v2\/posts"}],"about":[{"href":"https:\/\/blogg.svenskakyrkan.se\/tankarinforhelgen\/wp-json\/wp\/v2\/types\/post"}],"author":[{"embeddable":true,"href":"https:\/\/blogg.svenskakyrkan.se\/tankarinforhelgen\/wp-json\/wp\/v2\/users\/670"}],"replies":[{"embeddable":true,"href":"https:\/\/blogg.svenskakyrkan.se\/tankarinforhelgen\/wp-json\/wp\/v2\/comments?post=1700"}],"version-history":[{"count":2,"href":"https:\/\/blogg.svenskakyrkan.se\/tankarinforhelgen\/wp-json\/wp\/v2\/posts\/1700\/revisions"}],"predecessor-version":[{"id":1704,"href":"https:\/\/blogg.svenskakyrkan.se\/tankarinforhelgen\/wp-json\/wp\/v2\/posts\/1700\/revisions\/1704"}],"wp:featuredmedia":[{"embeddable":true,"href":"https:\/\/blogg.svenskakyrkan.se\/tankarinforhelgen\/wp-json\/wp\/v2\/media\/1703"}],"wp:attachment":[{"href":"https:\/\/blogg.svenskakyrkan.se\/tankarinforhelgen\/wp-json\/wp\/v2\/media?parent=1700"}],"wp:term":[{"taxonomy":"category","embeddable":true,"href":"https:\/\/blogg.svenskakyrkan.se\/tankarinforhelgen\/wp-json\/wp\/v2\/categories?post=1700"},{"taxonomy":"post_tag","embeddable":true,"href":"https:\/\/blogg.svenskakyrkan.se\/tankarinforhelgen\/wp-json\/wp\/v2\/tags?post=1700"}],"curies":[{"name":"wp","href":"https:\/\/api.w.org\/{rel}","templated":true}]}}