{"id":1702,"date":"2019-05-28T12:25:42","date_gmt":"2019-05-28T10:25:42","guid":{"rendered":"http:\/\/blogg.svenskakyrkan.se\/tankarinforhelgen\/?p=1702"},"modified":"2019-05-29T09:13:56","modified_gmt":"2019-05-29T07:13:56","slug":"saker-att-tanka-pa","status":"publish","type":"post","link":"https:\/\/blogg.svenskakyrkan.se\/tankarinforhelgen\/2019\/05\/28\/saker-att-tanka-pa\/","title":{"rendered":"Saker att t\u00e4nka p\u00e5 vid en panikinbromsning"},"content":{"rendered":"<p>-Det var h\u00e4r det h\u00e4nde, i den h\u00e4r backen! s\u00e4ger jag ivrigt till min sexton\u00e5ring, medan jag man\u00f6vrerar v\u00e5r gamla Berlingo upp f\u00f6r en av Uppsalas m\u00e5nga backar.<br \/>\n-Mmm. Hon ser inte upp fr\u00e5n mobilen.<br \/>\n-Det var h\u00e4r jag k\u00f6rde bil f\u00f6r f\u00f6rsta g\u00e5ngen sj\u00e4lv. Minns det som ig\u00e5r. Jag trippelkollade att jag hade s\u00e4kerhetsb\u00e4ltet p\u00e5, k\u00f6rde max tjugo, gr\u00e4t hela tiden.<br \/>\n-Mmmm.<\/p>\n<p>Det \u00e4r ett minne som sitter bergh\u00e5rt. Jag var tjugosju. F\u00f6rsta g\u00e5ngen sj\u00e4lv i en bil. Den lilla rosa plastbiten som sade att jag fick. Ingen k\u00f6rskoll\u00e4rare, ingen som satt bredvid med goda r\u00e5d. Bara jag och en miljoners miljarders h\u00e4stkrafter. Ansvaret, det ohanterliga ansvaret, att det var jag och ingen annan som k\u00f6rde den h\u00e4r bilen.<\/p>\n<p>En bil sv\u00e4nger hastigt in framf\u00f6r Berlingon, s\u00e5 snabbt att det om\u00f6jliga sker, sexton\u00e5ringen tappar mobiltelefonen. Min fot p\u00e5 bromsen, min h\u00f6gerhand far ut framf\u00f6r henne. Tv\u00e5 sekunder senare \u00e4r allt lugnt, ingen skada skedd. Ingen krock.<\/p>\n<p>-F\u00f6rl\u00e5t, stammar jag till min dotter och inser att jag ber om urs\u00e4kt, inte f\u00f6r att jag st\u00e4llde mig p\u00e5 bromsen, inte ens f\u00f6r att hon tappade sin telefon, utan f\u00f6r att min arm for fram f\u00f6r att skydda henne.<\/p>\n<p>Ny minnesbild: min mamma k\u00f6r mig i familjens Saab, jag \u00e4r femton. En hastig inbromsning vid ett snabbt p\u00e5kommet r\u00f6dljus, hennes hand far ut p\u00e5 samma s\u00e4tt, instinktivt, f\u00f6r att skydda mig.<\/p>\n<p>Och jag blev s\u00e5 arg. S\u00e5 o\u00e4ndligt, r\u00e4ttf\u00e4rdigt, heligt arg som bara en femton\u00e5ring kan vara. Varje andetag ilsket, varje cell i min kropp irriterad. Hur kunde hon g\u00f6ra s\u00e5? Trodde hon att jag var en bebis som beh\u00f6vde min mammas skydd? Hade hon inte m\u00e4rkt att jag n\u00e4stan var vuxen?<\/p>\n<p>Min mamma f\u00f6rklarade t\u00e5lmodigt att det var en skyddsreflex, som hon inte kunde hejda. Att hon hade gjort s\u00e5 vem som \u00e4n suttit bredvid. Att hon \u00e4nd\u00e5 skulle g\u00f6ra vad som helst f\u00f6r att skydda mig, alltid och p\u00e5 alla s\u00e4tt. Min vrede gick inte \u00f6ver.<\/p>\n<p>Men f\u00f6rsta g\u00e5ngen jag k\u00f6rde bil sj\u00e4lv, d\u00e5 hade jag g\u00e4rna velat ha med min mamma och hennes skyddande arm. D\u00e5 var jag livr\u00e4dd vid en f\u00e4rd som gick i \u00f6verljudshastigheten tjugotv\u00e5 kilometer i timmen. Men d\u00e5 hade jag inte det, man \u00e4r ensam n\u00e4r man k\u00f6r bil sj\u00e4lv.<\/p>\n<p>Jag stammar som sagt en omotiverad urs\u00e4kt till ton\u00e5ringen, som mest vill forts\u00e4tta det avbrutna chattsamtalet med kompisarna, och t\u00e4nker p\u00e5 hur jag fr\u00e5gade min mamma om det d\u00e4r n\u00e4r jag flyttade hemifr\u00e5n &#8211; var det jobbigt att inte kunna skydda sina vuxna barn? Ville man inte sitta d\u00e4r med sin arm ute och r\u00e4dda dem, ta emot dem n\u00e4r man panikbromsar? Och hur min mamma klockrent svarade &#8221;Jo, men det \u00e4r ju bra, d\u00e5, att det finns s\u00e4kerhetsb\u00e4lten.&#8221;<\/p>\n<p>S\u00e5 h\u00e4r sitter jag nu, vid ett r\u00f6dljus igen, och upplever alla \u00e5ldrar p\u00e5 samma g\u00e5ng. Ton\u00e5ringen som inte ville bli skyddad. Den nya k\u00f6rkortsinnehavaren som ville det. Och mamman som f\u00f6rs\u00f6ker skydda n\u00e4sta generation. Och hela tiden inf\u00f6r samma sanning: Vi kan egentligen inte garantera n\u00e5gons s\u00e4kerhet, hur mycket vi \u00e4n \u00e4lskar den personen. Det enda vi kan g\u00f6ra \u00e4r att l\u00e4ra varandra att anv\u00e4nda s\u00e4kerhetsb\u00e4lten och att skicka ut varandra att \u00f6vningsk\u00f6ra.<\/p>\n<p>Gud, tack f\u00f6r att vi f\u00e5r lita p\u00e5 dig n\u00e4r vi panikbromsar. Tack f\u00f6r b\u00e4lten, k\u00e4rlek och din n\u00e5d. Amen.<\/p>\n","protected":false},"excerpt":{"rendered":"<p>-Det var h\u00e4r det h\u00e4nde, i den h\u00e4r backen! s\u00e4ger jag ivrigt till min sexton\u00e5ring, medan jag man\u00f6vrerar v\u00e5r gamla Berlingo upp f\u00f6r en av Uppsalas m\u00e5nga backar. -Mmm. Hon ser inte upp fr\u00e5n mobilen. -Det var h\u00e4r jag k\u00f6rde bil f\u00f6r f\u00f6rsta g\u00e5ngen sj\u00e4lv. Minns det som ig\u00e5r. Jag trippelkollade att jag hade s\u00e4kerhetsb\u00e4ltet [&hellip;]<\/p>\n","protected":false},"author":569,"featured_media":1712,"comment_status":"open","ping_status":"open","sticky":false,"template":"","format":"standard","meta":{"_acf_changed":false,"footnotes":""},"categories":[135974],"tags":[142062,142457],"class_list":["post-1702","post","type-post","status-publish","format-standard","has-post-thumbnail","hentry","category-kristi-himmelsfards-dag","tag-charlotte-frycklund","tag-tankarinforhelgen"],"acf":[],"yoast_head":"<!-- This site is optimized with the Yoast SEO plugin v27.1.1 - https:\/\/yoast.com\/product\/yoast-seo-wordpress\/ -->\n<title>Saker att t\u00e4nka p\u00e5 vid en panikinbromsning - Tankar inf\u00f6r helgen<\/title>\n<meta name=\"robots\" content=\"index, follow, max-snippet:-1, max-image-preview:large, max-video-preview:-1\" \/>\n<link rel=\"canonical\" href=\"https:\/\/blogg.svenskakyrkan.se\/tankarinforhelgen\/2019\/05\/28\/saker-att-tanka-pa\/\" \/>\n<meta property=\"og:locale\" content=\"sv_SE\" \/>\n<meta property=\"og:type\" content=\"article\" \/>\n<meta property=\"og:title\" content=\"Saker att t\u00e4nka p\u00e5 vid en panikinbromsning - Tankar inf\u00f6r helgen\" \/>\n<meta property=\"og:description\" content=\"-Det var h\u00e4r det h\u00e4nde, i den h\u00e4r backen! s\u00e4ger jag ivrigt till min sexton\u00e5ring, medan jag man\u00f6vrerar v\u00e5r gamla Berlingo upp f\u00f6r en av Uppsalas m\u00e5nga backar. -Mmm. Hon ser inte upp fr\u00e5n mobilen. -Det var h\u00e4r jag k\u00f6rde bil f\u00f6r f\u00f6rsta g\u00e5ngen sj\u00e4lv. Minns det som ig\u00e5r. Jag trippelkollade att jag hade s\u00e4kerhetsb\u00e4ltet [&hellip;]\" \/>\n<meta property=\"og:url\" content=\"https:\/\/blogg.svenskakyrkan.se\/tankarinforhelgen\/2019\/05\/28\/saker-att-tanka-pa\/\" \/>\n<meta property=\"og:site_name\" content=\"Tankar inf\u00f6r helgen\" \/>\n<meta property=\"article:published_time\" content=\"2019-05-28T10:25:42+00:00\" \/>\n<meta property=\"article:modified_time\" content=\"2019-05-29T07:13:56+00:00\" \/>\n<meta name=\"author\" content=\"Charlotte Frycklund, pr\u00e4st\" \/>\n<meta name=\"twitter:card\" content=\"summary_large_image\" \/>\n<meta name=\"twitter:label1\" content=\"Skriven av\" \/>\n\t<meta name=\"twitter:data1\" content=\"Charlotte Frycklund, pr\u00e4st\" \/>\n\t<meta name=\"twitter:label2\" content=\"Ber\u00e4knad l\u00e4stid\" \/>\n\t<meta name=\"twitter:data2\" content=\"3 minuter\" \/>\n<script type=\"application\/ld+json\" class=\"yoast-schema-graph\">{\"@context\":\"https:\/\/schema.org\",\"@graph\":[{\"@type\":\"Article\",\"@id\":\"https:\/\/blogg.svenskakyrkan.se\/tankarinforhelgen\/2019\/05\/28\/saker-att-tanka-pa\/#article\",\"isPartOf\":{\"@id\":\"https:\/\/blogg.svenskakyrkan.se\/tankarinforhelgen\/2019\/05\/28\/saker-att-tanka-pa\/\"},\"author\":{\"name\":\"Charlotte Frycklund, pr\u00e4st\",\"@id\":\"https:\/\/blogg.svenskakyrkan.se\/tankarinforhelgen\/#\/schema\/person\/595d75da5bf93cf9ca814c398b63ed6d\"},\"headline\":\"Saker att t\u00e4nka p\u00e5 vid en panikinbromsning\",\"datePublished\":\"2019-05-28T10:25:42+00:00\",\"dateModified\":\"2019-05-29T07:13:56+00:00\",\"mainEntityOfPage\":{\"@id\":\"https:\/\/blogg.svenskakyrkan.se\/tankarinforhelgen\/2019\/05\/28\/saker-att-tanka-pa\/\"},\"wordCount\":666,\"commentCount\":1,\"image\":{\"@id\":\"https:\/\/blogg.svenskakyrkan.se\/tankarinforhelgen\/2019\/05\/28\/saker-att-tanka-pa\/#primaryimage\"},\"thumbnailUrl\":\"https:\/\/blogg.svenskakyrkan.se\/tankarinforhelgen\/files\/2019\/05\/nallar.jpg\",\"keywords\":[\"Charlotte Frycklund\",\"TANKARINFORHELGEN\"],\"articleSection\":[\"Kristi himmelsf\u00e4rds dag\"],\"inLanguage\":\"sv-SE\",\"potentialAction\":[{\"@type\":\"CommentAction\",\"name\":\"Comment\",\"target\":[\"https:\/\/blogg.svenskakyrkan.se\/tankarinforhelgen\/2019\/05\/28\/saker-att-tanka-pa\/#respond\"]}]},{\"@type\":\"WebPage\",\"@id\":\"https:\/\/blogg.svenskakyrkan.se\/tankarinforhelgen\/2019\/05\/28\/saker-att-tanka-pa\/\",\"url\":\"https:\/\/blogg.svenskakyrkan.se\/tankarinforhelgen\/2019\/05\/28\/saker-att-tanka-pa\/\",\"name\":\"Saker att t\u00e4nka p\u00e5 vid en panikinbromsning - Tankar inf\u00f6r helgen\",\"isPartOf\":{\"@id\":\"https:\/\/blogg.svenskakyrkan.se\/tankarinforhelgen\/#website\"},\"primaryImageOfPage\":{\"@id\":\"https:\/\/blogg.svenskakyrkan.se\/tankarinforhelgen\/2019\/05\/28\/saker-att-tanka-pa\/#primaryimage\"},\"image\":{\"@id\":\"https:\/\/blogg.svenskakyrkan.se\/tankarinforhelgen\/2019\/05\/28\/saker-att-tanka-pa\/#primaryimage\"},\"thumbnailUrl\":\"https:\/\/blogg.svenskakyrkan.se\/tankarinforhelgen\/files\/2019\/05\/nallar.jpg\",\"datePublished\":\"2019-05-28T10:25:42+00:00\",\"dateModified\":\"2019-05-29T07:13:56+00:00\",\"author\":{\"@id\":\"https:\/\/blogg.svenskakyrkan.se\/tankarinforhelgen\/#\/schema\/person\/595d75da5bf93cf9ca814c398b63ed6d\"},\"breadcrumb\":{\"@id\":\"https:\/\/blogg.svenskakyrkan.se\/tankarinforhelgen\/2019\/05\/28\/saker-att-tanka-pa\/#breadcrumb\"},\"inLanguage\":\"sv-SE\",\"potentialAction\":[{\"@type\":\"ReadAction\",\"target\":[\"https:\/\/blogg.svenskakyrkan.se\/tankarinforhelgen\/2019\/05\/28\/saker-att-tanka-pa\/\"]}]},{\"@type\":\"ImageObject\",\"inLanguage\":\"sv-SE\",\"@id\":\"https:\/\/blogg.svenskakyrkan.se\/tankarinforhelgen\/2019\/05\/28\/saker-att-tanka-pa\/#primaryimage\",\"url\":\"https:\/\/blogg.svenskakyrkan.se\/tankarinforhelgen\/files\/2019\/05\/nallar.jpg\",\"contentUrl\":\"https:\/\/blogg.svenskakyrkan.se\/tankarinforhelgen\/files\/2019\/05\/nallar.jpg\",\"width\":850,\"height\":679},{\"@type\":\"BreadcrumbList\",\"@id\":\"https:\/\/blogg.svenskakyrkan.se\/tankarinforhelgen\/2019\/05\/28\/saker-att-tanka-pa\/#breadcrumb\",\"itemListElement\":[{\"@type\":\"ListItem\",\"position\":1,\"name\":\"Hem\",\"item\":\"https:\/\/blogg.svenskakyrkan.se\/tankarinforhelgen\/\"},{\"@type\":\"ListItem\",\"position\":2,\"name\":\"Saker att t\u00e4nka p\u00e5 vid en panikinbromsning\"}]},{\"@type\":\"WebSite\",\"@id\":\"https:\/\/blogg.svenskakyrkan.se\/tankarinforhelgen\/#website\",\"url\":\"https:\/\/blogg.svenskakyrkan.se\/tankarinforhelgen\/\",\"name\":\"Tankar inf\u00f6r helgen\",\"description\":\"Pr\u00e4ster funderar utifr\u00e5n kommande s\u00f6ndags texter\",\"potentialAction\":[{\"@type\":\"SearchAction\",\"target\":{\"@type\":\"EntryPoint\",\"urlTemplate\":\"https:\/\/blogg.svenskakyrkan.se\/tankarinforhelgen\/?s={search_term_string}\"},\"query-input\":{\"@type\":\"PropertyValueSpecification\",\"valueRequired\":true,\"valueName\":\"search_term_string\"}}],\"inLanguage\":\"sv-SE\"},{\"@type\":\"Person\",\"@id\":\"https:\/\/blogg.svenskakyrkan.se\/tankarinforhelgen\/#\/schema\/person\/595d75da5bf93cf9ca814c398b63ed6d\",\"name\":\"Charlotte Frycklund, pr\u00e4st\",\"image\":{\"@type\":\"ImageObject\",\"inLanguage\":\"sv-SE\",\"@id\":\"https:\/\/blogg.svenskakyrkan.se\/tankarinforhelgen\/#\/schema\/person\/image\/\",\"url\":\"https:\/\/secure.gravatar.com\/avatar\/10f37b82bf44def60f716a446302420cc1eb214cca306b573a488614ab47ee87?s=96&d=mm&r=g\",\"contentUrl\":\"https:\/\/secure.gravatar.com\/avatar\/10f37b82bf44def60f716a446302420cc1eb214cca306b573a488614ab47ee87?s=96&d=mm&r=g\",\"caption\":\"Charlotte Frycklund, pr\u00e4st\"},\"url\":\"https:\/\/blogg.svenskakyrkan.se\/tankarinforhelgen\/author\/charlottefrycklund\/\"}]}<\/script>\n<!-- \/ Yoast SEO plugin. -->","yoast_head_json":{"title":"Saker att t\u00e4nka p\u00e5 vid en panikinbromsning - Tankar inf\u00f6r helgen","robots":{"index":"index","follow":"follow","max-snippet":"max-snippet:-1","max-image-preview":"max-image-preview:large","max-video-preview":"max-video-preview:-1"},"canonical":"https:\/\/blogg.svenskakyrkan.se\/tankarinforhelgen\/2019\/05\/28\/saker-att-tanka-pa\/","og_locale":"sv_SE","og_type":"article","og_title":"Saker att t\u00e4nka p\u00e5 vid en panikinbromsning - Tankar inf\u00f6r helgen","og_description":"-Det var h\u00e4r det h\u00e4nde, i den h\u00e4r backen! s\u00e4ger jag ivrigt till min sexton\u00e5ring, medan jag man\u00f6vrerar v\u00e5r gamla Berlingo upp f\u00f6r en av Uppsalas m\u00e5nga backar. -Mmm. Hon ser inte upp fr\u00e5n mobilen. -Det var h\u00e4r jag k\u00f6rde bil f\u00f6r f\u00f6rsta g\u00e5ngen sj\u00e4lv. Minns det som ig\u00e5r. Jag trippelkollade att jag hade s\u00e4kerhetsb\u00e4ltet [&hellip;]","og_url":"https:\/\/blogg.svenskakyrkan.se\/tankarinforhelgen\/2019\/05\/28\/saker-att-tanka-pa\/","og_site_name":"Tankar inf\u00f6r helgen","article_published_time":"2019-05-28T10:25:42+00:00","article_modified_time":"2019-05-29T07:13:56+00:00","author":"Charlotte Frycklund, pr\u00e4st","twitter_card":"summary_large_image","twitter_misc":{"Skriven av":"Charlotte Frycklund, pr\u00e4st","Ber\u00e4knad l\u00e4stid":"3 minuter"},"schema":{"@context":"https:\/\/schema.org","@graph":[{"@type":"Article","@id":"https:\/\/blogg.svenskakyrkan.se\/tankarinforhelgen\/2019\/05\/28\/saker-att-tanka-pa\/#article","isPartOf":{"@id":"https:\/\/blogg.svenskakyrkan.se\/tankarinforhelgen\/2019\/05\/28\/saker-att-tanka-pa\/"},"author":{"name":"Charlotte Frycklund, pr\u00e4st","@id":"https:\/\/blogg.svenskakyrkan.se\/tankarinforhelgen\/#\/schema\/person\/595d75da5bf93cf9ca814c398b63ed6d"},"headline":"Saker att t\u00e4nka p\u00e5 vid en panikinbromsning","datePublished":"2019-05-28T10:25:42+00:00","dateModified":"2019-05-29T07:13:56+00:00","mainEntityOfPage":{"@id":"https:\/\/blogg.svenskakyrkan.se\/tankarinforhelgen\/2019\/05\/28\/saker-att-tanka-pa\/"},"wordCount":666,"commentCount":1,"image":{"@id":"https:\/\/blogg.svenskakyrkan.se\/tankarinforhelgen\/2019\/05\/28\/saker-att-tanka-pa\/#primaryimage"},"thumbnailUrl":"https:\/\/blogg.svenskakyrkan.se\/tankarinforhelgen\/files\/2019\/05\/nallar.jpg","keywords":["Charlotte Frycklund","TANKARINFORHELGEN"],"articleSection":["Kristi himmelsf\u00e4rds dag"],"inLanguage":"sv-SE","potentialAction":[{"@type":"CommentAction","name":"Comment","target":["https:\/\/blogg.svenskakyrkan.se\/tankarinforhelgen\/2019\/05\/28\/saker-att-tanka-pa\/#respond"]}]},{"@type":"WebPage","@id":"https:\/\/blogg.svenskakyrkan.se\/tankarinforhelgen\/2019\/05\/28\/saker-att-tanka-pa\/","url":"https:\/\/blogg.svenskakyrkan.se\/tankarinforhelgen\/2019\/05\/28\/saker-att-tanka-pa\/","name":"Saker att t\u00e4nka p\u00e5 vid en panikinbromsning - Tankar inf\u00f6r helgen","isPartOf":{"@id":"https:\/\/blogg.svenskakyrkan.se\/tankarinforhelgen\/#website"},"primaryImageOfPage":{"@id":"https:\/\/blogg.svenskakyrkan.se\/tankarinforhelgen\/2019\/05\/28\/saker-att-tanka-pa\/#primaryimage"},"image":{"@id":"https:\/\/blogg.svenskakyrkan.se\/tankarinforhelgen\/2019\/05\/28\/saker-att-tanka-pa\/#primaryimage"},"thumbnailUrl":"https:\/\/blogg.svenskakyrkan.se\/tankarinforhelgen\/files\/2019\/05\/nallar.jpg","datePublished":"2019-05-28T10:25:42+00:00","dateModified":"2019-05-29T07:13:56+00:00","author":{"@id":"https:\/\/blogg.svenskakyrkan.se\/tankarinforhelgen\/#\/schema\/person\/595d75da5bf93cf9ca814c398b63ed6d"},"breadcrumb":{"@id":"https:\/\/blogg.svenskakyrkan.se\/tankarinforhelgen\/2019\/05\/28\/saker-att-tanka-pa\/#breadcrumb"},"inLanguage":"sv-SE","potentialAction":[{"@type":"ReadAction","target":["https:\/\/blogg.svenskakyrkan.se\/tankarinforhelgen\/2019\/05\/28\/saker-att-tanka-pa\/"]}]},{"@type":"ImageObject","inLanguage":"sv-SE","@id":"https:\/\/blogg.svenskakyrkan.se\/tankarinforhelgen\/2019\/05\/28\/saker-att-tanka-pa\/#primaryimage","url":"https:\/\/blogg.svenskakyrkan.se\/tankarinforhelgen\/files\/2019\/05\/nallar.jpg","contentUrl":"https:\/\/blogg.svenskakyrkan.se\/tankarinforhelgen\/files\/2019\/05\/nallar.jpg","width":850,"height":679},{"@type":"BreadcrumbList","@id":"https:\/\/blogg.svenskakyrkan.se\/tankarinforhelgen\/2019\/05\/28\/saker-att-tanka-pa\/#breadcrumb","itemListElement":[{"@type":"ListItem","position":1,"name":"Hem","item":"https:\/\/blogg.svenskakyrkan.se\/tankarinforhelgen\/"},{"@type":"ListItem","position":2,"name":"Saker att t\u00e4nka p\u00e5 vid en panikinbromsning"}]},{"@type":"WebSite","@id":"https:\/\/blogg.svenskakyrkan.se\/tankarinforhelgen\/#website","url":"https:\/\/blogg.svenskakyrkan.se\/tankarinforhelgen\/","name":"Tankar inf\u00f6r helgen","description":"Pr\u00e4ster funderar utifr\u00e5n kommande s\u00f6ndags texter","potentialAction":[{"@type":"SearchAction","target":{"@type":"EntryPoint","urlTemplate":"https:\/\/blogg.svenskakyrkan.se\/tankarinforhelgen\/?s={search_term_string}"},"query-input":{"@type":"PropertyValueSpecification","valueRequired":true,"valueName":"search_term_string"}}],"inLanguage":"sv-SE"},{"@type":"Person","@id":"https:\/\/blogg.svenskakyrkan.se\/tankarinforhelgen\/#\/schema\/person\/595d75da5bf93cf9ca814c398b63ed6d","name":"Charlotte Frycklund, pr\u00e4st","image":{"@type":"ImageObject","inLanguage":"sv-SE","@id":"https:\/\/blogg.svenskakyrkan.se\/tankarinforhelgen\/#\/schema\/person\/image\/","url":"https:\/\/secure.gravatar.com\/avatar\/10f37b82bf44def60f716a446302420cc1eb214cca306b573a488614ab47ee87?s=96&d=mm&r=g","contentUrl":"https:\/\/secure.gravatar.com\/avatar\/10f37b82bf44def60f716a446302420cc1eb214cca306b573a488614ab47ee87?s=96&d=mm&r=g","caption":"Charlotte Frycklund, pr\u00e4st"},"url":"https:\/\/blogg.svenskakyrkan.se\/tankarinforhelgen\/author\/charlottefrycklund\/"}]}},"author_meta":{"ID":"569","user_nicename":"charlottefrycklund","user_registered":"2016-05-24 11:46:19","display_name":"Charlotte Frycklund, pr\u00e4st","first_name":"Charlotte","last_name":"Frycklund, pr\u00e4st","avatar":"https:\/\/secure.gravatar.com\/avatar\/10f37b82bf44def60f716a446302420cc1eb214cca306b573a488614ab47ee87?s=96&d=mm&r=g"},"featured_image":["https:\/\/blogg.svenskakyrkan.se\/tankarinforhelgen\/files\/2019\/05\/nallar.jpg",850,679,false],"bloginfo":{"name":"Tankar inf\u00f6r helgen","url":"https:\/\/blogg.svenskakyrkan.se\/tankarinforhelgen"},"_links":{"self":[{"href":"https:\/\/blogg.svenskakyrkan.se\/tankarinforhelgen\/wp-json\/wp\/v2\/posts\/1702","targetHints":{"allow":["GET"]}}],"collection":[{"href":"https:\/\/blogg.svenskakyrkan.se\/tankarinforhelgen\/wp-json\/wp\/v2\/posts"}],"about":[{"href":"https:\/\/blogg.svenskakyrkan.se\/tankarinforhelgen\/wp-json\/wp\/v2\/types\/post"}],"author":[{"embeddable":true,"href":"https:\/\/blogg.svenskakyrkan.se\/tankarinforhelgen\/wp-json\/wp\/v2\/users\/569"}],"replies":[{"embeddable":true,"href":"https:\/\/blogg.svenskakyrkan.se\/tankarinforhelgen\/wp-json\/wp\/v2\/comments?post=1702"}],"version-history":[{"count":5,"href":"https:\/\/blogg.svenskakyrkan.se\/tankarinforhelgen\/wp-json\/wp\/v2\/posts\/1702\/revisions"}],"predecessor-version":[{"id":1714,"href":"https:\/\/blogg.svenskakyrkan.se\/tankarinforhelgen\/wp-json\/wp\/v2\/posts\/1702\/revisions\/1714"}],"wp:featuredmedia":[{"embeddable":true,"href":"https:\/\/blogg.svenskakyrkan.se\/tankarinforhelgen\/wp-json\/wp\/v2\/media\/1712"}],"wp:attachment":[{"href":"https:\/\/blogg.svenskakyrkan.se\/tankarinforhelgen\/wp-json\/wp\/v2\/media?parent=1702"}],"wp:term":[{"taxonomy":"category","embeddable":true,"href":"https:\/\/blogg.svenskakyrkan.se\/tankarinforhelgen\/wp-json\/wp\/v2\/categories?post=1702"},{"taxonomy":"post_tag","embeddable":true,"href":"https:\/\/blogg.svenskakyrkan.se\/tankarinforhelgen\/wp-json\/wp\/v2\/tags?post=1702"}],"curies":[{"name":"wp","href":"https:\/\/api.w.org\/{rel}","templated":true}]}}