{"id":1730,"date":"2019-06-27T11:29:16","date_gmt":"2019-06-27T09:29:16","guid":{"rendered":"http:\/\/blogg.svenskakyrkan.se\/tankarinforhelgen\/?p=1730"},"modified":"2019-06-27T11:29:49","modified_gmt":"2019-06-27T09:29:49","slug":"telefonforsaljarna-och-jesus","status":"publish","type":"post","link":"https:\/\/blogg.svenskakyrkan.se\/tankarinforhelgen\/2019\/06\/27\/telefonforsaljarna-och-jesus\/","title":{"rendered":"Telefonf\u00f6rs\u00e4ljarna och Jesus"},"content":{"rendered":"<p>Telefonf\u00f6rs\u00e4ljare har alltid br\u00e5ttom. De kan ha v\u00e4ldigt olika varor eller tj\u00e4nster att s\u00e4lja men de har det gemensamt att det alltid ska g\u00e5 fort. Du m\u00e5ste best\u00e4mma dig nu, medan vi talar. Du hinner inte stanna upp och fundera, f\u00f6r skulle du g\u00f6ra det kanske du skulle uppt\u00e4cka de dolda hakarna med erbjudandet.<\/p>\n<p>S\u00e5 h\u00e4r st\u00e5r det om Jesus i Johannesevangeliet i Bibeln: <em>N\u00e4sta dag stod Johannes d\u00e4r igen med tv\u00e5 av sina l\u00e4rjungar. N\u00e4r Jesus kom g\u00e5ende s\u00e5g Johannes p\u00e5 honom och sade \u201dD\u00e4r \u00e4r Guds lamm.\u201d De b\u00e5da l\u00e4rjungarna h\u00f6rde vad han sade och f\u00f6ljde efter Jesus. Jesus v\u00e4nde sig om, och d\u00e5 han s\u00e5g att de f\u00f6ljde honom fr\u00e5gade han vad de ville. De svarade: \u201dRabbi (det betyder m\u00e4stare), var bor du?\u201d Han sade: \u201dF\u00f6lj med och se.\u201d<\/em><\/p>\n<p>Jesus brukar inte sk\u00f6nm\u00e5la hur det \u00e4r att f\u00f6lja honom. Han n\u00e4mnde vilka p\u00e5frestningar det kunde inneb\u00e4ra att vara l\u00e4rjunge till honom. En del l\u00e4rjungar l\u00e4mnade honom ocks\u00e5, och han gjorde inget f\u00f6r att hindra dem. Jesus vill att vi f\u00f6ljer honom men han vill att vi ska g\u00f6ra det av egen vilja och veta vad vi gett oss in p\u00e5. Men samtidigt betyder ju \u201df\u00f6lj med och se\u201d att man f\u00e5r b\u00f6rja p\u00e5 en g\u00e5ng. Vi f\u00e5r testa att leva efter det s\u00e4tt som Jesus visar p\u00e5. Framf\u00f6rallt f\u00e5r vi leva tillsammans med honom och v\u00e4nda oss till honom i b\u00f6n med allt vi m\u00f6ter i livet. Jesus v\u00e5gar visst lita p\u00e5 att om vi bara f\u00e5tt b\u00f6rja ska vi nog ocks\u00e5 vilja forts\u00e4tta, f\u00f6r att den som hittar honom hittar en skatt.<\/p>\n<p>Lite l\u00e4ngre ner i texten har \u00e4ven Filippos blivit kallad att f\u00f6lja Jesus, han tr\u00e4ffar sin v\u00e4n Natanael och bjuder med honom ocks\u00e5. <em>Han sade: \u201dVi har funnit honom som det st\u00e5r om i Moses lag och hos profeterna, Jesus, Josefs son, fr\u00e5n Nasaret.\u201d Natanael sade: \u201dKan det komma n\u00e5got gott fr\u00e5n Nasaret?\u201d Filippos svarade: \u201dF\u00f6lj med och se!\u201d\u201d Jag tycker det \u00e4r ett sk\u00f6nt svar. Man m\u00e5ste inte ha svar p\u00e5 allt f\u00f6r att bjuda med n\u00e5gon att f\u00f6lja Jesus. Det r\u00e4cker att man hittat n\u00e5got man tror kan vara gott.<\/em><\/p>\n<p>En fransiskanerbroder ber\u00e4ttade en g\u00e5ng om hur man g\u00f6r f\u00f6r att bli munk. Han sade: \u201dSekter och s\u00e5na vill till varje pris att man ska g\u00e5 med genast, men ska man bli broder s\u00e5 tar det l\u00e5ng tid. Man m\u00e5ste verkligen f\u00f6rst\u00e5 vad man ger sig in p\u00e5 innan man f\u00e5r avge sina munkl\u00f6ften.\u201d Kanske \u00e4r det s\u00e5 f\u00f6r oss ocks\u00e5? Vi f\u00e5r f\u00f6lja med och se, kanske rent av l\u00e4nge, men sedan f\u00e5r vi ocks\u00e5 best\u00e4mma oss. Menar jag allvar med detta med tron? Hur ska jag i s\u00e5 fall leva mitt liv? M\u00e4rkligt nog \u00e4r svaret d\u00e5 fortfarande: F\u00f6lj med och se!<\/p>\n<p>Tomas Jarvid<\/p>\n","protected":false},"excerpt":{"rendered":"<p>Telefonf\u00f6rs\u00e4ljare har alltid br\u00e5ttom. De kan ha v\u00e4ldigt olika varor eller tj\u00e4nster att s\u00e4lja men de har det gemensamt att det alltid ska g\u00e5 fort. Du m\u00e5ste best\u00e4mma dig nu, medan vi talar. Du hinner inte stanna upp och fundera, f\u00f6r skulle du g\u00f6ra det kanske du skulle uppt\u00e4cka de dolda hakarna med erbjudandet. S\u00e5 [&hellip;]<\/p>\n","protected":false},"author":458,"featured_media":1733,"comment_status":"open","ping_status":"open","sticky":false,"template":"","format":"standard","meta":{"_acf_changed":false,"footnotes":""},"categories":[134620],"tags":[142457,159865],"class_list":["post-1730","post","type-post","status-publish","format-standard","has-post-thumbnail","hentry","category-2a-sondagen-efter-trefaldighet","tag-tankarinforhelgen","tag-tomas-jarvid"],"acf":[],"yoast_head":"<!-- This site is optimized with the Yoast SEO plugin v27.1.1 - https:\/\/yoast.com\/product\/yoast-seo-wordpress\/ -->\n<title>Telefonf\u00f6rs\u00e4ljarna och Jesus - Tankar inf\u00f6r helgen<\/title>\n<meta name=\"robots\" content=\"index, follow, max-snippet:-1, max-image-preview:large, max-video-preview:-1\" \/>\n<link rel=\"canonical\" href=\"https:\/\/blogg.svenskakyrkan.se\/tankarinforhelgen\/2019\/06\/27\/telefonforsaljarna-och-jesus\/\" \/>\n<meta property=\"og:locale\" content=\"sv_SE\" \/>\n<meta property=\"og:type\" content=\"article\" \/>\n<meta property=\"og:title\" content=\"Telefonf\u00f6rs\u00e4ljarna och Jesus - Tankar inf\u00f6r helgen\" \/>\n<meta property=\"og:description\" content=\"Telefonf\u00f6rs\u00e4ljare har alltid br\u00e5ttom. De kan ha v\u00e4ldigt olika varor eller tj\u00e4nster att s\u00e4lja men de har det gemensamt att det alltid ska g\u00e5 fort. Du m\u00e5ste best\u00e4mma dig nu, medan vi talar. Du hinner inte stanna upp och fundera, f\u00f6r skulle du g\u00f6ra det kanske du skulle uppt\u00e4cka de dolda hakarna med erbjudandet. S\u00e5 [&hellip;]\" \/>\n<meta property=\"og:url\" content=\"https:\/\/blogg.svenskakyrkan.se\/tankarinforhelgen\/2019\/06\/27\/telefonforsaljarna-och-jesus\/\" \/>\n<meta property=\"og:site_name\" content=\"Tankar inf\u00f6r helgen\" \/>\n<meta property=\"article:published_time\" content=\"2019-06-27T09:29:16+00:00\" \/>\n<meta property=\"article:modified_time\" content=\"2019-06-27T09:29:49+00:00\" \/>\n<meta name=\"author\" content=\"Magdalena Wernefeldt\" \/>\n<meta name=\"twitter:card\" content=\"summary_large_image\" \/>\n<meta name=\"twitter:label1\" content=\"Skriven av\" \/>\n\t<meta name=\"twitter:data1\" content=\"Magdalena Wernefeldt\" \/>\n\t<meta name=\"twitter:label2\" content=\"Ber\u00e4knad l\u00e4stid\" \/>\n\t<meta name=\"twitter:data2\" content=\"3 minuter\" \/>\n<script type=\"application\/ld+json\" class=\"yoast-schema-graph\">{\"@context\":\"https:\/\/schema.org\",\"@graph\":[{\"@type\":\"Article\",\"@id\":\"https:\/\/blogg.svenskakyrkan.se\/tankarinforhelgen\/2019\/06\/27\/telefonforsaljarna-och-jesus\/#article\",\"isPartOf\":{\"@id\":\"https:\/\/blogg.svenskakyrkan.se\/tankarinforhelgen\/2019\/06\/27\/telefonforsaljarna-och-jesus\/\"},\"author\":{\"name\":\"Magdalena Wernefeldt\",\"@id\":\"https:\/\/blogg.svenskakyrkan.se\/tankarinforhelgen\/#\/schema\/person\/c19e8a124f507336a7f712f3b02d924b\"},\"headline\":\"Telefonf\u00f6rs\u00e4ljarna och Jesus\",\"datePublished\":\"2019-06-27T09:29:16+00:00\",\"dateModified\":\"2019-06-27T09:29:49+00:00\",\"mainEntityOfPage\":{\"@id\":\"https:\/\/blogg.svenskakyrkan.se\/tankarinforhelgen\/2019\/06\/27\/telefonforsaljarna-och-jesus\/\"},\"wordCount\":561,\"commentCount\":5,\"image\":{\"@id\":\"https:\/\/blogg.svenskakyrkan.se\/tankarinforhelgen\/2019\/06\/27\/telefonforsaljarna-och-jesus\/#primaryimage\"},\"thumbnailUrl\":\"https:\/\/blogg.svenskakyrkan.se\/tankarinforhelgen\/files\/2019\/06\/telefonkanin.jpg\",\"keywords\":[\"TANKARINFORHELGEN\",\"Tomas Jarvid\"],\"articleSection\":[\"2:a s\u00f6ndagen efter trefaldighet\"],\"inLanguage\":\"sv-SE\",\"potentialAction\":[{\"@type\":\"CommentAction\",\"name\":\"Comment\",\"target\":[\"https:\/\/blogg.svenskakyrkan.se\/tankarinforhelgen\/2019\/06\/27\/telefonforsaljarna-och-jesus\/#respond\"]}]},{\"@type\":\"WebPage\",\"@id\":\"https:\/\/blogg.svenskakyrkan.se\/tankarinforhelgen\/2019\/06\/27\/telefonforsaljarna-och-jesus\/\",\"url\":\"https:\/\/blogg.svenskakyrkan.se\/tankarinforhelgen\/2019\/06\/27\/telefonforsaljarna-och-jesus\/\",\"name\":\"Telefonf\u00f6rs\u00e4ljarna och Jesus - Tankar inf\u00f6r helgen\",\"isPartOf\":{\"@id\":\"https:\/\/blogg.svenskakyrkan.se\/tankarinforhelgen\/#website\"},\"primaryImageOfPage\":{\"@id\":\"https:\/\/blogg.svenskakyrkan.se\/tankarinforhelgen\/2019\/06\/27\/telefonforsaljarna-och-jesus\/#primaryimage\"},\"image\":{\"@id\":\"https:\/\/blogg.svenskakyrkan.se\/tankarinforhelgen\/2019\/06\/27\/telefonforsaljarna-och-jesus\/#primaryimage\"},\"thumbnailUrl\":\"https:\/\/blogg.svenskakyrkan.se\/tankarinforhelgen\/files\/2019\/06\/telefonkanin.jpg\",\"datePublished\":\"2019-06-27T09:29:16+00:00\",\"dateModified\":\"2019-06-27T09:29:49+00:00\",\"author\":{\"@id\":\"https:\/\/blogg.svenskakyrkan.se\/tankarinforhelgen\/#\/schema\/person\/c19e8a124f507336a7f712f3b02d924b\"},\"breadcrumb\":{\"@id\":\"https:\/\/blogg.svenskakyrkan.se\/tankarinforhelgen\/2019\/06\/27\/telefonforsaljarna-och-jesus\/#breadcrumb\"},\"inLanguage\":\"sv-SE\",\"potentialAction\":[{\"@type\":\"ReadAction\",\"target\":[\"https:\/\/blogg.svenskakyrkan.se\/tankarinforhelgen\/2019\/06\/27\/telefonforsaljarna-och-jesus\/\"]}]},{\"@type\":\"ImageObject\",\"inLanguage\":\"sv-SE\",\"@id\":\"https:\/\/blogg.svenskakyrkan.se\/tankarinforhelgen\/2019\/06\/27\/telefonforsaljarna-och-jesus\/#primaryimage\",\"url\":\"https:\/\/blogg.svenskakyrkan.se\/tankarinforhelgen\/files\/2019\/06\/telefonkanin.jpg\",\"contentUrl\":\"https:\/\/blogg.svenskakyrkan.se\/tankarinforhelgen\/files\/2019\/06\/telefonkanin.jpg\",\"width\":1350,\"height\":900},{\"@type\":\"BreadcrumbList\",\"@id\":\"https:\/\/blogg.svenskakyrkan.se\/tankarinforhelgen\/2019\/06\/27\/telefonforsaljarna-och-jesus\/#breadcrumb\",\"itemListElement\":[{\"@type\":\"ListItem\",\"position\":1,\"name\":\"Hem\",\"item\":\"https:\/\/blogg.svenskakyrkan.se\/tankarinforhelgen\/\"},{\"@type\":\"ListItem\",\"position\":2,\"name\":\"Telefonf\u00f6rs\u00e4ljarna och Jesus\"}]},{\"@type\":\"WebSite\",\"@id\":\"https:\/\/blogg.svenskakyrkan.se\/tankarinforhelgen\/#website\",\"url\":\"https:\/\/blogg.svenskakyrkan.se\/tankarinforhelgen\/\",\"name\":\"Tankar inf\u00f6r helgen\",\"description\":\"Pr\u00e4ster funderar utifr\u00e5n kommande s\u00f6ndags texter\",\"potentialAction\":[{\"@type\":\"SearchAction\",\"target\":{\"@type\":\"EntryPoint\",\"urlTemplate\":\"https:\/\/blogg.svenskakyrkan.se\/tankarinforhelgen\/?s={search_term_string}\"},\"query-input\":{\"@type\":\"PropertyValueSpecification\",\"valueRequired\":true,\"valueName\":\"search_term_string\"}}],\"inLanguage\":\"sv-SE\"},{\"@type\":\"Person\",\"@id\":\"https:\/\/blogg.svenskakyrkan.se\/tankarinforhelgen\/#\/schema\/person\/c19e8a124f507336a7f712f3b02d924b\",\"name\":\"Magdalena Wernefeldt\",\"image\":{\"@type\":\"ImageObject\",\"inLanguage\":\"sv-SE\",\"@id\":\"https:\/\/blogg.svenskakyrkan.se\/tankarinforhelgen\/#\/schema\/person\/image\/\",\"url\":\"https:\/\/secure.gravatar.com\/avatar\/23dab26aed51bdfcff5c1559ea1a5d339f00dac73f3d56d1d8b724c1d9074328?s=96&d=mm&r=g\",\"contentUrl\":\"https:\/\/secure.gravatar.com\/avatar\/23dab26aed51bdfcff5c1559ea1a5d339f00dac73f3d56d1d8b724c1d9074328?s=96&d=mm&r=g\",\"caption\":\"Magdalena Wernefeldt\"},\"url\":\"https:\/\/blogg.svenskakyrkan.se\/tankarinforhelgen\/author\/svkmwt\/\"}]}<\/script>\n<!-- \/ Yoast SEO plugin. -->","yoast_head_json":{"title":"Telefonf\u00f6rs\u00e4ljarna och Jesus - Tankar inf\u00f6r helgen","robots":{"index":"index","follow":"follow","max-snippet":"max-snippet:-1","max-image-preview":"max-image-preview:large","max-video-preview":"max-video-preview:-1"},"canonical":"https:\/\/blogg.svenskakyrkan.se\/tankarinforhelgen\/2019\/06\/27\/telefonforsaljarna-och-jesus\/","og_locale":"sv_SE","og_type":"article","og_title":"Telefonf\u00f6rs\u00e4ljarna och Jesus - Tankar inf\u00f6r helgen","og_description":"Telefonf\u00f6rs\u00e4ljare har alltid br\u00e5ttom. De kan ha v\u00e4ldigt olika varor eller tj\u00e4nster att s\u00e4lja men de har det gemensamt att det alltid ska g\u00e5 fort. Du m\u00e5ste best\u00e4mma dig nu, medan vi talar. Du hinner inte stanna upp och fundera, f\u00f6r skulle du g\u00f6ra det kanske du skulle uppt\u00e4cka de dolda hakarna med erbjudandet. S\u00e5 [&hellip;]","og_url":"https:\/\/blogg.svenskakyrkan.se\/tankarinforhelgen\/2019\/06\/27\/telefonforsaljarna-och-jesus\/","og_site_name":"Tankar inf\u00f6r helgen","article_published_time":"2019-06-27T09:29:16+00:00","article_modified_time":"2019-06-27T09:29:49+00:00","author":"Magdalena Wernefeldt","twitter_card":"summary_large_image","twitter_misc":{"Skriven av":"Magdalena Wernefeldt","Ber\u00e4knad l\u00e4stid":"3 minuter"},"schema":{"@context":"https:\/\/schema.org","@graph":[{"@type":"Article","@id":"https:\/\/blogg.svenskakyrkan.se\/tankarinforhelgen\/2019\/06\/27\/telefonforsaljarna-och-jesus\/#article","isPartOf":{"@id":"https:\/\/blogg.svenskakyrkan.se\/tankarinforhelgen\/2019\/06\/27\/telefonforsaljarna-och-jesus\/"},"author":{"name":"Magdalena Wernefeldt","@id":"https:\/\/blogg.svenskakyrkan.se\/tankarinforhelgen\/#\/schema\/person\/c19e8a124f507336a7f712f3b02d924b"},"headline":"Telefonf\u00f6rs\u00e4ljarna och Jesus","datePublished":"2019-06-27T09:29:16+00:00","dateModified":"2019-06-27T09:29:49+00:00","mainEntityOfPage":{"@id":"https:\/\/blogg.svenskakyrkan.se\/tankarinforhelgen\/2019\/06\/27\/telefonforsaljarna-och-jesus\/"},"wordCount":561,"commentCount":5,"image":{"@id":"https:\/\/blogg.svenskakyrkan.se\/tankarinforhelgen\/2019\/06\/27\/telefonforsaljarna-och-jesus\/#primaryimage"},"thumbnailUrl":"https:\/\/blogg.svenskakyrkan.se\/tankarinforhelgen\/files\/2019\/06\/telefonkanin.jpg","keywords":["TANKARINFORHELGEN","Tomas Jarvid"],"articleSection":["2:a s\u00f6ndagen efter trefaldighet"],"inLanguage":"sv-SE","potentialAction":[{"@type":"CommentAction","name":"Comment","target":["https:\/\/blogg.svenskakyrkan.se\/tankarinforhelgen\/2019\/06\/27\/telefonforsaljarna-och-jesus\/#respond"]}]},{"@type":"WebPage","@id":"https:\/\/blogg.svenskakyrkan.se\/tankarinforhelgen\/2019\/06\/27\/telefonforsaljarna-och-jesus\/","url":"https:\/\/blogg.svenskakyrkan.se\/tankarinforhelgen\/2019\/06\/27\/telefonforsaljarna-och-jesus\/","name":"Telefonf\u00f6rs\u00e4ljarna och Jesus - Tankar inf\u00f6r helgen","isPartOf":{"@id":"https:\/\/blogg.svenskakyrkan.se\/tankarinforhelgen\/#website"},"primaryImageOfPage":{"@id":"https:\/\/blogg.svenskakyrkan.se\/tankarinforhelgen\/2019\/06\/27\/telefonforsaljarna-och-jesus\/#primaryimage"},"image":{"@id":"https:\/\/blogg.svenskakyrkan.se\/tankarinforhelgen\/2019\/06\/27\/telefonforsaljarna-och-jesus\/#primaryimage"},"thumbnailUrl":"https:\/\/blogg.svenskakyrkan.se\/tankarinforhelgen\/files\/2019\/06\/telefonkanin.jpg","datePublished":"2019-06-27T09:29:16+00:00","dateModified":"2019-06-27T09:29:49+00:00","author":{"@id":"https:\/\/blogg.svenskakyrkan.se\/tankarinforhelgen\/#\/schema\/person\/c19e8a124f507336a7f712f3b02d924b"},"breadcrumb":{"@id":"https:\/\/blogg.svenskakyrkan.se\/tankarinforhelgen\/2019\/06\/27\/telefonforsaljarna-och-jesus\/#breadcrumb"},"inLanguage":"sv-SE","potentialAction":[{"@type":"ReadAction","target":["https:\/\/blogg.svenskakyrkan.se\/tankarinforhelgen\/2019\/06\/27\/telefonforsaljarna-och-jesus\/"]}]},{"@type":"ImageObject","inLanguage":"sv-SE","@id":"https:\/\/blogg.svenskakyrkan.se\/tankarinforhelgen\/2019\/06\/27\/telefonforsaljarna-och-jesus\/#primaryimage","url":"https:\/\/blogg.svenskakyrkan.se\/tankarinforhelgen\/files\/2019\/06\/telefonkanin.jpg","contentUrl":"https:\/\/blogg.svenskakyrkan.se\/tankarinforhelgen\/files\/2019\/06\/telefonkanin.jpg","width":1350,"height":900},{"@type":"BreadcrumbList","@id":"https:\/\/blogg.svenskakyrkan.se\/tankarinforhelgen\/2019\/06\/27\/telefonforsaljarna-och-jesus\/#breadcrumb","itemListElement":[{"@type":"ListItem","position":1,"name":"Hem","item":"https:\/\/blogg.svenskakyrkan.se\/tankarinforhelgen\/"},{"@type":"ListItem","position":2,"name":"Telefonf\u00f6rs\u00e4ljarna och Jesus"}]},{"@type":"WebSite","@id":"https:\/\/blogg.svenskakyrkan.se\/tankarinforhelgen\/#website","url":"https:\/\/blogg.svenskakyrkan.se\/tankarinforhelgen\/","name":"Tankar inf\u00f6r helgen","description":"Pr\u00e4ster funderar utifr\u00e5n kommande s\u00f6ndags texter","potentialAction":[{"@type":"SearchAction","target":{"@type":"EntryPoint","urlTemplate":"https:\/\/blogg.svenskakyrkan.se\/tankarinforhelgen\/?s={search_term_string}"},"query-input":{"@type":"PropertyValueSpecification","valueRequired":true,"valueName":"search_term_string"}}],"inLanguage":"sv-SE"},{"@type":"Person","@id":"https:\/\/blogg.svenskakyrkan.se\/tankarinforhelgen\/#\/schema\/person\/c19e8a124f507336a7f712f3b02d924b","name":"Magdalena Wernefeldt","image":{"@type":"ImageObject","inLanguage":"sv-SE","@id":"https:\/\/blogg.svenskakyrkan.se\/tankarinforhelgen\/#\/schema\/person\/image\/","url":"https:\/\/secure.gravatar.com\/avatar\/23dab26aed51bdfcff5c1559ea1a5d339f00dac73f3d56d1d8b724c1d9074328?s=96&d=mm&r=g","contentUrl":"https:\/\/secure.gravatar.com\/avatar\/23dab26aed51bdfcff5c1559ea1a5d339f00dac73f3d56d1d8b724c1d9074328?s=96&d=mm&r=g","caption":"Magdalena Wernefeldt"},"url":"https:\/\/blogg.svenskakyrkan.se\/tankarinforhelgen\/author\/svkmwt\/"}]}},"author_meta":{"ID":"458","user_nicename":"svkmwt","user_registered":"2014-10-14 11:18:34","display_name":"Magdalena Wernefeldt","first_name":"Magdalena","last_name":"Wernefeldt","avatar":"https:\/\/secure.gravatar.com\/avatar\/23dab26aed51bdfcff5c1559ea1a5d339f00dac73f3d56d1d8b724c1d9074328?s=96&d=mm&r=g"},"featured_image":["https:\/\/blogg.svenskakyrkan.se\/tankarinforhelgen\/files\/2019\/06\/telefonkanin-1024x683.jpg",1024,683,true],"bloginfo":{"name":"Tankar inf\u00f6r helgen","url":"https:\/\/blogg.svenskakyrkan.se\/tankarinforhelgen"},"_links":{"self":[{"href":"https:\/\/blogg.svenskakyrkan.se\/tankarinforhelgen\/wp-json\/wp\/v2\/posts\/1730","targetHints":{"allow":["GET"]}}],"collection":[{"href":"https:\/\/blogg.svenskakyrkan.se\/tankarinforhelgen\/wp-json\/wp\/v2\/posts"}],"about":[{"href":"https:\/\/blogg.svenskakyrkan.se\/tankarinforhelgen\/wp-json\/wp\/v2\/types\/post"}],"author":[{"embeddable":true,"href":"https:\/\/blogg.svenskakyrkan.se\/tankarinforhelgen\/wp-json\/wp\/v2\/users\/458"}],"replies":[{"embeddable":true,"href":"https:\/\/blogg.svenskakyrkan.se\/tankarinforhelgen\/wp-json\/wp\/v2\/comments?post=1730"}],"version-history":[{"count":3,"href":"https:\/\/blogg.svenskakyrkan.se\/tankarinforhelgen\/wp-json\/wp\/v2\/posts\/1730\/revisions"}],"predecessor-version":[{"id":1735,"href":"https:\/\/blogg.svenskakyrkan.se\/tankarinforhelgen\/wp-json\/wp\/v2\/posts\/1730\/revisions\/1735"}],"wp:featuredmedia":[{"embeddable":true,"href":"https:\/\/blogg.svenskakyrkan.se\/tankarinforhelgen\/wp-json\/wp\/v2\/media\/1733"}],"wp:attachment":[{"href":"https:\/\/blogg.svenskakyrkan.se\/tankarinforhelgen\/wp-json\/wp\/v2\/media?parent=1730"}],"wp:term":[{"taxonomy":"category","embeddable":true,"href":"https:\/\/blogg.svenskakyrkan.se\/tankarinforhelgen\/wp-json\/wp\/v2\/categories?post=1730"},{"taxonomy":"post_tag","embeddable":true,"href":"https:\/\/blogg.svenskakyrkan.se\/tankarinforhelgen\/wp-json\/wp\/v2\/tags?post=1730"}],"curies":[{"name":"wp","href":"https:\/\/api.w.org\/{rel}","templated":true}]}}