{"id":1732,"date":"2019-07-03T11:28:07","date_gmt":"2019-07-03T09:28:07","guid":{"rendered":"http:\/\/blogg.svenskakyrkan.se\/tankarinforhelgen\/?p=1732"},"modified":"2019-10-27T19:45:49","modified_gmt":"2019-10-27T18:45:49","slug":"sagan-om-ringen","status":"publish","type":"post","link":"https:\/\/blogg.svenskakyrkan.se\/tankarinforhelgen\/2019\/07\/03\/sagan-om-ringen\/","title":{"rendered":"Sagan om ringen"},"content":{"rendered":"<p>Nej! Ringen satt inte p\u00e5 hennes finger! F\u00f6rtvivlat rafsade Karin igenom handv\u00e4skan, som om ringen hade kunnat trilla av fingret och hamna d\u00e4r. Det hade den naturligtvis inte. Hon gick tillbaka in p\u00e5 caf\u00e9et d\u00e4r hon just suttit, letade runt bordet, fr\u00e5gade i kassan, bad andra kunder om urs\u00e4kt n\u00e4r hon kr\u00f6p in under stolar och bord. Sj\u00e4lvklart ingen ring.<\/p>\n<p>En ring \u00e4r ett litet f\u00f6rem\u00e5l, symboliserar det stora och viktiga, men \u00e4r liten som fysiskt objekt. Den h\u00e4r ringen hade hon \u00e4rvt av sin farmor, hennes vigselring faktiskt. Det stod &#8221;Tage 8 maj 1948&#8221; i den. En liten, liten diamant och slitet guld. Karin \u00e4lskade ringen, den var snygg &#8211; men den var ocks\u00e5 tryggheten hos farmor, k\u00e4nslan av hennes och farmors gemenskap och en p\u00e5minnelse om att det \u00e4r m\u00f6jligt att \u00e4lska n\u00e5gon tills d\u00f6den skiljer en \u00e5t.<\/p>\n<p>Farmor och farfar hade varit gifta i \u00f6ver femtio \u00e5r. Karin hade f\u00f6rst\u00e5tt att alla de \u00e5ren inte varit l\u00e4tta, farmor hade ber\u00e4ttat att skilsm\u00e4ssan hade h\u00e4ngt i luften n\u00e5gra g\u00e5nger n\u00e4r Karins pappa var liten. Men \u00e4ktenskapet hade \u00e5terh\u00e4mtat sig (vi hittade tillbaka till varann, som farmor sade) och de hade g\u00e5tt vidare tillsammans, starkare och n\u00e4rmare varandra.<\/p>\n<p>Och nu var ringen borta. Det k\u00e4ndes som att alla kopplingar bak\u00e5t var borta. Som att alla minnen, alla associationer, all k\u00e4rlek fr\u00e5n farmor skulle f\u00f6rsvinna f\u00f6r gott.<\/p>\n<p>Tv\u00e5 timmar senare gick hon d\u00e4rifr\u00e5n, ringl\u00f6s. En ring \u00e4r bara en sak. Det \u00e4r inte som att f\u00f6rlora farmor en g\u00e5ng till. Men det k\u00e4ndes s\u00e5. Det gjorde ont i Karin, det sm\u00e4rtade pl\u00e5gsamt tomt p\u00e5 fingret.<\/p>\n<p>Veckorna gick. Och ja, f\u00f6rem\u00e5l \u00e4r bara f\u00f6rem\u00e5l. Men det g\u00f6r \u00e4nd\u00e5 ont att f\u00f6rlora dem.<\/p>\n<p>En sen kv\u00e4ll n\u00e4r Karin bara ska titta lite p\u00e5 Facebook i en k\u00f6 p\u00e5 en bio, s\u00e5 dyker hennes ring upp i fl\u00f6det. Hittad p\u00e5 en trottoar, utanf\u00f6r ett fik. I ett delat inl\u00e4gg, n\u00e5gon som funnit en ring. Foto p\u00e5 ringen. I ringen st\u00e5r ett datum och ett namn och den som h\u00f6r av sig till upphittaren, Hannah, ska skriva vilket namn och vilket datum som st\u00e5r d\u00e4r. Med darrande fingrar skriver Karin in &#8221;Tage 8 maj 1948&#8221; p\u00e5 Messenger och skickar iv\u00e4g. Innan filmen \u00e4r slut, har Hannah svarat, och innan veckan \u00e4r slut, har Karin f\u00e5tt tillbaka ringen.<\/p>\n<p>L\u00e4ttnadsk\u00e4nslan som kommer \u00f6ver henne \u00e4r exakt den l\u00e4ttnadsk\u00e4nsla som Jesus vill att vi ska t\u00e4nka oss n\u00e4r vi t\u00e4nker oss himmelriket. G\u00e5ng p\u00e5 g\u00e5ng s\u00e4ger han det: som en herde som hittar ett bortsprunget f\u00e5r;\u00a0 som en kvinna som hittar ett borttappat mynt; som en far som hittar sin f\u00f6rlorade son \u2013\u00a0s\u00e5 \u00e4r himmelriket.<\/p>\n<p>Det som du har tappat, gamla dr\u00f6mmar, spruckna f\u00f6rhoppningar och trasiga relationer, det ska en g\u00e5ng komma tillbaka till dig.<br \/>\nOch det ska vara himmelriket.<\/p>\n","protected":false},"excerpt":{"rendered":"<p>Nej! Ringen satt inte p\u00e5 hennes finger! F\u00f6rtvivlat rafsade Karin igenom handv\u00e4skan, som om ringen hade kunnat trilla av fingret och hamna d\u00e4r. Det hade den naturligtvis inte. Hon gick tillbaka in p\u00e5 caf\u00e9et d\u00e4r hon just suttit, letade runt bordet, fr\u00e5gade i kassan, bad andra kunder om urs\u00e4kt n\u00e4r hon kr\u00f6p in under stolar [&hellip;]<\/p>\n","protected":false},"author":569,"featured_media":1739,"comment_status":"open","ping_status":"open","sticky":false,"template":"","format":"standard","meta":{"_acf_changed":false,"footnotes":""},"categories":[134266],"tags":[142062,142457],"class_list":["post-1732","post","type-post","status-publish","format-standard","has-post-thumbnail","hentry","category-3e-sondagen-efter-trefaldighet","tag-charlotte-frycklund","tag-tankarinforhelgen"],"acf":[],"yoast_head":"<!-- This site is optimized with the Yoast SEO plugin v27.1.1 - https:\/\/yoast.com\/product\/yoast-seo-wordpress\/ -->\n<title>Sagan om ringen - Tankar inf\u00f6r helgen<\/title>\n<meta name=\"robots\" content=\"index, follow, max-snippet:-1, max-image-preview:large, max-video-preview:-1\" \/>\n<link rel=\"canonical\" href=\"https:\/\/blogg.svenskakyrkan.se\/tankarinforhelgen\/2019\/07\/03\/sagan-om-ringen\/\" \/>\n<meta property=\"og:locale\" content=\"sv_SE\" \/>\n<meta property=\"og:type\" content=\"article\" \/>\n<meta property=\"og:title\" content=\"Sagan om ringen - Tankar inf\u00f6r helgen\" \/>\n<meta property=\"og:description\" content=\"Nej! Ringen satt inte p\u00e5 hennes finger! F\u00f6rtvivlat rafsade Karin igenom handv\u00e4skan, som om ringen hade kunnat trilla av fingret och hamna d\u00e4r. Det hade den naturligtvis inte. Hon gick tillbaka in p\u00e5 caf\u00e9et d\u00e4r hon just suttit, letade runt bordet, fr\u00e5gade i kassan, bad andra kunder om urs\u00e4kt n\u00e4r hon kr\u00f6p in under stolar [&hellip;]\" \/>\n<meta property=\"og:url\" content=\"https:\/\/blogg.svenskakyrkan.se\/tankarinforhelgen\/2019\/07\/03\/sagan-om-ringen\/\" \/>\n<meta property=\"og:site_name\" content=\"Tankar inf\u00f6r helgen\" \/>\n<meta property=\"article:published_time\" content=\"2019-07-03T09:28:07+00:00\" \/>\n<meta property=\"article:modified_time\" content=\"2019-10-27T18:45:49+00:00\" \/>\n<meta name=\"author\" content=\"Charlotte Frycklund, pr\u00e4st\" \/>\n<meta name=\"twitter:card\" content=\"summary_large_image\" \/>\n<meta name=\"twitter:label1\" content=\"Skriven av\" \/>\n\t<meta name=\"twitter:data1\" content=\"Charlotte Frycklund, pr\u00e4st\" \/>\n\t<meta name=\"twitter:label2\" content=\"Ber\u00e4knad l\u00e4stid\" \/>\n\t<meta name=\"twitter:data2\" content=\"3 minuter\" \/>\n<script type=\"application\/ld+json\" class=\"yoast-schema-graph\">{\"@context\":\"https:\/\/schema.org\",\"@graph\":[{\"@type\":\"Article\",\"@id\":\"https:\/\/blogg.svenskakyrkan.se\/tankarinforhelgen\/2019\/07\/03\/sagan-om-ringen\/#article\",\"isPartOf\":{\"@id\":\"https:\/\/blogg.svenskakyrkan.se\/tankarinforhelgen\/2019\/07\/03\/sagan-om-ringen\/\"},\"author\":{\"name\":\"Charlotte Frycklund, pr\u00e4st\",\"@id\":\"https:\/\/blogg.svenskakyrkan.se\/tankarinforhelgen\/#\/schema\/person\/595d75da5bf93cf9ca814c398b63ed6d\"},\"headline\":\"Sagan om ringen\",\"datePublished\":\"2019-07-03T09:28:07+00:00\",\"dateModified\":\"2019-10-27T18:45:49+00:00\",\"mainEntityOfPage\":{\"@id\":\"https:\/\/blogg.svenskakyrkan.se\/tankarinforhelgen\/2019\/07\/03\/sagan-om-ringen\/\"},\"wordCount\":539,\"commentCount\":2,\"image\":{\"@id\":\"https:\/\/blogg.svenskakyrkan.se\/tankarinforhelgen\/2019\/07\/03\/sagan-om-ringen\/#primaryimage\"},\"thumbnailUrl\":\"https:\/\/blogg.svenskakyrkan.se\/tankarinforhelgen\/files\/2019\/07\/upphittadring.jpg\",\"keywords\":[\"Charlotte Frycklund\",\"TANKARINFORHELGEN\"],\"articleSection\":[\"3:e s\u00f6ndagen efter trefaldighet\"],\"inLanguage\":\"sv-SE\",\"potentialAction\":[{\"@type\":\"CommentAction\",\"name\":\"Comment\",\"target\":[\"https:\/\/blogg.svenskakyrkan.se\/tankarinforhelgen\/2019\/07\/03\/sagan-om-ringen\/#respond\"]}]},{\"@type\":\"WebPage\",\"@id\":\"https:\/\/blogg.svenskakyrkan.se\/tankarinforhelgen\/2019\/07\/03\/sagan-om-ringen\/\",\"url\":\"https:\/\/blogg.svenskakyrkan.se\/tankarinforhelgen\/2019\/07\/03\/sagan-om-ringen\/\",\"name\":\"Sagan om ringen - Tankar inf\u00f6r helgen\",\"isPartOf\":{\"@id\":\"https:\/\/blogg.svenskakyrkan.se\/tankarinforhelgen\/#website\"},\"primaryImageOfPage\":{\"@id\":\"https:\/\/blogg.svenskakyrkan.se\/tankarinforhelgen\/2019\/07\/03\/sagan-om-ringen\/#primaryimage\"},\"image\":{\"@id\":\"https:\/\/blogg.svenskakyrkan.se\/tankarinforhelgen\/2019\/07\/03\/sagan-om-ringen\/#primaryimage\"},\"thumbnailUrl\":\"https:\/\/blogg.svenskakyrkan.se\/tankarinforhelgen\/files\/2019\/07\/upphittadring.jpg\",\"datePublished\":\"2019-07-03T09:28:07+00:00\",\"dateModified\":\"2019-10-27T18:45:49+00:00\",\"author\":{\"@id\":\"https:\/\/blogg.svenskakyrkan.se\/tankarinforhelgen\/#\/schema\/person\/595d75da5bf93cf9ca814c398b63ed6d\"},\"breadcrumb\":{\"@id\":\"https:\/\/blogg.svenskakyrkan.se\/tankarinforhelgen\/2019\/07\/03\/sagan-om-ringen\/#breadcrumb\"},\"inLanguage\":\"sv-SE\",\"potentialAction\":[{\"@type\":\"ReadAction\",\"target\":[\"https:\/\/blogg.svenskakyrkan.se\/tankarinforhelgen\/2019\/07\/03\/sagan-om-ringen\/\"]}]},{\"@type\":\"ImageObject\",\"inLanguage\":\"sv-SE\",\"@id\":\"https:\/\/blogg.svenskakyrkan.se\/tankarinforhelgen\/2019\/07\/03\/sagan-om-ringen\/#primaryimage\",\"url\":\"https:\/\/blogg.svenskakyrkan.se\/tankarinforhelgen\/files\/2019\/07\/upphittadring.jpg\",\"contentUrl\":\"https:\/\/blogg.svenskakyrkan.se\/tankarinforhelgen\/files\/2019\/07\/upphittadring.jpg\",\"width\":786,\"height\":576},{\"@type\":\"BreadcrumbList\",\"@id\":\"https:\/\/blogg.svenskakyrkan.se\/tankarinforhelgen\/2019\/07\/03\/sagan-om-ringen\/#breadcrumb\",\"itemListElement\":[{\"@type\":\"ListItem\",\"position\":1,\"name\":\"Hem\",\"item\":\"https:\/\/blogg.svenskakyrkan.se\/tankarinforhelgen\/\"},{\"@type\":\"ListItem\",\"position\":2,\"name\":\"Sagan om ringen\"}]},{\"@type\":\"WebSite\",\"@id\":\"https:\/\/blogg.svenskakyrkan.se\/tankarinforhelgen\/#website\",\"url\":\"https:\/\/blogg.svenskakyrkan.se\/tankarinforhelgen\/\",\"name\":\"Tankar inf\u00f6r helgen\",\"description\":\"Pr\u00e4ster funderar utifr\u00e5n kommande s\u00f6ndags texter\",\"potentialAction\":[{\"@type\":\"SearchAction\",\"target\":{\"@type\":\"EntryPoint\",\"urlTemplate\":\"https:\/\/blogg.svenskakyrkan.se\/tankarinforhelgen\/?s={search_term_string}\"},\"query-input\":{\"@type\":\"PropertyValueSpecification\",\"valueRequired\":true,\"valueName\":\"search_term_string\"}}],\"inLanguage\":\"sv-SE\"},{\"@type\":\"Person\",\"@id\":\"https:\/\/blogg.svenskakyrkan.se\/tankarinforhelgen\/#\/schema\/person\/595d75da5bf93cf9ca814c398b63ed6d\",\"name\":\"Charlotte Frycklund, pr\u00e4st\",\"image\":{\"@type\":\"ImageObject\",\"inLanguage\":\"sv-SE\",\"@id\":\"https:\/\/blogg.svenskakyrkan.se\/tankarinforhelgen\/#\/schema\/person\/image\/\",\"url\":\"https:\/\/secure.gravatar.com\/avatar\/10f37b82bf44def60f716a446302420cc1eb214cca306b573a488614ab47ee87?s=96&d=mm&r=g\",\"contentUrl\":\"https:\/\/secure.gravatar.com\/avatar\/10f37b82bf44def60f716a446302420cc1eb214cca306b573a488614ab47ee87?s=96&d=mm&r=g\",\"caption\":\"Charlotte Frycklund, pr\u00e4st\"},\"url\":\"https:\/\/blogg.svenskakyrkan.se\/tankarinforhelgen\/author\/charlottefrycklund\/\"}]}<\/script>\n<!-- \/ Yoast SEO plugin. -->","yoast_head_json":{"title":"Sagan om ringen - Tankar inf\u00f6r helgen","robots":{"index":"index","follow":"follow","max-snippet":"max-snippet:-1","max-image-preview":"max-image-preview:large","max-video-preview":"max-video-preview:-1"},"canonical":"https:\/\/blogg.svenskakyrkan.se\/tankarinforhelgen\/2019\/07\/03\/sagan-om-ringen\/","og_locale":"sv_SE","og_type":"article","og_title":"Sagan om ringen - Tankar inf\u00f6r helgen","og_description":"Nej! Ringen satt inte p\u00e5 hennes finger! F\u00f6rtvivlat rafsade Karin igenom handv\u00e4skan, som om ringen hade kunnat trilla av fingret och hamna d\u00e4r. Det hade den naturligtvis inte. Hon gick tillbaka in p\u00e5 caf\u00e9et d\u00e4r hon just suttit, letade runt bordet, fr\u00e5gade i kassan, bad andra kunder om urs\u00e4kt n\u00e4r hon kr\u00f6p in under stolar [&hellip;]","og_url":"https:\/\/blogg.svenskakyrkan.se\/tankarinforhelgen\/2019\/07\/03\/sagan-om-ringen\/","og_site_name":"Tankar inf\u00f6r helgen","article_published_time":"2019-07-03T09:28:07+00:00","article_modified_time":"2019-10-27T18:45:49+00:00","author":"Charlotte Frycklund, pr\u00e4st","twitter_card":"summary_large_image","twitter_misc":{"Skriven av":"Charlotte Frycklund, pr\u00e4st","Ber\u00e4knad l\u00e4stid":"3 minuter"},"schema":{"@context":"https:\/\/schema.org","@graph":[{"@type":"Article","@id":"https:\/\/blogg.svenskakyrkan.se\/tankarinforhelgen\/2019\/07\/03\/sagan-om-ringen\/#article","isPartOf":{"@id":"https:\/\/blogg.svenskakyrkan.se\/tankarinforhelgen\/2019\/07\/03\/sagan-om-ringen\/"},"author":{"name":"Charlotte Frycklund, pr\u00e4st","@id":"https:\/\/blogg.svenskakyrkan.se\/tankarinforhelgen\/#\/schema\/person\/595d75da5bf93cf9ca814c398b63ed6d"},"headline":"Sagan om ringen","datePublished":"2019-07-03T09:28:07+00:00","dateModified":"2019-10-27T18:45:49+00:00","mainEntityOfPage":{"@id":"https:\/\/blogg.svenskakyrkan.se\/tankarinforhelgen\/2019\/07\/03\/sagan-om-ringen\/"},"wordCount":539,"commentCount":2,"image":{"@id":"https:\/\/blogg.svenskakyrkan.se\/tankarinforhelgen\/2019\/07\/03\/sagan-om-ringen\/#primaryimage"},"thumbnailUrl":"https:\/\/blogg.svenskakyrkan.se\/tankarinforhelgen\/files\/2019\/07\/upphittadring.jpg","keywords":["Charlotte Frycklund","TANKARINFORHELGEN"],"articleSection":["3:e s\u00f6ndagen efter trefaldighet"],"inLanguage":"sv-SE","potentialAction":[{"@type":"CommentAction","name":"Comment","target":["https:\/\/blogg.svenskakyrkan.se\/tankarinforhelgen\/2019\/07\/03\/sagan-om-ringen\/#respond"]}]},{"@type":"WebPage","@id":"https:\/\/blogg.svenskakyrkan.se\/tankarinforhelgen\/2019\/07\/03\/sagan-om-ringen\/","url":"https:\/\/blogg.svenskakyrkan.se\/tankarinforhelgen\/2019\/07\/03\/sagan-om-ringen\/","name":"Sagan om ringen - Tankar inf\u00f6r helgen","isPartOf":{"@id":"https:\/\/blogg.svenskakyrkan.se\/tankarinforhelgen\/#website"},"primaryImageOfPage":{"@id":"https:\/\/blogg.svenskakyrkan.se\/tankarinforhelgen\/2019\/07\/03\/sagan-om-ringen\/#primaryimage"},"image":{"@id":"https:\/\/blogg.svenskakyrkan.se\/tankarinforhelgen\/2019\/07\/03\/sagan-om-ringen\/#primaryimage"},"thumbnailUrl":"https:\/\/blogg.svenskakyrkan.se\/tankarinforhelgen\/files\/2019\/07\/upphittadring.jpg","datePublished":"2019-07-03T09:28:07+00:00","dateModified":"2019-10-27T18:45:49+00:00","author":{"@id":"https:\/\/blogg.svenskakyrkan.se\/tankarinforhelgen\/#\/schema\/person\/595d75da5bf93cf9ca814c398b63ed6d"},"breadcrumb":{"@id":"https:\/\/blogg.svenskakyrkan.se\/tankarinforhelgen\/2019\/07\/03\/sagan-om-ringen\/#breadcrumb"},"inLanguage":"sv-SE","potentialAction":[{"@type":"ReadAction","target":["https:\/\/blogg.svenskakyrkan.se\/tankarinforhelgen\/2019\/07\/03\/sagan-om-ringen\/"]}]},{"@type":"ImageObject","inLanguage":"sv-SE","@id":"https:\/\/blogg.svenskakyrkan.se\/tankarinforhelgen\/2019\/07\/03\/sagan-om-ringen\/#primaryimage","url":"https:\/\/blogg.svenskakyrkan.se\/tankarinforhelgen\/files\/2019\/07\/upphittadring.jpg","contentUrl":"https:\/\/blogg.svenskakyrkan.se\/tankarinforhelgen\/files\/2019\/07\/upphittadring.jpg","width":786,"height":576},{"@type":"BreadcrumbList","@id":"https:\/\/blogg.svenskakyrkan.se\/tankarinforhelgen\/2019\/07\/03\/sagan-om-ringen\/#breadcrumb","itemListElement":[{"@type":"ListItem","position":1,"name":"Hem","item":"https:\/\/blogg.svenskakyrkan.se\/tankarinforhelgen\/"},{"@type":"ListItem","position":2,"name":"Sagan om ringen"}]},{"@type":"WebSite","@id":"https:\/\/blogg.svenskakyrkan.se\/tankarinforhelgen\/#website","url":"https:\/\/blogg.svenskakyrkan.se\/tankarinforhelgen\/","name":"Tankar inf\u00f6r helgen","description":"Pr\u00e4ster funderar utifr\u00e5n kommande s\u00f6ndags texter","potentialAction":[{"@type":"SearchAction","target":{"@type":"EntryPoint","urlTemplate":"https:\/\/blogg.svenskakyrkan.se\/tankarinforhelgen\/?s={search_term_string}"},"query-input":{"@type":"PropertyValueSpecification","valueRequired":true,"valueName":"search_term_string"}}],"inLanguage":"sv-SE"},{"@type":"Person","@id":"https:\/\/blogg.svenskakyrkan.se\/tankarinforhelgen\/#\/schema\/person\/595d75da5bf93cf9ca814c398b63ed6d","name":"Charlotte Frycklund, pr\u00e4st","image":{"@type":"ImageObject","inLanguage":"sv-SE","@id":"https:\/\/blogg.svenskakyrkan.se\/tankarinforhelgen\/#\/schema\/person\/image\/","url":"https:\/\/secure.gravatar.com\/avatar\/10f37b82bf44def60f716a446302420cc1eb214cca306b573a488614ab47ee87?s=96&d=mm&r=g","contentUrl":"https:\/\/secure.gravatar.com\/avatar\/10f37b82bf44def60f716a446302420cc1eb214cca306b573a488614ab47ee87?s=96&d=mm&r=g","caption":"Charlotte Frycklund, pr\u00e4st"},"url":"https:\/\/blogg.svenskakyrkan.se\/tankarinforhelgen\/author\/charlottefrycklund\/"}]}},"author_meta":{"ID":"569","user_nicename":"charlottefrycklund","user_registered":"2016-05-24 11:46:19","display_name":"Charlotte Frycklund, pr\u00e4st","first_name":"Charlotte","last_name":"Frycklund, pr\u00e4st","avatar":"https:\/\/secure.gravatar.com\/avatar\/10f37b82bf44def60f716a446302420cc1eb214cca306b573a488614ab47ee87?s=96&d=mm&r=g"},"featured_image":["https:\/\/blogg.svenskakyrkan.se\/tankarinforhelgen\/files\/2019\/07\/upphittadring.jpg",786,576,false],"bloginfo":{"name":"Tankar inf\u00f6r helgen","url":"https:\/\/blogg.svenskakyrkan.se\/tankarinforhelgen"},"_links":{"self":[{"href":"https:\/\/blogg.svenskakyrkan.se\/tankarinforhelgen\/wp-json\/wp\/v2\/posts\/1732","targetHints":{"allow":["GET"]}}],"collection":[{"href":"https:\/\/blogg.svenskakyrkan.se\/tankarinforhelgen\/wp-json\/wp\/v2\/posts"}],"about":[{"href":"https:\/\/blogg.svenskakyrkan.se\/tankarinforhelgen\/wp-json\/wp\/v2\/types\/post"}],"author":[{"embeddable":true,"href":"https:\/\/blogg.svenskakyrkan.se\/tankarinforhelgen\/wp-json\/wp\/v2\/users\/569"}],"replies":[{"embeddable":true,"href":"https:\/\/blogg.svenskakyrkan.se\/tankarinforhelgen\/wp-json\/wp\/v2\/comments?post=1732"}],"version-history":[{"count":6,"href":"https:\/\/blogg.svenskakyrkan.se\/tankarinforhelgen\/wp-json\/wp\/v2\/posts\/1732\/revisions"}],"predecessor-version":[{"id":1745,"href":"https:\/\/blogg.svenskakyrkan.se\/tankarinforhelgen\/wp-json\/wp\/v2\/posts\/1732\/revisions\/1745"}],"wp:featuredmedia":[{"embeddable":true,"href":"https:\/\/blogg.svenskakyrkan.se\/tankarinforhelgen\/wp-json\/wp\/v2\/media\/1739"}],"wp:attachment":[{"href":"https:\/\/blogg.svenskakyrkan.se\/tankarinforhelgen\/wp-json\/wp\/v2\/media?parent=1732"}],"wp:term":[{"taxonomy":"category","embeddable":true,"href":"https:\/\/blogg.svenskakyrkan.se\/tankarinforhelgen\/wp-json\/wp\/v2\/categories?post=1732"},{"taxonomy":"post_tag","embeddable":true,"href":"https:\/\/blogg.svenskakyrkan.se\/tankarinforhelgen\/wp-json\/wp\/v2\/tags?post=1732"}],"curies":[{"name":"wp","href":"https:\/\/api.w.org\/{rel}","templated":true}]}}