{"id":1768,"date":"2019-07-24T07:00:50","date_gmt":"2019-07-24T05:00:50","guid":{"rendered":"http:\/\/blogg.svenskakyrkan.se\/tankarinforhelgen\/?p=1768"},"modified":"2019-07-23T15:04:43","modified_gmt":"2019-07-23T13:04:43","slug":"fortsattning-foljer","status":"publish","type":"post","link":"https:\/\/blogg.svenskakyrkan.se\/tankarinforhelgen\/2019\/07\/24\/fortsattning-foljer\/","title":{"rendered":"Forts\u00e4ttning f\u00f6ljer"},"content":{"rendered":"<p>V\u00e4lkommen med till en sommarkv\u00e4ll p\u00e5 tiden n\u00e4r det \u00e4r nytt med t\u00e4ltsemester. Det \u00e4r den tid n\u00e4r TV-program och tidningar f\u00e5r lov att f\u00f6ljas och l\u00e4sas i realtid. Samtidigt \u00e4r det din tid just nu.<\/p>\n<p>Platsen \u00e4r vacker. En sj\u00f6, ett berg och m\u00e4nniskor som vill varandra v\u00e4l. Bredvid v\u00e5rt t\u00e4lt st\u00e5r flera andra t\u00e4lt i brokiga f\u00e4rger. De \u00e4r uppsatta med mer eller mindre finess. Ett av t\u00e4lten ser rymligare ut \u00e4n de andra, det \u00e4r fyllt av plats utan att vara tomt. En doft som f\u00f6r med sig trygghet och mening kittlar n\u00e4san. Ett f\u00f6rsiktigt steg i t\u00e4ltets riktning blir till tv\u00e5 steg, till tre steg \u2013 tills t\u00e4ltdukens tyg k\u00e4nns mot axeln och det g\u00e5r att se in i t\u00e4ltet.<\/p>\n<p>\u2013\u00a0T\u00e4nk dig att det \u00e4r som med TV-program och tidningar, s\u00e4ger mannen som sitter mitt emot t\u00e4lt\u00f6ppningen. Det k\u00e4nns att han samtalar \u00e4ven med mig som st\u00e5r med f\u00f6tterna p\u00e5 gr\u00e4set och kikar in.<\/p>\n<p>\u2013 Du vet, n\u00e4r det \u00e4r en ber\u00e4ttelse som \u00e4r alltf\u00f6r inneh\u00e5llsrik f\u00f6r att avslutas p\u00e5 en g\u00e5ng. I sista bildrutan eller efter punkten i sista meningen st\u00e5r det: Forts\u00e4ttning f\u00f6ljer. Och du f\u00e5r ett l\u00f6fte om att n\u00e5got kommer att f\u00f6lja efter det du varit med om. Att du b\u00e4ttre ska f\u00f6rst\u00e5 det som har visats f\u00f6r dig.<\/p>\n<p>\u2013\u00a0S\u00e5 var det f\u00f6r mig, forts\u00e4tter t\u00e4lt-mannen. Jag levde och k\u00e4mpade f\u00f6r det som var mitt livs mening och m\u00e5l. Det var underbart och det kostade mig allt. Jag vet inte om jag alltid kunde se forts\u00e4ttningen som skulle f\u00f6lja. En forts\u00e4ttning f\u00f6r mig. Och en forts\u00e4ttning av det jag gjorde, att det skulle betyda n\u00e5got och g\u00f6ra skillnad i m\u00e4nniskors liv f\u00f6r alltid.<\/p>\n<p>\u2013\u00a0Jag s\u00e4ger till dig, som jag sa d\u00e5, att livet handlar om att vara levande. Att det som \u00e4r ditt unika liv inte ska bli borttappat! Att vara levande \u00e4r att bli sig sj\u00e4lv. Det \u00e4r bland den sv\u00e5raste konst som finns i livet. Jag har sj\u00e4lv levt livet och jag har sj\u00e4lv m\u00f6tt d\u00f6den. Det \u00e4r ditt liv och din d\u00f6d p\u00e5 samma g\u00e5ng som det \u00e4r mitt liv och min d\u00f6d.<\/p>\n<p>I t\u00e4ltet t\u00e4tnar st\u00e4mningen. De som sitter d\u00e4r inne verkar lyssna intensivt. De lyssnar p\u00e5 honom som talar, men ocks\u00e5 p\u00e5 sina egna livs ber\u00e4ttelser. De minns att han sagt ord till dem som skulle kunna sammanfattas med: F\u00f6lj mig!<\/p>\n<p>I samtalet med honom den h\u00e4r kv\u00e4llen f\u00e5r de hj\u00e4lp att se att det inte bara \u00e4r de som har f\u00f6rs\u00f6kt f\u00f6lja honom utan att han har slagit f\u00f6lje med dem. Han \u00e4r en f\u00f6ljeslagare de inte alltid sett eller trodde fanns och han vill alltid att de ska leva. Bli sina levande jag. Och d\u00e5 kan det h\u00e4nda att n\u00e5got som \u00e4r o-levande m\u00e5ste f\u00e5 d\u00f6. F\u00f6r att en forts\u00e4ttning ska f\u00f6lja.<\/p>\n<p>St\u00e4mningen bryts av hans r\u00f6st.<br \/>\n\u2013\u00a0Ja, det \u00e4r sv\u00e5rt, s\u00e4ger han och omsorgen i r\u00f6sten fyller t\u00e4ltet och sprider sig ut med kv\u00e4llsvinden \u00f6ver t\u00e4ltplatsen, men vad hj\u00e4lper det om du vinner allt i hela v\u00e4rlden men mister ditt levande liv, den du innerst inne \u00e4r och ska bli?<\/p>\n<p>\u2013\u00a0K\u00e4ra v\u00e4n, det finns en forts\u00e4ttning! Det fanns en forts\u00e4ttning f\u00f6r mig n\u00e4r det blev kv\u00e4ll och ett kors stod i v\u00e4gen f\u00f6r livet. Jag blev mig sj\u00e4lv och jag \u00e4r levande h\u00e4r vid din sida. Forts\u00e4ttning f\u00f6ljer! Jag \u00e4r med i din realtid och du \u00e4r med i min!<\/p>\n","protected":false},"excerpt":{"rendered":"<p>V\u00e4lkommen med till en sommarkv\u00e4ll p\u00e5 tiden n\u00e4r det \u00e4r nytt med t\u00e4ltsemester. Det \u00e4r den tid n\u00e4r TV-program och tidningar f\u00e5r lov att f\u00f6ljas och l\u00e4sas i realtid. Samtidigt \u00e4r det din tid just nu. Platsen \u00e4r vacker. En sj\u00f6, ett berg och m\u00e4nniskor som vill varandra v\u00e4l. Bredvid v\u00e5rt t\u00e4lt st\u00e5r flera andra [&hellip;]<\/p>\n","protected":false},"author":666,"featured_media":1770,"comment_status":"open","ping_status":"open","sticky":false,"template":"","format":"standard","meta":{"_acf_changed":false,"footnotes":""},"categories":[133530],"tags":[159853,142457],"class_list":["post-1768","post","type-post","status-publish","format-standard","has-post-thumbnail","hentry","category-6e-sondagen-efter-trefaldighet","tag-b-k-ekstrand","tag-tankarinforhelgen"],"acf":[],"yoast_head":"<!-- This site is optimized with the Yoast SEO plugin v27.1.1 - https:\/\/yoast.com\/product\/yoast-seo-wordpress\/ -->\n<title>Forts\u00e4ttning f\u00f6ljer - Tankar inf\u00f6r helgen<\/title>\n<meta name=\"robots\" content=\"index, follow, max-snippet:-1, max-image-preview:large, max-video-preview:-1\" \/>\n<link rel=\"canonical\" href=\"https:\/\/blogg.svenskakyrkan.se\/tankarinforhelgen\/2019\/07\/24\/fortsattning-foljer\/\" \/>\n<meta property=\"og:locale\" content=\"sv_SE\" \/>\n<meta property=\"og:type\" content=\"article\" \/>\n<meta property=\"og:title\" content=\"Forts\u00e4ttning f\u00f6ljer - Tankar inf\u00f6r helgen\" \/>\n<meta property=\"og:description\" content=\"V\u00e4lkommen med till en sommarkv\u00e4ll p\u00e5 tiden n\u00e4r det \u00e4r nytt med t\u00e4ltsemester. Det \u00e4r den tid n\u00e4r TV-program och tidningar f\u00e5r lov att f\u00f6ljas och l\u00e4sas i realtid. Samtidigt \u00e4r det din tid just nu. Platsen \u00e4r vacker. En sj\u00f6, ett berg och m\u00e4nniskor som vill varandra v\u00e4l. Bredvid v\u00e5rt t\u00e4lt st\u00e5r flera andra [&hellip;]\" \/>\n<meta property=\"og:url\" content=\"https:\/\/blogg.svenskakyrkan.se\/tankarinforhelgen\/2019\/07\/24\/fortsattning-foljer\/\" \/>\n<meta property=\"og:site_name\" content=\"Tankar inf\u00f6r helgen\" \/>\n<meta property=\"article:published_time\" content=\"2019-07-24T05:00:50+00:00\" \/>\n<meta name=\"author\" content=\"Britt-Karin Ekstrand, pr\u00e4st\" \/>\n<meta name=\"twitter:card\" content=\"summary_large_image\" \/>\n<meta name=\"twitter:label1\" content=\"Skriven av\" \/>\n\t<meta name=\"twitter:data1\" content=\"Britt-Karin Ekstrand, pr\u00e4st\" \/>\n\t<meta name=\"twitter:label2\" content=\"Ber\u00e4knad l\u00e4stid\" \/>\n\t<meta name=\"twitter:data2\" content=\"3 minuter\" \/>\n<script type=\"application\/ld+json\" class=\"yoast-schema-graph\">{\"@context\":\"https:\/\/schema.org\",\"@graph\":[{\"@type\":\"Article\",\"@id\":\"https:\/\/blogg.svenskakyrkan.se\/tankarinforhelgen\/2019\/07\/24\/fortsattning-foljer\/#article\",\"isPartOf\":{\"@id\":\"https:\/\/blogg.svenskakyrkan.se\/tankarinforhelgen\/2019\/07\/24\/fortsattning-foljer\/\"},\"author\":{\"name\":\"Britt-Karin Ekstrand, pr\u00e4st\",\"@id\":\"https:\/\/blogg.svenskakyrkan.se\/tankarinforhelgen\/#\/schema\/person\/b71e37fb25791f886e690531c593d0ce\"},\"headline\":\"Forts\u00e4ttning f\u00f6ljer\",\"datePublished\":\"2019-07-24T05:00:50+00:00\",\"mainEntityOfPage\":{\"@id\":\"https:\/\/blogg.svenskakyrkan.se\/tankarinforhelgen\/2019\/07\/24\/fortsattning-foljer\/\"},\"wordCount\":685,\"commentCount\":0,\"image\":{\"@id\":\"https:\/\/blogg.svenskakyrkan.se\/tankarinforhelgen\/2019\/07\/24\/fortsattning-foljer\/#primaryimage\"},\"thumbnailUrl\":\"https:\/\/blogg.svenskakyrkan.se\/tankarinforhelgen\/files\/2019\/07\/29339694382_31a0834a95_k-e1563885683600.jpg\",\"keywords\":[\"B-K Ekstrand\",\"TANKARINFORHELGEN\"],\"articleSection\":[\"6:e s\u00f6ndagen efter trefaldighet\"],\"inLanguage\":\"sv-SE\",\"potentialAction\":[{\"@type\":\"CommentAction\",\"name\":\"Comment\",\"target\":[\"https:\/\/blogg.svenskakyrkan.se\/tankarinforhelgen\/2019\/07\/24\/fortsattning-foljer\/#respond\"]}]},{\"@type\":\"WebPage\",\"@id\":\"https:\/\/blogg.svenskakyrkan.se\/tankarinforhelgen\/2019\/07\/24\/fortsattning-foljer\/\",\"url\":\"https:\/\/blogg.svenskakyrkan.se\/tankarinforhelgen\/2019\/07\/24\/fortsattning-foljer\/\",\"name\":\"Forts\u00e4ttning f\u00f6ljer - Tankar inf\u00f6r helgen\",\"isPartOf\":{\"@id\":\"https:\/\/blogg.svenskakyrkan.se\/tankarinforhelgen\/#website\"},\"primaryImageOfPage\":{\"@id\":\"https:\/\/blogg.svenskakyrkan.se\/tankarinforhelgen\/2019\/07\/24\/fortsattning-foljer\/#primaryimage\"},\"image\":{\"@id\":\"https:\/\/blogg.svenskakyrkan.se\/tankarinforhelgen\/2019\/07\/24\/fortsattning-foljer\/#primaryimage\"},\"thumbnailUrl\":\"https:\/\/blogg.svenskakyrkan.se\/tankarinforhelgen\/files\/2019\/07\/29339694382_31a0834a95_k-e1563885683600.jpg\",\"datePublished\":\"2019-07-24T05:00:50+00:00\",\"author\":{\"@id\":\"https:\/\/blogg.svenskakyrkan.se\/tankarinforhelgen\/#\/schema\/person\/b71e37fb25791f886e690531c593d0ce\"},\"breadcrumb\":{\"@id\":\"https:\/\/blogg.svenskakyrkan.se\/tankarinforhelgen\/2019\/07\/24\/fortsattning-foljer\/#breadcrumb\"},\"inLanguage\":\"sv-SE\",\"potentialAction\":[{\"@type\":\"ReadAction\",\"target\":[\"https:\/\/blogg.svenskakyrkan.se\/tankarinforhelgen\/2019\/07\/24\/fortsattning-foljer\/\"]}]},{\"@type\":\"ImageObject\",\"inLanguage\":\"sv-SE\",\"@id\":\"https:\/\/blogg.svenskakyrkan.se\/tankarinforhelgen\/2019\/07\/24\/fortsattning-foljer\/#primaryimage\",\"url\":\"https:\/\/blogg.svenskakyrkan.se\/tankarinforhelgen\/files\/2019\/07\/29339694382_31a0834a95_k-e1563885683600.jpg\",\"contentUrl\":\"https:\/\/blogg.svenskakyrkan.se\/tankarinforhelgen\/files\/2019\/07\/29339694382_31a0834a95_k-e1563885683600.jpg\",\"width\":1832,\"height\":1039,\"caption\":\"Foto: Pasi M\u00e4mmel\u00e4 \/Flickr\"},{\"@type\":\"BreadcrumbList\",\"@id\":\"https:\/\/blogg.svenskakyrkan.se\/tankarinforhelgen\/2019\/07\/24\/fortsattning-foljer\/#breadcrumb\",\"itemListElement\":[{\"@type\":\"ListItem\",\"position\":1,\"name\":\"Hem\",\"item\":\"https:\/\/blogg.svenskakyrkan.se\/tankarinforhelgen\/\"},{\"@type\":\"ListItem\",\"position\":2,\"name\":\"Forts\u00e4ttning f\u00f6ljer\"}]},{\"@type\":\"WebSite\",\"@id\":\"https:\/\/blogg.svenskakyrkan.se\/tankarinforhelgen\/#website\",\"url\":\"https:\/\/blogg.svenskakyrkan.se\/tankarinforhelgen\/\",\"name\":\"Tankar inf\u00f6r helgen\",\"description\":\"Pr\u00e4ster funderar utifr\u00e5n kommande s\u00f6ndags texter\",\"potentialAction\":[{\"@type\":\"SearchAction\",\"target\":{\"@type\":\"EntryPoint\",\"urlTemplate\":\"https:\/\/blogg.svenskakyrkan.se\/tankarinforhelgen\/?s={search_term_string}\"},\"query-input\":{\"@type\":\"PropertyValueSpecification\",\"valueRequired\":true,\"valueName\":\"search_term_string\"}}],\"inLanguage\":\"sv-SE\"},{\"@type\":\"Person\",\"@id\":\"https:\/\/blogg.svenskakyrkan.se\/tankarinforhelgen\/#\/schema\/person\/b71e37fb25791f886e690531c593d0ce\",\"name\":\"Britt-Karin Ekstrand, pr\u00e4st\",\"image\":{\"@type\":\"ImageObject\",\"inLanguage\":\"sv-SE\",\"@id\":\"https:\/\/blogg.svenskakyrkan.se\/tankarinforhelgen\/#\/schema\/person\/image\/\",\"url\":\"https:\/\/secure.gravatar.com\/avatar\/3084173b0a543e6addb65bacfbd387a5e64218fe28445217e6f305bab4f14203?s=96&d=mm&r=g\",\"contentUrl\":\"https:\/\/secure.gravatar.com\/avatar\/3084173b0a543e6addb65bacfbd387a5e64218fe28445217e6f305bab4f14203?s=96&d=mm&r=g\",\"caption\":\"Britt-Karin Ekstrand, pr\u00e4st\"},\"url\":\"https:\/\/blogg.svenskakyrkan.se\/tankarinforhelgen\/author\/brittkarinekstrand\/\"}]}<\/script>\n<!-- \/ Yoast SEO plugin. -->","yoast_head_json":{"title":"Forts\u00e4ttning f\u00f6ljer - Tankar inf\u00f6r helgen","robots":{"index":"index","follow":"follow","max-snippet":"max-snippet:-1","max-image-preview":"max-image-preview:large","max-video-preview":"max-video-preview:-1"},"canonical":"https:\/\/blogg.svenskakyrkan.se\/tankarinforhelgen\/2019\/07\/24\/fortsattning-foljer\/","og_locale":"sv_SE","og_type":"article","og_title":"Forts\u00e4ttning f\u00f6ljer - Tankar inf\u00f6r helgen","og_description":"V\u00e4lkommen med till en sommarkv\u00e4ll p\u00e5 tiden n\u00e4r det \u00e4r nytt med t\u00e4ltsemester. Det \u00e4r den tid n\u00e4r TV-program och tidningar f\u00e5r lov att f\u00f6ljas och l\u00e4sas i realtid. Samtidigt \u00e4r det din tid just nu. Platsen \u00e4r vacker. En sj\u00f6, ett berg och m\u00e4nniskor som vill varandra v\u00e4l. Bredvid v\u00e5rt t\u00e4lt st\u00e5r flera andra [&hellip;]","og_url":"https:\/\/blogg.svenskakyrkan.se\/tankarinforhelgen\/2019\/07\/24\/fortsattning-foljer\/","og_site_name":"Tankar inf\u00f6r helgen","article_published_time":"2019-07-24T05:00:50+00:00","author":"Britt-Karin Ekstrand, pr\u00e4st","twitter_card":"summary_large_image","twitter_misc":{"Skriven av":"Britt-Karin Ekstrand, pr\u00e4st","Ber\u00e4knad l\u00e4stid":"3 minuter"},"schema":{"@context":"https:\/\/schema.org","@graph":[{"@type":"Article","@id":"https:\/\/blogg.svenskakyrkan.se\/tankarinforhelgen\/2019\/07\/24\/fortsattning-foljer\/#article","isPartOf":{"@id":"https:\/\/blogg.svenskakyrkan.se\/tankarinforhelgen\/2019\/07\/24\/fortsattning-foljer\/"},"author":{"name":"Britt-Karin Ekstrand, pr\u00e4st","@id":"https:\/\/blogg.svenskakyrkan.se\/tankarinforhelgen\/#\/schema\/person\/b71e37fb25791f886e690531c593d0ce"},"headline":"Forts\u00e4ttning f\u00f6ljer","datePublished":"2019-07-24T05:00:50+00:00","mainEntityOfPage":{"@id":"https:\/\/blogg.svenskakyrkan.se\/tankarinforhelgen\/2019\/07\/24\/fortsattning-foljer\/"},"wordCount":685,"commentCount":0,"image":{"@id":"https:\/\/blogg.svenskakyrkan.se\/tankarinforhelgen\/2019\/07\/24\/fortsattning-foljer\/#primaryimage"},"thumbnailUrl":"https:\/\/blogg.svenskakyrkan.se\/tankarinforhelgen\/files\/2019\/07\/29339694382_31a0834a95_k-e1563885683600.jpg","keywords":["B-K Ekstrand","TANKARINFORHELGEN"],"articleSection":["6:e s\u00f6ndagen efter trefaldighet"],"inLanguage":"sv-SE","potentialAction":[{"@type":"CommentAction","name":"Comment","target":["https:\/\/blogg.svenskakyrkan.se\/tankarinforhelgen\/2019\/07\/24\/fortsattning-foljer\/#respond"]}]},{"@type":"WebPage","@id":"https:\/\/blogg.svenskakyrkan.se\/tankarinforhelgen\/2019\/07\/24\/fortsattning-foljer\/","url":"https:\/\/blogg.svenskakyrkan.se\/tankarinforhelgen\/2019\/07\/24\/fortsattning-foljer\/","name":"Forts\u00e4ttning f\u00f6ljer - Tankar inf\u00f6r helgen","isPartOf":{"@id":"https:\/\/blogg.svenskakyrkan.se\/tankarinforhelgen\/#website"},"primaryImageOfPage":{"@id":"https:\/\/blogg.svenskakyrkan.se\/tankarinforhelgen\/2019\/07\/24\/fortsattning-foljer\/#primaryimage"},"image":{"@id":"https:\/\/blogg.svenskakyrkan.se\/tankarinforhelgen\/2019\/07\/24\/fortsattning-foljer\/#primaryimage"},"thumbnailUrl":"https:\/\/blogg.svenskakyrkan.se\/tankarinforhelgen\/files\/2019\/07\/29339694382_31a0834a95_k-e1563885683600.jpg","datePublished":"2019-07-24T05:00:50+00:00","author":{"@id":"https:\/\/blogg.svenskakyrkan.se\/tankarinforhelgen\/#\/schema\/person\/b71e37fb25791f886e690531c593d0ce"},"breadcrumb":{"@id":"https:\/\/blogg.svenskakyrkan.se\/tankarinforhelgen\/2019\/07\/24\/fortsattning-foljer\/#breadcrumb"},"inLanguage":"sv-SE","potentialAction":[{"@type":"ReadAction","target":["https:\/\/blogg.svenskakyrkan.se\/tankarinforhelgen\/2019\/07\/24\/fortsattning-foljer\/"]}]},{"@type":"ImageObject","inLanguage":"sv-SE","@id":"https:\/\/blogg.svenskakyrkan.se\/tankarinforhelgen\/2019\/07\/24\/fortsattning-foljer\/#primaryimage","url":"https:\/\/blogg.svenskakyrkan.se\/tankarinforhelgen\/files\/2019\/07\/29339694382_31a0834a95_k-e1563885683600.jpg","contentUrl":"https:\/\/blogg.svenskakyrkan.se\/tankarinforhelgen\/files\/2019\/07\/29339694382_31a0834a95_k-e1563885683600.jpg","width":1832,"height":1039,"caption":"Foto: Pasi M\u00e4mmel\u00e4 \/Flickr"},{"@type":"BreadcrumbList","@id":"https:\/\/blogg.svenskakyrkan.se\/tankarinforhelgen\/2019\/07\/24\/fortsattning-foljer\/#breadcrumb","itemListElement":[{"@type":"ListItem","position":1,"name":"Hem","item":"https:\/\/blogg.svenskakyrkan.se\/tankarinforhelgen\/"},{"@type":"ListItem","position":2,"name":"Forts\u00e4ttning f\u00f6ljer"}]},{"@type":"WebSite","@id":"https:\/\/blogg.svenskakyrkan.se\/tankarinforhelgen\/#website","url":"https:\/\/blogg.svenskakyrkan.se\/tankarinforhelgen\/","name":"Tankar inf\u00f6r helgen","description":"Pr\u00e4ster funderar utifr\u00e5n kommande s\u00f6ndags texter","potentialAction":[{"@type":"SearchAction","target":{"@type":"EntryPoint","urlTemplate":"https:\/\/blogg.svenskakyrkan.se\/tankarinforhelgen\/?s={search_term_string}"},"query-input":{"@type":"PropertyValueSpecification","valueRequired":true,"valueName":"search_term_string"}}],"inLanguage":"sv-SE"},{"@type":"Person","@id":"https:\/\/blogg.svenskakyrkan.se\/tankarinforhelgen\/#\/schema\/person\/b71e37fb25791f886e690531c593d0ce","name":"Britt-Karin Ekstrand, pr\u00e4st","image":{"@type":"ImageObject","inLanguage":"sv-SE","@id":"https:\/\/blogg.svenskakyrkan.se\/tankarinforhelgen\/#\/schema\/person\/image\/","url":"https:\/\/secure.gravatar.com\/avatar\/3084173b0a543e6addb65bacfbd387a5e64218fe28445217e6f305bab4f14203?s=96&d=mm&r=g","contentUrl":"https:\/\/secure.gravatar.com\/avatar\/3084173b0a543e6addb65bacfbd387a5e64218fe28445217e6f305bab4f14203?s=96&d=mm&r=g","caption":"Britt-Karin Ekstrand, pr\u00e4st"},"url":"https:\/\/blogg.svenskakyrkan.se\/tankarinforhelgen\/author\/brittkarinekstrand\/"}]}},"author_meta":{"ID":"666","user_nicename":"brittkarinekstrand","user_registered":"2018-02-06 12:32:13","display_name":"Britt-Karin Ekstrand, pr\u00e4st","first_name":"Britt-Karin","last_name":"Ekstrand, pr\u00e4st","avatar":"https:\/\/secure.gravatar.com\/avatar\/3084173b0a543e6addb65bacfbd387a5e64218fe28445217e6f305bab4f14203?s=96&d=mm&r=g"},"featured_image":["https:\/\/blogg.svenskakyrkan.se\/tankarinforhelgen\/files\/2019\/07\/29339694382_31a0834a95_k-e1563885683600-1024x581.jpg",1024,581,true],"bloginfo":{"name":"Tankar inf\u00f6r helgen","url":"https:\/\/blogg.svenskakyrkan.se\/tankarinforhelgen"},"_links":{"self":[{"href":"https:\/\/blogg.svenskakyrkan.se\/tankarinforhelgen\/wp-json\/wp\/v2\/posts\/1768","targetHints":{"allow":["GET"]}}],"collection":[{"href":"https:\/\/blogg.svenskakyrkan.se\/tankarinforhelgen\/wp-json\/wp\/v2\/posts"}],"about":[{"href":"https:\/\/blogg.svenskakyrkan.se\/tankarinforhelgen\/wp-json\/wp\/v2\/types\/post"}],"author":[{"embeddable":true,"href":"https:\/\/blogg.svenskakyrkan.se\/tankarinforhelgen\/wp-json\/wp\/v2\/users\/666"}],"replies":[{"embeddable":true,"href":"https:\/\/blogg.svenskakyrkan.se\/tankarinforhelgen\/wp-json\/wp\/v2\/comments?post=1768"}],"version-history":[{"count":4,"href":"https:\/\/blogg.svenskakyrkan.se\/tankarinforhelgen\/wp-json\/wp\/v2\/posts\/1768\/revisions"}],"predecessor-version":[{"id":1773,"href":"https:\/\/blogg.svenskakyrkan.se\/tankarinforhelgen\/wp-json\/wp\/v2\/posts\/1768\/revisions\/1773"}],"wp:featuredmedia":[{"embeddable":true,"href":"https:\/\/blogg.svenskakyrkan.se\/tankarinforhelgen\/wp-json\/wp\/v2\/media\/1770"}],"wp:attachment":[{"href":"https:\/\/blogg.svenskakyrkan.se\/tankarinforhelgen\/wp-json\/wp\/v2\/media?parent=1768"}],"wp:term":[{"taxonomy":"category","embeddable":true,"href":"https:\/\/blogg.svenskakyrkan.se\/tankarinforhelgen\/wp-json\/wp\/v2\/categories?post=1768"},{"taxonomy":"post_tag","embeddable":true,"href":"https:\/\/blogg.svenskakyrkan.se\/tankarinforhelgen\/wp-json\/wp\/v2\/tags?post=1768"}],"curies":[{"name":"wp","href":"https:\/\/api.w.org\/{rel}","templated":true}]}}