{"id":1792,"date":"2019-08-14T10:38:36","date_gmt":"2019-08-14T08:38:36","guid":{"rendered":"http:\/\/blogg.svenskakyrkan.se\/tankarinforhelgen\/?p=1792"},"modified":"2019-08-14T10:44:40","modified_gmt":"2019-08-14T08:44:40","slug":"larvigt","status":"publish","type":"post","link":"https:\/\/blogg.svenskakyrkan.se\/tankarinforhelgen\/2019\/08\/14\/larvigt\/","title":{"rendered":"Inte larvigt alls"},"content":{"rendered":"<p>Vi r\u00e4ddade en larv en dag, en 1,5-\u00e5ring och jag. Det kanske inte verkar s\u00e5 stort, men det var viktigt. Det var, n\u00e4r jag ser tillbaka p\u00e5 det, en av sommarens och semesterns finaste dagar. Vi vandrade i solen i Gr\u00f6velsj\u00f6fj\u00e4llen n\u00e4ra den norska gr\u00e4nsen. Vid lunch stannade vi till vid ett vindskydd strax efter Silverfallet f\u00f6r att \u00e4ta, i en liten gl\u00e4nta som ser ut att vara h\u00e4mtad ur sagornas v\u00e4rld. Solen fortsatte att skina p\u00e5 oss under lunchpausen och det var d\u00e4r vi m\u00f6tte larven.<\/p>\n<p>Det var en upplevelse att vistas i en natur som skiftade i utseende och f\u00e5 se skapelsens under. N\u00e4r jag t\u00e4nker tillbaka p\u00e5 den dagen, kommer jag ocks\u00e5 att t\u00e4nka p\u00e5 n\u00e5gra rader ur s\u00f6ndagens psaltarpsalm:<br \/>\n<em>N\u00e4r jag ser din himmel, som dina fingrar format,<br \/>\n<\/em><em>m\u00e5nen och stj\u00e4rnorna du f\u00e4ste d\u00e4r,<\/em><br \/>\n<em>vad \u00e4r d\u00e5 en m\u00e4nniska att du t\u00e4nker p\u00e5 henne, en d\u00f6dlig att du tar dig an honom?<\/em><br \/>\n<em>Du gjorde honom n\u00e4stan till en gud, med \u00e4ra och h\u00e4rlighet kr\u00f6nte du honom.<\/em><br \/>\n<em>Du l\u00e4t honom h\u00e4rska \u00f6ver dina verk, allt lade du under hans f\u00f6tter<\/em><br \/>\n(ur Ps 8)<\/p>\n<p>Jag fastnar vid orden \u201dallt lade du under hans f\u00f6tter\u201d. Denna vackra underbara jord, skapelsen som vi f\u00e5tt att f\u00f6rvalta. Jag tror att vi har tagit oss lite f\u00f6r stora friheter i v\u00e5rt f\u00f6rvaltarskap. Tjugo dagar efter vi kommit hem fr\u00e5n det vackra fj\u00e4llandskapet kom dagen som kallas Earth overshoot day. Det \u00e4r den dag d\u00e5 vi anv\u00e4nt upp \u00e5rets andel av jordens resurser. I \u00e5r skedde det den 29 juli, fem dagar tidigare \u00e4n f\u00f6rra \u00e5ret. Detta f\u00e5r stora konsekvenser f\u00f6r klimatet och v\u00e5r v\u00e4rld, konsekvenser f\u00f6r den natur d\u00e4r m\u00e5nga ber\u00e4ttar om att de haft sina starkaste andliga erfarenheter. Vi skadar v\u00e5r skapelse mer \u00e4n vad vi v\u00e4rnar om den.<\/p>\n<p>En person som det senaste \u00e5ret p\u00e5mint oss om detta \u00e4r Greta Thunberg. Hon har f\u00e5ngat v\u00e5r uppm\u00e4rksamhet. Det \u00e4r ett viktigt jobb och hon \u00e4r en f\u00f6rebild bland goda f\u00f6rvaltare.<br \/>\nLikt Greta uppm\u00e4rksammade 1,5 \u00e5ringen mig p\u00e5 s\u00e5dant som inte f\u00e5ngat min vuxna uppm\u00e4rksamhet tidigare.<\/p>\n<p>S\u00e5 d\u00e4r vid lunchpausen r\u00e4ddade vi en larv. Det gjorde nog inte s\u00e5 stor skillnad f\u00f6r klimatet, men jag t\u00e4nker att vi alla kan g\u00f6ra sm\u00e5 saker. V\u00e5gar vi l\u00e5ta v\u00e5ra sm\u00e5 l\u00e4ra oss och visa sina uppt\u00e4ckter, kommer vi se Guds stora under i det lilla.<\/p>\n","protected":false},"excerpt":{"rendered":"<p>Vi r\u00e4ddade en larv en dag, en 1,5-\u00e5ring och jag. Det kanske inte verkar s\u00e5 stort, men det var viktigt. Det var, n\u00e4r jag ser tillbaka p\u00e5 det, en av sommarens och semesterns finaste dagar. Vi vandrade i solen i Gr\u00f6velsj\u00f6fj\u00e4llen n\u00e4ra den norska gr\u00e4nsen. Vid lunch stannade vi till vid ett vindskydd strax efter [&hellip;]<\/p>\n","protected":false},"author":607,"featured_media":1795,"comment_status":"open","ping_status":"open","sticky":false,"template":"","format":"standard","meta":{"_acf_changed":false,"footnotes":""},"categories":[132857],"tags":[142461,142457],"class_list":["post-1792","post","type-post","status-publish","format-standard","has-post-thumbnail","hentry","category-9e-sondagen-efter-trefaldighet","tag-josefine-jehrlander","tag-tankarinforhelgen"],"acf":[],"yoast_head":"<!-- This site is optimized with the Yoast SEO plugin v27.1.1 - https:\/\/yoast.com\/product\/yoast-seo-wordpress\/ -->\n<title>Inte larvigt alls - Tankar inf\u00f6r helgen<\/title>\n<meta name=\"robots\" content=\"index, follow, max-snippet:-1, max-image-preview:large, max-video-preview:-1\" \/>\n<link rel=\"canonical\" href=\"https:\/\/blogg.svenskakyrkan.se\/tankarinforhelgen\/2019\/08\/14\/larvigt\/\" \/>\n<meta property=\"og:locale\" content=\"sv_SE\" \/>\n<meta property=\"og:type\" content=\"article\" \/>\n<meta property=\"og:title\" content=\"Inte larvigt alls - Tankar inf\u00f6r helgen\" \/>\n<meta property=\"og:description\" content=\"Vi r\u00e4ddade en larv en dag, en 1,5-\u00e5ring och jag. Det kanske inte verkar s\u00e5 stort, men det var viktigt. Det var, n\u00e4r jag ser tillbaka p\u00e5 det, en av sommarens och semesterns finaste dagar. Vi vandrade i solen i Gr\u00f6velsj\u00f6fj\u00e4llen n\u00e4ra den norska gr\u00e4nsen. Vid lunch stannade vi till vid ett vindskydd strax efter [&hellip;]\" \/>\n<meta property=\"og:url\" content=\"https:\/\/blogg.svenskakyrkan.se\/tankarinforhelgen\/2019\/08\/14\/larvigt\/\" \/>\n<meta property=\"og:site_name\" content=\"Tankar inf\u00f6r helgen\" \/>\n<meta property=\"article:published_time\" content=\"2019-08-14T08:38:36+00:00\" \/>\n<meta property=\"article:modified_time\" content=\"2019-08-14T08:44:40+00:00\" \/>\n<meta name=\"author\" content=\"Josefine Jehrlander, pr\u00e4st\" \/>\n<meta name=\"twitter:card\" content=\"summary_large_image\" \/>\n<meta name=\"twitter:label1\" content=\"Skriven av\" \/>\n\t<meta name=\"twitter:data1\" content=\"Josefine Jehrlander, pr\u00e4st\" \/>\n\t<meta name=\"twitter:label2\" content=\"Ber\u00e4knad l\u00e4stid\" \/>\n\t<meta name=\"twitter:data2\" content=\"2 minuter\" \/>\n<script type=\"application\/ld+json\" class=\"yoast-schema-graph\">{\"@context\":\"https:\/\/schema.org\",\"@graph\":[{\"@type\":\"Article\",\"@id\":\"https:\/\/blogg.svenskakyrkan.se\/tankarinforhelgen\/2019\/08\/14\/larvigt\/#article\",\"isPartOf\":{\"@id\":\"https:\/\/blogg.svenskakyrkan.se\/tankarinforhelgen\/2019\/08\/14\/larvigt\/\"},\"author\":{\"name\":\"Josefine Jehrlander, pr\u00e4st\",\"@id\":\"https:\/\/blogg.svenskakyrkan.se\/tankarinforhelgen\/#\/schema\/person\/c36874f848a4f6a14b804d1949a7df2f\"},\"headline\":\"Inte larvigt alls\",\"datePublished\":\"2019-08-14T08:38:36+00:00\",\"dateModified\":\"2019-08-14T08:44:40+00:00\",\"mainEntityOfPage\":{\"@id\":\"https:\/\/blogg.svenskakyrkan.se\/tankarinforhelgen\/2019\/08\/14\/larvigt\/\"},\"wordCount\":464,\"commentCount\":2,\"image\":{\"@id\":\"https:\/\/blogg.svenskakyrkan.se\/tankarinforhelgen\/2019\/08\/14\/larvigt\/#primaryimage\"},\"thumbnailUrl\":\"https:\/\/blogg.svenskakyrkan.se\/tankarinforhelgen\/files\/2019\/08\/quine.jpg\",\"keywords\":[\"Josefine Jehrlander\",\"TANKARINFORHELGEN\"],\"articleSection\":[\"9:e s\u00f6ndagen efter trefaldighet\"],\"inLanguage\":\"sv-SE\",\"potentialAction\":[{\"@type\":\"CommentAction\",\"name\":\"Comment\",\"target\":[\"https:\/\/blogg.svenskakyrkan.se\/tankarinforhelgen\/2019\/08\/14\/larvigt\/#respond\"]}]},{\"@type\":\"WebPage\",\"@id\":\"https:\/\/blogg.svenskakyrkan.se\/tankarinforhelgen\/2019\/08\/14\/larvigt\/\",\"url\":\"https:\/\/blogg.svenskakyrkan.se\/tankarinforhelgen\/2019\/08\/14\/larvigt\/\",\"name\":\"Inte larvigt alls - Tankar inf\u00f6r helgen\",\"isPartOf\":{\"@id\":\"https:\/\/blogg.svenskakyrkan.se\/tankarinforhelgen\/#website\"},\"primaryImageOfPage\":{\"@id\":\"https:\/\/blogg.svenskakyrkan.se\/tankarinforhelgen\/2019\/08\/14\/larvigt\/#primaryimage\"},\"image\":{\"@id\":\"https:\/\/blogg.svenskakyrkan.se\/tankarinforhelgen\/2019\/08\/14\/larvigt\/#primaryimage\"},\"thumbnailUrl\":\"https:\/\/blogg.svenskakyrkan.se\/tankarinforhelgen\/files\/2019\/08\/quine.jpg\",\"datePublished\":\"2019-08-14T08:38:36+00:00\",\"dateModified\":\"2019-08-14T08:44:40+00:00\",\"author\":{\"@id\":\"https:\/\/blogg.svenskakyrkan.se\/tankarinforhelgen\/#\/schema\/person\/c36874f848a4f6a14b804d1949a7df2f\"},\"breadcrumb\":{\"@id\":\"https:\/\/blogg.svenskakyrkan.se\/tankarinforhelgen\/2019\/08\/14\/larvigt\/#breadcrumb\"},\"inLanguage\":\"sv-SE\",\"potentialAction\":[{\"@type\":\"ReadAction\",\"target\":[\"https:\/\/blogg.svenskakyrkan.se\/tankarinforhelgen\/2019\/08\/14\/larvigt\/\"]}]},{\"@type\":\"ImageObject\",\"inLanguage\":\"sv-SE\",\"@id\":\"https:\/\/blogg.svenskakyrkan.se\/tankarinforhelgen\/2019\/08\/14\/larvigt\/#primaryimage\",\"url\":\"https:\/\/blogg.svenskakyrkan.se\/tankarinforhelgen\/files\/2019\/08\/quine.jpg\",\"contentUrl\":\"https:\/\/blogg.svenskakyrkan.se\/tankarinforhelgen\/files\/2019\/08\/quine.jpg\",\"width\":1200,\"height\":900},{\"@type\":\"BreadcrumbList\",\"@id\":\"https:\/\/blogg.svenskakyrkan.se\/tankarinforhelgen\/2019\/08\/14\/larvigt\/#breadcrumb\",\"itemListElement\":[{\"@type\":\"ListItem\",\"position\":1,\"name\":\"Hem\",\"item\":\"https:\/\/blogg.svenskakyrkan.se\/tankarinforhelgen\/\"},{\"@type\":\"ListItem\",\"position\":2,\"name\":\"Inte larvigt alls\"}]},{\"@type\":\"WebSite\",\"@id\":\"https:\/\/blogg.svenskakyrkan.se\/tankarinforhelgen\/#website\",\"url\":\"https:\/\/blogg.svenskakyrkan.se\/tankarinforhelgen\/\",\"name\":\"Tankar inf\u00f6r helgen\",\"description\":\"Pr\u00e4ster funderar utifr\u00e5n kommande s\u00f6ndags texter\",\"potentialAction\":[{\"@type\":\"SearchAction\",\"target\":{\"@type\":\"EntryPoint\",\"urlTemplate\":\"https:\/\/blogg.svenskakyrkan.se\/tankarinforhelgen\/?s={search_term_string}\"},\"query-input\":{\"@type\":\"PropertyValueSpecification\",\"valueRequired\":true,\"valueName\":\"search_term_string\"}}],\"inLanguage\":\"sv-SE\"},{\"@type\":\"Person\",\"@id\":\"https:\/\/blogg.svenskakyrkan.se\/tankarinforhelgen\/#\/schema\/person\/c36874f848a4f6a14b804d1949a7df2f\",\"name\":\"Josefine Jehrlander, pr\u00e4st\",\"image\":{\"@type\":\"ImageObject\",\"inLanguage\":\"sv-SE\",\"@id\":\"https:\/\/blogg.svenskakyrkan.se\/tankarinforhelgen\/#\/schema\/person\/image\/\",\"url\":\"https:\/\/secure.gravatar.com\/avatar\/df313e69d5320e02f0f6a886bdf67a99a945b04cfbfbb08da965ee285eb8f1f4?s=96&d=mm&r=g\",\"contentUrl\":\"https:\/\/secure.gravatar.com\/avatar\/df313e69d5320e02f0f6a886bdf67a99a945b04cfbfbb08da965ee285eb8f1f4?s=96&d=mm&r=g\",\"caption\":\"Josefine Jehrlander, pr\u00e4st\"},\"url\":\"https:\/\/blogg.svenskakyrkan.se\/tankarinforhelgen\/author\/josefinefranzen\/\"}]}<\/script>\n<!-- \/ Yoast SEO plugin. -->","yoast_head_json":{"title":"Inte larvigt alls - Tankar inf\u00f6r helgen","robots":{"index":"index","follow":"follow","max-snippet":"max-snippet:-1","max-image-preview":"max-image-preview:large","max-video-preview":"max-video-preview:-1"},"canonical":"https:\/\/blogg.svenskakyrkan.se\/tankarinforhelgen\/2019\/08\/14\/larvigt\/","og_locale":"sv_SE","og_type":"article","og_title":"Inte larvigt alls - Tankar inf\u00f6r helgen","og_description":"Vi r\u00e4ddade en larv en dag, en 1,5-\u00e5ring och jag. Det kanske inte verkar s\u00e5 stort, men det var viktigt. Det var, n\u00e4r jag ser tillbaka p\u00e5 det, en av sommarens och semesterns finaste dagar. Vi vandrade i solen i Gr\u00f6velsj\u00f6fj\u00e4llen n\u00e4ra den norska gr\u00e4nsen. Vid lunch stannade vi till vid ett vindskydd strax efter [&hellip;]","og_url":"https:\/\/blogg.svenskakyrkan.se\/tankarinforhelgen\/2019\/08\/14\/larvigt\/","og_site_name":"Tankar inf\u00f6r helgen","article_published_time":"2019-08-14T08:38:36+00:00","article_modified_time":"2019-08-14T08:44:40+00:00","author":"Josefine Jehrlander, pr\u00e4st","twitter_card":"summary_large_image","twitter_misc":{"Skriven av":"Josefine Jehrlander, pr\u00e4st","Ber\u00e4knad l\u00e4stid":"2 minuter"},"schema":{"@context":"https:\/\/schema.org","@graph":[{"@type":"Article","@id":"https:\/\/blogg.svenskakyrkan.se\/tankarinforhelgen\/2019\/08\/14\/larvigt\/#article","isPartOf":{"@id":"https:\/\/blogg.svenskakyrkan.se\/tankarinforhelgen\/2019\/08\/14\/larvigt\/"},"author":{"name":"Josefine Jehrlander, pr\u00e4st","@id":"https:\/\/blogg.svenskakyrkan.se\/tankarinforhelgen\/#\/schema\/person\/c36874f848a4f6a14b804d1949a7df2f"},"headline":"Inte larvigt alls","datePublished":"2019-08-14T08:38:36+00:00","dateModified":"2019-08-14T08:44:40+00:00","mainEntityOfPage":{"@id":"https:\/\/blogg.svenskakyrkan.se\/tankarinforhelgen\/2019\/08\/14\/larvigt\/"},"wordCount":464,"commentCount":2,"image":{"@id":"https:\/\/blogg.svenskakyrkan.se\/tankarinforhelgen\/2019\/08\/14\/larvigt\/#primaryimage"},"thumbnailUrl":"https:\/\/blogg.svenskakyrkan.se\/tankarinforhelgen\/files\/2019\/08\/quine.jpg","keywords":["Josefine Jehrlander","TANKARINFORHELGEN"],"articleSection":["9:e s\u00f6ndagen efter trefaldighet"],"inLanguage":"sv-SE","potentialAction":[{"@type":"CommentAction","name":"Comment","target":["https:\/\/blogg.svenskakyrkan.se\/tankarinforhelgen\/2019\/08\/14\/larvigt\/#respond"]}]},{"@type":"WebPage","@id":"https:\/\/blogg.svenskakyrkan.se\/tankarinforhelgen\/2019\/08\/14\/larvigt\/","url":"https:\/\/blogg.svenskakyrkan.se\/tankarinforhelgen\/2019\/08\/14\/larvigt\/","name":"Inte larvigt alls - Tankar inf\u00f6r helgen","isPartOf":{"@id":"https:\/\/blogg.svenskakyrkan.se\/tankarinforhelgen\/#website"},"primaryImageOfPage":{"@id":"https:\/\/blogg.svenskakyrkan.se\/tankarinforhelgen\/2019\/08\/14\/larvigt\/#primaryimage"},"image":{"@id":"https:\/\/blogg.svenskakyrkan.se\/tankarinforhelgen\/2019\/08\/14\/larvigt\/#primaryimage"},"thumbnailUrl":"https:\/\/blogg.svenskakyrkan.se\/tankarinforhelgen\/files\/2019\/08\/quine.jpg","datePublished":"2019-08-14T08:38:36+00:00","dateModified":"2019-08-14T08:44:40+00:00","author":{"@id":"https:\/\/blogg.svenskakyrkan.se\/tankarinforhelgen\/#\/schema\/person\/c36874f848a4f6a14b804d1949a7df2f"},"breadcrumb":{"@id":"https:\/\/blogg.svenskakyrkan.se\/tankarinforhelgen\/2019\/08\/14\/larvigt\/#breadcrumb"},"inLanguage":"sv-SE","potentialAction":[{"@type":"ReadAction","target":["https:\/\/blogg.svenskakyrkan.se\/tankarinforhelgen\/2019\/08\/14\/larvigt\/"]}]},{"@type":"ImageObject","inLanguage":"sv-SE","@id":"https:\/\/blogg.svenskakyrkan.se\/tankarinforhelgen\/2019\/08\/14\/larvigt\/#primaryimage","url":"https:\/\/blogg.svenskakyrkan.se\/tankarinforhelgen\/files\/2019\/08\/quine.jpg","contentUrl":"https:\/\/blogg.svenskakyrkan.se\/tankarinforhelgen\/files\/2019\/08\/quine.jpg","width":1200,"height":900},{"@type":"BreadcrumbList","@id":"https:\/\/blogg.svenskakyrkan.se\/tankarinforhelgen\/2019\/08\/14\/larvigt\/#breadcrumb","itemListElement":[{"@type":"ListItem","position":1,"name":"Hem","item":"https:\/\/blogg.svenskakyrkan.se\/tankarinforhelgen\/"},{"@type":"ListItem","position":2,"name":"Inte larvigt alls"}]},{"@type":"WebSite","@id":"https:\/\/blogg.svenskakyrkan.se\/tankarinforhelgen\/#website","url":"https:\/\/blogg.svenskakyrkan.se\/tankarinforhelgen\/","name":"Tankar inf\u00f6r helgen","description":"Pr\u00e4ster funderar utifr\u00e5n kommande s\u00f6ndags texter","potentialAction":[{"@type":"SearchAction","target":{"@type":"EntryPoint","urlTemplate":"https:\/\/blogg.svenskakyrkan.se\/tankarinforhelgen\/?s={search_term_string}"},"query-input":{"@type":"PropertyValueSpecification","valueRequired":true,"valueName":"search_term_string"}}],"inLanguage":"sv-SE"},{"@type":"Person","@id":"https:\/\/blogg.svenskakyrkan.se\/tankarinforhelgen\/#\/schema\/person\/c36874f848a4f6a14b804d1949a7df2f","name":"Josefine Jehrlander, pr\u00e4st","image":{"@type":"ImageObject","inLanguage":"sv-SE","@id":"https:\/\/blogg.svenskakyrkan.se\/tankarinforhelgen\/#\/schema\/person\/image\/","url":"https:\/\/secure.gravatar.com\/avatar\/df313e69d5320e02f0f6a886bdf67a99a945b04cfbfbb08da965ee285eb8f1f4?s=96&d=mm&r=g","contentUrl":"https:\/\/secure.gravatar.com\/avatar\/df313e69d5320e02f0f6a886bdf67a99a945b04cfbfbb08da965ee285eb8f1f4?s=96&d=mm&r=g","caption":"Josefine Jehrlander, pr\u00e4st"},"url":"https:\/\/blogg.svenskakyrkan.se\/tankarinforhelgen\/author\/josefinefranzen\/"}]}},"author_meta":{"ID":"607","user_nicename":"josefinefranzen","user_registered":"2017-01-25 14:48:02","display_name":"Josefine Jehrlander, pr\u00e4st","first_name":"Josefine","last_name":"Jehrlander, pr\u00e4st","avatar":"https:\/\/secure.gravatar.com\/avatar\/df313e69d5320e02f0f6a886bdf67a99a945b04cfbfbb08da965ee285eb8f1f4?s=96&d=mm&r=g"},"featured_image":["https:\/\/blogg.svenskakyrkan.se\/tankarinforhelgen\/files\/2019\/08\/quine-1024x768.jpg",1024,768,true],"bloginfo":{"name":"Tankar inf\u00f6r helgen","url":"https:\/\/blogg.svenskakyrkan.se\/tankarinforhelgen"},"_links":{"self":[{"href":"https:\/\/blogg.svenskakyrkan.se\/tankarinforhelgen\/wp-json\/wp\/v2\/posts\/1792","targetHints":{"allow":["GET"]}}],"collection":[{"href":"https:\/\/blogg.svenskakyrkan.se\/tankarinforhelgen\/wp-json\/wp\/v2\/posts"}],"about":[{"href":"https:\/\/blogg.svenskakyrkan.se\/tankarinforhelgen\/wp-json\/wp\/v2\/types\/post"}],"author":[{"embeddable":true,"href":"https:\/\/blogg.svenskakyrkan.se\/tankarinforhelgen\/wp-json\/wp\/v2\/users\/607"}],"replies":[{"embeddable":true,"href":"https:\/\/blogg.svenskakyrkan.se\/tankarinforhelgen\/wp-json\/wp\/v2\/comments?post=1792"}],"version-history":[{"count":3,"href":"https:\/\/blogg.svenskakyrkan.se\/tankarinforhelgen\/wp-json\/wp\/v2\/posts\/1792\/revisions"}],"predecessor-version":[{"id":1797,"href":"https:\/\/blogg.svenskakyrkan.se\/tankarinforhelgen\/wp-json\/wp\/v2\/posts\/1792\/revisions\/1797"}],"wp:featuredmedia":[{"embeddable":true,"href":"https:\/\/blogg.svenskakyrkan.se\/tankarinforhelgen\/wp-json\/wp\/v2\/media\/1795"}],"wp:attachment":[{"href":"https:\/\/blogg.svenskakyrkan.se\/tankarinforhelgen\/wp-json\/wp\/v2\/media?parent=1792"}],"wp:term":[{"taxonomy":"category","embeddable":true,"href":"https:\/\/blogg.svenskakyrkan.se\/tankarinforhelgen\/wp-json\/wp\/v2\/categories?post=1792"},{"taxonomy":"post_tag","embeddable":true,"href":"https:\/\/blogg.svenskakyrkan.se\/tankarinforhelgen\/wp-json\/wp\/v2\/tags?post=1792"}],"curies":[{"name":"wp","href":"https:\/\/api.w.org\/{rel}","templated":true}]}}