{"id":1794,"date":"2019-08-21T12:53:20","date_gmt":"2019-08-21T10:53:20","guid":{"rendered":"http:\/\/blogg.svenskakyrkan.se\/tankarinforhelgen\/?p=1794"},"modified":"2019-08-21T20:40:43","modified_gmt":"2019-08-21T18:40:43","slug":"du-duger-inte-och-det-ar-bra","status":"publish","type":"post","link":"https:\/\/blogg.svenskakyrkan.se\/tankarinforhelgen\/2019\/08\/21\/du-duger-inte-och-det-ar-bra\/","title":{"rendered":"Du duger inte. Och det \u00e4r bra."},"content":{"rendered":"<p>\u201dDu \u00e4r s\u00e5 duktig!\u201d sa han med ett s\u00e5dant eftertryck s\u00e5 det k\u00e4ndes som att han menade det med hela sitt hj\u00e4rta. Han gav mig en stor kram.<\/p>\n<p>\u201dDu \u00e4r b\u00e4st!\u201d h\u00f6rde jag n\u00e5gon s\u00e4ga.<\/p>\n<p>\u201dDu \u00e4r bara s\u00e5 bra!\u201d sa en annan r\u00f6st.<\/p>\n<p>Det var s\u00e5 underbart att h\u00f6ra. Det k\u00e4ndes som om alla \u00e4lskade mig. P\u00e5 kv\u00e4llen efter allt var slut s\u00e5 sj\u00f6nk jag utmattad ner i en stol utomhus. Det var en fin sommarkv\u00e4ll och solen var p\u00e5 v\u00e4g ner. Allt hade blivit s\u00e5 bra. Men \u00e4nd\u00e5, det var n\u00e5got som skavde i mig. Jag hade h\u00f6rt dessa beundrande ord s\u00e5 m\u00e5nga g\u00e5nger men det var som att det aldrig r\u00e4ckte till. Det var en k\u00e4nsla som \u00e5terkom d\u00e5 och d\u00e5 men ikv\u00e4ll var den liksom starkare.<\/p>\n<p>Jag tog upp mobilen, fick upp ett bibelcitat och min blick fastnade vid n\u00e5gra ord: \u201dHa inte f\u00f6r h\u00f6ga tankar om er sj\u00e4lva.\u201d Det var inte egentligen ett bibelord som jag gillade. Vad d\u00e5 inte ha f\u00f6r h\u00f6ga tankar om sig sj\u00e4lv? Det \u00e4r v\u00e4l bara bra om man tror p\u00e5 sig sj\u00e4lv? Men den h\u00e4r kv\u00e4llen var det som om orden ville s\u00e4ga mig n\u00e5got annat.<\/p>\n<p>Jag best\u00e4mde mig f\u00f6r att ta kontakt med en pr\u00e4st jag k\u00e4nde lite grann f\u00f6r att f\u00e5 n\u00e5gon reda i mina tankar. Jag ber\u00e4ttade om min upplevelse och uttryckte ocks\u00e5 hur otillr\u00e4cklig jag ofta k\u00e4nde att jag var, trots allt ber\u00f6m. Efter att ha lyssnat svarade hon: \u201dDu har r\u00e4tt, du r\u00e4cker inte till. Du kommer aldrig att r\u00e4cka till. Det \u00e4r en kamp du aldrig kommer att vinna. Min v\u00e4n, du \u00e4r inte Gud, du \u00e4r m\u00e4nniska!\u201d<\/p>\n<p>\u201dMen jag vill ju vara bra och duga och att andra inte ska vara missn\u00f6jd med mig och\u2026\u201d f\u00f6rs\u00f6kte jag. Hon tog varsamt tag om mina axlar och f\u00e5ngade min blick: \u201dProva att sl\u00e4ppa taget om tanken att du m\u00e5ste vara tillr\u00e4cklig. Det \u00e4r just n\u00e4r du v\u00e5gar m\u00f6ta otillr\u00e4ckligheten som du blir dig sj\u00e4lv. F\u00f6r det \u00e4r n\u00e5got med det d\u00e4r med otillr\u00e4cklighet och s\u00e5rbarhet. Jesus visade oss det. Hans liv p\u00e5 jorden var allt annat \u00e4n perfekt och han m\u00f6tte m\u00e4nniskor i otillr\u00e4ckligheten. Det \u00e4r i otillr\u00e4ckligheten och s\u00e5rbarheten Gud vill m\u00f6ta oss. Det \u00e4r ocks\u00e5 d\u00e4r vi kan m\u00f6ta varandra p\u00e5 riktigt. N\u00e4r vi inte har den d\u00e4r duktighets-masken p\u00e5 oss.&#8221;<\/p>\n<p>Hennes ord blev starka f\u00f6r mig. Det \u00e4r s\u00e5 l\u00e4tt att hamna i f\u00e4llan att vi tror vi m\u00e5ste g\u00f6ra saker som g\u00e5r utanf\u00f6r v\u00e5r f\u00f6rm\u00e5ga och prestera mer \u00e4n vad vi egentligen kan. Att vi inte f\u00e5r g\u00f6ra fel och misstag. Vi k\u00e4mpar f\u00f6r att alltid vara tillr\u00e4ckliga. Problemet \u00e4r att vi aldrig kommer att vinna den kampen. Helt enkelt f\u00f6r att vi aldrig kommer att bli tillr\u00e4ckliga, n\u00e5gon av oss. Om du hela tiden t\u00e4nker att det handlar om att du ska vara bra och j\u00e4mf\u00f6ra dig s\u00e5 blir livet jobbigt. J\u00e4mf\u00f6relsens f\u00f6rbannelse kallar jag det.<\/p>\n<p>S\u00e5rbarheten g\u00f6r n\u00e5got med oss. D\u00e4r v\u00e4xer medk\u00e4nslan b\u00e5de med oss sj\u00e4lva och med andra. Och \u00f6dmjukheten. I s\u00e5rbarheten och otillr\u00e4ckligheten kan vi se att vi inte kan b\u00e4ra v\u00e5rt liv helt ensamma. Att vi \u00e4r beroende av varandra och att det ytterst \u00e4r Gud som b\u00e4r oss och v\u00e5ra liv, oavsett vad som h\u00e4nder. Med en k\u00e4rlek s\u00e5 stor att vi inte ens kan ana vidden av den.<\/p>\n","protected":false},"excerpt":{"rendered":"<p>\u201dDu \u00e4r s\u00e5 duktig!\u201d sa han med ett s\u00e5dant eftertryck s\u00e5 det k\u00e4ndes som att han menade det med hela sitt hj\u00e4rta. Han gav mig en stor kram. \u201dDu \u00e4r b\u00e4st!\u201d h\u00f6rde jag n\u00e5gon s\u00e4ga. \u201dDu \u00e4r bara s\u00e5 bra!\u201d sa en annan r\u00f6st. Det var s\u00e5 underbart att h\u00f6ra. Det k\u00e4ndes som om alla [&hellip;]<\/p>\n","protected":false},"author":663,"featured_media":1800,"comment_status":"open","ping_status":"open","sticky":false,"template":"","format":"standard","meta":{"_acf_changed":false,"footnotes":""},"categories":[132733],"tags":[142460,142457],"class_list":["post-1794","post","type-post","status-publish","format-standard","has-post-thumbnail","hentry","category-10e-sondagen-efter-trefaldighet","tag-agneta-holmstrom","tag-tankarinforhelgen"],"acf":[],"yoast_head":"<!-- This site is optimized with the Yoast SEO plugin v27.1.1 - https:\/\/yoast.com\/product\/yoast-seo-wordpress\/ -->\n<title>Du duger inte. Och det \u00e4r bra. - Tankar inf\u00f6r helgen<\/title>\n<meta name=\"robots\" content=\"index, follow, max-snippet:-1, max-image-preview:large, max-video-preview:-1\" \/>\n<link rel=\"canonical\" href=\"https:\/\/blogg.svenskakyrkan.se\/tankarinforhelgen\/2019\/08\/21\/du-duger-inte-och-det-ar-bra\/\" \/>\n<meta property=\"og:locale\" content=\"sv_SE\" \/>\n<meta property=\"og:type\" content=\"article\" \/>\n<meta property=\"og:title\" content=\"Du duger inte. Och det \u00e4r bra. - Tankar inf\u00f6r helgen\" \/>\n<meta property=\"og:description\" content=\"\u201dDu \u00e4r s\u00e5 duktig!\u201d sa han med ett s\u00e5dant eftertryck s\u00e5 det k\u00e4ndes som att han menade det med hela sitt hj\u00e4rta. Han gav mig en stor kram. \u201dDu \u00e4r b\u00e4st!\u201d h\u00f6rde jag n\u00e5gon s\u00e4ga. \u201dDu \u00e4r bara s\u00e5 bra!\u201d sa en annan r\u00f6st. Det var s\u00e5 underbart att h\u00f6ra. Det k\u00e4ndes som om alla [&hellip;]\" \/>\n<meta property=\"og:url\" content=\"https:\/\/blogg.svenskakyrkan.se\/tankarinforhelgen\/2019\/08\/21\/du-duger-inte-och-det-ar-bra\/\" \/>\n<meta property=\"og:site_name\" content=\"Tankar inf\u00f6r helgen\" \/>\n<meta property=\"article:published_time\" content=\"2019-08-21T10:53:20+00:00\" \/>\n<meta property=\"article:modified_time\" content=\"2019-08-21T18:40:43+00:00\" \/>\n<meta name=\"author\" content=\"Agneta Holmstr\u00f6m, pr\u00e4st\" \/>\n<meta name=\"twitter:card\" content=\"summary_large_image\" \/>\n<meta name=\"twitter:label1\" content=\"Skriven av\" \/>\n\t<meta name=\"twitter:data1\" content=\"Agneta Holmstr\u00f6m, pr\u00e4st\" \/>\n\t<meta name=\"twitter:label2\" content=\"Ber\u00e4knad l\u00e4stid\" \/>\n\t<meta name=\"twitter:data2\" content=\"3 minuter\" \/>\n<script type=\"application\/ld+json\" class=\"yoast-schema-graph\">{\"@context\":\"https:\/\/schema.org\",\"@graph\":[{\"@type\":\"Article\",\"@id\":\"https:\/\/blogg.svenskakyrkan.se\/tankarinforhelgen\/2019\/08\/21\/du-duger-inte-och-det-ar-bra\/#article\",\"isPartOf\":{\"@id\":\"https:\/\/blogg.svenskakyrkan.se\/tankarinforhelgen\/2019\/08\/21\/du-duger-inte-och-det-ar-bra\/\"},\"author\":{\"name\":\"Agneta Holmstr\u00f6m, pr\u00e4st\",\"@id\":\"https:\/\/blogg.svenskakyrkan.se\/tankarinforhelgen\/#\/schema\/person\/6e2f249737f65007a8daf203ed669cb1\"},\"headline\":\"Du duger inte. Och det \u00e4r bra.\",\"datePublished\":\"2019-08-21T10:53:20+00:00\",\"dateModified\":\"2019-08-21T18:40:43+00:00\",\"mainEntityOfPage\":{\"@id\":\"https:\/\/blogg.svenskakyrkan.se\/tankarinforhelgen\/2019\/08\/21\/du-duger-inte-och-det-ar-bra\/\"},\"wordCount\":679,\"commentCount\":9,\"image\":{\"@id\":\"https:\/\/blogg.svenskakyrkan.se\/tankarinforhelgen\/2019\/08\/21\/du-duger-inte-och-det-ar-bra\/#primaryimage\"},\"thumbnailUrl\":\"https:\/\/blogg.svenskakyrkan.se\/tankarinforhelgen\/files\/2019\/08\/scars.jpg\",\"keywords\":[\"Agneta Holmstr\u00f6m\",\"TANKARINFORHELGEN\"],\"articleSection\":[\"10:e s\u00f6ndagen efter trefaldighet\"],\"inLanguage\":\"sv-SE\",\"potentialAction\":[{\"@type\":\"CommentAction\",\"name\":\"Comment\",\"target\":[\"https:\/\/blogg.svenskakyrkan.se\/tankarinforhelgen\/2019\/08\/21\/du-duger-inte-och-det-ar-bra\/#respond\"]}]},{\"@type\":\"WebPage\",\"@id\":\"https:\/\/blogg.svenskakyrkan.se\/tankarinforhelgen\/2019\/08\/21\/du-duger-inte-och-det-ar-bra\/\",\"url\":\"https:\/\/blogg.svenskakyrkan.se\/tankarinforhelgen\/2019\/08\/21\/du-duger-inte-och-det-ar-bra\/\",\"name\":\"Du duger inte. Och det \u00e4r bra. - Tankar inf\u00f6r helgen\",\"isPartOf\":{\"@id\":\"https:\/\/blogg.svenskakyrkan.se\/tankarinforhelgen\/#website\"},\"primaryImageOfPage\":{\"@id\":\"https:\/\/blogg.svenskakyrkan.se\/tankarinforhelgen\/2019\/08\/21\/du-duger-inte-och-det-ar-bra\/#primaryimage\"},\"image\":{\"@id\":\"https:\/\/blogg.svenskakyrkan.se\/tankarinforhelgen\/2019\/08\/21\/du-duger-inte-och-det-ar-bra\/#primaryimage\"},\"thumbnailUrl\":\"https:\/\/blogg.svenskakyrkan.se\/tankarinforhelgen\/files\/2019\/08\/scars.jpg\",\"datePublished\":\"2019-08-21T10:53:20+00:00\",\"dateModified\":\"2019-08-21T18:40:43+00:00\",\"author\":{\"@id\":\"https:\/\/blogg.svenskakyrkan.se\/tankarinforhelgen\/#\/schema\/person\/6e2f249737f65007a8daf203ed669cb1\"},\"breadcrumb\":{\"@id\":\"https:\/\/blogg.svenskakyrkan.se\/tankarinforhelgen\/2019\/08\/21\/du-duger-inte-och-det-ar-bra\/#breadcrumb\"},\"inLanguage\":\"sv-SE\",\"potentialAction\":[{\"@type\":\"ReadAction\",\"target\":[\"https:\/\/blogg.svenskakyrkan.se\/tankarinforhelgen\/2019\/08\/21\/du-duger-inte-och-det-ar-bra\/\"]}]},{\"@type\":\"ImageObject\",\"inLanguage\":\"sv-SE\",\"@id\":\"https:\/\/blogg.svenskakyrkan.se\/tankarinforhelgen\/2019\/08\/21\/du-duger-inte-och-det-ar-bra\/#primaryimage\",\"url\":\"https:\/\/blogg.svenskakyrkan.se\/tankarinforhelgen\/files\/2019\/08\/scars.jpg\",\"contentUrl\":\"https:\/\/blogg.svenskakyrkan.se\/tankarinforhelgen\/files\/2019\/08\/scars.jpg\",\"width\":1004,\"height\":694},{\"@type\":\"BreadcrumbList\",\"@id\":\"https:\/\/blogg.svenskakyrkan.se\/tankarinforhelgen\/2019\/08\/21\/du-duger-inte-och-det-ar-bra\/#breadcrumb\",\"itemListElement\":[{\"@type\":\"ListItem\",\"position\":1,\"name\":\"Hem\",\"item\":\"https:\/\/blogg.svenskakyrkan.se\/tankarinforhelgen\/\"},{\"@type\":\"ListItem\",\"position\":2,\"name\":\"Du duger inte. Och det \u00e4r bra.\"}]},{\"@type\":\"WebSite\",\"@id\":\"https:\/\/blogg.svenskakyrkan.se\/tankarinforhelgen\/#website\",\"url\":\"https:\/\/blogg.svenskakyrkan.se\/tankarinforhelgen\/\",\"name\":\"Tankar inf\u00f6r helgen\",\"description\":\"Pr\u00e4ster funderar utifr\u00e5n kommande s\u00f6ndags texter\",\"potentialAction\":[{\"@type\":\"SearchAction\",\"target\":{\"@type\":\"EntryPoint\",\"urlTemplate\":\"https:\/\/blogg.svenskakyrkan.se\/tankarinforhelgen\/?s={search_term_string}\"},\"query-input\":{\"@type\":\"PropertyValueSpecification\",\"valueRequired\":true,\"valueName\":\"search_term_string\"}}],\"inLanguage\":\"sv-SE\"},{\"@type\":\"Person\",\"@id\":\"https:\/\/blogg.svenskakyrkan.se\/tankarinforhelgen\/#\/schema\/person\/6e2f249737f65007a8daf203ed669cb1\",\"name\":\"Agneta Holmstr\u00f6m, pr\u00e4st\",\"image\":{\"@type\":\"ImageObject\",\"inLanguage\":\"sv-SE\",\"@id\":\"https:\/\/blogg.svenskakyrkan.se\/tankarinforhelgen\/#\/schema\/person\/image\/\",\"url\":\"https:\/\/secure.gravatar.com\/avatar\/a47a1c72651dc25e0dbb01297c5f1384bc6800dd38d27c6e571be8465e3efe02?s=96&d=mm&r=g\",\"contentUrl\":\"https:\/\/secure.gravatar.com\/avatar\/a47a1c72651dc25e0dbb01297c5f1384bc6800dd38d27c6e571be8465e3efe02?s=96&d=mm&r=g\",\"caption\":\"Agneta Holmstr\u00f6m, pr\u00e4st\"},\"url\":\"https:\/\/blogg.svenskakyrkan.se\/tankarinforhelgen\/author\/agnetaholmstrom\/\"}]}<\/script>\n<!-- \/ Yoast SEO plugin. -->","yoast_head_json":{"title":"Du duger inte. Och det \u00e4r bra. - Tankar inf\u00f6r helgen","robots":{"index":"index","follow":"follow","max-snippet":"max-snippet:-1","max-image-preview":"max-image-preview:large","max-video-preview":"max-video-preview:-1"},"canonical":"https:\/\/blogg.svenskakyrkan.se\/tankarinforhelgen\/2019\/08\/21\/du-duger-inte-och-det-ar-bra\/","og_locale":"sv_SE","og_type":"article","og_title":"Du duger inte. Och det \u00e4r bra. - Tankar inf\u00f6r helgen","og_description":"\u201dDu \u00e4r s\u00e5 duktig!\u201d sa han med ett s\u00e5dant eftertryck s\u00e5 det k\u00e4ndes som att han menade det med hela sitt hj\u00e4rta. Han gav mig en stor kram. \u201dDu \u00e4r b\u00e4st!\u201d h\u00f6rde jag n\u00e5gon s\u00e4ga. \u201dDu \u00e4r bara s\u00e5 bra!\u201d sa en annan r\u00f6st. Det var s\u00e5 underbart att h\u00f6ra. Det k\u00e4ndes som om alla [&hellip;]","og_url":"https:\/\/blogg.svenskakyrkan.se\/tankarinforhelgen\/2019\/08\/21\/du-duger-inte-och-det-ar-bra\/","og_site_name":"Tankar inf\u00f6r helgen","article_published_time":"2019-08-21T10:53:20+00:00","article_modified_time":"2019-08-21T18:40:43+00:00","author":"Agneta Holmstr\u00f6m, pr\u00e4st","twitter_card":"summary_large_image","twitter_misc":{"Skriven av":"Agneta Holmstr\u00f6m, pr\u00e4st","Ber\u00e4knad l\u00e4stid":"3 minuter"},"schema":{"@context":"https:\/\/schema.org","@graph":[{"@type":"Article","@id":"https:\/\/blogg.svenskakyrkan.se\/tankarinforhelgen\/2019\/08\/21\/du-duger-inte-och-det-ar-bra\/#article","isPartOf":{"@id":"https:\/\/blogg.svenskakyrkan.se\/tankarinforhelgen\/2019\/08\/21\/du-duger-inte-och-det-ar-bra\/"},"author":{"name":"Agneta Holmstr\u00f6m, pr\u00e4st","@id":"https:\/\/blogg.svenskakyrkan.se\/tankarinforhelgen\/#\/schema\/person\/6e2f249737f65007a8daf203ed669cb1"},"headline":"Du duger inte. Och det \u00e4r bra.","datePublished":"2019-08-21T10:53:20+00:00","dateModified":"2019-08-21T18:40:43+00:00","mainEntityOfPage":{"@id":"https:\/\/blogg.svenskakyrkan.se\/tankarinforhelgen\/2019\/08\/21\/du-duger-inte-och-det-ar-bra\/"},"wordCount":679,"commentCount":9,"image":{"@id":"https:\/\/blogg.svenskakyrkan.se\/tankarinforhelgen\/2019\/08\/21\/du-duger-inte-och-det-ar-bra\/#primaryimage"},"thumbnailUrl":"https:\/\/blogg.svenskakyrkan.se\/tankarinforhelgen\/files\/2019\/08\/scars.jpg","keywords":["Agneta Holmstr\u00f6m","TANKARINFORHELGEN"],"articleSection":["10:e s\u00f6ndagen efter trefaldighet"],"inLanguage":"sv-SE","potentialAction":[{"@type":"CommentAction","name":"Comment","target":["https:\/\/blogg.svenskakyrkan.se\/tankarinforhelgen\/2019\/08\/21\/du-duger-inte-och-det-ar-bra\/#respond"]}]},{"@type":"WebPage","@id":"https:\/\/blogg.svenskakyrkan.se\/tankarinforhelgen\/2019\/08\/21\/du-duger-inte-och-det-ar-bra\/","url":"https:\/\/blogg.svenskakyrkan.se\/tankarinforhelgen\/2019\/08\/21\/du-duger-inte-och-det-ar-bra\/","name":"Du duger inte. Och det \u00e4r bra. - Tankar inf\u00f6r helgen","isPartOf":{"@id":"https:\/\/blogg.svenskakyrkan.se\/tankarinforhelgen\/#website"},"primaryImageOfPage":{"@id":"https:\/\/blogg.svenskakyrkan.se\/tankarinforhelgen\/2019\/08\/21\/du-duger-inte-och-det-ar-bra\/#primaryimage"},"image":{"@id":"https:\/\/blogg.svenskakyrkan.se\/tankarinforhelgen\/2019\/08\/21\/du-duger-inte-och-det-ar-bra\/#primaryimage"},"thumbnailUrl":"https:\/\/blogg.svenskakyrkan.se\/tankarinforhelgen\/files\/2019\/08\/scars.jpg","datePublished":"2019-08-21T10:53:20+00:00","dateModified":"2019-08-21T18:40:43+00:00","author":{"@id":"https:\/\/blogg.svenskakyrkan.se\/tankarinforhelgen\/#\/schema\/person\/6e2f249737f65007a8daf203ed669cb1"},"breadcrumb":{"@id":"https:\/\/blogg.svenskakyrkan.se\/tankarinforhelgen\/2019\/08\/21\/du-duger-inte-och-det-ar-bra\/#breadcrumb"},"inLanguage":"sv-SE","potentialAction":[{"@type":"ReadAction","target":["https:\/\/blogg.svenskakyrkan.se\/tankarinforhelgen\/2019\/08\/21\/du-duger-inte-och-det-ar-bra\/"]}]},{"@type":"ImageObject","inLanguage":"sv-SE","@id":"https:\/\/blogg.svenskakyrkan.se\/tankarinforhelgen\/2019\/08\/21\/du-duger-inte-och-det-ar-bra\/#primaryimage","url":"https:\/\/blogg.svenskakyrkan.se\/tankarinforhelgen\/files\/2019\/08\/scars.jpg","contentUrl":"https:\/\/blogg.svenskakyrkan.se\/tankarinforhelgen\/files\/2019\/08\/scars.jpg","width":1004,"height":694},{"@type":"BreadcrumbList","@id":"https:\/\/blogg.svenskakyrkan.se\/tankarinforhelgen\/2019\/08\/21\/du-duger-inte-och-det-ar-bra\/#breadcrumb","itemListElement":[{"@type":"ListItem","position":1,"name":"Hem","item":"https:\/\/blogg.svenskakyrkan.se\/tankarinforhelgen\/"},{"@type":"ListItem","position":2,"name":"Du duger inte. Och det \u00e4r bra."}]},{"@type":"WebSite","@id":"https:\/\/blogg.svenskakyrkan.se\/tankarinforhelgen\/#website","url":"https:\/\/blogg.svenskakyrkan.se\/tankarinforhelgen\/","name":"Tankar inf\u00f6r helgen","description":"Pr\u00e4ster funderar utifr\u00e5n kommande s\u00f6ndags texter","potentialAction":[{"@type":"SearchAction","target":{"@type":"EntryPoint","urlTemplate":"https:\/\/blogg.svenskakyrkan.se\/tankarinforhelgen\/?s={search_term_string}"},"query-input":{"@type":"PropertyValueSpecification","valueRequired":true,"valueName":"search_term_string"}}],"inLanguage":"sv-SE"},{"@type":"Person","@id":"https:\/\/blogg.svenskakyrkan.se\/tankarinforhelgen\/#\/schema\/person\/6e2f249737f65007a8daf203ed669cb1","name":"Agneta Holmstr\u00f6m, pr\u00e4st","image":{"@type":"ImageObject","inLanguage":"sv-SE","@id":"https:\/\/blogg.svenskakyrkan.se\/tankarinforhelgen\/#\/schema\/person\/image\/","url":"https:\/\/secure.gravatar.com\/avatar\/a47a1c72651dc25e0dbb01297c5f1384bc6800dd38d27c6e571be8465e3efe02?s=96&d=mm&r=g","contentUrl":"https:\/\/secure.gravatar.com\/avatar\/a47a1c72651dc25e0dbb01297c5f1384bc6800dd38d27c6e571be8465e3efe02?s=96&d=mm&r=g","caption":"Agneta Holmstr\u00f6m, pr\u00e4st"},"url":"https:\/\/blogg.svenskakyrkan.se\/tankarinforhelgen\/author\/agnetaholmstrom\/"}]}},"author_meta":{"ID":"663","user_nicename":"agnetaholmstrom","user_registered":"2018-02-06 12:29:16","display_name":"Agneta Holmstr\u00f6m, pr\u00e4st","first_name":"Agneta","last_name":"Holmstr\u00f6m, pr\u00e4st","avatar":"https:\/\/secure.gravatar.com\/avatar\/a47a1c72651dc25e0dbb01297c5f1384bc6800dd38d27c6e571be8465e3efe02?s=96&d=mm&r=g"},"featured_image":["https:\/\/blogg.svenskakyrkan.se\/tankarinforhelgen\/files\/2019\/08\/scars.jpg",1004,694,false],"bloginfo":{"name":"Tankar inf\u00f6r helgen","url":"https:\/\/blogg.svenskakyrkan.se\/tankarinforhelgen"},"_links":{"self":[{"href":"https:\/\/blogg.svenskakyrkan.se\/tankarinforhelgen\/wp-json\/wp\/v2\/posts\/1794","targetHints":{"allow":["GET"]}}],"collection":[{"href":"https:\/\/blogg.svenskakyrkan.se\/tankarinforhelgen\/wp-json\/wp\/v2\/posts"}],"about":[{"href":"https:\/\/blogg.svenskakyrkan.se\/tankarinforhelgen\/wp-json\/wp\/v2\/types\/post"}],"author":[{"embeddable":true,"href":"https:\/\/blogg.svenskakyrkan.se\/tankarinforhelgen\/wp-json\/wp\/v2\/users\/663"}],"replies":[{"embeddable":true,"href":"https:\/\/blogg.svenskakyrkan.se\/tankarinforhelgen\/wp-json\/wp\/v2\/comments?post=1794"}],"version-history":[{"count":2,"href":"https:\/\/blogg.svenskakyrkan.se\/tankarinforhelgen\/wp-json\/wp\/v2\/posts\/1794\/revisions"}],"predecessor-version":[{"id":1801,"href":"https:\/\/blogg.svenskakyrkan.se\/tankarinforhelgen\/wp-json\/wp\/v2\/posts\/1794\/revisions\/1801"}],"wp:featuredmedia":[{"embeddable":true,"href":"https:\/\/blogg.svenskakyrkan.se\/tankarinforhelgen\/wp-json\/wp\/v2\/media\/1800"}],"wp:attachment":[{"href":"https:\/\/blogg.svenskakyrkan.se\/tankarinforhelgen\/wp-json\/wp\/v2\/media?parent=1794"}],"wp:term":[{"taxonomy":"category","embeddable":true,"href":"https:\/\/blogg.svenskakyrkan.se\/tankarinforhelgen\/wp-json\/wp\/v2\/categories?post=1794"},{"taxonomy":"post_tag","embeddable":true,"href":"https:\/\/blogg.svenskakyrkan.se\/tankarinforhelgen\/wp-json\/wp\/v2\/tags?post=1794"}],"curies":[{"name":"wp","href":"https:\/\/api.w.org\/{rel}","templated":true}]}}