{"id":1806,"date":"2019-09-05T10:28:23","date_gmt":"2019-09-05T08:28:23","guid":{"rendered":"http:\/\/blogg.svenskakyrkan.se\/tankarinforhelgen\/?p=1806"},"modified":"2019-09-05T10:47:09","modified_gmt":"2019-09-05T08:47:09","slug":"anledningen-till-att-jag-alskar-regler","status":"publish","type":"post","link":"https:\/\/blogg.svenskakyrkan.se\/tankarinforhelgen\/2019\/09\/05\/anledningen-till-att-jag-alskar-regler\/","title":{"rendered":"Anledningen till att jag \u00e4lskar regler"},"content":{"rendered":"<p>Jag \u00e4lskar regler. Oftast.<br \/>\nJag ber kv\u00e4llsb\u00f6n men vissa kv\u00e4llar vill jag eller orkar jag inte. D\u00e5 minns jag Benedict av Nursias ord: Bevara ordningen s\u00e5 ska ordningen bevara dig. I mitt liv handlar det om att \u00e4ven n\u00e4r jag inte orkar eller vill be s\u00e5 ska jag g\u00f6ra det \u00e4nd\u00e5 \u2013 f\u00f6r det \u00e4r f\u00f6rmodligen d\u00e5 jag beh\u00f6ver b\u00f6nen som mest. Regeln b\u00e4r mig \u00e4ven n\u00e4r jag inte orkar. Det \u00e4r en bra regel. De flesta regler vi har hj\u00e4lper oss att n\u00e5 en st\u00f6rre frihet, t\u00e4nker jag. Det kanske l\u00e5ter m\u00e4rkligt men l\u00e5t mig ta ett exempel:<\/p>\n<p>T\u00e4nk dig att du k\u00f6r p\u00e5 en landsv\u00e4g n\u00e5gonstans i Sverige. Det enda som skiljer din fil och den fil som g\u00e5r i motsatt riktning \u00e4r m\u00e5lade streck i v\u00e4gbanan. Hade vi inte l\u00e4rt oss att lyda regeln om hur vi ska k\u00f6ra mellan de vita strecken i mitten av v\u00e4gen, ja, d\u00e5 hade varje bilf\u00e4rd varit ett v\u00e5dligt exempel p\u00e5 ofrihet.<\/p>\n<p>Visst, det \u00e4r s\u00e5 att f\u00e5 k\u00f6ra bilen lite var man vill alldeles oavsett strecken hade varit en sorts frihet, men det finns en djup ofrihet i att hela tiden oroa sig f\u00f6r att krocka med varje m\u00f6tande bil.<\/p>\n<p>M\u00e5nga regler ger oss frihet genom den stadga och f\u00f6ruts\u00e4gbarhet den erbjuder, men vissa regler missar ibland sitt m\u00e5l. Jesus \u00e5terkommer inte s\u00e4llan till att kritisera n\u00e5gra av sin samtids regelefterlevnad. Inte f\u00f6r att den n\u00f6dv\u00e4ndigtvis var f\u00f6r slapp utan f\u00f6r att regeln utvecklats genom \u00e5ren s\u00e5 att den till slut missade sitt ursprungssyfte.<\/p>\n<p>I s\u00f6ndagens evangelietext m\u00f6ter vi Jesus som botar en krokryggig kvinna p\u00e5 sabbaten. F\u00f6rest\u00e5ndaren f\u00f6r synagogan blir f\u00f6rargad och p\u00e5minner i skarpa ordalag om att det finns sex dagar p\u00e5 vilka man kan bota men p\u00e5 sabbaten \u00e4r det f\u00f6rbjudet. Sabbaten \u00e4r en vilodag och d\u00e4rf\u00f6r ska man inte arbeta. Det \u00e4r en regel.<\/p>\n<p>Jesus svarar och s\u00e4ger att nog \u00e4r det s\u00e5 att \u00e4ven f\u00f6rest\u00e5ndaren och hans v\u00e4nner ger sina djur vatten att dricka \u00e4ven under sabbaten s\u00e5 att de inte ska t\u00f6rsta. Om vi bryter mot regeln f\u00f6r v\u00e5ra djurs skull, skulle han d\u00e5 inte hj\u00e4lpa denna kvinna?<\/p>\n<p>Det finns andra st\u00e4llen i skriften d\u00e4r Jesus bryter mot regeln om sabbaten: han helar sjuka, han och l\u00e4rjungarna plockar ax att \u00e4ta. Jesus g\u00f6r inte det f\u00f6r sin egen vinnings skull, utan f\u00f6r andras. Han visar att reglerna i de h\u00e4r fallen har mist sin frihetsskapande funktion och ist\u00e4llet blivit till en boja d\u00e4r regeln i sig \u00e4r viktigare \u00e4n vad den \u00e4r till f\u00f6r.<\/p>\n<p>Det kanske \u00e4r lockande att ta Jesus som exempel och s\u00e4ga att vi kastar alla regler i sj\u00f6n, f\u00f6r d\u00e5 blir vi fria, men d\u00e5 tror jag att vi hamnar i en v\u00e4rld d\u00e4r v\u00e4gbanans streck inte l\u00e4ngre skyddar oss. Jesus s\u00e4ger i bergspredikan i Matteusevangeliet att han inte kommit f\u00f6r att upph\u00e4va lagen utan f\u00f6r att uppfylla den.<\/p>\n<p>Genom uppfyllandet f\u00e5r vi r\u00e4tt fokus. Inte regler f\u00f6r reglernas skull, utan regler f\u00f6r frihetens skull. D\u00e5 ger reglerna frihet i Kristus.<\/p>\n","protected":false},"excerpt":{"rendered":"<p>Jag \u00e4lskar regler. Oftast. Jag ber kv\u00e4llsb\u00f6n men vissa kv\u00e4llar vill jag eller orkar jag inte. D\u00e5 minns jag Benedict av Nursias ord: Bevara ordningen s\u00e5 ska ordningen bevara dig. I mitt liv handlar det om att \u00e4ven n\u00e4r jag inte orkar eller vill be s\u00e5 ska jag g\u00f6ra det \u00e4nd\u00e5 \u2013 f\u00f6r det \u00e4r [&hellip;]<\/p>\n","protected":false},"author":458,"featured_media":1809,"comment_status":"open","ping_status":"open","sticky":false,"template":"","format":"standard","meta":{"_acf_changed":false,"footnotes":""},"categories":[132139],"tags":[142466,29565],"class_list":["post-1806","post","type-post","status-publish","format-standard","has-post-thumbnail","hentry","category-12e-sondagen-efter-trefaldighet","tag-erik-olebark-ringheim","tag-tankar-infor-helgen"],"acf":[],"yoast_head":"<!-- This site is optimized with the Yoast SEO plugin v27.1.1 - https:\/\/yoast.com\/product\/yoast-seo-wordpress\/ -->\n<title>Anledningen till att jag \u00e4lskar regler - Tankar inf\u00f6r helgen<\/title>\n<meta name=\"robots\" content=\"index, follow, max-snippet:-1, max-image-preview:large, max-video-preview:-1\" \/>\n<link rel=\"canonical\" href=\"https:\/\/blogg.svenskakyrkan.se\/tankarinforhelgen\/2019\/09\/05\/anledningen-till-att-jag-alskar-regler\/\" \/>\n<meta property=\"og:locale\" content=\"sv_SE\" \/>\n<meta property=\"og:type\" content=\"article\" \/>\n<meta property=\"og:title\" content=\"Anledningen till att jag \u00e4lskar regler - Tankar inf\u00f6r helgen\" \/>\n<meta property=\"og:description\" content=\"Jag \u00e4lskar regler. Oftast. Jag ber kv\u00e4llsb\u00f6n men vissa kv\u00e4llar vill jag eller orkar jag inte. D\u00e5 minns jag Benedict av Nursias ord: Bevara ordningen s\u00e5 ska ordningen bevara dig. I mitt liv handlar det om att \u00e4ven n\u00e4r jag inte orkar eller vill be s\u00e5 ska jag g\u00f6ra det \u00e4nd\u00e5 \u2013 f\u00f6r det \u00e4r [&hellip;]\" \/>\n<meta property=\"og:url\" content=\"https:\/\/blogg.svenskakyrkan.se\/tankarinforhelgen\/2019\/09\/05\/anledningen-till-att-jag-alskar-regler\/\" \/>\n<meta property=\"og:site_name\" content=\"Tankar inf\u00f6r helgen\" \/>\n<meta property=\"article:published_time\" content=\"2019-09-05T08:28:23+00:00\" \/>\n<meta property=\"article:modified_time\" content=\"2019-09-05T08:47:09+00:00\" \/>\n<meta name=\"author\" content=\"Magdalena Wernefeldt\" \/>\n<meta name=\"twitter:card\" content=\"summary_large_image\" \/>\n<meta name=\"twitter:label1\" content=\"Skriven av\" \/>\n\t<meta name=\"twitter:data1\" content=\"Magdalena Wernefeldt\" \/>\n\t<meta name=\"twitter:label2\" content=\"Ber\u00e4knad l\u00e4stid\" \/>\n\t<meta name=\"twitter:data2\" content=\"3 minuter\" \/>\n<script type=\"application\/ld+json\" class=\"yoast-schema-graph\">{\"@context\":\"https:\/\/schema.org\",\"@graph\":[{\"@type\":\"Article\",\"@id\":\"https:\/\/blogg.svenskakyrkan.se\/tankarinforhelgen\/2019\/09\/05\/anledningen-till-att-jag-alskar-regler\/#article\",\"isPartOf\":{\"@id\":\"https:\/\/blogg.svenskakyrkan.se\/tankarinforhelgen\/2019\/09\/05\/anledningen-till-att-jag-alskar-regler\/\"},\"author\":{\"name\":\"Magdalena Wernefeldt\",\"@id\":\"https:\/\/blogg.svenskakyrkan.se\/tankarinforhelgen\/#\/schema\/person\/c19e8a124f507336a7f712f3b02d924b\"},\"headline\":\"Anledningen till att jag \u00e4lskar regler\",\"datePublished\":\"2019-09-05T08:28:23+00:00\",\"dateModified\":\"2019-09-05T08:47:09+00:00\",\"mainEntityOfPage\":{\"@id\":\"https:\/\/blogg.svenskakyrkan.se\/tankarinforhelgen\/2019\/09\/05\/anledningen-till-att-jag-alskar-regler\/\"},\"wordCount\":592,\"commentCount\":2,\"image\":{\"@id\":\"https:\/\/blogg.svenskakyrkan.se\/tankarinforhelgen\/2019\/09\/05\/anledningen-till-att-jag-alskar-regler\/#primaryimage\"},\"thumbnailUrl\":\"https:\/\/blogg.svenskakyrkan.se\/tankarinforhelgen\/files\/2019\/09\/A4530BB7-1431-441D-96FE-EAC2C93E2E39.jpeg\",\"keywords\":[\"Erik Olebark Ringheim\",\"TANKAR INF\u00d6R HELGEN\"],\"articleSection\":[\"12:e s\u00f6ndagen efter trefaldighet\"],\"inLanguage\":\"sv-SE\",\"potentialAction\":[{\"@type\":\"CommentAction\",\"name\":\"Comment\",\"target\":[\"https:\/\/blogg.svenskakyrkan.se\/tankarinforhelgen\/2019\/09\/05\/anledningen-till-att-jag-alskar-regler\/#respond\"]}]},{\"@type\":\"WebPage\",\"@id\":\"https:\/\/blogg.svenskakyrkan.se\/tankarinforhelgen\/2019\/09\/05\/anledningen-till-att-jag-alskar-regler\/\",\"url\":\"https:\/\/blogg.svenskakyrkan.se\/tankarinforhelgen\/2019\/09\/05\/anledningen-till-att-jag-alskar-regler\/\",\"name\":\"Anledningen till att jag \u00e4lskar regler - Tankar inf\u00f6r helgen\",\"isPartOf\":{\"@id\":\"https:\/\/blogg.svenskakyrkan.se\/tankarinforhelgen\/#website\"},\"primaryImageOfPage\":{\"@id\":\"https:\/\/blogg.svenskakyrkan.se\/tankarinforhelgen\/2019\/09\/05\/anledningen-till-att-jag-alskar-regler\/#primaryimage\"},\"image\":{\"@id\":\"https:\/\/blogg.svenskakyrkan.se\/tankarinforhelgen\/2019\/09\/05\/anledningen-till-att-jag-alskar-regler\/#primaryimage\"},\"thumbnailUrl\":\"https:\/\/blogg.svenskakyrkan.se\/tankarinforhelgen\/files\/2019\/09\/A4530BB7-1431-441D-96FE-EAC2C93E2E39.jpeg\",\"datePublished\":\"2019-09-05T08:28:23+00:00\",\"dateModified\":\"2019-09-05T08:47:09+00:00\",\"author\":{\"@id\":\"https:\/\/blogg.svenskakyrkan.se\/tankarinforhelgen\/#\/schema\/person\/c19e8a124f507336a7f712f3b02d924b\"},\"breadcrumb\":{\"@id\":\"https:\/\/blogg.svenskakyrkan.se\/tankarinforhelgen\/2019\/09\/05\/anledningen-till-att-jag-alskar-regler\/#breadcrumb\"},\"inLanguage\":\"sv-SE\",\"potentialAction\":[{\"@type\":\"ReadAction\",\"target\":[\"https:\/\/blogg.svenskakyrkan.se\/tankarinforhelgen\/2019\/09\/05\/anledningen-till-att-jag-alskar-regler\/\"]}]},{\"@type\":\"ImageObject\",\"inLanguage\":\"sv-SE\",\"@id\":\"https:\/\/blogg.svenskakyrkan.se\/tankarinforhelgen\/2019\/09\/05\/anledningen-till-att-jag-alskar-regler\/#primaryimage\",\"url\":\"https:\/\/blogg.svenskakyrkan.se\/tankarinforhelgen\/files\/2019\/09\/A4530BB7-1431-441D-96FE-EAC2C93E2E39.jpeg\",\"contentUrl\":\"https:\/\/blogg.svenskakyrkan.se\/tankarinforhelgen\/files\/2019\/09\/A4530BB7-1431-441D-96FE-EAC2C93E2E39.jpeg\",\"width\":2048,\"height\":1536},{\"@type\":\"BreadcrumbList\",\"@id\":\"https:\/\/blogg.svenskakyrkan.se\/tankarinforhelgen\/2019\/09\/05\/anledningen-till-att-jag-alskar-regler\/#breadcrumb\",\"itemListElement\":[{\"@type\":\"ListItem\",\"position\":1,\"name\":\"Hem\",\"item\":\"https:\/\/blogg.svenskakyrkan.se\/tankarinforhelgen\/\"},{\"@type\":\"ListItem\",\"position\":2,\"name\":\"Anledningen till att jag \u00e4lskar regler\"}]},{\"@type\":\"WebSite\",\"@id\":\"https:\/\/blogg.svenskakyrkan.se\/tankarinforhelgen\/#website\",\"url\":\"https:\/\/blogg.svenskakyrkan.se\/tankarinforhelgen\/\",\"name\":\"Tankar inf\u00f6r helgen\",\"description\":\"Pr\u00e4ster funderar utifr\u00e5n kommande s\u00f6ndags texter\",\"potentialAction\":[{\"@type\":\"SearchAction\",\"target\":{\"@type\":\"EntryPoint\",\"urlTemplate\":\"https:\/\/blogg.svenskakyrkan.se\/tankarinforhelgen\/?s={search_term_string}\"},\"query-input\":{\"@type\":\"PropertyValueSpecification\",\"valueRequired\":true,\"valueName\":\"search_term_string\"}}],\"inLanguage\":\"sv-SE\"},{\"@type\":\"Person\",\"@id\":\"https:\/\/blogg.svenskakyrkan.se\/tankarinforhelgen\/#\/schema\/person\/c19e8a124f507336a7f712f3b02d924b\",\"name\":\"Magdalena Wernefeldt\",\"image\":{\"@type\":\"ImageObject\",\"inLanguage\":\"sv-SE\",\"@id\":\"https:\/\/blogg.svenskakyrkan.se\/tankarinforhelgen\/#\/schema\/person\/image\/\",\"url\":\"https:\/\/secure.gravatar.com\/avatar\/23dab26aed51bdfcff5c1559ea1a5d339f00dac73f3d56d1d8b724c1d9074328?s=96&d=mm&r=g\",\"contentUrl\":\"https:\/\/secure.gravatar.com\/avatar\/23dab26aed51bdfcff5c1559ea1a5d339f00dac73f3d56d1d8b724c1d9074328?s=96&d=mm&r=g\",\"caption\":\"Magdalena Wernefeldt\"},\"url\":\"https:\/\/blogg.svenskakyrkan.se\/tankarinforhelgen\/author\/svkmwt\/\"}]}<\/script>\n<!-- \/ Yoast SEO plugin. -->","yoast_head_json":{"title":"Anledningen till att jag \u00e4lskar regler - Tankar inf\u00f6r helgen","robots":{"index":"index","follow":"follow","max-snippet":"max-snippet:-1","max-image-preview":"max-image-preview:large","max-video-preview":"max-video-preview:-1"},"canonical":"https:\/\/blogg.svenskakyrkan.se\/tankarinforhelgen\/2019\/09\/05\/anledningen-till-att-jag-alskar-regler\/","og_locale":"sv_SE","og_type":"article","og_title":"Anledningen till att jag \u00e4lskar regler - Tankar inf\u00f6r helgen","og_description":"Jag \u00e4lskar regler. Oftast. Jag ber kv\u00e4llsb\u00f6n men vissa kv\u00e4llar vill jag eller orkar jag inte. D\u00e5 minns jag Benedict av Nursias ord: Bevara ordningen s\u00e5 ska ordningen bevara dig. I mitt liv handlar det om att \u00e4ven n\u00e4r jag inte orkar eller vill be s\u00e5 ska jag g\u00f6ra det \u00e4nd\u00e5 \u2013 f\u00f6r det \u00e4r [&hellip;]","og_url":"https:\/\/blogg.svenskakyrkan.se\/tankarinforhelgen\/2019\/09\/05\/anledningen-till-att-jag-alskar-regler\/","og_site_name":"Tankar inf\u00f6r helgen","article_published_time":"2019-09-05T08:28:23+00:00","article_modified_time":"2019-09-05T08:47:09+00:00","author":"Magdalena Wernefeldt","twitter_card":"summary_large_image","twitter_misc":{"Skriven av":"Magdalena Wernefeldt","Ber\u00e4knad l\u00e4stid":"3 minuter"},"schema":{"@context":"https:\/\/schema.org","@graph":[{"@type":"Article","@id":"https:\/\/blogg.svenskakyrkan.se\/tankarinforhelgen\/2019\/09\/05\/anledningen-till-att-jag-alskar-regler\/#article","isPartOf":{"@id":"https:\/\/blogg.svenskakyrkan.se\/tankarinforhelgen\/2019\/09\/05\/anledningen-till-att-jag-alskar-regler\/"},"author":{"name":"Magdalena Wernefeldt","@id":"https:\/\/blogg.svenskakyrkan.se\/tankarinforhelgen\/#\/schema\/person\/c19e8a124f507336a7f712f3b02d924b"},"headline":"Anledningen till att jag \u00e4lskar regler","datePublished":"2019-09-05T08:28:23+00:00","dateModified":"2019-09-05T08:47:09+00:00","mainEntityOfPage":{"@id":"https:\/\/blogg.svenskakyrkan.se\/tankarinforhelgen\/2019\/09\/05\/anledningen-till-att-jag-alskar-regler\/"},"wordCount":592,"commentCount":2,"image":{"@id":"https:\/\/blogg.svenskakyrkan.se\/tankarinforhelgen\/2019\/09\/05\/anledningen-till-att-jag-alskar-regler\/#primaryimage"},"thumbnailUrl":"https:\/\/blogg.svenskakyrkan.se\/tankarinforhelgen\/files\/2019\/09\/A4530BB7-1431-441D-96FE-EAC2C93E2E39.jpeg","keywords":["Erik Olebark Ringheim","TANKAR INF\u00d6R HELGEN"],"articleSection":["12:e s\u00f6ndagen efter trefaldighet"],"inLanguage":"sv-SE","potentialAction":[{"@type":"CommentAction","name":"Comment","target":["https:\/\/blogg.svenskakyrkan.se\/tankarinforhelgen\/2019\/09\/05\/anledningen-till-att-jag-alskar-regler\/#respond"]}]},{"@type":"WebPage","@id":"https:\/\/blogg.svenskakyrkan.se\/tankarinforhelgen\/2019\/09\/05\/anledningen-till-att-jag-alskar-regler\/","url":"https:\/\/blogg.svenskakyrkan.se\/tankarinforhelgen\/2019\/09\/05\/anledningen-till-att-jag-alskar-regler\/","name":"Anledningen till att jag \u00e4lskar regler - Tankar inf\u00f6r helgen","isPartOf":{"@id":"https:\/\/blogg.svenskakyrkan.se\/tankarinforhelgen\/#website"},"primaryImageOfPage":{"@id":"https:\/\/blogg.svenskakyrkan.se\/tankarinforhelgen\/2019\/09\/05\/anledningen-till-att-jag-alskar-regler\/#primaryimage"},"image":{"@id":"https:\/\/blogg.svenskakyrkan.se\/tankarinforhelgen\/2019\/09\/05\/anledningen-till-att-jag-alskar-regler\/#primaryimage"},"thumbnailUrl":"https:\/\/blogg.svenskakyrkan.se\/tankarinforhelgen\/files\/2019\/09\/A4530BB7-1431-441D-96FE-EAC2C93E2E39.jpeg","datePublished":"2019-09-05T08:28:23+00:00","dateModified":"2019-09-05T08:47:09+00:00","author":{"@id":"https:\/\/blogg.svenskakyrkan.se\/tankarinforhelgen\/#\/schema\/person\/c19e8a124f507336a7f712f3b02d924b"},"breadcrumb":{"@id":"https:\/\/blogg.svenskakyrkan.se\/tankarinforhelgen\/2019\/09\/05\/anledningen-till-att-jag-alskar-regler\/#breadcrumb"},"inLanguage":"sv-SE","potentialAction":[{"@type":"ReadAction","target":["https:\/\/blogg.svenskakyrkan.se\/tankarinforhelgen\/2019\/09\/05\/anledningen-till-att-jag-alskar-regler\/"]}]},{"@type":"ImageObject","inLanguage":"sv-SE","@id":"https:\/\/blogg.svenskakyrkan.se\/tankarinforhelgen\/2019\/09\/05\/anledningen-till-att-jag-alskar-regler\/#primaryimage","url":"https:\/\/blogg.svenskakyrkan.se\/tankarinforhelgen\/files\/2019\/09\/A4530BB7-1431-441D-96FE-EAC2C93E2E39.jpeg","contentUrl":"https:\/\/blogg.svenskakyrkan.se\/tankarinforhelgen\/files\/2019\/09\/A4530BB7-1431-441D-96FE-EAC2C93E2E39.jpeg","width":2048,"height":1536},{"@type":"BreadcrumbList","@id":"https:\/\/blogg.svenskakyrkan.se\/tankarinforhelgen\/2019\/09\/05\/anledningen-till-att-jag-alskar-regler\/#breadcrumb","itemListElement":[{"@type":"ListItem","position":1,"name":"Hem","item":"https:\/\/blogg.svenskakyrkan.se\/tankarinforhelgen\/"},{"@type":"ListItem","position":2,"name":"Anledningen till att jag \u00e4lskar regler"}]},{"@type":"WebSite","@id":"https:\/\/blogg.svenskakyrkan.se\/tankarinforhelgen\/#website","url":"https:\/\/blogg.svenskakyrkan.se\/tankarinforhelgen\/","name":"Tankar inf\u00f6r helgen","description":"Pr\u00e4ster funderar utifr\u00e5n kommande s\u00f6ndags texter","potentialAction":[{"@type":"SearchAction","target":{"@type":"EntryPoint","urlTemplate":"https:\/\/blogg.svenskakyrkan.se\/tankarinforhelgen\/?s={search_term_string}"},"query-input":{"@type":"PropertyValueSpecification","valueRequired":true,"valueName":"search_term_string"}}],"inLanguage":"sv-SE"},{"@type":"Person","@id":"https:\/\/blogg.svenskakyrkan.se\/tankarinforhelgen\/#\/schema\/person\/c19e8a124f507336a7f712f3b02d924b","name":"Magdalena Wernefeldt","image":{"@type":"ImageObject","inLanguage":"sv-SE","@id":"https:\/\/blogg.svenskakyrkan.se\/tankarinforhelgen\/#\/schema\/person\/image\/","url":"https:\/\/secure.gravatar.com\/avatar\/23dab26aed51bdfcff5c1559ea1a5d339f00dac73f3d56d1d8b724c1d9074328?s=96&d=mm&r=g","contentUrl":"https:\/\/secure.gravatar.com\/avatar\/23dab26aed51bdfcff5c1559ea1a5d339f00dac73f3d56d1d8b724c1d9074328?s=96&d=mm&r=g","caption":"Magdalena Wernefeldt"},"url":"https:\/\/blogg.svenskakyrkan.se\/tankarinforhelgen\/author\/svkmwt\/"}]}},"author_meta":{"ID":"458","user_nicename":"svkmwt","user_registered":"2014-10-14 11:18:34","display_name":"Magdalena Wernefeldt","first_name":"Magdalena","last_name":"Wernefeldt","avatar":"https:\/\/secure.gravatar.com\/avatar\/23dab26aed51bdfcff5c1559ea1a5d339f00dac73f3d56d1d8b724c1d9074328?s=96&d=mm&r=g"},"featured_image":["https:\/\/blogg.svenskakyrkan.se\/tankarinforhelgen\/files\/2019\/09\/A4530BB7-1431-441D-96FE-EAC2C93E2E39-1024x768.jpeg",1024,768,true],"bloginfo":{"name":"Tankar inf\u00f6r helgen","url":"https:\/\/blogg.svenskakyrkan.se\/tankarinforhelgen"},"_links":{"self":[{"href":"https:\/\/blogg.svenskakyrkan.se\/tankarinforhelgen\/wp-json\/wp\/v2\/posts\/1806","targetHints":{"allow":["GET"]}}],"collection":[{"href":"https:\/\/blogg.svenskakyrkan.se\/tankarinforhelgen\/wp-json\/wp\/v2\/posts"}],"about":[{"href":"https:\/\/blogg.svenskakyrkan.se\/tankarinforhelgen\/wp-json\/wp\/v2\/types\/post"}],"author":[{"embeddable":true,"href":"https:\/\/blogg.svenskakyrkan.se\/tankarinforhelgen\/wp-json\/wp\/v2\/users\/458"}],"replies":[{"embeddable":true,"href":"https:\/\/blogg.svenskakyrkan.se\/tankarinforhelgen\/wp-json\/wp\/v2\/comments?post=1806"}],"version-history":[{"count":2,"href":"https:\/\/blogg.svenskakyrkan.se\/tankarinforhelgen\/wp-json\/wp\/v2\/posts\/1806\/revisions"}],"predecessor-version":[{"id":1810,"href":"https:\/\/blogg.svenskakyrkan.se\/tankarinforhelgen\/wp-json\/wp\/v2\/posts\/1806\/revisions\/1810"}],"wp:featuredmedia":[{"embeddable":true,"href":"https:\/\/blogg.svenskakyrkan.se\/tankarinforhelgen\/wp-json\/wp\/v2\/media\/1809"}],"wp:attachment":[{"href":"https:\/\/blogg.svenskakyrkan.se\/tankarinforhelgen\/wp-json\/wp\/v2\/media?parent=1806"}],"wp:term":[{"taxonomy":"category","embeddable":true,"href":"https:\/\/blogg.svenskakyrkan.se\/tankarinforhelgen\/wp-json\/wp\/v2\/categories?post=1806"},{"taxonomy":"post_tag","embeddable":true,"href":"https:\/\/blogg.svenskakyrkan.se\/tankarinforhelgen\/wp-json\/wp\/v2\/tags?post=1806"}],"curies":[{"name":"wp","href":"https:\/\/api.w.org\/{rel}","templated":true}]}}