{"id":181,"date":"2016-11-27T12:44:52","date_gmt":"2016-11-27T11:44:52","guid":{"rendered":"http:\/\/blogg.svenskakyrkan.se\/tankarinforhelgen\/?p=181"},"modified":"2022-05-19T09:46:51","modified_gmt":"2022-05-19T07:46:51","slug":"tillsammans-genom-porten","status":"publish","type":"post","link":"https:\/\/blogg.svenskakyrkan.se\/tankarinforhelgen\/2016\/11\/27\/tillsammans-genom-porten\/","title":{"rendered":"Tillsammans genom porten"},"content":{"rendered":"<p><strong>F\u00f6rsta s\u00f6ndagen i advent, 27 november<\/strong><\/p>\n<p><em>F\u00f6rst en, s\u00e5 tv\u00e5, s\u00e5&#8230; ja, jag tror det m\u00e5ste ha varit minst 15 barn som stod i en enda stor ring och kramade varandra och mig. Och jag t\u00e4nkte: Det \u00e4r s\u00e5 h\u00e4r det \u00e4r \u2013 int\u00e5get i Jerusalem \u2013 bortom orden. S\u00e5 h\u00e4r det \u00e4r n\u00e4r man tas med innanf\u00f6r portarna.<\/em><\/p>\n<p>Det h\u00e4nde sig f\u00f6r n\u00e5gra veckor sedan n\u00e4r jag var ute p\u00e5 biskopsvisitation i Kvismare f\u00f6rsamling, s\u00f6dra N\u00e4rke. Visitationsbussen stannade till vid F-5-skolan i Fridhem d\u00e4r ett helt blomsterf\u00e5ng av f\u00f6rv\u00e4ntansfulla barn glatt stormade fram med teckningar och fr\u00e5gor.<\/p>\n<p>Titta h\u00e4r \u2013 och h\u00e4r \u2013 och h\u00e4r \u2013 och jag heter Si och jag S\u00e5 och jag har en s\u00e5n h\u00e4r tr\u00f6ja \u2013 och det har jag med (n\u00e4stan) och vi ska ha gymnastik snart, och \u00e4r det d\u00e4r ditt kors och f\u00e5r jag ta p\u00e5 det och s\u00e5\u2026 s\u00e5 b\u00f6rjade de kramas. F\u00f6rst en, s\u00e5 tv\u00e5, s\u00e5&#8230; ja, jag tror det m\u00e5ste ha varit minst 15 barn som stod i en enda stor ring och kramade varandra och mig. Och jag t\u00e4nkte: Det \u00e4r s\u00e5 h\u00e4r det \u00e4r \u2013 int\u00e5get i Jerusalem \u2013 bortom orden. S\u00e5 h\u00e4r det \u00e4r n\u00e4r man tas med innanf\u00f6r portarna.<\/p>\n<p>P\u00e5 F\u00f6rsta s\u00f6ndagen i Advent m\u00f6ts vi i det v\u00e4lupptrampade dammet utanf\u00f6r Jerusalems stadsportar. H\u00e4r har vi m\u00f6tts s\u00e5 m\u00e5nga g\u00e5nger f\u00f6rut \u2013 Advent efter Advent \u2013 Palms\u00f6ndag efter Palms\u00f6ndag. \u00c4r du en erfaren kyrkog\u00e5ngare undrar nog du liksom jag om det finns n\u00e5got nytt att till\u00e4gga om detta omv\u00e4lvande \u00f6gonblick? S\u00e5 mycket klokt \u00e4r ju redan sagt.<\/p>\n<section class=\"c-quote quote--article quote--right\">\n<div class=\"quote-container grid-container\">\n<blockquote class=\"quote-content\">\n<p class=\"quote-text\">Men var det detta han ville? Ha min djupt k\u00e4nda men trots allt r\u00e4tt flyktiga hyllning?<\/p>\n<\/blockquote>\n<\/div>\n<\/section>\n<p>Utom m\u00f6jligen det d\u00e4r med barnen i Fridhem\u2026 De som ihopkramade en hel skolg\u00e5rd till mig som v\u00e4lkomsth\u00e4lsning.<\/p>\n<p>N\u00e4r Jesus kommer ridande p\u00e5 \u00e5sninnan p\u00e5 v\u00e4g in i Jerusalem rusar jag fram med min l\u00e4ngtan och beundran. Halleluja \u2013 h\u00e4r \u00e4r jag \u2013 ser du mig \u2013 jag kommer med detta och detta och detta i livsryggs\u00e4cken min. Och s\u00e5 viftar jag med mitt palmblad och sprider ut min mantel f\u00f6r Jesu f\u00f6tter. Och fem minuter senare har han passerat, jag plockar ihop mina prylar och g\u00e5r hem.<\/p>\n<p>Men var det detta han ville? Ha min djupt k\u00e4nda men trots allt r\u00e4tt flyktiga hyllning?<\/p>\n<p>Hade han kanske hellre sett att jag slutit mig t\u00e4tt intill hans sida och f\u00f6ljt honom genom porten och upp till Jerusalem. Att jag delat hans \u00f6de som han delar mitt?<\/p>\n<p>Barnens varma mottagande ska inte \u00f6vertolkas \u2013 de kom p\u00e5 att de ville kramas och gjorde det. Men genom att \u201dbara g\u00f6ra det\u201d uttryckte de en omedelbar tillgivenhet i \u00f6gonblicket som jag borde ta efter. Herren tar g\u00e4rna emot min b\u00f6n och lovs\u00e5ng, och det \u00e4r stort f\u00f6r mig \u2013 men vad av det han beh\u00f6ver ger jag honom? F\u00f6ljer jag honom ocks\u00e5 dit jag inte g\u00e4rna vill g\u00e5? Sluter jag mitt hj\u00e4rta till hans hj\u00e4rta och ger mig h\u00e4n?<\/p>\n<p>Porten in i Jerusalem \u00e4r bred nog f\u00f6r oss b\u00e5da.<\/p>\n<p>S\u00e5 varf\u00f6r viker jag emellan\u00e5t av\u2026?<\/p>\n<p><em>Johan Dalman<\/em><br \/>\n<em>Biskop i Str\u00e4ngn\u00e4s<\/em><\/p>\n","protected":false},"excerpt":{"rendered":"<p>F\u00f6rsta s\u00f6ndagen i advent, 27 november F\u00f6rst en, s\u00e5 tv\u00e5, s\u00e5&#8230; ja, jag tror det m\u00e5ste ha varit minst 15 barn som stod i en enda stor ring och kramade varandra och mig. Och jag t\u00e4nkte: Det \u00e4r s\u00e5 h\u00e4r det \u00e4r \u2013 int\u00e5get i Jerusalem \u2013 bortom orden. S\u00e5 h\u00e4r det \u00e4r n\u00e4r man [&hellip;]<\/p>\n","protected":false},"author":458,"featured_media":0,"comment_status":"open","ping_status":"open","sticky":false,"template":"","format":"standard","meta":{"_acf_changed":false,"footnotes":""},"categories":[128354],"tags":[],"class_list":["post-181","post","type-post","status-publish","format-standard","hentry","category-forsta-sondagen-i-advent"],"acf":[],"yoast_head":"<!-- This site is optimized with the Yoast SEO plugin v27.1.1 - https:\/\/yoast.com\/product\/yoast-seo-wordpress\/ -->\n<title>Tillsammans genom porten - Tankar inf\u00f6r helgen<\/title>\n<meta name=\"robots\" content=\"index, follow, max-snippet:-1, max-image-preview:large, max-video-preview:-1\" \/>\n<link rel=\"canonical\" href=\"https:\/\/blogg.svenskakyrkan.se\/tankarinforhelgen\/2016\/11\/27\/tillsammans-genom-porten\/\" \/>\n<meta property=\"og:locale\" content=\"sv_SE\" \/>\n<meta property=\"og:type\" content=\"article\" \/>\n<meta property=\"og:title\" content=\"Tillsammans genom porten - Tankar inf\u00f6r helgen\" \/>\n<meta property=\"og:description\" content=\"F\u00f6rsta s\u00f6ndagen i advent, 27 november F\u00f6rst en, s\u00e5 tv\u00e5, s\u00e5&#8230; ja, jag tror det m\u00e5ste ha varit minst 15 barn som stod i en enda stor ring och kramade varandra och mig. Och jag t\u00e4nkte: Det \u00e4r s\u00e5 h\u00e4r det \u00e4r \u2013 int\u00e5get i Jerusalem \u2013 bortom orden. S\u00e5 h\u00e4r det \u00e4r n\u00e4r man [&hellip;]\" \/>\n<meta property=\"og:url\" content=\"https:\/\/blogg.svenskakyrkan.se\/tankarinforhelgen\/2016\/11\/27\/tillsammans-genom-porten\/\" \/>\n<meta property=\"og:site_name\" content=\"Tankar inf\u00f6r helgen\" \/>\n<meta property=\"article:published_time\" content=\"2016-11-27T11:44:52+00:00\" \/>\n<meta property=\"article:modified_time\" content=\"2022-05-19T07:46:51+00:00\" \/>\n<meta name=\"author\" content=\"Magdalena Wernefeldt\" \/>\n<meta name=\"twitter:card\" content=\"summary_large_image\" \/>\n<meta name=\"twitter:label1\" content=\"Skriven av\" \/>\n\t<meta name=\"twitter:data1\" content=\"Magdalena Wernefeldt\" \/>\n\t<meta name=\"twitter:label2\" content=\"Ber\u00e4knad l\u00e4stid\" \/>\n\t<meta name=\"twitter:data2\" content=\"3 minuter\" \/>\n<script type=\"application\/ld+json\" class=\"yoast-schema-graph\">{\"@context\":\"https:\/\/schema.org\",\"@graph\":[{\"@type\":\"Article\",\"@id\":\"https:\/\/blogg.svenskakyrkan.se\/tankarinforhelgen\/2016\/11\/27\/tillsammans-genom-porten\/#article\",\"isPartOf\":{\"@id\":\"https:\/\/blogg.svenskakyrkan.se\/tankarinforhelgen\/2016\/11\/27\/tillsammans-genom-porten\/\"},\"author\":{\"name\":\"Magdalena Wernefeldt\",\"@id\":\"https:\/\/blogg.svenskakyrkan.se\/tankarinforhelgen\/#\/schema\/person\/c19e8a124f507336a7f712f3b02d924b\"},\"headline\":\"Tillsammans genom porten\",\"datePublished\":\"2016-11-27T11:44:52+00:00\",\"dateModified\":\"2022-05-19T07:46:51+00:00\",\"mainEntityOfPage\":{\"@id\":\"https:\/\/blogg.svenskakyrkan.se\/tankarinforhelgen\/2016\/11\/27\/tillsammans-genom-porten\/\"},\"wordCount\":593,\"commentCount\":0,\"articleSection\":[\"F\u00f6rsta s\u00f6ndagen i advent\"],\"inLanguage\":\"sv-SE\",\"potentialAction\":[{\"@type\":\"CommentAction\",\"name\":\"Comment\",\"target\":[\"https:\/\/blogg.svenskakyrkan.se\/tankarinforhelgen\/2016\/11\/27\/tillsammans-genom-porten\/#respond\"]}]},{\"@type\":\"WebPage\",\"@id\":\"https:\/\/blogg.svenskakyrkan.se\/tankarinforhelgen\/2016\/11\/27\/tillsammans-genom-porten\/\",\"url\":\"https:\/\/blogg.svenskakyrkan.se\/tankarinforhelgen\/2016\/11\/27\/tillsammans-genom-porten\/\",\"name\":\"Tillsammans genom porten - Tankar inf\u00f6r helgen\",\"isPartOf\":{\"@id\":\"https:\/\/blogg.svenskakyrkan.se\/tankarinforhelgen\/#website\"},\"datePublished\":\"2016-11-27T11:44:52+00:00\",\"dateModified\":\"2022-05-19T07:46:51+00:00\",\"author\":{\"@id\":\"https:\/\/blogg.svenskakyrkan.se\/tankarinforhelgen\/#\/schema\/person\/c19e8a124f507336a7f712f3b02d924b\"},\"breadcrumb\":{\"@id\":\"https:\/\/blogg.svenskakyrkan.se\/tankarinforhelgen\/2016\/11\/27\/tillsammans-genom-porten\/#breadcrumb\"},\"inLanguage\":\"sv-SE\",\"potentialAction\":[{\"@type\":\"ReadAction\",\"target\":[\"https:\/\/blogg.svenskakyrkan.se\/tankarinforhelgen\/2016\/11\/27\/tillsammans-genom-porten\/\"]}]},{\"@type\":\"BreadcrumbList\",\"@id\":\"https:\/\/blogg.svenskakyrkan.se\/tankarinforhelgen\/2016\/11\/27\/tillsammans-genom-porten\/#breadcrumb\",\"itemListElement\":[{\"@type\":\"ListItem\",\"position\":1,\"name\":\"Hem\",\"item\":\"https:\/\/blogg.svenskakyrkan.se\/tankarinforhelgen\/\"},{\"@type\":\"ListItem\",\"position\":2,\"name\":\"Tillsammans genom porten\"}]},{\"@type\":\"WebSite\",\"@id\":\"https:\/\/blogg.svenskakyrkan.se\/tankarinforhelgen\/#website\",\"url\":\"https:\/\/blogg.svenskakyrkan.se\/tankarinforhelgen\/\",\"name\":\"Tankar inf\u00f6r helgen\",\"description\":\"Pr\u00e4ster funderar utifr\u00e5n kommande s\u00f6ndags texter\",\"potentialAction\":[{\"@type\":\"SearchAction\",\"target\":{\"@type\":\"EntryPoint\",\"urlTemplate\":\"https:\/\/blogg.svenskakyrkan.se\/tankarinforhelgen\/?s={search_term_string}\"},\"query-input\":{\"@type\":\"PropertyValueSpecification\",\"valueRequired\":true,\"valueName\":\"search_term_string\"}}],\"inLanguage\":\"sv-SE\"},{\"@type\":\"Person\",\"@id\":\"https:\/\/blogg.svenskakyrkan.se\/tankarinforhelgen\/#\/schema\/person\/c19e8a124f507336a7f712f3b02d924b\",\"name\":\"Magdalena Wernefeldt\",\"image\":{\"@type\":\"ImageObject\",\"inLanguage\":\"sv-SE\",\"@id\":\"https:\/\/blogg.svenskakyrkan.se\/tankarinforhelgen\/#\/schema\/person\/image\/\",\"url\":\"https:\/\/secure.gravatar.com\/avatar\/23dab26aed51bdfcff5c1559ea1a5d339f00dac73f3d56d1d8b724c1d9074328?s=96&d=mm&r=g\",\"contentUrl\":\"https:\/\/secure.gravatar.com\/avatar\/23dab26aed51bdfcff5c1559ea1a5d339f00dac73f3d56d1d8b724c1d9074328?s=96&d=mm&r=g\",\"caption\":\"Magdalena Wernefeldt\"},\"url\":\"https:\/\/blogg.svenskakyrkan.se\/tankarinforhelgen\/author\/svkmwt\/\"}]}<\/script>\n<!-- \/ Yoast SEO plugin. -->","yoast_head_json":{"title":"Tillsammans genom porten - Tankar inf\u00f6r helgen","robots":{"index":"index","follow":"follow","max-snippet":"max-snippet:-1","max-image-preview":"max-image-preview:large","max-video-preview":"max-video-preview:-1"},"canonical":"https:\/\/blogg.svenskakyrkan.se\/tankarinforhelgen\/2016\/11\/27\/tillsammans-genom-porten\/","og_locale":"sv_SE","og_type":"article","og_title":"Tillsammans genom porten - Tankar inf\u00f6r helgen","og_description":"F\u00f6rsta s\u00f6ndagen i advent, 27 november F\u00f6rst en, s\u00e5 tv\u00e5, s\u00e5&#8230; ja, jag tror det m\u00e5ste ha varit minst 15 barn som stod i en enda stor ring och kramade varandra och mig. Och jag t\u00e4nkte: Det \u00e4r s\u00e5 h\u00e4r det \u00e4r \u2013 int\u00e5get i Jerusalem \u2013 bortom orden. S\u00e5 h\u00e4r det \u00e4r n\u00e4r man [&hellip;]","og_url":"https:\/\/blogg.svenskakyrkan.se\/tankarinforhelgen\/2016\/11\/27\/tillsammans-genom-porten\/","og_site_name":"Tankar inf\u00f6r helgen","article_published_time":"2016-11-27T11:44:52+00:00","article_modified_time":"2022-05-19T07:46:51+00:00","author":"Magdalena Wernefeldt","twitter_card":"summary_large_image","twitter_misc":{"Skriven av":"Magdalena Wernefeldt","Ber\u00e4knad l\u00e4stid":"3 minuter"},"schema":{"@context":"https:\/\/schema.org","@graph":[{"@type":"Article","@id":"https:\/\/blogg.svenskakyrkan.se\/tankarinforhelgen\/2016\/11\/27\/tillsammans-genom-porten\/#article","isPartOf":{"@id":"https:\/\/blogg.svenskakyrkan.se\/tankarinforhelgen\/2016\/11\/27\/tillsammans-genom-porten\/"},"author":{"name":"Magdalena Wernefeldt","@id":"https:\/\/blogg.svenskakyrkan.se\/tankarinforhelgen\/#\/schema\/person\/c19e8a124f507336a7f712f3b02d924b"},"headline":"Tillsammans genom porten","datePublished":"2016-11-27T11:44:52+00:00","dateModified":"2022-05-19T07:46:51+00:00","mainEntityOfPage":{"@id":"https:\/\/blogg.svenskakyrkan.se\/tankarinforhelgen\/2016\/11\/27\/tillsammans-genom-porten\/"},"wordCount":593,"commentCount":0,"articleSection":["F\u00f6rsta s\u00f6ndagen i advent"],"inLanguage":"sv-SE","potentialAction":[{"@type":"CommentAction","name":"Comment","target":["https:\/\/blogg.svenskakyrkan.se\/tankarinforhelgen\/2016\/11\/27\/tillsammans-genom-porten\/#respond"]}]},{"@type":"WebPage","@id":"https:\/\/blogg.svenskakyrkan.se\/tankarinforhelgen\/2016\/11\/27\/tillsammans-genom-porten\/","url":"https:\/\/blogg.svenskakyrkan.se\/tankarinforhelgen\/2016\/11\/27\/tillsammans-genom-porten\/","name":"Tillsammans genom porten - Tankar inf\u00f6r helgen","isPartOf":{"@id":"https:\/\/blogg.svenskakyrkan.se\/tankarinforhelgen\/#website"},"datePublished":"2016-11-27T11:44:52+00:00","dateModified":"2022-05-19T07:46:51+00:00","author":{"@id":"https:\/\/blogg.svenskakyrkan.se\/tankarinforhelgen\/#\/schema\/person\/c19e8a124f507336a7f712f3b02d924b"},"breadcrumb":{"@id":"https:\/\/blogg.svenskakyrkan.se\/tankarinforhelgen\/2016\/11\/27\/tillsammans-genom-porten\/#breadcrumb"},"inLanguage":"sv-SE","potentialAction":[{"@type":"ReadAction","target":["https:\/\/blogg.svenskakyrkan.se\/tankarinforhelgen\/2016\/11\/27\/tillsammans-genom-porten\/"]}]},{"@type":"BreadcrumbList","@id":"https:\/\/blogg.svenskakyrkan.se\/tankarinforhelgen\/2016\/11\/27\/tillsammans-genom-porten\/#breadcrumb","itemListElement":[{"@type":"ListItem","position":1,"name":"Hem","item":"https:\/\/blogg.svenskakyrkan.se\/tankarinforhelgen\/"},{"@type":"ListItem","position":2,"name":"Tillsammans genom porten"}]},{"@type":"WebSite","@id":"https:\/\/blogg.svenskakyrkan.se\/tankarinforhelgen\/#website","url":"https:\/\/blogg.svenskakyrkan.se\/tankarinforhelgen\/","name":"Tankar inf\u00f6r helgen","description":"Pr\u00e4ster funderar utifr\u00e5n kommande s\u00f6ndags texter","potentialAction":[{"@type":"SearchAction","target":{"@type":"EntryPoint","urlTemplate":"https:\/\/blogg.svenskakyrkan.se\/tankarinforhelgen\/?s={search_term_string}"},"query-input":{"@type":"PropertyValueSpecification","valueRequired":true,"valueName":"search_term_string"}}],"inLanguage":"sv-SE"},{"@type":"Person","@id":"https:\/\/blogg.svenskakyrkan.se\/tankarinforhelgen\/#\/schema\/person\/c19e8a124f507336a7f712f3b02d924b","name":"Magdalena Wernefeldt","image":{"@type":"ImageObject","inLanguage":"sv-SE","@id":"https:\/\/blogg.svenskakyrkan.se\/tankarinforhelgen\/#\/schema\/person\/image\/","url":"https:\/\/secure.gravatar.com\/avatar\/23dab26aed51bdfcff5c1559ea1a5d339f00dac73f3d56d1d8b724c1d9074328?s=96&d=mm&r=g","contentUrl":"https:\/\/secure.gravatar.com\/avatar\/23dab26aed51bdfcff5c1559ea1a5d339f00dac73f3d56d1d8b724c1d9074328?s=96&d=mm&r=g","caption":"Magdalena Wernefeldt"},"url":"https:\/\/blogg.svenskakyrkan.se\/tankarinforhelgen\/author\/svkmwt\/"}]}},"author_meta":{"ID":"458","user_nicename":"svkmwt","user_registered":"2014-10-14 11:18:34","display_name":"Magdalena Wernefeldt","first_name":"Magdalena","last_name":"Wernefeldt","avatar":"https:\/\/secure.gravatar.com\/avatar\/23dab26aed51bdfcff5c1559ea1a5d339f00dac73f3d56d1d8b724c1d9074328?s=96&d=mm&r=g"},"featured_image":false,"bloginfo":{"name":"Tankar inf\u00f6r helgen","url":"https:\/\/blogg.svenskakyrkan.se\/tankarinforhelgen"},"_links":{"self":[{"href":"https:\/\/blogg.svenskakyrkan.se\/tankarinforhelgen\/wp-json\/wp\/v2\/posts\/181","targetHints":{"allow":["GET"]}}],"collection":[{"href":"https:\/\/blogg.svenskakyrkan.se\/tankarinforhelgen\/wp-json\/wp\/v2\/posts"}],"about":[{"href":"https:\/\/blogg.svenskakyrkan.se\/tankarinforhelgen\/wp-json\/wp\/v2\/types\/post"}],"author":[{"embeddable":true,"href":"https:\/\/blogg.svenskakyrkan.se\/tankarinforhelgen\/wp-json\/wp\/v2\/users\/458"}],"replies":[{"embeddable":true,"href":"https:\/\/blogg.svenskakyrkan.se\/tankarinforhelgen\/wp-json\/wp\/v2\/comments?post=181"}],"version-history":[{"count":2,"href":"https:\/\/blogg.svenskakyrkan.se\/tankarinforhelgen\/wp-json\/wp\/v2\/posts\/181\/revisions"}],"predecessor-version":[{"id":2772,"href":"https:\/\/blogg.svenskakyrkan.se\/tankarinforhelgen\/wp-json\/wp\/v2\/posts\/181\/revisions\/2772"}],"wp:attachment":[{"href":"https:\/\/blogg.svenskakyrkan.se\/tankarinforhelgen\/wp-json\/wp\/v2\/media?parent=181"}],"wp:term":[{"taxonomy":"category","embeddable":true,"href":"https:\/\/blogg.svenskakyrkan.se\/tankarinforhelgen\/wp-json\/wp\/v2\/categories?post=181"},{"taxonomy":"post_tag","embeddable":true,"href":"https:\/\/blogg.svenskakyrkan.se\/tankarinforhelgen\/wp-json\/wp\/v2\/tags?post=181"}],"curies":[{"name":"wp","href":"https:\/\/api.w.org\/{rel}","templated":true}]}}