{"id":1842,"date":"2019-10-14T14:14:07","date_gmt":"2019-10-14T12:14:07","guid":{"rendered":"http:\/\/blogg.svenskakyrkan.se\/tankarinforhelgen\/?p=1842"},"modified":"2019-10-14T17:32:46","modified_gmt":"2019-10-14T15:32:46","slug":"nar-han-ser-med-karlek-pa-en-manniska","status":"publish","type":"post","link":"https:\/\/blogg.svenskakyrkan.se\/tankarinforhelgen\/2019\/10\/14\/nar-han-ser-med-karlek-pa-en-manniska\/","title":{"rendered":"N\u00e4r han ser med k\u00e4rlek p\u00e5 en m\u00e4nniska"},"content":{"rendered":"<p>Det \u00e4r i ett v\u00e4gsk\u00e4l Jesus blir avbruten. Mitt i steget. V\u00e4garna drar \u00e5t olika h\u00e5ll.  En m\u00e4nniska kommer springande. Utan n\u00e5gra artigheter, eller kanske med den finaste av artigheter, faller han p\u00e5 kn\u00e4. Hans innersta fr\u00e5ga blir sagd innan vare sig han sj\u00e4lv eller Jesus hinner t\u00e4nka efter. <\/p>\n<p>Han har tampats med livet. Han har lyckats med mycket och han har missat annat. Blivit s\u00e5rad och blivit uppskattad. S\u00e5d\u00e4r som folk har det mest. Men p\u00e5 sistone har det vanliga inte r\u00e4ckt f\u00f6r att vardagsgl\u00e4djen ska infinna sig. \u2013Fanns det inget mera? \u2013Var det h\u00e4r allt? Han v\u00e5gar knappt t\u00e4nka sina fr\u00e5gor, \u00e4n mindre s\u00e4ga dem till n\u00e5gon. Det \u00e4r inget man talar om vid fikabordet. Det d\u00e4r med livet. Vad \u00e4r det f\u00f6r mening med alltsammans? Leder livet till n\u00e5got mer \u00e4n det som syns? Tar det bara slut en dag?<\/p>\n<p>En enda fr\u00e5ga famnar hans brottning och tysta undran. Han k\u00e4nner knappt igen sin egen r\u00f6st n\u00e4r han s\u00e4ger:<br \/>\n-Vad ska jag g\u00f6ra f\u00f6r att vinna evigt liv?  <\/p>\n<p>Universum h\u00e5ller andan i en evig sekund n\u00e4r det \u00e4r sagt. Vad ska h\u00e4nda nu? Han f\u00e5r det svar som han redan har och en suck h\u00f6rs fr\u00e5n m\u00f6tet i v\u00e4gsk\u00e4let. Jo, han vet att de gamla budorden \u00e4r ledstj\u00e4rnor. Jo, han har orienterat efter dem sedan han var ung. Jo, det d\u00e4r \u00e4r nog bra&#8230;<\/p>\n<p>I den sucken ser Jesus p\u00e5 mannen med k\u00e4rlek. Som om sucken beh\u00f6vs f\u00f6r att allt ska bli stilla. Tillr\u00e4ckligt stilla f\u00f6r att det riktigt viktiga ska h\u00f6ras:<br \/>\n \u2013Men f\u00f6r att hitta skatten du s\u00f6ker beh\u00f6ver du s\u00e4lja det du \u00e4ger, ge det \u00e5t de fattiga och sen ska du komma och f\u00f6lja mig! Ta bort och f\u00e5 undan det som st\u00e5r i v\u00e4gen!<\/p>\n<p>Det \u00e4r det sista svar mannen vill ha. Hans uppsyn m\u00f6rknar, f\u00f6r att han \u00e4ger mycket. Och d\u00e4rf\u00f6r \u00e4r svaret det sv\u00e5raste av svar. Vem vill kapa den trygga livlinan?  Det kan v\u00e4l inte vara klokt! <\/p>\n<p>Det st\u00e5r att mannen bedr\u00f6vad g\u00e5r sin v\u00e4g. Vi ser honom inte mer. Men Jesus ser p\u00e5 honom med k\u00e4rlek. Jesus st\u00e5r i sitt livs v\u00e4gsk\u00e4l n\u00e4r en m\u00e4nniska kommer springande. Mitt i v\u00e4gsk\u00e4let blir beslutet sj\u00e4lvklart. Han ska forts\u00e4tta se p\u00e5 den h\u00e4r m\u00e4nskan med k\u00e4rlek. Ocks\u00e5 n\u00e4r den h\u00e4r m\u00e4nskan g\u00e5r ber\u00f6vad bort och inte f\u00f6rm\u00e5r v\u00e4lja det som skulle ge honom liv. <\/p>\n<p>-Vad? s\u00e4ger l\u00e4rjungarna och det \u00e4r tur att Jesus ser ocks\u00e5 p\u00e5 dem med k\u00e4rlek f\u00f6r de fattar inte mycket. (Den h\u00e4r g\u00e5ngen heller).<br \/>\n\u2013Hur ska det h\u00e4r g\u00e5 till?<br \/>\n\u2013Du s\u00e4ger att det \u00e4r lika sv\u00e5rt f\u00f6r den h\u00e4r mannen att finna livets skatt som det \u00e4r f\u00f6r en kamel att komma genom ett n\u00e5ls\u00f6ga!<br \/>\n-Det \u00e4r just det som \u00e4r grejen, svarar Jesus s\u00e5 att det h\u00f6rs \u00e4nda till v\u00e5ra lyssnande \u00f6ron. Det \u00e4r d\u00e4rf\u00f6r jag tar v\u00e4gen som \u00e4r din v\u00e4g. Det du inte ser nu tar jag med p\u00e5 meningens v\u00e4g genom tiden. <\/p>\n<p>N\u00e5gra rader senare i Markusevangeliets ber\u00e4ttelse har Jesus tagit stegen in p\u00e5 k\u00e4rlekens v\u00e4g som tar oss med genom d\u00f6d till liv. <\/p>\n<p>Men innan det hade det h\u00e4r h\u00e4nt: En m\u00e4nniska hade kommit farande med allt sitt till honom. D\u00e4r och d\u00e5 best\u00e4mmer sig Jesus f\u00f6r att forts\u00e4tta se p\u00e5 honom med k\u00e4rlek. Den m\u00e4nniskan \u00e4r du och jag. In i d\u00f6den ser han oss med s\u00e5dan k\u00e4rlek att det enda som blir kvar \u00e4r liv.<\/p>\n","protected":false},"excerpt":{"rendered":"<p>Det \u00e4r i ett v\u00e4gsk\u00e4l Jesus blir avbruten. Mitt i steget. V\u00e4garna drar \u00e5t olika h\u00e5ll. En m\u00e4nniska kommer springande. Utan n\u00e5gra artigheter, eller kanske med den finaste av artigheter, faller han p\u00e5 kn\u00e4. Hans innersta fr\u00e5ga blir sagd innan vare sig han sj\u00e4lv eller Jesus hinner t\u00e4nka efter. Han har tampats med livet. Han [&hellip;]<\/p>\n","protected":false},"author":666,"featured_media":1850,"comment_status":"open","ping_status":"open","sticky":false,"template":"","format":"standard","meta":{"_acf_changed":false,"footnotes":""},"categories":[130470],"tags":[159864,29565],"class_list":["post-1842","post","type-post","status-publish","format-standard","has-post-thumbnail","hentry","category-18e-sondagen-efter-trefaldighet","tag-bk-ekstrand","tag-tankar-infor-helgen"],"acf":[],"yoast_head":"<!-- This site is optimized with the Yoast SEO plugin v27.1.1 - https:\/\/yoast.com\/product\/yoast-seo-wordpress\/ -->\n<title>N\u00e4r han ser med k\u00e4rlek p\u00e5 en m\u00e4nniska - Tankar inf\u00f6r helgen<\/title>\n<meta name=\"robots\" content=\"index, follow, max-snippet:-1, max-image-preview:large, max-video-preview:-1\" \/>\n<link rel=\"canonical\" href=\"https:\/\/blogg.svenskakyrkan.se\/tankarinforhelgen\/2019\/10\/14\/nar-han-ser-med-karlek-pa-en-manniska\/\" \/>\n<meta property=\"og:locale\" content=\"sv_SE\" \/>\n<meta property=\"og:type\" content=\"article\" \/>\n<meta property=\"og:title\" content=\"N\u00e4r han ser med k\u00e4rlek p\u00e5 en m\u00e4nniska - Tankar inf\u00f6r helgen\" \/>\n<meta property=\"og:description\" content=\"Det \u00e4r i ett v\u00e4gsk\u00e4l Jesus blir avbruten. Mitt i steget. V\u00e4garna drar \u00e5t olika h\u00e5ll. En m\u00e4nniska kommer springande. Utan n\u00e5gra artigheter, eller kanske med den finaste av artigheter, faller han p\u00e5 kn\u00e4. Hans innersta fr\u00e5ga blir sagd innan vare sig han sj\u00e4lv eller Jesus hinner t\u00e4nka efter. Han har tampats med livet. Han [&hellip;]\" \/>\n<meta property=\"og:url\" content=\"https:\/\/blogg.svenskakyrkan.se\/tankarinforhelgen\/2019\/10\/14\/nar-han-ser-med-karlek-pa-en-manniska\/\" \/>\n<meta property=\"og:site_name\" content=\"Tankar inf\u00f6r helgen\" \/>\n<meta property=\"article:published_time\" content=\"2019-10-14T12:14:07+00:00\" \/>\n<meta property=\"article:modified_time\" content=\"2019-10-14T15:32:46+00:00\" \/>\n<meta name=\"author\" content=\"Britt-Karin Ekstrand, pr\u00e4st\" \/>\n<meta name=\"twitter:card\" content=\"summary_large_image\" \/>\n<meta name=\"twitter:label1\" content=\"Skriven av\" \/>\n\t<meta name=\"twitter:data1\" content=\"Britt-Karin Ekstrand, pr\u00e4st\" \/>\n\t<meta name=\"twitter:label2\" content=\"Ber\u00e4knad l\u00e4stid\" \/>\n\t<meta name=\"twitter:data2\" content=\"3 minuter\" \/>\n<script type=\"application\/ld+json\" class=\"yoast-schema-graph\">{\"@context\":\"https:\/\/schema.org\",\"@graph\":[{\"@type\":\"Article\",\"@id\":\"https:\/\/blogg.svenskakyrkan.se\/tankarinforhelgen\/2019\/10\/14\/nar-han-ser-med-karlek-pa-en-manniska\/#article\",\"isPartOf\":{\"@id\":\"https:\/\/blogg.svenskakyrkan.se\/tankarinforhelgen\/2019\/10\/14\/nar-han-ser-med-karlek-pa-en-manniska\/\"},\"author\":{\"name\":\"Britt-Karin Ekstrand, pr\u00e4st\",\"@id\":\"https:\/\/blogg.svenskakyrkan.se\/tankarinforhelgen\/#\/schema\/person\/b71e37fb25791f886e690531c593d0ce\"},\"headline\":\"N\u00e4r han ser med k\u00e4rlek p\u00e5 en m\u00e4nniska\",\"datePublished\":\"2019-10-14T12:14:07+00:00\",\"dateModified\":\"2019-10-14T15:32:46+00:00\",\"mainEntityOfPage\":{\"@id\":\"https:\/\/blogg.svenskakyrkan.se\/tankarinforhelgen\/2019\/10\/14\/nar-han-ser-med-karlek-pa-en-manniska\/\"},\"wordCount\":700,\"commentCount\":2,\"image\":{\"@id\":\"https:\/\/blogg.svenskakyrkan.se\/tankarinforhelgen\/2019\/10\/14\/nar-han-ser-med-karlek-pa-en-manniska\/#primaryimage\"},\"thumbnailUrl\":\"https:\/\/blogg.svenskakyrkan.se\/tankarinforhelgen\/files\/2019\/10\/signpost.jpg\",\"keywords\":[\"BK Ekstrand\",\"TANKAR INF\u00d6R HELGEN\"],\"articleSection\":[\"18:e s\u00f6ndagen efter trefaldighet\"],\"inLanguage\":\"sv-SE\",\"potentialAction\":[{\"@type\":\"CommentAction\",\"name\":\"Comment\",\"target\":[\"https:\/\/blogg.svenskakyrkan.se\/tankarinforhelgen\/2019\/10\/14\/nar-han-ser-med-karlek-pa-en-manniska\/#respond\"]}]},{\"@type\":\"WebPage\",\"@id\":\"https:\/\/blogg.svenskakyrkan.se\/tankarinforhelgen\/2019\/10\/14\/nar-han-ser-med-karlek-pa-en-manniska\/\",\"url\":\"https:\/\/blogg.svenskakyrkan.se\/tankarinforhelgen\/2019\/10\/14\/nar-han-ser-med-karlek-pa-en-manniska\/\",\"name\":\"N\u00e4r han ser med k\u00e4rlek p\u00e5 en m\u00e4nniska - Tankar inf\u00f6r helgen\",\"isPartOf\":{\"@id\":\"https:\/\/blogg.svenskakyrkan.se\/tankarinforhelgen\/#website\"},\"primaryImageOfPage\":{\"@id\":\"https:\/\/blogg.svenskakyrkan.se\/tankarinforhelgen\/2019\/10\/14\/nar-han-ser-med-karlek-pa-en-manniska\/#primaryimage\"},\"image\":{\"@id\":\"https:\/\/blogg.svenskakyrkan.se\/tankarinforhelgen\/2019\/10\/14\/nar-han-ser-med-karlek-pa-en-manniska\/#primaryimage\"},\"thumbnailUrl\":\"https:\/\/blogg.svenskakyrkan.se\/tankarinforhelgen\/files\/2019\/10\/signpost.jpg\",\"datePublished\":\"2019-10-14T12:14:07+00:00\",\"dateModified\":\"2019-10-14T15:32:46+00:00\",\"author\":{\"@id\":\"https:\/\/blogg.svenskakyrkan.se\/tankarinforhelgen\/#\/schema\/person\/b71e37fb25791f886e690531c593d0ce\"},\"breadcrumb\":{\"@id\":\"https:\/\/blogg.svenskakyrkan.se\/tankarinforhelgen\/2019\/10\/14\/nar-han-ser-med-karlek-pa-en-manniska\/#breadcrumb\"},\"inLanguage\":\"sv-SE\",\"potentialAction\":[{\"@type\":\"ReadAction\",\"target\":[\"https:\/\/blogg.svenskakyrkan.se\/tankarinforhelgen\/2019\/10\/14\/nar-han-ser-med-karlek-pa-en-manniska\/\"]}]},{\"@type\":\"ImageObject\",\"inLanguage\":\"sv-SE\",\"@id\":\"https:\/\/blogg.svenskakyrkan.se\/tankarinforhelgen\/2019\/10\/14\/nar-han-ser-med-karlek-pa-en-manniska\/#primaryimage\",\"url\":\"https:\/\/blogg.svenskakyrkan.se\/tankarinforhelgen\/files\/2019\/10\/signpost.jpg\",\"contentUrl\":\"https:\/\/blogg.svenskakyrkan.se\/tankarinforhelgen\/files\/2019\/10\/signpost.jpg\",\"width\":1178,\"height\":836},{\"@type\":\"BreadcrumbList\",\"@id\":\"https:\/\/blogg.svenskakyrkan.se\/tankarinforhelgen\/2019\/10\/14\/nar-han-ser-med-karlek-pa-en-manniska\/#breadcrumb\",\"itemListElement\":[{\"@type\":\"ListItem\",\"position\":1,\"name\":\"Hem\",\"item\":\"https:\/\/blogg.svenskakyrkan.se\/tankarinforhelgen\/\"},{\"@type\":\"ListItem\",\"position\":2,\"name\":\"N\u00e4r han ser med k\u00e4rlek p\u00e5 en m\u00e4nniska\"}]},{\"@type\":\"WebSite\",\"@id\":\"https:\/\/blogg.svenskakyrkan.se\/tankarinforhelgen\/#website\",\"url\":\"https:\/\/blogg.svenskakyrkan.se\/tankarinforhelgen\/\",\"name\":\"Tankar inf\u00f6r helgen\",\"description\":\"Pr\u00e4ster funderar utifr\u00e5n kommande s\u00f6ndags texter\",\"potentialAction\":[{\"@type\":\"SearchAction\",\"target\":{\"@type\":\"EntryPoint\",\"urlTemplate\":\"https:\/\/blogg.svenskakyrkan.se\/tankarinforhelgen\/?s={search_term_string}\"},\"query-input\":{\"@type\":\"PropertyValueSpecification\",\"valueRequired\":true,\"valueName\":\"search_term_string\"}}],\"inLanguage\":\"sv-SE\"},{\"@type\":\"Person\",\"@id\":\"https:\/\/blogg.svenskakyrkan.se\/tankarinforhelgen\/#\/schema\/person\/b71e37fb25791f886e690531c593d0ce\",\"name\":\"Britt-Karin Ekstrand, pr\u00e4st\",\"image\":{\"@type\":\"ImageObject\",\"inLanguage\":\"sv-SE\",\"@id\":\"https:\/\/blogg.svenskakyrkan.se\/tankarinforhelgen\/#\/schema\/person\/image\/\",\"url\":\"https:\/\/secure.gravatar.com\/avatar\/3084173b0a543e6addb65bacfbd387a5e64218fe28445217e6f305bab4f14203?s=96&d=mm&r=g\",\"contentUrl\":\"https:\/\/secure.gravatar.com\/avatar\/3084173b0a543e6addb65bacfbd387a5e64218fe28445217e6f305bab4f14203?s=96&d=mm&r=g\",\"caption\":\"Britt-Karin Ekstrand, pr\u00e4st\"},\"url\":\"https:\/\/blogg.svenskakyrkan.se\/tankarinforhelgen\/author\/brittkarinekstrand\/\"}]}<\/script>\n<!-- \/ Yoast SEO plugin. -->","yoast_head_json":{"title":"N\u00e4r han ser med k\u00e4rlek p\u00e5 en m\u00e4nniska - Tankar inf\u00f6r helgen","robots":{"index":"index","follow":"follow","max-snippet":"max-snippet:-1","max-image-preview":"max-image-preview:large","max-video-preview":"max-video-preview:-1"},"canonical":"https:\/\/blogg.svenskakyrkan.se\/tankarinforhelgen\/2019\/10\/14\/nar-han-ser-med-karlek-pa-en-manniska\/","og_locale":"sv_SE","og_type":"article","og_title":"N\u00e4r han ser med k\u00e4rlek p\u00e5 en m\u00e4nniska - Tankar inf\u00f6r helgen","og_description":"Det \u00e4r i ett v\u00e4gsk\u00e4l Jesus blir avbruten. Mitt i steget. V\u00e4garna drar \u00e5t olika h\u00e5ll. En m\u00e4nniska kommer springande. Utan n\u00e5gra artigheter, eller kanske med den finaste av artigheter, faller han p\u00e5 kn\u00e4. Hans innersta fr\u00e5ga blir sagd innan vare sig han sj\u00e4lv eller Jesus hinner t\u00e4nka efter. Han har tampats med livet. Han [&hellip;]","og_url":"https:\/\/blogg.svenskakyrkan.se\/tankarinforhelgen\/2019\/10\/14\/nar-han-ser-med-karlek-pa-en-manniska\/","og_site_name":"Tankar inf\u00f6r helgen","article_published_time":"2019-10-14T12:14:07+00:00","article_modified_time":"2019-10-14T15:32:46+00:00","author":"Britt-Karin Ekstrand, pr\u00e4st","twitter_card":"summary_large_image","twitter_misc":{"Skriven av":"Britt-Karin Ekstrand, pr\u00e4st","Ber\u00e4knad l\u00e4stid":"3 minuter"},"schema":{"@context":"https:\/\/schema.org","@graph":[{"@type":"Article","@id":"https:\/\/blogg.svenskakyrkan.se\/tankarinforhelgen\/2019\/10\/14\/nar-han-ser-med-karlek-pa-en-manniska\/#article","isPartOf":{"@id":"https:\/\/blogg.svenskakyrkan.se\/tankarinforhelgen\/2019\/10\/14\/nar-han-ser-med-karlek-pa-en-manniska\/"},"author":{"name":"Britt-Karin Ekstrand, pr\u00e4st","@id":"https:\/\/blogg.svenskakyrkan.se\/tankarinforhelgen\/#\/schema\/person\/b71e37fb25791f886e690531c593d0ce"},"headline":"N\u00e4r han ser med k\u00e4rlek p\u00e5 en m\u00e4nniska","datePublished":"2019-10-14T12:14:07+00:00","dateModified":"2019-10-14T15:32:46+00:00","mainEntityOfPage":{"@id":"https:\/\/blogg.svenskakyrkan.se\/tankarinforhelgen\/2019\/10\/14\/nar-han-ser-med-karlek-pa-en-manniska\/"},"wordCount":700,"commentCount":2,"image":{"@id":"https:\/\/blogg.svenskakyrkan.se\/tankarinforhelgen\/2019\/10\/14\/nar-han-ser-med-karlek-pa-en-manniska\/#primaryimage"},"thumbnailUrl":"https:\/\/blogg.svenskakyrkan.se\/tankarinforhelgen\/files\/2019\/10\/signpost.jpg","keywords":["BK Ekstrand","TANKAR INF\u00d6R HELGEN"],"articleSection":["18:e s\u00f6ndagen efter trefaldighet"],"inLanguage":"sv-SE","potentialAction":[{"@type":"CommentAction","name":"Comment","target":["https:\/\/blogg.svenskakyrkan.se\/tankarinforhelgen\/2019\/10\/14\/nar-han-ser-med-karlek-pa-en-manniska\/#respond"]}]},{"@type":"WebPage","@id":"https:\/\/blogg.svenskakyrkan.se\/tankarinforhelgen\/2019\/10\/14\/nar-han-ser-med-karlek-pa-en-manniska\/","url":"https:\/\/blogg.svenskakyrkan.se\/tankarinforhelgen\/2019\/10\/14\/nar-han-ser-med-karlek-pa-en-manniska\/","name":"N\u00e4r han ser med k\u00e4rlek p\u00e5 en m\u00e4nniska - Tankar inf\u00f6r helgen","isPartOf":{"@id":"https:\/\/blogg.svenskakyrkan.se\/tankarinforhelgen\/#website"},"primaryImageOfPage":{"@id":"https:\/\/blogg.svenskakyrkan.se\/tankarinforhelgen\/2019\/10\/14\/nar-han-ser-med-karlek-pa-en-manniska\/#primaryimage"},"image":{"@id":"https:\/\/blogg.svenskakyrkan.se\/tankarinforhelgen\/2019\/10\/14\/nar-han-ser-med-karlek-pa-en-manniska\/#primaryimage"},"thumbnailUrl":"https:\/\/blogg.svenskakyrkan.se\/tankarinforhelgen\/files\/2019\/10\/signpost.jpg","datePublished":"2019-10-14T12:14:07+00:00","dateModified":"2019-10-14T15:32:46+00:00","author":{"@id":"https:\/\/blogg.svenskakyrkan.se\/tankarinforhelgen\/#\/schema\/person\/b71e37fb25791f886e690531c593d0ce"},"breadcrumb":{"@id":"https:\/\/blogg.svenskakyrkan.se\/tankarinforhelgen\/2019\/10\/14\/nar-han-ser-med-karlek-pa-en-manniska\/#breadcrumb"},"inLanguage":"sv-SE","potentialAction":[{"@type":"ReadAction","target":["https:\/\/blogg.svenskakyrkan.se\/tankarinforhelgen\/2019\/10\/14\/nar-han-ser-med-karlek-pa-en-manniska\/"]}]},{"@type":"ImageObject","inLanguage":"sv-SE","@id":"https:\/\/blogg.svenskakyrkan.se\/tankarinforhelgen\/2019\/10\/14\/nar-han-ser-med-karlek-pa-en-manniska\/#primaryimage","url":"https:\/\/blogg.svenskakyrkan.se\/tankarinforhelgen\/files\/2019\/10\/signpost.jpg","contentUrl":"https:\/\/blogg.svenskakyrkan.se\/tankarinforhelgen\/files\/2019\/10\/signpost.jpg","width":1178,"height":836},{"@type":"BreadcrumbList","@id":"https:\/\/blogg.svenskakyrkan.se\/tankarinforhelgen\/2019\/10\/14\/nar-han-ser-med-karlek-pa-en-manniska\/#breadcrumb","itemListElement":[{"@type":"ListItem","position":1,"name":"Hem","item":"https:\/\/blogg.svenskakyrkan.se\/tankarinforhelgen\/"},{"@type":"ListItem","position":2,"name":"N\u00e4r han ser med k\u00e4rlek p\u00e5 en m\u00e4nniska"}]},{"@type":"WebSite","@id":"https:\/\/blogg.svenskakyrkan.se\/tankarinforhelgen\/#website","url":"https:\/\/blogg.svenskakyrkan.se\/tankarinforhelgen\/","name":"Tankar inf\u00f6r helgen","description":"Pr\u00e4ster funderar utifr\u00e5n kommande s\u00f6ndags texter","potentialAction":[{"@type":"SearchAction","target":{"@type":"EntryPoint","urlTemplate":"https:\/\/blogg.svenskakyrkan.se\/tankarinforhelgen\/?s={search_term_string}"},"query-input":{"@type":"PropertyValueSpecification","valueRequired":true,"valueName":"search_term_string"}}],"inLanguage":"sv-SE"},{"@type":"Person","@id":"https:\/\/blogg.svenskakyrkan.se\/tankarinforhelgen\/#\/schema\/person\/b71e37fb25791f886e690531c593d0ce","name":"Britt-Karin Ekstrand, pr\u00e4st","image":{"@type":"ImageObject","inLanguage":"sv-SE","@id":"https:\/\/blogg.svenskakyrkan.se\/tankarinforhelgen\/#\/schema\/person\/image\/","url":"https:\/\/secure.gravatar.com\/avatar\/3084173b0a543e6addb65bacfbd387a5e64218fe28445217e6f305bab4f14203?s=96&d=mm&r=g","contentUrl":"https:\/\/secure.gravatar.com\/avatar\/3084173b0a543e6addb65bacfbd387a5e64218fe28445217e6f305bab4f14203?s=96&d=mm&r=g","caption":"Britt-Karin Ekstrand, pr\u00e4st"},"url":"https:\/\/blogg.svenskakyrkan.se\/tankarinforhelgen\/author\/brittkarinekstrand\/"}]}},"author_meta":{"ID":"666","user_nicename":"brittkarinekstrand","user_registered":"2018-02-06 12:32:13","display_name":"Britt-Karin Ekstrand, pr\u00e4st","first_name":"Britt-Karin","last_name":"Ekstrand, pr\u00e4st","avatar":"https:\/\/secure.gravatar.com\/avatar\/3084173b0a543e6addb65bacfbd387a5e64218fe28445217e6f305bab4f14203?s=96&d=mm&r=g"},"featured_image":["https:\/\/blogg.svenskakyrkan.se\/tankarinforhelgen\/files\/2019\/10\/signpost-1024x727.jpg",1024,727,true],"bloginfo":{"name":"Tankar inf\u00f6r helgen","url":"https:\/\/blogg.svenskakyrkan.se\/tankarinforhelgen"},"_links":{"self":[{"href":"https:\/\/blogg.svenskakyrkan.se\/tankarinforhelgen\/wp-json\/wp\/v2\/posts\/1842","targetHints":{"allow":["GET"]}}],"collection":[{"href":"https:\/\/blogg.svenskakyrkan.se\/tankarinforhelgen\/wp-json\/wp\/v2\/posts"}],"about":[{"href":"https:\/\/blogg.svenskakyrkan.se\/tankarinforhelgen\/wp-json\/wp\/v2\/types\/post"}],"author":[{"embeddable":true,"href":"https:\/\/blogg.svenskakyrkan.se\/tankarinforhelgen\/wp-json\/wp\/v2\/users\/666"}],"replies":[{"embeddable":true,"href":"https:\/\/blogg.svenskakyrkan.se\/tankarinforhelgen\/wp-json\/wp\/v2\/comments?post=1842"}],"version-history":[{"count":2,"href":"https:\/\/blogg.svenskakyrkan.se\/tankarinforhelgen\/wp-json\/wp\/v2\/posts\/1842\/revisions"}],"predecessor-version":[{"id":1851,"href":"https:\/\/blogg.svenskakyrkan.se\/tankarinforhelgen\/wp-json\/wp\/v2\/posts\/1842\/revisions\/1851"}],"wp:featuredmedia":[{"embeddable":true,"href":"https:\/\/blogg.svenskakyrkan.se\/tankarinforhelgen\/wp-json\/wp\/v2\/media\/1850"}],"wp:attachment":[{"href":"https:\/\/blogg.svenskakyrkan.se\/tankarinforhelgen\/wp-json\/wp\/v2\/media?parent=1842"}],"wp:term":[{"taxonomy":"category","embeddable":true,"href":"https:\/\/blogg.svenskakyrkan.se\/tankarinforhelgen\/wp-json\/wp\/v2\/categories?post=1842"},{"taxonomy":"post_tag","embeddable":true,"href":"https:\/\/blogg.svenskakyrkan.se\/tankarinforhelgen\/wp-json\/wp\/v2\/tags?post=1842"}],"curies":[{"name":"wp","href":"https:\/\/api.w.org\/{rel}","templated":true}]}}