{"id":1849,"date":"2019-10-21T13:09:14","date_gmt":"2019-10-21T11:09:14","guid":{"rendered":"http:\/\/blogg.svenskakyrkan.se\/tankarinforhelgen\/?p=1849"},"modified":"2019-10-21T13:36:22","modified_gmt":"2019-10-21T11:36:22","slug":"konsten-att-saga-hej","status":"publish","type":"post","link":"https:\/\/blogg.svenskakyrkan.se\/tankarinforhelgen\/2019\/10\/21\/konsten-att-saga-hej\/","title":{"rendered":"Konsten att s\u00e4ga hej"},"content":{"rendered":"<p>Hur h\u00e4lsar du p\u00e5 andra m\u00e4nniskor? Jag kommer ofta p\u00e5 mig sj\u00e4lv med att s\u00e4ga \u201dhej hej\u201d till m\u00e4nniskor jag k\u00e4nner, och till m\u00e4nniskor som jag passerar p\u00e5 gatan. Ibland blir det ett samtal, ibland bara ett hej.<\/p>\n<p>\u00c4r du en som h\u00e4lsar p\u00e5 alla du m\u00f6ter? Har du pr\u00f6vat att vara s\u00e5? T\u00e4nk om ditt hej \u00e4r den enda h\u00e4lsningen som den m\u00e4nniskan f\u00e5r. Hisnande att t\u00e4nka p\u00e5. Nu tror du kanske att jag \u00e4r galen, som inleder veckans tankar med n\u00e5got s\u00e5 enkelt som hur man h\u00e4lsar p\u00e5 folk. Men jag tror att den lilla handlingen kan g\u00f6ra skillnad i v\u00e5r v\u00e4rld. V\u00e4rlden vi lever i beh\u00f6ver fler h\u00e4lsningar.<\/p>\n<p>I denna veckas evangelietext bryr sig Jesus inte om artiga h\u00e4lsningsfraser eller n\u00e5gon presentation av sig sj\u00e4lv. Han fr\u00e5gar inte hur han kan hj\u00e4lpa den blinde mannen. Han griper in i hans liv. Han spottar p\u00e5 marken, g\u00f6r n\u00e5gon form av deg och l\u00e4gger den p\u00e5 mannens \u00f6gon. <\/p>\n<p>G\u00e5 och tv\u00e4tta dig i Siloadammen, s\u00e4ger Jesus till honom. Mannen ifr\u00e5gas\u00e4tter inte Jesus utan g\u00e5r till dammen, och f\u00e5r sin syn tillbaka. Mannen som aldrig sett ser nu m\u00e4nniskorna runt omkring honom. Han som blivit tillsagt att han genom sina f\u00f6r\u00e4ldrars synder \u00e4r d\u00f6md till m\u00f6rker ser nu ljus, former och m\u00e4nniskor. Livet f\u00f6r\u00e4ndrades f\u00f6r alltid den dagen. Jesus gav honom chanser som han aldrig tidigare kunnat ana.<\/p>\n<p>S\u00e5 g\u00e5r Jesus fram genom evangelierna, inte bunden till h\u00e4lsningsfraser, nej, han ser m\u00e4nniskor och griper in i deras liv. Varje m\u00e4nniskas liv \u00e4r angel\u00e4get f\u00f6r honom, lika angel\u00e4get.<\/p>\n<p>M\u00e4nniskorna kring denna man ser honom som en blind syndare, en m\u00e4nniska som f\u00e5tt sitt straff f\u00f6r sin familjs synder. Det \u00e4r inte vad Jesus ser. Jesus ser en m\u00e4nniska som \u00e4r \u00f6ppen f\u00f6r att ledas in p\u00e5 trons v\u00e4g. Trons v\u00e4g b\u00f6rjar f\u00f6r mannen i helandet, i degen och vattnet som f\u00e5r sk\u00f6lja bort hans blindhet och m\u00e4nniskors domar. Ett fr\u00f6 blir s\u00e5tt i hans hj\u00e4rta denna dag, n\u00e4r mannen f\u00e5r s\u00e4ga \u201dJag vill tro p\u00e5 honom\u201d. <\/p>\n<p>Viljan till tro \u00e4r ett stort steg p\u00e5 trons v\u00e4g, det \u00e4r den verksamma kraften som Jesus ger. Mannen, han som var blind men nu kan se, han \u00e4r ett f\u00f6red\u00f6me i tron. Jesus f\u00f6rklarar sig f\u00f6r honom, och han tar tron till sig. Gissningsvis f\u00f6r\u00e4ndrades riktningen f\u00f6r hans liv den dagen. Som om orden riktades direkt till honom: K\u00e4mpa trons goda kamp, s\u00f6k vinna det eviga livet, som du kallats till!<\/p>\n<p>Orden ekar in i v\u00e5ra liv ocks\u00e5, samma omsorg som drev Jesus till honom har gett oss r\u00e4tten att be, att s\u00f6ka Jesus i v\u00e5ra liv. Han vandrar inte p\u00e5 samma s\u00e4tt l\u00e4ngst v\u00e5ra gator men omsorgen och k\u00e4rleken lever \u00e4n idag och den utst\u00f6tte, den blinde och den d\u00f6mde finns \u00e4ven i v\u00e5r stad. L\u00e5t oss tillsammans s\u00f6ka att l\u00e4ra k\u00e4nna honom som inte brydde sig om artighetsfraser, han som klev in i m\u00e4nniskors liv.<\/p>\n<p>Vad s\u00e4ger du om att vi imorgon s\u00e4ger hej till n\u00e5gon vi inte k\u00e4nner? Att vi stannar upp och f\u00f6rs\u00f6ker se den ingen annan ser? L\u00e5t oss f\u00f6rs\u00f6ka leva som Jesus, \u00f6ppna f\u00f6r trons kraft och f\u00f6r m\u00f6tet med den vi inte k\u00e4nner. L\u00e5t oss hj\u00e4lpa andra se att Jesus har satt sp\u00e5r i oss, och att vi vill s\u00e4tta sp\u00e5r!<\/p>\n","protected":false},"excerpt":{"rendered":"<p>Hur h\u00e4lsar du p\u00e5 andra m\u00e4nniskor? Jag kommer ofta p\u00e5 mig sj\u00e4lv med att s\u00e4ga \u201dhej hej\u201d till m\u00e4nniskor jag k\u00e4nner, och till m\u00e4nniskor som jag passerar p\u00e5 gatan. Ibland blir det ett samtal, ibland bara ett hej. \u00c4r du en som h\u00e4lsar p\u00e5 alla du m\u00f6ter? Har du pr\u00f6vat att vara s\u00e5? T\u00e4nk om [&hellip;]<\/p>\n","protected":false},"author":672,"featured_media":1855,"comment_status":"open","ping_status":"open","sticky":false,"template":"","format":"standard","meta":{"_acf_changed":false,"footnotes":""},"categories":[142444],"tags":[142465,142457],"class_list":["post-1849","post","type-post","status-publish","format-standard","has-post-thumbnail","hentry","category-19e-sondagen-efter-trefaldighet","tag-catharina-carlsson","tag-tankarinforhelgen"],"acf":[],"yoast_head":"<!-- This site is optimized with the Yoast SEO plugin v27.1.1 - https:\/\/yoast.com\/product\/yoast-seo-wordpress\/ -->\n<title>Konsten att s\u00e4ga hej - Tankar inf\u00f6r helgen<\/title>\n<meta name=\"robots\" content=\"index, follow, max-snippet:-1, max-image-preview:large, max-video-preview:-1\" \/>\n<link rel=\"canonical\" href=\"https:\/\/blogg.svenskakyrkan.se\/tankarinforhelgen\/2019\/10\/21\/konsten-att-saga-hej\/\" \/>\n<meta property=\"og:locale\" content=\"sv_SE\" \/>\n<meta property=\"og:type\" content=\"article\" \/>\n<meta property=\"og:title\" content=\"Konsten att s\u00e4ga hej - Tankar inf\u00f6r helgen\" \/>\n<meta property=\"og:description\" content=\"Hur h\u00e4lsar du p\u00e5 andra m\u00e4nniskor? Jag kommer ofta p\u00e5 mig sj\u00e4lv med att s\u00e4ga \u201dhej hej\u201d till m\u00e4nniskor jag k\u00e4nner, och till m\u00e4nniskor som jag passerar p\u00e5 gatan. Ibland blir det ett samtal, ibland bara ett hej. \u00c4r du en som h\u00e4lsar p\u00e5 alla du m\u00f6ter? Har du pr\u00f6vat att vara s\u00e5? T\u00e4nk om [&hellip;]\" \/>\n<meta property=\"og:url\" content=\"https:\/\/blogg.svenskakyrkan.se\/tankarinforhelgen\/2019\/10\/21\/konsten-att-saga-hej\/\" \/>\n<meta property=\"og:site_name\" content=\"Tankar inf\u00f6r helgen\" \/>\n<meta property=\"article:published_time\" content=\"2019-10-21T11:09:14+00:00\" \/>\n<meta property=\"article:modified_time\" content=\"2019-10-21T11:36:22+00:00\" \/>\n<meta name=\"author\" content=\"Catharina Carlsson, pr\u00e4st\" \/>\n<meta name=\"twitter:card\" content=\"summary_large_image\" \/>\n<meta name=\"twitter:label1\" content=\"Skriven av\" \/>\n\t<meta name=\"twitter:data1\" content=\"Catharina Carlsson, pr\u00e4st\" \/>\n\t<meta name=\"twitter:label2\" content=\"Ber\u00e4knad l\u00e4stid\" \/>\n\t<meta name=\"twitter:data2\" content=\"3 minuter\" \/>\n<script type=\"application\/ld+json\" class=\"yoast-schema-graph\">{\"@context\":\"https:\/\/schema.org\",\"@graph\":[{\"@type\":\"Article\",\"@id\":\"https:\/\/blogg.svenskakyrkan.se\/tankarinforhelgen\/2019\/10\/21\/konsten-att-saga-hej\/#article\",\"isPartOf\":{\"@id\":\"https:\/\/blogg.svenskakyrkan.se\/tankarinforhelgen\/2019\/10\/21\/konsten-att-saga-hej\/\"},\"author\":{\"name\":\"Catharina Carlsson, pr\u00e4st\",\"@id\":\"https:\/\/blogg.svenskakyrkan.se\/tankarinforhelgen\/#\/schema\/person\/d822d69bf74ba8b653a523a24142ad17\"},\"headline\":\"Konsten att s\u00e4ga hej\",\"datePublished\":\"2019-10-21T11:09:14+00:00\",\"dateModified\":\"2019-10-21T11:36:22+00:00\",\"mainEntityOfPage\":{\"@id\":\"https:\/\/blogg.svenskakyrkan.se\/tankarinforhelgen\/2019\/10\/21\/konsten-att-saga-hej\/\"},\"wordCount\":664,\"commentCount\":0,\"image\":{\"@id\":\"https:\/\/blogg.svenskakyrkan.se\/tankarinforhelgen\/2019\/10\/21\/konsten-att-saga-hej\/#primaryimage\"},\"thumbnailUrl\":\"https:\/\/blogg.svenskakyrkan.se\/tankarinforhelgen\/files\/2019\/10\/carlsson.jpg\",\"keywords\":[\"Catharina Carlsson\",\"TANKARINFORHELGEN\"],\"articleSection\":[\"19:e s\u00f6ndagen efter trefaldighet\"],\"inLanguage\":\"sv-SE\",\"potentialAction\":[{\"@type\":\"CommentAction\",\"name\":\"Comment\",\"target\":[\"https:\/\/blogg.svenskakyrkan.se\/tankarinforhelgen\/2019\/10\/21\/konsten-att-saga-hej\/#respond\"]}]},{\"@type\":\"WebPage\",\"@id\":\"https:\/\/blogg.svenskakyrkan.se\/tankarinforhelgen\/2019\/10\/21\/konsten-att-saga-hej\/\",\"url\":\"https:\/\/blogg.svenskakyrkan.se\/tankarinforhelgen\/2019\/10\/21\/konsten-att-saga-hej\/\",\"name\":\"Konsten att s\u00e4ga hej - Tankar inf\u00f6r helgen\",\"isPartOf\":{\"@id\":\"https:\/\/blogg.svenskakyrkan.se\/tankarinforhelgen\/#website\"},\"primaryImageOfPage\":{\"@id\":\"https:\/\/blogg.svenskakyrkan.se\/tankarinforhelgen\/2019\/10\/21\/konsten-att-saga-hej\/#primaryimage\"},\"image\":{\"@id\":\"https:\/\/blogg.svenskakyrkan.se\/tankarinforhelgen\/2019\/10\/21\/konsten-att-saga-hej\/#primaryimage\"},\"thumbnailUrl\":\"https:\/\/blogg.svenskakyrkan.se\/tankarinforhelgen\/files\/2019\/10\/carlsson.jpg\",\"datePublished\":\"2019-10-21T11:09:14+00:00\",\"dateModified\":\"2019-10-21T11:36:22+00:00\",\"author\":{\"@id\":\"https:\/\/blogg.svenskakyrkan.se\/tankarinforhelgen\/#\/schema\/person\/d822d69bf74ba8b653a523a24142ad17\"},\"breadcrumb\":{\"@id\":\"https:\/\/blogg.svenskakyrkan.se\/tankarinforhelgen\/2019\/10\/21\/konsten-att-saga-hej\/#breadcrumb\"},\"inLanguage\":\"sv-SE\",\"potentialAction\":[{\"@type\":\"ReadAction\",\"target\":[\"https:\/\/blogg.svenskakyrkan.se\/tankarinforhelgen\/2019\/10\/21\/konsten-att-saga-hej\/\"]}]},{\"@type\":\"ImageObject\",\"inLanguage\":\"sv-SE\",\"@id\":\"https:\/\/blogg.svenskakyrkan.se\/tankarinforhelgen\/2019\/10\/21\/konsten-att-saga-hej\/#primaryimage\",\"url\":\"https:\/\/blogg.svenskakyrkan.se\/tankarinforhelgen\/files\/2019\/10\/carlsson.jpg\",\"contentUrl\":\"https:\/\/blogg.svenskakyrkan.se\/tankarinforhelgen\/files\/2019\/10\/carlsson.jpg\",\"width\":796,\"height\":603},{\"@type\":\"BreadcrumbList\",\"@id\":\"https:\/\/blogg.svenskakyrkan.se\/tankarinforhelgen\/2019\/10\/21\/konsten-att-saga-hej\/#breadcrumb\",\"itemListElement\":[{\"@type\":\"ListItem\",\"position\":1,\"name\":\"Hem\",\"item\":\"https:\/\/blogg.svenskakyrkan.se\/tankarinforhelgen\/\"},{\"@type\":\"ListItem\",\"position\":2,\"name\":\"Konsten att s\u00e4ga hej\"}]},{\"@type\":\"WebSite\",\"@id\":\"https:\/\/blogg.svenskakyrkan.se\/tankarinforhelgen\/#website\",\"url\":\"https:\/\/blogg.svenskakyrkan.se\/tankarinforhelgen\/\",\"name\":\"Tankar inf\u00f6r helgen\",\"description\":\"Pr\u00e4ster funderar utifr\u00e5n kommande s\u00f6ndags texter\",\"potentialAction\":[{\"@type\":\"SearchAction\",\"target\":{\"@type\":\"EntryPoint\",\"urlTemplate\":\"https:\/\/blogg.svenskakyrkan.se\/tankarinforhelgen\/?s={search_term_string}\"},\"query-input\":{\"@type\":\"PropertyValueSpecification\",\"valueRequired\":true,\"valueName\":\"search_term_string\"}}],\"inLanguage\":\"sv-SE\"},{\"@type\":\"Person\",\"@id\":\"https:\/\/blogg.svenskakyrkan.se\/tankarinforhelgen\/#\/schema\/person\/d822d69bf74ba8b653a523a24142ad17\",\"name\":\"Catharina Carlsson, pr\u00e4st\",\"image\":{\"@type\":\"ImageObject\",\"inLanguage\":\"sv-SE\",\"@id\":\"https:\/\/blogg.svenskakyrkan.se\/tankarinforhelgen\/#\/schema\/person\/image\/\",\"url\":\"https:\/\/secure.gravatar.com\/avatar\/a05095351d4bef3936c8e5eb4759b56ae7498e54a3370d1dbcd55cd306192198?s=96&d=mm&r=g\",\"contentUrl\":\"https:\/\/secure.gravatar.com\/avatar\/a05095351d4bef3936c8e5eb4759b56ae7498e54a3370d1dbcd55cd306192198?s=96&d=mm&r=g\",\"caption\":\"Catharina Carlsson, pr\u00e4st\"},\"url\":\"https:\/\/blogg.svenskakyrkan.se\/tankarinforhelgen\/author\/catharinacarlsson\/\"}]}<\/script>\n<!-- \/ Yoast SEO plugin. -->","yoast_head_json":{"title":"Konsten att s\u00e4ga hej - Tankar inf\u00f6r helgen","robots":{"index":"index","follow":"follow","max-snippet":"max-snippet:-1","max-image-preview":"max-image-preview:large","max-video-preview":"max-video-preview:-1"},"canonical":"https:\/\/blogg.svenskakyrkan.se\/tankarinforhelgen\/2019\/10\/21\/konsten-att-saga-hej\/","og_locale":"sv_SE","og_type":"article","og_title":"Konsten att s\u00e4ga hej - Tankar inf\u00f6r helgen","og_description":"Hur h\u00e4lsar du p\u00e5 andra m\u00e4nniskor? Jag kommer ofta p\u00e5 mig sj\u00e4lv med att s\u00e4ga \u201dhej hej\u201d till m\u00e4nniskor jag k\u00e4nner, och till m\u00e4nniskor som jag passerar p\u00e5 gatan. Ibland blir det ett samtal, ibland bara ett hej. \u00c4r du en som h\u00e4lsar p\u00e5 alla du m\u00f6ter? Har du pr\u00f6vat att vara s\u00e5? T\u00e4nk om [&hellip;]","og_url":"https:\/\/blogg.svenskakyrkan.se\/tankarinforhelgen\/2019\/10\/21\/konsten-att-saga-hej\/","og_site_name":"Tankar inf\u00f6r helgen","article_published_time":"2019-10-21T11:09:14+00:00","article_modified_time":"2019-10-21T11:36:22+00:00","author":"Catharina Carlsson, pr\u00e4st","twitter_card":"summary_large_image","twitter_misc":{"Skriven av":"Catharina Carlsson, pr\u00e4st","Ber\u00e4knad l\u00e4stid":"3 minuter"},"schema":{"@context":"https:\/\/schema.org","@graph":[{"@type":"Article","@id":"https:\/\/blogg.svenskakyrkan.se\/tankarinforhelgen\/2019\/10\/21\/konsten-att-saga-hej\/#article","isPartOf":{"@id":"https:\/\/blogg.svenskakyrkan.se\/tankarinforhelgen\/2019\/10\/21\/konsten-att-saga-hej\/"},"author":{"name":"Catharina Carlsson, pr\u00e4st","@id":"https:\/\/blogg.svenskakyrkan.se\/tankarinforhelgen\/#\/schema\/person\/d822d69bf74ba8b653a523a24142ad17"},"headline":"Konsten att s\u00e4ga hej","datePublished":"2019-10-21T11:09:14+00:00","dateModified":"2019-10-21T11:36:22+00:00","mainEntityOfPage":{"@id":"https:\/\/blogg.svenskakyrkan.se\/tankarinforhelgen\/2019\/10\/21\/konsten-att-saga-hej\/"},"wordCount":664,"commentCount":0,"image":{"@id":"https:\/\/blogg.svenskakyrkan.se\/tankarinforhelgen\/2019\/10\/21\/konsten-att-saga-hej\/#primaryimage"},"thumbnailUrl":"https:\/\/blogg.svenskakyrkan.se\/tankarinforhelgen\/files\/2019\/10\/carlsson.jpg","keywords":["Catharina Carlsson","TANKARINFORHELGEN"],"articleSection":["19:e s\u00f6ndagen efter trefaldighet"],"inLanguage":"sv-SE","potentialAction":[{"@type":"CommentAction","name":"Comment","target":["https:\/\/blogg.svenskakyrkan.se\/tankarinforhelgen\/2019\/10\/21\/konsten-att-saga-hej\/#respond"]}]},{"@type":"WebPage","@id":"https:\/\/blogg.svenskakyrkan.se\/tankarinforhelgen\/2019\/10\/21\/konsten-att-saga-hej\/","url":"https:\/\/blogg.svenskakyrkan.se\/tankarinforhelgen\/2019\/10\/21\/konsten-att-saga-hej\/","name":"Konsten att s\u00e4ga hej - Tankar inf\u00f6r helgen","isPartOf":{"@id":"https:\/\/blogg.svenskakyrkan.se\/tankarinforhelgen\/#website"},"primaryImageOfPage":{"@id":"https:\/\/blogg.svenskakyrkan.se\/tankarinforhelgen\/2019\/10\/21\/konsten-att-saga-hej\/#primaryimage"},"image":{"@id":"https:\/\/blogg.svenskakyrkan.se\/tankarinforhelgen\/2019\/10\/21\/konsten-att-saga-hej\/#primaryimage"},"thumbnailUrl":"https:\/\/blogg.svenskakyrkan.se\/tankarinforhelgen\/files\/2019\/10\/carlsson.jpg","datePublished":"2019-10-21T11:09:14+00:00","dateModified":"2019-10-21T11:36:22+00:00","author":{"@id":"https:\/\/blogg.svenskakyrkan.se\/tankarinforhelgen\/#\/schema\/person\/d822d69bf74ba8b653a523a24142ad17"},"breadcrumb":{"@id":"https:\/\/blogg.svenskakyrkan.se\/tankarinforhelgen\/2019\/10\/21\/konsten-att-saga-hej\/#breadcrumb"},"inLanguage":"sv-SE","potentialAction":[{"@type":"ReadAction","target":["https:\/\/blogg.svenskakyrkan.se\/tankarinforhelgen\/2019\/10\/21\/konsten-att-saga-hej\/"]}]},{"@type":"ImageObject","inLanguage":"sv-SE","@id":"https:\/\/blogg.svenskakyrkan.se\/tankarinforhelgen\/2019\/10\/21\/konsten-att-saga-hej\/#primaryimage","url":"https:\/\/blogg.svenskakyrkan.se\/tankarinforhelgen\/files\/2019\/10\/carlsson.jpg","contentUrl":"https:\/\/blogg.svenskakyrkan.se\/tankarinforhelgen\/files\/2019\/10\/carlsson.jpg","width":796,"height":603},{"@type":"BreadcrumbList","@id":"https:\/\/blogg.svenskakyrkan.se\/tankarinforhelgen\/2019\/10\/21\/konsten-att-saga-hej\/#breadcrumb","itemListElement":[{"@type":"ListItem","position":1,"name":"Hem","item":"https:\/\/blogg.svenskakyrkan.se\/tankarinforhelgen\/"},{"@type":"ListItem","position":2,"name":"Konsten att s\u00e4ga hej"}]},{"@type":"WebSite","@id":"https:\/\/blogg.svenskakyrkan.se\/tankarinforhelgen\/#website","url":"https:\/\/blogg.svenskakyrkan.se\/tankarinforhelgen\/","name":"Tankar inf\u00f6r helgen","description":"Pr\u00e4ster funderar utifr\u00e5n kommande s\u00f6ndags texter","potentialAction":[{"@type":"SearchAction","target":{"@type":"EntryPoint","urlTemplate":"https:\/\/blogg.svenskakyrkan.se\/tankarinforhelgen\/?s={search_term_string}"},"query-input":{"@type":"PropertyValueSpecification","valueRequired":true,"valueName":"search_term_string"}}],"inLanguage":"sv-SE"},{"@type":"Person","@id":"https:\/\/blogg.svenskakyrkan.se\/tankarinforhelgen\/#\/schema\/person\/d822d69bf74ba8b653a523a24142ad17","name":"Catharina Carlsson, pr\u00e4st","image":{"@type":"ImageObject","inLanguage":"sv-SE","@id":"https:\/\/blogg.svenskakyrkan.se\/tankarinforhelgen\/#\/schema\/person\/image\/","url":"https:\/\/secure.gravatar.com\/avatar\/a05095351d4bef3936c8e5eb4759b56ae7498e54a3370d1dbcd55cd306192198?s=96&d=mm&r=g","contentUrl":"https:\/\/secure.gravatar.com\/avatar\/a05095351d4bef3936c8e5eb4759b56ae7498e54a3370d1dbcd55cd306192198?s=96&d=mm&r=g","caption":"Catharina Carlsson, pr\u00e4st"},"url":"https:\/\/blogg.svenskakyrkan.se\/tankarinforhelgen\/author\/catharinacarlsson\/"}]}},"author_meta":{"ID":"672","user_nicename":"catharinacarlsson","user_registered":"2018-04-10 11:22:30","display_name":"Catharina Carlsson, pr\u00e4st","first_name":"Catharina","last_name":"Carlsson, pr\u00e4st","avatar":"https:\/\/secure.gravatar.com\/avatar\/a05095351d4bef3936c8e5eb4759b56ae7498e54a3370d1dbcd55cd306192198?s=96&d=mm&r=g"},"featured_image":["https:\/\/blogg.svenskakyrkan.se\/tankarinforhelgen\/files\/2019\/10\/carlsson.jpg",796,603,false],"bloginfo":{"name":"Tankar inf\u00f6r helgen","url":"https:\/\/blogg.svenskakyrkan.se\/tankarinforhelgen"},"_links":{"self":[{"href":"https:\/\/blogg.svenskakyrkan.se\/tankarinforhelgen\/wp-json\/wp\/v2\/posts\/1849","targetHints":{"allow":["GET"]}}],"collection":[{"href":"https:\/\/blogg.svenskakyrkan.se\/tankarinforhelgen\/wp-json\/wp\/v2\/posts"}],"about":[{"href":"https:\/\/blogg.svenskakyrkan.se\/tankarinforhelgen\/wp-json\/wp\/v2\/types\/post"}],"author":[{"embeddable":true,"href":"https:\/\/blogg.svenskakyrkan.se\/tankarinforhelgen\/wp-json\/wp\/v2\/users\/672"}],"replies":[{"embeddable":true,"href":"https:\/\/blogg.svenskakyrkan.se\/tankarinforhelgen\/wp-json\/wp\/v2\/comments?post=1849"}],"version-history":[{"count":3,"href":"https:\/\/blogg.svenskakyrkan.se\/tankarinforhelgen\/wp-json\/wp\/v2\/posts\/1849\/revisions"}],"predecessor-version":[{"id":1856,"href":"https:\/\/blogg.svenskakyrkan.se\/tankarinforhelgen\/wp-json\/wp\/v2\/posts\/1849\/revisions\/1856"}],"wp:featuredmedia":[{"embeddable":true,"href":"https:\/\/blogg.svenskakyrkan.se\/tankarinforhelgen\/wp-json\/wp\/v2\/media\/1855"}],"wp:attachment":[{"href":"https:\/\/blogg.svenskakyrkan.se\/tankarinforhelgen\/wp-json\/wp\/v2\/media?parent=1849"}],"wp:term":[{"taxonomy":"category","embeddable":true,"href":"https:\/\/blogg.svenskakyrkan.se\/tankarinforhelgen\/wp-json\/wp\/v2\/categories?post=1849"},{"taxonomy":"post_tag","embeddable":true,"href":"https:\/\/blogg.svenskakyrkan.se\/tankarinforhelgen\/wp-json\/wp\/v2\/tags?post=1849"}],"curies":[{"name":"wp","href":"https:\/\/api.w.org\/{rel}","templated":true}]}}