{"id":1892,"date":"2019-12-09T12:47:52","date_gmt":"2019-12-09T11:47:52","guid":{"rendered":"http:\/\/blogg.svenskakyrkan.se\/tankarinforhelgen\/?p=1892"},"modified":"2019-12-10T09:40:00","modified_gmt":"2019-12-10T08:40:00","slug":"varfor-far-inte-jag-vara-lucia","status":"publish","type":"post","link":"https:\/\/blogg.svenskakyrkan.se\/tankarinforhelgen\/2019\/12\/09\/varfor-far-inte-jag-vara-lucia\/","title":{"rendered":"Varf\u00f6r f\u00e5r inte jag vara Lucia?"},"content":{"rendered":"<p>-Pappa, varf\u00f6r f\u00e5r inte jag vara Lucia?<br \/>\nDet \u00e4r en kall decemberkv\u00e4ll 2013. Min son \u00e4r snart 4 \u00e5r gammal och det \u00e4r dags f\u00f6r kv\u00e4llsfika. Vid bordet fr\u00e5gar jag hur dagen har varit. Han ber\u00e4ttar med en 4-\u00e5rings dramatik att barnen p\u00e5 f\u00f6rskolan sagt att killar inte f\u00e5r vara Lucia.<\/p>\n<p>-Pappa, varf\u00f6r f\u00e5r inte jag vara Lucia? fr\u00e5gar han. Han ser inte direkt ledsen ut, utan fundersam, p\u00e5 det d\u00e4r s\u00e4ttet som ett barn kan vara \u00f6ver gr\u00e4nser som s\u00e4tts utan tydliga sk\u00e4l.<br \/>\n-Ja, kanske s\u00e4ger barnen s\u00e5 f\u00f6r att Lucia-ber\u00e4ttelsen handlar om en tjej, svarar jag. Men jag m\u00e4rker att svaret inte riktigt g\u00e5r hem.<br \/>\n-Men pappa, det finns ju tjejer som har p\u00e5 sig tomteluvor, svarar han.<\/p>\n<p>Vi tar en paus i bordskonversationen och reflekterar lite.<\/p>\n<p>Under m\u00e5nga \u00e5r har det varit en \u00e5terkommande debatt i sociala medier kring firandet av Lucia. Vem f\u00e5r ha p\u00e5 sig vad? \u00c4r det r\u00e4tt att kl\u00e4 ut sig till pepparkaksgubbe? Religion eller tradition? Ska vi verkligen r\u00f6sta p\u00e5 luciakandidater? N\u00e5gonting ska f\u00f6rbjudas! S\u00e5 bra! Va hemskt! Svenskt eller utl\u00e4ndskt? <\/p>\n<p>Bakom debatterna ligger f\u00f6r\u00e4ndringar som v\u00e5rt samh\u00e4lle brottas med. F\u00f6rest\u00e4llningar om identitet, makt, k\u00f6n, kulturell tillh\u00f6righet och individens r\u00e4tt. Fr\u00e5gor som ber\u00f6r v\u00e5r kristna tro. Inf\u00f6r tredje advent, som b\u00e4r sin rubrik efter Johannes d\u00f6parens ord: \u201dBana v\u00e4g f\u00f6r Herren\u201d, och mitt i Svenska kyrkans julinsamling \u201dF\u00f6r alla flickors r\u00e4tt till ett v\u00e4rdigt liv\u201d v\u00e4cks minnet av min 4-\u00e5riga sons fr\u00e5ga:<br \/>\n-Pappa, varf\u00f6r f\u00e5r inte jag vara Lucia?<\/p>\n<p>Lucia-legenden \u00e4r en ber\u00e4ttelse som, trots att den har m\u00e5nga hundra \u00e5r p\u00e5 nacken, handlar om v\u00e5ra moderna fr\u00e5gor. Den handlar en ung kvinnas mod n\u00e4r hon bryter med sin tids normer och tar sig r\u00e4tten att best\u00e4mma \u00f6ver sitt eget liv, sin kropp och sin tro. Den banar v\u00e4g f\u00f6r oss drygt 1 700 \u00e5r senare in i en modern v\u00e4rld med sina egna Lucior.<\/p>\n<p>Lucior som Greta Thunberg, som k\u00e4mpar f\u00f6r klimatkloka politiska beslut. Lucior som en av min f\u00f6rsamlings sytanter, som f\u00f6rv\u00e5nade alla n\u00e4r hon s\u00e5lde hantverk f\u00f6r flera tusen till f\u00f6rm\u00e5n f\u00f6r julinsamlingen. Lucior likt en ungdom jag fick samtala med, som trots h\u00e5n och ifr\u00e5gas\u00e4ttanden \u00f6ppet identifierar sig som kristen p\u00e5 sin skola och uppmuntrar andra att v\u00e5ga g\u00f6ra samma sak. M\u00e4nniskor som s\u00f6ker sin egen och andras r\u00e4tt och vill bruka den f\u00f6r n\u00e5got gott.<\/p>\n<p>\u00c5ter till matbordet 2013 och min 4-\u00e5rings fr\u00e5ga och upplevelse av or\u00e4ttvisa.<br \/>\n-Vet du vad? svarar jag. Fr\u00e5n b\u00f6rjan handlade Lucia-ber\u00e4ttelsen om en tjej som valde att tro p\u00e5 Gud n\u00e4r andra sa att man inte fick. D\u00e5 \u00e4r det kanske inte s\u00e5 dumt att tjejerna p\u00e5 f\u00f6rskolan f\u00e5r v\u00e4lja en tomteluva. Det h\u00e4nger liksom ihop.<br \/>\n-Jaha, svarar han. Fast egentligen borde alla ha tomteluvor. Vi ska sjunga f\u00f6r er vuxna utomhus och d\u00e5 \u00e4r det kallt.<br \/>\n-Du \u00e4r s\u00e5 fin som t\u00e4nker p\u00e5 andra, s\u00e4ger jag.<br \/>\n-Jag vet, svarar han och \u00e4ter p\u00e5 sin sm\u00f6rg\u00e5s.<\/p>\n<p>Vi ber:<br \/>\nGud, f\u00f6r v\u00e4rldens framtid, beslut i nutid, och f\u00f6reg\u00e5ngarna som banat v\u00e4g, tackar vi och ber.<br \/>\nL\u00e5t oss likt Lucia v\u00e4lja dig, v\u00e5r Gud.<br \/>\nAmen.<\/p>\n","protected":false},"excerpt":{"rendered":"<p>-Pappa, varf\u00f6r f\u00e5r inte jag vara Lucia? Det \u00e4r en kall decemberkv\u00e4ll 2013. Min son \u00e4r snart 4 \u00e5r gammal och det \u00e4r dags f\u00f6r kv\u00e4llsfika. Vid bordet fr\u00e5gar jag hur dagen har varit. Han ber\u00e4ttar med en 4-\u00e5rings dramatik att barnen p\u00e5 f\u00f6rskolan sagt att killar inte f\u00e5r vara Lucia. -Pappa, varf\u00f6r f\u00e5r inte [&hellip;]<\/p>\n","protected":false},"author":719,"featured_media":1900,"comment_status":"open","ping_status":"open","sticky":false,"template":"","format":"standard","meta":{"_acf_changed":false,"footnotes":""},"categories":[128072],"tags":[159854,142457],"class_list":["post-1892","post","type-post","status-publish","format-standard","has-post-thumbnail","hentry","category-andra-sondagen-i-advent","tag-andreas-sundstrom","tag-tankarinforhelgen"],"acf":[],"yoast_head":"<!-- This site is optimized with the Yoast SEO plugin v27.1.1 - https:\/\/yoast.com\/product\/yoast-seo-wordpress\/ -->\n<title>Varf\u00f6r f\u00e5r inte jag vara Lucia? - Tankar inf\u00f6r helgen<\/title>\n<meta name=\"robots\" content=\"index, follow, max-snippet:-1, max-image-preview:large, max-video-preview:-1\" \/>\n<link rel=\"canonical\" href=\"https:\/\/blogg.svenskakyrkan.se\/tankarinforhelgen\/2019\/12\/09\/varfor-far-inte-jag-vara-lucia\/\" \/>\n<meta property=\"og:locale\" content=\"sv_SE\" \/>\n<meta property=\"og:type\" content=\"article\" \/>\n<meta property=\"og:title\" content=\"Varf\u00f6r f\u00e5r inte jag vara Lucia? - Tankar inf\u00f6r helgen\" \/>\n<meta property=\"og:description\" content=\"-Pappa, varf\u00f6r f\u00e5r inte jag vara Lucia? Det \u00e4r en kall decemberkv\u00e4ll 2013. Min son \u00e4r snart 4 \u00e5r gammal och det \u00e4r dags f\u00f6r kv\u00e4llsfika. Vid bordet fr\u00e5gar jag hur dagen har varit. Han ber\u00e4ttar med en 4-\u00e5rings dramatik att barnen p\u00e5 f\u00f6rskolan sagt att killar inte f\u00e5r vara Lucia. -Pappa, varf\u00f6r f\u00e5r inte [&hellip;]\" \/>\n<meta property=\"og:url\" content=\"https:\/\/blogg.svenskakyrkan.se\/tankarinforhelgen\/2019\/12\/09\/varfor-far-inte-jag-vara-lucia\/\" \/>\n<meta property=\"og:site_name\" content=\"Tankar inf\u00f6r helgen\" \/>\n<meta property=\"article:published_time\" content=\"2019-12-09T11:47:52+00:00\" \/>\n<meta property=\"article:modified_time\" content=\"2019-12-10T08:40:00+00:00\" \/>\n<meta name=\"author\" content=\"Andreas Sundstr\u00f6m, pr\u00e4st\" \/>\n<meta name=\"twitter:card\" content=\"summary_large_image\" \/>\n<meta name=\"twitter:label1\" content=\"Skriven av\" \/>\n\t<meta name=\"twitter:data1\" content=\"Andreas Sundstr\u00f6m, pr\u00e4st\" \/>\n\t<meta name=\"twitter:label2\" content=\"Ber\u00e4knad l\u00e4stid\" \/>\n\t<meta name=\"twitter:data2\" content=\"3 minuter\" \/>\n<script type=\"application\/ld+json\" class=\"yoast-schema-graph\">{\"@context\":\"https:\/\/schema.org\",\"@graph\":[{\"@type\":\"Article\",\"@id\":\"https:\/\/blogg.svenskakyrkan.se\/tankarinforhelgen\/2019\/12\/09\/varfor-far-inte-jag-vara-lucia\/#article\",\"isPartOf\":{\"@id\":\"https:\/\/blogg.svenskakyrkan.se\/tankarinforhelgen\/2019\/12\/09\/varfor-far-inte-jag-vara-lucia\/\"},\"author\":{\"name\":\"Andreas Sundstr\u00f6m, pr\u00e4st\",\"@id\":\"https:\/\/blogg.svenskakyrkan.se\/tankarinforhelgen\/#\/schema\/person\/9ebf33bd626a5ec1785dca07ea32e322\"},\"headline\":\"Varf\u00f6r f\u00e5r inte jag vara Lucia?\",\"datePublished\":\"2019-12-09T11:47:52+00:00\",\"dateModified\":\"2019-12-10T08:40:00+00:00\",\"mainEntityOfPage\":{\"@id\":\"https:\/\/blogg.svenskakyrkan.se\/tankarinforhelgen\/2019\/12\/09\/varfor-far-inte-jag-vara-lucia\/\"},\"wordCount\":624,\"commentCount\":1,\"image\":{\"@id\":\"https:\/\/blogg.svenskakyrkan.se\/tankarinforhelgen\/2019\/12\/09\/varfor-far-inte-jag-vara-lucia\/#primaryimage\"},\"thumbnailUrl\":\"https:\/\/blogg.svenskakyrkan.se\/tankarinforhelgen\/files\/2019\/12\/lusse-1.jpg\",\"keywords\":[\"Andreas Sundstr\u00f6m\",\"TANKARINFORHELGEN\"],\"articleSection\":[\"Andra s\u00f6ndagen i advent\"],\"inLanguage\":\"sv-SE\",\"potentialAction\":[{\"@type\":\"CommentAction\",\"name\":\"Comment\",\"target\":[\"https:\/\/blogg.svenskakyrkan.se\/tankarinforhelgen\/2019\/12\/09\/varfor-far-inte-jag-vara-lucia\/#respond\"]}]},{\"@type\":\"WebPage\",\"@id\":\"https:\/\/blogg.svenskakyrkan.se\/tankarinforhelgen\/2019\/12\/09\/varfor-far-inte-jag-vara-lucia\/\",\"url\":\"https:\/\/blogg.svenskakyrkan.se\/tankarinforhelgen\/2019\/12\/09\/varfor-far-inte-jag-vara-lucia\/\",\"name\":\"Varf\u00f6r f\u00e5r inte jag vara Lucia? - Tankar inf\u00f6r helgen\",\"isPartOf\":{\"@id\":\"https:\/\/blogg.svenskakyrkan.se\/tankarinforhelgen\/#website\"},\"primaryImageOfPage\":{\"@id\":\"https:\/\/blogg.svenskakyrkan.se\/tankarinforhelgen\/2019\/12\/09\/varfor-far-inte-jag-vara-lucia\/#primaryimage\"},\"image\":{\"@id\":\"https:\/\/blogg.svenskakyrkan.se\/tankarinforhelgen\/2019\/12\/09\/varfor-far-inte-jag-vara-lucia\/#primaryimage\"},\"thumbnailUrl\":\"https:\/\/blogg.svenskakyrkan.se\/tankarinforhelgen\/files\/2019\/12\/lusse-1.jpg\",\"datePublished\":\"2019-12-09T11:47:52+00:00\",\"dateModified\":\"2019-12-10T08:40:00+00:00\",\"author\":{\"@id\":\"https:\/\/blogg.svenskakyrkan.se\/tankarinforhelgen\/#\/schema\/person\/9ebf33bd626a5ec1785dca07ea32e322\"},\"breadcrumb\":{\"@id\":\"https:\/\/blogg.svenskakyrkan.se\/tankarinforhelgen\/2019\/12\/09\/varfor-far-inte-jag-vara-lucia\/#breadcrumb\"},\"inLanguage\":\"sv-SE\",\"potentialAction\":[{\"@type\":\"ReadAction\",\"target\":[\"https:\/\/blogg.svenskakyrkan.se\/tankarinforhelgen\/2019\/12\/09\/varfor-far-inte-jag-vara-lucia\/\"]}]},{\"@type\":\"ImageObject\",\"inLanguage\":\"sv-SE\",\"@id\":\"https:\/\/blogg.svenskakyrkan.se\/tankarinforhelgen\/2019\/12\/09\/varfor-far-inte-jag-vara-lucia\/#primaryimage\",\"url\":\"https:\/\/blogg.svenskakyrkan.se\/tankarinforhelgen\/files\/2019\/12\/lusse-1.jpg\",\"contentUrl\":\"https:\/\/blogg.svenskakyrkan.se\/tankarinforhelgen\/files\/2019\/12\/lusse-1.jpg\",\"width\":800,\"height\":598},{\"@type\":\"BreadcrumbList\",\"@id\":\"https:\/\/blogg.svenskakyrkan.se\/tankarinforhelgen\/2019\/12\/09\/varfor-far-inte-jag-vara-lucia\/#breadcrumb\",\"itemListElement\":[{\"@type\":\"ListItem\",\"position\":1,\"name\":\"Hem\",\"item\":\"https:\/\/blogg.svenskakyrkan.se\/tankarinforhelgen\/\"},{\"@type\":\"ListItem\",\"position\":2,\"name\":\"Varf\u00f6r f\u00e5r inte jag vara Lucia?\"}]},{\"@type\":\"WebSite\",\"@id\":\"https:\/\/blogg.svenskakyrkan.se\/tankarinforhelgen\/#website\",\"url\":\"https:\/\/blogg.svenskakyrkan.se\/tankarinforhelgen\/\",\"name\":\"Tankar inf\u00f6r helgen\",\"description\":\"Pr\u00e4ster funderar utifr\u00e5n kommande s\u00f6ndags texter\",\"potentialAction\":[{\"@type\":\"SearchAction\",\"target\":{\"@type\":\"EntryPoint\",\"urlTemplate\":\"https:\/\/blogg.svenskakyrkan.se\/tankarinforhelgen\/?s={search_term_string}\"},\"query-input\":{\"@type\":\"PropertyValueSpecification\",\"valueRequired\":true,\"valueName\":\"search_term_string\"}}],\"inLanguage\":\"sv-SE\"},{\"@type\":\"Person\",\"@id\":\"https:\/\/blogg.svenskakyrkan.se\/tankarinforhelgen\/#\/schema\/person\/9ebf33bd626a5ec1785dca07ea32e322\",\"name\":\"Andreas Sundstr\u00f6m, pr\u00e4st\",\"image\":{\"@type\":\"ImageObject\",\"inLanguage\":\"sv-SE\",\"@id\":\"https:\/\/blogg.svenskakyrkan.se\/tankarinforhelgen\/#\/schema\/person\/image\/\",\"url\":\"https:\/\/secure.gravatar.com\/avatar\/e56a8928b6ee0133544ac2e61ef69fc66ed0e5b59a7d3119bed3b70249edbda9?s=96&d=mm&r=g\",\"contentUrl\":\"https:\/\/secure.gravatar.com\/avatar\/e56a8928b6ee0133544ac2e61ef69fc66ed0e5b59a7d3119bed3b70249edbda9?s=96&d=mm&r=g\",\"caption\":\"Andreas Sundstr\u00f6m, pr\u00e4st\"},\"url\":\"https:\/\/blogg.svenskakyrkan.se\/tankarinforhelgen\/author\/andreassundstrom\/\"}]}<\/script>\n<!-- \/ Yoast SEO plugin. -->","yoast_head_json":{"title":"Varf\u00f6r f\u00e5r inte jag vara Lucia? - Tankar inf\u00f6r helgen","robots":{"index":"index","follow":"follow","max-snippet":"max-snippet:-1","max-image-preview":"max-image-preview:large","max-video-preview":"max-video-preview:-1"},"canonical":"https:\/\/blogg.svenskakyrkan.se\/tankarinforhelgen\/2019\/12\/09\/varfor-far-inte-jag-vara-lucia\/","og_locale":"sv_SE","og_type":"article","og_title":"Varf\u00f6r f\u00e5r inte jag vara Lucia? - Tankar inf\u00f6r helgen","og_description":"-Pappa, varf\u00f6r f\u00e5r inte jag vara Lucia? Det \u00e4r en kall decemberkv\u00e4ll 2013. Min son \u00e4r snart 4 \u00e5r gammal och det \u00e4r dags f\u00f6r kv\u00e4llsfika. Vid bordet fr\u00e5gar jag hur dagen har varit. Han ber\u00e4ttar med en 4-\u00e5rings dramatik att barnen p\u00e5 f\u00f6rskolan sagt att killar inte f\u00e5r vara Lucia. -Pappa, varf\u00f6r f\u00e5r inte [&hellip;]","og_url":"https:\/\/blogg.svenskakyrkan.se\/tankarinforhelgen\/2019\/12\/09\/varfor-far-inte-jag-vara-lucia\/","og_site_name":"Tankar inf\u00f6r helgen","article_published_time":"2019-12-09T11:47:52+00:00","article_modified_time":"2019-12-10T08:40:00+00:00","author":"Andreas Sundstr\u00f6m, pr\u00e4st","twitter_card":"summary_large_image","twitter_misc":{"Skriven av":"Andreas Sundstr\u00f6m, pr\u00e4st","Ber\u00e4knad l\u00e4stid":"3 minuter"},"schema":{"@context":"https:\/\/schema.org","@graph":[{"@type":"Article","@id":"https:\/\/blogg.svenskakyrkan.se\/tankarinforhelgen\/2019\/12\/09\/varfor-far-inte-jag-vara-lucia\/#article","isPartOf":{"@id":"https:\/\/blogg.svenskakyrkan.se\/tankarinforhelgen\/2019\/12\/09\/varfor-far-inte-jag-vara-lucia\/"},"author":{"name":"Andreas Sundstr\u00f6m, pr\u00e4st","@id":"https:\/\/blogg.svenskakyrkan.se\/tankarinforhelgen\/#\/schema\/person\/9ebf33bd626a5ec1785dca07ea32e322"},"headline":"Varf\u00f6r f\u00e5r inte jag vara Lucia?","datePublished":"2019-12-09T11:47:52+00:00","dateModified":"2019-12-10T08:40:00+00:00","mainEntityOfPage":{"@id":"https:\/\/blogg.svenskakyrkan.se\/tankarinforhelgen\/2019\/12\/09\/varfor-far-inte-jag-vara-lucia\/"},"wordCount":624,"commentCount":1,"image":{"@id":"https:\/\/blogg.svenskakyrkan.se\/tankarinforhelgen\/2019\/12\/09\/varfor-far-inte-jag-vara-lucia\/#primaryimage"},"thumbnailUrl":"https:\/\/blogg.svenskakyrkan.se\/tankarinforhelgen\/files\/2019\/12\/lusse-1.jpg","keywords":["Andreas Sundstr\u00f6m","TANKARINFORHELGEN"],"articleSection":["Andra s\u00f6ndagen i advent"],"inLanguage":"sv-SE","potentialAction":[{"@type":"CommentAction","name":"Comment","target":["https:\/\/blogg.svenskakyrkan.se\/tankarinforhelgen\/2019\/12\/09\/varfor-far-inte-jag-vara-lucia\/#respond"]}]},{"@type":"WebPage","@id":"https:\/\/blogg.svenskakyrkan.se\/tankarinforhelgen\/2019\/12\/09\/varfor-far-inte-jag-vara-lucia\/","url":"https:\/\/blogg.svenskakyrkan.se\/tankarinforhelgen\/2019\/12\/09\/varfor-far-inte-jag-vara-lucia\/","name":"Varf\u00f6r f\u00e5r inte jag vara Lucia? - Tankar inf\u00f6r helgen","isPartOf":{"@id":"https:\/\/blogg.svenskakyrkan.se\/tankarinforhelgen\/#website"},"primaryImageOfPage":{"@id":"https:\/\/blogg.svenskakyrkan.se\/tankarinforhelgen\/2019\/12\/09\/varfor-far-inte-jag-vara-lucia\/#primaryimage"},"image":{"@id":"https:\/\/blogg.svenskakyrkan.se\/tankarinforhelgen\/2019\/12\/09\/varfor-far-inte-jag-vara-lucia\/#primaryimage"},"thumbnailUrl":"https:\/\/blogg.svenskakyrkan.se\/tankarinforhelgen\/files\/2019\/12\/lusse-1.jpg","datePublished":"2019-12-09T11:47:52+00:00","dateModified":"2019-12-10T08:40:00+00:00","author":{"@id":"https:\/\/blogg.svenskakyrkan.se\/tankarinforhelgen\/#\/schema\/person\/9ebf33bd626a5ec1785dca07ea32e322"},"breadcrumb":{"@id":"https:\/\/blogg.svenskakyrkan.se\/tankarinforhelgen\/2019\/12\/09\/varfor-far-inte-jag-vara-lucia\/#breadcrumb"},"inLanguage":"sv-SE","potentialAction":[{"@type":"ReadAction","target":["https:\/\/blogg.svenskakyrkan.se\/tankarinforhelgen\/2019\/12\/09\/varfor-far-inte-jag-vara-lucia\/"]}]},{"@type":"ImageObject","inLanguage":"sv-SE","@id":"https:\/\/blogg.svenskakyrkan.se\/tankarinforhelgen\/2019\/12\/09\/varfor-far-inte-jag-vara-lucia\/#primaryimage","url":"https:\/\/blogg.svenskakyrkan.se\/tankarinforhelgen\/files\/2019\/12\/lusse-1.jpg","contentUrl":"https:\/\/blogg.svenskakyrkan.se\/tankarinforhelgen\/files\/2019\/12\/lusse-1.jpg","width":800,"height":598},{"@type":"BreadcrumbList","@id":"https:\/\/blogg.svenskakyrkan.se\/tankarinforhelgen\/2019\/12\/09\/varfor-far-inte-jag-vara-lucia\/#breadcrumb","itemListElement":[{"@type":"ListItem","position":1,"name":"Hem","item":"https:\/\/blogg.svenskakyrkan.se\/tankarinforhelgen\/"},{"@type":"ListItem","position":2,"name":"Varf\u00f6r f\u00e5r inte jag vara Lucia?"}]},{"@type":"WebSite","@id":"https:\/\/blogg.svenskakyrkan.se\/tankarinforhelgen\/#website","url":"https:\/\/blogg.svenskakyrkan.se\/tankarinforhelgen\/","name":"Tankar inf\u00f6r helgen","description":"Pr\u00e4ster funderar utifr\u00e5n kommande s\u00f6ndags texter","potentialAction":[{"@type":"SearchAction","target":{"@type":"EntryPoint","urlTemplate":"https:\/\/blogg.svenskakyrkan.se\/tankarinforhelgen\/?s={search_term_string}"},"query-input":{"@type":"PropertyValueSpecification","valueRequired":true,"valueName":"search_term_string"}}],"inLanguage":"sv-SE"},{"@type":"Person","@id":"https:\/\/blogg.svenskakyrkan.se\/tankarinforhelgen\/#\/schema\/person\/9ebf33bd626a5ec1785dca07ea32e322","name":"Andreas Sundstr\u00f6m, pr\u00e4st","image":{"@type":"ImageObject","inLanguage":"sv-SE","@id":"https:\/\/blogg.svenskakyrkan.se\/tankarinforhelgen\/#\/schema\/person\/image\/","url":"https:\/\/secure.gravatar.com\/avatar\/e56a8928b6ee0133544ac2e61ef69fc66ed0e5b59a7d3119bed3b70249edbda9?s=96&d=mm&r=g","contentUrl":"https:\/\/secure.gravatar.com\/avatar\/e56a8928b6ee0133544ac2e61ef69fc66ed0e5b59a7d3119bed3b70249edbda9?s=96&d=mm&r=g","caption":"Andreas Sundstr\u00f6m, pr\u00e4st"},"url":"https:\/\/blogg.svenskakyrkan.se\/tankarinforhelgen\/author\/andreassundstrom\/"}]}},"author_meta":{"ID":"719","user_nicename":"andreassundstrom","user_registered":"2019-08-07 15:03:29","display_name":"Andreas Sundstr\u00f6m, pr\u00e4st","first_name":"Andreas","last_name":"Sundstr\u00f6m, pr\u00e4st","avatar":"https:\/\/secure.gravatar.com\/avatar\/e56a8928b6ee0133544ac2e61ef69fc66ed0e5b59a7d3119bed3b70249edbda9?s=96&d=mm&r=g"},"featured_image":["https:\/\/blogg.svenskakyrkan.se\/tankarinforhelgen\/files\/2019\/12\/lusse-1.jpg",800,598,false],"bloginfo":{"name":"Tankar inf\u00f6r helgen","url":"https:\/\/blogg.svenskakyrkan.se\/tankarinforhelgen"},"_links":{"self":[{"href":"https:\/\/blogg.svenskakyrkan.se\/tankarinforhelgen\/wp-json\/wp\/v2\/posts\/1892","targetHints":{"allow":["GET"]}}],"collection":[{"href":"https:\/\/blogg.svenskakyrkan.se\/tankarinforhelgen\/wp-json\/wp\/v2\/posts"}],"about":[{"href":"https:\/\/blogg.svenskakyrkan.se\/tankarinforhelgen\/wp-json\/wp\/v2\/types\/post"}],"author":[{"embeddable":true,"href":"https:\/\/blogg.svenskakyrkan.se\/tankarinforhelgen\/wp-json\/wp\/v2\/users\/719"}],"replies":[{"embeddable":true,"href":"https:\/\/blogg.svenskakyrkan.se\/tankarinforhelgen\/wp-json\/wp\/v2\/comments?post=1892"}],"version-history":[{"count":4,"href":"https:\/\/blogg.svenskakyrkan.se\/tankarinforhelgen\/wp-json\/wp\/v2\/posts\/1892\/revisions"}],"predecessor-version":[{"id":1901,"href":"https:\/\/blogg.svenskakyrkan.se\/tankarinforhelgen\/wp-json\/wp\/v2\/posts\/1892\/revisions\/1901"}],"wp:featuredmedia":[{"embeddable":true,"href":"https:\/\/blogg.svenskakyrkan.se\/tankarinforhelgen\/wp-json\/wp\/v2\/media\/1900"}],"wp:attachment":[{"href":"https:\/\/blogg.svenskakyrkan.se\/tankarinforhelgen\/wp-json\/wp\/v2\/media?parent=1892"}],"wp:term":[{"taxonomy":"category","embeddable":true,"href":"https:\/\/blogg.svenskakyrkan.se\/tankarinforhelgen\/wp-json\/wp\/v2\/categories?post=1892"},{"taxonomy":"post_tag","embeddable":true,"href":"https:\/\/blogg.svenskakyrkan.se\/tankarinforhelgen\/wp-json\/wp\/v2\/tags?post=1892"}],"curies":[{"name":"wp","href":"https:\/\/api.w.org\/{rel}","templated":true}]}}