{"id":1919,"date":"2020-01-02T23:54:59","date_gmt":"2020-01-02T22:54:59","guid":{"rendered":"http:\/\/blogg.svenskakyrkan.se\/tankarinforhelgen\/?p=1919"},"modified":"2020-01-03T08:40:47","modified_gmt":"2020-01-03T07:40:47","slug":"likt-en-diamant-i-skyn","status":"publish","type":"post","link":"https:\/\/blogg.svenskakyrkan.se\/tankarinforhelgen\/2020\/01\/02\/likt-en-diamant-i-skyn\/","title":{"rendered":"Likt en diamant i skyn"},"content":{"rendered":"<p>Julen har g\u00e5tt \u00f6ver. Stearinljusen har droppat p\u00e5 dukarna. P\u00e5 julkrubbans stalltak g\u00e5r det att rita m\u00f6nster i det tunna juldammet. Julen g\u00e5r \u00f6ver och blir trettondagstid. Trettondedag jul \u00e4r helgen d\u00e5 adventsstj\u00e4rnorna tar ett krafttag f\u00f6r att v\u00e4gra bli nedplockade i sina kartonger.   Stj\u00e4rnorna har lyst l\u00e4nge i f\u00f6nster och i en och annan flaggst\u00e5ng. Str\u00e5lat f\u00f6r att visa v\u00e4gen fram\u00e5t. Nu \u00e4ntligen \u00e4r det dags f\u00f6r stj\u00e4rnans helg. Betlehemsstj\u00e4rnan som lyser fr\u00e5n himlen. <\/p>\n<p>\u2013Undrar du vad jag \u00e4r? blinkar stj\u00e4rnan till oss. Du har s\u00e4kert sjungit s\u00e5ngen och vet att jag lyser likt en diamant i skyn, eller hur? Men har du funderat p\u00e5 varf\u00f6r?<\/p>\n<p>Stj\u00e4rnan blinkar en g\u00e5ng till och utan att bekymra sig om v\u00e5r f\u00f6rv\u00e5ning \u00f6ver en talade stj\u00e4rna ber\u00e4ttar hon om den himmelska julens h\u00f6gtid.<\/p>\n<p>-N\u00e4r det firas jul i himlen, ja ni m\u00e5ste f\u00f6rst\u00e5 att det vore konstigt om inte Jesus jordiska f\u00f6delsedag firades ocks\u00e5 h\u00e4r himlen, d\u00e5 f\u00e5r jag varje g\u00e5ng ber\u00e4tta om f\u00f6rsta g\u00e5ngen m\u00e4nniskor kom till Jesus med presenter. F\u00f6delsedagspresenter. Och alltsedan dess h\u00e4nder undret, att den som ger f\u00e5r n\u00e5got o\u00e4ndligt dyrbart tillbaka av Jesus.<\/p>\n<p>N\u00e5gra \u00f6sterl\u00e4ndska stj\u00e4rntydare var f\u00f6rst med uppt\u00e4ckten. De f\u00f6rstod att de skulle leta sig fram till stallet d\u00e4r barnet fanns, Honom som jag speglade. De lyckades tyda vad f\u00f6r slag mitt stj\u00e4rneljus \u00e4r. Stj\u00e4rntydarna hade med sig presenter till barnet. Ni brukar t\u00e4nka att deras g\u00e5vor var det allra finaste och mest dyrbara de kunde komma p\u00e5 att ta med. Ni har r\u00e4tt i det! N\u00e5got mer dyrbart \u00e4n guld, r\u00f6kelse och myrra fanns inte. G\u00e5vor som passar f\u00f6r varje nyf\u00f6tt barn, lika kunga- och drottning-lika.<\/p>\n<p>Jesus tar emot g\u00e5vorna och undret sker. Hans ljus lyser f\u00f6r den m\u00e4nniska som ger. G\u00e5vorna rymmer mer \u00e4n vad som f\u00f6rst syns.  P\u00e5 vanliga julfester h\u00e4nder det att ni talar med varandra om hur det varit sedan sist ni s\u00e5gs. P\u00e5 himlens julfest h\u00e4nder samma sak. Gud, allts\u00e5 Jesus Kristus, han som blev m\u00e4nniska och bodde bland oss, tar sin tid och pratar med var och en som kommer f\u00f6r att fira hans f\u00f6delses fest. Han pratar om g\u00e5vorna han f\u00e5tt av dig. <\/p>\n<p>Guldet st\u00e5r f\u00f6r det k\u00e4raste du har. Dem du \u00e4lskar och dem du saknar. Dem du l\u00e4ngtar efter. Han talar med dig om dem p\u00e5 ett s\u00e4rskilt s\u00e4tt s\u00e5 att k\u00e4rleken till dem djupnar. Du ber att han ska v\u00e4lsigna dem.<\/p>\n<p>R\u00f6kelsen \u00e4r \u00e4r symbolen f\u00f6r det du k\u00e4mpat med, arbetat f\u00f6r och har haft omtanke om. H\u00e4r ryms det dina b\u00f6ner har handlat om. Han talar med dig om vad allt det f\u00e5tt f\u00f6r betydelse. Han visar dig hur det h\u00e4nger ihop.<\/p>\n<p>Myrran \u00e4r bilden f\u00f6r det du har haft sv\u00e5rt med, det som s\u00e5rat och gjort ont. Han talar med dig om f\u00f6rl\u00e5telse och om att trasigt blir helt. T\u00e5rarna torkas i tr\u00f6stens omsorg. Myrran \u00e4r balsam som ger liv.<\/p>\n<p>-F\u00f6rst\u00e5r du nu  lite mer av vad jag \u00e4r? undrar Betlehemsstj\u00e4rnan. Det \u00e4r f\u00f6r att jag speglar varje m\u00e4nniska, sedd genom barnet i krubban, som jag lyser likt en diamant. Nu g\u00e5r julen \u00f6ver i trettondedagstid. F\u00f6ljer du med till stallet och l\u00e5ter ljuset reflekteras f\u00f6r dig?<\/p>\n","protected":false},"excerpt":{"rendered":"<p>Julen har g\u00e5tt \u00f6ver. Stearinljusen har droppat p\u00e5 dukarna. P\u00e5 julkrubbans stalltak g\u00e5r det att rita m\u00f6nster i det tunna juldammet. Julen g\u00e5r \u00f6ver och blir trettondagstid. Trettondedag jul \u00e4r helgen d\u00e5 adventsstj\u00e4rnorna tar ett krafttag f\u00f6r att v\u00e4gra bli nedplockade i sina kartonger. Stj\u00e4rnorna har lyst l\u00e4nge i f\u00f6nster och i en och annan [&hellip;]<\/p>\n","protected":false},"author":666,"featured_media":1922,"comment_status":"open","ping_status":"open","sticky":false,"template":"","format":"standard","meta":{"_acf_changed":false,"footnotes":""},"categories":[139650],"tags":[159864,142457],"class_list":["post-1919","post","type-post","status-publish","format-standard","has-post-thumbnail","hentry","category-trettondedag-jul","tag-bk-ekstrand","tag-tankarinforhelgen"],"acf":[],"yoast_head":"<!-- This site is optimized with the Yoast SEO plugin v27.1.1 - https:\/\/yoast.com\/product\/yoast-seo-wordpress\/ -->\n<title>Likt en diamant i skyn - Tankar inf\u00f6r helgen<\/title>\n<meta name=\"robots\" content=\"index, follow, max-snippet:-1, max-image-preview:large, max-video-preview:-1\" \/>\n<link rel=\"canonical\" href=\"https:\/\/blogg.svenskakyrkan.se\/tankarinforhelgen\/2020\/01\/02\/likt-en-diamant-i-skyn\/\" \/>\n<meta property=\"og:locale\" content=\"sv_SE\" \/>\n<meta property=\"og:type\" content=\"article\" \/>\n<meta property=\"og:title\" content=\"Likt en diamant i skyn - Tankar inf\u00f6r helgen\" \/>\n<meta property=\"og:description\" content=\"Julen har g\u00e5tt \u00f6ver. Stearinljusen har droppat p\u00e5 dukarna. P\u00e5 julkrubbans stalltak g\u00e5r det att rita m\u00f6nster i det tunna juldammet. Julen g\u00e5r \u00f6ver och blir trettondagstid. Trettondedag jul \u00e4r helgen d\u00e5 adventsstj\u00e4rnorna tar ett krafttag f\u00f6r att v\u00e4gra bli nedplockade i sina kartonger. Stj\u00e4rnorna har lyst l\u00e4nge i f\u00f6nster och i en och annan [&hellip;]\" \/>\n<meta property=\"og:url\" content=\"https:\/\/blogg.svenskakyrkan.se\/tankarinforhelgen\/2020\/01\/02\/likt-en-diamant-i-skyn\/\" \/>\n<meta property=\"og:site_name\" content=\"Tankar inf\u00f6r helgen\" \/>\n<meta property=\"article:published_time\" content=\"2020-01-02T22:54:59+00:00\" \/>\n<meta property=\"article:modified_time\" content=\"2020-01-03T07:40:47+00:00\" \/>\n<meta name=\"author\" content=\"Britt-Karin Ekstrand, pr\u00e4st\" \/>\n<meta name=\"twitter:card\" content=\"summary_large_image\" \/>\n<meta name=\"twitter:label1\" content=\"Skriven av\" \/>\n\t<meta name=\"twitter:data1\" content=\"Britt-Karin Ekstrand, pr\u00e4st\" \/>\n\t<meta name=\"twitter:label2\" content=\"Ber\u00e4knad l\u00e4stid\" \/>\n\t<meta name=\"twitter:data2\" content=\"3 minuter\" \/>\n<script type=\"application\/ld+json\" class=\"yoast-schema-graph\">{\"@context\":\"https:\/\/schema.org\",\"@graph\":[{\"@type\":\"Article\",\"@id\":\"https:\/\/blogg.svenskakyrkan.se\/tankarinforhelgen\/2020\/01\/02\/likt-en-diamant-i-skyn\/#article\",\"isPartOf\":{\"@id\":\"https:\/\/blogg.svenskakyrkan.se\/tankarinforhelgen\/2020\/01\/02\/likt-en-diamant-i-skyn\/\"},\"author\":{\"name\":\"Britt-Karin Ekstrand, pr\u00e4st\",\"@id\":\"https:\/\/blogg.svenskakyrkan.se\/tankarinforhelgen\/#\/schema\/person\/b71e37fb25791f886e690531c593d0ce\"},\"headline\":\"Likt en diamant i skyn\",\"datePublished\":\"2020-01-02T22:54:59+00:00\",\"dateModified\":\"2020-01-03T07:40:47+00:00\",\"mainEntityOfPage\":{\"@id\":\"https:\/\/blogg.svenskakyrkan.se\/tankarinforhelgen\/2020\/01\/02\/likt-en-diamant-i-skyn\/\"},\"wordCount\":641,\"commentCount\":4,\"image\":{\"@id\":\"https:\/\/blogg.svenskakyrkan.se\/tankarinforhelgen\/2020\/01\/02\/likt-en-diamant-i-skyn\/#primaryimage\"},\"thumbnailUrl\":\"https:\/\/blogg.svenskakyrkan.se\/tankarinforhelgen\/files\/2020\/01\/trettondagen3.jpg\",\"keywords\":[\"BK Ekstrand\",\"TANKARINFORHELGEN\"],\"articleSection\":[\"Trettondedag jul\"],\"inLanguage\":\"sv-SE\",\"potentialAction\":[{\"@type\":\"CommentAction\",\"name\":\"Comment\",\"target\":[\"https:\/\/blogg.svenskakyrkan.se\/tankarinforhelgen\/2020\/01\/02\/likt-en-diamant-i-skyn\/#respond\"]}]},{\"@type\":\"WebPage\",\"@id\":\"https:\/\/blogg.svenskakyrkan.se\/tankarinforhelgen\/2020\/01\/02\/likt-en-diamant-i-skyn\/\",\"url\":\"https:\/\/blogg.svenskakyrkan.se\/tankarinforhelgen\/2020\/01\/02\/likt-en-diamant-i-skyn\/\",\"name\":\"Likt en diamant i skyn - Tankar inf\u00f6r helgen\",\"isPartOf\":{\"@id\":\"https:\/\/blogg.svenskakyrkan.se\/tankarinforhelgen\/#website\"},\"primaryImageOfPage\":{\"@id\":\"https:\/\/blogg.svenskakyrkan.se\/tankarinforhelgen\/2020\/01\/02\/likt-en-diamant-i-skyn\/#primaryimage\"},\"image\":{\"@id\":\"https:\/\/blogg.svenskakyrkan.se\/tankarinforhelgen\/2020\/01\/02\/likt-en-diamant-i-skyn\/#primaryimage\"},\"thumbnailUrl\":\"https:\/\/blogg.svenskakyrkan.se\/tankarinforhelgen\/files\/2020\/01\/trettondagen3.jpg\",\"datePublished\":\"2020-01-02T22:54:59+00:00\",\"dateModified\":\"2020-01-03T07:40:47+00:00\",\"author\":{\"@id\":\"https:\/\/blogg.svenskakyrkan.se\/tankarinforhelgen\/#\/schema\/person\/b71e37fb25791f886e690531c593d0ce\"},\"breadcrumb\":{\"@id\":\"https:\/\/blogg.svenskakyrkan.se\/tankarinforhelgen\/2020\/01\/02\/likt-en-diamant-i-skyn\/#breadcrumb\"},\"inLanguage\":\"sv-SE\",\"potentialAction\":[{\"@type\":\"ReadAction\",\"target\":[\"https:\/\/blogg.svenskakyrkan.se\/tankarinforhelgen\/2020\/01\/02\/likt-en-diamant-i-skyn\/\"]}]},{\"@type\":\"ImageObject\",\"inLanguage\":\"sv-SE\",\"@id\":\"https:\/\/blogg.svenskakyrkan.se\/tankarinforhelgen\/2020\/01\/02\/likt-en-diamant-i-skyn\/#primaryimage\",\"url\":\"https:\/\/blogg.svenskakyrkan.se\/tankarinforhelgen\/files\/2020\/01\/trettondagen3.jpg\",\"contentUrl\":\"https:\/\/blogg.svenskakyrkan.se\/tankarinforhelgen\/files\/2020\/01\/trettondagen3.jpg\",\"width\":462,\"height\":271},{\"@type\":\"BreadcrumbList\",\"@id\":\"https:\/\/blogg.svenskakyrkan.se\/tankarinforhelgen\/2020\/01\/02\/likt-en-diamant-i-skyn\/#breadcrumb\",\"itemListElement\":[{\"@type\":\"ListItem\",\"position\":1,\"name\":\"Hem\",\"item\":\"https:\/\/blogg.svenskakyrkan.se\/tankarinforhelgen\/\"},{\"@type\":\"ListItem\",\"position\":2,\"name\":\"Likt en diamant i skyn\"}]},{\"@type\":\"WebSite\",\"@id\":\"https:\/\/blogg.svenskakyrkan.se\/tankarinforhelgen\/#website\",\"url\":\"https:\/\/blogg.svenskakyrkan.se\/tankarinforhelgen\/\",\"name\":\"Tankar inf\u00f6r helgen\",\"description\":\"Pr\u00e4ster funderar utifr\u00e5n kommande s\u00f6ndags texter\",\"potentialAction\":[{\"@type\":\"SearchAction\",\"target\":{\"@type\":\"EntryPoint\",\"urlTemplate\":\"https:\/\/blogg.svenskakyrkan.se\/tankarinforhelgen\/?s={search_term_string}\"},\"query-input\":{\"@type\":\"PropertyValueSpecification\",\"valueRequired\":true,\"valueName\":\"search_term_string\"}}],\"inLanguage\":\"sv-SE\"},{\"@type\":\"Person\",\"@id\":\"https:\/\/blogg.svenskakyrkan.se\/tankarinforhelgen\/#\/schema\/person\/b71e37fb25791f886e690531c593d0ce\",\"name\":\"Britt-Karin Ekstrand, pr\u00e4st\",\"image\":{\"@type\":\"ImageObject\",\"inLanguage\":\"sv-SE\",\"@id\":\"https:\/\/blogg.svenskakyrkan.se\/tankarinforhelgen\/#\/schema\/person\/image\/\",\"url\":\"https:\/\/secure.gravatar.com\/avatar\/3084173b0a543e6addb65bacfbd387a5e64218fe28445217e6f305bab4f14203?s=96&d=mm&r=g\",\"contentUrl\":\"https:\/\/secure.gravatar.com\/avatar\/3084173b0a543e6addb65bacfbd387a5e64218fe28445217e6f305bab4f14203?s=96&d=mm&r=g\",\"caption\":\"Britt-Karin Ekstrand, pr\u00e4st\"},\"url\":\"https:\/\/blogg.svenskakyrkan.se\/tankarinforhelgen\/author\/brittkarinekstrand\/\"}]}<\/script>\n<!-- \/ Yoast SEO plugin. -->","yoast_head_json":{"title":"Likt en diamant i skyn - Tankar inf\u00f6r helgen","robots":{"index":"index","follow":"follow","max-snippet":"max-snippet:-1","max-image-preview":"max-image-preview:large","max-video-preview":"max-video-preview:-1"},"canonical":"https:\/\/blogg.svenskakyrkan.se\/tankarinforhelgen\/2020\/01\/02\/likt-en-diamant-i-skyn\/","og_locale":"sv_SE","og_type":"article","og_title":"Likt en diamant i skyn - Tankar inf\u00f6r helgen","og_description":"Julen har g\u00e5tt \u00f6ver. Stearinljusen har droppat p\u00e5 dukarna. P\u00e5 julkrubbans stalltak g\u00e5r det att rita m\u00f6nster i det tunna juldammet. Julen g\u00e5r \u00f6ver och blir trettondagstid. Trettondedag jul \u00e4r helgen d\u00e5 adventsstj\u00e4rnorna tar ett krafttag f\u00f6r att v\u00e4gra bli nedplockade i sina kartonger. Stj\u00e4rnorna har lyst l\u00e4nge i f\u00f6nster och i en och annan [&hellip;]","og_url":"https:\/\/blogg.svenskakyrkan.se\/tankarinforhelgen\/2020\/01\/02\/likt-en-diamant-i-skyn\/","og_site_name":"Tankar inf\u00f6r helgen","article_published_time":"2020-01-02T22:54:59+00:00","article_modified_time":"2020-01-03T07:40:47+00:00","author":"Britt-Karin Ekstrand, pr\u00e4st","twitter_card":"summary_large_image","twitter_misc":{"Skriven av":"Britt-Karin Ekstrand, pr\u00e4st","Ber\u00e4knad l\u00e4stid":"3 minuter"},"schema":{"@context":"https:\/\/schema.org","@graph":[{"@type":"Article","@id":"https:\/\/blogg.svenskakyrkan.se\/tankarinforhelgen\/2020\/01\/02\/likt-en-diamant-i-skyn\/#article","isPartOf":{"@id":"https:\/\/blogg.svenskakyrkan.se\/tankarinforhelgen\/2020\/01\/02\/likt-en-diamant-i-skyn\/"},"author":{"name":"Britt-Karin Ekstrand, pr\u00e4st","@id":"https:\/\/blogg.svenskakyrkan.se\/tankarinforhelgen\/#\/schema\/person\/b71e37fb25791f886e690531c593d0ce"},"headline":"Likt en diamant i skyn","datePublished":"2020-01-02T22:54:59+00:00","dateModified":"2020-01-03T07:40:47+00:00","mainEntityOfPage":{"@id":"https:\/\/blogg.svenskakyrkan.se\/tankarinforhelgen\/2020\/01\/02\/likt-en-diamant-i-skyn\/"},"wordCount":641,"commentCount":4,"image":{"@id":"https:\/\/blogg.svenskakyrkan.se\/tankarinforhelgen\/2020\/01\/02\/likt-en-diamant-i-skyn\/#primaryimage"},"thumbnailUrl":"https:\/\/blogg.svenskakyrkan.se\/tankarinforhelgen\/files\/2020\/01\/trettondagen3.jpg","keywords":["BK Ekstrand","TANKARINFORHELGEN"],"articleSection":["Trettondedag jul"],"inLanguage":"sv-SE","potentialAction":[{"@type":"CommentAction","name":"Comment","target":["https:\/\/blogg.svenskakyrkan.se\/tankarinforhelgen\/2020\/01\/02\/likt-en-diamant-i-skyn\/#respond"]}]},{"@type":"WebPage","@id":"https:\/\/blogg.svenskakyrkan.se\/tankarinforhelgen\/2020\/01\/02\/likt-en-diamant-i-skyn\/","url":"https:\/\/blogg.svenskakyrkan.se\/tankarinforhelgen\/2020\/01\/02\/likt-en-diamant-i-skyn\/","name":"Likt en diamant i skyn - Tankar inf\u00f6r helgen","isPartOf":{"@id":"https:\/\/blogg.svenskakyrkan.se\/tankarinforhelgen\/#website"},"primaryImageOfPage":{"@id":"https:\/\/blogg.svenskakyrkan.se\/tankarinforhelgen\/2020\/01\/02\/likt-en-diamant-i-skyn\/#primaryimage"},"image":{"@id":"https:\/\/blogg.svenskakyrkan.se\/tankarinforhelgen\/2020\/01\/02\/likt-en-diamant-i-skyn\/#primaryimage"},"thumbnailUrl":"https:\/\/blogg.svenskakyrkan.se\/tankarinforhelgen\/files\/2020\/01\/trettondagen3.jpg","datePublished":"2020-01-02T22:54:59+00:00","dateModified":"2020-01-03T07:40:47+00:00","author":{"@id":"https:\/\/blogg.svenskakyrkan.se\/tankarinforhelgen\/#\/schema\/person\/b71e37fb25791f886e690531c593d0ce"},"breadcrumb":{"@id":"https:\/\/blogg.svenskakyrkan.se\/tankarinforhelgen\/2020\/01\/02\/likt-en-diamant-i-skyn\/#breadcrumb"},"inLanguage":"sv-SE","potentialAction":[{"@type":"ReadAction","target":["https:\/\/blogg.svenskakyrkan.se\/tankarinforhelgen\/2020\/01\/02\/likt-en-diamant-i-skyn\/"]}]},{"@type":"ImageObject","inLanguage":"sv-SE","@id":"https:\/\/blogg.svenskakyrkan.se\/tankarinforhelgen\/2020\/01\/02\/likt-en-diamant-i-skyn\/#primaryimage","url":"https:\/\/blogg.svenskakyrkan.se\/tankarinforhelgen\/files\/2020\/01\/trettondagen3.jpg","contentUrl":"https:\/\/blogg.svenskakyrkan.se\/tankarinforhelgen\/files\/2020\/01\/trettondagen3.jpg","width":462,"height":271},{"@type":"BreadcrumbList","@id":"https:\/\/blogg.svenskakyrkan.se\/tankarinforhelgen\/2020\/01\/02\/likt-en-diamant-i-skyn\/#breadcrumb","itemListElement":[{"@type":"ListItem","position":1,"name":"Hem","item":"https:\/\/blogg.svenskakyrkan.se\/tankarinforhelgen\/"},{"@type":"ListItem","position":2,"name":"Likt en diamant i skyn"}]},{"@type":"WebSite","@id":"https:\/\/blogg.svenskakyrkan.se\/tankarinforhelgen\/#website","url":"https:\/\/blogg.svenskakyrkan.se\/tankarinforhelgen\/","name":"Tankar inf\u00f6r helgen","description":"Pr\u00e4ster funderar utifr\u00e5n kommande s\u00f6ndags texter","potentialAction":[{"@type":"SearchAction","target":{"@type":"EntryPoint","urlTemplate":"https:\/\/blogg.svenskakyrkan.se\/tankarinforhelgen\/?s={search_term_string}"},"query-input":{"@type":"PropertyValueSpecification","valueRequired":true,"valueName":"search_term_string"}}],"inLanguage":"sv-SE"},{"@type":"Person","@id":"https:\/\/blogg.svenskakyrkan.se\/tankarinforhelgen\/#\/schema\/person\/b71e37fb25791f886e690531c593d0ce","name":"Britt-Karin Ekstrand, pr\u00e4st","image":{"@type":"ImageObject","inLanguage":"sv-SE","@id":"https:\/\/blogg.svenskakyrkan.se\/tankarinforhelgen\/#\/schema\/person\/image\/","url":"https:\/\/secure.gravatar.com\/avatar\/3084173b0a543e6addb65bacfbd387a5e64218fe28445217e6f305bab4f14203?s=96&d=mm&r=g","contentUrl":"https:\/\/secure.gravatar.com\/avatar\/3084173b0a543e6addb65bacfbd387a5e64218fe28445217e6f305bab4f14203?s=96&d=mm&r=g","caption":"Britt-Karin Ekstrand, pr\u00e4st"},"url":"https:\/\/blogg.svenskakyrkan.se\/tankarinforhelgen\/author\/brittkarinekstrand\/"}]}},"author_meta":{"ID":"666","user_nicename":"brittkarinekstrand","user_registered":"2018-02-06 12:32:13","display_name":"Britt-Karin Ekstrand, pr\u00e4st","first_name":"Britt-Karin","last_name":"Ekstrand, pr\u00e4st","avatar":"https:\/\/secure.gravatar.com\/avatar\/3084173b0a543e6addb65bacfbd387a5e64218fe28445217e6f305bab4f14203?s=96&d=mm&r=g"},"featured_image":["https:\/\/blogg.svenskakyrkan.se\/tankarinforhelgen\/files\/2020\/01\/trettondagen3.jpg",462,271,false],"bloginfo":{"name":"Tankar inf\u00f6r helgen","url":"https:\/\/blogg.svenskakyrkan.se\/tankarinforhelgen"},"_links":{"self":[{"href":"https:\/\/blogg.svenskakyrkan.se\/tankarinforhelgen\/wp-json\/wp\/v2\/posts\/1919","targetHints":{"allow":["GET"]}}],"collection":[{"href":"https:\/\/blogg.svenskakyrkan.se\/tankarinforhelgen\/wp-json\/wp\/v2\/posts"}],"about":[{"href":"https:\/\/blogg.svenskakyrkan.se\/tankarinforhelgen\/wp-json\/wp\/v2\/types\/post"}],"author":[{"embeddable":true,"href":"https:\/\/blogg.svenskakyrkan.se\/tankarinforhelgen\/wp-json\/wp\/v2\/users\/666"}],"replies":[{"embeddable":true,"href":"https:\/\/blogg.svenskakyrkan.se\/tankarinforhelgen\/wp-json\/wp\/v2\/comments?post=1919"}],"version-history":[{"count":3,"href":"https:\/\/blogg.svenskakyrkan.se\/tankarinforhelgen\/wp-json\/wp\/v2\/posts\/1919\/revisions"}],"predecessor-version":[{"id":1925,"href":"https:\/\/blogg.svenskakyrkan.se\/tankarinforhelgen\/wp-json\/wp\/v2\/posts\/1919\/revisions\/1925"}],"wp:featuredmedia":[{"embeddable":true,"href":"https:\/\/blogg.svenskakyrkan.se\/tankarinforhelgen\/wp-json\/wp\/v2\/media\/1922"}],"wp:attachment":[{"href":"https:\/\/blogg.svenskakyrkan.se\/tankarinforhelgen\/wp-json\/wp\/v2\/media?parent=1919"}],"wp:term":[{"taxonomy":"category","embeddable":true,"href":"https:\/\/blogg.svenskakyrkan.se\/tankarinforhelgen\/wp-json\/wp\/v2\/categories?post=1919"},{"taxonomy":"post_tag","embeddable":true,"href":"https:\/\/blogg.svenskakyrkan.se\/tankarinforhelgen\/wp-json\/wp\/v2\/tags?post=1919"}],"curies":[{"name":"wp","href":"https:\/\/api.w.org\/{rel}","templated":true}]}}