{"id":1936,"date":"2020-01-27T09:54:07","date_gmt":"2020-01-27T08:54:07","guid":{"rendered":"http:\/\/blogg.svenskakyrkan.se\/tankarinforhelgen\/?p=1936"},"modified":"2020-01-30T13:35:55","modified_gmt":"2020-01-30T12:35:55","slug":"slack-inte-ljuset","status":"publish","type":"post","link":"https:\/\/blogg.svenskakyrkan.se\/tankarinforhelgen\/2020\/01\/27\/slack-inte-ljuset\/","title":{"rendered":"Sl\u00e4ck inte ljuset"},"content":{"rendered":"\n<figure class=\"wp-block-image size-large\"><img loading=\"lazy\" decoding=\"async\" width=\"1024\" height=\"678\" src=\"http:\/\/blogg.svenskakyrkan.se\/tankarinforhelgen\/files\/2020\/01\/extinguish-1024x678.jpg\" alt=\"Mot bl\u00e5 bakgrund ser vi fyra korta stearinljus. Det l\u00e4ngst till v\u00e4nster \u00e4r t\u00e4nt, de andra nyligen sl\u00e4ckta. Det ryker om de sl\u00e4ckta.\" class=\"wp-image-1953\" srcset=\"https:\/\/blogg.svenskakyrkan.se\/tankarinforhelgen\/files\/2020\/01\/extinguish-1024x678.jpg 1024w, https:\/\/blogg.svenskakyrkan.se\/tankarinforhelgen\/files\/2020\/01\/extinguish-300x199.jpg 300w, https:\/\/blogg.svenskakyrkan.se\/tankarinforhelgen\/files\/2020\/01\/extinguish-768x509.jpg 768w, https:\/\/blogg.svenskakyrkan.se\/tankarinforhelgen\/files\/2020\/01\/extinguish.jpg 1046w\" sizes=\"auto, (max-width: 1024px) 100vw, 1024px\" \/><\/figure>\n<p>\u201dM\u00e5ngas innersta tankar ska komma i dagen\u201d st\u00e5r det i en av helgens texter. Jag tror det finns tankar som beh\u00f6ver komma i dagen, men ocks\u00e5 tankar som aldrig n\u00e5gonsin borde komma i dagen.<\/p>\n<p>F\u00f6r ett tag sedan r\u00e5kade jag komma in i ett kommentarsf\u00e4lt p\u00e5 Facebook. Det var under en artikel som handlade om tv\u00e5 kvinnor som \u00e5terkommande g\u00e5nger hade fyllt sina l\u00e4ppar med silikon. Jag blev bedr\u00f6vad n\u00e4r jag l\u00e4ste kommentarerna som skrevs, en del var s\u00e5 hemska att de kunde g\u00e5 under rubriken grov mobbning.<\/p>\n<p>Jag kunde inte l\u00e5ta bli att reagera mot dessa kommentarer. N\u00e4r jag gjorde det fick jag svar som: \u201dJag har r\u00e4tt till min \u00e5sikt\u201d och \u201dJag \u00e4r bara \u00e4rlig.\u201d<\/p>\n<p>Jesus kommer till oss bland annat f\u00f6r att befria oss till att f\u00e5 vara den vi innerst \u00e4r. Att vi f\u00e5r vara precis som vi \u00e4r. Att andra m\u00e4nniskors normer och v\u00e4rderingar inte ska f\u00e5 g\u00f6ra oss till n\u00e5gon eller n\u00e5got vi inte \u00e4r. Det \u00e4r bara jag och Gud som har r\u00e4tten att avg\u00f6ra vem och hur jag \u00e4r. Det betyder ocks\u00e5 att jag f\u00e5r lov att k\u00e4nna och tycka som jag vill. Ingen har r\u00e4tt att styra det.<\/p>\n<p>Alla har naturligtvis lika stor r\u00e4tt att uttrycka sin vilja, sina behov och sina \u00e5sikter. Men det betyder inte att jag alltid ska s\u00e4ga precis vad jag tycker och t\u00e4nker. Jag f\u00e5r aldrig missbruka min frihet s\u00e5 att den begr\u00e4nsar en annan m\u00e4nniskas frihet.<\/p>\n<p>Att ha r\u00e4tt till min \u00e5sikt betyder inte att jag ska uttrycka den om den inneb\u00e4r att en annan m\u00e4nniska blir mobbad eller nedtryckt. Att vara \u00e4rlig \u00e4r inte samma sak som att alltid s\u00e4ga vad jag tycker och t\u00e4nker.<\/p>\n<p>Jag beh\u00f6ver ocks\u00e5 komma ih\u00e5g att min \u00e4rlighet inte alltid \u00e4r en objektiv sanning. Att min \u00e4rlighet bara speglar vad jag tycker och t\u00e4nker. Alla egenskaper har en baksida, \u00e4ven \u00e4rlighet. \u00c4rlighet utan empati kan vara totalt f\u00f6r\u00f6dande och f\u00f6rst\u00f6ra mycket. M\u00e5nga \u00e4r vi nog som kan vittna om det.<\/p>\n<p>Jesus \u00e4r v\u00e4rldens ljus och varje m\u00e4nniska kan vara en l\u00e5ga. V\u00e5r uppgift som m\u00e4nniskor \u00e4r att hj\u00e4lpa varandra att lysa. Jag har inte r\u00e4tt att genom elaka kommentarer sl\u00e4cka andras ljus. Min uppgift, som Jesus gett mig, \u00e4r att vara varsam om andras ljusl\u00e5ga. V\u00e5r uppgift som m\u00e4nniskor \u00e4r att f\u00f6rs\u00f6ka att varsamt st\u00f6tta, hj\u00e4lpa och lyfta varandra. N\u00e5gon klok har sagt att ditt ljus inte lyser mer om du sl\u00e4cker n\u00e5gon annans l\u00e5ga.<\/p>\n<p>Jag vet att jag inte alltid lyckas att hj\u00e4lpa andra att lysa. D\u00e5 f\u00e5r jag be om f\u00f6rl\u00e5telse, f\u00f6rs\u00f6ka st\u00e4lla till r\u00e4tta och b\u00f6rja om och g\u00f6ra annorlunda. Det viktiga \u00e4r att ha mina v\u00e4rderingar grundade i Guds: att varje enda liten m\u00e4nniska \u00e4r o\u00e4ndligt \u00e4lskad av Gud och att Gud ser, gr\u00e5ter och blir arg n\u00e4r varje liten m\u00e4nniska far illa. B\u00e5de om det \u00e4r n\u00e5gon jag har sv\u00e5rt f\u00f6r och om det \u00e4r jag sj\u00e4lv.<\/p>\n","protected":false},"excerpt":{"rendered":"<p>\u201dM\u00e5ngas innersta tankar ska komma i dagen\u201d st\u00e5r det i en av helgens texter. Jag tror det finns tankar som beh\u00f6ver komma i dagen, men ocks\u00e5 tankar som aldrig n\u00e5gonsin borde komma i dagen. F\u00f6r ett tag sedan r\u00e5kade jag komma in i ett kommentarsf\u00e4lt p\u00e5 Facebook. Det var under en artikel som handlade om [&hellip;]<\/p>\n","protected":false},"author":663,"featured_media":1953,"comment_status":"open","ping_status":"open","sticky":false,"template":"","format":"standard","meta":{"_acf_changed":false,"footnotes":""},"categories":[138248],"tags":[142460,142457],"class_list":["post-1936","post","type-post","status-publish","format-standard","has-post-thumbnail","hentry","category-kyndelmassodagen","tag-agneta-holmstrom","tag-tankarinforhelgen"],"acf":[],"yoast_head":"<!-- This site is optimized with the Yoast SEO plugin v27.1.1 - https:\/\/yoast.com\/product\/yoast-seo-wordpress\/ -->\n<title>Sl\u00e4ck inte ljuset - Tankar inf\u00f6r helgen<\/title>\n<meta name=\"robots\" content=\"index, follow, max-snippet:-1, max-image-preview:large, max-video-preview:-1\" \/>\n<link rel=\"canonical\" href=\"https:\/\/blogg.svenskakyrkan.se\/tankarinforhelgen\/2020\/01\/27\/slack-inte-ljuset\/\" \/>\n<meta property=\"og:locale\" content=\"sv_SE\" \/>\n<meta property=\"og:type\" content=\"article\" \/>\n<meta property=\"og:title\" content=\"Sl\u00e4ck inte ljuset - Tankar inf\u00f6r helgen\" \/>\n<meta property=\"og:description\" content=\"\u201dM\u00e5ngas innersta tankar ska komma i dagen\u201d st\u00e5r det i en av helgens texter. Jag tror det finns tankar som beh\u00f6ver komma i dagen, men ocks\u00e5 tankar som aldrig n\u00e5gonsin borde komma i dagen. F\u00f6r ett tag sedan r\u00e5kade jag komma in i ett kommentarsf\u00e4lt p\u00e5 Facebook. Det var under en artikel som handlade om [&hellip;]\" \/>\n<meta property=\"og:url\" content=\"https:\/\/blogg.svenskakyrkan.se\/tankarinforhelgen\/2020\/01\/27\/slack-inte-ljuset\/\" \/>\n<meta property=\"og:site_name\" content=\"Tankar inf\u00f6r helgen\" \/>\n<meta property=\"article:published_time\" content=\"2020-01-27T08:54:07+00:00\" \/>\n<meta property=\"article:modified_time\" content=\"2020-01-30T12:35:55+00:00\" \/>\n<meta property=\"og:image\" content=\"https:\/\/blogg.svenskakyrkan.se\/tankarinforhelgen\/files\/2020\/01\/extinguish.jpg\" \/>\n\t<meta property=\"og:image:width\" content=\"1046\" \/>\n\t<meta property=\"og:image:height\" content=\"693\" \/>\n\t<meta property=\"og:image:type\" content=\"image\/jpeg\" \/>\n<meta name=\"author\" content=\"Agneta Holmstr\u00f6m, pr\u00e4st\" \/>\n<meta name=\"twitter:card\" content=\"summary_large_image\" \/>\n<meta name=\"twitter:label1\" content=\"Skriven av\" \/>\n\t<meta name=\"twitter:data1\" content=\"Agneta Holmstr\u00f6m, pr\u00e4st\" \/>\n\t<meta name=\"twitter:label2\" content=\"Ber\u00e4knad l\u00e4stid\" \/>\n\t<meta name=\"twitter:data2\" content=\"3 minuter\" \/>\n<script type=\"application\/ld+json\" class=\"yoast-schema-graph\">{\"@context\":\"https:\/\/schema.org\",\"@graph\":[{\"@type\":\"Article\",\"@id\":\"https:\/\/blogg.svenskakyrkan.se\/tankarinforhelgen\/2020\/01\/27\/slack-inte-ljuset\/#article\",\"isPartOf\":{\"@id\":\"https:\/\/blogg.svenskakyrkan.se\/tankarinforhelgen\/2020\/01\/27\/slack-inte-ljuset\/\"},\"author\":{\"name\":\"Agneta Holmstr\u00f6m, pr\u00e4st\",\"@id\":\"https:\/\/blogg.svenskakyrkan.se\/tankarinforhelgen\/#\/schema\/person\/6e2f249737f65007a8daf203ed669cb1\"},\"headline\":\"Sl\u00e4ck inte ljuset\",\"datePublished\":\"2020-01-27T08:54:07+00:00\",\"dateModified\":\"2020-01-30T12:35:55+00:00\",\"mainEntityOfPage\":{\"@id\":\"https:\/\/blogg.svenskakyrkan.se\/tankarinforhelgen\/2020\/01\/27\/slack-inte-ljuset\/\"},\"wordCount\":573,\"commentCount\":2,\"image\":{\"@id\":\"https:\/\/blogg.svenskakyrkan.se\/tankarinforhelgen\/2020\/01\/27\/slack-inte-ljuset\/#primaryimage\"},\"thumbnailUrl\":\"https:\/\/blogg.svenskakyrkan.se\/tankarinforhelgen\/files\/2020\/01\/extinguish.jpg\",\"keywords\":[\"Agneta Holmstr\u00f6m\",\"TANKARINFORHELGEN\"],\"articleSection\":[\"Kyndelm\u00e4ssodagen\"],\"inLanguage\":\"sv-SE\",\"potentialAction\":[{\"@type\":\"CommentAction\",\"name\":\"Comment\",\"target\":[\"https:\/\/blogg.svenskakyrkan.se\/tankarinforhelgen\/2020\/01\/27\/slack-inte-ljuset\/#respond\"]}]},{\"@type\":\"WebPage\",\"@id\":\"https:\/\/blogg.svenskakyrkan.se\/tankarinforhelgen\/2020\/01\/27\/slack-inte-ljuset\/\",\"url\":\"https:\/\/blogg.svenskakyrkan.se\/tankarinforhelgen\/2020\/01\/27\/slack-inte-ljuset\/\",\"name\":\"Sl\u00e4ck inte ljuset - Tankar inf\u00f6r helgen\",\"isPartOf\":{\"@id\":\"https:\/\/blogg.svenskakyrkan.se\/tankarinforhelgen\/#website\"},\"primaryImageOfPage\":{\"@id\":\"https:\/\/blogg.svenskakyrkan.se\/tankarinforhelgen\/2020\/01\/27\/slack-inte-ljuset\/#primaryimage\"},\"image\":{\"@id\":\"https:\/\/blogg.svenskakyrkan.se\/tankarinforhelgen\/2020\/01\/27\/slack-inte-ljuset\/#primaryimage\"},\"thumbnailUrl\":\"https:\/\/blogg.svenskakyrkan.se\/tankarinforhelgen\/files\/2020\/01\/extinguish.jpg\",\"datePublished\":\"2020-01-27T08:54:07+00:00\",\"dateModified\":\"2020-01-30T12:35:55+00:00\",\"author\":{\"@id\":\"https:\/\/blogg.svenskakyrkan.se\/tankarinforhelgen\/#\/schema\/person\/6e2f249737f65007a8daf203ed669cb1\"},\"breadcrumb\":{\"@id\":\"https:\/\/blogg.svenskakyrkan.se\/tankarinforhelgen\/2020\/01\/27\/slack-inte-ljuset\/#breadcrumb\"},\"inLanguage\":\"sv-SE\",\"potentialAction\":[{\"@type\":\"ReadAction\",\"target\":[\"https:\/\/blogg.svenskakyrkan.se\/tankarinforhelgen\/2020\/01\/27\/slack-inte-ljuset\/\"]}]},{\"@type\":\"ImageObject\",\"inLanguage\":\"sv-SE\",\"@id\":\"https:\/\/blogg.svenskakyrkan.se\/tankarinforhelgen\/2020\/01\/27\/slack-inte-ljuset\/#primaryimage\",\"url\":\"https:\/\/blogg.svenskakyrkan.se\/tankarinforhelgen\/files\/2020\/01\/extinguish.jpg\",\"contentUrl\":\"https:\/\/blogg.svenskakyrkan.se\/tankarinforhelgen\/files\/2020\/01\/extinguish.jpg\",\"width\":1046,\"height\":693,\"caption\":\"Mot bl\u00e5 bakgrund ser vi fyra korta stearinljus. Det l\u00e4ngst till v\u00e4nster \u00e4r t\u00e4nt, de andra nyligen sl\u00e4ckta. Det ryker om de sl\u00e4ckta.\"},{\"@type\":\"BreadcrumbList\",\"@id\":\"https:\/\/blogg.svenskakyrkan.se\/tankarinforhelgen\/2020\/01\/27\/slack-inte-ljuset\/#breadcrumb\",\"itemListElement\":[{\"@type\":\"ListItem\",\"position\":1,\"name\":\"Hem\",\"item\":\"https:\/\/blogg.svenskakyrkan.se\/tankarinforhelgen\/\"},{\"@type\":\"ListItem\",\"position\":2,\"name\":\"Sl\u00e4ck inte ljuset\"}]},{\"@type\":\"WebSite\",\"@id\":\"https:\/\/blogg.svenskakyrkan.se\/tankarinforhelgen\/#website\",\"url\":\"https:\/\/blogg.svenskakyrkan.se\/tankarinforhelgen\/\",\"name\":\"Tankar inf\u00f6r helgen\",\"description\":\"Pr\u00e4ster funderar utifr\u00e5n kommande s\u00f6ndags texter\",\"potentialAction\":[{\"@type\":\"SearchAction\",\"target\":{\"@type\":\"EntryPoint\",\"urlTemplate\":\"https:\/\/blogg.svenskakyrkan.se\/tankarinforhelgen\/?s={search_term_string}\"},\"query-input\":{\"@type\":\"PropertyValueSpecification\",\"valueRequired\":true,\"valueName\":\"search_term_string\"}}],\"inLanguage\":\"sv-SE\"},{\"@type\":\"Person\",\"@id\":\"https:\/\/blogg.svenskakyrkan.se\/tankarinforhelgen\/#\/schema\/person\/6e2f249737f65007a8daf203ed669cb1\",\"name\":\"Agneta Holmstr\u00f6m, pr\u00e4st\",\"image\":{\"@type\":\"ImageObject\",\"inLanguage\":\"sv-SE\",\"@id\":\"https:\/\/blogg.svenskakyrkan.se\/tankarinforhelgen\/#\/schema\/person\/image\/\",\"url\":\"https:\/\/secure.gravatar.com\/avatar\/a47a1c72651dc25e0dbb01297c5f1384bc6800dd38d27c6e571be8465e3efe02?s=96&d=mm&r=g\",\"contentUrl\":\"https:\/\/secure.gravatar.com\/avatar\/a47a1c72651dc25e0dbb01297c5f1384bc6800dd38d27c6e571be8465e3efe02?s=96&d=mm&r=g\",\"caption\":\"Agneta Holmstr\u00f6m, pr\u00e4st\"},\"url\":\"https:\/\/blogg.svenskakyrkan.se\/tankarinforhelgen\/author\/agnetaholmstrom\/\"}]}<\/script>\n<!-- \/ Yoast SEO plugin. -->","yoast_head_json":{"title":"Sl\u00e4ck inte ljuset - Tankar inf\u00f6r helgen","robots":{"index":"index","follow":"follow","max-snippet":"max-snippet:-1","max-image-preview":"max-image-preview:large","max-video-preview":"max-video-preview:-1"},"canonical":"https:\/\/blogg.svenskakyrkan.se\/tankarinforhelgen\/2020\/01\/27\/slack-inte-ljuset\/","og_locale":"sv_SE","og_type":"article","og_title":"Sl\u00e4ck inte ljuset - Tankar inf\u00f6r helgen","og_description":"\u201dM\u00e5ngas innersta tankar ska komma i dagen\u201d st\u00e5r det i en av helgens texter. Jag tror det finns tankar som beh\u00f6ver komma i dagen, men ocks\u00e5 tankar som aldrig n\u00e5gonsin borde komma i dagen. F\u00f6r ett tag sedan r\u00e5kade jag komma in i ett kommentarsf\u00e4lt p\u00e5 Facebook. Det var under en artikel som handlade om [&hellip;]","og_url":"https:\/\/blogg.svenskakyrkan.se\/tankarinforhelgen\/2020\/01\/27\/slack-inte-ljuset\/","og_site_name":"Tankar inf\u00f6r helgen","article_published_time":"2020-01-27T08:54:07+00:00","article_modified_time":"2020-01-30T12:35:55+00:00","og_image":[{"width":1046,"height":693,"url":"https:\/\/blogg.svenskakyrkan.se\/tankarinforhelgen\/files\/2020\/01\/extinguish.jpg","type":"image\/jpeg"}],"author":"Agneta Holmstr\u00f6m, pr\u00e4st","twitter_card":"summary_large_image","twitter_misc":{"Skriven av":"Agneta Holmstr\u00f6m, pr\u00e4st","Ber\u00e4knad l\u00e4stid":"3 minuter"},"schema":{"@context":"https:\/\/schema.org","@graph":[{"@type":"Article","@id":"https:\/\/blogg.svenskakyrkan.se\/tankarinforhelgen\/2020\/01\/27\/slack-inte-ljuset\/#article","isPartOf":{"@id":"https:\/\/blogg.svenskakyrkan.se\/tankarinforhelgen\/2020\/01\/27\/slack-inte-ljuset\/"},"author":{"name":"Agneta Holmstr\u00f6m, pr\u00e4st","@id":"https:\/\/blogg.svenskakyrkan.se\/tankarinforhelgen\/#\/schema\/person\/6e2f249737f65007a8daf203ed669cb1"},"headline":"Sl\u00e4ck inte ljuset","datePublished":"2020-01-27T08:54:07+00:00","dateModified":"2020-01-30T12:35:55+00:00","mainEntityOfPage":{"@id":"https:\/\/blogg.svenskakyrkan.se\/tankarinforhelgen\/2020\/01\/27\/slack-inte-ljuset\/"},"wordCount":573,"commentCount":2,"image":{"@id":"https:\/\/blogg.svenskakyrkan.se\/tankarinforhelgen\/2020\/01\/27\/slack-inte-ljuset\/#primaryimage"},"thumbnailUrl":"https:\/\/blogg.svenskakyrkan.se\/tankarinforhelgen\/files\/2020\/01\/extinguish.jpg","keywords":["Agneta Holmstr\u00f6m","TANKARINFORHELGEN"],"articleSection":["Kyndelm\u00e4ssodagen"],"inLanguage":"sv-SE","potentialAction":[{"@type":"CommentAction","name":"Comment","target":["https:\/\/blogg.svenskakyrkan.se\/tankarinforhelgen\/2020\/01\/27\/slack-inte-ljuset\/#respond"]}]},{"@type":"WebPage","@id":"https:\/\/blogg.svenskakyrkan.se\/tankarinforhelgen\/2020\/01\/27\/slack-inte-ljuset\/","url":"https:\/\/blogg.svenskakyrkan.se\/tankarinforhelgen\/2020\/01\/27\/slack-inte-ljuset\/","name":"Sl\u00e4ck inte ljuset - Tankar inf\u00f6r helgen","isPartOf":{"@id":"https:\/\/blogg.svenskakyrkan.se\/tankarinforhelgen\/#website"},"primaryImageOfPage":{"@id":"https:\/\/blogg.svenskakyrkan.se\/tankarinforhelgen\/2020\/01\/27\/slack-inte-ljuset\/#primaryimage"},"image":{"@id":"https:\/\/blogg.svenskakyrkan.se\/tankarinforhelgen\/2020\/01\/27\/slack-inte-ljuset\/#primaryimage"},"thumbnailUrl":"https:\/\/blogg.svenskakyrkan.se\/tankarinforhelgen\/files\/2020\/01\/extinguish.jpg","datePublished":"2020-01-27T08:54:07+00:00","dateModified":"2020-01-30T12:35:55+00:00","author":{"@id":"https:\/\/blogg.svenskakyrkan.se\/tankarinforhelgen\/#\/schema\/person\/6e2f249737f65007a8daf203ed669cb1"},"breadcrumb":{"@id":"https:\/\/blogg.svenskakyrkan.se\/tankarinforhelgen\/2020\/01\/27\/slack-inte-ljuset\/#breadcrumb"},"inLanguage":"sv-SE","potentialAction":[{"@type":"ReadAction","target":["https:\/\/blogg.svenskakyrkan.se\/tankarinforhelgen\/2020\/01\/27\/slack-inte-ljuset\/"]}]},{"@type":"ImageObject","inLanguage":"sv-SE","@id":"https:\/\/blogg.svenskakyrkan.se\/tankarinforhelgen\/2020\/01\/27\/slack-inte-ljuset\/#primaryimage","url":"https:\/\/blogg.svenskakyrkan.se\/tankarinforhelgen\/files\/2020\/01\/extinguish.jpg","contentUrl":"https:\/\/blogg.svenskakyrkan.se\/tankarinforhelgen\/files\/2020\/01\/extinguish.jpg","width":1046,"height":693,"caption":"Mot bl\u00e5 bakgrund ser vi fyra korta stearinljus. Det l\u00e4ngst till v\u00e4nster \u00e4r t\u00e4nt, de andra nyligen sl\u00e4ckta. Det ryker om de sl\u00e4ckta."},{"@type":"BreadcrumbList","@id":"https:\/\/blogg.svenskakyrkan.se\/tankarinforhelgen\/2020\/01\/27\/slack-inte-ljuset\/#breadcrumb","itemListElement":[{"@type":"ListItem","position":1,"name":"Hem","item":"https:\/\/blogg.svenskakyrkan.se\/tankarinforhelgen\/"},{"@type":"ListItem","position":2,"name":"Sl\u00e4ck inte ljuset"}]},{"@type":"WebSite","@id":"https:\/\/blogg.svenskakyrkan.se\/tankarinforhelgen\/#website","url":"https:\/\/blogg.svenskakyrkan.se\/tankarinforhelgen\/","name":"Tankar inf\u00f6r helgen","description":"Pr\u00e4ster funderar utifr\u00e5n kommande s\u00f6ndags texter","potentialAction":[{"@type":"SearchAction","target":{"@type":"EntryPoint","urlTemplate":"https:\/\/blogg.svenskakyrkan.se\/tankarinforhelgen\/?s={search_term_string}"},"query-input":{"@type":"PropertyValueSpecification","valueRequired":true,"valueName":"search_term_string"}}],"inLanguage":"sv-SE"},{"@type":"Person","@id":"https:\/\/blogg.svenskakyrkan.se\/tankarinforhelgen\/#\/schema\/person\/6e2f249737f65007a8daf203ed669cb1","name":"Agneta Holmstr\u00f6m, pr\u00e4st","image":{"@type":"ImageObject","inLanguage":"sv-SE","@id":"https:\/\/blogg.svenskakyrkan.se\/tankarinforhelgen\/#\/schema\/person\/image\/","url":"https:\/\/secure.gravatar.com\/avatar\/a47a1c72651dc25e0dbb01297c5f1384bc6800dd38d27c6e571be8465e3efe02?s=96&d=mm&r=g","contentUrl":"https:\/\/secure.gravatar.com\/avatar\/a47a1c72651dc25e0dbb01297c5f1384bc6800dd38d27c6e571be8465e3efe02?s=96&d=mm&r=g","caption":"Agneta Holmstr\u00f6m, pr\u00e4st"},"url":"https:\/\/blogg.svenskakyrkan.se\/tankarinforhelgen\/author\/agnetaholmstrom\/"}]}},"author_meta":{"ID":"663","user_nicename":"agnetaholmstrom","user_registered":"2018-02-06 12:29:16","display_name":"Agneta Holmstr\u00f6m, pr\u00e4st","first_name":"Agneta","last_name":"Holmstr\u00f6m, pr\u00e4st","avatar":"https:\/\/secure.gravatar.com\/avatar\/a47a1c72651dc25e0dbb01297c5f1384bc6800dd38d27c6e571be8465e3efe02?s=96&d=mm&r=g"},"featured_image":["https:\/\/blogg.svenskakyrkan.se\/tankarinforhelgen\/files\/2020\/01\/extinguish-1024x678.jpg",1024,678,true],"bloginfo":{"name":"Tankar inf\u00f6r helgen","url":"https:\/\/blogg.svenskakyrkan.se\/tankarinforhelgen"},"_links":{"self":[{"href":"https:\/\/blogg.svenskakyrkan.se\/tankarinforhelgen\/wp-json\/wp\/v2\/posts\/1936","targetHints":{"allow":["GET"]}}],"collection":[{"href":"https:\/\/blogg.svenskakyrkan.se\/tankarinforhelgen\/wp-json\/wp\/v2\/posts"}],"about":[{"href":"https:\/\/blogg.svenskakyrkan.se\/tankarinforhelgen\/wp-json\/wp\/v2\/types\/post"}],"author":[{"embeddable":true,"href":"https:\/\/blogg.svenskakyrkan.se\/tankarinforhelgen\/wp-json\/wp\/v2\/users\/663"}],"replies":[{"embeddable":true,"href":"https:\/\/blogg.svenskakyrkan.se\/tankarinforhelgen\/wp-json\/wp\/v2\/comments?post=1936"}],"version-history":[{"count":4,"href":"https:\/\/blogg.svenskakyrkan.se\/tankarinforhelgen\/wp-json\/wp\/v2\/posts\/1936\/revisions"}],"predecessor-version":[{"id":1956,"href":"https:\/\/blogg.svenskakyrkan.se\/tankarinforhelgen\/wp-json\/wp\/v2\/posts\/1936\/revisions\/1956"}],"wp:featuredmedia":[{"embeddable":true,"href":"https:\/\/blogg.svenskakyrkan.se\/tankarinforhelgen\/wp-json\/wp\/v2\/media\/1953"}],"wp:attachment":[{"href":"https:\/\/blogg.svenskakyrkan.se\/tankarinforhelgen\/wp-json\/wp\/v2\/media?parent=1936"}],"wp:term":[{"taxonomy":"category","embeddable":true,"href":"https:\/\/blogg.svenskakyrkan.se\/tankarinforhelgen\/wp-json\/wp\/v2\/categories?post=1936"},{"taxonomy":"post_tag","embeddable":true,"href":"https:\/\/blogg.svenskakyrkan.se\/tankarinforhelgen\/wp-json\/wp\/v2\/tags?post=1936"}],"curies":[{"name":"wp","href":"https:\/\/api.w.org\/{rel}","templated":true}]}}