{"id":1958,"date":"2020-02-04T12:09:20","date_gmt":"2020-02-04T11:09:20","guid":{"rendered":"http:\/\/blogg.svenskakyrkan.se\/tankarinforhelgen\/?p=1958"},"modified":"2020-04-21T10:36:41","modified_gmt":"2020-04-21T08:36:41","slug":"med-solen-i-ogonen","status":"publish","type":"post","link":"https:\/\/blogg.svenskakyrkan.se\/tankarinforhelgen\/2020\/02\/04\/med-solen-i-ogonen\/","title":{"rendered":"Med solen i \u00f6gonen"},"content":{"rendered":"\n<figure class=\"wp-block-image size-large\"><img loading=\"lazy\" decoding=\"async\" width=\"423\" height=\"285\" src=\"http:\/\/blogg.svenskakyrkan.se\/tankarinforhelgen\/files\/2020\/02\/soligt.jpg\" alt=\"\" class=\"wp-image-1961\" srcset=\"https:\/\/blogg.svenskakyrkan.se\/tankarinforhelgen\/files\/2020\/02\/soligt.jpg 423w, https:\/\/blogg.svenskakyrkan.se\/tankarinforhelgen\/files\/2020\/02\/soligt-300x202.jpg 300w\" sizes=\"auto, (max-width: 423px) 100vw, 423px\" \/><\/figure>\n<p>Vinterk\u00f6rning har sina utmaningar, solen \u00e4r en av dem. H\u00e4rom morgonen k\u00f6rde jag till jobbet i soluppg\u00e5ngen, d\u00e5 och d\u00e5 k\u00e4ndes det som om jag h\u00f6ll p\u00e5 att k\u00f6ra rakt in i den. Allt var ljus. N\u00e4r jag f\u00e5tt ner solskyddet s\u00e5 t\u00e4nkte jag p\u00e5 Paulus, som fick m\u00f6ta Jesus i ett bl\u00e4ndade ljus fr\u00e5n himlen, lite som jag m\u00f6tte solen. <\/p>\n<p>Den d\u00e4r h\u00e4ndelsen fascinerar mig. Hela Paulus liv faktiskt. Ena stunden f\u00f6rf\u00f6ljer han l\u00e4rjungarna och de andra som blivit kristna efter Jesus d\u00f6d och uppst\u00e5ndelse, i n\u00e4sta stund blir han en av kristendomens mest brinnande f\u00f6retr\u00e4dare. Efter det \u00e4r det som om Paulus tillbringar resten av sitt liv med att gottg\u00f6ra det onda han orsakade n\u00e4r han f\u00f6rf\u00f6ljde de kristna. <\/p>\n<p>H\u00e4ndelsen i sig \u00e4r ocks\u00e5 fascinerande f\u00f6r att den s\u00e4ger mig n\u00e5gonting viktigt om Gud och om n\u00e5den. Jag tror egentligen att h\u00e4ndelsen, n\u00e4r Jesus uppenbarar sig f\u00f6r Paulus s\u00e4ger mycket mer om Gud \u00e4n vad den s\u00e4ger om Paulus. F\u00f6r det Gud g\u00f6r \u00e4r osannolikt, Gud g\u00f6r de Jesus-troendes v\u00e4rsta motst\u00e5ndare till en av de fr\u00e4msta ledarna f\u00f6r r\u00f6relsen. Gud anv\u00e4nder Paulus som har f\u00f6rf\u00f6ljt, f\u00e4ngslat och till och med d\u00f6dat m\u00e4nniskor p\u00e5 grund av deras tro p\u00e5 Jesus uppst\u00e5ndelse. Paulus \u00e4r den mest osannolika aposteln, den kristna trons allra m\u00e4rkligaste f\u00f6retr\u00e4dare. <\/p>\n<p>Det m\u00e5ste ha provocerat m\u00e5nga, s\u00e4rskilt dem som r\u00e5kat ut f\u00f6r Paulus f\u00f6rf\u00f6ljelser, som f\u00f6rlorat familjemedlemmar och v\u00e4nner p\u00e5 grund av Paulus. Det \u00e4r d\u00e4r vi ser Guds n\u00e5d, och Guds m\u00f6jlighet att f\u00f6rvandla \u00e4ven det onda till n\u00e5got gott, att med sin hand g\u00f6ra allting nytt. <\/p>\n<p>N\u00e5d \u00e4r ett av de d\u00e4r stororden i bibeln och i v\u00e5r kristna tro, ett av de d\u00e4r orden som ibland \u00e4r sv\u00e5rt att f\u00e5 grepp om. Vi h\u00f6r ordet ibland, men det kan vara sv\u00e5rt att f\u00e5 grepp om vad det betyder. <\/p>\n<p>N\u00e5den har att g\u00f6ra med det som \u00e4r gratis, med det vi inte har f\u00f6rtj\u00e4nat, med det vi inte har arbetat f\u00f6r. N\u00e5den \u00e4r det som ges oss utan f\u00f6rv\u00e4ntning p\u00e5 motprestation. S\u00e5dan \u00e4r Guds k\u00e4rlek t\u00e4nker jag, det var den Paulus m\u00f6tte d\u00e4r p\u00e5 v\u00e4gen, det var den jag m\u00f6tte, efter l\u00e5nga tr\u00f6tta vinterm\u00e5nader, i bilen p\u00e5 v\u00e4gen till jobbet. <\/p>\n<p>Ingenting vi g\u00f6r kan n\u00e5gonsin \u00e4ndra p\u00e5 Guds n\u00e5d. Men ibland kanske vi, som Paulus, kan k\u00e4nna att vi vill svara Gud: Ja, jag vill bli en medarbetare. <\/p>\n<p>Men hur \u00e4r man det, i v\u00e5r tid? Det \u00e4r en fr\u00e5ga med m\u00e5nga svar, men jag \u00e4r s\u00e4ker p\u00e5 att Gud har en uppgift till dig och till mig, allt efter v\u00e5r f\u00f6rm\u00e5ga. Det \u00e4r inte meningen att vi ska g\u00f6ra samma stord\u00e5d som Paulus. Ocks\u00e5 i det lilla finns Gud, ocks\u00e5 i din vardag finns Gud med sin n\u00e5d, osynlig och n\u00e4ra. Orkar vi inte g\u00f6ra n\u00e5got annat, s\u00e5 kan vi alltid be. Det \u00e4r ocks\u00e5 ett svar p\u00e5 den n\u00e5d Gud ger oss, som inte handlar om att rabbla formler utan om en relation. Gud vill vara med oss, i b\u00f6nen visar vi att vi vill vara med Gud. <\/p>\n<p>N\u00e5den \u00e4r alltid d\u00e4r, ibland n\u00e4r den sv\u00e4mmar \u00f6ver beh\u00f6ver vi f\u00e5 uttrycka v\u00e5r tacksamhet.<\/p>\n<p>N\u00e4r solens blick m\u00f6ter min d\u00e4r p\u00e5 landsv\u00e4gen pirrar det till i magen av lycka, och jag viskar tack, rakt ut i luften och hoppas att n\u00e5gon h\u00f6r.<\/p>\n","protected":false},"excerpt":{"rendered":"<p>Vinterk\u00f6rning har sina utmaningar, solen \u00e4r en av dem. H\u00e4rom morgonen k\u00f6rde jag till jobbet i soluppg\u00e5ngen, d\u00e5 och d\u00e5 k\u00e4ndes det som om jag h\u00f6ll p\u00e5 att k\u00f6ra rakt in i den. Allt var ljus. N\u00e4r jag f\u00e5tt ner solskyddet s\u00e5 t\u00e4nkte jag p\u00e5 Paulus, som fick m\u00f6ta Jesus i ett bl\u00e4ndade ljus fr\u00e5n [&hellip;]<\/p>\n","protected":false},"author":718,"featured_media":1961,"comment_status":"open","ping_status":"open","sticky":false,"template":"","format":"standard","meta":{"_acf_changed":false,"footnotes":""},"categories":[138525],"tags":[159866,142457],"class_list":["post-1958","post","type-post","status-publish","format-standard","has-post-thumbnail","hentry","category-septuagesima","tag-emelie-hjert","tag-tankarinforhelgen"],"acf":[],"yoast_head":"<!-- This site is optimized with the Yoast SEO plugin v27.1.1 - https:\/\/yoast.com\/product\/yoast-seo-wordpress\/ -->\n<title>Med solen i \u00f6gonen - Tankar inf\u00f6r helgen<\/title>\n<meta name=\"robots\" content=\"index, follow, max-snippet:-1, max-image-preview:large, max-video-preview:-1\" \/>\n<link rel=\"canonical\" href=\"https:\/\/blogg.svenskakyrkan.se\/tankarinforhelgen\/2020\/02\/04\/med-solen-i-ogonen\/\" \/>\n<meta property=\"og:locale\" content=\"sv_SE\" \/>\n<meta property=\"og:type\" content=\"article\" \/>\n<meta property=\"og:title\" content=\"Med solen i \u00f6gonen - Tankar inf\u00f6r helgen\" \/>\n<meta property=\"og:description\" content=\"Vinterk\u00f6rning har sina utmaningar, solen \u00e4r en av dem. H\u00e4rom morgonen k\u00f6rde jag till jobbet i soluppg\u00e5ngen, d\u00e5 och d\u00e5 k\u00e4ndes det som om jag h\u00f6ll p\u00e5 att k\u00f6ra rakt in i den. Allt var ljus. N\u00e4r jag f\u00e5tt ner solskyddet s\u00e5 t\u00e4nkte jag p\u00e5 Paulus, som fick m\u00f6ta Jesus i ett bl\u00e4ndade ljus fr\u00e5n [&hellip;]\" \/>\n<meta property=\"og:url\" content=\"https:\/\/blogg.svenskakyrkan.se\/tankarinforhelgen\/2020\/02\/04\/med-solen-i-ogonen\/\" \/>\n<meta property=\"og:site_name\" content=\"Tankar inf\u00f6r helgen\" \/>\n<meta property=\"article:published_time\" content=\"2020-02-04T11:09:20+00:00\" \/>\n<meta property=\"article:modified_time\" content=\"2020-04-21T08:36:41+00:00\" \/>\n<meta property=\"og:image\" content=\"https:\/\/blogg.svenskakyrkan.se\/tankarinforhelgen\/files\/2020\/02\/soligt.jpg\" \/>\n\t<meta property=\"og:image:width\" content=\"423\" \/>\n\t<meta property=\"og:image:height\" content=\"285\" \/>\n\t<meta property=\"og:image:type\" content=\"image\/jpeg\" \/>\n<meta name=\"author\" content=\"Emelie Hjerth, pr\u00e4st\" \/>\n<meta name=\"twitter:card\" content=\"summary_large_image\" \/>\n<meta name=\"twitter:label1\" content=\"Skriven av\" \/>\n\t<meta name=\"twitter:data1\" content=\"Emelie Hjerth, pr\u00e4st\" \/>\n\t<meta name=\"twitter:label2\" content=\"Ber\u00e4knad l\u00e4stid\" \/>\n\t<meta name=\"twitter:data2\" content=\"3 minuter\" \/>\n<script type=\"application\/ld+json\" class=\"yoast-schema-graph\">{\"@context\":\"https:\/\/schema.org\",\"@graph\":[{\"@type\":\"Article\",\"@id\":\"https:\/\/blogg.svenskakyrkan.se\/tankarinforhelgen\/2020\/02\/04\/med-solen-i-ogonen\/#article\",\"isPartOf\":{\"@id\":\"https:\/\/blogg.svenskakyrkan.se\/tankarinforhelgen\/2020\/02\/04\/med-solen-i-ogonen\/\"},\"author\":{\"name\":\"Emelie Hjerth, pr\u00e4st\",\"@id\":\"https:\/\/blogg.svenskakyrkan.se\/tankarinforhelgen\/#\/schema\/person\/508e7c08d59f5edba0611f05c7768574\"},\"headline\":\"Med solen i \u00f6gonen\",\"datePublished\":\"2020-02-04T11:09:20+00:00\",\"dateModified\":\"2020-04-21T08:36:41+00:00\",\"mainEntityOfPage\":{\"@id\":\"https:\/\/blogg.svenskakyrkan.se\/tankarinforhelgen\/2020\/02\/04\/med-solen-i-ogonen\/\"},\"wordCount\":680,\"commentCount\":3,\"image\":{\"@id\":\"https:\/\/blogg.svenskakyrkan.se\/tankarinforhelgen\/2020\/02\/04\/med-solen-i-ogonen\/#primaryimage\"},\"thumbnailUrl\":\"https:\/\/blogg.svenskakyrkan.se\/tankarinforhelgen\/files\/2020\/02\/soligt.jpg\",\"keywords\":[\"Emelie Hjert\",\"TANKARINFORHELGEN\"],\"articleSection\":[\"Septuagesima\"],\"inLanguage\":\"sv-SE\",\"potentialAction\":[{\"@type\":\"CommentAction\",\"name\":\"Comment\",\"target\":[\"https:\/\/blogg.svenskakyrkan.se\/tankarinforhelgen\/2020\/02\/04\/med-solen-i-ogonen\/#respond\"]}]},{\"@type\":\"WebPage\",\"@id\":\"https:\/\/blogg.svenskakyrkan.se\/tankarinforhelgen\/2020\/02\/04\/med-solen-i-ogonen\/\",\"url\":\"https:\/\/blogg.svenskakyrkan.se\/tankarinforhelgen\/2020\/02\/04\/med-solen-i-ogonen\/\",\"name\":\"Med solen i \u00f6gonen - Tankar inf\u00f6r helgen\",\"isPartOf\":{\"@id\":\"https:\/\/blogg.svenskakyrkan.se\/tankarinforhelgen\/#website\"},\"primaryImageOfPage\":{\"@id\":\"https:\/\/blogg.svenskakyrkan.se\/tankarinforhelgen\/2020\/02\/04\/med-solen-i-ogonen\/#primaryimage\"},\"image\":{\"@id\":\"https:\/\/blogg.svenskakyrkan.se\/tankarinforhelgen\/2020\/02\/04\/med-solen-i-ogonen\/#primaryimage\"},\"thumbnailUrl\":\"https:\/\/blogg.svenskakyrkan.se\/tankarinforhelgen\/files\/2020\/02\/soligt.jpg\",\"datePublished\":\"2020-02-04T11:09:20+00:00\",\"dateModified\":\"2020-04-21T08:36:41+00:00\",\"author\":{\"@id\":\"https:\/\/blogg.svenskakyrkan.se\/tankarinforhelgen\/#\/schema\/person\/508e7c08d59f5edba0611f05c7768574\"},\"breadcrumb\":{\"@id\":\"https:\/\/blogg.svenskakyrkan.se\/tankarinforhelgen\/2020\/02\/04\/med-solen-i-ogonen\/#breadcrumb\"},\"inLanguage\":\"sv-SE\",\"potentialAction\":[{\"@type\":\"ReadAction\",\"target\":[\"https:\/\/blogg.svenskakyrkan.se\/tankarinforhelgen\/2020\/02\/04\/med-solen-i-ogonen\/\"]}]},{\"@type\":\"ImageObject\",\"inLanguage\":\"sv-SE\",\"@id\":\"https:\/\/blogg.svenskakyrkan.se\/tankarinforhelgen\/2020\/02\/04\/med-solen-i-ogonen\/#primaryimage\",\"url\":\"https:\/\/blogg.svenskakyrkan.se\/tankarinforhelgen\/files\/2020\/02\/soligt.jpg\",\"contentUrl\":\"https:\/\/blogg.svenskakyrkan.se\/tankarinforhelgen\/files\/2020\/02\/soligt.jpg\",\"width\":423,\"height\":285},{\"@type\":\"BreadcrumbList\",\"@id\":\"https:\/\/blogg.svenskakyrkan.se\/tankarinforhelgen\/2020\/02\/04\/med-solen-i-ogonen\/#breadcrumb\",\"itemListElement\":[{\"@type\":\"ListItem\",\"position\":1,\"name\":\"Hem\",\"item\":\"https:\/\/blogg.svenskakyrkan.se\/tankarinforhelgen\/\"},{\"@type\":\"ListItem\",\"position\":2,\"name\":\"Med solen i \u00f6gonen\"}]},{\"@type\":\"WebSite\",\"@id\":\"https:\/\/blogg.svenskakyrkan.se\/tankarinforhelgen\/#website\",\"url\":\"https:\/\/blogg.svenskakyrkan.se\/tankarinforhelgen\/\",\"name\":\"Tankar inf\u00f6r helgen\",\"description\":\"Pr\u00e4ster funderar utifr\u00e5n kommande s\u00f6ndags texter\",\"potentialAction\":[{\"@type\":\"SearchAction\",\"target\":{\"@type\":\"EntryPoint\",\"urlTemplate\":\"https:\/\/blogg.svenskakyrkan.se\/tankarinforhelgen\/?s={search_term_string}\"},\"query-input\":{\"@type\":\"PropertyValueSpecification\",\"valueRequired\":true,\"valueName\":\"search_term_string\"}}],\"inLanguage\":\"sv-SE\"},{\"@type\":\"Person\",\"@id\":\"https:\/\/blogg.svenskakyrkan.se\/tankarinforhelgen\/#\/schema\/person\/508e7c08d59f5edba0611f05c7768574\",\"name\":\"Emelie Hjerth, pr\u00e4st\",\"image\":{\"@type\":\"ImageObject\",\"inLanguage\":\"sv-SE\",\"@id\":\"https:\/\/blogg.svenskakyrkan.se\/tankarinforhelgen\/#\/schema\/person\/image\/\",\"url\":\"https:\/\/secure.gravatar.com\/avatar\/4383beb73f70e4242041687f952029babdcdf65561227613be405bdc34027566?s=96&d=mm&r=g\",\"contentUrl\":\"https:\/\/secure.gravatar.com\/avatar\/4383beb73f70e4242041687f952029babdcdf65561227613be405bdc34027566?s=96&d=mm&r=g\",\"caption\":\"Emelie Hjerth, pr\u00e4st\"},\"url\":\"https:\/\/blogg.svenskakyrkan.se\/tankarinforhelgen\/author\/emeliehjerth\/\"}]}<\/script>\n<!-- \/ Yoast SEO plugin. -->","yoast_head_json":{"title":"Med solen i \u00f6gonen - Tankar inf\u00f6r helgen","robots":{"index":"index","follow":"follow","max-snippet":"max-snippet:-1","max-image-preview":"max-image-preview:large","max-video-preview":"max-video-preview:-1"},"canonical":"https:\/\/blogg.svenskakyrkan.se\/tankarinforhelgen\/2020\/02\/04\/med-solen-i-ogonen\/","og_locale":"sv_SE","og_type":"article","og_title":"Med solen i \u00f6gonen - Tankar inf\u00f6r helgen","og_description":"Vinterk\u00f6rning har sina utmaningar, solen \u00e4r en av dem. H\u00e4rom morgonen k\u00f6rde jag till jobbet i soluppg\u00e5ngen, d\u00e5 och d\u00e5 k\u00e4ndes det som om jag h\u00f6ll p\u00e5 att k\u00f6ra rakt in i den. Allt var ljus. N\u00e4r jag f\u00e5tt ner solskyddet s\u00e5 t\u00e4nkte jag p\u00e5 Paulus, som fick m\u00f6ta Jesus i ett bl\u00e4ndade ljus fr\u00e5n [&hellip;]","og_url":"https:\/\/blogg.svenskakyrkan.se\/tankarinforhelgen\/2020\/02\/04\/med-solen-i-ogonen\/","og_site_name":"Tankar inf\u00f6r helgen","article_published_time":"2020-02-04T11:09:20+00:00","article_modified_time":"2020-04-21T08:36:41+00:00","og_image":[{"width":423,"height":285,"url":"https:\/\/blogg.svenskakyrkan.se\/tankarinforhelgen\/files\/2020\/02\/soligt.jpg","type":"image\/jpeg"}],"author":"Emelie Hjerth, pr\u00e4st","twitter_card":"summary_large_image","twitter_misc":{"Skriven av":"Emelie Hjerth, pr\u00e4st","Ber\u00e4knad l\u00e4stid":"3 minuter"},"schema":{"@context":"https:\/\/schema.org","@graph":[{"@type":"Article","@id":"https:\/\/blogg.svenskakyrkan.se\/tankarinforhelgen\/2020\/02\/04\/med-solen-i-ogonen\/#article","isPartOf":{"@id":"https:\/\/blogg.svenskakyrkan.se\/tankarinforhelgen\/2020\/02\/04\/med-solen-i-ogonen\/"},"author":{"name":"Emelie Hjerth, pr\u00e4st","@id":"https:\/\/blogg.svenskakyrkan.se\/tankarinforhelgen\/#\/schema\/person\/508e7c08d59f5edba0611f05c7768574"},"headline":"Med solen i \u00f6gonen","datePublished":"2020-02-04T11:09:20+00:00","dateModified":"2020-04-21T08:36:41+00:00","mainEntityOfPage":{"@id":"https:\/\/blogg.svenskakyrkan.se\/tankarinforhelgen\/2020\/02\/04\/med-solen-i-ogonen\/"},"wordCount":680,"commentCount":3,"image":{"@id":"https:\/\/blogg.svenskakyrkan.se\/tankarinforhelgen\/2020\/02\/04\/med-solen-i-ogonen\/#primaryimage"},"thumbnailUrl":"https:\/\/blogg.svenskakyrkan.se\/tankarinforhelgen\/files\/2020\/02\/soligt.jpg","keywords":["Emelie Hjert","TANKARINFORHELGEN"],"articleSection":["Septuagesima"],"inLanguage":"sv-SE","potentialAction":[{"@type":"CommentAction","name":"Comment","target":["https:\/\/blogg.svenskakyrkan.se\/tankarinforhelgen\/2020\/02\/04\/med-solen-i-ogonen\/#respond"]}]},{"@type":"WebPage","@id":"https:\/\/blogg.svenskakyrkan.se\/tankarinforhelgen\/2020\/02\/04\/med-solen-i-ogonen\/","url":"https:\/\/blogg.svenskakyrkan.se\/tankarinforhelgen\/2020\/02\/04\/med-solen-i-ogonen\/","name":"Med solen i \u00f6gonen - Tankar inf\u00f6r helgen","isPartOf":{"@id":"https:\/\/blogg.svenskakyrkan.se\/tankarinforhelgen\/#website"},"primaryImageOfPage":{"@id":"https:\/\/blogg.svenskakyrkan.se\/tankarinforhelgen\/2020\/02\/04\/med-solen-i-ogonen\/#primaryimage"},"image":{"@id":"https:\/\/blogg.svenskakyrkan.se\/tankarinforhelgen\/2020\/02\/04\/med-solen-i-ogonen\/#primaryimage"},"thumbnailUrl":"https:\/\/blogg.svenskakyrkan.se\/tankarinforhelgen\/files\/2020\/02\/soligt.jpg","datePublished":"2020-02-04T11:09:20+00:00","dateModified":"2020-04-21T08:36:41+00:00","author":{"@id":"https:\/\/blogg.svenskakyrkan.se\/tankarinforhelgen\/#\/schema\/person\/508e7c08d59f5edba0611f05c7768574"},"breadcrumb":{"@id":"https:\/\/blogg.svenskakyrkan.se\/tankarinforhelgen\/2020\/02\/04\/med-solen-i-ogonen\/#breadcrumb"},"inLanguage":"sv-SE","potentialAction":[{"@type":"ReadAction","target":["https:\/\/blogg.svenskakyrkan.se\/tankarinforhelgen\/2020\/02\/04\/med-solen-i-ogonen\/"]}]},{"@type":"ImageObject","inLanguage":"sv-SE","@id":"https:\/\/blogg.svenskakyrkan.se\/tankarinforhelgen\/2020\/02\/04\/med-solen-i-ogonen\/#primaryimage","url":"https:\/\/blogg.svenskakyrkan.se\/tankarinforhelgen\/files\/2020\/02\/soligt.jpg","contentUrl":"https:\/\/blogg.svenskakyrkan.se\/tankarinforhelgen\/files\/2020\/02\/soligt.jpg","width":423,"height":285},{"@type":"BreadcrumbList","@id":"https:\/\/blogg.svenskakyrkan.se\/tankarinforhelgen\/2020\/02\/04\/med-solen-i-ogonen\/#breadcrumb","itemListElement":[{"@type":"ListItem","position":1,"name":"Hem","item":"https:\/\/blogg.svenskakyrkan.se\/tankarinforhelgen\/"},{"@type":"ListItem","position":2,"name":"Med solen i \u00f6gonen"}]},{"@type":"WebSite","@id":"https:\/\/blogg.svenskakyrkan.se\/tankarinforhelgen\/#website","url":"https:\/\/blogg.svenskakyrkan.se\/tankarinforhelgen\/","name":"Tankar inf\u00f6r helgen","description":"Pr\u00e4ster funderar utifr\u00e5n kommande s\u00f6ndags texter","potentialAction":[{"@type":"SearchAction","target":{"@type":"EntryPoint","urlTemplate":"https:\/\/blogg.svenskakyrkan.se\/tankarinforhelgen\/?s={search_term_string}"},"query-input":{"@type":"PropertyValueSpecification","valueRequired":true,"valueName":"search_term_string"}}],"inLanguage":"sv-SE"},{"@type":"Person","@id":"https:\/\/blogg.svenskakyrkan.se\/tankarinforhelgen\/#\/schema\/person\/508e7c08d59f5edba0611f05c7768574","name":"Emelie Hjerth, pr\u00e4st","image":{"@type":"ImageObject","inLanguage":"sv-SE","@id":"https:\/\/blogg.svenskakyrkan.se\/tankarinforhelgen\/#\/schema\/person\/image\/","url":"https:\/\/secure.gravatar.com\/avatar\/4383beb73f70e4242041687f952029babdcdf65561227613be405bdc34027566?s=96&d=mm&r=g","contentUrl":"https:\/\/secure.gravatar.com\/avatar\/4383beb73f70e4242041687f952029babdcdf65561227613be405bdc34027566?s=96&d=mm&r=g","caption":"Emelie Hjerth, pr\u00e4st"},"url":"https:\/\/blogg.svenskakyrkan.se\/tankarinforhelgen\/author\/emeliehjerth\/"}]}},"author_meta":{"ID":"718","user_nicename":"emeliehjerth","user_registered":"2019-07-18 18:40:17","display_name":"Emelie Hjerth, pr\u00e4st","first_name":"Emelie","last_name":"Hjerth, pr\u00e4st","avatar":"https:\/\/secure.gravatar.com\/avatar\/4383beb73f70e4242041687f952029babdcdf65561227613be405bdc34027566?s=96&d=mm&r=g"},"featured_image":["https:\/\/blogg.svenskakyrkan.se\/tankarinforhelgen\/files\/2020\/02\/soligt.jpg",423,285,false],"bloginfo":{"name":"Tankar inf\u00f6r helgen","url":"https:\/\/blogg.svenskakyrkan.se\/tankarinforhelgen"},"_links":{"self":[{"href":"https:\/\/blogg.svenskakyrkan.se\/tankarinforhelgen\/wp-json\/wp\/v2\/posts\/1958","targetHints":{"allow":["GET"]}}],"collection":[{"href":"https:\/\/blogg.svenskakyrkan.se\/tankarinforhelgen\/wp-json\/wp\/v2\/posts"}],"about":[{"href":"https:\/\/blogg.svenskakyrkan.se\/tankarinforhelgen\/wp-json\/wp\/v2\/types\/post"}],"author":[{"embeddable":true,"href":"https:\/\/blogg.svenskakyrkan.se\/tankarinforhelgen\/wp-json\/wp\/v2\/users\/718"}],"replies":[{"embeddable":true,"href":"https:\/\/blogg.svenskakyrkan.se\/tankarinforhelgen\/wp-json\/wp\/v2\/comments?post=1958"}],"version-history":[{"count":2,"href":"https:\/\/blogg.svenskakyrkan.se\/tankarinforhelgen\/wp-json\/wp\/v2\/posts\/1958\/revisions"}],"predecessor-version":[{"id":1962,"href":"https:\/\/blogg.svenskakyrkan.se\/tankarinforhelgen\/wp-json\/wp\/v2\/posts\/1958\/revisions\/1962"}],"wp:featuredmedia":[{"embeddable":true,"href":"https:\/\/blogg.svenskakyrkan.se\/tankarinforhelgen\/wp-json\/wp\/v2\/media\/1961"}],"wp:attachment":[{"href":"https:\/\/blogg.svenskakyrkan.se\/tankarinforhelgen\/wp-json\/wp\/v2\/media?parent=1958"}],"wp:term":[{"taxonomy":"category","embeddable":true,"href":"https:\/\/blogg.svenskakyrkan.se\/tankarinforhelgen\/wp-json\/wp\/v2\/categories?post=1958"},{"taxonomy":"post_tag","embeddable":true,"href":"https:\/\/blogg.svenskakyrkan.se\/tankarinforhelgen\/wp-json\/wp\/v2\/tags?post=1958"}],"curies":[{"name":"wp","href":"https:\/\/api.w.org\/{rel}","templated":true}]}}