{"id":1964,"date":"2020-02-20T20:20:49","date_gmt":"2020-02-20T19:20:49","guid":{"rendered":"http:\/\/blogg.svenskakyrkan.se\/tankarinforhelgen\/?p=1964"},"modified":"2024-07-05T16:41:59","modified_gmt":"2024-07-05T14:41:59","slug":"dockan-buren-bar-den-vuxna","status":"publish","type":"post","link":"https:\/\/blogg.svenskakyrkan.se\/tankarinforhelgen\/2020\/02\/20\/dockan-buren-bar-den-vuxna\/","title":{"rendered":"Nallen buren b\u00e4r den vuxna"},"content":{"rendered":"\n<figure class=\"wp-block-image size-large\"><img loading=\"lazy\" decoding=\"async\" width=\"1024\" height=\"696\" src=\"https:\/\/blogg.svenskakyrkan.se\/tankarinforhelgen\/files\/2020\/02\/shutterstock_ryggs\u00e4ck_med_nalle-1024x696.jpg\" alt=\"\" class=\"wp-image-1971\" srcset=\"https:\/\/blogg.svenskakyrkan.se\/tankarinforhelgen\/files\/2020\/02\/shutterstock_ryggs\u00e4ck_med_nalle-1024x696.jpg 1024w, https:\/\/blogg.svenskakyrkan.se\/tankarinforhelgen\/files\/2020\/02\/shutterstock_ryggs\u00e4ck_med_nalle-300x204.jpg 300w, https:\/\/blogg.svenskakyrkan.se\/tankarinforhelgen\/files\/2020\/02\/shutterstock_ryggs\u00e4ck_med_nalle-768x522.jpg 768w, https:\/\/blogg.svenskakyrkan.se\/tankarinforhelgen\/files\/2020\/02\/shutterstock_ryggs\u00e4ck_med_nalle-1536x1044.jpg 1536w, https:\/\/blogg.svenskakyrkan.se\/tankarinforhelgen\/files\/2020\/02\/shutterstock_ryggs\u00e4ck_med_nalle-1200x816.jpg 1200w, https:\/\/blogg.svenskakyrkan.se\/tankarinforhelgen\/files\/2020\/02\/shutterstock_ryggs\u00e4ck_med_nalle.jpg 1920w\" sizes=\"auto, (max-width: 1024px) 100vw, 1024px\" \/><\/figure>\n<p>Jag g\u00e5r genom en l\u00e5gstadieskola och b\u00e4r saker. Det g\u00f6r jag varje morgon. Idag \u00e4r det regnkl\u00e4der, en varm tr\u00f6ja, jumpakl\u00e4der, inneskor, mobilladdare, och fyra\u00e5ringens nalle som hon inte kan b\u00e4ra sj\u00e4lv, av kl\u00e4desestetiska sk\u00e4l: \u201dNallen har en ANNAN rosa p\u00e5 sig, mamma, om jag b\u00e4r den ser mitt rosa fult ut\u201d. Jag avst\u00e5r fr\u00e5n att s\u00e4ga att inte jag heller har en gosedjurskompatibel rosa nyans p\u00e5 mig.<\/p>\n<p>Ist\u00e4llet kanske jag muttrar n\u00e5got om att jag \u00e4r vuxen nu, med k\u00f6rkort, bankl\u00e5n och snygga jobbkl\u00e4der. S\u00e5 hur kommer det sig att min fr\u00e4msta uppgift i livet tycks vara pack\u00e5sna?<\/p>\n<p>Och s\u00e5 m\u00f6ter jag en pappa i en gymnastikskodoftande korridor. Han ser glad ut. Han b\u00e4r ocks\u00e5 regnkl\u00e4der och dessutom en gr\u00e5 elefant och en halv banan. Och s\u00e5 detta stora leende. Det \u00e4r leendet som g\u00f6r det.<\/p>\n<p>Leendet som p\u00e5minner om att jag har en mycket mer \u00e4rofylld titel \u00e4n pack\u00e5sna, och den titeln \u00e4r f\u00f6r\u00e4lder.<\/p>\n<p>Och det finns m\u00e5nga saker som f\u00f6r\u00e4ldrar inte f\u00e5r g\u00f6ra. Man f\u00e5r inte anv\u00e4nda smeknamn i skolan, man f\u00e5r inte andas p\u00e5 det d\u00e4r pinsamma s\u00e4ttet. Man f\u00e5r inte h\u00e5lla sin nio\u00e5ring i handen och man f\u00e5r inte knyta sju\u00e5ringens skor.<\/p>\n<p>Men man f\u00e5r b\u00e4ra saker.<\/p>\n<p>Man f\u00e5r sk\u00f6ta logistik och tv\u00e4tta galonst\u00e4ll och b\u00e4ra icke-matchade nallar. S\u00e5dant g\u00f6r vi f\u00f6r\u00e4ldrar. Och grejen \u00e4r att det \u00e4r en s\u00e5dan ot\u00e4nkbart kort tid som vi f\u00e5r g\u00f6ra det h\u00e4r. Kort som ett \u00f6gonblick \u00e4r den tiden, n\u00e5gra \u00e5r av n\u00e5d, och sedan \u00e4r barnen f\u00f6r stora. Dyra \u00f6gonblick, de d\u00e4r n\u00e4r man b\u00e4r saker.<\/p>\n<p>Och det blir inte mindre saker att b\u00e4ra n\u00e4r man inser det. Regnkl\u00e4derna blir inte mindre irriterande och nallen inte mindre sv\u00e5rburen (\u201dVAGGA nallen, mamma!\u201d). Men det h\u00e4nder \u00e4nd\u00e5 tv\u00e5 saker:<\/p>\n<p>Dels drar den toklyckliga pappans leende in mig i en gemenskap: vi som b\u00e4r i skolans korridorer, vi som \u00e4r f\u00f6r\u00e4ldrar p\u00e5 det h\u00e4r nondemonstrativa, oglamor\u00f6sa, vardagsv\u00e5rdande s\u00e4ttet, vi som vet varf\u00f6r en halv banan och en mobilladdare \u00e4r skillnaden mellan en d\u00e5lig och bra dag. Del inser jag pl\u00f6tsligt, s\u00e5d\u00e4r i blixtbelysning, som \u00e4r det enda s\u00e4ttet som man kan inse s\u00e5dana h\u00e4r saker, att jag b\u00e4r tr\u00e5kiga grejer p\u00e5 grund av mitt livs st\u00f6rsta underverk. Att det vardagsgr\u00e5a runt omkring mig \u00e4r en speciell typ av vardagsgr\u00e5, en som skimrar i k\u00e4rlekens alla f\u00e4rger.<\/p>\n<p>\u00c4nnu ett \u00f6gonblicks pl\u00f6tsligt klarsyn: s\u00e5 h\u00e4r b\u00e4r Gud \u00e5t mig. Alla mina on\u00f6digheter och n\u00f6dv\u00e4ndigheter, allt gott och allt m\u00e4rkligt jag b\u00e4r p\u00e5. Gud b\u00e4r det \u00e5t mig. Av k\u00e4rlek.<\/p>\n<p>Samma k\u00e4rlek, upph\u00f6jd till o\u00e4ndligheten.<\/p>\n<p>Jag tittar ner p\u00e5 regnkl\u00e4derna, p\u00e5 nallen. Nallen blinkar \u00e5t mig och jag r\u00e4ttar till hennes rosa dr\u00e4kt. \u201dAllt \u00e4r \u00f6mhet, allt \u00e4r smekt av h\u00e4nder.\u201d Hur var det nu den dikten gick?<\/p>\n<p>Allt \u00e4r n\u00e4ra, allt \u00e4r l\u00e5ngtifr\u00e5n<br \/>allt \u00e4r givet m\u00e4nniskan som l\u00e5n.<\/p>\n<p>Allt \u00e4r mitt, och allt skall tagas fr\u00e5n mig,<br \/>inom kort skall allting tagas fr\u00e5n mig<\/p>\n<p>Tr\u00e4den, molnen, marken d\u00e4r jag g\u00e5r<br \/>Jag skall vandra \u2013 ensam, utan sp\u00e5r.<\/p>\n<p>Och om jag \u00e4nd\u00e5 l\u00e4mnar n\u00e5gra sp\u00e5r<br \/>s\u00e5 blev det nog en regnrock, och en t\u00e5r.<\/p>\n<p>(De sex f\u00f6rsta raderna av P\u00e4r Lagerkvist, de tv\u00e5 sista av mig)<\/p>\n","protected":false},"excerpt":{"rendered":"<p>Jag g\u00e5r genom en l\u00e5gstadieskola och b\u00e4r saker. Det g\u00f6r jag varje morgon. Idag \u00e4r det regnkl\u00e4der, en varm tr\u00f6ja, jumpakl\u00e4der, inneskor, mobilladdare, och fyra\u00e5ringens nalle som hon inte kan b\u00e4ra sj\u00e4lv, av kl\u00e4desestetiska sk\u00e4l: \u201dNallen har en ANNAN rosa p\u00e5 sig, mamma, om jag b\u00e4r den ser mitt rosa fult ut\u201d. Jag avst\u00e5r fr\u00e5n [&hellip;]<\/p>\n","protected":false},"author":569,"featured_media":1971,"comment_status":"open","ping_status":"open","sticky":false,"template":"","format":"standard","meta":{"_acf_changed":false,"footnotes":""},"categories":[138009],"tags":[142062,142457],"class_list":["post-1964","post","type-post","status-publish","format-standard","has-post-thumbnail","hentry","category-fastlagssondagen","tag-charlotte-frycklund","tag-tankarinforhelgen"],"acf":[],"yoast_head":"<!-- This site is optimized with the Yoast SEO plugin v27.1.1 - https:\/\/yoast.com\/product\/yoast-seo-wordpress\/ -->\n<title>Nallen buren b\u00e4r den vuxna - Tankar inf\u00f6r helgen<\/title>\n<meta name=\"robots\" content=\"index, follow, max-snippet:-1, max-image-preview:large, max-video-preview:-1\" \/>\n<link rel=\"canonical\" href=\"https:\/\/blogg.svenskakyrkan.se\/tankarinforhelgen\/2020\/02\/20\/dockan-buren-bar-den-vuxna\/\" \/>\n<meta property=\"og:locale\" content=\"sv_SE\" \/>\n<meta property=\"og:type\" content=\"article\" \/>\n<meta property=\"og:title\" content=\"Nallen buren b\u00e4r den vuxna - Tankar inf\u00f6r helgen\" \/>\n<meta property=\"og:description\" content=\"Jag g\u00e5r genom en l\u00e5gstadieskola och b\u00e4r saker. Det g\u00f6r jag varje morgon. Idag \u00e4r det regnkl\u00e4der, en varm tr\u00f6ja, jumpakl\u00e4der, inneskor, mobilladdare, och fyra\u00e5ringens nalle som hon inte kan b\u00e4ra sj\u00e4lv, av kl\u00e4desestetiska sk\u00e4l: \u201dNallen har en ANNAN rosa p\u00e5 sig, mamma, om jag b\u00e4r den ser mitt rosa fult ut\u201d. Jag avst\u00e5r fr\u00e5n [&hellip;]\" \/>\n<meta property=\"og:url\" content=\"https:\/\/blogg.svenskakyrkan.se\/tankarinforhelgen\/2020\/02\/20\/dockan-buren-bar-den-vuxna\/\" \/>\n<meta property=\"og:site_name\" content=\"Tankar inf\u00f6r helgen\" \/>\n<meta property=\"article:published_time\" content=\"2020-02-20T19:20:49+00:00\" \/>\n<meta property=\"article:modified_time\" content=\"2024-07-05T14:41:59+00:00\" \/>\n<meta property=\"og:image\" content=\"http:\/\/blogg.svenskakyrkan.se\/tankarinforhelgen\/files\/2020\/02\/shutterstock_ryggs\u00e4ck_med_nalle.jpg\" \/>\n\t<meta property=\"og:image:width\" content=\"1920\" \/>\n\t<meta property=\"og:image:height\" content=\"1305\" \/>\n\t<meta property=\"og:image:type\" content=\"image\/jpeg\" \/>\n<meta name=\"author\" content=\"Charlotte Frycklund, pr\u00e4st\" \/>\n<meta name=\"twitter:card\" content=\"summary_large_image\" \/>\n<meta name=\"twitter:label1\" content=\"Skriven av\" \/>\n\t<meta name=\"twitter:data1\" content=\"Charlotte Frycklund, pr\u00e4st\" \/>\n\t<meta name=\"twitter:label2\" content=\"Ber\u00e4knad l\u00e4stid\" \/>\n\t<meta name=\"twitter:data2\" content=\"3 minuter\" \/>\n<script type=\"application\/ld+json\" class=\"yoast-schema-graph\">{\"@context\":\"https:\/\/schema.org\",\"@graph\":[{\"@type\":\"Article\",\"@id\":\"https:\/\/blogg.svenskakyrkan.se\/tankarinforhelgen\/2020\/02\/20\/dockan-buren-bar-den-vuxna\/#article\",\"isPartOf\":{\"@id\":\"https:\/\/blogg.svenskakyrkan.se\/tankarinforhelgen\/2020\/02\/20\/dockan-buren-bar-den-vuxna\/\"},\"author\":{\"name\":\"Charlotte Frycklund, pr\u00e4st\",\"@id\":\"https:\/\/blogg.svenskakyrkan.se\/tankarinforhelgen\/#\/schema\/person\/595d75da5bf93cf9ca814c398b63ed6d\"},\"headline\":\"Nallen buren b\u00e4r den vuxna\",\"datePublished\":\"2020-02-20T19:20:49+00:00\",\"dateModified\":\"2024-07-05T14:41:59+00:00\",\"mainEntityOfPage\":{\"@id\":\"https:\/\/blogg.svenskakyrkan.se\/tankarinforhelgen\/2020\/02\/20\/dockan-buren-bar-den-vuxna\/\"},\"wordCount\":654,\"commentCount\":3,\"image\":{\"@id\":\"https:\/\/blogg.svenskakyrkan.se\/tankarinforhelgen\/2020\/02\/20\/dockan-buren-bar-den-vuxna\/#primaryimage\"},\"thumbnailUrl\":\"https:\/\/blogg.svenskakyrkan.se\/tankarinforhelgen\/files\/2020\/02\/shutterstock_ryggs\u00e4ck_med_nalle.jpg\",\"keywords\":[\"Charlotte Frycklund\",\"TANKARINFORHELGEN\"],\"articleSection\":[\"Fastlagss\u00f6ndagen\"],\"inLanguage\":\"sv-SE\",\"potentialAction\":[{\"@type\":\"CommentAction\",\"name\":\"Comment\",\"target\":[\"https:\/\/blogg.svenskakyrkan.se\/tankarinforhelgen\/2020\/02\/20\/dockan-buren-bar-den-vuxna\/#respond\"]}]},{\"@type\":\"WebPage\",\"@id\":\"https:\/\/blogg.svenskakyrkan.se\/tankarinforhelgen\/2020\/02\/20\/dockan-buren-bar-den-vuxna\/\",\"url\":\"https:\/\/blogg.svenskakyrkan.se\/tankarinforhelgen\/2020\/02\/20\/dockan-buren-bar-den-vuxna\/\",\"name\":\"Nallen buren b\u00e4r den vuxna - Tankar inf\u00f6r helgen\",\"isPartOf\":{\"@id\":\"https:\/\/blogg.svenskakyrkan.se\/tankarinforhelgen\/#website\"},\"primaryImageOfPage\":{\"@id\":\"https:\/\/blogg.svenskakyrkan.se\/tankarinforhelgen\/2020\/02\/20\/dockan-buren-bar-den-vuxna\/#primaryimage\"},\"image\":{\"@id\":\"https:\/\/blogg.svenskakyrkan.se\/tankarinforhelgen\/2020\/02\/20\/dockan-buren-bar-den-vuxna\/#primaryimage\"},\"thumbnailUrl\":\"https:\/\/blogg.svenskakyrkan.se\/tankarinforhelgen\/files\/2020\/02\/shutterstock_ryggs\u00e4ck_med_nalle.jpg\",\"datePublished\":\"2020-02-20T19:20:49+00:00\",\"dateModified\":\"2024-07-05T14:41:59+00:00\",\"author\":{\"@id\":\"https:\/\/blogg.svenskakyrkan.se\/tankarinforhelgen\/#\/schema\/person\/595d75da5bf93cf9ca814c398b63ed6d\"},\"breadcrumb\":{\"@id\":\"https:\/\/blogg.svenskakyrkan.se\/tankarinforhelgen\/2020\/02\/20\/dockan-buren-bar-den-vuxna\/#breadcrumb\"},\"inLanguage\":\"sv-SE\",\"potentialAction\":[{\"@type\":\"ReadAction\",\"target\":[\"https:\/\/blogg.svenskakyrkan.se\/tankarinforhelgen\/2020\/02\/20\/dockan-buren-bar-den-vuxna\/\"]}]},{\"@type\":\"ImageObject\",\"inLanguage\":\"sv-SE\",\"@id\":\"https:\/\/blogg.svenskakyrkan.se\/tankarinforhelgen\/2020\/02\/20\/dockan-buren-bar-den-vuxna\/#primaryimage\",\"url\":\"https:\/\/blogg.svenskakyrkan.se\/tankarinforhelgen\/files\/2020\/02\/shutterstock_ryggs\u00e4ck_med_nalle.jpg\",\"contentUrl\":\"https:\/\/blogg.svenskakyrkan.se\/tankarinforhelgen\/files\/2020\/02\/shutterstock_ryggs\u00e4ck_med_nalle.jpg\",\"width\":1920,\"height\":1305},{\"@type\":\"BreadcrumbList\",\"@id\":\"https:\/\/blogg.svenskakyrkan.se\/tankarinforhelgen\/2020\/02\/20\/dockan-buren-bar-den-vuxna\/#breadcrumb\",\"itemListElement\":[{\"@type\":\"ListItem\",\"position\":1,\"name\":\"Hem\",\"item\":\"https:\/\/blogg.svenskakyrkan.se\/tankarinforhelgen\/\"},{\"@type\":\"ListItem\",\"position\":2,\"name\":\"Nallen buren b\u00e4r den vuxna\"}]},{\"@type\":\"WebSite\",\"@id\":\"https:\/\/blogg.svenskakyrkan.se\/tankarinforhelgen\/#website\",\"url\":\"https:\/\/blogg.svenskakyrkan.se\/tankarinforhelgen\/\",\"name\":\"Tankar inf\u00f6r helgen\",\"description\":\"Pr\u00e4ster funderar utifr\u00e5n kommande s\u00f6ndags texter\",\"potentialAction\":[{\"@type\":\"SearchAction\",\"target\":{\"@type\":\"EntryPoint\",\"urlTemplate\":\"https:\/\/blogg.svenskakyrkan.se\/tankarinforhelgen\/?s={search_term_string}\"},\"query-input\":{\"@type\":\"PropertyValueSpecification\",\"valueRequired\":true,\"valueName\":\"search_term_string\"}}],\"inLanguage\":\"sv-SE\"},{\"@type\":\"Person\",\"@id\":\"https:\/\/blogg.svenskakyrkan.se\/tankarinforhelgen\/#\/schema\/person\/595d75da5bf93cf9ca814c398b63ed6d\",\"name\":\"Charlotte Frycklund, pr\u00e4st\",\"image\":{\"@type\":\"ImageObject\",\"inLanguage\":\"sv-SE\",\"@id\":\"https:\/\/blogg.svenskakyrkan.se\/tankarinforhelgen\/#\/schema\/person\/image\/\",\"url\":\"https:\/\/secure.gravatar.com\/avatar\/10f37b82bf44def60f716a446302420cc1eb214cca306b573a488614ab47ee87?s=96&d=mm&r=g\",\"contentUrl\":\"https:\/\/secure.gravatar.com\/avatar\/10f37b82bf44def60f716a446302420cc1eb214cca306b573a488614ab47ee87?s=96&d=mm&r=g\",\"caption\":\"Charlotte Frycklund, pr\u00e4st\"},\"url\":\"https:\/\/blogg.svenskakyrkan.se\/tankarinforhelgen\/author\/charlottefrycklund\/\"}]}<\/script>\n<!-- \/ Yoast SEO plugin. -->","yoast_head_json":{"title":"Nallen buren b\u00e4r den vuxna - Tankar inf\u00f6r helgen","robots":{"index":"index","follow":"follow","max-snippet":"max-snippet:-1","max-image-preview":"max-image-preview:large","max-video-preview":"max-video-preview:-1"},"canonical":"https:\/\/blogg.svenskakyrkan.se\/tankarinforhelgen\/2020\/02\/20\/dockan-buren-bar-den-vuxna\/","og_locale":"sv_SE","og_type":"article","og_title":"Nallen buren b\u00e4r den vuxna - Tankar inf\u00f6r helgen","og_description":"Jag g\u00e5r genom en l\u00e5gstadieskola och b\u00e4r saker. Det g\u00f6r jag varje morgon. Idag \u00e4r det regnkl\u00e4der, en varm tr\u00f6ja, jumpakl\u00e4der, inneskor, mobilladdare, och fyra\u00e5ringens nalle som hon inte kan b\u00e4ra sj\u00e4lv, av kl\u00e4desestetiska sk\u00e4l: \u201dNallen har en ANNAN rosa p\u00e5 sig, mamma, om jag b\u00e4r den ser mitt rosa fult ut\u201d. Jag avst\u00e5r fr\u00e5n [&hellip;]","og_url":"https:\/\/blogg.svenskakyrkan.se\/tankarinforhelgen\/2020\/02\/20\/dockan-buren-bar-den-vuxna\/","og_site_name":"Tankar inf\u00f6r helgen","article_published_time":"2020-02-20T19:20:49+00:00","article_modified_time":"2024-07-05T14:41:59+00:00","og_image":[{"width":1920,"height":1305,"url":"http:\/\/blogg.svenskakyrkan.se\/tankarinforhelgen\/files\/2020\/02\/shutterstock_ryggs\u00e4ck_med_nalle.jpg","type":"image\/jpeg"}],"author":"Charlotte Frycklund, pr\u00e4st","twitter_card":"summary_large_image","twitter_misc":{"Skriven av":"Charlotte Frycklund, pr\u00e4st","Ber\u00e4knad l\u00e4stid":"3 minuter"},"schema":{"@context":"https:\/\/schema.org","@graph":[{"@type":"Article","@id":"https:\/\/blogg.svenskakyrkan.se\/tankarinforhelgen\/2020\/02\/20\/dockan-buren-bar-den-vuxna\/#article","isPartOf":{"@id":"https:\/\/blogg.svenskakyrkan.se\/tankarinforhelgen\/2020\/02\/20\/dockan-buren-bar-den-vuxna\/"},"author":{"name":"Charlotte Frycklund, pr\u00e4st","@id":"https:\/\/blogg.svenskakyrkan.se\/tankarinforhelgen\/#\/schema\/person\/595d75da5bf93cf9ca814c398b63ed6d"},"headline":"Nallen buren b\u00e4r den vuxna","datePublished":"2020-02-20T19:20:49+00:00","dateModified":"2024-07-05T14:41:59+00:00","mainEntityOfPage":{"@id":"https:\/\/blogg.svenskakyrkan.se\/tankarinforhelgen\/2020\/02\/20\/dockan-buren-bar-den-vuxna\/"},"wordCount":654,"commentCount":3,"image":{"@id":"https:\/\/blogg.svenskakyrkan.se\/tankarinforhelgen\/2020\/02\/20\/dockan-buren-bar-den-vuxna\/#primaryimage"},"thumbnailUrl":"https:\/\/blogg.svenskakyrkan.se\/tankarinforhelgen\/files\/2020\/02\/shutterstock_ryggs\u00e4ck_med_nalle.jpg","keywords":["Charlotte Frycklund","TANKARINFORHELGEN"],"articleSection":["Fastlagss\u00f6ndagen"],"inLanguage":"sv-SE","potentialAction":[{"@type":"CommentAction","name":"Comment","target":["https:\/\/blogg.svenskakyrkan.se\/tankarinforhelgen\/2020\/02\/20\/dockan-buren-bar-den-vuxna\/#respond"]}]},{"@type":"WebPage","@id":"https:\/\/blogg.svenskakyrkan.se\/tankarinforhelgen\/2020\/02\/20\/dockan-buren-bar-den-vuxna\/","url":"https:\/\/blogg.svenskakyrkan.se\/tankarinforhelgen\/2020\/02\/20\/dockan-buren-bar-den-vuxna\/","name":"Nallen buren b\u00e4r den vuxna - Tankar inf\u00f6r helgen","isPartOf":{"@id":"https:\/\/blogg.svenskakyrkan.se\/tankarinforhelgen\/#website"},"primaryImageOfPage":{"@id":"https:\/\/blogg.svenskakyrkan.se\/tankarinforhelgen\/2020\/02\/20\/dockan-buren-bar-den-vuxna\/#primaryimage"},"image":{"@id":"https:\/\/blogg.svenskakyrkan.se\/tankarinforhelgen\/2020\/02\/20\/dockan-buren-bar-den-vuxna\/#primaryimage"},"thumbnailUrl":"https:\/\/blogg.svenskakyrkan.se\/tankarinforhelgen\/files\/2020\/02\/shutterstock_ryggs\u00e4ck_med_nalle.jpg","datePublished":"2020-02-20T19:20:49+00:00","dateModified":"2024-07-05T14:41:59+00:00","author":{"@id":"https:\/\/blogg.svenskakyrkan.se\/tankarinforhelgen\/#\/schema\/person\/595d75da5bf93cf9ca814c398b63ed6d"},"breadcrumb":{"@id":"https:\/\/blogg.svenskakyrkan.se\/tankarinforhelgen\/2020\/02\/20\/dockan-buren-bar-den-vuxna\/#breadcrumb"},"inLanguage":"sv-SE","potentialAction":[{"@type":"ReadAction","target":["https:\/\/blogg.svenskakyrkan.se\/tankarinforhelgen\/2020\/02\/20\/dockan-buren-bar-den-vuxna\/"]}]},{"@type":"ImageObject","inLanguage":"sv-SE","@id":"https:\/\/blogg.svenskakyrkan.se\/tankarinforhelgen\/2020\/02\/20\/dockan-buren-bar-den-vuxna\/#primaryimage","url":"https:\/\/blogg.svenskakyrkan.se\/tankarinforhelgen\/files\/2020\/02\/shutterstock_ryggs\u00e4ck_med_nalle.jpg","contentUrl":"https:\/\/blogg.svenskakyrkan.se\/tankarinforhelgen\/files\/2020\/02\/shutterstock_ryggs\u00e4ck_med_nalle.jpg","width":1920,"height":1305},{"@type":"BreadcrumbList","@id":"https:\/\/blogg.svenskakyrkan.se\/tankarinforhelgen\/2020\/02\/20\/dockan-buren-bar-den-vuxna\/#breadcrumb","itemListElement":[{"@type":"ListItem","position":1,"name":"Hem","item":"https:\/\/blogg.svenskakyrkan.se\/tankarinforhelgen\/"},{"@type":"ListItem","position":2,"name":"Nallen buren b\u00e4r den vuxna"}]},{"@type":"WebSite","@id":"https:\/\/blogg.svenskakyrkan.se\/tankarinforhelgen\/#website","url":"https:\/\/blogg.svenskakyrkan.se\/tankarinforhelgen\/","name":"Tankar inf\u00f6r helgen","description":"Pr\u00e4ster funderar utifr\u00e5n kommande s\u00f6ndags texter","potentialAction":[{"@type":"SearchAction","target":{"@type":"EntryPoint","urlTemplate":"https:\/\/blogg.svenskakyrkan.se\/tankarinforhelgen\/?s={search_term_string}"},"query-input":{"@type":"PropertyValueSpecification","valueRequired":true,"valueName":"search_term_string"}}],"inLanguage":"sv-SE"},{"@type":"Person","@id":"https:\/\/blogg.svenskakyrkan.se\/tankarinforhelgen\/#\/schema\/person\/595d75da5bf93cf9ca814c398b63ed6d","name":"Charlotte Frycklund, pr\u00e4st","image":{"@type":"ImageObject","inLanguage":"sv-SE","@id":"https:\/\/blogg.svenskakyrkan.se\/tankarinforhelgen\/#\/schema\/person\/image\/","url":"https:\/\/secure.gravatar.com\/avatar\/10f37b82bf44def60f716a446302420cc1eb214cca306b573a488614ab47ee87?s=96&d=mm&r=g","contentUrl":"https:\/\/secure.gravatar.com\/avatar\/10f37b82bf44def60f716a446302420cc1eb214cca306b573a488614ab47ee87?s=96&d=mm&r=g","caption":"Charlotte Frycklund, pr\u00e4st"},"url":"https:\/\/blogg.svenskakyrkan.se\/tankarinforhelgen\/author\/charlottefrycklund\/"}]}},"author_meta":{"ID":"569","user_nicename":"charlottefrycklund","user_registered":"2016-05-24 11:46:19","display_name":"Charlotte Frycklund, pr\u00e4st","first_name":"Charlotte","last_name":"Frycklund, pr\u00e4st","avatar":"https:\/\/secure.gravatar.com\/avatar\/10f37b82bf44def60f716a446302420cc1eb214cca306b573a488614ab47ee87?s=96&d=mm&r=g"},"featured_image":["https:\/\/blogg.svenskakyrkan.se\/tankarinforhelgen\/files\/2020\/02\/shutterstock_ryggs\u00e4ck_med_nalle-1024x696.jpg",1024,696,true],"bloginfo":{"name":"Tankar inf\u00f6r helgen","url":"https:\/\/blogg.svenskakyrkan.se\/tankarinforhelgen"},"_links":{"self":[{"href":"https:\/\/blogg.svenskakyrkan.se\/tankarinforhelgen\/wp-json\/wp\/v2\/posts\/1964","targetHints":{"allow":["GET"]}}],"collection":[{"href":"https:\/\/blogg.svenskakyrkan.se\/tankarinforhelgen\/wp-json\/wp\/v2\/posts"}],"about":[{"href":"https:\/\/blogg.svenskakyrkan.se\/tankarinforhelgen\/wp-json\/wp\/v2\/types\/post"}],"author":[{"embeddable":true,"href":"https:\/\/blogg.svenskakyrkan.se\/tankarinforhelgen\/wp-json\/wp\/v2\/users\/569"}],"replies":[{"embeddable":true,"href":"https:\/\/blogg.svenskakyrkan.se\/tankarinforhelgen\/wp-json\/wp\/v2\/comments?post=1964"}],"version-history":[{"count":6,"href":"https:\/\/blogg.svenskakyrkan.se\/tankarinforhelgen\/wp-json\/wp\/v2\/posts\/1964\/revisions"}],"predecessor-version":[{"id":1976,"href":"https:\/\/blogg.svenskakyrkan.se\/tankarinforhelgen\/wp-json\/wp\/v2\/posts\/1964\/revisions\/1976"}],"wp:featuredmedia":[{"embeddable":true,"href":"https:\/\/blogg.svenskakyrkan.se\/tankarinforhelgen\/wp-json\/wp\/v2\/media\/1971"}],"wp:attachment":[{"href":"https:\/\/blogg.svenskakyrkan.se\/tankarinforhelgen\/wp-json\/wp\/v2\/media?parent=1964"}],"wp:term":[{"taxonomy":"category","embeddable":true,"href":"https:\/\/blogg.svenskakyrkan.se\/tankarinforhelgen\/wp-json\/wp\/v2\/categories?post=1964"},{"taxonomy":"post_tag","embeddable":true,"href":"https:\/\/blogg.svenskakyrkan.se\/tankarinforhelgen\/wp-json\/wp\/v2\/tags?post=1964"}],"curies":[{"name":"wp","href":"https:\/\/api.w.org\/{rel}","templated":true}]}}