{"id":1984,"date":"2020-03-04T14:37:30","date_gmt":"2020-03-04T13:37:30","guid":{"rendered":"http:\/\/blogg.svenskakyrkan.se\/tankarinforhelgen\/?p=1984"},"modified":"2020-04-21T10:36:28","modified_gmt":"2020-04-21T08:36:28","slug":"goda-gavor","status":"publish","type":"post","link":"https:\/\/blogg.svenskakyrkan.se\/tankarinforhelgen\/2020\/03\/04\/goda-gavor\/","title":{"rendered":"Goda g\u00e5vor"},"content":{"rendered":"\n<figure class=\"wp-block-image size-large\"><img loading=\"lazy\" decoding=\"async\" width=\"1024\" height=\"683\" src=\"http:\/\/blogg.svenskakyrkan.se\/tankarinforhelgen\/files\/2020\/03\/present_shutterstock-1024x683.jpg\" alt=\"Inslagen present med bl\u00e5 sn\u00f6ren\" class=\"wp-image-1985\" srcset=\"https:\/\/blogg.svenskakyrkan.se\/tankarinforhelgen\/files\/2020\/03\/present_shutterstock-1024x683.jpg 1024w, https:\/\/blogg.svenskakyrkan.se\/tankarinforhelgen\/files\/2020\/03\/present_shutterstock-300x200.jpg 300w, https:\/\/blogg.svenskakyrkan.se\/tankarinforhelgen\/files\/2020\/03\/present_shutterstock-768x512.jpg 768w, https:\/\/blogg.svenskakyrkan.se\/tankarinforhelgen\/files\/2020\/03\/present_shutterstock-1200x800.jpg 1200w, https:\/\/blogg.svenskakyrkan.se\/tankarinforhelgen\/files\/2020\/03\/present_shutterstock.jpg 1296w\" sizes=\"auto, (max-width: 1024px) 100vw, 1024px\" \/><\/figure>\n\n\n\n\n\n<p>Har du f\u00e5tt en extra fin g\u00e5va n\u00e5gon g\u00e5ng? G\u00e5vor, t\u00e4nker jag, kan v\u00e4rdes\u00e4ttas p\u00e5 olika s\u00e4tt. Vissa g\u00e5vor har vi f\u00e5tt med generositet, andra med omtanke, med humor, f\u00f6r att det f\u00f6rv\u00e4ntas och s\u00e5 vidare. S\u00e5 finns det de d\u00e4r speciella g\u00e5vorna. De som man f\u00e5r och t\u00e4nker: Denna m\u00e4nniska k\u00e4nner verkligen mig. De d\u00e4r g\u00e5vorna som k\u00e4nns i hj\u00e4rtat.<\/p>\n\n\n\n<p>Jag fick en s\u00e5dan g\u00e5va en g\u00e5ng, ett par superkitschiga \u00f6rh\u00e4ngen med Jesus p\u00e5. Det var f\u00f6rst\u00e5s inte n\u00e5got som jag beh\u00f6vde, men som verkligen k\u00e4ndes i hj\u00e4rtat. V\u00e4nnen som k\u00f6pte dem \u00e5t mig, helt utan anledning, s\u00e5g dem i ett skyltf\u00f6nster och t\u00e4nkte p\u00e5 mig. <\/p>\n\n\n\n<p>Denna helg f\u00e5r vi l\u00e4sa om en g\u00e5va som k\u00e4nns i ett annat hj\u00e4rta. Det \u00e4r en ber\u00e4ttelse om en kvinna som k\u00f6per en dyr olja och sm\u00f6rjer Jesu huvud med den. Hon s\u00e5g oljan och t\u00e4nkte p\u00e5 honom. Hon kunde nog inte l\u00e5ta bli att k\u00f6pa den, tror jag. <\/p>\n\n\n\n<p>L\u00e4rjungarna och de som var samlade p\u00e5 platsen blir arga p\u00e5 henne. Varf\u00f6r sl\u00f6sar du bort pengar p\u00e5 dyr olja? Pengarna hade kunnat g\u00e5 till de fattiga, s\u00e4ger de. De \u00e4r s\u00e5 uppe i sitt arbete med de fattiga att de inte kan se varf\u00f6r hon kommer med sin olja. Att hon kommer med g\u00e5van i v\u00e4nskap och beundran. <\/p>\n\n\n\n<p>Jesus blir arg. Han ser godheten i hennes g\u00e5va och varf\u00f6r hon kom med den. Hon f\u00f6rstod vem Jesus var och att han var v\u00e4rd all v\u00e4rldens g\u00e5vor. Hon ger honom n\u00e5got som kommer fr\u00e5n hj\u00e4rtat och som ocks\u00e5 k\u00e4nns i Jesu hj\u00e4rta. <\/p>\n\n\n\n<p>\u00d6verallt i v\u00e4rlden d\u00e4r man talar om mig, ska man ocks\u00e5 komma ih\u00e5g henne, s\u00e4ger Jesus. Varf\u00f6r d\u00e5? Varf\u00f6r ska vi komma ih\u00e5g henne? Jag tror att vi ska minnas henne f\u00f6r att hon f\u00f6ljde sin \u00f6vertygelse. Hon f\u00f6rstod att Jesus inte var vilken profet som helst och behandlade honom som en kung. Hennes g\u00e5va var inte oljan i sig, utan att hon hade f\u00f6rst\u00e5tt vem Jesus var. S\u00e5 \u00e4r det kanske med de finaste g\u00e5vorna, att de inte \u00e4r saker.<\/p>\n\n\n\n<p>Har du upplevt att f\u00e5 en fin g\u00e5va n\u00e5gon g\u00e5ng? Alla g\u00e5vor \u00e4r inte inslagna i vackert papper och sn\u00f6re, nej, det finns g\u00e5vor som vi inte kan ta p\u00e5. Starka k\u00e4nslor s\u00e5som k\u00e4rlek, beundran, v\u00e4nskap, mentorskap \u00e4r g\u00e5vor. P\u00e5 samma s\u00e4tt \u00e4r en sann v\u00e4n, en god partner, en hj\u00e4lpande hand i r\u00e4tt tid en av de vackraste g\u00e5vorna vi kan f\u00e5 och vara.  <\/p>\n\n\n\n<p>Jag tror ocks\u00e5 att du har g\u00e5vor inom dig. G\u00e5vor som ingen m\u00e4nniska har gett dig, utan g\u00e5vor som Gud lagt d\u00e4r. Egenskaper, f\u00e4rdigheter, underligheter, passioner som Gud t\u00e4nkte att just du beh\u00f6ver. G\u00e5vor som v\u00e4rlden beh\u00f6ver och som f\u00f6r\u00e4ndrar v\u00e4rlden.<\/p>\n\n\n\n<p>Vad du g\u00f6r med dem, ja, det \u00e4r din g\u00e5va till Gud. Kanske har du inte funnit dem alla \u00e4n, kanske v\u00e4ntar \u00e4n fler g\u00e5vor p\u00e5 att uppenbara sig inom dig?<\/p>\n\n\n\n<p>G\u00e5vorna inom dig g\u00e5r inte heller att v\u00e4rdes\u00e4tta, mer v\u00e4rda \u00e4n all v\u00e4rldens olja. T\u00e4nkta f\u00f6r dig och menade f\u00f6r dig. Gud vet vilka de \u00e4r, f\u00f6r att Gud vet vem du \u00e4r. Gud hoppas, v\u00e4ntar och l\u00e4ngtar efter att du finner dem och anv\u00e4nder dem. Gud k\u00e4nner dig, och du har en plats i hans hj\u00e4rta. <\/p>\n\n\n\n<p>Du \u00e4r en g\u00e5va, mer v\u00e4rd \u00e4n all v\u00e4rldens olja<\/p>\n","protected":false},"excerpt":{"rendered":"<p>Har du f\u00e5tt en extra fin g\u00e5va n\u00e5gon g\u00e5ng? G\u00e5vor, t\u00e4nker jag, kan v\u00e4rdes\u00e4ttas p\u00e5 olika s\u00e4tt. Vissa g\u00e5vor har vi f\u00e5tt med generositet, andra med omtanke, med humor, f\u00f6r att det f\u00f6rv\u00e4ntas och s\u00e5 vidare. S\u00e5 finns det de d\u00e4r speciella g\u00e5vorna. De som man f\u00e5r och t\u00e4nker: Denna m\u00e4nniska k\u00e4nner verkligen mig. De [&hellip;]<\/p>\n","protected":false},"author":672,"featured_media":1985,"comment_status":"open","ping_status":"open","sticky":false,"template":"","format":"standard","meta":{"_acf_changed":false,"footnotes":""},"categories":[9],"tags":[142465,142457],"class_list":["post-1984","post","type-post","status-publish","format-standard","has-post-thumbnail","hentry","category-okategoriserade","tag-catharina-carlsson","tag-tankarinforhelgen"],"acf":[],"yoast_head":"<!-- This site is optimized with the Yoast SEO plugin v27.1.1 - https:\/\/yoast.com\/product\/yoast-seo-wordpress\/ -->\n<title>Goda g\u00e5vor - Tankar inf\u00f6r helgen<\/title>\n<meta name=\"robots\" content=\"index, follow, max-snippet:-1, max-image-preview:large, max-video-preview:-1\" \/>\n<link rel=\"canonical\" href=\"https:\/\/blogg.svenskakyrkan.se\/tankarinforhelgen\/2020\/03\/04\/goda-gavor\/\" \/>\n<meta property=\"og:locale\" content=\"sv_SE\" \/>\n<meta property=\"og:type\" content=\"article\" \/>\n<meta property=\"og:title\" content=\"Goda g\u00e5vor - Tankar inf\u00f6r helgen\" \/>\n<meta property=\"og:description\" content=\"Har du f\u00e5tt en extra fin g\u00e5va n\u00e5gon g\u00e5ng? G\u00e5vor, t\u00e4nker jag, kan v\u00e4rdes\u00e4ttas p\u00e5 olika s\u00e4tt. Vissa g\u00e5vor har vi f\u00e5tt med generositet, andra med omtanke, med humor, f\u00f6r att det f\u00f6rv\u00e4ntas och s\u00e5 vidare. S\u00e5 finns det de d\u00e4r speciella g\u00e5vorna. De som man f\u00e5r och t\u00e4nker: Denna m\u00e4nniska k\u00e4nner verkligen mig. De [&hellip;]\" \/>\n<meta property=\"og:url\" content=\"https:\/\/blogg.svenskakyrkan.se\/tankarinforhelgen\/2020\/03\/04\/goda-gavor\/\" \/>\n<meta property=\"og:site_name\" content=\"Tankar inf\u00f6r helgen\" \/>\n<meta property=\"article:published_time\" content=\"2020-03-04T13:37:30+00:00\" \/>\n<meta property=\"article:modified_time\" content=\"2020-04-21T08:36:28+00:00\" \/>\n<meta property=\"og:image\" content=\"https:\/\/blogg.svenskakyrkan.se\/tankarinforhelgen\/files\/2020\/03\/present_shutterstock.jpg\" \/>\n\t<meta property=\"og:image:width\" content=\"1296\" \/>\n\t<meta property=\"og:image:height\" content=\"864\" \/>\n\t<meta property=\"og:image:type\" content=\"image\/jpeg\" \/>\n<meta name=\"author\" content=\"Catharina Carlsson, pr\u00e4st\" \/>\n<meta name=\"twitter:card\" content=\"summary_large_image\" \/>\n<meta name=\"twitter:label1\" content=\"Skriven av\" \/>\n\t<meta name=\"twitter:data1\" content=\"Catharina Carlsson, pr\u00e4st\" \/>\n\t<meta name=\"twitter:label2\" content=\"Ber\u00e4knad l\u00e4stid\" \/>\n\t<meta name=\"twitter:data2\" content=\"3 minuter\" \/>\n<script type=\"application\/ld+json\" class=\"yoast-schema-graph\">{\"@context\":\"https:\/\/schema.org\",\"@graph\":[{\"@type\":\"Article\",\"@id\":\"https:\/\/blogg.svenskakyrkan.se\/tankarinforhelgen\/2020\/03\/04\/goda-gavor\/#article\",\"isPartOf\":{\"@id\":\"https:\/\/blogg.svenskakyrkan.se\/tankarinforhelgen\/2020\/03\/04\/goda-gavor\/\"},\"author\":{\"name\":\"Catharina Carlsson, pr\u00e4st\",\"@id\":\"https:\/\/blogg.svenskakyrkan.se\/tankarinforhelgen\/#\/schema\/person\/d822d69bf74ba8b653a523a24142ad17\"},\"headline\":\"Goda g\u00e5vor\",\"datePublished\":\"2020-03-04T13:37:30+00:00\",\"dateModified\":\"2020-04-21T08:36:28+00:00\",\"mainEntityOfPage\":{\"@id\":\"https:\/\/blogg.svenskakyrkan.se\/tankarinforhelgen\/2020\/03\/04\/goda-gavor\/\"},\"wordCount\":682,\"commentCount\":5,\"image\":{\"@id\":\"https:\/\/blogg.svenskakyrkan.se\/tankarinforhelgen\/2020\/03\/04\/goda-gavor\/#primaryimage\"},\"thumbnailUrl\":\"https:\/\/blogg.svenskakyrkan.se\/tankarinforhelgen\/files\/2020\/03\/present_shutterstock.jpg\",\"keywords\":[\"Catharina Carlsson\",\"TANKARINFORHELGEN\"],\"inLanguage\":\"sv-SE\",\"potentialAction\":[{\"@type\":\"CommentAction\",\"name\":\"Comment\",\"target\":[\"https:\/\/blogg.svenskakyrkan.se\/tankarinforhelgen\/2020\/03\/04\/goda-gavor\/#respond\"]}]},{\"@type\":\"WebPage\",\"@id\":\"https:\/\/blogg.svenskakyrkan.se\/tankarinforhelgen\/2020\/03\/04\/goda-gavor\/\",\"url\":\"https:\/\/blogg.svenskakyrkan.se\/tankarinforhelgen\/2020\/03\/04\/goda-gavor\/\",\"name\":\"Goda g\u00e5vor - Tankar inf\u00f6r helgen\",\"isPartOf\":{\"@id\":\"https:\/\/blogg.svenskakyrkan.se\/tankarinforhelgen\/#website\"},\"primaryImageOfPage\":{\"@id\":\"https:\/\/blogg.svenskakyrkan.se\/tankarinforhelgen\/2020\/03\/04\/goda-gavor\/#primaryimage\"},\"image\":{\"@id\":\"https:\/\/blogg.svenskakyrkan.se\/tankarinforhelgen\/2020\/03\/04\/goda-gavor\/#primaryimage\"},\"thumbnailUrl\":\"https:\/\/blogg.svenskakyrkan.se\/tankarinforhelgen\/files\/2020\/03\/present_shutterstock.jpg\",\"datePublished\":\"2020-03-04T13:37:30+00:00\",\"dateModified\":\"2020-04-21T08:36:28+00:00\",\"author\":{\"@id\":\"https:\/\/blogg.svenskakyrkan.se\/tankarinforhelgen\/#\/schema\/person\/d822d69bf74ba8b653a523a24142ad17\"},\"breadcrumb\":{\"@id\":\"https:\/\/blogg.svenskakyrkan.se\/tankarinforhelgen\/2020\/03\/04\/goda-gavor\/#breadcrumb\"},\"inLanguage\":\"sv-SE\",\"potentialAction\":[{\"@type\":\"ReadAction\",\"target\":[\"https:\/\/blogg.svenskakyrkan.se\/tankarinforhelgen\/2020\/03\/04\/goda-gavor\/\"]}]},{\"@type\":\"ImageObject\",\"inLanguage\":\"sv-SE\",\"@id\":\"https:\/\/blogg.svenskakyrkan.se\/tankarinforhelgen\/2020\/03\/04\/goda-gavor\/#primaryimage\",\"url\":\"https:\/\/blogg.svenskakyrkan.se\/tankarinforhelgen\/files\/2020\/03\/present_shutterstock.jpg\",\"contentUrl\":\"https:\/\/blogg.svenskakyrkan.se\/tankarinforhelgen\/files\/2020\/03\/present_shutterstock.jpg\",\"width\":1296,\"height\":864,\"caption\":\"Inslagen present med bl\u00e5 sn\u00f6ren\"},{\"@type\":\"BreadcrumbList\",\"@id\":\"https:\/\/blogg.svenskakyrkan.se\/tankarinforhelgen\/2020\/03\/04\/goda-gavor\/#breadcrumb\",\"itemListElement\":[{\"@type\":\"ListItem\",\"position\":1,\"name\":\"Hem\",\"item\":\"https:\/\/blogg.svenskakyrkan.se\/tankarinforhelgen\/\"},{\"@type\":\"ListItem\",\"position\":2,\"name\":\"Goda g\u00e5vor\"}]},{\"@type\":\"WebSite\",\"@id\":\"https:\/\/blogg.svenskakyrkan.se\/tankarinforhelgen\/#website\",\"url\":\"https:\/\/blogg.svenskakyrkan.se\/tankarinforhelgen\/\",\"name\":\"Tankar inf\u00f6r helgen\",\"description\":\"Pr\u00e4ster funderar utifr\u00e5n kommande s\u00f6ndags texter\",\"potentialAction\":[{\"@type\":\"SearchAction\",\"target\":{\"@type\":\"EntryPoint\",\"urlTemplate\":\"https:\/\/blogg.svenskakyrkan.se\/tankarinforhelgen\/?s={search_term_string}\"},\"query-input\":{\"@type\":\"PropertyValueSpecification\",\"valueRequired\":true,\"valueName\":\"search_term_string\"}}],\"inLanguage\":\"sv-SE\"},{\"@type\":\"Person\",\"@id\":\"https:\/\/blogg.svenskakyrkan.se\/tankarinforhelgen\/#\/schema\/person\/d822d69bf74ba8b653a523a24142ad17\",\"name\":\"Catharina Carlsson, pr\u00e4st\",\"image\":{\"@type\":\"ImageObject\",\"inLanguage\":\"sv-SE\",\"@id\":\"https:\/\/blogg.svenskakyrkan.se\/tankarinforhelgen\/#\/schema\/person\/image\/\",\"url\":\"https:\/\/secure.gravatar.com\/avatar\/a05095351d4bef3936c8e5eb4759b56ae7498e54a3370d1dbcd55cd306192198?s=96&d=mm&r=g\",\"contentUrl\":\"https:\/\/secure.gravatar.com\/avatar\/a05095351d4bef3936c8e5eb4759b56ae7498e54a3370d1dbcd55cd306192198?s=96&d=mm&r=g\",\"caption\":\"Catharina Carlsson, pr\u00e4st\"},\"url\":\"https:\/\/blogg.svenskakyrkan.se\/tankarinforhelgen\/author\/catharinacarlsson\/\"}]}<\/script>\n<!-- \/ Yoast SEO plugin. -->","yoast_head_json":{"title":"Goda g\u00e5vor - Tankar inf\u00f6r helgen","robots":{"index":"index","follow":"follow","max-snippet":"max-snippet:-1","max-image-preview":"max-image-preview:large","max-video-preview":"max-video-preview:-1"},"canonical":"https:\/\/blogg.svenskakyrkan.se\/tankarinforhelgen\/2020\/03\/04\/goda-gavor\/","og_locale":"sv_SE","og_type":"article","og_title":"Goda g\u00e5vor - Tankar inf\u00f6r helgen","og_description":"Har du f\u00e5tt en extra fin g\u00e5va n\u00e5gon g\u00e5ng? G\u00e5vor, t\u00e4nker jag, kan v\u00e4rdes\u00e4ttas p\u00e5 olika s\u00e4tt. Vissa g\u00e5vor har vi f\u00e5tt med generositet, andra med omtanke, med humor, f\u00f6r att det f\u00f6rv\u00e4ntas och s\u00e5 vidare. S\u00e5 finns det de d\u00e4r speciella g\u00e5vorna. De som man f\u00e5r och t\u00e4nker: Denna m\u00e4nniska k\u00e4nner verkligen mig. De [&hellip;]","og_url":"https:\/\/blogg.svenskakyrkan.se\/tankarinforhelgen\/2020\/03\/04\/goda-gavor\/","og_site_name":"Tankar inf\u00f6r helgen","article_published_time":"2020-03-04T13:37:30+00:00","article_modified_time":"2020-04-21T08:36:28+00:00","og_image":[{"width":1296,"height":864,"url":"https:\/\/blogg.svenskakyrkan.se\/tankarinforhelgen\/files\/2020\/03\/present_shutterstock.jpg","type":"image\/jpeg"}],"author":"Catharina Carlsson, pr\u00e4st","twitter_card":"summary_large_image","twitter_misc":{"Skriven av":"Catharina Carlsson, pr\u00e4st","Ber\u00e4knad l\u00e4stid":"3 minuter"},"schema":{"@context":"https:\/\/schema.org","@graph":[{"@type":"Article","@id":"https:\/\/blogg.svenskakyrkan.se\/tankarinforhelgen\/2020\/03\/04\/goda-gavor\/#article","isPartOf":{"@id":"https:\/\/blogg.svenskakyrkan.se\/tankarinforhelgen\/2020\/03\/04\/goda-gavor\/"},"author":{"name":"Catharina Carlsson, pr\u00e4st","@id":"https:\/\/blogg.svenskakyrkan.se\/tankarinforhelgen\/#\/schema\/person\/d822d69bf74ba8b653a523a24142ad17"},"headline":"Goda g\u00e5vor","datePublished":"2020-03-04T13:37:30+00:00","dateModified":"2020-04-21T08:36:28+00:00","mainEntityOfPage":{"@id":"https:\/\/blogg.svenskakyrkan.se\/tankarinforhelgen\/2020\/03\/04\/goda-gavor\/"},"wordCount":682,"commentCount":5,"image":{"@id":"https:\/\/blogg.svenskakyrkan.se\/tankarinforhelgen\/2020\/03\/04\/goda-gavor\/#primaryimage"},"thumbnailUrl":"https:\/\/blogg.svenskakyrkan.se\/tankarinforhelgen\/files\/2020\/03\/present_shutterstock.jpg","keywords":["Catharina Carlsson","TANKARINFORHELGEN"],"inLanguage":"sv-SE","potentialAction":[{"@type":"CommentAction","name":"Comment","target":["https:\/\/blogg.svenskakyrkan.se\/tankarinforhelgen\/2020\/03\/04\/goda-gavor\/#respond"]}]},{"@type":"WebPage","@id":"https:\/\/blogg.svenskakyrkan.se\/tankarinforhelgen\/2020\/03\/04\/goda-gavor\/","url":"https:\/\/blogg.svenskakyrkan.se\/tankarinforhelgen\/2020\/03\/04\/goda-gavor\/","name":"Goda g\u00e5vor - Tankar inf\u00f6r helgen","isPartOf":{"@id":"https:\/\/blogg.svenskakyrkan.se\/tankarinforhelgen\/#website"},"primaryImageOfPage":{"@id":"https:\/\/blogg.svenskakyrkan.se\/tankarinforhelgen\/2020\/03\/04\/goda-gavor\/#primaryimage"},"image":{"@id":"https:\/\/blogg.svenskakyrkan.se\/tankarinforhelgen\/2020\/03\/04\/goda-gavor\/#primaryimage"},"thumbnailUrl":"https:\/\/blogg.svenskakyrkan.se\/tankarinforhelgen\/files\/2020\/03\/present_shutterstock.jpg","datePublished":"2020-03-04T13:37:30+00:00","dateModified":"2020-04-21T08:36:28+00:00","author":{"@id":"https:\/\/blogg.svenskakyrkan.se\/tankarinforhelgen\/#\/schema\/person\/d822d69bf74ba8b653a523a24142ad17"},"breadcrumb":{"@id":"https:\/\/blogg.svenskakyrkan.se\/tankarinforhelgen\/2020\/03\/04\/goda-gavor\/#breadcrumb"},"inLanguage":"sv-SE","potentialAction":[{"@type":"ReadAction","target":["https:\/\/blogg.svenskakyrkan.se\/tankarinforhelgen\/2020\/03\/04\/goda-gavor\/"]}]},{"@type":"ImageObject","inLanguage":"sv-SE","@id":"https:\/\/blogg.svenskakyrkan.se\/tankarinforhelgen\/2020\/03\/04\/goda-gavor\/#primaryimage","url":"https:\/\/blogg.svenskakyrkan.se\/tankarinforhelgen\/files\/2020\/03\/present_shutterstock.jpg","contentUrl":"https:\/\/blogg.svenskakyrkan.se\/tankarinforhelgen\/files\/2020\/03\/present_shutterstock.jpg","width":1296,"height":864,"caption":"Inslagen present med bl\u00e5 sn\u00f6ren"},{"@type":"BreadcrumbList","@id":"https:\/\/blogg.svenskakyrkan.se\/tankarinforhelgen\/2020\/03\/04\/goda-gavor\/#breadcrumb","itemListElement":[{"@type":"ListItem","position":1,"name":"Hem","item":"https:\/\/blogg.svenskakyrkan.se\/tankarinforhelgen\/"},{"@type":"ListItem","position":2,"name":"Goda g\u00e5vor"}]},{"@type":"WebSite","@id":"https:\/\/blogg.svenskakyrkan.se\/tankarinforhelgen\/#website","url":"https:\/\/blogg.svenskakyrkan.se\/tankarinforhelgen\/","name":"Tankar inf\u00f6r helgen","description":"Pr\u00e4ster funderar utifr\u00e5n kommande s\u00f6ndags texter","potentialAction":[{"@type":"SearchAction","target":{"@type":"EntryPoint","urlTemplate":"https:\/\/blogg.svenskakyrkan.se\/tankarinforhelgen\/?s={search_term_string}"},"query-input":{"@type":"PropertyValueSpecification","valueRequired":true,"valueName":"search_term_string"}}],"inLanguage":"sv-SE"},{"@type":"Person","@id":"https:\/\/blogg.svenskakyrkan.se\/tankarinforhelgen\/#\/schema\/person\/d822d69bf74ba8b653a523a24142ad17","name":"Catharina Carlsson, pr\u00e4st","image":{"@type":"ImageObject","inLanguage":"sv-SE","@id":"https:\/\/blogg.svenskakyrkan.se\/tankarinforhelgen\/#\/schema\/person\/image\/","url":"https:\/\/secure.gravatar.com\/avatar\/a05095351d4bef3936c8e5eb4759b56ae7498e54a3370d1dbcd55cd306192198?s=96&d=mm&r=g","contentUrl":"https:\/\/secure.gravatar.com\/avatar\/a05095351d4bef3936c8e5eb4759b56ae7498e54a3370d1dbcd55cd306192198?s=96&d=mm&r=g","caption":"Catharina Carlsson, pr\u00e4st"},"url":"https:\/\/blogg.svenskakyrkan.se\/tankarinforhelgen\/author\/catharinacarlsson\/"}]}},"author_meta":{"ID":"672","user_nicename":"catharinacarlsson","user_registered":"2018-04-10 11:22:30","display_name":"Catharina Carlsson, pr\u00e4st","first_name":"Catharina","last_name":"Carlsson, pr\u00e4st","avatar":"https:\/\/secure.gravatar.com\/avatar\/a05095351d4bef3936c8e5eb4759b56ae7498e54a3370d1dbcd55cd306192198?s=96&d=mm&r=g"},"featured_image":["https:\/\/blogg.svenskakyrkan.se\/tankarinforhelgen\/files\/2020\/03\/present_shutterstock-1024x683.jpg",1024,683,true],"bloginfo":{"name":"Tankar inf\u00f6r helgen","url":"https:\/\/blogg.svenskakyrkan.se\/tankarinforhelgen"},"_links":{"self":[{"href":"https:\/\/blogg.svenskakyrkan.se\/tankarinforhelgen\/wp-json\/wp\/v2\/posts\/1984","targetHints":{"allow":["GET"]}}],"collection":[{"href":"https:\/\/blogg.svenskakyrkan.se\/tankarinforhelgen\/wp-json\/wp\/v2\/posts"}],"about":[{"href":"https:\/\/blogg.svenskakyrkan.se\/tankarinforhelgen\/wp-json\/wp\/v2\/types\/post"}],"author":[{"embeddable":true,"href":"https:\/\/blogg.svenskakyrkan.se\/tankarinforhelgen\/wp-json\/wp\/v2\/users\/672"}],"replies":[{"embeddable":true,"href":"https:\/\/blogg.svenskakyrkan.se\/tankarinforhelgen\/wp-json\/wp\/v2\/comments?post=1984"}],"version-history":[{"count":3,"href":"https:\/\/blogg.svenskakyrkan.se\/tankarinforhelgen\/wp-json\/wp\/v2\/posts\/1984\/revisions"}],"predecessor-version":[{"id":1989,"href":"https:\/\/blogg.svenskakyrkan.se\/tankarinforhelgen\/wp-json\/wp\/v2\/posts\/1984\/revisions\/1989"}],"wp:featuredmedia":[{"embeddable":true,"href":"https:\/\/blogg.svenskakyrkan.se\/tankarinforhelgen\/wp-json\/wp\/v2\/media\/1985"}],"wp:attachment":[{"href":"https:\/\/blogg.svenskakyrkan.se\/tankarinforhelgen\/wp-json\/wp\/v2\/media?parent=1984"}],"wp:term":[{"taxonomy":"category","embeddable":true,"href":"https:\/\/blogg.svenskakyrkan.se\/tankarinforhelgen\/wp-json\/wp\/v2\/categories?post=1984"},{"taxonomy":"post_tag","embeddable":true,"href":"https:\/\/blogg.svenskakyrkan.se\/tankarinforhelgen\/wp-json\/wp\/v2\/tags?post=1984"}],"curies":[{"name":"wp","href":"https:\/\/api.w.org\/{rel}","templated":true}]}}