{"id":1990,"date":"2020-03-09T14:38:07","date_gmt":"2020-03-09T13:38:07","guid":{"rendered":"http:\/\/blogg.svenskakyrkan.se\/tankarinforhelgen\/?p=1990"},"modified":"2020-03-18T14:00:17","modified_gmt":"2020-03-18T13:00:17","slug":"tvivla-pa-tvivel","status":"publish","type":"post","link":"https:\/\/blogg.svenskakyrkan.se\/tankarinforhelgen\/2020\/03\/09\/tvivla-pa-tvivel\/","title":{"rendered":"Tvivla p\u00e5 tvivel"},"content":{"rendered":"\n<figure class=\"wp-block-image size-large\"><img loading=\"lazy\" decoding=\"async\" width=\"1024\" height=\"644\" src=\"https:\/\/blogg.svenskakyrkan.se\/tankarinforhelgen\/files\/2020\/03\/C4221307-22D3-43C8-84AA-F6671BC8F4D0-1024x644.jpeg\" alt=\"\" class=\"wp-image-1994\" srcset=\"https:\/\/blogg.svenskakyrkan.se\/tankarinforhelgen\/files\/2020\/03\/C4221307-22D3-43C8-84AA-F6671BC8F4D0-1024x644.jpeg 1024w, https:\/\/blogg.svenskakyrkan.se\/tankarinforhelgen\/files\/2020\/03\/C4221307-22D3-43C8-84AA-F6671BC8F4D0-300x189.jpeg 300w, https:\/\/blogg.svenskakyrkan.se\/tankarinforhelgen\/files\/2020\/03\/C4221307-22D3-43C8-84AA-F6671BC8F4D0-768x483.jpeg 768w, https:\/\/blogg.svenskakyrkan.se\/tankarinforhelgen\/files\/2020\/03\/C4221307-22D3-43C8-84AA-F6671BC8F4D0-1536x965.jpeg 1536w, https:\/\/blogg.svenskakyrkan.se\/tankarinforhelgen\/files\/2020\/03\/C4221307-22D3-43C8-84AA-F6671BC8F4D0-1200x754.jpeg 1200w, https:\/\/blogg.svenskakyrkan.se\/tankarinforhelgen\/files\/2020\/03\/C4221307-22D3-43C8-84AA-F6671BC8F4D0.jpeg 1618w\" sizes=\"auto, (max-width: 1024px) 100vw, 1024px\" \/><\/figure>\n<p>En pappa kom till Jesus f\u00f6r att be om hj\u00e4lp \u00e5t sin son som var besatt av en demon och hade det mycket sv\u00e5rt. \u201dHj\u00e4lp mig om du kan\u201d s\u00e4ger han. Jesus svarar honom att ingenting \u00e4r om\u00f6jligt f\u00f6r den som tror och d\u00e5 svarar pappan tillbaka med n\u00e5gra bevingade ord:<br \/>\u201dJag tror, hj\u00e4lp min otro.\u201d<\/p>\n<p>Som f\u00f6r m\u00e5nga andra pr\u00f6vade f\u00f6r\u00e4ldrar har han redan t\u00e4nkt igenom situationen m\u00e5nga g\u00e5nger och har sv\u00e5rt att se att n\u00e5got skulle hj\u00e4lpa men han vill \u00e4nd\u00e5 f\u00f6rs\u00f6ka.<\/p>\n<p>Tage Danielsson sade en g\u00e5ng \u201dutan tvivel \u00e4r man inte riktigt klok\u201d (ocks\u00e5 det bevingade ord). S\u00e5 \u00e4r det ju verkligen. Ibland s\u00e4gs det att det talas f\u00f6r lite om tvivel i kyrkan och att den som tvivlar k\u00e4nner sig ensam med sitt tvivel. Det \u00e4r viktigt f\u00f6r alla m\u00e4nniskor att vi f\u00e5r vara \u00e4rliga mot oss sj\u00e4lva s\u00e5 att vi f\u00e5r lov att k\u00e4nna det vi k\u00e4nner och t\u00e4nka det vi t\u00e4nker.<\/p>\n<p>Jag tycker sj\u00e4lv att det \u00e4r lite sv\u00e5rt att tala om tvivel, inte f\u00f6r att det skulle vara fel att tvivla utan f\u00f6r att det liksom \u00e4r sv\u00e5rt att s\u00e4ga hela sanningen. I varje givet \u00f6gonblick har jag b\u00e5de tro och tvivel (och otro, en ovilja mot att blanda in Gud i mitt liv) inom mig. Ber\u00e4ttar jag om mitt tvivel \u00e4r det ju inte hela sanningen, jag har ju ocks\u00e5 tro! Och talar jag bara om min tro s\u00e5 d\u00f6ljer jag det faktum att jag har b\u00e5de tvivel och otro ocks\u00e5.<\/p>\n<p>Har man v\u00e4l konstaterat att vi har flera tankar och k\u00e4nslor i oss p\u00e5 samma g\u00e5ng s\u00e5 tycker jag att det inte blir lika skr\u00e4mmande att erk\u00e4nna sina tvivel. Det blir inte lika mycket en fr\u00e5ga om vad jag k\u00e4nner som vilken r\u00f6st inom mig jag v\u00e4ljer att lyssna mest p\u00e5. R\u00f6sten fr\u00e5n v\u00e5ra tvivel kan bli s\u00e5 stark att vi tror helt p\u00e5 den.<\/p>\n<p>Men vad h\u00e4nder om vi tar ett steg till och till\u00e5ter oss att tvivla p\u00e5 v\u00e5ra tvivel? V\u00e4ger de h\u00e4r inv\u00e4ndningarna jag har verkligen s\u00e5 tungt? Exakt vad i min tro \u00e4r det som \u00e4r hotat om tvivlen har r\u00e4tt? St\u00e5r och faller verkligen alltihop med detta?<\/p>\n<p>Tro p\u00e5 sina tvivel och tvivla p\u00e5 sin tro, eller tro p\u00e5 sin tro och tvivla p\u00e5 sina tvivel?<\/p>\n<p>Vi \u00e5terv\u00e4nder till pappan i bibeltexten. \u201dJag tror, hj\u00e4lp min otro\u201d. Vad betyder det? Han l\u00e4r oss att man kan be om hj\u00e4lp ocks\u00e5 med att tro. Det \u00e4r inget man m\u00e5ste klara p\u00e5 egen hand. Och han har ju trots allt tillr\u00e4ckligt med tro. Tillr\u00e4ckligt f\u00f6r att han skulle g\u00e5 till Jesus och be om hj\u00e4lp fr\u00e5n f\u00f6rsta b\u00f6rjan. Och han f\u00e5r ju faktiskt ocks\u00e5 det han ber om.<\/p>\n<p>Tro \u00e4r inte n\u00e5gon psykisk muskel som vi kan tr\u00e4na upp s\u00e5 att vi alltid \u00e4r tv\u00e4rs\u00e4kra p\u00e5 allt som g\u00e4ller Gud. Tro \u00e4r just det att vi v\u00e4nder oss till Gud med det vi b\u00e4r p\u00e5. Ocks\u00e5 med v\u00e5r brist p\u00e5 tro.<\/p>\n<p>Man kan rentav v\u00e4nda p\u00e5 det och undra vilken tro det \u00e4r som \u00e4r starkast egentligen. \u00c4r det kanske snarare den som talar \u00e4rligt med Gud som tror mest? Som litar p\u00e5 Gud mest? \u00c4rlighet brukar ju vara m\u00e5ttet p\u00e5 hur n\u00e4ra vi kan komma varandra.<\/p>\n<p>\u00a0<\/p>\n<p>Tomas Jarvid, pr\u00e4st<\/p>\n","protected":false},"excerpt":{"rendered":"<p>En pappa kom till Jesus f\u00f6r att be om hj\u00e4lp \u00e5t sin son som var besatt av en demon och hade det mycket sv\u00e5rt. \u201dHj\u00e4lp mig om du kan\u201d s\u00e4ger han. Jesus svarar honom att ingenting \u00e4r om\u00f6jligt f\u00f6r den som tror och d\u00e5 svarar pappan tillbaka med n\u00e5gra bevingade ord:\u201dJag tror, hj\u00e4lp min otro.\u201d [&hellip;]<\/p>\n","protected":false},"author":751,"featured_media":0,"comment_status":"open","ping_status":"open","sticky":false,"template":"","format":"standard","meta":{"_acf_changed":false,"footnotes":""},"categories":[99410],"tags":[142457,159865],"class_list":["post-1990","post","type-post","status-publish","format-standard","hentry","category-tredje-sondagen-i-fastan","tag-tankarinforhelgen","tag-tomas-jarvid"],"acf":[],"yoast_head":"<!-- This site is optimized with the Yoast SEO plugin v27.1.1 - https:\/\/yoast.com\/product\/yoast-seo-wordpress\/ -->\n<title>Tvivla p\u00e5 tvivel - Tankar inf\u00f6r helgen<\/title>\n<meta name=\"robots\" content=\"index, follow, max-snippet:-1, max-image-preview:large, max-video-preview:-1\" \/>\n<link rel=\"canonical\" href=\"https:\/\/blogg.svenskakyrkan.se\/tankarinforhelgen\/2020\/03\/09\/tvivla-pa-tvivel\/\" \/>\n<meta property=\"og:locale\" content=\"sv_SE\" \/>\n<meta property=\"og:type\" content=\"article\" \/>\n<meta property=\"og:title\" content=\"Tvivla p\u00e5 tvivel - Tankar inf\u00f6r helgen\" \/>\n<meta property=\"og:description\" content=\"En pappa kom till Jesus f\u00f6r att be om hj\u00e4lp \u00e5t sin son som var besatt av en demon och hade det mycket sv\u00e5rt. \u201dHj\u00e4lp mig om du kan\u201d s\u00e4ger han. Jesus svarar honom att ingenting \u00e4r om\u00f6jligt f\u00f6r den som tror och d\u00e5 svarar pappan tillbaka med n\u00e5gra bevingade ord:\u201dJag tror, hj\u00e4lp min otro.\u201d [&hellip;]\" \/>\n<meta property=\"og:url\" content=\"https:\/\/blogg.svenskakyrkan.se\/tankarinforhelgen\/2020\/03\/09\/tvivla-pa-tvivel\/\" \/>\n<meta property=\"og:site_name\" content=\"Tankar inf\u00f6r helgen\" \/>\n<meta property=\"article:published_time\" content=\"2020-03-09T13:38:07+00:00\" \/>\n<meta property=\"article:modified_time\" content=\"2020-03-18T13:00:17+00:00\" \/>\n<meta property=\"og:image\" content=\"https:\/\/blogg.svenskakyrkan.se\/tankarinforhelgen\/files\/2020\/03\/C4221307-22D3-43C8-84AA-F6671BC8F4D0-1024x644.jpeg\" \/>\n<meta name=\"author\" content=\"tomasjarvid\" \/>\n<meta name=\"twitter:card\" content=\"summary_large_image\" \/>\n<meta name=\"twitter:label1\" content=\"Skriven av\" \/>\n\t<meta name=\"twitter:data1\" content=\"tomasjarvid\" \/>\n\t<meta name=\"twitter:label2\" content=\"Ber\u00e4knad l\u00e4stid\" \/>\n\t<meta name=\"twitter:data2\" content=\"3 minuter\" \/>\n<script type=\"application\/ld+json\" class=\"yoast-schema-graph\">{\"@context\":\"https:\/\/schema.org\",\"@graph\":[{\"@type\":\"Article\",\"@id\":\"https:\/\/blogg.svenskakyrkan.se\/tankarinforhelgen\/2020\/03\/09\/tvivla-pa-tvivel\/#article\",\"isPartOf\":{\"@id\":\"https:\/\/blogg.svenskakyrkan.se\/tankarinforhelgen\/2020\/03\/09\/tvivla-pa-tvivel\/\"},\"author\":{\"name\":\"tomasjarvid\",\"@id\":\"https:\/\/blogg.svenskakyrkan.se\/tankarinforhelgen\/#\/schema\/person\/0e3bc7aac7e5c37a1fd34490341d6f43\"},\"headline\":\"Tvivla p\u00e5 tvivel\",\"datePublished\":\"2020-03-09T13:38:07+00:00\",\"dateModified\":\"2020-03-18T13:00:17+00:00\",\"mainEntityOfPage\":{\"@id\":\"https:\/\/blogg.svenskakyrkan.se\/tankarinforhelgen\/2020\/03\/09\/tvivla-pa-tvivel\/\"},\"wordCount\":635,\"commentCount\":1,\"image\":{\"@id\":\"https:\/\/blogg.svenskakyrkan.se\/tankarinforhelgen\/2020\/03\/09\/tvivla-pa-tvivel\/#primaryimage\"},\"thumbnailUrl\":\"https:\/\/blogg.svenskakyrkan.se\/tankarinforhelgen\/files\/2020\/03\/C4221307-22D3-43C8-84AA-F6671BC8F4D0-1024x644.jpeg\",\"keywords\":[\"TANKARINFORHELGEN\",\"Tomas Jarvid\"],\"articleSection\":[\"Tredje s\u00f6ndagen i fastan\"],\"inLanguage\":\"sv-SE\",\"potentialAction\":[{\"@type\":\"CommentAction\",\"name\":\"Comment\",\"target\":[\"https:\/\/blogg.svenskakyrkan.se\/tankarinforhelgen\/2020\/03\/09\/tvivla-pa-tvivel\/#respond\"]}]},{\"@type\":\"WebPage\",\"@id\":\"https:\/\/blogg.svenskakyrkan.se\/tankarinforhelgen\/2020\/03\/09\/tvivla-pa-tvivel\/\",\"url\":\"https:\/\/blogg.svenskakyrkan.se\/tankarinforhelgen\/2020\/03\/09\/tvivla-pa-tvivel\/\",\"name\":\"Tvivla p\u00e5 tvivel - Tankar inf\u00f6r helgen\",\"isPartOf\":{\"@id\":\"https:\/\/blogg.svenskakyrkan.se\/tankarinforhelgen\/#website\"},\"primaryImageOfPage\":{\"@id\":\"https:\/\/blogg.svenskakyrkan.se\/tankarinforhelgen\/2020\/03\/09\/tvivla-pa-tvivel\/#primaryimage\"},\"image\":{\"@id\":\"https:\/\/blogg.svenskakyrkan.se\/tankarinforhelgen\/2020\/03\/09\/tvivla-pa-tvivel\/#primaryimage\"},\"thumbnailUrl\":\"https:\/\/blogg.svenskakyrkan.se\/tankarinforhelgen\/files\/2020\/03\/C4221307-22D3-43C8-84AA-F6671BC8F4D0-1024x644.jpeg\",\"datePublished\":\"2020-03-09T13:38:07+00:00\",\"dateModified\":\"2020-03-18T13:00:17+00:00\",\"author\":{\"@id\":\"https:\/\/blogg.svenskakyrkan.se\/tankarinforhelgen\/#\/schema\/person\/0e3bc7aac7e5c37a1fd34490341d6f43\"},\"breadcrumb\":{\"@id\":\"https:\/\/blogg.svenskakyrkan.se\/tankarinforhelgen\/2020\/03\/09\/tvivla-pa-tvivel\/#breadcrumb\"},\"inLanguage\":\"sv-SE\",\"potentialAction\":[{\"@type\":\"ReadAction\",\"target\":[\"https:\/\/blogg.svenskakyrkan.se\/tankarinforhelgen\/2020\/03\/09\/tvivla-pa-tvivel\/\"]}]},{\"@type\":\"ImageObject\",\"inLanguage\":\"sv-SE\",\"@id\":\"https:\/\/blogg.svenskakyrkan.se\/tankarinforhelgen\/2020\/03\/09\/tvivla-pa-tvivel\/#primaryimage\",\"url\":\"https:\/\/blogg.svenskakyrkan.se\/tankarinforhelgen\/files\/2020\/03\/C4221307-22D3-43C8-84AA-F6671BC8F4D0-1024x644.jpeg\",\"contentUrl\":\"https:\/\/blogg.svenskakyrkan.se\/tankarinforhelgen\/files\/2020\/03\/C4221307-22D3-43C8-84AA-F6671BC8F4D0-1024x644.jpeg\"},{\"@type\":\"BreadcrumbList\",\"@id\":\"https:\/\/blogg.svenskakyrkan.se\/tankarinforhelgen\/2020\/03\/09\/tvivla-pa-tvivel\/#breadcrumb\",\"itemListElement\":[{\"@type\":\"ListItem\",\"position\":1,\"name\":\"Hem\",\"item\":\"https:\/\/blogg.svenskakyrkan.se\/tankarinforhelgen\/\"},{\"@type\":\"ListItem\",\"position\":2,\"name\":\"Tvivla p\u00e5 tvivel\"}]},{\"@type\":\"WebSite\",\"@id\":\"https:\/\/blogg.svenskakyrkan.se\/tankarinforhelgen\/#website\",\"url\":\"https:\/\/blogg.svenskakyrkan.se\/tankarinforhelgen\/\",\"name\":\"Tankar inf\u00f6r helgen\",\"description\":\"Pr\u00e4ster funderar utifr\u00e5n kommande s\u00f6ndags texter\",\"potentialAction\":[{\"@type\":\"SearchAction\",\"target\":{\"@type\":\"EntryPoint\",\"urlTemplate\":\"https:\/\/blogg.svenskakyrkan.se\/tankarinforhelgen\/?s={search_term_string}\"},\"query-input\":{\"@type\":\"PropertyValueSpecification\",\"valueRequired\":true,\"valueName\":\"search_term_string\"}}],\"inLanguage\":\"sv-SE\"},{\"@type\":\"Person\",\"@id\":\"https:\/\/blogg.svenskakyrkan.se\/tankarinforhelgen\/#\/schema\/person\/0e3bc7aac7e5c37a1fd34490341d6f43\",\"name\":\"tomasjarvid\",\"image\":{\"@type\":\"ImageObject\",\"inLanguage\":\"sv-SE\",\"@id\":\"https:\/\/blogg.svenskakyrkan.se\/tankarinforhelgen\/#\/schema\/person\/image\/\",\"url\":\"https:\/\/secure.gravatar.com\/avatar\/038384b5a4cc68485f889d6fc1977f80c6f2d457f7d909ca606ab5e79da6af01?s=96&d=mm&r=g\",\"contentUrl\":\"https:\/\/secure.gravatar.com\/avatar\/038384b5a4cc68485f889d6fc1977f80c6f2d457f7d909ca606ab5e79da6af01?s=96&d=mm&r=g\",\"caption\":\"tomasjarvid\"},\"url\":\"https:\/\/blogg.svenskakyrkan.se\/tankarinforhelgen\/author\/tomasjarvid\/\"}]}<\/script>\n<!-- \/ Yoast SEO plugin. -->","yoast_head_json":{"title":"Tvivla p\u00e5 tvivel - Tankar inf\u00f6r helgen","robots":{"index":"index","follow":"follow","max-snippet":"max-snippet:-1","max-image-preview":"max-image-preview:large","max-video-preview":"max-video-preview:-1"},"canonical":"https:\/\/blogg.svenskakyrkan.se\/tankarinforhelgen\/2020\/03\/09\/tvivla-pa-tvivel\/","og_locale":"sv_SE","og_type":"article","og_title":"Tvivla p\u00e5 tvivel - Tankar inf\u00f6r helgen","og_description":"En pappa kom till Jesus f\u00f6r att be om hj\u00e4lp \u00e5t sin son som var besatt av en demon och hade det mycket sv\u00e5rt. \u201dHj\u00e4lp mig om du kan\u201d s\u00e4ger han. Jesus svarar honom att ingenting \u00e4r om\u00f6jligt f\u00f6r den som tror och d\u00e5 svarar pappan tillbaka med n\u00e5gra bevingade ord:\u201dJag tror, hj\u00e4lp min otro.\u201d [&hellip;]","og_url":"https:\/\/blogg.svenskakyrkan.se\/tankarinforhelgen\/2020\/03\/09\/tvivla-pa-tvivel\/","og_site_name":"Tankar inf\u00f6r helgen","article_published_time":"2020-03-09T13:38:07+00:00","article_modified_time":"2020-03-18T13:00:17+00:00","og_image":[{"url":"https:\/\/blogg.svenskakyrkan.se\/tankarinforhelgen\/files\/2020\/03\/C4221307-22D3-43C8-84AA-F6671BC8F4D0-1024x644.jpeg","type":"","width":"","height":""}],"author":"tomasjarvid","twitter_card":"summary_large_image","twitter_misc":{"Skriven av":"tomasjarvid","Ber\u00e4knad l\u00e4stid":"3 minuter"},"schema":{"@context":"https:\/\/schema.org","@graph":[{"@type":"Article","@id":"https:\/\/blogg.svenskakyrkan.se\/tankarinforhelgen\/2020\/03\/09\/tvivla-pa-tvivel\/#article","isPartOf":{"@id":"https:\/\/blogg.svenskakyrkan.se\/tankarinforhelgen\/2020\/03\/09\/tvivla-pa-tvivel\/"},"author":{"name":"tomasjarvid","@id":"https:\/\/blogg.svenskakyrkan.se\/tankarinforhelgen\/#\/schema\/person\/0e3bc7aac7e5c37a1fd34490341d6f43"},"headline":"Tvivla p\u00e5 tvivel","datePublished":"2020-03-09T13:38:07+00:00","dateModified":"2020-03-18T13:00:17+00:00","mainEntityOfPage":{"@id":"https:\/\/blogg.svenskakyrkan.se\/tankarinforhelgen\/2020\/03\/09\/tvivla-pa-tvivel\/"},"wordCount":635,"commentCount":1,"image":{"@id":"https:\/\/blogg.svenskakyrkan.se\/tankarinforhelgen\/2020\/03\/09\/tvivla-pa-tvivel\/#primaryimage"},"thumbnailUrl":"https:\/\/blogg.svenskakyrkan.se\/tankarinforhelgen\/files\/2020\/03\/C4221307-22D3-43C8-84AA-F6671BC8F4D0-1024x644.jpeg","keywords":["TANKARINFORHELGEN","Tomas Jarvid"],"articleSection":["Tredje s\u00f6ndagen i fastan"],"inLanguage":"sv-SE","potentialAction":[{"@type":"CommentAction","name":"Comment","target":["https:\/\/blogg.svenskakyrkan.se\/tankarinforhelgen\/2020\/03\/09\/tvivla-pa-tvivel\/#respond"]}]},{"@type":"WebPage","@id":"https:\/\/blogg.svenskakyrkan.se\/tankarinforhelgen\/2020\/03\/09\/tvivla-pa-tvivel\/","url":"https:\/\/blogg.svenskakyrkan.se\/tankarinforhelgen\/2020\/03\/09\/tvivla-pa-tvivel\/","name":"Tvivla p\u00e5 tvivel - Tankar inf\u00f6r helgen","isPartOf":{"@id":"https:\/\/blogg.svenskakyrkan.se\/tankarinforhelgen\/#website"},"primaryImageOfPage":{"@id":"https:\/\/blogg.svenskakyrkan.se\/tankarinforhelgen\/2020\/03\/09\/tvivla-pa-tvivel\/#primaryimage"},"image":{"@id":"https:\/\/blogg.svenskakyrkan.se\/tankarinforhelgen\/2020\/03\/09\/tvivla-pa-tvivel\/#primaryimage"},"thumbnailUrl":"https:\/\/blogg.svenskakyrkan.se\/tankarinforhelgen\/files\/2020\/03\/C4221307-22D3-43C8-84AA-F6671BC8F4D0-1024x644.jpeg","datePublished":"2020-03-09T13:38:07+00:00","dateModified":"2020-03-18T13:00:17+00:00","author":{"@id":"https:\/\/blogg.svenskakyrkan.se\/tankarinforhelgen\/#\/schema\/person\/0e3bc7aac7e5c37a1fd34490341d6f43"},"breadcrumb":{"@id":"https:\/\/blogg.svenskakyrkan.se\/tankarinforhelgen\/2020\/03\/09\/tvivla-pa-tvivel\/#breadcrumb"},"inLanguage":"sv-SE","potentialAction":[{"@type":"ReadAction","target":["https:\/\/blogg.svenskakyrkan.se\/tankarinforhelgen\/2020\/03\/09\/tvivla-pa-tvivel\/"]}]},{"@type":"ImageObject","inLanguage":"sv-SE","@id":"https:\/\/blogg.svenskakyrkan.se\/tankarinforhelgen\/2020\/03\/09\/tvivla-pa-tvivel\/#primaryimage","url":"https:\/\/blogg.svenskakyrkan.se\/tankarinforhelgen\/files\/2020\/03\/C4221307-22D3-43C8-84AA-F6671BC8F4D0-1024x644.jpeg","contentUrl":"https:\/\/blogg.svenskakyrkan.se\/tankarinforhelgen\/files\/2020\/03\/C4221307-22D3-43C8-84AA-F6671BC8F4D0-1024x644.jpeg"},{"@type":"BreadcrumbList","@id":"https:\/\/blogg.svenskakyrkan.se\/tankarinforhelgen\/2020\/03\/09\/tvivla-pa-tvivel\/#breadcrumb","itemListElement":[{"@type":"ListItem","position":1,"name":"Hem","item":"https:\/\/blogg.svenskakyrkan.se\/tankarinforhelgen\/"},{"@type":"ListItem","position":2,"name":"Tvivla p\u00e5 tvivel"}]},{"@type":"WebSite","@id":"https:\/\/blogg.svenskakyrkan.se\/tankarinforhelgen\/#website","url":"https:\/\/blogg.svenskakyrkan.se\/tankarinforhelgen\/","name":"Tankar inf\u00f6r helgen","description":"Pr\u00e4ster funderar utifr\u00e5n kommande s\u00f6ndags texter","potentialAction":[{"@type":"SearchAction","target":{"@type":"EntryPoint","urlTemplate":"https:\/\/blogg.svenskakyrkan.se\/tankarinforhelgen\/?s={search_term_string}"},"query-input":{"@type":"PropertyValueSpecification","valueRequired":true,"valueName":"search_term_string"}}],"inLanguage":"sv-SE"},{"@type":"Person","@id":"https:\/\/blogg.svenskakyrkan.se\/tankarinforhelgen\/#\/schema\/person\/0e3bc7aac7e5c37a1fd34490341d6f43","name":"tomasjarvid","image":{"@type":"ImageObject","inLanguage":"sv-SE","@id":"https:\/\/blogg.svenskakyrkan.se\/tankarinforhelgen\/#\/schema\/person\/image\/","url":"https:\/\/secure.gravatar.com\/avatar\/038384b5a4cc68485f889d6fc1977f80c6f2d457f7d909ca606ab5e79da6af01?s=96&d=mm&r=g","contentUrl":"https:\/\/secure.gravatar.com\/avatar\/038384b5a4cc68485f889d6fc1977f80c6f2d457f7d909ca606ab5e79da6af01?s=96&d=mm&r=g","caption":"tomasjarvid"},"url":"https:\/\/blogg.svenskakyrkan.se\/tankarinforhelgen\/author\/tomasjarvid\/"}]}},"author_meta":{"ID":"751","user_nicename":"tomasjarvid","user_registered":"2020-03-09 13:41:31","display_name":"tomasjarvid","avatar":"https:\/\/secure.gravatar.com\/avatar\/038384b5a4cc68485f889d6fc1977f80c6f2d457f7d909ca606ab5e79da6af01?s=96&d=mm&r=g"},"featured_image":false,"bloginfo":{"name":"Tankar inf\u00f6r helgen","url":"https:\/\/blogg.svenskakyrkan.se\/tankarinforhelgen"},"_links":{"self":[{"href":"https:\/\/blogg.svenskakyrkan.se\/tankarinforhelgen\/wp-json\/wp\/v2\/posts\/1990","targetHints":{"allow":["GET"]}}],"collection":[{"href":"https:\/\/blogg.svenskakyrkan.se\/tankarinforhelgen\/wp-json\/wp\/v2\/posts"}],"about":[{"href":"https:\/\/blogg.svenskakyrkan.se\/tankarinforhelgen\/wp-json\/wp\/v2\/types\/post"}],"author":[{"embeddable":true,"href":"https:\/\/blogg.svenskakyrkan.se\/tankarinforhelgen\/wp-json\/wp\/v2\/users\/751"}],"replies":[{"embeddable":true,"href":"https:\/\/blogg.svenskakyrkan.se\/tankarinforhelgen\/wp-json\/wp\/v2\/comments?post=1990"}],"version-history":[{"count":3,"href":"https:\/\/blogg.svenskakyrkan.se\/tankarinforhelgen\/wp-json\/wp\/v2\/posts\/1990\/revisions"}],"predecessor-version":[{"id":1996,"href":"https:\/\/blogg.svenskakyrkan.se\/tankarinforhelgen\/wp-json\/wp\/v2\/posts\/1990\/revisions\/1996"}],"wp:attachment":[{"href":"https:\/\/blogg.svenskakyrkan.se\/tankarinforhelgen\/wp-json\/wp\/v2\/media?parent=1990"}],"wp:term":[{"taxonomy":"category","embeddable":true,"href":"https:\/\/blogg.svenskakyrkan.se\/tankarinforhelgen\/wp-json\/wp\/v2\/categories?post=1990"},{"taxonomy":"post_tag","embeddable":true,"href":"https:\/\/blogg.svenskakyrkan.se\/tankarinforhelgen\/wp-json\/wp\/v2\/tags?post=1990"}],"curies":[{"name":"wp","href":"https:\/\/api.w.org\/{rel}","templated":true}]}}