{"id":208,"date":"2016-01-31T13:40:26","date_gmt":"2016-01-31T12:40:26","guid":{"rendered":"http:\/\/blogg.svenskakyrkan.se\/tankarinforhelgen\/?p=208"},"modified":"2017-01-03T14:42:14","modified_gmt":"2017-01-03T13:42:14","slug":"att-leva-i-tro-och-overtygelse","status":"publish","type":"post","link":"https:\/\/blogg.svenskakyrkan.se\/tankarinforhelgen\/2016\/01\/31\/att-leva-i-tro-och-overtygelse\/","title":{"rendered":"Att leva i tro och \u00f6vertygelse"},"content":{"rendered":"<p><a href=\"http:\/\/blogg.svenskakyrkan.se\/tankarinforhelgen\/files\/2016\/12\/10154322.jpg\"><img loading=\"lazy\" decoding=\"async\" class=\"alignnone size-full wp-image-209\" src=\"http:\/\/blogg.svenskakyrkan.se\/tankarinforhelgen\/files\/2016\/12\/10154322.jpg\" alt=\"10154322\" width=\"674\" height=\"450\" srcset=\"https:\/\/blogg.svenskakyrkan.se\/tankarinforhelgen\/files\/2016\/12\/10154322.jpg 674w, https:\/\/blogg.svenskakyrkan.se\/tankarinforhelgen\/files\/2016\/12\/10154322-300x200.jpg 300w, https:\/\/blogg.svenskakyrkan.se\/tankarinforhelgen\/files\/2016\/12\/10154322-449x300.jpg 449w\" sizes=\"auto, (max-width: 674px) 100vw, 674px\" \/><\/a><\/p>\n<p><strong>Tankar inf\u00f6r Kyndelsm\u00e4ssodagen, 31 januari<\/strong><\/p>\n<p><em>Symeon visar att om vi lever med utstr\u00e4ckta h\u00e4nder i v\u00e4ntan och tro f\u00e5r vi se att Gud blir m\u00e4nniska. Ett barn f\u00f6ds som ger gl\u00e4dje \u00e5t hela folket och b\u00e4r p\u00e5 hopp om en b\u00e4ttre v\u00e4rld.<\/em><\/p>\n<p>Jag ser ett par utstr\u00e4ckta h\u00e4nder. De \u00e4r f\u00e5rade och m\u00e4rkta av tiden men fortfarande mjuka och varma. De uttrycker v\u00e4ntan, inte ot\u00e5ligt eller oroligt, utan tryggt och tillitsfullt. S\u00e5 m\u00f6ter de utstr\u00e4ckta h\u00e4nderna ett litet barn.<\/p>\n<p>Den gamle tar det varligt i sin famn. Han ser det milt i \u00f6gonen. F\u00f6r\u00e4ldrarna st\u00e5r tysta i f\u00f6rundran. Mannens \u00f6gon t\u00e5ras och han s\u00e4ger: <i>Herre, nu l\u00e5ter du din tj\u00e4nare g\u00e5 hem, i frid, som du har lovat. \u00a0<\/i><\/p>\n<p>Symeons vandring har n\u00e5tt sitt slut. En livsvandring, i v\u00e4ntan och tro, \u00e4r fullbordad. Det han v\u00e4ntat p\u00e5 har kommit och det han trott har h\u00e4nt. Och han kan nu be den b\u00f6n som tj\u00e4naren bad sin husbonde n\u00e4r arbetsdagen var slut: <i>Herre, nu l\u00e5ter du din tj\u00e4nare g\u00e5 hem, i frid, som du har lovat. <\/i><\/p>\n<p>S\u00e5 har Symeons b\u00f6n blivit den b\u00f6n man ber n\u00e4r dagen nalkas sitt slut och m\u00f6rkret l\u00e4gger sig. Det har blivit aftonb\u00f6nernas aftonb\u00f6n.<\/p>\n<p>Och det \u00e4r v\u00e4l dit vi skulle vilja n\u00e5, att f\u00e5 uppleva hur allt l\u00e4gger sig till r\u00e4tta och vi kan andas ut, lugnt somna in, inte bara n\u00e4r v\u00e5rt liv tar slut utan n\u00e4r dagen \u00e4r slut, kv\u00e4llen kommer och natten \u00e4r n\u00e4ra.<\/p>\n<p>Det kan kanske tyckas verklighetsfr\u00e4mmande, som v\u00e4rlden och tillvaron ser ut, att tala om att n\u00e5 fram och finna den plats och stund d\u00e5 man lugnt kan l\u00e4gga sig ner. Var finns de som f\u00e5r g\u00f6ra s\u00e5dana upplevelser och erfarenheter?<\/p>\n<p>Men Symeons liv var nog inte bara en fr\u00e5ga om starka upplevelser och klara syner. Hans liv hade varit fyllt av v\u00e4ntan p\u00e5 n\u00e5got som l\u00e5g d\u00e4r framme. Hans tillvaro hade s\u00e4kert pr\u00e4glats mer av utstr\u00e4ckta h\u00e4nder \u00e4n av h\u00e4nder som h\u00e5var in och kn\u00e4pps f\u00f6rn\u00f6jsamt \u00f6ver br\u00f6stet. Men det var n\u00e5got mer \u00e4n v\u00e4ntan han levde i. Det var i tro och \u00f6vertygelse att han skulle f\u00e5 se.<\/p>\n<p>V\u00e4ntan och tro var Symeons livsluft. Det gjorde honom \u00f6ppen mot framtiden.<\/p>\n<p>Kyndelsm\u00e4ssodagen \u00e4r den sista juldagen under kyrko\u00e5ret. Vi har firat jul och uttryckt v\u00e5r tro p\u00e5 att Gud blir m\u00e4nniska och blir en av oss.<\/p>\n<p>Symeon visar att om vi lever med utstr\u00e4ckta h\u00e4nder i v\u00e4ntan och tro f\u00e5r vi se att Gud blir m\u00e4nniska. Ett barn f\u00f6ds som ger gl\u00e4dje \u00e5t hela folket och b\u00e4r p\u00e5 hopp om en b\u00e4ttre v\u00e4rld. Ett barn mitt ibland oss som vi f\u00e5r str\u00e4cka ut v\u00e5ra h\u00e4nder emot och ta i v\u00e5r famn.<\/p>\n<p><i>Jan-Olof Johansson, biskop emeritus, V\u00e4xj\u00f6.<\/i><\/p>\n","protected":false},"excerpt":{"rendered":"<p>Tankar inf\u00f6r Kyndelsm\u00e4ssodagen, 31 januari Symeon visar att om vi lever med utstr\u00e4ckta h\u00e4nder i v\u00e4ntan och tro f\u00e5r vi se att Gud blir m\u00e4nniska. Ett barn f\u00f6ds som ger gl\u00e4dje \u00e5t hela folket och b\u00e4r p\u00e5 hopp om en b\u00e4ttre v\u00e4rld. Jag ser ett par utstr\u00e4ckta h\u00e4nder. De \u00e4r f\u00e5rade och m\u00e4rkta av tiden [&hellip;]<\/p>\n","protected":false},"author":458,"featured_media":0,"comment_status":"open","ping_status":"open","sticky":false,"template":"","format":"standard","meta":{"_acf_changed":false,"footnotes":""},"categories":[138248],"tags":[],"class_list":["post-208","post","type-post","status-publish","format-standard","hentry","category-kyndelmassodagen"],"acf":[],"yoast_head":"<!-- This site is optimized with the Yoast SEO plugin v27.1.1 - https:\/\/yoast.com\/product\/yoast-seo-wordpress\/ -->\n<title>Att leva i tro och \u00f6vertygelse - Tankar inf\u00f6r helgen<\/title>\n<meta name=\"robots\" content=\"index, follow, max-snippet:-1, max-image-preview:large, max-video-preview:-1\" \/>\n<link rel=\"canonical\" href=\"https:\/\/blogg.svenskakyrkan.se\/tankarinforhelgen\/2016\/01\/31\/att-leva-i-tro-och-overtygelse\/\" \/>\n<meta property=\"og:locale\" content=\"sv_SE\" \/>\n<meta property=\"og:type\" content=\"article\" \/>\n<meta property=\"og:title\" content=\"Att leva i tro och \u00f6vertygelse - Tankar inf\u00f6r helgen\" \/>\n<meta property=\"og:description\" content=\"Tankar inf\u00f6r Kyndelsm\u00e4ssodagen, 31 januari Symeon visar att om vi lever med utstr\u00e4ckta h\u00e4nder i v\u00e4ntan och tro f\u00e5r vi se att Gud blir m\u00e4nniska. Ett barn f\u00f6ds som ger gl\u00e4dje \u00e5t hela folket och b\u00e4r p\u00e5 hopp om en b\u00e4ttre v\u00e4rld. Jag ser ett par utstr\u00e4ckta h\u00e4nder. De \u00e4r f\u00e5rade och m\u00e4rkta av tiden [&hellip;]\" \/>\n<meta property=\"og:url\" content=\"https:\/\/blogg.svenskakyrkan.se\/tankarinforhelgen\/2016\/01\/31\/att-leva-i-tro-och-overtygelse\/\" \/>\n<meta property=\"og:site_name\" content=\"Tankar inf\u00f6r helgen\" \/>\n<meta property=\"article:published_time\" content=\"2016-01-31T12:40:26+00:00\" \/>\n<meta property=\"article:modified_time\" content=\"2017-01-03T13:42:14+00:00\" \/>\n<meta property=\"og:image\" content=\"http:\/\/blogg.svenskakyrkan.se\/tankarinforhelgen\/files\/2016\/12\/10154322.jpg\" \/>\n<meta name=\"author\" content=\"Magdalena Wernefeldt\" \/>\n<meta name=\"twitter:card\" content=\"summary_large_image\" \/>\n<meta name=\"twitter:label1\" content=\"Skriven av\" \/>\n\t<meta name=\"twitter:data1\" content=\"Magdalena Wernefeldt\" \/>\n\t<meta name=\"twitter:label2\" content=\"Ber\u00e4knad l\u00e4stid\" \/>\n\t<meta name=\"twitter:data2\" content=\"3 minuter\" \/>\n<script type=\"application\/ld+json\" class=\"yoast-schema-graph\">{\"@context\":\"https:\/\/schema.org\",\"@graph\":[{\"@type\":\"Article\",\"@id\":\"https:\/\/blogg.svenskakyrkan.se\/tankarinforhelgen\/2016\/01\/31\/att-leva-i-tro-och-overtygelse\/#article\",\"isPartOf\":{\"@id\":\"https:\/\/blogg.svenskakyrkan.se\/tankarinforhelgen\/2016\/01\/31\/att-leva-i-tro-och-overtygelse\/\"},\"author\":{\"name\":\"Magdalena Wernefeldt\",\"@id\":\"https:\/\/blogg.svenskakyrkan.se\/tankarinforhelgen\/#\/schema\/person\/c19e8a124f507336a7f712f3b02d924b\"},\"headline\":\"Att leva i tro och \u00f6vertygelse\",\"datePublished\":\"2016-01-31T12:40:26+00:00\",\"dateModified\":\"2017-01-03T13:42:14+00:00\",\"mainEntityOfPage\":{\"@id\":\"https:\/\/blogg.svenskakyrkan.se\/tankarinforhelgen\/2016\/01\/31\/att-leva-i-tro-och-overtygelse\/\"},\"wordCount\":549,\"commentCount\":0,\"image\":{\"@id\":\"https:\/\/blogg.svenskakyrkan.se\/tankarinforhelgen\/2016\/01\/31\/att-leva-i-tro-och-overtygelse\/#primaryimage\"},\"thumbnailUrl\":\"http:\/\/blogg.svenskakyrkan.se\/tankarinforhelgen\/files\/2016\/12\/10154322.jpg\",\"articleSection\":[\"Kyndelm\u00e4ssodagen\"],\"inLanguage\":\"sv-SE\",\"potentialAction\":[{\"@type\":\"CommentAction\",\"name\":\"Comment\",\"target\":[\"https:\/\/blogg.svenskakyrkan.se\/tankarinforhelgen\/2016\/01\/31\/att-leva-i-tro-och-overtygelse\/#respond\"]}]},{\"@type\":\"WebPage\",\"@id\":\"https:\/\/blogg.svenskakyrkan.se\/tankarinforhelgen\/2016\/01\/31\/att-leva-i-tro-och-overtygelse\/\",\"url\":\"https:\/\/blogg.svenskakyrkan.se\/tankarinforhelgen\/2016\/01\/31\/att-leva-i-tro-och-overtygelse\/\",\"name\":\"Att leva i tro och \u00f6vertygelse - Tankar inf\u00f6r helgen\",\"isPartOf\":{\"@id\":\"https:\/\/blogg.svenskakyrkan.se\/tankarinforhelgen\/#website\"},\"primaryImageOfPage\":{\"@id\":\"https:\/\/blogg.svenskakyrkan.se\/tankarinforhelgen\/2016\/01\/31\/att-leva-i-tro-och-overtygelse\/#primaryimage\"},\"image\":{\"@id\":\"https:\/\/blogg.svenskakyrkan.se\/tankarinforhelgen\/2016\/01\/31\/att-leva-i-tro-och-overtygelse\/#primaryimage\"},\"thumbnailUrl\":\"http:\/\/blogg.svenskakyrkan.se\/tankarinforhelgen\/files\/2016\/12\/10154322.jpg\",\"datePublished\":\"2016-01-31T12:40:26+00:00\",\"dateModified\":\"2017-01-03T13:42:14+00:00\",\"author\":{\"@id\":\"https:\/\/blogg.svenskakyrkan.se\/tankarinforhelgen\/#\/schema\/person\/c19e8a124f507336a7f712f3b02d924b\"},\"breadcrumb\":{\"@id\":\"https:\/\/blogg.svenskakyrkan.se\/tankarinforhelgen\/2016\/01\/31\/att-leva-i-tro-och-overtygelse\/#breadcrumb\"},\"inLanguage\":\"sv-SE\",\"potentialAction\":[{\"@type\":\"ReadAction\",\"target\":[\"https:\/\/blogg.svenskakyrkan.se\/tankarinforhelgen\/2016\/01\/31\/att-leva-i-tro-och-overtygelse\/\"]}]},{\"@type\":\"ImageObject\",\"inLanguage\":\"sv-SE\",\"@id\":\"https:\/\/blogg.svenskakyrkan.se\/tankarinforhelgen\/2016\/01\/31\/att-leva-i-tro-och-overtygelse\/#primaryimage\",\"url\":\"http:\/\/blogg.svenskakyrkan.se\/tankarinforhelgen\/files\/2016\/12\/10154322.jpg\",\"contentUrl\":\"http:\/\/blogg.svenskakyrkan.se\/tankarinforhelgen\/files\/2016\/12\/10154322.jpg\"},{\"@type\":\"BreadcrumbList\",\"@id\":\"https:\/\/blogg.svenskakyrkan.se\/tankarinforhelgen\/2016\/01\/31\/att-leva-i-tro-och-overtygelse\/#breadcrumb\",\"itemListElement\":[{\"@type\":\"ListItem\",\"position\":1,\"name\":\"Hem\",\"item\":\"https:\/\/blogg.svenskakyrkan.se\/tankarinforhelgen\/\"},{\"@type\":\"ListItem\",\"position\":2,\"name\":\"Att leva i tro och \u00f6vertygelse\"}]},{\"@type\":\"WebSite\",\"@id\":\"https:\/\/blogg.svenskakyrkan.se\/tankarinforhelgen\/#website\",\"url\":\"https:\/\/blogg.svenskakyrkan.se\/tankarinforhelgen\/\",\"name\":\"Tankar inf\u00f6r helgen\",\"description\":\"Pr\u00e4ster funderar utifr\u00e5n kommande s\u00f6ndags texter\",\"potentialAction\":[{\"@type\":\"SearchAction\",\"target\":{\"@type\":\"EntryPoint\",\"urlTemplate\":\"https:\/\/blogg.svenskakyrkan.se\/tankarinforhelgen\/?s={search_term_string}\"},\"query-input\":{\"@type\":\"PropertyValueSpecification\",\"valueRequired\":true,\"valueName\":\"search_term_string\"}}],\"inLanguage\":\"sv-SE\"},{\"@type\":\"Person\",\"@id\":\"https:\/\/blogg.svenskakyrkan.se\/tankarinforhelgen\/#\/schema\/person\/c19e8a124f507336a7f712f3b02d924b\",\"name\":\"Magdalena Wernefeldt\",\"image\":{\"@type\":\"ImageObject\",\"inLanguage\":\"sv-SE\",\"@id\":\"https:\/\/blogg.svenskakyrkan.se\/tankarinforhelgen\/#\/schema\/person\/image\/\",\"url\":\"https:\/\/secure.gravatar.com\/avatar\/23dab26aed51bdfcff5c1559ea1a5d339f00dac73f3d56d1d8b724c1d9074328?s=96&d=mm&r=g\",\"contentUrl\":\"https:\/\/secure.gravatar.com\/avatar\/23dab26aed51bdfcff5c1559ea1a5d339f00dac73f3d56d1d8b724c1d9074328?s=96&d=mm&r=g\",\"caption\":\"Magdalena Wernefeldt\"},\"url\":\"https:\/\/blogg.svenskakyrkan.se\/tankarinforhelgen\/author\/svkmwt\/\"}]}<\/script>\n<!-- \/ Yoast SEO plugin. -->","yoast_head_json":{"title":"Att leva i tro och \u00f6vertygelse - Tankar inf\u00f6r helgen","robots":{"index":"index","follow":"follow","max-snippet":"max-snippet:-1","max-image-preview":"max-image-preview:large","max-video-preview":"max-video-preview:-1"},"canonical":"https:\/\/blogg.svenskakyrkan.se\/tankarinforhelgen\/2016\/01\/31\/att-leva-i-tro-och-overtygelse\/","og_locale":"sv_SE","og_type":"article","og_title":"Att leva i tro och \u00f6vertygelse - Tankar inf\u00f6r helgen","og_description":"Tankar inf\u00f6r Kyndelsm\u00e4ssodagen, 31 januari Symeon visar att om vi lever med utstr\u00e4ckta h\u00e4nder i v\u00e4ntan och tro f\u00e5r vi se att Gud blir m\u00e4nniska. Ett barn f\u00f6ds som ger gl\u00e4dje \u00e5t hela folket och b\u00e4r p\u00e5 hopp om en b\u00e4ttre v\u00e4rld. Jag ser ett par utstr\u00e4ckta h\u00e4nder. De \u00e4r f\u00e5rade och m\u00e4rkta av tiden [&hellip;]","og_url":"https:\/\/blogg.svenskakyrkan.se\/tankarinforhelgen\/2016\/01\/31\/att-leva-i-tro-och-overtygelse\/","og_site_name":"Tankar inf\u00f6r helgen","article_published_time":"2016-01-31T12:40:26+00:00","article_modified_time":"2017-01-03T13:42:14+00:00","og_image":[{"url":"http:\/\/blogg.svenskakyrkan.se\/tankarinforhelgen\/files\/2016\/12\/10154322.jpg","type":"","width":"","height":""}],"author":"Magdalena Wernefeldt","twitter_card":"summary_large_image","twitter_misc":{"Skriven av":"Magdalena Wernefeldt","Ber\u00e4knad l\u00e4stid":"3 minuter"},"schema":{"@context":"https:\/\/schema.org","@graph":[{"@type":"Article","@id":"https:\/\/blogg.svenskakyrkan.se\/tankarinforhelgen\/2016\/01\/31\/att-leva-i-tro-och-overtygelse\/#article","isPartOf":{"@id":"https:\/\/blogg.svenskakyrkan.se\/tankarinforhelgen\/2016\/01\/31\/att-leva-i-tro-och-overtygelse\/"},"author":{"name":"Magdalena Wernefeldt","@id":"https:\/\/blogg.svenskakyrkan.se\/tankarinforhelgen\/#\/schema\/person\/c19e8a124f507336a7f712f3b02d924b"},"headline":"Att leva i tro och \u00f6vertygelse","datePublished":"2016-01-31T12:40:26+00:00","dateModified":"2017-01-03T13:42:14+00:00","mainEntityOfPage":{"@id":"https:\/\/blogg.svenskakyrkan.se\/tankarinforhelgen\/2016\/01\/31\/att-leva-i-tro-och-overtygelse\/"},"wordCount":549,"commentCount":0,"image":{"@id":"https:\/\/blogg.svenskakyrkan.se\/tankarinforhelgen\/2016\/01\/31\/att-leva-i-tro-och-overtygelse\/#primaryimage"},"thumbnailUrl":"http:\/\/blogg.svenskakyrkan.se\/tankarinforhelgen\/files\/2016\/12\/10154322.jpg","articleSection":["Kyndelm\u00e4ssodagen"],"inLanguage":"sv-SE","potentialAction":[{"@type":"CommentAction","name":"Comment","target":["https:\/\/blogg.svenskakyrkan.se\/tankarinforhelgen\/2016\/01\/31\/att-leva-i-tro-och-overtygelse\/#respond"]}]},{"@type":"WebPage","@id":"https:\/\/blogg.svenskakyrkan.se\/tankarinforhelgen\/2016\/01\/31\/att-leva-i-tro-och-overtygelse\/","url":"https:\/\/blogg.svenskakyrkan.se\/tankarinforhelgen\/2016\/01\/31\/att-leva-i-tro-och-overtygelse\/","name":"Att leva i tro och \u00f6vertygelse - Tankar inf\u00f6r helgen","isPartOf":{"@id":"https:\/\/blogg.svenskakyrkan.se\/tankarinforhelgen\/#website"},"primaryImageOfPage":{"@id":"https:\/\/blogg.svenskakyrkan.se\/tankarinforhelgen\/2016\/01\/31\/att-leva-i-tro-och-overtygelse\/#primaryimage"},"image":{"@id":"https:\/\/blogg.svenskakyrkan.se\/tankarinforhelgen\/2016\/01\/31\/att-leva-i-tro-och-overtygelse\/#primaryimage"},"thumbnailUrl":"http:\/\/blogg.svenskakyrkan.se\/tankarinforhelgen\/files\/2016\/12\/10154322.jpg","datePublished":"2016-01-31T12:40:26+00:00","dateModified":"2017-01-03T13:42:14+00:00","author":{"@id":"https:\/\/blogg.svenskakyrkan.se\/tankarinforhelgen\/#\/schema\/person\/c19e8a124f507336a7f712f3b02d924b"},"breadcrumb":{"@id":"https:\/\/blogg.svenskakyrkan.se\/tankarinforhelgen\/2016\/01\/31\/att-leva-i-tro-och-overtygelse\/#breadcrumb"},"inLanguage":"sv-SE","potentialAction":[{"@type":"ReadAction","target":["https:\/\/blogg.svenskakyrkan.se\/tankarinforhelgen\/2016\/01\/31\/att-leva-i-tro-och-overtygelse\/"]}]},{"@type":"ImageObject","inLanguage":"sv-SE","@id":"https:\/\/blogg.svenskakyrkan.se\/tankarinforhelgen\/2016\/01\/31\/att-leva-i-tro-och-overtygelse\/#primaryimage","url":"http:\/\/blogg.svenskakyrkan.se\/tankarinforhelgen\/files\/2016\/12\/10154322.jpg","contentUrl":"http:\/\/blogg.svenskakyrkan.se\/tankarinforhelgen\/files\/2016\/12\/10154322.jpg"},{"@type":"BreadcrumbList","@id":"https:\/\/blogg.svenskakyrkan.se\/tankarinforhelgen\/2016\/01\/31\/att-leva-i-tro-och-overtygelse\/#breadcrumb","itemListElement":[{"@type":"ListItem","position":1,"name":"Hem","item":"https:\/\/blogg.svenskakyrkan.se\/tankarinforhelgen\/"},{"@type":"ListItem","position":2,"name":"Att leva i tro och \u00f6vertygelse"}]},{"@type":"WebSite","@id":"https:\/\/blogg.svenskakyrkan.se\/tankarinforhelgen\/#website","url":"https:\/\/blogg.svenskakyrkan.se\/tankarinforhelgen\/","name":"Tankar inf\u00f6r helgen","description":"Pr\u00e4ster funderar utifr\u00e5n kommande s\u00f6ndags texter","potentialAction":[{"@type":"SearchAction","target":{"@type":"EntryPoint","urlTemplate":"https:\/\/blogg.svenskakyrkan.se\/tankarinforhelgen\/?s={search_term_string}"},"query-input":{"@type":"PropertyValueSpecification","valueRequired":true,"valueName":"search_term_string"}}],"inLanguage":"sv-SE"},{"@type":"Person","@id":"https:\/\/blogg.svenskakyrkan.se\/tankarinforhelgen\/#\/schema\/person\/c19e8a124f507336a7f712f3b02d924b","name":"Magdalena Wernefeldt","image":{"@type":"ImageObject","inLanguage":"sv-SE","@id":"https:\/\/blogg.svenskakyrkan.se\/tankarinforhelgen\/#\/schema\/person\/image\/","url":"https:\/\/secure.gravatar.com\/avatar\/23dab26aed51bdfcff5c1559ea1a5d339f00dac73f3d56d1d8b724c1d9074328?s=96&d=mm&r=g","contentUrl":"https:\/\/secure.gravatar.com\/avatar\/23dab26aed51bdfcff5c1559ea1a5d339f00dac73f3d56d1d8b724c1d9074328?s=96&d=mm&r=g","caption":"Magdalena Wernefeldt"},"url":"https:\/\/blogg.svenskakyrkan.se\/tankarinforhelgen\/author\/svkmwt\/"}]}},"author_meta":{"ID":"458","user_nicename":"svkmwt","user_registered":"2014-10-14 11:18:34","display_name":"Magdalena Wernefeldt","first_name":"Magdalena","last_name":"Wernefeldt","avatar":"https:\/\/secure.gravatar.com\/avatar\/23dab26aed51bdfcff5c1559ea1a5d339f00dac73f3d56d1d8b724c1d9074328?s=96&d=mm&r=g"},"featured_image":false,"bloginfo":{"name":"Tankar inf\u00f6r helgen","url":"https:\/\/blogg.svenskakyrkan.se\/tankarinforhelgen"},"_links":{"self":[{"href":"https:\/\/blogg.svenskakyrkan.se\/tankarinforhelgen\/wp-json\/wp\/v2\/posts\/208","targetHints":{"allow":["GET"]}}],"collection":[{"href":"https:\/\/blogg.svenskakyrkan.se\/tankarinforhelgen\/wp-json\/wp\/v2\/posts"}],"about":[{"href":"https:\/\/blogg.svenskakyrkan.se\/tankarinforhelgen\/wp-json\/wp\/v2\/types\/post"}],"author":[{"embeddable":true,"href":"https:\/\/blogg.svenskakyrkan.se\/tankarinforhelgen\/wp-json\/wp\/v2\/users\/458"}],"replies":[{"embeddable":true,"href":"https:\/\/blogg.svenskakyrkan.se\/tankarinforhelgen\/wp-json\/wp\/v2\/comments?post=208"}],"version-history":[{"count":1,"href":"https:\/\/blogg.svenskakyrkan.se\/tankarinforhelgen\/wp-json\/wp\/v2\/posts\/208\/revisions"}],"predecessor-version":[{"id":210,"href":"https:\/\/blogg.svenskakyrkan.se\/tankarinforhelgen\/wp-json\/wp\/v2\/posts\/208\/revisions\/210"}],"wp:attachment":[{"href":"https:\/\/blogg.svenskakyrkan.se\/tankarinforhelgen\/wp-json\/wp\/v2\/media?parent=208"}],"wp:term":[{"taxonomy":"category","embeddable":true,"href":"https:\/\/blogg.svenskakyrkan.se\/tankarinforhelgen\/wp-json\/wp\/v2\/categories?post=208"},{"taxonomy":"post_tag","embeddable":true,"href":"https:\/\/blogg.svenskakyrkan.se\/tankarinforhelgen\/wp-json\/wp\/v2\/tags?post=208"}],"curies":[{"name":"wp","href":"https:\/\/api.w.org\/{rel}","templated":true}]}}