{"id":2135,"date":"2020-08-05T12:05:39","date_gmt":"2020-08-05T10:05:39","guid":{"rendered":"http:\/\/blogg.svenskakyrkan.se\/tankarinforhelgen\/?p=2135"},"modified":"2024-07-05T16:40:59","modified_gmt":"2024-07-05T14:40:59","slug":"goda-forvaltare","status":"publish","type":"post","link":"https:\/\/blogg.svenskakyrkan.se\/tankarinforhelgen\/2020\/08\/05\/goda-forvaltare\/","title":{"rendered":"Goda f\u00f6rvaltare"},"content":{"rendered":"\n<figure class=\"wp-block-image size-large\"><img loading=\"lazy\" decoding=\"async\" width=\"1024\" height=\"683\" src=\"https:\/\/blogg.svenskakyrkan.se\/tankarinforhelgen\/files\/2020\/08\/shutterstock_tankarinf\u00f6rhelgen-1024x683.jpg\" alt=\"\" class=\"wp-image-2138\" srcset=\"https:\/\/blogg.svenskakyrkan.se\/tankarinforhelgen\/files\/2020\/08\/shutterstock_tankarinf\u00f6rhelgen-1024x683.jpg 1024w, https:\/\/blogg.svenskakyrkan.se\/tankarinforhelgen\/files\/2020\/08\/shutterstock_tankarinf\u00f6rhelgen-300x200.jpg 300w, https:\/\/blogg.svenskakyrkan.se\/tankarinforhelgen\/files\/2020\/08\/shutterstock_tankarinf\u00f6rhelgen-768x512.jpg 768w, https:\/\/blogg.svenskakyrkan.se\/tankarinforhelgen\/files\/2020\/08\/shutterstock_tankarinf\u00f6rhelgen-1536x1024.jpg 1536w, https:\/\/blogg.svenskakyrkan.se\/tankarinforhelgen\/files\/2020\/08\/shutterstock_tankarinf\u00f6rhelgen-1200x800.jpg 1200w, https:\/\/blogg.svenskakyrkan.se\/tankarinforhelgen\/files\/2020\/08\/shutterstock_tankarinf\u00f6rhelgen.jpg 1920w\" sizes=\"auto, (max-width: 1024px) 100vw, 1024px\" \/><\/figure>\n\n\n\n<p class=\"has-text-align-left\"><em>\u201dPloggning \u00e4r en motionsform d\u00e4r man kombinerar joggning med skr\u00e4pplockning.[\u2026] I tr\u00e4ningssyfte inneh\u00e5ller ploggning varierande kroppsr\u00f6relser, d\u00e5 det inneh\u00e5ller b\u00f6jande, s\u00e4tta sig p\u00e5 huk och str\u00e4ckande, samt huvudaktiviteten springa<\/em>\u201d. S\u00e5 st\u00e5r det p\u00e5 wikipedia om en f\u00e5r f\u00f6r sig att s\u00f6ka p\u00e5 ordet ploggning som \u00e4r en en sammanslagning av orden plocka och joggning.   <br>Jag \u00e4lskar att vara ute i naturen, vandra i fj\u00e4llen och springa i skogen, g\u00e4rna ofta och l\u00e4nge. Jag njuter av skogen som omfamnar mig, eller av fj\u00e4llens \u00f6ppna vyer som breder ut sig framf\u00f6r mig. D\u00e4r, mitt i Guds skapelse, har jag m\u00e5nga av mina samtal med Gud. N\u00e4r jag pratar om b\u00f6n med konfirmander brukar jag s\u00e4ga att det \u00e4r i kyrkan och p\u00e5 mina l\u00f6pturer i skogen som jag ber allra mest. Ja jag ska v\u00e4l inte sticka under stol med att jag ibland kan bli lite irriterad p\u00e5 myggen som g\u00e4rna tar sig en smakbit, eller att det kliar n\u00e5got otroligt n\u00e4r jag sprungit genom gr\u00e4set med bara ben. Men en tur ute i skogen och ett samtal med Gud i naturen ger mig alltid ny energi och en f\u00f6rdjupad samvaro med b\u00e5de Gud och skapelsen. <br>Jag t\u00e4nker att det \u00e4r viktigt att v\u00e4rna om mig sj\u00e4lv och det hj\u00e4lper skapelsen till med. Det finns forskning som visar att vi m\u00e5r b\u00e4ttre om vi f\u00e5r r\u00f6ra p\u00e5 oss och spendera tid i naturen. Men vi m\u00e5ste ocks\u00e5 v\u00e4rna om varandra och skapelsen, vi beh\u00f6ver mycket av naturen f\u00f6r v\u00e5r existens. Gud har inte bara gett oss ett ansvar att v\u00e4rna om naturen utan vi \u00e4r ocks\u00e5 helt beroende av den, av dess vatten exempelvis. D\u00e4rf\u00f6r t\u00e4nker jag ofta p\u00e5 en vers ur Sven Hillerts s\u00e5ng S\u00e5 l\u00e4nge som du lever som vi ofta sj\u00f6ng under mina ton\u00e5r. Versen lyder: <br><em> \u201dDu fick ett liv att leva. Du lever nu. <br> Du fick en v\u00e4rld att v\u00e5rda. Den v\u00e4rnar du.<br> Du fick en jord att \u00e4lska och ge ditt liv,<br> och s\u00e5 l\u00e4nge som du lever f\u00f6ds det liv av till liv.\u201d<\/em><br>Jag funderar ofta p\u00e5 vad jag kan g\u00f6ra f\u00f6r att v\u00e4rna v\u00e4rlden jag f\u00e5tt att v\u00e5rda och hur jag kan ge mitt liv f\u00f6r jorden som jag \u00e4lskar. F\u00f6r vi vet ju att vi beh\u00f6ver v\u00e4rna den, att vi kanske till och med beh\u00f6ver offra saker i v\u00e5rt liv f\u00f6r att skapelsen ska m\u00e5 b\u00e4ttre. Jag f\u00f6rs\u00f6ker g\u00f6ra m\u00e5nga sm\u00e5 saker som att t\u00e4nka p\u00e5 vad jag \u00e4ter, konsumera mindre och \u00e5teranv\u00e4nda p\u00e5sar. B\u00f6rja i det lilla. <br>Och n\u00e4sta g\u00e5ng jag ger mig ut f\u00f6r att motionera f\u00f6r att v\u00e4rna om mig sj\u00e4lv och f\u00f6r att samtala med Gud, d\u00e5 ska jag nog ta med mig en sopp\u00e5se ocks\u00e5. S\u00e5 att jag kan \u00e4gna mig lite \u00e5t motionsformen ploggning och plocka upp det skr\u00e4p jag hittar. F\u00f6r att v\u00e4rna om Guds skapelse som ger mig s\u00e5 mycket. P\u00e5 s\u00e5 s\u00e4tt kan jag ge lite, lite tillbaka genom att plocka upp det skr\u00e4p som hamnat p\u00e5 fel st\u00e4lle.<br><\/p>\n","protected":false},"excerpt":{"rendered":"<p>\u201dPloggning \u00e4r en motionsform d\u00e4r man kombinerar joggning med skr\u00e4pplockning.[\u2026] I tr\u00e4ningssyfte inneh\u00e5ller ploggning varierande kroppsr\u00f6relser, d\u00e5 det inneh\u00e5ller b\u00f6jande, s\u00e4tta sig p\u00e5 huk och str\u00e4ckande, samt huvudaktiviteten springa\u201d. S\u00e5 st\u00e5r det p\u00e5 wikipedia om en f\u00e5r f\u00f6r sig att s\u00f6ka p\u00e5 ordet ploggning som \u00e4r en en sammanslagning av orden plocka och joggning. Jag [&hellip;]<\/p>\n","protected":false},"author":607,"featured_media":2138,"comment_status":"open","ping_status":"open","sticky":false,"template":"","format":"standard","meta":{"_acf_changed":false,"footnotes":""},"categories":[132857],"tags":[142461,142457],"class_list":["post-2135","post","type-post","status-publish","format-standard","has-post-thumbnail","hentry","category-9e-sondagen-efter-trefaldighet","tag-josefine-jehrlander","tag-tankarinforhelgen"],"acf":[],"yoast_head":"<!-- This site is optimized with the Yoast SEO plugin v27.1.1 - https:\/\/yoast.com\/product\/yoast-seo-wordpress\/ -->\n<title>Goda f\u00f6rvaltare - Tankar inf\u00f6r helgen<\/title>\n<meta name=\"robots\" content=\"index, follow, max-snippet:-1, max-image-preview:large, max-video-preview:-1\" \/>\n<link rel=\"canonical\" href=\"https:\/\/blogg.svenskakyrkan.se\/tankarinforhelgen\/2020\/08\/05\/goda-forvaltare\/\" \/>\n<meta property=\"og:locale\" content=\"sv_SE\" \/>\n<meta property=\"og:type\" content=\"article\" \/>\n<meta property=\"og:title\" content=\"Goda f\u00f6rvaltare - Tankar inf\u00f6r helgen\" \/>\n<meta property=\"og:description\" content=\"\u201dPloggning \u00e4r en motionsform d\u00e4r man kombinerar joggning med skr\u00e4pplockning.[\u2026] I tr\u00e4ningssyfte inneh\u00e5ller ploggning varierande kroppsr\u00f6relser, d\u00e5 det inneh\u00e5ller b\u00f6jande, s\u00e4tta sig p\u00e5 huk och str\u00e4ckande, samt huvudaktiviteten springa\u201d. S\u00e5 st\u00e5r det p\u00e5 wikipedia om en f\u00e5r f\u00f6r sig att s\u00f6ka p\u00e5 ordet ploggning som \u00e4r en en sammanslagning av orden plocka och joggning. Jag [&hellip;]\" \/>\n<meta property=\"og:url\" content=\"https:\/\/blogg.svenskakyrkan.se\/tankarinforhelgen\/2020\/08\/05\/goda-forvaltare\/\" \/>\n<meta property=\"og:site_name\" content=\"Tankar inf\u00f6r helgen\" \/>\n<meta property=\"article:published_time\" content=\"2020-08-05T10:05:39+00:00\" \/>\n<meta property=\"article:modified_time\" content=\"2024-07-05T14:40:59+00:00\" \/>\n<meta property=\"og:image\" content=\"http:\/\/blogg.svenskakyrkan.se\/tankarinforhelgen\/files\/2020\/08\/shutterstock_tankarinf\u00f6rhelgen.jpg\" \/>\n\t<meta property=\"og:image:width\" content=\"1920\" \/>\n\t<meta property=\"og:image:height\" content=\"1280\" \/>\n\t<meta property=\"og:image:type\" content=\"image\/jpeg\" \/>\n<meta name=\"author\" content=\"Josefine Jehrlander, pr\u00e4st\" \/>\n<meta name=\"twitter:card\" content=\"summary_large_image\" \/>\n<meta name=\"twitter:label1\" content=\"Skriven av\" \/>\n\t<meta name=\"twitter:data1\" content=\"Josefine Jehrlander, pr\u00e4st\" \/>\n\t<meta name=\"twitter:label2\" content=\"Ber\u00e4knad l\u00e4stid\" \/>\n\t<meta name=\"twitter:data2\" content=\"3 minuter\" \/>\n<script type=\"application\/ld+json\" class=\"yoast-schema-graph\">{\"@context\":\"https:\/\/schema.org\",\"@graph\":[{\"@type\":\"Article\",\"@id\":\"https:\/\/blogg.svenskakyrkan.se\/tankarinforhelgen\/2020\/08\/05\/goda-forvaltare\/#article\",\"isPartOf\":{\"@id\":\"https:\/\/blogg.svenskakyrkan.se\/tankarinforhelgen\/2020\/08\/05\/goda-forvaltare\/\"},\"author\":{\"name\":\"Josefine Jehrlander, pr\u00e4st\",\"@id\":\"https:\/\/blogg.svenskakyrkan.se\/tankarinforhelgen\/#\/schema\/person\/c36874f848a4f6a14b804d1949a7df2f\"},\"headline\":\"Goda f\u00f6rvaltare\",\"datePublished\":\"2020-08-05T10:05:39+00:00\",\"dateModified\":\"2024-07-05T14:40:59+00:00\",\"mainEntityOfPage\":{\"@id\":\"https:\/\/blogg.svenskakyrkan.se\/tankarinforhelgen\/2020\/08\/05\/goda-forvaltare\/\"},\"wordCount\":590,\"commentCount\":1,\"image\":{\"@id\":\"https:\/\/blogg.svenskakyrkan.se\/tankarinforhelgen\/2020\/08\/05\/goda-forvaltare\/#primaryimage\"},\"thumbnailUrl\":\"https:\/\/blogg.svenskakyrkan.se\/tankarinforhelgen\/files\/2020\/08\/shutterstock_tankarinf\u00f6rhelgen.jpg\",\"keywords\":[\"Josefine Jehrlander\",\"TANKARINFORHELGEN\"],\"articleSection\":[\"9:e s\u00f6ndagen efter trefaldighet\"],\"inLanguage\":\"sv-SE\",\"potentialAction\":[{\"@type\":\"CommentAction\",\"name\":\"Comment\",\"target\":[\"https:\/\/blogg.svenskakyrkan.se\/tankarinforhelgen\/2020\/08\/05\/goda-forvaltare\/#respond\"]}]},{\"@type\":\"WebPage\",\"@id\":\"https:\/\/blogg.svenskakyrkan.se\/tankarinforhelgen\/2020\/08\/05\/goda-forvaltare\/\",\"url\":\"https:\/\/blogg.svenskakyrkan.se\/tankarinforhelgen\/2020\/08\/05\/goda-forvaltare\/\",\"name\":\"Goda f\u00f6rvaltare - Tankar inf\u00f6r helgen\",\"isPartOf\":{\"@id\":\"https:\/\/blogg.svenskakyrkan.se\/tankarinforhelgen\/#website\"},\"primaryImageOfPage\":{\"@id\":\"https:\/\/blogg.svenskakyrkan.se\/tankarinforhelgen\/2020\/08\/05\/goda-forvaltare\/#primaryimage\"},\"image\":{\"@id\":\"https:\/\/blogg.svenskakyrkan.se\/tankarinforhelgen\/2020\/08\/05\/goda-forvaltare\/#primaryimage\"},\"thumbnailUrl\":\"https:\/\/blogg.svenskakyrkan.se\/tankarinforhelgen\/files\/2020\/08\/shutterstock_tankarinf\u00f6rhelgen.jpg\",\"datePublished\":\"2020-08-05T10:05:39+00:00\",\"dateModified\":\"2024-07-05T14:40:59+00:00\",\"author\":{\"@id\":\"https:\/\/blogg.svenskakyrkan.se\/tankarinforhelgen\/#\/schema\/person\/c36874f848a4f6a14b804d1949a7df2f\"},\"breadcrumb\":{\"@id\":\"https:\/\/blogg.svenskakyrkan.se\/tankarinforhelgen\/2020\/08\/05\/goda-forvaltare\/#breadcrumb\"},\"inLanguage\":\"sv-SE\",\"potentialAction\":[{\"@type\":\"ReadAction\",\"target\":[\"https:\/\/blogg.svenskakyrkan.se\/tankarinforhelgen\/2020\/08\/05\/goda-forvaltare\/\"]}]},{\"@type\":\"ImageObject\",\"inLanguage\":\"sv-SE\",\"@id\":\"https:\/\/blogg.svenskakyrkan.se\/tankarinforhelgen\/2020\/08\/05\/goda-forvaltare\/#primaryimage\",\"url\":\"https:\/\/blogg.svenskakyrkan.se\/tankarinforhelgen\/files\/2020\/08\/shutterstock_tankarinf\u00f6rhelgen.jpg\",\"contentUrl\":\"https:\/\/blogg.svenskakyrkan.se\/tankarinforhelgen\/files\/2020\/08\/shutterstock_tankarinf\u00f6rhelgen.jpg\",\"width\":1920,\"height\":1280},{\"@type\":\"BreadcrumbList\",\"@id\":\"https:\/\/blogg.svenskakyrkan.se\/tankarinforhelgen\/2020\/08\/05\/goda-forvaltare\/#breadcrumb\",\"itemListElement\":[{\"@type\":\"ListItem\",\"position\":1,\"name\":\"Hem\",\"item\":\"https:\/\/blogg.svenskakyrkan.se\/tankarinforhelgen\/\"},{\"@type\":\"ListItem\",\"position\":2,\"name\":\"Goda f\u00f6rvaltare\"}]},{\"@type\":\"WebSite\",\"@id\":\"https:\/\/blogg.svenskakyrkan.se\/tankarinforhelgen\/#website\",\"url\":\"https:\/\/blogg.svenskakyrkan.se\/tankarinforhelgen\/\",\"name\":\"Tankar inf\u00f6r helgen\",\"description\":\"Pr\u00e4ster funderar utifr\u00e5n kommande s\u00f6ndags texter\",\"potentialAction\":[{\"@type\":\"SearchAction\",\"target\":{\"@type\":\"EntryPoint\",\"urlTemplate\":\"https:\/\/blogg.svenskakyrkan.se\/tankarinforhelgen\/?s={search_term_string}\"},\"query-input\":{\"@type\":\"PropertyValueSpecification\",\"valueRequired\":true,\"valueName\":\"search_term_string\"}}],\"inLanguage\":\"sv-SE\"},{\"@type\":\"Person\",\"@id\":\"https:\/\/blogg.svenskakyrkan.se\/tankarinforhelgen\/#\/schema\/person\/c36874f848a4f6a14b804d1949a7df2f\",\"name\":\"Josefine Jehrlander, pr\u00e4st\",\"image\":{\"@type\":\"ImageObject\",\"inLanguage\":\"sv-SE\",\"@id\":\"https:\/\/blogg.svenskakyrkan.se\/tankarinforhelgen\/#\/schema\/person\/image\/\",\"url\":\"https:\/\/secure.gravatar.com\/avatar\/df313e69d5320e02f0f6a886bdf67a99a945b04cfbfbb08da965ee285eb8f1f4?s=96&d=mm&r=g\",\"contentUrl\":\"https:\/\/secure.gravatar.com\/avatar\/df313e69d5320e02f0f6a886bdf67a99a945b04cfbfbb08da965ee285eb8f1f4?s=96&d=mm&r=g\",\"caption\":\"Josefine Jehrlander, pr\u00e4st\"},\"url\":\"https:\/\/blogg.svenskakyrkan.se\/tankarinforhelgen\/author\/josefinefranzen\/\"}]}<\/script>\n<!-- \/ Yoast SEO plugin. -->","yoast_head_json":{"title":"Goda f\u00f6rvaltare - Tankar inf\u00f6r helgen","robots":{"index":"index","follow":"follow","max-snippet":"max-snippet:-1","max-image-preview":"max-image-preview:large","max-video-preview":"max-video-preview:-1"},"canonical":"https:\/\/blogg.svenskakyrkan.se\/tankarinforhelgen\/2020\/08\/05\/goda-forvaltare\/","og_locale":"sv_SE","og_type":"article","og_title":"Goda f\u00f6rvaltare - Tankar inf\u00f6r helgen","og_description":"\u201dPloggning \u00e4r en motionsform d\u00e4r man kombinerar joggning med skr\u00e4pplockning.[\u2026] I tr\u00e4ningssyfte inneh\u00e5ller ploggning varierande kroppsr\u00f6relser, d\u00e5 det inneh\u00e5ller b\u00f6jande, s\u00e4tta sig p\u00e5 huk och str\u00e4ckande, samt huvudaktiviteten springa\u201d. S\u00e5 st\u00e5r det p\u00e5 wikipedia om en f\u00e5r f\u00f6r sig att s\u00f6ka p\u00e5 ordet ploggning som \u00e4r en en sammanslagning av orden plocka och joggning. Jag [&hellip;]","og_url":"https:\/\/blogg.svenskakyrkan.se\/tankarinforhelgen\/2020\/08\/05\/goda-forvaltare\/","og_site_name":"Tankar inf\u00f6r helgen","article_published_time":"2020-08-05T10:05:39+00:00","article_modified_time":"2024-07-05T14:40:59+00:00","og_image":[{"width":1920,"height":1280,"url":"http:\/\/blogg.svenskakyrkan.se\/tankarinforhelgen\/files\/2020\/08\/shutterstock_tankarinf\u00f6rhelgen.jpg","type":"image\/jpeg"}],"author":"Josefine Jehrlander, pr\u00e4st","twitter_card":"summary_large_image","twitter_misc":{"Skriven av":"Josefine Jehrlander, pr\u00e4st","Ber\u00e4knad l\u00e4stid":"3 minuter"},"schema":{"@context":"https:\/\/schema.org","@graph":[{"@type":"Article","@id":"https:\/\/blogg.svenskakyrkan.se\/tankarinforhelgen\/2020\/08\/05\/goda-forvaltare\/#article","isPartOf":{"@id":"https:\/\/blogg.svenskakyrkan.se\/tankarinforhelgen\/2020\/08\/05\/goda-forvaltare\/"},"author":{"name":"Josefine Jehrlander, pr\u00e4st","@id":"https:\/\/blogg.svenskakyrkan.se\/tankarinforhelgen\/#\/schema\/person\/c36874f848a4f6a14b804d1949a7df2f"},"headline":"Goda f\u00f6rvaltare","datePublished":"2020-08-05T10:05:39+00:00","dateModified":"2024-07-05T14:40:59+00:00","mainEntityOfPage":{"@id":"https:\/\/blogg.svenskakyrkan.se\/tankarinforhelgen\/2020\/08\/05\/goda-forvaltare\/"},"wordCount":590,"commentCount":1,"image":{"@id":"https:\/\/blogg.svenskakyrkan.se\/tankarinforhelgen\/2020\/08\/05\/goda-forvaltare\/#primaryimage"},"thumbnailUrl":"https:\/\/blogg.svenskakyrkan.se\/tankarinforhelgen\/files\/2020\/08\/shutterstock_tankarinf\u00f6rhelgen.jpg","keywords":["Josefine Jehrlander","TANKARINFORHELGEN"],"articleSection":["9:e s\u00f6ndagen efter trefaldighet"],"inLanguage":"sv-SE","potentialAction":[{"@type":"CommentAction","name":"Comment","target":["https:\/\/blogg.svenskakyrkan.se\/tankarinforhelgen\/2020\/08\/05\/goda-forvaltare\/#respond"]}]},{"@type":"WebPage","@id":"https:\/\/blogg.svenskakyrkan.se\/tankarinforhelgen\/2020\/08\/05\/goda-forvaltare\/","url":"https:\/\/blogg.svenskakyrkan.se\/tankarinforhelgen\/2020\/08\/05\/goda-forvaltare\/","name":"Goda f\u00f6rvaltare - Tankar inf\u00f6r helgen","isPartOf":{"@id":"https:\/\/blogg.svenskakyrkan.se\/tankarinforhelgen\/#website"},"primaryImageOfPage":{"@id":"https:\/\/blogg.svenskakyrkan.se\/tankarinforhelgen\/2020\/08\/05\/goda-forvaltare\/#primaryimage"},"image":{"@id":"https:\/\/blogg.svenskakyrkan.se\/tankarinforhelgen\/2020\/08\/05\/goda-forvaltare\/#primaryimage"},"thumbnailUrl":"https:\/\/blogg.svenskakyrkan.se\/tankarinforhelgen\/files\/2020\/08\/shutterstock_tankarinf\u00f6rhelgen.jpg","datePublished":"2020-08-05T10:05:39+00:00","dateModified":"2024-07-05T14:40:59+00:00","author":{"@id":"https:\/\/blogg.svenskakyrkan.se\/tankarinforhelgen\/#\/schema\/person\/c36874f848a4f6a14b804d1949a7df2f"},"breadcrumb":{"@id":"https:\/\/blogg.svenskakyrkan.se\/tankarinforhelgen\/2020\/08\/05\/goda-forvaltare\/#breadcrumb"},"inLanguage":"sv-SE","potentialAction":[{"@type":"ReadAction","target":["https:\/\/blogg.svenskakyrkan.se\/tankarinforhelgen\/2020\/08\/05\/goda-forvaltare\/"]}]},{"@type":"ImageObject","inLanguage":"sv-SE","@id":"https:\/\/blogg.svenskakyrkan.se\/tankarinforhelgen\/2020\/08\/05\/goda-forvaltare\/#primaryimage","url":"https:\/\/blogg.svenskakyrkan.se\/tankarinforhelgen\/files\/2020\/08\/shutterstock_tankarinf\u00f6rhelgen.jpg","contentUrl":"https:\/\/blogg.svenskakyrkan.se\/tankarinforhelgen\/files\/2020\/08\/shutterstock_tankarinf\u00f6rhelgen.jpg","width":1920,"height":1280},{"@type":"BreadcrumbList","@id":"https:\/\/blogg.svenskakyrkan.se\/tankarinforhelgen\/2020\/08\/05\/goda-forvaltare\/#breadcrumb","itemListElement":[{"@type":"ListItem","position":1,"name":"Hem","item":"https:\/\/blogg.svenskakyrkan.se\/tankarinforhelgen\/"},{"@type":"ListItem","position":2,"name":"Goda f\u00f6rvaltare"}]},{"@type":"WebSite","@id":"https:\/\/blogg.svenskakyrkan.se\/tankarinforhelgen\/#website","url":"https:\/\/blogg.svenskakyrkan.se\/tankarinforhelgen\/","name":"Tankar inf\u00f6r helgen","description":"Pr\u00e4ster funderar utifr\u00e5n kommande s\u00f6ndags texter","potentialAction":[{"@type":"SearchAction","target":{"@type":"EntryPoint","urlTemplate":"https:\/\/blogg.svenskakyrkan.se\/tankarinforhelgen\/?s={search_term_string}"},"query-input":{"@type":"PropertyValueSpecification","valueRequired":true,"valueName":"search_term_string"}}],"inLanguage":"sv-SE"},{"@type":"Person","@id":"https:\/\/blogg.svenskakyrkan.se\/tankarinforhelgen\/#\/schema\/person\/c36874f848a4f6a14b804d1949a7df2f","name":"Josefine Jehrlander, pr\u00e4st","image":{"@type":"ImageObject","inLanguage":"sv-SE","@id":"https:\/\/blogg.svenskakyrkan.se\/tankarinforhelgen\/#\/schema\/person\/image\/","url":"https:\/\/secure.gravatar.com\/avatar\/df313e69d5320e02f0f6a886bdf67a99a945b04cfbfbb08da965ee285eb8f1f4?s=96&d=mm&r=g","contentUrl":"https:\/\/secure.gravatar.com\/avatar\/df313e69d5320e02f0f6a886bdf67a99a945b04cfbfbb08da965ee285eb8f1f4?s=96&d=mm&r=g","caption":"Josefine Jehrlander, pr\u00e4st"},"url":"https:\/\/blogg.svenskakyrkan.se\/tankarinforhelgen\/author\/josefinefranzen\/"}]}},"author_meta":{"ID":"607","user_nicename":"josefinefranzen","user_registered":"2017-01-25 14:48:02","display_name":"Josefine Jehrlander, pr\u00e4st","first_name":"Josefine","last_name":"Jehrlander, pr\u00e4st","avatar":"https:\/\/secure.gravatar.com\/avatar\/df313e69d5320e02f0f6a886bdf67a99a945b04cfbfbb08da965ee285eb8f1f4?s=96&d=mm&r=g"},"featured_image":["https:\/\/blogg.svenskakyrkan.se\/tankarinforhelgen\/files\/2020\/08\/shutterstock_tankarinf\u00f6rhelgen-1024x683.jpg",1024,683,true],"bloginfo":{"name":"Tankar inf\u00f6r helgen","url":"https:\/\/blogg.svenskakyrkan.se\/tankarinforhelgen"},"_links":{"self":[{"href":"https:\/\/blogg.svenskakyrkan.se\/tankarinforhelgen\/wp-json\/wp\/v2\/posts\/2135","targetHints":{"allow":["GET"]}}],"collection":[{"href":"https:\/\/blogg.svenskakyrkan.se\/tankarinforhelgen\/wp-json\/wp\/v2\/posts"}],"about":[{"href":"https:\/\/blogg.svenskakyrkan.se\/tankarinforhelgen\/wp-json\/wp\/v2\/types\/post"}],"author":[{"embeddable":true,"href":"https:\/\/blogg.svenskakyrkan.se\/tankarinforhelgen\/wp-json\/wp\/v2\/users\/607"}],"replies":[{"embeddable":true,"href":"https:\/\/blogg.svenskakyrkan.se\/tankarinforhelgen\/wp-json\/wp\/v2\/comments?post=2135"}],"version-history":[{"count":2,"href":"https:\/\/blogg.svenskakyrkan.se\/tankarinforhelgen\/wp-json\/wp\/v2\/posts\/2135\/revisions"}],"predecessor-version":[{"id":2139,"href":"https:\/\/blogg.svenskakyrkan.se\/tankarinforhelgen\/wp-json\/wp\/v2\/posts\/2135\/revisions\/2139"}],"wp:featuredmedia":[{"embeddable":true,"href":"https:\/\/blogg.svenskakyrkan.se\/tankarinforhelgen\/wp-json\/wp\/v2\/media\/2138"}],"wp:attachment":[{"href":"https:\/\/blogg.svenskakyrkan.se\/tankarinforhelgen\/wp-json\/wp\/v2\/media?parent=2135"}],"wp:term":[{"taxonomy":"category","embeddable":true,"href":"https:\/\/blogg.svenskakyrkan.se\/tankarinforhelgen\/wp-json\/wp\/v2\/categories?post=2135"},{"taxonomy":"post_tag","embeddable":true,"href":"https:\/\/blogg.svenskakyrkan.se\/tankarinforhelgen\/wp-json\/wp\/v2\/tags?post=2135"}],"curies":[{"name":"wp","href":"https:\/\/api.w.org\/{rel}","templated":true}]}}