{"id":2137,"date":"2020-08-12T10:33:34","date_gmt":"2020-08-12T08:33:34","guid":{"rendered":"http:\/\/blogg.svenskakyrkan.se\/tankarinforhelgen\/?p=2137"},"modified":"2020-08-12T11:40:31","modified_gmt":"2020-08-12T09:40:31","slug":"alltsa-pappa-dina-skamt-ar-jatteroliga-speciellt-nar-skamten-ar-daliga","status":"publish","type":"post","link":"https:\/\/blogg.svenskakyrkan.se\/tankarinforhelgen\/2020\/08\/12\/alltsa-pappa-dina-skamt-ar-jatteroliga-speciellt-nar-skamten-ar-daliga\/","title":{"rendered":"Allts\u00e5 pappa, dina sk\u00e4mt \u00e4r j\u00e4tteroliga! Speciellt n\u00e4r sk\u00e4mten \u00e4r d\u00e5liga!"},"content":{"rendered":"\n<figure class=\"wp-block-image size-large\"><img loading=\"lazy\" decoding=\"async\" width=\"1024\" height=\"683\" src=\"https:\/\/blogg.svenskakyrkan.se\/tankarinforhelgen\/files\/2020\/08\/200814shutterstock_tankarinf\u00f6rhelgen-1024x683.jpg\" alt=\"\" class=\"wp-image-2142\" srcset=\"https:\/\/blogg.svenskakyrkan.se\/tankarinforhelgen\/files\/2020\/08\/200814shutterstock_tankarinf\u00f6rhelgen-1024x683.jpg 1024w, https:\/\/blogg.svenskakyrkan.se\/tankarinforhelgen\/files\/2020\/08\/200814shutterstock_tankarinf\u00f6rhelgen-300x200.jpg 300w, https:\/\/blogg.svenskakyrkan.se\/tankarinforhelgen\/files\/2020\/08\/200814shutterstock_tankarinf\u00f6rhelgen-768x512.jpg 768w, https:\/\/blogg.svenskakyrkan.se\/tankarinforhelgen\/files\/2020\/08\/200814shutterstock_tankarinf\u00f6rhelgen-1536x1024.jpg 1536w, https:\/\/blogg.svenskakyrkan.se\/tankarinforhelgen\/files\/2020\/08\/200814shutterstock_tankarinf\u00f6rhelgen-1200x800.jpg 1200w, https:\/\/blogg.svenskakyrkan.se\/tankarinforhelgen\/files\/2020\/08\/200814shutterstock_tankarinf\u00f6rhelgen.jpg 1920w\" sizes=\"auto, (max-width: 1024px) 100vw, 1024px\" \/><\/figure>\n\n\n\n<p>Vi sitter vid matbordet med familjen. Barnen sk\u00e4mtar som vanligt ikapp mellan tuggorna. Jag flikar in ett sk\u00e4mt som f\u00e5r dem att skratta h\u00f6gt, varp\u00e5 v\u00e5rt \u00e4ldsta barn svarar: allts\u00e5 pappa, dina sk\u00e4mt \u00e4r j\u00e4tteroliga! Speciellt n\u00e4r sk\u00e4mten \u00e4r d\u00e5liga!<br> <br>Jag blir f\u00f6r ovanlighetens skull helt st\u00e4lld. Min fru tittar p\u00e5 mig utan en enda min i ansiktet, men jag ser hur hennes \u00f6gon skrattar. V\u00e5rt yngsta barn \u00e4r inte l\u00e5ngt efter sitt storasyskon med orden: ja, n\u00e4r pappa sk\u00e4mtar \u00e4r det alltid d\u00e5ligt! Det blir tyst en sekund vid matbordet.<br> <br>Gode Gud, t\u00e4nker jag, har jag blivit den som drar pappask\u00e4mt och d\u00e5liga ordvitsar f\u00f6r mina barn? En fullkomlig storm av tankar och k\u00e4nslor drar igenom mitt huvud. \u00c5ldersnoja och desperata funderingar om n\u00e4r jag b\u00f6rjade bli som min egen pappa. N\u00e4r h\u00e4nde det h\u00e4r egentligen? Mitt i tanken blir jag avbruten av min fru som ber\u00e4ttar f\u00f6r barnen att det kallas f\u00f6r \u201dpappask\u00e4mt\u201d. Barnen skrattar igen, och yngsta barnet v\u00e4nder sig till mig och s\u00e4ger: pappa, du \u00e4r verkligen b\u00e4st n\u00e4r du sk\u00e4mtar!<br> <br><em>Vi pausar ber\u00e4ttelsen en sekund.<br><\/em> <br>B\u00e4st eller s\u00e4mst, vem som liknar vem, st\u00f6rst eller minst. Det s\u00e4gs att l\u00e4rjungarna ofta br\u00e5kade om vem som var st\u00f6rst och f\u00f6rst bland dem. Den rollkampen \u00e4r n\u00e5got som de allra flesta av oss har erfarenhet av. Syskon som t\u00e4vlar, hierarkier p\u00e5 arbetsplatser och i skolklasser, roller som f\u00f6r\u00e4ndras. Det sp\u00e4nnande \u00e4r hur Jesus lyckas v\u00e4nda saker upp och ned n\u00e4r han talar om vem Gud \u00e4r och f\u00e5r det lilla, svaga och till och med f\u00f6raktade att bli viktigt. <br> <br>Jesus talade ofta om Gud som sin pappa snarare \u00e4n som en kung eller h\u00e4rskare. Ist\u00e4llet f\u00f6r att ge sig in i diskussionen om vem som \u00e4r si eller s\u00e5, tar Jesus ett barn som exempel p\u00e5 att vad det inneb\u00e4r att ta emot fr\u00e5n sin pappa. V\u00e5r storlek, viktighet och roll handlar f\u00f6rst och fr\u00e4mst inte om vem vi \u00e4r i j\u00e4mf\u00f6relse med andra, utan om vem Gud \u00e4r i relation till oss: en k\u00e4rleksfull f\u00f6r\u00e4lder. N\u00e5gon vi h\u00f6r ihop med, liknar och kan lita till. N\u00e5gon som definierar oss djupare \u00e4n vi n\u00e5gonsin kan g\u00f6ra i j\u00e4mf\u00f6relse med andra. <br> <br>Vid matbordet v\u00e4nder jag mig till mina skrattande barn och skrattar jag ocks\u00e5. F\u00f6r mina barns skratt och uppskattning n\u00e4r jag sk\u00e4mtar har ju faktiskt ingenting att g\u00f6ra med min \u00e5ldersnoja eller har-jag-blivit-som-min-pappa-komplex. Mina barn skrattar f\u00f6r att vi liknar och f\u00f6rst\u00e5r varandra, stor som liten. Och jag skrattar, f\u00f6r att ingen kan dra s\u00e5dana pappask\u00e4mt som min egen pappa, och jag \u00e4r honom lik. Liksom vi alla f\u00e5r vara lika den som skapar oss, \u00e4lskar oss och vill oss v\u00e4l. Guds avbild \u00e4r vi, och i det perspektivet \u00e4r vi som \u00e4r sm\u00e5, av Guds n\u00e5d, alltid st\u00f6rst.<br> <br><strong>En b\u00f6n:<\/strong><br>Gud, v\u00e5r pappa,<br>Tack f\u00f6r att vi, dina barn, inte beh\u00f6ver j\u00e4mf\u00f6ra oss med varandra.<br>Du \u00e4lskar oss som vi \u00e4r. Inte f\u00f6r n\u00e5got vi gjort eller f\u00f6rtj\u00e4nat, utan f\u00f6r att du \u00e4r god.<br>Hj\u00e4lp oss att likna dig,<br>inte i storhet men i n\u00e4rhet,<br>inte i styrka, men i k\u00e4rlek,<br>inte i makt, men i n\u00e5d.<br>Amen.<br> <br><em>\/Pr\u00e4sten Andreas<br><\/em><\/p>\n","protected":false},"excerpt":{"rendered":"<p>Vi sitter vid matbordet med familjen. Barnen sk\u00e4mtar som vanligt ikapp mellan tuggorna. Jag flikar in ett sk\u00e4mt som f\u00e5r dem att skratta h\u00f6gt, varp\u00e5 v\u00e5rt \u00e4ldsta barn svarar: allts\u00e5 pappa, dina sk\u00e4mt \u00e4r j\u00e4tteroliga! Speciellt n\u00e4r sk\u00e4mten \u00e4r d\u00e5liga! Jag blir f\u00f6r ovanlighetens skull helt st\u00e4lld. Min fru tittar p\u00e5 mig utan en enda [&hellip;]<\/p>\n","protected":false},"author":719,"featured_media":2142,"comment_status":"open","ping_status":"open","sticky":false,"template":"","format":"standard","meta":{"_acf_changed":false,"footnotes":""},"categories":[132733],"tags":[159854,159870],"class_list":["post-2137","post","type-post","status-publish","format-standard","has-post-thumbnail","hentry","category-10e-sondagen-efter-trefaldighet","tag-andreas-sundstrom","tag-tankarinforhelgen-2"],"acf":[],"yoast_head":"<!-- This site is optimized with the Yoast SEO plugin v27.1.1 - https:\/\/yoast.com\/product\/yoast-seo-wordpress\/ -->\n<title>Allts\u00e5 pappa, dina sk\u00e4mt \u00e4r j\u00e4tteroliga! Speciellt n\u00e4r sk\u00e4mten \u00e4r d\u00e5liga! - Tankar inf\u00f6r helgen<\/title>\n<meta name=\"robots\" content=\"index, follow, max-snippet:-1, max-image-preview:large, max-video-preview:-1\" \/>\n<link rel=\"canonical\" href=\"https:\/\/blogg.svenskakyrkan.se\/tankarinforhelgen\/2020\/08\/12\/alltsa-pappa-dina-skamt-ar-jatteroliga-speciellt-nar-skamten-ar-daliga\/\" \/>\n<meta property=\"og:locale\" content=\"sv_SE\" \/>\n<meta property=\"og:type\" content=\"article\" \/>\n<meta property=\"og:title\" content=\"Allts\u00e5 pappa, dina sk\u00e4mt \u00e4r j\u00e4tteroliga! Speciellt n\u00e4r sk\u00e4mten \u00e4r d\u00e5liga! - Tankar inf\u00f6r helgen\" \/>\n<meta property=\"og:description\" content=\"Vi sitter vid matbordet med familjen. Barnen sk\u00e4mtar som vanligt ikapp mellan tuggorna. Jag flikar in ett sk\u00e4mt som f\u00e5r dem att skratta h\u00f6gt, varp\u00e5 v\u00e5rt \u00e4ldsta barn svarar: allts\u00e5 pappa, dina sk\u00e4mt \u00e4r j\u00e4tteroliga! Speciellt n\u00e4r sk\u00e4mten \u00e4r d\u00e5liga! Jag blir f\u00f6r ovanlighetens skull helt st\u00e4lld. Min fru tittar p\u00e5 mig utan en enda [&hellip;]\" \/>\n<meta property=\"og:url\" content=\"https:\/\/blogg.svenskakyrkan.se\/tankarinforhelgen\/2020\/08\/12\/alltsa-pappa-dina-skamt-ar-jatteroliga-speciellt-nar-skamten-ar-daliga\/\" \/>\n<meta property=\"og:site_name\" content=\"Tankar inf\u00f6r helgen\" \/>\n<meta property=\"article:published_time\" content=\"2020-08-12T08:33:34+00:00\" \/>\n<meta property=\"article:modified_time\" content=\"2020-08-12T09:40:31+00:00\" \/>\n<meta property=\"og:image\" content=\"https:\/\/blogg.svenskakyrkan.se\/tankarinforhelgen\/files\/2020\/08\/200814shutterstock_tankarinf\u00f6rhelgen.jpg\" \/>\n\t<meta property=\"og:image:width\" content=\"1920\" \/>\n\t<meta property=\"og:image:height\" content=\"1280\" \/>\n\t<meta property=\"og:image:type\" content=\"image\/jpeg\" \/>\n<meta name=\"author\" content=\"Andreas Sundstr\u00f6m, pr\u00e4st\" \/>\n<meta name=\"twitter:card\" content=\"summary_large_image\" \/>\n<meta name=\"twitter:label1\" content=\"Skriven av\" \/>\n\t<meta name=\"twitter:data1\" content=\"Andreas Sundstr\u00f6m, pr\u00e4st\" \/>\n\t<meta name=\"twitter:label2\" content=\"Ber\u00e4knad l\u00e4stid\" \/>\n\t<meta name=\"twitter:data2\" content=\"3 minuter\" \/>\n<script type=\"application\/ld+json\" class=\"yoast-schema-graph\">{\"@context\":\"https:\/\/schema.org\",\"@graph\":[{\"@type\":\"Article\",\"@id\":\"https:\/\/blogg.svenskakyrkan.se\/tankarinforhelgen\/2020\/08\/12\/alltsa-pappa-dina-skamt-ar-jatteroliga-speciellt-nar-skamten-ar-daliga\/#article\",\"isPartOf\":{\"@id\":\"https:\/\/blogg.svenskakyrkan.se\/tankarinforhelgen\/2020\/08\/12\/alltsa-pappa-dina-skamt-ar-jatteroliga-speciellt-nar-skamten-ar-daliga\/\"},\"author\":{\"name\":\"Andreas Sundstr\u00f6m, pr\u00e4st\",\"@id\":\"https:\/\/blogg.svenskakyrkan.se\/tankarinforhelgen\/#\/schema\/person\/9ebf33bd626a5ec1785dca07ea32e322\"},\"headline\":\"Allts\u00e5 pappa, dina sk\u00e4mt \u00e4r j\u00e4tteroliga! Speciellt n\u00e4r sk\u00e4mten \u00e4r d\u00e5liga!\",\"datePublished\":\"2020-08-12T08:33:34+00:00\",\"dateModified\":\"2020-08-12T09:40:31+00:00\",\"mainEntityOfPage\":{\"@id\":\"https:\/\/blogg.svenskakyrkan.se\/tankarinforhelgen\/2020\/08\/12\/alltsa-pappa-dina-skamt-ar-jatteroliga-speciellt-nar-skamten-ar-daliga\/\"},\"wordCount\":644,\"commentCount\":1,\"image\":{\"@id\":\"https:\/\/blogg.svenskakyrkan.se\/tankarinforhelgen\/2020\/08\/12\/alltsa-pappa-dina-skamt-ar-jatteroliga-speciellt-nar-skamten-ar-daliga\/#primaryimage\"},\"thumbnailUrl\":\"https:\/\/blogg.svenskakyrkan.se\/tankarinforhelgen\/files\/2020\/08\/200814shutterstock_tankarinf\u00f6rhelgen.jpg\",\"keywords\":[\"Andreas Sundstr\u00f6m\",\"TANKARINF\u00d6RHELGEN\"],\"articleSection\":[\"10:e s\u00f6ndagen efter trefaldighet\"],\"inLanguage\":\"sv-SE\",\"potentialAction\":[{\"@type\":\"CommentAction\",\"name\":\"Comment\",\"target\":[\"https:\/\/blogg.svenskakyrkan.se\/tankarinforhelgen\/2020\/08\/12\/alltsa-pappa-dina-skamt-ar-jatteroliga-speciellt-nar-skamten-ar-daliga\/#respond\"]}]},{\"@type\":\"WebPage\",\"@id\":\"https:\/\/blogg.svenskakyrkan.se\/tankarinforhelgen\/2020\/08\/12\/alltsa-pappa-dina-skamt-ar-jatteroliga-speciellt-nar-skamten-ar-daliga\/\",\"url\":\"https:\/\/blogg.svenskakyrkan.se\/tankarinforhelgen\/2020\/08\/12\/alltsa-pappa-dina-skamt-ar-jatteroliga-speciellt-nar-skamten-ar-daliga\/\",\"name\":\"Allts\u00e5 pappa, dina sk\u00e4mt \u00e4r j\u00e4tteroliga! Speciellt n\u00e4r sk\u00e4mten \u00e4r d\u00e5liga! - Tankar inf\u00f6r helgen\",\"isPartOf\":{\"@id\":\"https:\/\/blogg.svenskakyrkan.se\/tankarinforhelgen\/#website\"},\"primaryImageOfPage\":{\"@id\":\"https:\/\/blogg.svenskakyrkan.se\/tankarinforhelgen\/2020\/08\/12\/alltsa-pappa-dina-skamt-ar-jatteroliga-speciellt-nar-skamten-ar-daliga\/#primaryimage\"},\"image\":{\"@id\":\"https:\/\/blogg.svenskakyrkan.se\/tankarinforhelgen\/2020\/08\/12\/alltsa-pappa-dina-skamt-ar-jatteroliga-speciellt-nar-skamten-ar-daliga\/#primaryimage\"},\"thumbnailUrl\":\"https:\/\/blogg.svenskakyrkan.se\/tankarinforhelgen\/files\/2020\/08\/200814shutterstock_tankarinf\u00f6rhelgen.jpg\",\"datePublished\":\"2020-08-12T08:33:34+00:00\",\"dateModified\":\"2020-08-12T09:40:31+00:00\",\"author\":{\"@id\":\"https:\/\/blogg.svenskakyrkan.se\/tankarinforhelgen\/#\/schema\/person\/9ebf33bd626a5ec1785dca07ea32e322\"},\"breadcrumb\":{\"@id\":\"https:\/\/blogg.svenskakyrkan.se\/tankarinforhelgen\/2020\/08\/12\/alltsa-pappa-dina-skamt-ar-jatteroliga-speciellt-nar-skamten-ar-daliga\/#breadcrumb\"},\"inLanguage\":\"sv-SE\",\"potentialAction\":[{\"@type\":\"ReadAction\",\"target\":[\"https:\/\/blogg.svenskakyrkan.se\/tankarinforhelgen\/2020\/08\/12\/alltsa-pappa-dina-skamt-ar-jatteroliga-speciellt-nar-skamten-ar-daliga\/\"]}]},{\"@type\":\"ImageObject\",\"inLanguage\":\"sv-SE\",\"@id\":\"https:\/\/blogg.svenskakyrkan.se\/tankarinforhelgen\/2020\/08\/12\/alltsa-pappa-dina-skamt-ar-jatteroliga-speciellt-nar-skamten-ar-daliga\/#primaryimage\",\"url\":\"https:\/\/blogg.svenskakyrkan.se\/tankarinforhelgen\/files\/2020\/08\/200814shutterstock_tankarinf\u00f6rhelgen.jpg\",\"contentUrl\":\"https:\/\/blogg.svenskakyrkan.se\/tankarinforhelgen\/files\/2020\/08\/200814shutterstock_tankarinf\u00f6rhelgen.jpg\",\"width\":1920,\"height\":1280},{\"@type\":\"BreadcrumbList\",\"@id\":\"https:\/\/blogg.svenskakyrkan.se\/tankarinforhelgen\/2020\/08\/12\/alltsa-pappa-dina-skamt-ar-jatteroliga-speciellt-nar-skamten-ar-daliga\/#breadcrumb\",\"itemListElement\":[{\"@type\":\"ListItem\",\"position\":1,\"name\":\"Hem\",\"item\":\"https:\/\/blogg.svenskakyrkan.se\/tankarinforhelgen\/\"},{\"@type\":\"ListItem\",\"position\":2,\"name\":\"Allts\u00e5 pappa, dina sk\u00e4mt \u00e4r j\u00e4tteroliga! Speciellt n\u00e4r sk\u00e4mten \u00e4r d\u00e5liga!\"}]},{\"@type\":\"WebSite\",\"@id\":\"https:\/\/blogg.svenskakyrkan.se\/tankarinforhelgen\/#website\",\"url\":\"https:\/\/blogg.svenskakyrkan.se\/tankarinforhelgen\/\",\"name\":\"Tankar inf\u00f6r helgen\",\"description\":\"Pr\u00e4ster funderar utifr\u00e5n kommande s\u00f6ndags texter\",\"potentialAction\":[{\"@type\":\"SearchAction\",\"target\":{\"@type\":\"EntryPoint\",\"urlTemplate\":\"https:\/\/blogg.svenskakyrkan.se\/tankarinforhelgen\/?s={search_term_string}\"},\"query-input\":{\"@type\":\"PropertyValueSpecification\",\"valueRequired\":true,\"valueName\":\"search_term_string\"}}],\"inLanguage\":\"sv-SE\"},{\"@type\":\"Person\",\"@id\":\"https:\/\/blogg.svenskakyrkan.se\/tankarinforhelgen\/#\/schema\/person\/9ebf33bd626a5ec1785dca07ea32e322\",\"name\":\"Andreas Sundstr\u00f6m, pr\u00e4st\",\"image\":{\"@type\":\"ImageObject\",\"inLanguage\":\"sv-SE\",\"@id\":\"https:\/\/blogg.svenskakyrkan.se\/tankarinforhelgen\/#\/schema\/person\/image\/\",\"url\":\"https:\/\/secure.gravatar.com\/avatar\/e56a8928b6ee0133544ac2e61ef69fc66ed0e5b59a7d3119bed3b70249edbda9?s=96&d=mm&r=g\",\"contentUrl\":\"https:\/\/secure.gravatar.com\/avatar\/e56a8928b6ee0133544ac2e61ef69fc66ed0e5b59a7d3119bed3b70249edbda9?s=96&d=mm&r=g\",\"caption\":\"Andreas Sundstr\u00f6m, pr\u00e4st\"},\"url\":\"https:\/\/blogg.svenskakyrkan.se\/tankarinforhelgen\/author\/andreassundstrom\/\"}]}<\/script>\n<!-- \/ Yoast SEO plugin. -->","yoast_head_json":{"title":"Allts\u00e5 pappa, dina sk\u00e4mt \u00e4r j\u00e4tteroliga! Speciellt n\u00e4r sk\u00e4mten \u00e4r d\u00e5liga! - Tankar inf\u00f6r helgen","robots":{"index":"index","follow":"follow","max-snippet":"max-snippet:-1","max-image-preview":"max-image-preview:large","max-video-preview":"max-video-preview:-1"},"canonical":"https:\/\/blogg.svenskakyrkan.se\/tankarinforhelgen\/2020\/08\/12\/alltsa-pappa-dina-skamt-ar-jatteroliga-speciellt-nar-skamten-ar-daliga\/","og_locale":"sv_SE","og_type":"article","og_title":"Allts\u00e5 pappa, dina sk\u00e4mt \u00e4r j\u00e4tteroliga! Speciellt n\u00e4r sk\u00e4mten \u00e4r d\u00e5liga! - Tankar inf\u00f6r helgen","og_description":"Vi sitter vid matbordet med familjen. Barnen sk\u00e4mtar som vanligt ikapp mellan tuggorna. Jag flikar in ett sk\u00e4mt som f\u00e5r dem att skratta h\u00f6gt, varp\u00e5 v\u00e5rt \u00e4ldsta barn svarar: allts\u00e5 pappa, dina sk\u00e4mt \u00e4r j\u00e4tteroliga! Speciellt n\u00e4r sk\u00e4mten \u00e4r d\u00e5liga! Jag blir f\u00f6r ovanlighetens skull helt st\u00e4lld. Min fru tittar p\u00e5 mig utan en enda [&hellip;]","og_url":"https:\/\/blogg.svenskakyrkan.se\/tankarinforhelgen\/2020\/08\/12\/alltsa-pappa-dina-skamt-ar-jatteroliga-speciellt-nar-skamten-ar-daliga\/","og_site_name":"Tankar inf\u00f6r helgen","article_published_time":"2020-08-12T08:33:34+00:00","article_modified_time":"2020-08-12T09:40:31+00:00","og_image":[{"width":1920,"height":1280,"url":"https:\/\/blogg.svenskakyrkan.se\/tankarinforhelgen\/files\/2020\/08\/200814shutterstock_tankarinf\u00f6rhelgen.jpg","type":"image\/jpeg"}],"author":"Andreas Sundstr\u00f6m, pr\u00e4st","twitter_card":"summary_large_image","twitter_misc":{"Skriven av":"Andreas Sundstr\u00f6m, pr\u00e4st","Ber\u00e4knad l\u00e4stid":"3 minuter"},"schema":{"@context":"https:\/\/schema.org","@graph":[{"@type":"Article","@id":"https:\/\/blogg.svenskakyrkan.se\/tankarinforhelgen\/2020\/08\/12\/alltsa-pappa-dina-skamt-ar-jatteroliga-speciellt-nar-skamten-ar-daliga\/#article","isPartOf":{"@id":"https:\/\/blogg.svenskakyrkan.se\/tankarinforhelgen\/2020\/08\/12\/alltsa-pappa-dina-skamt-ar-jatteroliga-speciellt-nar-skamten-ar-daliga\/"},"author":{"name":"Andreas Sundstr\u00f6m, pr\u00e4st","@id":"https:\/\/blogg.svenskakyrkan.se\/tankarinforhelgen\/#\/schema\/person\/9ebf33bd626a5ec1785dca07ea32e322"},"headline":"Allts\u00e5 pappa, dina sk\u00e4mt \u00e4r j\u00e4tteroliga! Speciellt n\u00e4r sk\u00e4mten \u00e4r d\u00e5liga!","datePublished":"2020-08-12T08:33:34+00:00","dateModified":"2020-08-12T09:40:31+00:00","mainEntityOfPage":{"@id":"https:\/\/blogg.svenskakyrkan.se\/tankarinforhelgen\/2020\/08\/12\/alltsa-pappa-dina-skamt-ar-jatteroliga-speciellt-nar-skamten-ar-daliga\/"},"wordCount":644,"commentCount":1,"image":{"@id":"https:\/\/blogg.svenskakyrkan.se\/tankarinforhelgen\/2020\/08\/12\/alltsa-pappa-dina-skamt-ar-jatteroliga-speciellt-nar-skamten-ar-daliga\/#primaryimage"},"thumbnailUrl":"https:\/\/blogg.svenskakyrkan.se\/tankarinforhelgen\/files\/2020\/08\/200814shutterstock_tankarinf\u00f6rhelgen.jpg","keywords":["Andreas Sundstr\u00f6m","TANKARINF\u00d6RHELGEN"],"articleSection":["10:e s\u00f6ndagen efter trefaldighet"],"inLanguage":"sv-SE","potentialAction":[{"@type":"CommentAction","name":"Comment","target":["https:\/\/blogg.svenskakyrkan.se\/tankarinforhelgen\/2020\/08\/12\/alltsa-pappa-dina-skamt-ar-jatteroliga-speciellt-nar-skamten-ar-daliga\/#respond"]}]},{"@type":"WebPage","@id":"https:\/\/blogg.svenskakyrkan.se\/tankarinforhelgen\/2020\/08\/12\/alltsa-pappa-dina-skamt-ar-jatteroliga-speciellt-nar-skamten-ar-daliga\/","url":"https:\/\/blogg.svenskakyrkan.se\/tankarinforhelgen\/2020\/08\/12\/alltsa-pappa-dina-skamt-ar-jatteroliga-speciellt-nar-skamten-ar-daliga\/","name":"Allts\u00e5 pappa, dina sk\u00e4mt \u00e4r j\u00e4tteroliga! Speciellt n\u00e4r sk\u00e4mten \u00e4r d\u00e5liga! - Tankar inf\u00f6r helgen","isPartOf":{"@id":"https:\/\/blogg.svenskakyrkan.se\/tankarinforhelgen\/#website"},"primaryImageOfPage":{"@id":"https:\/\/blogg.svenskakyrkan.se\/tankarinforhelgen\/2020\/08\/12\/alltsa-pappa-dina-skamt-ar-jatteroliga-speciellt-nar-skamten-ar-daliga\/#primaryimage"},"image":{"@id":"https:\/\/blogg.svenskakyrkan.se\/tankarinforhelgen\/2020\/08\/12\/alltsa-pappa-dina-skamt-ar-jatteroliga-speciellt-nar-skamten-ar-daliga\/#primaryimage"},"thumbnailUrl":"https:\/\/blogg.svenskakyrkan.se\/tankarinforhelgen\/files\/2020\/08\/200814shutterstock_tankarinf\u00f6rhelgen.jpg","datePublished":"2020-08-12T08:33:34+00:00","dateModified":"2020-08-12T09:40:31+00:00","author":{"@id":"https:\/\/blogg.svenskakyrkan.se\/tankarinforhelgen\/#\/schema\/person\/9ebf33bd626a5ec1785dca07ea32e322"},"breadcrumb":{"@id":"https:\/\/blogg.svenskakyrkan.se\/tankarinforhelgen\/2020\/08\/12\/alltsa-pappa-dina-skamt-ar-jatteroliga-speciellt-nar-skamten-ar-daliga\/#breadcrumb"},"inLanguage":"sv-SE","potentialAction":[{"@type":"ReadAction","target":["https:\/\/blogg.svenskakyrkan.se\/tankarinforhelgen\/2020\/08\/12\/alltsa-pappa-dina-skamt-ar-jatteroliga-speciellt-nar-skamten-ar-daliga\/"]}]},{"@type":"ImageObject","inLanguage":"sv-SE","@id":"https:\/\/blogg.svenskakyrkan.se\/tankarinforhelgen\/2020\/08\/12\/alltsa-pappa-dina-skamt-ar-jatteroliga-speciellt-nar-skamten-ar-daliga\/#primaryimage","url":"https:\/\/blogg.svenskakyrkan.se\/tankarinforhelgen\/files\/2020\/08\/200814shutterstock_tankarinf\u00f6rhelgen.jpg","contentUrl":"https:\/\/blogg.svenskakyrkan.se\/tankarinforhelgen\/files\/2020\/08\/200814shutterstock_tankarinf\u00f6rhelgen.jpg","width":1920,"height":1280},{"@type":"BreadcrumbList","@id":"https:\/\/blogg.svenskakyrkan.se\/tankarinforhelgen\/2020\/08\/12\/alltsa-pappa-dina-skamt-ar-jatteroliga-speciellt-nar-skamten-ar-daliga\/#breadcrumb","itemListElement":[{"@type":"ListItem","position":1,"name":"Hem","item":"https:\/\/blogg.svenskakyrkan.se\/tankarinforhelgen\/"},{"@type":"ListItem","position":2,"name":"Allts\u00e5 pappa, dina sk\u00e4mt \u00e4r j\u00e4tteroliga! Speciellt n\u00e4r sk\u00e4mten \u00e4r d\u00e5liga!"}]},{"@type":"WebSite","@id":"https:\/\/blogg.svenskakyrkan.se\/tankarinforhelgen\/#website","url":"https:\/\/blogg.svenskakyrkan.se\/tankarinforhelgen\/","name":"Tankar inf\u00f6r helgen","description":"Pr\u00e4ster funderar utifr\u00e5n kommande s\u00f6ndags texter","potentialAction":[{"@type":"SearchAction","target":{"@type":"EntryPoint","urlTemplate":"https:\/\/blogg.svenskakyrkan.se\/tankarinforhelgen\/?s={search_term_string}"},"query-input":{"@type":"PropertyValueSpecification","valueRequired":true,"valueName":"search_term_string"}}],"inLanguage":"sv-SE"},{"@type":"Person","@id":"https:\/\/blogg.svenskakyrkan.se\/tankarinforhelgen\/#\/schema\/person\/9ebf33bd626a5ec1785dca07ea32e322","name":"Andreas Sundstr\u00f6m, pr\u00e4st","image":{"@type":"ImageObject","inLanguage":"sv-SE","@id":"https:\/\/blogg.svenskakyrkan.se\/tankarinforhelgen\/#\/schema\/person\/image\/","url":"https:\/\/secure.gravatar.com\/avatar\/e56a8928b6ee0133544ac2e61ef69fc66ed0e5b59a7d3119bed3b70249edbda9?s=96&d=mm&r=g","contentUrl":"https:\/\/secure.gravatar.com\/avatar\/e56a8928b6ee0133544ac2e61ef69fc66ed0e5b59a7d3119bed3b70249edbda9?s=96&d=mm&r=g","caption":"Andreas Sundstr\u00f6m, pr\u00e4st"},"url":"https:\/\/blogg.svenskakyrkan.se\/tankarinforhelgen\/author\/andreassundstrom\/"}]}},"author_meta":{"ID":"719","user_nicename":"andreassundstrom","user_registered":"2019-08-07 15:03:29","display_name":"Andreas Sundstr\u00f6m, pr\u00e4st","first_name":"Andreas","last_name":"Sundstr\u00f6m, pr\u00e4st","avatar":"https:\/\/secure.gravatar.com\/avatar\/e56a8928b6ee0133544ac2e61ef69fc66ed0e5b59a7d3119bed3b70249edbda9?s=96&d=mm&r=g"},"featured_image":["https:\/\/blogg.svenskakyrkan.se\/tankarinforhelgen\/files\/2020\/08\/200814shutterstock_tankarinf\u00f6rhelgen-1024x683.jpg",1024,683,true],"bloginfo":{"name":"Tankar inf\u00f6r helgen","url":"https:\/\/blogg.svenskakyrkan.se\/tankarinforhelgen"},"_links":{"self":[{"href":"https:\/\/blogg.svenskakyrkan.se\/tankarinforhelgen\/wp-json\/wp\/v2\/posts\/2137","targetHints":{"allow":["GET"]}}],"collection":[{"href":"https:\/\/blogg.svenskakyrkan.se\/tankarinforhelgen\/wp-json\/wp\/v2\/posts"}],"about":[{"href":"https:\/\/blogg.svenskakyrkan.se\/tankarinforhelgen\/wp-json\/wp\/v2\/types\/post"}],"author":[{"embeddable":true,"href":"https:\/\/blogg.svenskakyrkan.se\/tankarinforhelgen\/wp-json\/wp\/v2\/users\/719"}],"replies":[{"embeddable":true,"href":"https:\/\/blogg.svenskakyrkan.se\/tankarinforhelgen\/wp-json\/wp\/v2\/comments?post=2137"}],"version-history":[{"count":3,"href":"https:\/\/blogg.svenskakyrkan.se\/tankarinforhelgen\/wp-json\/wp\/v2\/posts\/2137\/revisions"}],"predecessor-version":[{"id":2144,"href":"https:\/\/blogg.svenskakyrkan.se\/tankarinforhelgen\/wp-json\/wp\/v2\/posts\/2137\/revisions\/2144"}],"wp:featuredmedia":[{"embeddable":true,"href":"https:\/\/blogg.svenskakyrkan.se\/tankarinforhelgen\/wp-json\/wp\/v2\/media\/2142"}],"wp:attachment":[{"href":"https:\/\/blogg.svenskakyrkan.se\/tankarinforhelgen\/wp-json\/wp\/v2\/media?parent=2137"}],"wp:term":[{"taxonomy":"category","embeddable":true,"href":"https:\/\/blogg.svenskakyrkan.se\/tankarinforhelgen\/wp-json\/wp\/v2\/categories?post=2137"},{"taxonomy":"post_tag","embeddable":true,"href":"https:\/\/blogg.svenskakyrkan.se\/tankarinforhelgen\/wp-json\/wp\/v2\/tags?post=2137"}],"curies":[{"name":"wp","href":"https:\/\/api.w.org\/{rel}","templated":true}]}}