{"id":2179,"date":"2020-10-02T11:48:12","date_gmt":"2020-10-02T09:48:12","guid":{"rendered":"http:\/\/blogg.svenskakyrkan.se\/tankarinforhelgen\/?p=2179"},"modified":"2024-07-05T16:40:05","modified_gmt":"2024-07-05T14:40:05","slug":"alla-anglar-ler-inte-vackert","status":"publish","type":"post","link":"https:\/\/blogg.svenskakyrkan.se\/tankarinforhelgen\/2020\/10\/02\/alla-anglar-ler-inte-vackert\/","title":{"rendered":"Alla \u00e4nglar ler inte vackert"},"content":{"rendered":"\n<figure class=\"wp-block-image size-large\"><img loading=\"lazy\" decoding=\"async\" width=\"1024\" height=\"538\" src=\"https:\/\/blogg.svenskakyrkan.se\/tankarinforhelgen\/files\/2020\/10\/TiH_v40_mikael-1024x538.jpg\" alt=\"\" class=\"wp-image-2186\" srcset=\"https:\/\/blogg.svenskakyrkan.se\/tankarinforhelgen\/files\/2020\/10\/TiH_v40_mikael-1024x538.jpg 1024w, https:\/\/blogg.svenskakyrkan.se\/tankarinforhelgen\/files\/2020\/10\/TiH_v40_mikael-300x158.jpg 300w, https:\/\/blogg.svenskakyrkan.se\/tankarinforhelgen\/files\/2020\/10\/TiH_v40_mikael-768x403.jpg 768w, https:\/\/blogg.svenskakyrkan.se\/tankarinforhelgen\/files\/2020\/10\/TiH_v40_mikael.jpg 1200w\" sizes=\"auto, (max-width: 1024px) 100vw, 1024px\" \/><\/figure>\n\n\n\n<p>Jag stannar upp inf\u00f6r den stora m\u00e5lningen p\u00e5 museet som f\u00f6rest\u00e4ller Mikael. \u00c4rke\u00e4ngeln. Han som drev ut Draken tillsammans med en hel h\u00e4r av \u00e4nglar. <br><br>Han ser n\u00e4stan arg ut, d\u00e4r han st\u00e5r i sin rustning och med sv\u00e4rdet i handen. Han tittar rakt p\u00e5 mig. Fr\u00e5gan \u00e4r, \u00e4r han verkligen arg eller ser han bara best\u00e4md ut? Som att han f\u00e5tt en uppgift som m\u00e5ste utf\u00f6ras, f\u00f6r att det \u00e4r det r\u00e4tta? <br><br>Han ser inte riktigt ut som en \u00e4ngel, \u00c4rke\u00e4ngeln Mikael, utan mer som en krigare.  Bokm\u00e4rkes\u00e4nglarna som jag samlade p\u00e5 n\u00e4r jag var liten hade ljust, lockigt h\u00e5r och s\u00e5g s\u00e5 vackra ut. Inte heller de sm\u00e5, knubbiga \u00e4nglarna som finns p\u00e5 gamla m\u00e5lningar liknar honom. De kikar fram \u00f6ver molnkanten eller leker i ena h\u00f6rnet p\u00e5 tavlan. De ser s\u00e5 s\u00f6ta och oskyldiga ut. <br><br>Hemma hos farmor h\u00e4ngde en tavla med en \u00e4ngel som skyddade tv\u00e5 sm\u00e5 barn som gick \u00f6ver en bro. \u00c4ngeln var kl\u00e4dd i l\u00e5ng kl\u00e4nning och s\u00e5g s\u00e5 d\u00e4r mild, leende och sn\u00e4ll ut. Jag brukade titta p\u00e5 henne innan jag somnade, nedb\u00e4ddad i den gamla utdragssoffan. Och jag t\u00e4nkte tryggt att det var s\u00e5 h\u00e4r \u00e4nglar skulle vara. <br><br>Men alla \u00e4nglar ler allts\u00e5 inte vackert. Mikael greppar sv\u00e4rdet och det \u00e4r allt annat \u00e4n ett leende som leker p\u00e5 hans l\u00e4ppar. <br><br>Innerst inne tror jag att \u00e4nglar alltid \u00e4r goda och sn\u00e4lla. \u00c4ven \u00c4rke\u00e4ngeln Mikael som tittar s\u00e5 bistert fr\u00e5n tavlan framf\u00f6r mig.<br><br>Men att vara god och sn\u00e4ll betyder inte att man alltid m\u00e5ste s\u00e4ga Ja. Ibland \u00e4r det mer k\u00e4rlek och omsorg att faktiskt s\u00e4ga Nej. Skydds\u00e4ngeln p\u00e5 farmors tavla hindrade ju barnen fr\u00e5n att trampa fel. <br><br>\u00c4nglarna \u00e4r goda och sn\u00e4lla, men inte alltid glada. \u00c4ven en \u00e4ngel kan bli arg!<br><br>N\u00e4r \u00e4nglarna ser att n\u00e5gon \u00e4r elak eller h\u00f6r talas om allt som \u00e4r fel d\u00e5 tror jag att det kokar inom dem. De blir minst lika arga som sj\u00e4lvaste \u00e4rke\u00e4ngeln Mikael var den d\u00e4r g\u00e5ngen och precis som Mikael bev\u00e4pnar sig \u00e4nglarna. Inte alltid med sv\u00e4rd, men med ord, mod och handling. D\u00e5 h\u00f6jer \u00e4nglarna sin r\u00f6st och s\u00e4ger till! De tar st\u00e4llning!<br><br>F\u00f6r det \u00e4r det \u00c4nglar g\u00f6r! <br><br>De hj\u00e4lper den som \u00e4r liten och r\u00e4dd.<br>De tr\u00f6star dem som \u00e4r ledsna.<br>Och de ger mod \u00e5t dem som \u00e4r r\u00e4dda.<br><br>F\u00f6r det \u00e4r det som \u00c4nglar g\u00f6r. Hur de \u00e4n ser ut.<br><br>Ibland ser \u00e4nglarna ut som du och jag. Vi f\u00e5r vara \u00e4nglar f\u00f6r varandra. Strida f\u00f6r varandra. Leda varandra r\u00e4tt.  Som \u00e4nglar g\u00f6r. <br><\/p>\n","protected":false},"excerpt":{"rendered":"<p>Jag stannar upp inf\u00f6r den stora m\u00e5lningen p\u00e5 museet som f\u00f6rest\u00e4ller Mikael. \u00c4rke\u00e4ngeln. Han som drev ut Draken tillsammans med en hel h\u00e4r av \u00e4nglar. Han ser n\u00e4stan arg ut, d\u00e4r han st\u00e5r i sin rustning och med sv\u00e4rdet i handen. Han tittar rakt p\u00e5 mig. Fr\u00e5gan \u00e4r, \u00e4r han verkligen arg eller ser han [&hellip;]<\/p>\n","protected":false},"author":620,"featured_media":2186,"comment_status":"open","ping_status":"open","sticky":false,"template":"","format":"standard","meta":{"_acf_changed":false,"footnotes":""},"categories":[130350],"tags":[142440,29565],"class_list":["post-2179","post","type-post","status-publish","format-standard","has-post-thumbnail","hentry","category-den-helige-mikaels-dag","tag-maria-scharffenberg","tag-tankar-infor-helgen"],"acf":[],"yoast_head":"<!-- This site is optimized with the Yoast SEO plugin v27.1.1 - https:\/\/yoast.com\/product\/yoast-seo-wordpress\/ -->\n<title>Alla \u00e4nglar ler inte vackert - Tankar inf\u00f6r helgen<\/title>\n<meta name=\"robots\" content=\"index, follow, max-snippet:-1, max-image-preview:large, max-video-preview:-1\" \/>\n<link rel=\"canonical\" href=\"https:\/\/blogg.svenskakyrkan.se\/tankarinforhelgen\/2020\/10\/02\/alla-anglar-ler-inte-vackert\/\" \/>\n<meta property=\"og:locale\" content=\"sv_SE\" \/>\n<meta property=\"og:type\" content=\"article\" \/>\n<meta property=\"og:title\" content=\"Alla \u00e4nglar ler inte vackert - Tankar inf\u00f6r helgen\" \/>\n<meta property=\"og:description\" content=\"Jag stannar upp inf\u00f6r den stora m\u00e5lningen p\u00e5 museet som f\u00f6rest\u00e4ller Mikael. \u00c4rke\u00e4ngeln. Han som drev ut Draken tillsammans med en hel h\u00e4r av \u00e4nglar. Han ser n\u00e4stan arg ut, d\u00e4r han st\u00e5r i sin rustning och med sv\u00e4rdet i handen. Han tittar rakt p\u00e5 mig. Fr\u00e5gan \u00e4r, \u00e4r han verkligen arg eller ser han [&hellip;]\" \/>\n<meta property=\"og:url\" content=\"https:\/\/blogg.svenskakyrkan.se\/tankarinforhelgen\/2020\/10\/02\/alla-anglar-ler-inte-vackert\/\" \/>\n<meta property=\"og:site_name\" content=\"Tankar inf\u00f6r helgen\" \/>\n<meta property=\"article:published_time\" content=\"2020-10-02T09:48:12+00:00\" \/>\n<meta property=\"article:modified_time\" content=\"2024-07-05T14:40:05+00:00\" \/>\n<meta property=\"og:image\" content=\"http:\/\/blogg.svenskakyrkan.se\/tankarinforhelgen\/files\/2020\/10\/TiH_v40_mikael.jpg\" \/>\n\t<meta property=\"og:image:width\" content=\"1200\" \/>\n\t<meta property=\"og:image:height\" content=\"630\" \/>\n\t<meta property=\"og:image:type\" content=\"image\/jpeg\" \/>\n<meta name=\"author\" content=\"Maria Scharffenberg, pr\u00e4st\" \/>\n<meta name=\"twitter:card\" content=\"summary_large_image\" \/>\n<meta name=\"twitter:label1\" content=\"Skriven av\" \/>\n\t<meta name=\"twitter:data1\" content=\"Maria Scharffenberg, pr\u00e4st\" \/>\n\t<meta name=\"twitter:label2\" content=\"Ber\u00e4knad l\u00e4stid\" \/>\n\t<meta name=\"twitter:data2\" content=\"2 minuter\" \/>\n<script type=\"application\/ld+json\" class=\"yoast-schema-graph\">{\"@context\":\"https:\/\/schema.org\",\"@graph\":[{\"@type\":\"Article\",\"@id\":\"https:\/\/blogg.svenskakyrkan.se\/tankarinforhelgen\/2020\/10\/02\/alla-anglar-ler-inte-vackert\/#article\",\"isPartOf\":{\"@id\":\"https:\/\/blogg.svenskakyrkan.se\/tankarinforhelgen\/2020\/10\/02\/alla-anglar-ler-inte-vackert\/\"},\"author\":{\"name\":\"Maria Scharffenberg, pr\u00e4st\",\"@id\":\"https:\/\/blogg.svenskakyrkan.se\/tankarinforhelgen\/#\/schema\/person\/3f50c58ee789e9c3a0f46452362f6294\"},\"headline\":\"Alla \u00e4nglar ler inte vackert\",\"datePublished\":\"2020-10-02T09:48:12+00:00\",\"dateModified\":\"2024-07-05T14:40:05+00:00\",\"mainEntityOfPage\":{\"@id\":\"https:\/\/blogg.svenskakyrkan.se\/tankarinforhelgen\/2020\/10\/02\/alla-anglar-ler-inte-vackert\/\"},\"wordCount\":502,\"commentCount\":9,\"image\":{\"@id\":\"https:\/\/blogg.svenskakyrkan.se\/tankarinforhelgen\/2020\/10\/02\/alla-anglar-ler-inte-vackert\/#primaryimage\"},\"thumbnailUrl\":\"https:\/\/blogg.svenskakyrkan.se\/tankarinforhelgen\/files\/2020\/10\/TiH_v40_mikael.jpg\",\"keywords\":[\"Maria Scharffenberg\",\"TANKAR INF\u00d6R HELGEN\"],\"articleSection\":[\"Den helige Mikaels dag\"],\"inLanguage\":\"sv-SE\",\"potentialAction\":[{\"@type\":\"CommentAction\",\"name\":\"Comment\",\"target\":[\"https:\/\/blogg.svenskakyrkan.se\/tankarinforhelgen\/2020\/10\/02\/alla-anglar-ler-inte-vackert\/#respond\"]}]},{\"@type\":\"WebPage\",\"@id\":\"https:\/\/blogg.svenskakyrkan.se\/tankarinforhelgen\/2020\/10\/02\/alla-anglar-ler-inte-vackert\/\",\"url\":\"https:\/\/blogg.svenskakyrkan.se\/tankarinforhelgen\/2020\/10\/02\/alla-anglar-ler-inte-vackert\/\",\"name\":\"Alla \u00e4nglar ler inte vackert - Tankar inf\u00f6r helgen\",\"isPartOf\":{\"@id\":\"https:\/\/blogg.svenskakyrkan.se\/tankarinforhelgen\/#website\"},\"primaryImageOfPage\":{\"@id\":\"https:\/\/blogg.svenskakyrkan.se\/tankarinforhelgen\/2020\/10\/02\/alla-anglar-ler-inte-vackert\/#primaryimage\"},\"image\":{\"@id\":\"https:\/\/blogg.svenskakyrkan.se\/tankarinforhelgen\/2020\/10\/02\/alla-anglar-ler-inte-vackert\/#primaryimage\"},\"thumbnailUrl\":\"https:\/\/blogg.svenskakyrkan.se\/tankarinforhelgen\/files\/2020\/10\/TiH_v40_mikael.jpg\",\"datePublished\":\"2020-10-02T09:48:12+00:00\",\"dateModified\":\"2024-07-05T14:40:05+00:00\",\"author\":{\"@id\":\"https:\/\/blogg.svenskakyrkan.se\/tankarinforhelgen\/#\/schema\/person\/3f50c58ee789e9c3a0f46452362f6294\"},\"breadcrumb\":{\"@id\":\"https:\/\/blogg.svenskakyrkan.se\/tankarinforhelgen\/2020\/10\/02\/alla-anglar-ler-inte-vackert\/#breadcrumb\"},\"inLanguage\":\"sv-SE\",\"potentialAction\":[{\"@type\":\"ReadAction\",\"target\":[\"https:\/\/blogg.svenskakyrkan.se\/tankarinforhelgen\/2020\/10\/02\/alla-anglar-ler-inte-vackert\/\"]}]},{\"@type\":\"ImageObject\",\"inLanguage\":\"sv-SE\",\"@id\":\"https:\/\/blogg.svenskakyrkan.se\/tankarinforhelgen\/2020\/10\/02\/alla-anglar-ler-inte-vackert\/#primaryimage\",\"url\":\"https:\/\/blogg.svenskakyrkan.se\/tankarinforhelgen\/files\/2020\/10\/TiH_v40_mikael.jpg\",\"contentUrl\":\"https:\/\/blogg.svenskakyrkan.se\/tankarinforhelgen\/files\/2020\/10\/TiH_v40_mikael.jpg\",\"width\":1200,\"height\":630,\"caption\":\"Bronsstaty som f\u00f6rest\u00e4ller \u00e4rke\u00e4ngeln Mikael.\"},{\"@type\":\"BreadcrumbList\",\"@id\":\"https:\/\/blogg.svenskakyrkan.se\/tankarinforhelgen\/2020\/10\/02\/alla-anglar-ler-inte-vackert\/#breadcrumb\",\"itemListElement\":[{\"@type\":\"ListItem\",\"position\":1,\"name\":\"Hem\",\"item\":\"https:\/\/blogg.svenskakyrkan.se\/tankarinforhelgen\/\"},{\"@type\":\"ListItem\",\"position\":2,\"name\":\"Alla \u00e4nglar ler inte vackert\"}]},{\"@type\":\"WebSite\",\"@id\":\"https:\/\/blogg.svenskakyrkan.se\/tankarinforhelgen\/#website\",\"url\":\"https:\/\/blogg.svenskakyrkan.se\/tankarinforhelgen\/\",\"name\":\"Tankar inf\u00f6r helgen\",\"description\":\"Pr\u00e4ster funderar utifr\u00e5n kommande s\u00f6ndags texter\",\"potentialAction\":[{\"@type\":\"SearchAction\",\"target\":{\"@type\":\"EntryPoint\",\"urlTemplate\":\"https:\/\/blogg.svenskakyrkan.se\/tankarinforhelgen\/?s={search_term_string}\"},\"query-input\":{\"@type\":\"PropertyValueSpecification\",\"valueRequired\":true,\"valueName\":\"search_term_string\"}}],\"inLanguage\":\"sv-SE\"},{\"@type\":\"Person\",\"@id\":\"https:\/\/blogg.svenskakyrkan.se\/tankarinforhelgen\/#\/schema\/person\/3f50c58ee789e9c3a0f46452362f6294\",\"name\":\"Maria Scharffenberg, pr\u00e4st\",\"image\":{\"@type\":\"ImageObject\",\"inLanguage\":\"sv-SE\",\"@id\":\"https:\/\/blogg.svenskakyrkan.se\/tankarinforhelgen\/#\/schema\/person\/image\/\",\"url\":\"https:\/\/secure.gravatar.com\/avatar\/107a9e0984072024dc45f018755d2248f476561fc0eafc75d51f93d1e06c36ff?s=96&d=mm&r=g\",\"contentUrl\":\"https:\/\/secure.gravatar.com\/avatar\/107a9e0984072024dc45f018755d2248f476561fc0eafc75d51f93d1e06c36ff?s=96&d=mm&r=g\",\"caption\":\"Maria Scharffenberg, pr\u00e4st\"},\"url\":\"https:\/\/blogg.svenskakyrkan.se\/tankarinforhelgen\/author\/mariascharffenberg\/\"}]}<\/script>\n<!-- \/ Yoast SEO plugin. -->","yoast_head_json":{"title":"Alla \u00e4nglar ler inte vackert - Tankar inf\u00f6r helgen","robots":{"index":"index","follow":"follow","max-snippet":"max-snippet:-1","max-image-preview":"max-image-preview:large","max-video-preview":"max-video-preview:-1"},"canonical":"https:\/\/blogg.svenskakyrkan.se\/tankarinforhelgen\/2020\/10\/02\/alla-anglar-ler-inte-vackert\/","og_locale":"sv_SE","og_type":"article","og_title":"Alla \u00e4nglar ler inte vackert - Tankar inf\u00f6r helgen","og_description":"Jag stannar upp inf\u00f6r den stora m\u00e5lningen p\u00e5 museet som f\u00f6rest\u00e4ller Mikael. \u00c4rke\u00e4ngeln. Han som drev ut Draken tillsammans med en hel h\u00e4r av \u00e4nglar. Han ser n\u00e4stan arg ut, d\u00e4r han st\u00e5r i sin rustning och med sv\u00e4rdet i handen. Han tittar rakt p\u00e5 mig. Fr\u00e5gan \u00e4r, \u00e4r han verkligen arg eller ser han [&hellip;]","og_url":"https:\/\/blogg.svenskakyrkan.se\/tankarinforhelgen\/2020\/10\/02\/alla-anglar-ler-inte-vackert\/","og_site_name":"Tankar inf\u00f6r helgen","article_published_time":"2020-10-02T09:48:12+00:00","article_modified_time":"2024-07-05T14:40:05+00:00","og_image":[{"width":1200,"height":630,"url":"http:\/\/blogg.svenskakyrkan.se\/tankarinforhelgen\/files\/2020\/10\/TiH_v40_mikael.jpg","type":"image\/jpeg"}],"author":"Maria Scharffenberg, pr\u00e4st","twitter_card":"summary_large_image","twitter_misc":{"Skriven av":"Maria Scharffenberg, pr\u00e4st","Ber\u00e4knad l\u00e4stid":"2 minuter"},"schema":{"@context":"https:\/\/schema.org","@graph":[{"@type":"Article","@id":"https:\/\/blogg.svenskakyrkan.se\/tankarinforhelgen\/2020\/10\/02\/alla-anglar-ler-inte-vackert\/#article","isPartOf":{"@id":"https:\/\/blogg.svenskakyrkan.se\/tankarinforhelgen\/2020\/10\/02\/alla-anglar-ler-inte-vackert\/"},"author":{"name":"Maria Scharffenberg, pr\u00e4st","@id":"https:\/\/blogg.svenskakyrkan.se\/tankarinforhelgen\/#\/schema\/person\/3f50c58ee789e9c3a0f46452362f6294"},"headline":"Alla \u00e4nglar ler inte vackert","datePublished":"2020-10-02T09:48:12+00:00","dateModified":"2024-07-05T14:40:05+00:00","mainEntityOfPage":{"@id":"https:\/\/blogg.svenskakyrkan.se\/tankarinforhelgen\/2020\/10\/02\/alla-anglar-ler-inte-vackert\/"},"wordCount":502,"commentCount":9,"image":{"@id":"https:\/\/blogg.svenskakyrkan.se\/tankarinforhelgen\/2020\/10\/02\/alla-anglar-ler-inte-vackert\/#primaryimage"},"thumbnailUrl":"https:\/\/blogg.svenskakyrkan.se\/tankarinforhelgen\/files\/2020\/10\/TiH_v40_mikael.jpg","keywords":["Maria Scharffenberg","TANKAR INF\u00d6R HELGEN"],"articleSection":["Den helige Mikaels dag"],"inLanguage":"sv-SE","potentialAction":[{"@type":"CommentAction","name":"Comment","target":["https:\/\/blogg.svenskakyrkan.se\/tankarinforhelgen\/2020\/10\/02\/alla-anglar-ler-inte-vackert\/#respond"]}]},{"@type":"WebPage","@id":"https:\/\/blogg.svenskakyrkan.se\/tankarinforhelgen\/2020\/10\/02\/alla-anglar-ler-inte-vackert\/","url":"https:\/\/blogg.svenskakyrkan.se\/tankarinforhelgen\/2020\/10\/02\/alla-anglar-ler-inte-vackert\/","name":"Alla \u00e4nglar ler inte vackert - Tankar inf\u00f6r helgen","isPartOf":{"@id":"https:\/\/blogg.svenskakyrkan.se\/tankarinforhelgen\/#website"},"primaryImageOfPage":{"@id":"https:\/\/blogg.svenskakyrkan.se\/tankarinforhelgen\/2020\/10\/02\/alla-anglar-ler-inte-vackert\/#primaryimage"},"image":{"@id":"https:\/\/blogg.svenskakyrkan.se\/tankarinforhelgen\/2020\/10\/02\/alla-anglar-ler-inte-vackert\/#primaryimage"},"thumbnailUrl":"https:\/\/blogg.svenskakyrkan.se\/tankarinforhelgen\/files\/2020\/10\/TiH_v40_mikael.jpg","datePublished":"2020-10-02T09:48:12+00:00","dateModified":"2024-07-05T14:40:05+00:00","author":{"@id":"https:\/\/blogg.svenskakyrkan.se\/tankarinforhelgen\/#\/schema\/person\/3f50c58ee789e9c3a0f46452362f6294"},"breadcrumb":{"@id":"https:\/\/blogg.svenskakyrkan.se\/tankarinforhelgen\/2020\/10\/02\/alla-anglar-ler-inte-vackert\/#breadcrumb"},"inLanguage":"sv-SE","potentialAction":[{"@type":"ReadAction","target":["https:\/\/blogg.svenskakyrkan.se\/tankarinforhelgen\/2020\/10\/02\/alla-anglar-ler-inte-vackert\/"]}]},{"@type":"ImageObject","inLanguage":"sv-SE","@id":"https:\/\/blogg.svenskakyrkan.se\/tankarinforhelgen\/2020\/10\/02\/alla-anglar-ler-inte-vackert\/#primaryimage","url":"https:\/\/blogg.svenskakyrkan.se\/tankarinforhelgen\/files\/2020\/10\/TiH_v40_mikael.jpg","contentUrl":"https:\/\/blogg.svenskakyrkan.se\/tankarinforhelgen\/files\/2020\/10\/TiH_v40_mikael.jpg","width":1200,"height":630,"caption":"Bronsstaty som f\u00f6rest\u00e4ller \u00e4rke\u00e4ngeln Mikael."},{"@type":"BreadcrumbList","@id":"https:\/\/blogg.svenskakyrkan.se\/tankarinforhelgen\/2020\/10\/02\/alla-anglar-ler-inte-vackert\/#breadcrumb","itemListElement":[{"@type":"ListItem","position":1,"name":"Hem","item":"https:\/\/blogg.svenskakyrkan.se\/tankarinforhelgen\/"},{"@type":"ListItem","position":2,"name":"Alla \u00e4nglar ler inte vackert"}]},{"@type":"WebSite","@id":"https:\/\/blogg.svenskakyrkan.se\/tankarinforhelgen\/#website","url":"https:\/\/blogg.svenskakyrkan.se\/tankarinforhelgen\/","name":"Tankar inf\u00f6r helgen","description":"Pr\u00e4ster funderar utifr\u00e5n kommande s\u00f6ndags texter","potentialAction":[{"@type":"SearchAction","target":{"@type":"EntryPoint","urlTemplate":"https:\/\/blogg.svenskakyrkan.se\/tankarinforhelgen\/?s={search_term_string}"},"query-input":{"@type":"PropertyValueSpecification","valueRequired":true,"valueName":"search_term_string"}}],"inLanguage":"sv-SE"},{"@type":"Person","@id":"https:\/\/blogg.svenskakyrkan.se\/tankarinforhelgen\/#\/schema\/person\/3f50c58ee789e9c3a0f46452362f6294","name":"Maria Scharffenberg, pr\u00e4st","image":{"@type":"ImageObject","inLanguage":"sv-SE","@id":"https:\/\/blogg.svenskakyrkan.se\/tankarinforhelgen\/#\/schema\/person\/image\/","url":"https:\/\/secure.gravatar.com\/avatar\/107a9e0984072024dc45f018755d2248f476561fc0eafc75d51f93d1e06c36ff?s=96&d=mm&r=g","contentUrl":"https:\/\/secure.gravatar.com\/avatar\/107a9e0984072024dc45f018755d2248f476561fc0eafc75d51f93d1e06c36ff?s=96&d=mm&r=g","caption":"Maria Scharffenberg, pr\u00e4st"},"url":"https:\/\/blogg.svenskakyrkan.se\/tankarinforhelgen\/author\/mariascharffenberg\/"}]}},"author_meta":{"ID":"620","user_nicename":"mariascharffenberg","user_registered":"2017-04-09 08:20:01","display_name":"Maria Scharffenberg, pr\u00e4st","first_name":"Maria","last_name":"Scharffenberg, pr\u00e4st","avatar":"https:\/\/secure.gravatar.com\/avatar\/107a9e0984072024dc45f018755d2248f476561fc0eafc75d51f93d1e06c36ff?s=96&d=mm&r=g"},"featured_image":["https:\/\/blogg.svenskakyrkan.se\/tankarinforhelgen\/files\/2020\/10\/TiH_v40_mikael-1024x538.jpg",1024,538,true],"bloginfo":{"name":"Tankar inf\u00f6r helgen","url":"https:\/\/blogg.svenskakyrkan.se\/tankarinforhelgen"},"_links":{"self":[{"href":"https:\/\/blogg.svenskakyrkan.se\/tankarinforhelgen\/wp-json\/wp\/v2\/posts\/2179","targetHints":{"allow":["GET"]}}],"collection":[{"href":"https:\/\/blogg.svenskakyrkan.se\/tankarinforhelgen\/wp-json\/wp\/v2\/posts"}],"about":[{"href":"https:\/\/blogg.svenskakyrkan.se\/tankarinforhelgen\/wp-json\/wp\/v2\/types\/post"}],"author":[{"embeddable":true,"href":"https:\/\/blogg.svenskakyrkan.se\/tankarinforhelgen\/wp-json\/wp\/v2\/users\/620"}],"replies":[{"embeddable":true,"href":"https:\/\/blogg.svenskakyrkan.se\/tankarinforhelgen\/wp-json\/wp\/v2\/comments?post=2179"}],"version-history":[{"count":2,"href":"https:\/\/blogg.svenskakyrkan.se\/tankarinforhelgen\/wp-json\/wp\/v2\/posts\/2179\/revisions"}],"predecessor-version":[{"id":2187,"href":"https:\/\/blogg.svenskakyrkan.se\/tankarinforhelgen\/wp-json\/wp\/v2\/posts\/2179\/revisions\/2187"}],"wp:featuredmedia":[{"embeddable":true,"href":"https:\/\/blogg.svenskakyrkan.se\/tankarinforhelgen\/wp-json\/wp\/v2\/media\/2186"}],"wp:attachment":[{"href":"https:\/\/blogg.svenskakyrkan.se\/tankarinforhelgen\/wp-json\/wp\/v2\/media?parent=2179"}],"wp:term":[{"taxonomy":"category","embeddable":true,"href":"https:\/\/blogg.svenskakyrkan.se\/tankarinforhelgen\/wp-json\/wp\/v2\/categories?post=2179"},{"taxonomy":"post_tag","embeddable":true,"href":"https:\/\/blogg.svenskakyrkan.se\/tankarinforhelgen\/wp-json\/wp\/v2\/tags?post=2179"}],"curies":[{"name":"wp","href":"https:\/\/api.w.org\/{rel}","templated":true}]}}