{"id":2188,"date":"2020-10-08T20:55:58","date_gmt":"2020-10-08T18:55:58","guid":{"rendered":"http:\/\/blogg.svenskakyrkan.se\/tankarinforhelgen\/?p=2188"},"modified":"2020-10-09T10:18:05","modified_gmt":"2020-10-09T08:18:05","slug":"manniskans-basta-van","status":"publish","type":"post","link":"https:\/\/blogg.svenskakyrkan.se\/tankarinforhelgen\/2020\/10\/08\/manniskans-basta-van\/","title":{"rendered":"M\u00e4nniskans b\u00e4sta v\u00e4n"},"content":{"rendered":"\n<figure class=\"wp-block-image size-large\"><img loading=\"lazy\" decoding=\"async\" width=\"1024\" height=\"659\" src=\"https:\/\/blogg.svenskakyrkan.se\/tankarinforhelgen\/files\/2020\/10\/FF993C99-9907-4202-9029-E43DE2422C50-1024x659.jpeg\" alt=\"Glad hund som blir klappad bakom \u00f6rat. Man ser att hunden njuter, den str\u00e4cker ut tungan och sluter \u00f6gonen.\" class=\"wp-image-2197\" srcset=\"https:\/\/blogg.svenskakyrkan.se\/tankarinforhelgen\/files\/2020\/10\/FF993C99-9907-4202-9029-E43DE2422C50-1024x659.jpeg 1024w, https:\/\/blogg.svenskakyrkan.se\/tankarinforhelgen\/files\/2020\/10\/FF993C99-9907-4202-9029-E43DE2422C50-300x193.jpeg 300w, https:\/\/blogg.svenskakyrkan.se\/tankarinforhelgen\/files\/2020\/10\/FF993C99-9907-4202-9029-E43DE2422C50-768x494.jpeg 768w, https:\/\/blogg.svenskakyrkan.se\/tankarinforhelgen\/files\/2020\/10\/FF993C99-9907-4202-9029-E43DE2422C50-1536x988.jpeg 1536w, https:\/\/blogg.svenskakyrkan.se\/tankarinforhelgen\/files\/2020\/10\/FF993C99-9907-4202-9029-E43DE2422C50-1200x772.jpeg 1200w, https:\/\/blogg.svenskakyrkan.se\/tankarinforhelgen\/files\/2020\/10\/FF993C99-9907-4202-9029-E43DE2422C50.jpeg 1668w\" sizes=\"auto, (max-width: 1024px) 100vw, 1024px\" \/><\/figure>\n\n\n\n<p>-Jag \u00e4lskar att ge Rufus godis, f\u00f6r han blir s\u00e5 glad n\u00e4r han f\u00e5r det, s\u00e4ger den stolta sju\u00e5ringen, som just anv\u00e4nt upp ett kvartalsbehov av Frolic p\u00e5 tio minuter. Och sant \u00e4r att b\u00e5de Rufus och sju\u00e5ringen ser extraglada ut. <br><br>-Mmm, s\u00e4ger jag. Den tomma f\u00f6rpackningen \u00e4r ett tydligt bevis f\u00f6r att man inte beh\u00f6ver vara hungrig f\u00f6r att \u00e4ta. Jag k\u00e4nner mig lite matt vid tanken p\u00e5 hur fort det kan ta slut. <br><br>Rufus ser inte matt ut. Rufus ser, absurt f\u00f6r en hund som just satt i sig hundgodis som om det var en t\u00e4vling, sv\u00e4ltande ut. Han tittar l\u00e4ngtansfullt p\u00e5 plastburken p\u00e5 v\u00e5r hallhylla d\u00e4r det, tills helt nyligen, l\u00e5g j\u00e4ttemycket godis. Sedan tittar han p\u00e5 min son. Jag ser inte Rufus blick p\u00e5 sonen, men jag ser sonens blick p\u00e5 Rufus, och jag ser hur den sm\u00e4lter. Den kan inte motst\u00e5 &#8211; den blir mjuk och fylld av k\u00e4rlek och omsorg &#8211; den letar efter mer hundgodis.<br><br>-Godiset \u00e4r slut, s\u00e4ger jag h\u00e5rdhj\u00e4rtat. Du kan g\u00e5 ut och leka med Rufus ist\u00e4llet. <br><br>De ger sig ut p\u00e5 g\u00e5rdsplanen d\u00e4r det ligger en halvt s\u00f6nderbiten boll som de kan ha kul med. <br><br>Vilken grej. Godiset \u00e4r verkligen slut, det \u00e4r bara sm\u00e5 smulor kvar i burken. Hur kan man komma p\u00e5 id\u00e9n att mata en hund med godis bara f\u00f6r att det \u00e4r kul? Jag inser, n\u00e4r jag st\u00e4ller fr\u00e5gan, att jag redan vet svaret. Det \u00e4r blicken i Rufus \u00f6gon. Den speciella k\u00e4rleksblicken, den som inte g\u00e5r att motst\u00e5, om man inte \u00e4r en h\u00e5rdhj\u00e4rtad vuxen, iallafall. <br><br>&#8221;Det \u00e4r s\u00e5 jag k\u00e4nner f\u00f6r dig,&#8221; viskar en r\u00f6st i mitt inre. En r\u00f6st jag k\u00e4nner igen, en r\u00f6st som kanske \u00e4r inbilling, eller kanske n\u00e5got annat. En r\u00f6st som k\u00e4nns som Gud. <br>&#8221;K\u00e4nner du att du vill ge mig Frolicringar?&#8221; fr\u00e5gar jag.<br>&#8221;Jag k\u00e4nner att jag vill se dig glad,&#8221; s\u00e4ger den r\u00f6st som kanske \u00e4r Guds. &#8221;Jag vill se den d\u00e4r lyckan i blicken, samma lycka som din son vill se i Rufus \u00f6gon.&#8221;<br>&#8221;Men allts\u00e5, jag vill inte vara otacksam men&#8230;&#8221; Jag tvekar. &#8221;Det \u00e4r s\u00e4llan mitt liv k\u00e4nns som att jag f\u00e5r j\u00e4ttemycket godis.&#8221;<br>\u201dS\u00e5 \u00e4r det f\u00f6r Rufus ocks\u00e5. N\u00e4r ni g\u00e5r hemifr\u00e5n p\u00e5 morgnarna k\u00e4nner han sig \u00f6vergiven. Men n\u00e4r ni kommer tillbaka blir han \u00f6verlycklig.\u201d<br>&#8221;Jag k\u00e4nner mig ocks\u00e5 \u00f6vergiven ibland,\u201d p\u00e5pekar jag, s\u00e5 att v\u00e5r Herre inte ska missa det. <br>\u201dN\u00e4r ni kommer tillbaka p\u00e5 eftermiddagen \u00e4r de sv\u00e5ra k\u00e4nslorna gl\u00f6mda &#8211; d\u00e5 k\u00e4nner Rufus igen era steg och k\u00e4nner bara k\u00e4rlek. K\u00e4rleken r\u00e4ddar oss,&#8221; h\u00f6r jag Gud s\u00e4ga. &#8221;Den gl\u00e4djen din son vill ge Rufus, den gl\u00e4djen vill du ge din son. Och den gl\u00e4djen vill jag ge alla.\u201d<br><br>S\u00e5 st\u00e5r vi d\u00e4r i hallen, ett tag, i tystnad. Jag, Gud, och den tomma burken med hundgodis. Gud vill se den d\u00e4r blicken i mina \u00f6gon, som min son ville se hos Rufus. <br><br>Det inneb\u00e4r inte att livet aldrig g\u00f6r ont eller blir fel. Det \u00e4r inget l\u00f6fte om att jag aldrig ska k\u00e4nna mig \u00f6vergiven. Men jag f\u00e5tt en ny bild av hur Gud \u00e4lskar, hur Gud l\u00e4ngtar efter min gl\u00e4dje.<br><br>Jag best\u00e4mmer mig, d\u00e4r och d\u00e5, f\u00f6r att f\u00f6rs\u00f6ka se p\u00e5 v\u00e4rlden med Rufus tillit, tacksamhet och k\u00e4rlek.<\/p>\n\n\n\n<p><\/p>\n","protected":false},"excerpt":{"rendered":"<p>-Jag \u00e4lskar att ge Rufus godis, f\u00f6r han blir s\u00e5 glad n\u00e4r han f\u00e5r det, s\u00e4ger den stolta sju\u00e5ringen, som just anv\u00e4nt upp ett kvartalsbehov av Frolic p\u00e5 tio minuter. Och sant \u00e4r att b\u00e5de Rufus och sju\u00e5ringen ser extraglada ut. -Mmm, s\u00e4ger jag. Den tomma f\u00f6rpackningen \u00e4r ett tydligt bevis f\u00f6r att man inte [&hellip;]<\/p>\n","protected":false},"author":569,"featured_media":2197,"comment_status":"open","ping_status":"open","sticky":false,"template":"","format":"standard","meta":{"_acf_changed":false,"footnotes":""},"categories":[130057],"tags":[142062,29565],"class_list":["post-2188","post","type-post","status-publish","format-standard","has-post-thumbnail","hentry","category-tacksagelsedagen","tag-charlotte-frycklund","tag-tankar-infor-helgen"],"acf":[],"yoast_head":"<!-- This site is optimized with the Yoast SEO plugin v27.1.1 - https:\/\/yoast.com\/product\/yoast-seo-wordpress\/ -->\n<title>M\u00e4nniskans b\u00e4sta v\u00e4n - Tankar inf\u00f6r helgen<\/title>\n<meta name=\"robots\" content=\"index, follow, max-snippet:-1, max-image-preview:large, max-video-preview:-1\" \/>\n<link rel=\"canonical\" href=\"https:\/\/blogg.svenskakyrkan.se\/tankarinforhelgen\/2020\/10\/08\/manniskans-basta-van\/\" \/>\n<meta property=\"og:locale\" content=\"sv_SE\" \/>\n<meta property=\"og:type\" content=\"article\" \/>\n<meta property=\"og:title\" content=\"M\u00e4nniskans b\u00e4sta v\u00e4n - Tankar inf\u00f6r helgen\" \/>\n<meta property=\"og:description\" content=\"-Jag \u00e4lskar att ge Rufus godis, f\u00f6r han blir s\u00e5 glad n\u00e4r han f\u00e5r det, s\u00e4ger den stolta sju\u00e5ringen, som just anv\u00e4nt upp ett kvartalsbehov av Frolic p\u00e5 tio minuter. Och sant \u00e4r att b\u00e5de Rufus och sju\u00e5ringen ser extraglada ut. -Mmm, s\u00e4ger jag. Den tomma f\u00f6rpackningen \u00e4r ett tydligt bevis f\u00f6r att man inte [&hellip;]\" \/>\n<meta property=\"og:url\" content=\"https:\/\/blogg.svenskakyrkan.se\/tankarinforhelgen\/2020\/10\/08\/manniskans-basta-van\/\" \/>\n<meta property=\"og:site_name\" content=\"Tankar inf\u00f6r helgen\" \/>\n<meta property=\"article:published_time\" content=\"2020-10-08T18:55:58+00:00\" \/>\n<meta property=\"article:modified_time\" content=\"2020-10-09T08:18:05+00:00\" \/>\n<meta property=\"og:image\" content=\"https:\/\/blogg.svenskakyrkan.se\/tankarinforhelgen\/files\/2020\/10\/FF993C99-9907-4202-9029-E43DE2422C50.jpeg\" \/>\n\t<meta property=\"og:image:width\" content=\"1668\" \/>\n\t<meta property=\"og:image:height\" content=\"1073\" \/>\n\t<meta property=\"og:image:type\" content=\"image\/jpeg\" \/>\n<meta name=\"author\" content=\"Charlotte Frycklund, pr\u00e4st\" \/>\n<meta name=\"twitter:card\" content=\"summary_large_image\" \/>\n<meta name=\"twitter:label1\" content=\"Skriven av\" \/>\n\t<meta name=\"twitter:data1\" content=\"Charlotte Frycklund, pr\u00e4st\" \/>\n\t<meta name=\"twitter:label2\" content=\"Ber\u00e4knad l\u00e4stid\" \/>\n\t<meta name=\"twitter:data2\" content=\"3 minuter\" \/>\n<script type=\"application\/ld+json\" class=\"yoast-schema-graph\">{\"@context\":\"https:\/\/schema.org\",\"@graph\":[{\"@type\":\"Article\",\"@id\":\"https:\/\/blogg.svenskakyrkan.se\/tankarinforhelgen\/2020\/10\/08\/manniskans-basta-van\/#article\",\"isPartOf\":{\"@id\":\"https:\/\/blogg.svenskakyrkan.se\/tankarinforhelgen\/2020\/10\/08\/manniskans-basta-van\/\"},\"author\":{\"name\":\"Charlotte Frycklund, pr\u00e4st\",\"@id\":\"https:\/\/blogg.svenskakyrkan.se\/tankarinforhelgen\/#\/schema\/person\/595d75da5bf93cf9ca814c398b63ed6d\"},\"headline\":\"M\u00e4nniskans b\u00e4sta v\u00e4n\",\"datePublished\":\"2020-10-08T18:55:58+00:00\",\"dateModified\":\"2020-10-09T08:18:05+00:00\",\"mainEntityOfPage\":{\"@id\":\"https:\/\/blogg.svenskakyrkan.se\/tankarinforhelgen\/2020\/10\/08\/manniskans-basta-van\/\"},\"wordCount\":647,\"commentCount\":4,\"image\":{\"@id\":\"https:\/\/blogg.svenskakyrkan.se\/tankarinforhelgen\/2020\/10\/08\/manniskans-basta-van\/#primaryimage\"},\"thumbnailUrl\":\"https:\/\/blogg.svenskakyrkan.se\/tankarinforhelgen\/files\/2020\/10\/FF993C99-9907-4202-9029-E43DE2422C50.jpeg\",\"keywords\":[\"Charlotte Frycklund\",\"TANKAR INF\u00d6R HELGEN\"],\"articleSection\":[\"Tacks\u00e4gelsedagen\"],\"inLanguage\":\"sv-SE\",\"potentialAction\":[{\"@type\":\"CommentAction\",\"name\":\"Comment\",\"target\":[\"https:\/\/blogg.svenskakyrkan.se\/tankarinforhelgen\/2020\/10\/08\/manniskans-basta-van\/#respond\"]}]},{\"@type\":\"WebPage\",\"@id\":\"https:\/\/blogg.svenskakyrkan.se\/tankarinforhelgen\/2020\/10\/08\/manniskans-basta-van\/\",\"url\":\"https:\/\/blogg.svenskakyrkan.se\/tankarinforhelgen\/2020\/10\/08\/manniskans-basta-van\/\",\"name\":\"M\u00e4nniskans b\u00e4sta v\u00e4n - Tankar inf\u00f6r helgen\",\"isPartOf\":{\"@id\":\"https:\/\/blogg.svenskakyrkan.se\/tankarinforhelgen\/#website\"},\"primaryImageOfPage\":{\"@id\":\"https:\/\/blogg.svenskakyrkan.se\/tankarinforhelgen\/2020\/10\/08\/manniskans-basta-van\/#primaryimage\"},\"image\":{\"@id\":\"https:\/\/blogg.svenskakyrkan.se\/tankarinforhelgen\/2020\/10\/08\/manniskans-basta-van\/#primaryimage\"},\"thumbnailUrl\":\"https:\/\/blogg.svenskakyrkan.se\/tankarinforhelgen\/files\/2020\/10\/FF993C99-9907-4202-9029-E43DE2422C50.jpeg\",\"datePublished\":\"2020-10-08T18:55:58+00:00\",\"dateModified\":\"2020-10-09T08:18:05+00:00\",\"author\":{\"@id\":\"https:\/\/blogg.svenskakyrkan.se\/tankarinforhelgen\/#\/schema\/person\/595d75da5bf93cf9ca814c398b63ed6d\"},\"breadcrumb\":{\"@id\":\"https:\/\/blogg.svenskakyrkan.se\/tankarinforhelgen\/2020\/10\/08\/manniskans-basta-van\/#breadcrumb\"},\"inLanguage\":\"sv-SE\",\"potentialAction\":[{\"@type\":\"ReadAction\",\"target\":[\"https:\/\/blogg.svenskakyrkan.se\/tankarinforhelgen\/2020\/10\/08\/manniskans-basta-van\/\"]}]},{\"@type\":\"ImageObject\",\"inLanguage\":\"sv-SE\",\"@id\":\"https:\/\/blogg.svenskakyrkan.se\/tankarinforhelgen\/2020\/10\/08\/manniskans-basta-van\/#primaryimage\",\"url\":\"https:\/\/blogg.svenskakyrkan.se\/tankarinforhelgen\/files\/2020\/10\/FF993C99-9907-4202-9029-E43DE2422C50.jpeg\",\"contentUrl\":\"https:\/\/blogg.svenskakyrkan.se\/tankarinforhelgen\/files\/2020\/10\/FF993C99-9907-4202-9029-E43DE2422C50.jpeg\",\"width\":1668,\"height\":1073},{\"@type\":\"BreadcrumbList\",\"@id\":\"https:\/\/blogg.svenskakyrkan.se\/tankarinforhelgen\/2020\/10\/08\/manniskans-basta-van\/#breadcrumb\",\"itemListElement\":[{\"@type\":\"ListItem\",\"position\":1,\"name\":\"Hem\",\"item\":\"https:\/\/blogg.svenskakyrkan.se\/tankarinforhelgen\/\"},{\"@type\":\"ListItem\",\"position\":2,\"name\":\"M\u00e4nniskans b\u00e4sta v\u00e4n\"}]},{\"@type\":\"WebSite\",\"@id\":\"https:\/\/blogg.svenskakyrkan.se\/tankarinforhelgen\/#website\",\"url\":\"https:\/\/blogg.svenskakyrkan.se\/tankarinforhelgen\/\",\"name\":\"Tankar inf\u00f6r helgen\",\"description\":\"Pr\u00e4ster funderar utifr\u00e5n kommande s\u00f6ndags texter\",\"potentialAction\":[{\"@type\":\"SearchAction\",\"target\":{\"@type\":\"EntryPoint\",\"urlTemplate\":\"https:\/\/blogg.svenskakyrkan.se\/tankarinforhelgen\/?s={search_term_string}\"},\"query-input\":{\"@type\":\"PropertyValueSpecification\",\"valueRequired\":true,\"valueName\":\"search_term_string\"}}],\"inLanguage\":\"sv-SE\"},{\"@type\":\"Person\",\"@id\":\"https:\/\/blogg.svenskakyrkan.se\/tankarinforhelgen\/#\/schema\/person\/595d75da5bf93cf9ca814c398b63ed6d\",\"name\":\"Charlotte Frycklund, pr\u00e4st\",\"image\":{\"@type\":\"ImageObject\",\"inLanguage\":\"sv-SE\",\"@id\":\"https:\/\/blogg.svenskakyrkan.se\/tankarinforhelgen\/#\/schema\/person\/image\/\",\"url\":\"https:\/\/secure.gravatar.com\/avatar\/10f37b82bf44def60f716a446302420cc1eb214cca306b573a488614ab47ee87?s=96&d=mm&r=g\",\"contentUrl\":\"https:\/\/secure.gravatar.com\/avatar\/10f37b82bf44def60f716a446302420cc1eb214cca306b573a488614ab47ee87?s=96&d=mm&r=g\",\"caption\":\"Charlotte Frycklund, pr\u00e4st\"},\"url\":\"https:\/\/blogg.svenskakyrkan.se\/tankarinforhelgen\/author\/charlottefrycklund\/\"}]}<\/script>\n<!-- \/ Yoast SEO plugin. -->","yoast_head_json":{"title":"M\u00e4nniskans b\u00e4sta v\u00e4n - Tankar inf\u00f6r helgen","robots":{"index":"index","follow":"follow","max-snippet":"max-snippet:-1","max-image-preview":"max-image-preview:large","max-video-preview":"max-video-preview:-1"},"canonical":"https:\/\/blogg.svenskakyrkan.se\/tankarinforhelgen\/2020\/10\/08\/manniskans-basta-van\/","og_locale":"sv_SE","og_type":"article","og_title":"M\u00e4nniskans b\u00e4sta v\u00e4n - Tankar inf\u00f6r helgen","og_description":"-Jag \u00e4lskar att ge Rufus godis, f\u00f6r han blir s\u00e5 glad n\u00e4r han f\u00e5r det, s\u00e4ger den stolta sju\u00e5ringen, som just anv\u00e4nt upp ett kvartalsbehov av Frolic p\u00e5 tio minuter. Och sant \u00e4r att b\u00e5de Rufus och sju\u00e5ringen ser extraglada ut. -Mmm, s\u00e4ger jag. Den tomma f\u00f6rpackningen \u00e4r ett tydligt bevis f\u00f6r att man inte [&hellip;]","og_url":"https:\/\/blogg.svenskakyrkan.se\/tankarinforhelgen\/2020\/10\/08\/manniskans-basta-van\/","og_site_name":"Tankar inf\u00f6r helgen","article_published_time":"2020-10-08T18:55:58+00:00","article_modified_time":"2020-10-09T08:18:05+00:00","og_image":[{"width":1668,"height":1073,"url":"https:\/\/blogg.svenskakyrkan.se\/tankarinforhelgen\/files\/2020\/10\/FF993C99-9907-4202-9029-E43DE2422C50.jpeg","type":"image\/jpeg"}],"author":"Charlotte Frycklund, pr\u00e4st","twitter_card":"summary_large_image","twitter_misc":{"Skriven av":"Charlotte Frycklund, pr\u00e4st","Ber\u00e4knad l\u00e4stid":"3 minuter"},"schema":{"@context":"https:\/\/schema.org","@graph":[{"@type":"Article","@id":"https:\/\/blogg.svenskakyrkan.se\/tankarinforhelgen\/2020\/10\/08\/manniskans-basta-van\/#article","isPartOf":{"@id":"https:\/\/blogg.svenskakyrkan.se\/tankarinforhelgen\/2020\/10\/08\/manniskans-basta-van\/"},"author":{"name":"Charlotte Frycklund, pr\u00e4st","@id":"https:\/\/blogg.svenskakyrkan.se\/tankarinforhelgen\/#\/schema\/person\/595d75da5bf93cf9ca814c398b63ed6d"},"headline":"M\u00e4nniskans b\u00e4sta v\u00e4n","datePublished":"2020-10-08T18:55:58+00:00","dateModified":"2020-10-09T08:18:05+00:00","mainEntityOfPage":{"@id":"https:\/\/blogg.svenskakyrkan.se\/tankarinforhelgen\/2020\/10\/08\/manniskans-basta-van\/"},"wordCount":647,"commentCount":4,"image":{"@id":"https:\/\/blogg.svenskakyrkan.se\/tankarinforhelgen\/2020\/10\/08\/manniskans-basta-van\/#primaryimage"},"thumbnailUrl":"https:\/\/blogg.svenskakyrkan.se\/tankarinforhelgen\/files\/2020\/10\/FF993C99-9907-4202-9029-E43DE2422C50.jpeg","keywords":["Charlotte Frycklund","TANKAR INF\u00d6R HELGEN"],"articleSection":["Tacks\u00e4gelsedagen"],"inLanguage":"sv-SE","potentialAction":[{"@type":"CommentAction","name":"Comment","target":["https:\/\/blogg.svenskakyrkan.se\/tankarinforhelgen\/2020\/10\/08\/manniskans-basta-van\/#respond"]}]},{"@type":"WebPage","@id":"https:\/\/blogg.svenskakyrkan.se\/tankarinforhelgen\/2020\/10\/08\/manniskans-basta-van\/","url":"https:\/\/blogg.svenskakyrkan.se\/tankarinforhelgen\/2020\/10\/08\/manniskans-basta-van\/","name":"M\u00e4nniskans b\u00e4sta v\u00e4n - Tankar inf\u00f6r helgen","isPartOf":{"@id":"https:\/\/blogg.svenskakyrkan.se\/tankarinforhelgen\/#website"},"primaryImageOfPage":{"@id":"https:\/\/blogg.svenskakyrkan.se\/tankarinforhelgen\/2020\/10\/08\/manniskans-basta-van\/#primaryimage"},"image":{"@id":"https:\/\/blogg.svenskakyrkan.se\/tankarinforhelgen\/2020\/10\/08\/manniskans-basta-van\/#primaryimage"},"thumbnailUrl":"https:\/\/blogg.svenskakyrkan.se\/tankarinforhelgen\/files\/2020\/10\/FF993C99-9907-4202-9029-E43DE2422C50.jpeg","datePublished":"2020-10-08T18:55:58+00:00","dateModified":"2020-10-09T08:18:05+00:00","author":{"@id":"https:\/\/blogg.svenskakyrkan.se\/tankarinforhelgen\/#\/schema\/person\/595d75da5bf93cf9ca814c398b63ed6d"},"breadcrumb":{"@id":"https:\/\/blogg.svenskakyrkan.se\/tankarinforhelgen\/2020\/10\/08\/manniskans-basta-van\/#breadcrumb"},"inLanguage":"sv-SE","potentialAction":[{"@type":"ReadAction","target":["https:\/\/blogg.svenskakyrkan.se\/tankarinforhelgen\/2020\/10\/08\/manniskans-basta-van\/"]}]},{"@type":"ImageObject","inLanguage":"sv-SE","@id":"https:\/\/blogg.svenskakyrkan.se\/tankarinforhelgen\/2020\/10\/08\/manniskans-basta-van\/#primaryimage","url":"https:\/\/blogg.svenskakyrkan.se\/tankarinforhelgen\/files\/2020\/10\/FF993C99-9907-4202-9029-E43DE2422C50.jpeg","contentUrl":"https:\/\/blogg.svenskakyrkan.se\/tankarinforhelgen\/files\/2020\/10\/FF993C99-9907-4202-9029-E43DE2422C50.jpeg","width":1668,"height":1073},{"@type":"BreadcrumbList","@id":"https:\/\/blogg.svenskakyrkan.se\/tankarinforhelgen\/2020\/10\/08\/manniskans-basta-van\/#breadcrumb","itemListElement":[{"@type":"ListItem","position":1,"name":"Hem","item":"https:\/\/blogg.svenskakyrkan.se\/tankarinforhelgen\/"},{"@type":"ListItem","position":2,"name":"M\u00e4nniskans b\u00e4sta v\u00e4n"}]},{"@type":"WebSite","@id":"https:\/\/blogg.svenskakyrkan.se\/tankarinforhelgen\/#website","url":"https:\/\/blogg.svenskakyrkan.se\/tankarinforhelgen\/","name":"Tankar inf\u00f6r helgen","description":"Pr\u00e4ster funderar utifr\u00e5n kommande s\u00f6ndags texter","potentialAction":[{"@type":"SearchAction","target":{"@type":"EntryPoint","urlTemplate":"https:\/\/blogg.svenskakyrkan.se\/tankarinforhelgen\/?s={search_term_string}"},"query-input":{"@type":"PropertyValueSpecification","valueRequired":true,"valueName":"search_term_string"}}],"inLanguage":"sv-SE"},{"@type":"Person","@id":"https:\/\/blogg.svenskakyrkan.se\/tankarinforhelgen\/#\/schema\/person\/595d75da5bf93cf9ca814c398b63ed6d","name":"Charlotte Frycklund, pr\u00e4st","image":{"@type":"ImageObject","inLanguage":"sv-SE","@id":"https:\/\/blogg.svenskakyrkan.se\/tankarinforhelgen\/#\/schema\/person\/image\/","url":"https:\/\/secure.gravatar.com\/avatar\/10f37b82bf44def60f716a446302420cc1eb214cca306b573a488614ab47ee87?s=96&d=mm&r=g","contentUrl":"https:\/\/secure.gravatar.com\/avatar\/10f37b82bf44def60f716a446302420cc1eb214cca306b573a488614ab47ee87?s=96&d=mm&r=g","caption":"Charlotte Frycklund, pr\u00e4st"},"url":"https:\/\/blogg.svenskakyrkan.se\/tankarinforhelgen\/author\/charlottefrycklund\/"}]}},"author_meta":{"ID":"569","user_nicename":"charlottefrycklund","user_registered":"2016-05-24 11:46:19","display_name":"Charlotte Frycklund, pr\u00e4st","first_name":"Charlotte","last_name":"Frycklund, pr\u00e4st","avatar":"https:\/\/secure.gravatar.com\/avatar\/10f37b82bf44def60f716a446302420cc1eb214cca306b573a488614ab47ee87?s=96&d=mm&r=g"},"featured_image":["https:\/\/blogg.svenskakyrkan.se\/tankarinforhelgen\/files\/2020\/10\/FF993C99-9907-4202-9029-E43DE2422C50-1024x659.jpeg",1024,659,true],"bloginfo":{"name":"Tankar inf\u00f6r helgen","url":"https:\/\/blogg.svenskakyrkan.se\/tankarinforhelgen"},"_links":{"self":[{"href":"https:\/\/blogg.svenskakyrkan.se\/tankarinforhelgen\/wp-json\/wp\/v2\/posts\/2188","targetHints":{"allow":["GET"]}}],"collection":[{"href":"https:\/\/blogg.svenskakyrkan.se\/tankarinforhelgen\/wp-json\/wp\/v2\/posts"}],"about":[{"href":"https:\/\/blogg.svenskakyrkan.se\/tankarinforhelgen\/wp-json\/wp\/v2\/types\/post"}],"author":[{"embeddable":true,"href":"https:\/\/blogg.svenskakyrkan.se\/tankarinforhelgen\/wp-json\/wp\/v2\/users\/569"}],"replies":[{"embeddable":true,"href":"https:\/\/blogg.svenskakyrkan.se\/tankarinforhelgen\/wp-json\/wp\/v2\/comments?post=2188"}],"version-history":[{"count":8,"href":"https:\/\/blogg.svenskakyrkan.se\/tankarinforhelgen\/wp-json\/wp\/v2\/posts\/2188\/revisions"}],"predecessor-version":[{"id":2199,"href":"https:\/\/blogg.svenskakyrkan.se\/tankarinforhelgen\/wp-json\/wp\/v2\/posts\/2188\/revisions\/2199"}],"wp:featuredmedia":[{"embeddable":true,"href":"https:\/\/blogg.svenskakyrkan.se\/tankarinforhelgen\/wp-json\/wp\/v2\/media\/2197"}],"wp:attachment":[{"href":"https:\/\/blogg.svenskakyrkan.se\/tankarinforhelgen\/wp-json\/wp\/v2\/media?parent=2188"}],"wp:term":[{"taxonomy":"category","embeddable":true,"href":"https:\/\/blogg.svenskakyrkan.se\/tankarinforhelgen\/wp-json\/wp\/v2\/categories?post=2188"},{"taxonomy":"post_tag","embeddable":true,"href":"https:\/\/blogg.svenskakyrkan.se\/tankarinforhelgen\/wp-json\/wp\/v2\/tags?post=2188"}],"curies":[{"name":"wp","href":"https:\/\/api.w.org\/{rel}","templated":true}]}}