{"id":2249,"date":"2020-12-09T21:42:38","date_gmt":"2020-12-09T20:42:38","guid":{"rendered":"http:\/\/blogg.svenskakyrkan.se\/tankarinforhelgen\/?p=2249"},"modified":"2020-12-09T21:42:39","modified_gmt":"2020-12-09T20:42:39","slug":"de-goda-nyheterna-i-livet","status":"publish","type":"post","link":"https:\/\/blogg.svenskakyrkan.se\/tankarinforhelgen\/2020\/12\/09\/de-goda-nyheterna-i-livet\/","title":{"rendered":"De goda nyheterna i livet"},"content":{"rendered":"\n\n\n<figure class=\"wp-block-image size-large\"><img loading=\"lazy\" decoding=\"async\" width=\"1024\" height=\"762\" src=\"https:\/\/blogg.svenskakyrkan.se\/tankarinforhelgen\/files\/2020\/12\/C86C8594-A152-4CC4-9D11-ED820AEEC082-1024x762.jpeg\" alt=\"En ung kvinna ler och tittar p\u00e5 sin mobiltelefon som hon h\u00e5ller i ena handen. Med andra handen pumpar hon i luften av gl\u00e4dje. Bakgrunden \u00e4r att hon sitter inomhus, vid en tegelv\u00e4gg med gr\u00f6na v\u00e4xter, till h\u00f6ger f\u00f6nster med ljusinsl\u00e4pp. \" class=\"wp-image-2250\" srcset=\"https:\/\/blogg.svenskakyrkan.se\/tankarinforhelgen\/files\/2020\/12\/C86C8594-A152-4CC4-9D11-ED820AEEC082-1024x762.jpeg 1024w, https:\/\/blogg.svenskakyrkan.se\/tankarinforhelgen\/files\/2020\/12\/C86C8594-A152-4CC4-9D11-ED820AEEC082-300x223.jpeg 300w, https:\/\/blogg.svenskakyrkan.se\/tankarinforhelgen\/files\/2020\/12\/C86C8594-A152-4CC4-9D11-ED820AEEC082-768x572.jpeg 768w, https:\/\/blogg.svenskakyrkan.se\/tankarinforhelgen\/files\/2020\/12\/C86C8594-A152-4CC4-9D11-ED820AEEC082-1536x1143.jpeg 1536w, https:\/\/blogg.svenskakyrkan.se\/tankarinforhelgen\/files\/2020\/12\/C86C8594-A152-4CC4-9D11-ED820AEEC082-1200x893.jpeg 1200w, https:\/\/blogg.svenskakyrkan.se\/tankarinforhelgen\/files\/2020\/12\/C86C8594-A152-4CC4-9D11-ED820AEEC082.jpeg 1987w\" sizes=\"auto, (max-width: 1024px) 100vw, 1024px\" \/><\/figure>\n\n\n\n<p>I Bibeln l\u00e4ser vi om Johannes som sitter i f\u00e4ngelse. Han vet att han troligtvis inte kommer \u00f6verleva. Men han letar efter det positiva s\u00e5 han skickar en fr\u00e5ga till Jesus om han \u00e4r den som de v\u00e4ntar p\u00e5. Jesus ger honom det svar han v\u00e4ntat p\u00e5. Det \u00e4r han!<\/p>\n\n\n\n<p>Den 17 december f\u00f6rra \u00e5ret startade jag ett projekt som jag kallade \u201dPositiva nyheter\u201d. Jag best\u00e4mde mig att under ett \u00e5r skriva en positiv nyhet\/dag p\u00e5 sociala medier. Det kunde vara personligt eller n\u00e5got helt annat. Men n\u00e5got som jag personligen tyckte var positivt.<\/p>\n\n\n\n<p>Det var innan Corona, det var innan begr\u00e4nsningar av folksamlingar och det var innan allt verkade g\u00e5 \u00e5t helt fel h\u00e5ll. Men kanske var det just det som var meningen.<\/p>\n\n\n\n<p>N\u00e4r det \u00e4r som m\u00f6rkast beh\u00f6ver vi k\u00e4rleken. D\u00e5 beh\u00f6ver vi se till de ljusglimtar som finns.<\/p>\n\n\n\n<p>Den 22\/12 skrev jag \u201dR\u00e5djur, \u00e4lgar och andra djur kommer \u00e5t gr\u00e4set i Dalarna\u201d. Den 24\/12 skrev jag \u201dSn\u00f6n i Ludvika kom lagom till Tomten\u201d.<\/p>\n\n\n\n<p>Tv\u00e5 helt olika v\u00e4der d\u00e4r man kan v\u00e4lja att se det negativt eller se det positivt. Och jag har sett s\u00e5 mycket positivt det h\u00e4r \u00e5ret, om milj\u00f6, om andra m\u00e4nniskors k\u00e4rlek och om att uppskatta de sm\u00e5 sakerna i vardagen.<\/p>\n\n\n\n<p>Jag tror att vi kan \u00e4ndra v\u00e4rlden genom att f\u00f6rs\u00f6ka se det positiva i omv\u00e4rlden.<br>Att f\u00f6rs\u00f6ka hitta n\u00e5got positivt.<br>Det inneb\u00e4r inte att blunda f\u00f6r sanningen. Johannes blev senare halshuggen. Vi skall se v\u00e4rlden med realistiska \u00f6gon. Men vi kan \u00e4ven se det positiva.<\/p>\n\n\n\n<p>Om du tillsammans med mig vill g\u00f6ra n\u00e5got f\u00f6r att kanske b\u00e4ttre p\u00e5 v\u00e4rlden lite inf\u00f6r jul och ny\u00e5r, prova d\u00e5 sj\u00e4lv! Du kan ocks\u00e5 leta reda p\u00e5 n\u00e5got du tycker \u00e4r positivt i ditt liv eller i din omv\u00e4rld. Skriv det som en socialamedie-status och l\u00e5t andra gl\u00e4djas \u00e5t det.<br>Till sist vill jag ge dig det absolut mest positiva och k\u00e4rleksfulla som jag kan ge till n\u00e5gon.<\/p>\n\n\n\n<p>Guds rika v\u00e4lsignelse \u00f6nskar jag dig!<br>Herren v\u00e4lsignar dig och bevarar dig<br>Herren l\u00e5ter sitt ansikte lysa mot dig och visar dig n\u00e5d. <br>Herren v\u00e4nder sitt ansikte till dig och ger dig sin fred och sin frid<br>I Faderns, Sonens och den Heliga Andens namn.<\/p>\n\n\n\n<p>\/Daniel Jansson Brask<\/p>\n","protected":false},"excerpt":{"rendered":"<p>I Bibeln l\u00e4ser vi om Johannes som sitter i f\u00e4ngelse. Han vet att han troligtvis inte kommer \u00f6verleva. Men han letar efter det positiva s\u00e5 han skickar en fr\u00e5ga till Jesus om han \u00e4r den som de v\u00e4ntar p\u00e5. Jesus ger honom det svar han v\u00e4ntat p\u00e5. Det \u00e4r han! Den 17 december f\u00f6rra \u00e5ret [&hellip;]<\/p>\n","protected":false},"author":705,"featured_media":2250,"comment_status":"open","ping_status":"open","sticky":false,"template":"","format":"standard","meta":{"_acf_changed":false,"footnotes":""},"categories":[127776],"tags":[159858,142457],"class_list":["post-2249","post","type-post","status-publish","format-standard","has-post-thumbnail","hentry","category-tredje-sondagen-i-advent","tag-daniel-jansson-brask","tag-tankarinforhelgen"],"acf":[],"yoast_head":"<!-- This site is optimized with the Yoast SEO plugin v27.1.1 - https:\/\/yoast.com\/product\/yoast-seo-wordpress\/ -->\n<title>De goda nyheterna i livet - Tankar inf\u00f6r helgen<\/title>\n<meta name=\"robots\" content=\"index, follow, max-snippet:-1, max-image-preview:large, max-video-preview:-1\" \/>\n<link rel=\"canonical\" href=\"https:\/\/blogg.svenskakyrkan.se\/tankarinforhelgen\/2020\/12\/09\/de-goda-nyheterna-i-livet\/\" \/>\n<meta property=\"og:locale\" content=\"sv_SE\" \/>\n<meta property=\"og:type\" content=\"article\" \/>\n<meta property=\"og:title\" content=\"De goda nyheterna i livet - Tankar inf\u00f6r helgen\" \/>\n<meta property=\"og:description\" content=\"I Bibeln l\u00e4ser vi om Johannes som sitter i f\u00e4ngelse. Han vet att han troligtvis inte kommer \u00f6verleva. Men han letar efter det positiva s\u00e5 han skickar en fr\u00e5ga till Jesus om han \u00e4r den som de v\u00e4ntar p\u00e5. Jesus ger honom det svar han v\u00e4ntat p\u00e5. Det \u00e4r han! Den 17 december f\u00f6rra \u00e5ret [&hellip;]\" \/>\n<meta property=\"og:url\" content=\"https:\/\/blogg.svenskakyrkan.se\/tankarinforhelgen\/2020\/12\/09\/de-goda-nyheterna-i-livet\/\" \/>\n<meta property=\"og:site_name\" content=\"Tankar inf\u00f6r helgen\" \/>\n<meta property=\"article:published_time\" content=\"2020-12-09T20:42:38+00:00\" \/>\n<meta property=\"article:modified_time\" content=\"2020-12-09T20:42:39+00:00\" \/>\n<meta property=\"og:image\" content=\"https:\/\/blogg.svenskakyrkan.se\/tankarinforhelgen\/files\/2020\/12\/C86C8594-A152-4CC4-9D11-ED820AEEC082.jpeg\" \/>\n\t<meta property=\"og:image:width\" content=\"1987\" \/>\n\t<meta property=\"og:image:height\" content=\"1479\" \/>\n\t<meta property=\"og:image:type\" content=\"image\/jpeg\" \/>\n<meta name=\"author\" content=\"Daniel Jansson Brask, pr\u00e4st\" \/>\n<meta name=\"twitter:card\" content=\"summary_large_image\" \/>\n<meta name=\"twitter:label1\" content=\"Skriven av\" \/>\n\t<meta name=\"twitter:data1\" content=\"Daniel Jansson Brask, pr\u00e4st\" \/>\n\t<meta name=\"twitter:label2\" content=\"Ber\u00e4knad l\u00e4stid\" \/>\n\t<meta name=\"twitter:data2\" content=\"2 minuter\" \/>\n<script type=\"application\/ld+json\" class=\"yoast-schema-graph\">{\"@context\":\"https:\/\/schema.org\",\"@graph\":[{\"@type\":\"Article\",\"@id\":\"https:\/\/blogg.svenskakyrkan.se\/tankarinforhelgen\/2020\/12\/09\/de-goda-nyheterna-i-livet\/#article\",\"isPartOf\":{\"@id\":\"https:\/\/blogg.svenskakyrkan.se\/tankarinforhelgen\/2020\/12\/09\/de-goda-nyheterna-i-livet\/\"},\"author\":{\"name\":\"Daniel Jansson Brask, pr\u00e4st\",\"@id\":\"https:\/\/blogg.svenskakyrkan.se\/tankarinforhelgen\/#\/schema\/person\/e1626365c2dbbb61049f880c91dc96dc\"},\"headline\":\"De goda nyheterna i livet\",\"datePublished\":\"2020-12-09T20:42:38+00:00\",\"dateModified\":\"2020-12-09T20:42:39+00:00\",\"mainEntityOfPage\":{\"@id\":\"https:\/\/blogg.svenskakyrkan.se\/tankarinforhelgen\/2020\/12\/09\/de-goda-nyheterna-i-livet\/\"},\"wordCount\":424,\"commentCount\":1,\"image\":{\"@id\":\"https:\/\/blogg.svenskakyrkan.se\/tankarinforhelgen\/2020\/12\/09\/de-goda-nyheterna-i-livet\/#primaryimage\"},\"thumbnailUrl\":\"https:\/\/blogg.svenskakyrkan.se\/tankarinforhelgen\/files\/2020\/12\/C86C8594-A152-4CC4-9D11-ED820AEEC082.jpeg\",\"keywords\":[\"Daniel Jansson Brask\",\"TANKARINFORHELGEN\"],\"articleSection\":[\"Tredje s\u00f6ndagen i advent\"],\"inLanguage\":\"sv-SE\",\"potentialAction\":[{\"@type\":\"CommentAction\",\"name\":\"Comment\",\"target\":[\"https:\/\/blogg.svenskakyrkan.se\/tankarinforhelgen\/2020\/12\/09\/de-goda-nyheterna-i-livet\/#respond\"]}]},{\"@type\":\"WebPage\",\"@id\":\"https:\/\/blogg.svenskakyrkan.se\/tankarinforhelgen\/2020\/12\/09\/de-goda-nyheterna-i-livet\/\",\"url\":\"https:\/\/blogg.svenskakyrkan.se\/tankarinforhelgen\/2020\/12\/09\/de-goda-nyheterna-i-livet\/\",\"name\":\"De goda nyheterna i livet - Tankar inf\u00f6r helgen\",\"isPartOf\":{\"@id\":\"https:\/\/blogg.svenskakyrkan.se\/tankarinforhelgen\/#website\"},\"primaryImageOfPage\":{\"@id\":\"https:\/\/blogg.svenskakyrkan.se\/tankarinforhelgen\/2020\/12\/09\/de-goda-nyheterna-i-livet\/#primaryimage\"},\"image\":{\"@id\":\"https:\/\/blogg.svenskakyrkan.se\/tankarinforhelgen\/2020\/12\/09\/de-goda-nyheterna-i-livet\/#primaryimage\"},\"thumbnailUrl\":\"https:\/\/blogg.svenskakyrkan.se\/tankarinforhelgen\/files\/2020\/12\/C86C8594-A152-4CC4-9D11-ED820AEEC082.jpeg\",\"datePublished\":\"2020-12-09T20:42:38+00:00\",\"dateModified\":\"2020-12-09T20:42:39+00:00\",\"author\":{\"@id\":\"https:\/\/blogg.svenskakyrkan.se\/tankarinforhelgen\/#\/schema\/person\/e1626365c2dbbb61049f880c91dc96dc\"},\"breadcrumb\":{\"@id\":\"https:\/\/blogg.svenskakyrkan.se\/tankarinforhelgen\/2020\/12\/09\/de-goda-nyheterna-i-livet\/#breadcrumb\"},\"inLanguage\":\"sv-SE\",\"potentialAction\":[{\"@type\":\"ReadAction\",\"target\":[\"https:\/\/blogg.svenskakyrkan.se\/tankarinforhelgen\/2020\/12\/09\/de-goda-nyheterna-i-livet\/\"]}]},{\"@type\":\"ImageObject\",\"inLanguage\":\"sv-SE\",\"@id\":\"https:\/\/blogg.svenskakyrkan.se\/tankarinforhelgen\/2020\/12\/09\/de-goda-nyheterna-i-livet\/#primaryimage\",\"url\":\"https:\/\/blogg.svenskakyrkan.se\/tankarinforhelgen\/files\/2020\/12\/C86C8594-A152-4CC4-9D11-ED820AEEC082.jpeg\",\"contentUrl\":\"https:\/\/blogg.svenskakyrkan.se\/tankarinforhelgen\/files\/2020\/12\/C86C8594-A152-4CC4-9D11-ED820AEEC082.jpeg\",\"width\":1987,\"height\":1479},{\"@type\":\"BreadcrumbList\",\"@id\":\"https:\/\/blogg.svenskakyrkan.se\/tankarinforhelgen\/2020\/12\/09\/de-goda-nyheterna-i-livet\/#breadcrumb\",\"itemListElement\":[{\"@type\":\"ListItem\",\"position\":1,\"name\":\"Hem\",\"item\":\"https:\/\/blogg.svenskakyrkan.se\/tankarinforhelgen\/\"},{\"@type\":\"ListItem\",\"position\":2,\"name\":\"De goda nyheterna i livet\"}]},{\"@type\":\"WebSite\",\"@id\":\"https:\/\/blogg.svenskakyrkan.se\/tankarinforhelgen\/#website\",\"url\":\"https:\/\/blogg.svenskakyrkan.se\/tankarinforhelgen\/\",\"name\":\"Tankar inf\u00f6r helgen\",\"description\":\"Pr\u00e4ster funderar utifr\u00e5n kommande s\u00f6ndags texter\",\"potentialAction\":[{\"@type\":\"SearchAction\",\"target\":{\"@type\":\"EntryPoint\",\"urlTemplate\":\"https:\/\/blogg.svenskakyrkan.se\/tankarinforhelgen\/?s={search_term_string}\"},\"query-input\":{\"@type\":\"PropertyValueSpecification\",\"valueRequired\":true,\"valueName\":\"search_term_string\"}}],\"inLanguage\":\"sv-SE\"},{\"@type\":\"Person\",\"@id\":\"https:\/\/blogg.svenskakyrkan.se\/tankarinforhelgen\/#\/schema\/person\/e1626365c2dbbb61049f880c91dc96dc\",\"name\":\"Daniel Jansson Brask, pr\u00e4st\",\"image\":{\"@type\":\"ImageObject\",\"inLanguage\":\"sv-SE\",\"@id\":\"https:\/\/blogg.svenskakyrkan.se\/tankarinforhelgen\/#\/schema\/person\/image\/\",\"url\":\"https:\/\/secure.gravatar.com\/avatar\/983df3982d3ca67d1332535cccd21b93df1d2360413ec341748f6964cf942e6d?s=96&d=mm&r=g\",\"contentUrl\":\"https:\/\/secure.gravatar.com\/avatar\/983df3982d3ca67d1332535cccd21b93df1d2360413ec341748f6964cf942e6d?s=96&d=mm&r=g\",\"caption\":\"Daniel Jansson Brask, pr\u00e4st\"},\"url\":\"https:\/\/blogg.svenskakyrkan.se\/tankarinforhelgen\/author\/danieljanssonbrask\/\"}]}<\/script>\n<!-- \/ Yoast SEO plugin. -->","yoast_head_json":{"title":"De goda nyheterna i livet - Tankar inf\u00f6r helgen","robots":{"index":"index","follow":"follow","max-snippet":"max-snippet:-1","max-image-preview":"max-image-preview:large","max-video-preview":"max-video-preview:-1"},"canonical":"https:\/\/blogg.svenskakyrkan.se\/tankarinforhelgen\/2020\/12\/09\/de-goda-nyheterna-i-livet\/","og_locale":"sv_SE","og_type":"article","og_title":"De goda nyheterna i livet - Tankar inf\u00f6r helgen","og_description":"I Bibeln l\u00e4ser vi om Johannes som sitter i f\u00e4ngelse. Han vet att han troligtvis inte kommer \u00f6verleva. Men han letar efter det positiva s\u00e5 han skickar en fr\u00e5ga till Jesus om han \u00e4r den som de v\u00e4ntar p\u00e5. Jesus ger honom det svar han v\u00e4ntat p\u00e5. Det \u00e4r han! Den 17 december f\u00f6rra \u00e5ret [&hellip;]","og_url":"https:\/\/blogg.svenskakyrkan.se\/tankarinforhelgen\/2020\/12\/09\/de-goda-nyheterna-i-livet\/","og_site_name":"Tankar inf\u00f6r helgen","article_published_time":"2020-12-09T20:42:38+00:00","article_modified_time":"2020-12-09T20:42:39+00:00","og_image":[{"width":1987,"height":1479,"url":"https:\/\/blogg.svenskakyrkan.se\/tankarinforhelgen\/files\/2020\/12\/C86C8594-A152-4CC4-9D11-ED820AEEC082.jpeg","type":"image\/jpeg"}],"author":"Daniel Jansson Brask, pr\u00e4st","twitter_card":"summary_large_image","twitter_misc":{"Skriven av":"Daniel Jansson Brask, pr\u00e4st","Ber\u00e4knad l\u00e4stid":"2 minuter"},"schema":{"@context":"https:\/\/schema.org","@graph":[{"@type":"Article","@id":"https:\/\/blogg.svenskakyrkan.se\/tankarinforhelgen\/2020\/12\/09\/de-goda-nyheterna-i-livet\/#article","isPartOf":{"@id":"https:\/\/blogg.svenskakyrkan.se\/tankarinforhelgen\/2020\/12\/09\/de-goda-nyheterna-i-livet\/"},"author":{"name":"Daniel Jansson Brask, pr\u00e4st","@id":"https:\/\/blogg.svenskakyrkan.se\/tankarinforhelgen\/#\/schema\/person\/e1626365c2dbbb61049f880c91dc96dc"},"headline":"De goda nyheterna i livet","datePublished":"2020-12-09T20:42:38+00:00","dateModified":"2020-12-09T20:42:39+00:00","mainEntityOfPage":{"@id":"https:\/\/blogg.svenskakyrkan.se\/tankarinforhelgen\/2020\/12\/09\/de-goda-nyheterna-i-livet\/"},"wordCount":424,"commentCount":1,"image":{"@id":"https:\/\/blogg.svenskakyrkan.se\/tankarinforhelgen\/2020\/12\/09\/de-goda-nyheterna-i-livet\/#primaryimage"},"thumbnailUrl":"https:\/\/blogg.svenskakyrkan.se\/tankarinforhelgen\/files\/2020\/12\/C86C8594-A152-4CC4-9D11-ED820AEEC082.jpeg","keywords":["Daniel Jansson Brask","TANKARINFORHELGEN"],"articleSection":["Tredje s\u00f6ndagen i advent"],"inLanguage":"sv-SE","potentialAction":[{"@type":"CommentAction","name":"Comment","target":["https:\/\/blogg.svenskakyrkan.se\/tankarinforhelgen\/2020\/12\/09\/de-goda-nyheterna-i-livet\/#respond"]}]},{"@type":"WebPage","@id":"https:\/\/blogg.svenskakyrkan.se\/tankarinforhelgen\/2020\/12\/09\/de-goda-nyheterna-i-livet\/","url":"https:\/\/blogg.svenskakyrkan.se\/tankarinforhelgen\/2020\/12\/09\/de-goda-nyheterna-i-livet\/","name":"De goda nyheterna i livet - Tankar inf\u00f6r helgen","isPartOf":{"@id":"https:\/\/blogg.svenskakyrkan.se\/tankarinforhelgen\/#website"},"primaryImageOfPage":{"@id":"https:\/\/blogg.svenskakyrkan.se\/tankarinforhelgen\/2020\/12\/09\/de-goda-nyheterna-i-livet\/#primaryimage"},"image":{"@id":"https:\/\/blogg.svenskakyrkan.se\/tankarinforhelgen\/2020\/12\/09\/de-goda-nyheterna-i-livet\/#primaryimage"},"thumbnailUrl":"https:\/\/blogg.svenskakyrkan.se\/tankarinforhelgen\/files\/2020\/12\/C86C8594-A152-4CC4-9D11-ED820AEEC082.jpeg","datePublished":"2020-12-09T20:42:38+00:00","dateModified":"2020-12-09T20:42:39+00:00","author":{"@id":"https:\/\/blogg.svenskakyrkan.se\/tankarinforhelgen\/#\/schema\/person\/e1626365c2dbbb61049f880c91dc96dc"},"breadcrumb":{"@id":"https:\/\/blogg.svenskakyrkan.se\/tankarinforhelgen\/2020\/12\/09\/de-goda-nyheterna-i-livet\/#breadcrumb"},"inLanguage":"sv-SE","potentialAction":[{"@type":"ReadAction","target":["https:\/\/blogg.svenskakyrkan.se\/tankarinforhelgen\/2020\/12\/09\/de-goda-nyheterna-i-livet\/"]}]},{"@type":"ImageObject","inLanguage":"sv-SE","@id":"https:\/\/blogg.svenskakyrkan.se\/tankarinforhelgen\/2020\/12\/09\/de-goda-nyheterna-i-livet\/#primaryimage","url":"https:\/\/blogg.svenskakyrkan.se\/tankarinforhelgen\/files\/2020\/12\/C86C8594-A152-4CC4-9D11-ED820AEEC082.jpeg","contentUrl":"https:\/\/blogg.svenskakyrkan.se\/tankarinforhelgen\/files\/2020\/12\/C86C8594-A152-4CC4-9D11-ED820AEEC082.jpeg","width":1987,"height":1479},{"@type":"BreadcrumbList","@id":"https:\/\/blogg.svenskakyrkan.se\/tankarinforhelgen\/2020\/12\/09\/de-goda-nyheterna-i-livet\/#breadcrumb","itemListElement":[{"@type":"ListItem","position":1,"name":"Hem","item":"https:\/\/blogg.svenskakyrkan.se\/tankarinforhelgen\/"},{"@type":"ListItem","position":2,"name":"De goda nyheterna i livet"}]},{"@type":"WebSite","@id":"https:\/\/blogg.svenskakyrkan.se\/tankarinforhelgen\/#website","url":"https:\/\/blogg.svenskakyrkan.se\/tankarinforhelgen\/","name":"Tankar inf\u00f6r helgen","description":"Pr\u00e4ster funderar utifr\u00e5n kommande s\u00f6ndags texter","potentialAction":[{"@type":"SearchAction","target":{"@type":"EntryPoint","urlTemplate":"https:\/\/blogg.svenskakyrkan.se\/tankarinforhelgen\/?s={search_term_string}"},"query-input":{"@type":"PropertyValueSpecification","valueRequired":true,"valueName":"search_term_string"}}],"inLanguage":"sv-SE"},{"@type":"Person","@id":"https:\/\/blogg.svenskakyrkan.se\/tankarinforhelgen\/#\/schema\/person\/e1626365c2dbbb61049f880c91dc96dc","name":"Daniel Jansson Brask, pr\u00e4st","image":{"@type":"ImageObject","inLanguage":"sv-SE","@id":"https:\/\/blogg.svenskakyrkan.se\/tankarinforhelgen\/#\/schema\/person\/image\/","url":"https:\/\/secure.gravatar.com\/avatar\/983df3982d3ca67d1332535cccd21b93df1d2360413ec341748f6964cf942e6d?s=96&d=mm&r=g","contentUrl":"https:\/\/secure.gravatar.com\/avatar\/983df3982d3ca67d1332535cccd21b93df1d2360413ec341748f6964cf942e6d?s=96&d=mm&r=g","caption":"Daniel Jansson Brask, pr\u00e4st"},"url":"https:\/\/blogg.svenskakyrkan.se\/tankarinforhelgen\/author\/danieljanssonbrask\/"}]}},"author_meta":{"ID":"705","user_nicename":"danieljanssonbrask","user_registered":"2019-03-27 09:59:58","display_name":"Daniel Jansson Brask, pr\u00e4st","first_name":"Daniel","last_name":"Jansson Brask, pr\u00e4st","avatar":"https:\/\/secure.gravatar.com\/avatar\/983df3982d3ca67d1332535cccd21b93df1d2360413ec341748f6964cf942e6d?s=96&d=mm&r=g"},"featured_image":["https:\/\/blogg.svenskakyrkan.se\/tankarinforhelgen\/files\/2020\/12\/C86C8594-A152-4CC4-9D11-ED820AEEC082-1024x762.jpeg",1024,762,true],"bloginfo":{"name":"Tankar inf\u00f6r helgen","url":"https:\/\/blogg.svenskakyrkan.se\/tankarinforhelgen"},"_links":{"self":[{"href":"https:\/\/blogg.svenskakyrkan.se\/tankarinforhelgen\/wp-json\/wp\/v2\/posts\/2249","targetHints":{"allow":["GET"]}}],"collection":[{"href":"https:\/\/blogg.svenskakyrkan.se\/tankarinforhelgen\/wp-json\/wp\/v2\/posts"}],"about":[{"href":"https:\/\/blogg.svenskakyrkan.se\/tankarinforhelgen\/wp-json\/wp\/v2\/types\/post"}],"author":[{"embeddable":true,"href":"https:\/\/blogg.svenskakyrkan.se\/tankarinforhelgen\/wp-json\/wp\/v2\/users\/705"}],"replies":[{"embeddable":true,"href":"https:\/\/blogg.svenskakyrkan.se\/tankarinforhelgen\/wp-json\/wp\/v2\/comments?post=2249"}],"version-history":[{"count":1,"href":"https:\/\/blogg.svenskakyrkan.se\/tankarinforhelgen\/wp-json\/wp\/v2\/posts\/2249\/revisions"}],"predecessor-version":[{"id":2251,"href":"https:\/\/blogg.svenskakyrkan.se\/tankarinforhelgen\/wp-json\/wp\/v2\/posts\/2249\/revisions\/2251"}],"wp:featuredmedia":[{"embeddable":true,"href":"https:\/\/blogg.svenskakyrkan.se\/tankarinforhelgen\/wp-json\/wp\/v2\/media\/2250"}],"wp:attachment":[{"href":"https:\/\/blogg.svenskakyrkan.se\/tankarinforhelgen\/wp-json\/wp\/v2\/media?parent=2249"}],"wp:term":[{"taxonomy":"category","embeddable":true,"href":"https:\/\/blogg.svenskakyrkan.se\/tankarinforhelgen\/wp-json\/wp\/v2\/categories?post=2249"},{"taxonomy":"post_tag","embeddable":true,"href":"https:\/\/blogg.svenskakyrkan.se\/tankarinforhelgen\/wp-json\/wp\/v2\/tags?post=2249"}],"curies":[{"name":"wp","href":"https:\/\/api.w.org\/{rel}","templated":true}]}}