{"id":23,"date":"2016-03-20T14:01:30","date_gmt":"2016-03-20T13:01:30","guid":{"rendered":"http:\/\/blogg.svenskakyrkan.se\/tankarinforhelgen\/?p=23"},"modified":"2018-03-15T10:53:56","modified_gmt":"2018-03-15T09:53:56","slug":"naden-galler-dig-och-mig","status":"publish","type":"post","link":"https:\/\/blogg.svenskakyrkan.se\/tankarinforhelgen\/2016\/03\/20\/naden-galler-dig-och-mig\/","title":{"rendered":"N\u00e5den g\u00e4ller dig och mig"},"content":{"rendered":"<h1 class=\"intro-title\">Tankar inf\u00f6r Palms\u00f6ndagen 20 mars<\/h1>\n<p><em>Under p\u00e5sken kommer Jesus inridande f\u00f6r att dela min gl\u00e4dje och mitt liv, men ocks\u00e5 f\u00f6r att dela mitt lidande och min sorg. St\u00e4ndigt p\u00e5minner han mig om att det var f\u00f6r mig han dog och att han skulle g\u00f6ra det igen.<\/em><\/p>\n<p>Och s\u00e5 rider Jesus in igen p\u00e5 sin \u00e5sna, till Jerusalem. Precis som varje \u00e5r, b\u00e5de p\u00e5 f\u00f6rsta advent och palms\u00f6ndagen.<\/p>\n<p>\u00c4r det fler \u00e4n jag som kan storkna p\u00e5 detta eviga inridande? N\u00e5gon mer predikant d\u00e4r ute som kan k\u00e4nna att den h\u00e4r texten bara maler och maler om och om igen tills man har tr\u00f6skat igenom vartenda uns av den? Javisst, det \u00e4r en fantastisk text, men ska det vara n\u00f6dv\u00e4ndigt att rida in s\u00e5d\u00e4r stup i kvarten?<\/p>\n<p>F\u00f6r vi vet ju hur det g\u00e5r. P\u00e5 julen rider han in i v\u00e5ra liv med gl\u00e4dje, kommer som ett litet barn med ljus och hopp. P\u00e5 p\u00e5sken rider han in under gl\u00e4dje men Hosiannaropen f\u00f6rbyts snart i l\u00e5ngfredagens \u201dkorsf\u00e4st!\u201d. Han rider f\u00f6rst till liv och sedan till d\u00f6d, \u00e5r ut och \u00e5r in.<\/p>\n<p>Det kan g\u00f6ra mig s\u00e5 ledsen, detta att han g\u00f6r det om och om igen. Det k\u00e4nns som vi korsf\u00e4ster Gud varje \u00e5r och \u00e4nd\u00e5 bara forts\u00e4tter han att komma, att f\u00f6das och att d\u00f6. Det \u00e4r s\u00e5 sorgligt, att han aldrig verkar begripa att det bara kan sluta p\u00e5 ett s\u00e4tt, att det varje g\u00e5ng slutar med tortyr, om\u00e4nskligt lidande, svek och f\u00f6rnedring. Eller\u2026<\/p>\n<p>Kanske finns det en po\u00e4ng i detta eviga inridande som aldrig slutar. F\u00f6r Jesus ger aldrig upp om oss. Han rider inte bara in i v\u00e5ra liv tv\u00e5 g\u00e5nger om \u00e5ret, han g\u00f6r det st\u00e4ndigt, var eviga dag. N\u00e4r jag \u00e4r upptagen med vardagens bekymmer, n\u00e4r jag \u00e4r lycklig eller olycklig, tr\u00f6tt eller pigg. Han kommer skumpandes i alla v\u00e4der, lika envis som \u00e5snan han sitter p\u00e5.<\/p>\n<p>Han kommer inridande f\u00f6r att dela min gl\u00e4dje och mitt liv, men ocks\u00e5 f\u00f6r att dela mitt lidande och min sorg. St\u00e4ndigt p\u00e5minner han mig om att det var f\u00f6r mig han dog och att han skulle g\u00f6ra det igen och igen och igen. N\u00e5den g\u00e4ller mig och dig och alla, \u00e4ven n\u00e4r vi inte tror det eller k\u00e4nner det. Likt en envis telefonf\u00f6rs\u00e4ljare knackar han p\u00e5 hj\u00e4rtats d\u00f6rr och l\u00e5ter klappret fr\u00e5n hovarna p\u00e5minna oss om att han \u00e4r d\u00e4r, att han inte g\u00e5r att stoppa.<\/p>\n<p>Och nej, det slutar inte med d\u00f6d, det slutar med uppst\u00e5ndelse och liv. Lika s\u00e4kert som Jesus rider mot lidande och d\u00f6d denna palms\u00f6ndag, lika s\u00e4kert \u00e4r det att han rider mot uppst\u00e5ndelse och liv. Det \u00e4r tr\u00f6stande f\u00f6r mig, detta att klappret fr\u00e5n hovarna st\u00e4ndigt ljuder genom v\u00e4rlden och genom mitt liv. Ibland h\u00f6r jag d\u00f6d och lidande, ibland h\u00f6r jag hopp och uppst\u00e5ndelse och b\u00e5da \u00e4r lika sant.<\/p>\n<p><em>Ida Eklund, pr\u00e4st i H\u00f6llvikens f\u00f6rsamling<\/em><\/p>\n","protected":false},"excerpt":{"rendered":"<p>Tankar inf\u00f6r Palms\u00f6ndagen 20 mars Under p\u00e5sken kommer Jesus inridande f\u00f6r att dela min gl\u00e4dje och mitt liv, men ocks\u00e5 f\u00f6r att dela mitt lidande och min sorg. St\u00e4ndigt p\u00e5minner han mig om att det var f\u00f6r mig han dog och att han skulle g\u00f6ra det igen. Och s\u00e5 rider Jesus in igen p\u00e5 sin [&hellip;]<\/p>\n","protected":false},"author":458,"featured_media":0,"comment_status":"open","ping_status":"open","sticky":false,"template":"","format":"standard","meta":{"_acf_changed":false,"footnotes":""},"categories":[99413],"tags":[159852],"class_list":["post-23","post","type-post","status-publish","format-standard","hentry","category-palmsondagen","tag-paskens-drama"],"acf":[],"yoast_head":"<!-- This site is optimized with the Yoast SEO plugin v27.1.1 - https:\/\/yoast.com\/product\/yoast-seo-wordpress\/ -->\n<title>N\u00e5den g\u00e4ller dig och mig - Tankar inf\u00f6r helgen<\/title>\n<meta name=\"robots\" content=\"index, follow, max-snippet:-1, max-image-preview:large, max-video-preview:-1\" \/>\n<link rel=\"canonical\" href=\"https:\/\/blogg.svenskakyrkan.se\/tankarinforhelgen\/2016\/03\/20\/naden-galler-dig-och-mig\/\" \/>\n<meta property=\"og:locale\" content=\"sv_SE\" \/>\n<meta property=\"og:type\" content=\"article\" \/>\n<meta property=\"og:title\" content=\"N\u00e5den g\u00e4ller dig och mig - Tankar inf\u00f6r helgen\" \/>\n<meta property=\"og:description\" content=\"Tankar inf\u00f6r Palms\u00f6ndagen 20 mars Under p\u00e5sken kommer Jesus inridande f\u00f6r att dela min gl\u00e4dje och mitt liv, men ocks\u00e5 f\u00f6r att dela mitt lidande och min sorg. St\u00e4ndigt p\u00e5minner han mig om att det var f\u00f6r mig han dog och att han skulle g\u00f6ra det igen. Och s\u00e5 rider Jesus in igen p\u00e5 sin [&hellip;]\" \/>\n<meta property=\"og:url\" content=\"https:\/\/blogg.svenskakyrkan.se\/tankarinforhelgen\/2016\/03\/20\/naden-galler-dig-och-mig\/\" \/>\n<meta property=\"og:site_name\" content=\"Tankar inf\u00f6r helgen\" \/>\n<meta property=\"article:published_time\" content=\"2016-03-20T13:01:30+00:00\" \/>\n<meta property=\"article:modified_time\" content=\"2018-03-15T09:53:56+00:00\" \/>\n<meta name=\"author\" content=\"Magdalena Wernefeldt\" \/>\n<meta name=\"twitter:card\" content=\"summary_large_image\" \/>\n<meta name=\"twitter:label1\" content=\"Skriven av\" \/>\n\t<meta name=\"twitter:data1\" content=\"Magdalena Wernefeldt\" \/>\n\t<meta name=\"twitter:label2\" content=\"Ber\u00e4knad l\u00e4stid\" \/>\n\t<meta name=\"twitter:data2\" content=\"3 minuter\" \/>\n<script type=\"application\/ld+json\" class=\"yoast-schema-graph\">{\"@context\":\"https:\/\/schema.org\",\"@graph\":[{\"@type\":\"Article\",\"@id\":\"https:\/\/blogg.svenskakyrkan.se\/tankarinforhelgen\/2016\/03\/20\/naden-galler-dig-och-mig\/#article\",\"isPartOf\":{\"@id\":\"https:\/\/blogg.svenskakyrkan.se\/tankarinforhelgen\/2016\/03\/20\/naden-galler-dig-och-mig\/\"},\"author\":{\"name\":\"Magdalena Wernefeldt\",\"@id\":\"https:\/\/blogg.svenskakyrkan.se\/tankarinforhelgen\/#\/schema\/person\/c19e8a124f507336a7f712f3b02d924b\"},\"headline\":\"N\u00e5den g\u00e4ller dig och mig\",\"datePublished\":\"2016-03-20T13:01:30+00:00\",\"dateModified\":\"2018-03-15T09:53:56+00:00\",\"mainEntityOfPage\":{\"@id\":\"https:\/\/blogg.svenskakyrkan.se\/tankarinforhelgen\/2016\/03\/20\/naden-galler-dig-och-mig\/\"},\"wordCount\":575,\"commentCount\":0,\"keywords\":[\"P\u00e5skens drama\"],\"articleSection\":[\"Palms\u00f6ndagen\"],\"inLanguage\":\"sv-SE\",\"potentialAction\":[{\"@type\":\"CommentAction\",\"name\":\"Comment\",\"target\":[\"https:\/\/blogg.svenskakyrkan.se\/tankarinforhelgen\/2016\/03\/20\/naden-galler-dig-och-mig\/#respond\"]}]},{\"@type\":\"WebPage\",\"@id\":\"https:\/\/blogg.svenskakyrkan.se\/tankarinforhelgen\/2016\/03\/20\/naden-galler-dig-och-mig\/\",\"url\":\"https:\/\/blogg.svenskakyrkan.se\/tankarinforhelgen\/2016\/03\/20\/naden-galler-dig-och-mig\/\",\"name\":\"N\u00e5den g\u00e4ller dig och mig - Tankar inf\u00f6r helgen\",\"isPartOf\":{\"@id\":\"https:\/\/blogg.svenskakyrkan.se\/tankarinforhelgen\/#website\"},\"datePublished\":\"2016-03-20T13:01:30+00:00\",\"dateModified\":\"2018-03-15T09:53:56+00:00\",\"author\":{\"@id\":\"https:\/\/blogg.svenskakyrkan.se\/tankarinforhelgen\/#\/schema\/person\/c19e8a124f507336a7f712f3b02d924b\"},\"breadcrumb\":{\"@id\":\"https:\/\/blogg.svenskakyrkan.se\/tankarinforhelgen\/2016\/03\/20\/naden-galler-dig-och-mig\/#breadcrumb\"},\"inLanguage\":\"sv-SE\",\"potentialAction\":[{\"@type\":\"ReadAction\",\"target\":[\"https:\/\/blogg.svenskakyrkan.se\/tankarinforhelgen\/2016\/03\/20\/naden-galler-dig-och-mig\/\"]}]},{\"@type\":\"BreadcrumbList\",\"@id\":\"https:\/\/blogg.svenskakyrkan.se\/tankarinforhelgen\/2016\/03\/20\/naden-galler-dig-och-mig\/#breadcrumb\",\"itemListElement\":[{\"@type\":\"ListItem\",\"position\":1,\"name\":\"Hem\",\"item\":\"https:\/\/blogg.svenskakyrkan.se\/tankarinforhelgen\/\"},{\"@type\":\"ListItem\",\"position\":2,\"name\":\"N\u00e5den g\u00e4ller dig och mig\"}]},{\"@type\":\"WebSite\",\"@id\":\"https:\/\/blogg.svenskakyrkan.se\/tankarinforhelgen\/#website\",\"url\":\"https:\/\/blogg.svenskakyrkan.se\/tankarinforhelgen\/\",\"name\":\"Tankar inf\u00f6r helgen\",\"description\":\"Pr\u00e4ster funderar utifr\u00e5n kommande s\u00f6ndags texter\",\"potentialAction\":[{\"@type\":\"SearchAction\",\"target\":{\"@type\":\"EntryPoint\",\"urlTemplate\":\"https:\/\/blogg.svenskakyrkan.se\/tankarinforhelgen\/?s={search_term_string}\"},\"query-input\":{\"@type\":\"PropertyValueSpecification\",\"valueRequired\":true,\"valueName\":\"search_term_string\"}}],\"inLanguage\":\"sv-SE\"},{\"@type\":\"Person\",\"@id\":\"https:\/\/blogg.svenskakyrkan.se\/tankarinforhelgen\/#\/schema\/person\/c19e8a124f507336a7f712f3b02d924b\",\"name\":\"Magdalena Wernefeldt\",\"image\":{\"@type\":\"ImageObject\",\"inLanguage\":\"sv-SE\",\"@id\":\"https:\/\/blogg.svenskakyrkan.se\/tankarinforhelgen\/#\/schema\/person\/image\/\",\"url\":\"https:\/\/secure.gravatar.com\/avatar\/23dab26aed51bdfcff5c1559ea1a5d339f00dac73f3d56d1d8b724c1d9074328?s=96&d=mm&r=g\",\"contentUrl\":\"https:\/\/secure.gravatar.com\/avatar\/23dab26aed51bdfcff5c1559ea1a5d339f00dac73f3d56d1d8b724c1d9074328?s=96&d=mm&r=g\",\"caption\":\"Magdalena Wernefeldt\"},\"url\":\"https:\/\/blogg.svenskakyrkan.se\/tankarinforhelgen\/author\/svkmwt\/\"}]}<\/script>\n<!-- \/ Yoast SEO plugin. -->","yoast_head_json":{"title":"N\u00e5den g\u00e4ller dig och mig - Tankar inf\u00f6r helgen","robots":{"index":"index","follow":"follow","max-snippet":"max-snippet:-1","max-image-preview":"max-image-preview:large","max-video-preview":"max-video-preview:-1"},"canonical":"https:\/\/blogg.svenskakyrkan.se\/tankarinforhelgen\/2016\/03\/20\/naden-galler-dig-och-mig\/","og_locale":"sv_SE","og_type":"article","og_title":"N\u00e5den g\u00e4ller dig och mig - Tankar inf\u00f6r helgen","og_description":"Tankar inf\u00f6r Palms\u00f6ndagen 20 mars Under p\u00e5sken kommer Jesus inridande f\u00f6r att dela min gl\u00e4dje och mitt liv, men ocks\u00e5 f\u00f6r att dela mitt lidande och min sorg. St\u00e4ndigt p\u00e5minner han mig om att det var f\u00f6r mig han dog och att han skulle g\u00f6ra det igen. Och s\u00e5 rider Jesus in igen p\u00e5 sin [&hellip;]","og_url":"https:\/\/blogg.svenskakyrkan.se\/tankarinforhelgen\/2016\/03\/20\/naden-galler-dig-och-mig\/","og_site_name":"Tankar inf\u00f6r helgen","article_published_time":"2016-03-20T13:01:30+00:00","article_modified_time":"2018-03-15T09:53:56+00:00","author":"Magdalena Wernefeldt","twitter_card":"summary_large_image","twitter_misc":{"Skriven av":"Magdalena Wernefeldt","Ber\u00e4knad l\u00e4stid":"3 minuter"},"schema":{"@context":"https:\/\/schema.org","@graph":[{"@type":"Article","@id":"https:\/\/blogg.svenskakyrkan.se\/tankarinforhelgen\/2016\/03\/20\/naden-galler-dig-och-mig\/#article","isPartOf":{"@id":"https:\/\/blogg.svenskakyrkan.se\/tankarinforhelgen\/2016\/03\/20\/naden-galler-dig-och-mig\/"},"author":{"name":"Magdalena Wernefeldt","@id":"https:\/\/blogg.svenskakyrkan.se\/tankarinforhelgen\/#\/schema\/person\/c19e8a124f507336a7f712f3b02d924b"},"headline":"N\u00e5den g\u00e4ller dig och mig","datePublished":"2016-03-20T13:01:30+00:00","dateModified":"2018-03-15T09:53:56+00:00","mainEntityOfPage":{"@id":"https:\/\/blogg.svenskakyrkan.se\/tankarinforhelgen\/2016\/03\/20\/naden-galler-dig-och-mig\/"},"wordCount":575,"commentCount":0,"keywords":["P\u00e5skens drama"],"articleSection":["Palms\u00f6ndagen"],"inLanguage":"sv-SE","potentialAction":[{"@type":"CommentAction","name":"Comment","target":["https:\/\/blogg.svenskakyrkan.se\/tankarinforhelgen\/2016\/03\/20\/naden-galler-dig-och-mig\/#respond"]}]},{"@type":"WebPage","@id":"https:\/\/blogg.svenskakyrkan.se\/tankarinforhelgen\/2016\/03\/20\/naden-galler-dig-och-mig\/","url":"https:\/\/blogg.svenskakyrkan.se\/tankarinforhelgen\/2016\/03\/20\/naden-galler-dig-och-mig\/","name":"N\u00e5den g\u00e4ller dig och mig - Tankar inf\u00f6r helgen","isPartOf":{"@id":"https:\/\/blogg.svenskakyrkan.se\/tankarinforhelgen\/#website"},"datePublished":"2016-03-20T13:01:30+00:00","dateModified":"2018-03-15T09:53:56+00:00","author":{"@id":"https:\/\/blogg.svenskakyrkan.se\/tankarinforhelgen\/#\/schema\/person\/c19e8a124f507336a7f712f3b02d924b"},"breadcrumb":{"@id":"https:\/\/blogg.svenskakyrkan.se\/tankarinforhelgen\/2016\/03\/20\/naden-galler-dig-och-mig\/#breadcrumb"},"inLanguage":"sv-SE","potentialAction":[{"@type":"ReadAction","target":["https:\/\/blogg.svenskakyrkan.se\/tankarinforhelgen\/2016\/03\/20\/naden-galler-dig-och-mig\/"]}]},{"@type":"BreadcrumbList","@id":"https:\/\/blogg.svenskakyrkan.se\/tankarinforhelgen\/2016\/03\/20\/naden-galler-dig-och-mig\/#breadcrumb","itemListElement":[{"@type":"ListItem","position":1,"name":"Hem","item":"https:\/\/blogg.svenskakyrkan.se\/tankarinforhelgen\/"},{"@type":"ListItem","position":2,"name":"N\u00e5den g\u00e4ller dig och mig"}]},{"@type":"WebSite","@id":"https:\/\/blogg.svenskakyrkan.se\/tankarinforhelgen\/#website","url":"https:\/\/blogg.svenskakyrkan.se\/tankarinforhelgen\/","name":"Tankar inf\u00f6r helgen","description":"Pr\u00e4ster funderar utifr\u00e5n kommande s\u00f6ndags texter","potentialAction":[{"@type":"SearchAction","target":{"@type":"EntryPoint","urlTemplate":"https:\/\/blogg.svenskakyrkan.se\/tankarinforhelgen\/?s={search_term_string}"},"query-input":{"@type":"PropertyValueSpecification","valueRequired":true,"valueName":"search_term_string"}}],"inLanguage":"sv-SE"},{"@type":"Person","@id":"https:\/\/blogg.svenskakyrkan.se\/tankarinforhelgen\/#\/schema\/person\/c19e8a124f507336a7f712f3b02d924b","name":"Magdalena Wernefeldt","image":{"@type":"ImageObject","inLanguage":"sv-SE","@id":"https:\/\/blogg.svenskakyrkan.se\/tankarinforhelgen\/#\/schema\/person\/image\/","url":"https:\/\/secure.gravatar.com\/avatar\/23dab26aed51bdfcff5c1559ea1a5d339f00dac73f3d56d1d8b724c1d9074328?s=96&d=mm&r=g","contentUrl":"https:\/\/secure.gravatar.com\/avatar\/23dab26aed51bdfcff5c1559ea1a5d339f00dac73f3d56d1d8b724c1d9074328?s=96&d=mm&r=g","caption":"Magdalena Wernefeldt"},"url":"https:\/\/blogg.svenskakyrkan.se\/tankarinforhelgen\/author\/svkmwt\/"}]}},"author_meta":{"ID":"458","user_nicename":"svkmwt","user_registered":"2014-10-14 11:18:34","display_name":"Magdalena Wernefeldt","first_name":"Magdalena","last_name":"Wernefeldt","avatar":"https:\/\/secure.gravatar.com\/avatar\/23dab26aed51bdfcff5c1559ea1a5d339f00dac73f3d56d1d8b724c1d9074328?s=96&d=mm&r=g"},"featured_image":false,"bloginfo":{"name":"Tankar inf\u00f6r helgen","url":"https:\/\/blogg.svenskakyrkan.se\/tankarinforhelgen"},"_links":{"self":[{"href":"https:\/\/blogg.svenskakyrkan.se\/tankarinforhelgen\/wp-json\/wp\/v2\/posts\/23","targetHints":{"allow":["GET"]}}],"collection":[{"href":"https:\/\/blogg.svenskakyrkan.se\/tankarinforhelgen\/wp-json\/wp\/v2\/posts"}],"about":[{"href":"https:\/\/blogg.svenskakyrkan.se\/tankarinforhelgen\/wp-json\/wp\/v2\/types\/post"}],"author":[{"embeddable":true,"href":"https:\/\/blogg.svenskakyrkan.se\/tankarinforhelgen\/wp-json\/wp\/v2\/users\/458"}],"replies":[{"embeddable":true,"href":"https:\/\/blogg.svenskakyrkan.se\/tankarinforhelgen\/wp-json\/wp\/v2\/comments?post=23"}],"version-history":[{"count":1,"href":"https:\/\/blogg.svenskakyrkan.se\/tankarinforhelgen\/wp-json\/wp\/v2\/posts\/23\/revisions"}],"predecessor-version":[{"id":24,"href":"https:\/\/blogg.svenskakyrkan.se\/tankarinforhelgen\/wp-json\/wp\/v2\/posts\/23\/revisions\/24"}],"wp:attachment":[{"href":"https:\/\/blogg.svenskakyrkan.se\/tankarinforhelgen\/wp-json\/wp\/v2\/media?parent=23"}],"wp:term":[{"taxonomy":"category","embeddable":true,"href":"https:\/\/blogg.svenskakyrkan.se\/tankarinforhelgen\/wp-json\/wp\/v2\/categories?post=23"},{"taxonomy":"post_tag","embeddable":true,"href":"https:\/\/blogg.svenskakyrkan.se\/tankarinforhelgen\/wp-json\/wp\/v2\/tags?post=23"}],"curies":[{"name":"wp","href":"https:\/\/api.w.org\/{rel}","templated":true}]}}