{"id":2324,"date":"2021-03-18T09:52:12","date_gmt":"2021-03-18T08:52:12","guid":{"rendered":"http:\/\/blogg.svenskakyrkan.se\/tankarinforhelgen\/?p=2324"},"modified":"2021-03-18T09:52:13","modified_gmt":"2021-03-18T08:52:13","slug":"marias-uppdrag","status":"publish","type":"post","link":"https:\/\/blogg.svenskakyrkan.se\/tankarinforhelgen\/2021\/03\/18\/marias-uppdrag\/","title":{"rendered":"Marias uppdrag"},"content":{"rendered":"\n<figure class=\"wp-block-image size-large\"><img loading=\"lazy\" decoding=\"async\" width=\"1024\" height=\"684\" src=\"https:\/\/blogg.svenskakyrkan.se\/tankarinforhelgen\/files\/2021\/03\/shutterstock_792220357-1024x684.jpg\" alt=\"\" class=\"wp-image-2327\" srcset=\"https:\/\/blogg.svenskakyrkan.se\/tankarinforhelgen\/files\/2021\/03\/shutterstock_792220357-1024x684.jpg 1024w, https:\/\/blogg.svenskakyrkan.se\/tankarinforhelgen\/files\/2021\/03\/shutterstock_792220357-300x200.jpg 300w, https:\/\/blogg.svenskakyrkan.se\/tankarinforhelgen\/files\/2021\/03\/shutterstock_792220357-768x513.jpg 768w, https:\/\/blogg.svenskakyrkan.se\/tankarinforhelgen\/files\/2021\/03\/shutterstock_792220357-1536x1026.jpg 1536w, https:\/\/blogg.svenskakyrkan.se\/tankarinforhelgen\/files\/2021\/03\/shutterstock_792220357-2048x1368.jpg 2048w, https:\/\/blogg.svenskakyrkan.se\/tankarinforhelgen\/files\/2021\/03\/shutterstock_792220357-1200x802.jpg 1200w\" sizes=\"auto, (max-width: 1024px) 100vw, 1024px\" \/><\/figure>\n\n\n\n<p>Jag ber\u00e4ttar om Maria f\u00f6r konfirmanderna, om flickan i Nasaret, som nog inte var \u00e4ldre \u00e4n dem. Jag ber\u00e4ttar om \u00e4ngeln som kom med h\u00e4lsningen fr\u00e5n Gud, att Maria kunde v\u00e4lja att bli mamma till Gud sj\u00e4lv. &#8221;Hur det k\u00e4nns&#8221;, fr\u00e5gar jag &#8221;att t\u00e4nka p\u00e5 att n\u00e5gon som \u00e4r lika gammal som ni \u00e4r kan bli f\u00f6r\u00e4lder?&#8221; Det h\u00e4nder ju ocks\u00e5 idag, fast det \u00e4r ganska ovanligt i Sverige. Konfirmanderna ser stor\u00f6gt p\u00e5 mig, och svarar n\u00e5got om att de inte kan f\u00f6rest\u00e4lla sig det. <br><br>Jag kan inte heller f\u00f6rest\u00e4lla mig det, jag har inga barn och tror att inte n\u00e5gon kan f\u00f6rest\u00e4lla sig det &#8211; innan det h\u00e4nder dem. Jag minns att min mycket \u00e4ldre kusin, f\u00f6rs\u00f6kte f\u00f6rklara f\u00f6r mig hur det k\u00e4ndes \u201ddet \u00e4r ju som om du skulle f\u00e5 barn, nu\u201d. Jag hade precis fyllt sjutton och blev lite f\u00f6rskr\u00e4ckt, f\u00f6r jag hade till den dagen trott att alla vuxna visste redan innan vad det var att bli f\u00f6r\u00e4lder. <br><br>Det nya \u00e4r nytt, \u00e4ven f\u00f6r oss vuxna och vi m\u00e5ste \u00f6va, vi m\u00e5ste precis som konfirmanderna. Vi m\u00e5ste v\u00e5ga prova nya saker f\u00f6r att v\u00e4xa, ingenting \u00e4r gratis.<br><br>Sedan ber\u00e4ttar jag lite om kvinnans st\u00e4llning vid tiden n\u00e4r Maria levde, och om hur farligt det kunde vara att bli gravid om man inte var gift. Att ogifta blivande m\u00f6drar kunde stenas, d\u00f6das. Jag f\u00f6rs\u00f6ker ber\u00e4tta om Marias mod, och om att hon var en m\u00e4nniska, utvald av Gud f\u00f6r att b\u00e4ra ett barn, men fortfarande en alldeles vanlig m\u00e4nniska som f\u00e5tt ett uppdrag. Hur modig Maria \u00e4n var, s\u00e5 fanns det s\u00e4kert tillf\u00e4llen n\u00e4r hon undrade vad andra skulle tycka, n\u00e4r hon var r\u00e4dd och n\u00e4r hon inte f\u00f6rstod vad hon var med om. Men hon hade f\u00e5tt ett uppdrag, och Gud var med henne.<br><br>Det \u00e4r d\u00e4r, i kallelsen, som jag oftast m\u00f6ter Maria. Det \u00e4r d\u00e4r jag kan k\u00e4nna igen n\u00e5got ur mitt eget liv. Gud kallar hela tiden vanliga m\u00e4nniskor. Maria var ocks\u00e5 en vanlig m\u00e4nniska som fick en kallelse, en uppgift, av Gud. <br><br>Jag \u00e4r \u00f6vertygad om att var och en av oss har en uppgift, speciellt utvald f\u00f6r oss och v\u00e5ra f\u00f6rm\u00e5gor. Vi har inte bara en, utan m\u00e5nga uppgifter. Den grundl\u00e4ggande kallelsen tror jag \u00e4r densamma f\u00f6r alla &#8211; \u00e4lska varandra. Eller med ord som vi \u00e4r mer vana att h\u00f6ra: att behandla andra som du sj\u00e4lv vill bli behandlad. Vi \u00e4r kallade att vara oss sj\u00e4lva, att bli de m\u00e4nniskor som Gud har skapat oss till att vara. Det handlar v\u00e4ldigt mycket om samh\u00f6righet. <\/p>\n\n\n\n<p>N\u00e4r Maria fick sitt uppdrag, fick hon ocks\u00e5 h\u00f6ra om sin sl\u00e4kting, Elisabet &#8211; en annan kvinna som hon kunde dela upplevelsen med. Elisabet var ocks\u00e5 gravid och kunde bli ett s\u00e4llskap. <br><br>Maria vandrar mot Elisabets hus, hon vet att hon beh\u00f6ver n\u00e5gon att prata med. S\u00e5 blir det f\u00f6r var och en av oss: om vi ska kunna utf\u00f6ra v\u00e5rt uppdrag, beh\u00f6ver Gud ge oss ett sammanhang som vi kan fungera i. Och det kan vi lita p\u00e5.<br> <br>Vi \u00e4r skapade till Guds avbild, vi \u00e4r \u00e4lskade f\u00f6r dem vi \u00e4r och vi \u00e4r kallade, precis som Maria var, att l\u00e5ta Guds k\u00e4rlek str\u00f6mma ut i v\u00e4rlden, genom oss.<br><\/p>\n","protected":false},"excerpt":{"rendered":"<p>Jag ber\u00e4ttar om Maria f\u00f6r konfirmanderna, om flickan i Nasaret, som nog inte var \u00e4ldre \u00e4n dem. Jag ber\u00e4ttar om \u00e4ngeln som kom med h\u00e4lsningen fr\u00e5n Gud, att Maria kunde v\u00e4lja att bli mamma till Gud sj\u00e4lv. &#8221;Hur det k\u00e4nns&#8221;, fr\u00e5gar jag &#8221;att t\u00e4nka p\u00e5 att n\u00e5gon som \u00e4r lika gammal som ni \u00e4r kan [&hellip;]<\/p>\n","protected":false},"author":718,"featured_media":2327,"comment_status":"open","ping_status":"open","sticky":false,"template":"","format":"standard","meta":{"_acf_changed":false,"footnotes":""},"categories":[137648],"tags":[159866,159870],"class_list":["post-2324","post","type-post","status-publish","format-standard","has-post-thumbnail","hentry","category-jungfru-marie-bebadelsedag","tag-emelie-hjert","tag-tankarinforhelgen-2"],"acf":[],"yoast_head":"<!-- This site is optimized with the Yoast SEO plugin v27.1.1 - https:\/\/yoast.com\/product\/yoast-seo-wordpress\/ -->\n<title>Marias uppdrag - Tankar inf\u00f6r helgen<\/title>\n<meta name=\"robots\" content=\"index, follow, max-snippet:-1, max-image-preview:large, max-video-preview:-1\" \/>\n<link rel=\"canonical\" href=\"https:\/\/blogg.svenskakyrkan.se\/tankarinforhelgen\/2021\/03\/18\/marias-uppdrag\/\" \/>\n<meta property=\"og:locale\" content=\"sv_SE\" \/>\n<meta property=\"og:type\" content=\"article\" \/>\n<meta property=\"og:title\" content=\"Marias uppdrag - Tankar inf\u00f6r helgen\" \/>\n<meta property=\"og:description\" content=\"Jag ber\u00e4ttar om Maria f\u00f6r konfirmanderna, om flickan i Nasaret, som nog inte var \u00e4ldre \u00e4n dem. Jag ber\u00e4ttar om \u00e4ngeln som kom med h\u00e4lsningen fr\u00e5n Gud, att Maria kunde v\u00e4lja att bli mamma till Gud sj\u00e4lv. &#8221;Hur det k\u00e4nns&#8221;, fr\u00e5gar jag &#8221;att t\u00e4nka p\u00e5 att n\u00e5gon som \u00e4r lika gammal som ni \u00e4r kan [&hellip;]\" \/>\n<meta property=\"og:url\" content=\"https:\/\/blogg.svenskakyrkan.se\/tankarinforhelgen\/2021\/03\/18\/marias-uppdrag\/\" \/>\n<meta property=\"og:site_name\" content=\"Tankar inf\u00f6r helgen\" \/>\n<meta property=\"article:published_time\" content=\"2021-03-18T08:52:12+00:00\" \/>\n<meta property=\"article:modified_time\" content=\"2021-03-18T08:52:13+00:00\" \/>\n<meta property=\"og:image\" content=\"https:\/\/blogg.svenskakyrkan.se\/tankarinforhelgen\/files\/2021\/03\/shutterstock_792220357-scaled.jpg\" \/>\n\t<meta property=\"og:image:width\" content=\"2560\" \/>\n\t<meta property=\"og:image:height\" content=\"1710\" \/>\n\t<meta property=\"og:image:type\" content=\"image\/jpeg\" \/>\n<meta name=\"author\" content=\"Emelie Hjerth, pr\u00e4st\" \/>\n<meta name=\"twitter:card\" content=\"summary_large_image\" \/>\n<meta name=\"twitter:label1\" content=\"Skriven av\" \/>\n\t<meta name=\"twitter:data1\" content=\"Emelie Hjerth, pr\u00e4st\" \/>\n\t<meta name=\"twitter:label2\" content=\"Ber\u00e4knad l\u00e4stid\" \/>\n\t<meta name=\"twitter:data2\" content=\"3 minuter\" \/>\n<script type=\"application\/ld+json\" class=\"yoast-schema-graph\">{\"@context\":\"https:\/\/schema.org\",\"@graph\":[{\"@type\":\"Article\",\"@id\":\"https:\/\/blogg.svenskakyrkan.se\/tankarinforhelgen\/2021\/03\/18\/marias-uppdrag\/#article\",\"isPartOf\":{\"@id\":\"https:\/\/blogg.svenskakyrkan.se\/tankarinforhelgen\/2021\/03\/18\/marias-uppdrag\/\"},\"author\":{\"name\":\"Emelie Hjerth, pr\u00e4st\",\"@id\":\"https:\/\/blogg.svenskakyrkan.se\/tankarinforhelgen\/#\/schema\/person\/508e7c08d59f5edba0611f05c7768574\"},\"headline\":\"Marias uppdrag\",\"datePublished\":\"2021-03-18T08:52:12+00:00\",\"dateModified\":\"2021-03-18T08:52:13+00:00\",\"mainEntityOfPage\":{\"@id\":\"https:\/\/blogg.svenskakyrkan.se\/tankarinforhelgen\/2021\/03\/18\/marias-uppdrag\/\"},\"wordCount\":633,\"commentCount\":2,\"image\":{\"@id\":\"https:\/\/blogg.svenskakyrkan.se\/tankarinforhelgen\/2021\/03\/18\/marias-uppdrag\/#primaryimage\"},\"thumbnailUrl\":\"https:\/\/blogg.svenskakyrkan.se\/tankarinforhelgen\/files\/2021\/03\/shutterstock_792220357-scaled.jpg\",\"keywords\":[\"Emelie Hjert\",\"TANKARINF\u00d6RHELGEN\"],\"articleSection\":[\"Jungfru Marie beb\u00e5delsedag\"],\"inLanguage\":\"sv-SE\",\"potentialAction\":[{\"@type\":\"CommentAction\",\"name\":\"Comment\",\"target\":[\"https:\/\/blogg.svenskakyrkan.se\/tankarinforhelgen\/2021\/03\/18\/marias-uppdrag\/#respond\"]}]},{\"@type\":\"WebPage\",\"@id\":\"https:\/\/blogg.svenskakyrkan.se\/tankarinforhelgen\/2021\/03\/18\/marias-uppdrag\/\",\"url\":\"https:\/\/blogg.svenskakyrkan.se\/tankarinforhelgen\/2021\/03\/18\/marias-uppdrag\/\",\"name\":\"Marias uppdrag - Tankar inf\u00f6r helgen\",\"isPartOf\":{\"@id\":\"https:\/\/blogg.svenskakyrkan.se\/tankarinforhelgen\/#website\"},\"primaryImageOfPage\":{\"@id\":\"https:\/\/blogg.svenskakyrkan.se\/tankarinforhelgen\/2021\/03\/18\/marias-uppdrag\/#primaryimage\"},\"image\":{\"@id\":\"https:\/\/blogg.svenskakyrkan.se\/tankarinforhelgen\/2021\/03\/18\/marias-uppdrag\/#primaryimage\"},\"thumbnailUrl\":\"https:\/\/blogg.svenskakyrkan.se\/tankarinforhelgen\/files\/2021\/03\/shutterstock_792220357-scaled.jpg\",\"datePublished\":\"2021-03-18T08:52:12+00:00\",\"dateModified\":\"2021-03-18T08:52:13+00:00\",\"author\":{\"@id\":\"https:\/\/blogg.svenskakyrkan.se\/tankarinforhelgen\/#\/schema\/person\/508e7c08d59f5edba0611f05c7768574\"},\"breadcrumb\":{\"@id\":\"https:\/\/blogg.svenskakyrkan.se\/tankarinforhelgen\/2021\/03\/18\/marias-uppdrag\/#breadcrumb\"},\"inLanguage\":\"sv-SE\",\"potentialAction\":[{\"@type\":\"ReadAction\",\"target\":[\"https:\/\/blogg.svenskakyrkan.se\/tankarinforhelgen\/2021\/03\/18\/marias-uppdrag\/\"]}]},{\"@type\":\"ImageObject\",\"inLanguage\":\"sv-SE\",\"@id\":\"https:\/\/blogg.svenskakyrkan.se\/tankarinforhelgen\/2021\/03\/18\/marias-uppdrag\/#primaryimage\",\"url\":\"https:\/\/blogg.svenskakyrkan.se\/tankarinforhelgen\/files\/2021\/03\/shutterstock_792220357-scaled.jpg\",\"contentUrl\":\"https:\/\/blogg.svenskakyrkan.se\/tankarinforhelgen\/files\/2021\/03\/shutterstock_792220357-scaled.jpg\",\"width\":2560,\"height\":1710},{\"@type\":\"BreadcrumbList\",\"@id\":\"https:\/\/blogg.svenskakyrkan.se\/tankarinforhelgen\/2021\/03\/18\/marias-uppdrag\/#breadcrumb\",\"itemListElement\":[{\"@type\":\"ListItem\",\"position\":1,\"name\":\"Hem\",\"item\":\"https:\/\/blogg.svenskakyrkan.se\/tankarinforhelgen\/\"},{\"@type\":\"ListItem\",\"position\":2,\"name\":\"Marias uppdrag\"}]},{\"@type\":\"WebSite\",\"@id\":\"https:\/\/blogg.svenskakyrkan.se\/tankarinforhelgen\/#website\",\"url\":\"https:\/\/blogg.svenskakyrkan.se\/tankarinforhelgen\/\",\"name\":\"Tankar inf\u00f6r helgen\",\"description\":\"Pr\u00e4ster funderar utifr\u00e5n kommande s\u00f6ndags texter\",\"potentialAction\":[{\"@type\":\"SearchAction\",\"target\":{\"@type\":\"EntryPoint\",\"urlTemplate\":\"https:\/\/blogg.svenskakyrkan.se\/tankarinforhelgen\/?s={search_term_string}\"},\"query-input\":{\"@type\":\"PropertyValueSpecification\",\"valueRequired\":true,\"valueName\":\"search_term_string\"}}],\"inLanguage\":\"sv-SE\"},{\"@type\":\"Person\",\"@id\":\"https:\/\/blogg.svenskakyrkan.se\/tankarinforhelgen\/#\/schema\/person\/508e7c08d59f5edba0611f05c7768574\",\"name\":\"Emelie Hjerth, pr\u00e4st\",\"image\":{\"@type\":\"ImageObject\",\"inLanguage\":\"sv-SE\",\"@id\":\"https:\/\/blogg.svenskakyrkan.se\/tankarinforhelgen\/#\/schema\/person\/image\/\",\"url\":\"https:\/\/secure.gravatar.com\/avatar\/4383beb73f70e4242041687f952029babdcdf65561227613be405bdc34027566?s=96&d=mm&r=g\",\"contentUrl\":\"https:\/\/secure.gravatar.com\/avatar\/4383beb73f70e4242041687f952029babdcdf65561227613be405bdc34027566?s=96&d=mm&r=g\",\"caption\":\"Emelie Hjerth, pr\u00e4st\"},\"url\":\"https:\/\/blogg.svenskakyrkan.se\/tankarinforhelgen\/author\/emeliehjerth\/\"}]}<\/script>\n<!-- \/ Yoast SEO plugin. -->","yoast_head_json":{"title":"Marias uppdrag - Tankar inf\u00f6r helgen","robots":{"index":"index","follow":"follow","max-snippet":"max-snippet:-1","max-image-preview":"max-image-preview:large","max-video-preview":"max-video-preview:-1"},"canonical":"https:\/\/blogg.svenskakyrkan.se\/tankarinforhelgen\/2021\/03\/18\/marias-uppdrag\/","og_locale":"sv_SE","og_type":"article","og_title":"Marias uppdrag - Tankar inf\u00f6r helgen","og_description":"Jag ber\u00e4ttar om Maria f\u00f6r konfirmanderna, om flickan i Nasaret, som nog inte var \u00e4ldre \u00e4n dem. Jag ber\u00e4ttar om \u00e4ngeln som kom med h\u00e4lsningen fr\u00e5n Gud, att Maria kunde v\u00e4lja att bli mamma till Gud sj\u00e4lv. &#8221;Hur det k\u00e4nns&#8221;, fr\u00e5gar jag &#8221;att t\u00e4nka p\u00e5 att n\u00e5gon som \u00e4r lika gammal som ni \u00e4r kan [&hellip;]","og_url":"https:\/\/blogg.svenskakyrkan.se\/tankarinforhelgen\/2021\/03\/18\/marias-uppdrag\/","og_site_name":"Tankar inf\u00f6r helgen","article_published_time":"2021-03-18T08:52:12+00:00","article_modified_time":"2021-03-18T08:52:13+00:00","og_image":[{"width":2560,"height":1710,"url":"https:\/\/blogg.svenskakyrkan.se\/tankarinforhelgen\/files\/2021\/03\/shutterstock_792220357-scaled.jpg","type":"image\/jpeg"}],"author":"Emelie Hjerth, pr\u00e4st","twitter_card":"summary_large_image","twitter_misc":{"Skriven av":"Emelie Hjerth, pr\u00e4st","Ber\u00e4knad l\u00e4stid":"3 minuter"},"schema":{"@context":"https:\/\/schema.org","@graph":[{"@type":"Article","@id":"https:\/\/blogg.svenskakyrkan.se\/tankarinforhelgen\/2021\/03\/18\/marias-uppdrag\/#article","isPartOf":{"@id":"https:\/\/blogg.svenskakyrkan.se\/tankarinforhelgen\/2021\/03\/18\/marias-uppdrag\/"},"author":{"name":"Emelie Hjerth, pr\u00e4st","@id":"https:\/\/blogg.svenskakyrkan.se\/tankarinforhelgen\/#\/schema\/person\/508e7c08d59f5edba0611f05c7768574"},"headline":"Marias uppdrag","datePublished":"2021-03-18T08:52:12+00:00","dateModified":"2021-03-18T08:52:13+00:00","mainEntityOfPage":{"@id":"https:\/\/blogg.svenskakyrkan.se\/tankarinforhelgen\/2021\/03\/18\/marias-uppdrag\/"},"wordCount":633,"commentCount":2,"image":{"@id":"https:\/\/blogg.svenskakyrkan.se\/tankarinforhelgen\/2021\/03\/18\/marias-uppdrag\/#primaryimage"},"thumbnailUrl":"https:\/\/blogg.svenskakyrkan.se\/tankarinforhelgen\/files\/2021\/03\/shutterstock_792220357-scaled.jpg","keywords":["Emelie Hjert","TANKARINF\u00d6RHELGEN"],"articleSection":["Jungfru Marie beb\u00e5delsedag"],"inLanguage":"sv-SE","potentialAction":[{"@type":"CommentAction","name":"Comment","target":["https:\/\/blogg.svenskakyrkan.se\/tankarinforhelgen\/2021\/03\/18\/marias-uppdrag\/#respond"]}]},{"@type":"WebPage","@id":"https:\/\/blogg.svenskakyrkan.se\/tankarinforhelgen\/2021\/03\/18\/marias-uppdrag\/","url":"https:\/\/blogg.svenskakyrkan.se\/tankarinforhelgen\/2021\/03\/18\/marias-uppdrag\/","name":"Marias uppdrag - Tankar inf\u00f6r helgen","isPartOf":{"@id":"https:\/\/blogg.svenskakyrkan.se\/tankarinforhelgen\/#website"},"primaryImageOfPage":{"@id":"https:\/\/blogg.svenskakyrkan.se\/tankarinforhelgen\/2021\/03\/18\/marias-uppdrag\/#primaryimage"},"image":{"@id":"https:\/\/blogg.svenskakyrkan.se\/tankarinforhelgen\/2021\/03\/18\/marias-uppdrag\/#primaryimage"},"thumbnailUrl":"https:\/\/blogg.svenskakyrkan.se\/tankarinforhelgen\/files\/2021\/03\/shutterstock_792220357-scaled.jpg","datePublished":"2021-03-18T08:52:12+00:00","dateModified":"2021-03-18T08:52:13+00:00","author":{"@id":"https:\/\/blogg.svenskakyrkan.se\/tankarinforhelgen\/#\/schema\/person\/508e7c08d59f5edba0611f05c7768574"},"breadcrumb":{"@id":"https:\/\/blogg.svenskakyrkan.se\/tankarinforhelgen\/2021\/03\/18\/marias-uppdrag\/#breadcrumb"},"inLanguage":"sv-SE","potentialAction":[{"@type":"ReadAction","target":["https:\/\/blogg.svenskakyrkan.se\/tankarinforhelgen\/2021\/03\/18\/marias-uppdrag\/"]}]},{"@type":"ImageObject","inLanguage":"sv-SE","@id":"https:\/\/blogg.svenskakyrkan.se\/tankarinforhelgen\/2021\/03\/18\/marias-uppdrag\/#primaryimage","url":"https:\/\/blogg.svenskakyrkan.se\/tankarinforhelgen\/files\/2021\/03\/shutterstock_792220357-scaled.jpg","contentUrl":"https:\/\/blogg.svenskakyrkan.se\/tankarinforhelgen\/files\/2021\/03\/shutterstock_792220357-scaled.jpg","width":2560,"height":1710},{"@type":"BreadcrumbList","@id":"https:\/\/blogg.svenskakyrkan.se\/tankarinforhelgen\/2021\/03\/18\/marias-uppdrag\/#breadcrumb","itemListElement":[{"@type":"ListItem","position":1,"name":"Hem","item":"https:\/\/blogg.svenskakyrkan.se\/tankarinforhelgen\/"},{"@type":"ListItem","position":2,"name":"Marias uppdrag"}]},{"@type":"WebSite","@id":"https:\/\/blogg.svenskakyrkan.se\/tankarinforhelgen\/#website","url":"https:\/\/blogg.svenskakyrkan.se\/tankarinforhelgen\/","name":"Tankar inf\u00f6r helgen","description":"Pr\u00e4ster funderar utifr\u00e5n kommande s\u00f6ndags texter","potentialAction":[{"@type":"SearchAction","target":{"@type":"EntryPoint","urlTemplate":"https:\/\/blogg.svenskakyrkan.se\/tankarinforhelgen\/?s={search_term_string}"},"query-input":{"@type":"PropertyValueSpecification","valueRequired":true,"valueName":"search_term_string"}}],"inLanguage":"sv-SE"},{"@type":"Person","@id":"https:\/\/blogg.svenskakyrkan.se\/tankarinforhelgen\/#\/schema\/person\/508e7c08d59f5edba0611f05c7768574","name":"Emelie Hjerth, pr\u00e4st","image":{"@type":"ImageObject","inLanguage":"sv-SE","@id":"https:\/\/blogg.svenskakyrkan.se\/tankarinforhelgen\/#\/schema\/person\/image\/","url":"https:\/\/secure.gravatar.com\/avatar\/4383beb73f70e4242041687f952029babdcdf65561227613be405bdc34027566?s=96&d=mm&r=g","contentUrl":"https:\/\/secure.gravatar.com\/avatar\/4383beb73f70e4242041687f952029babdcdf65561227613be405bdc34027566?s=96&d=mm&r=g","caption":"Emelie Hjerth, pr\u00e4st"},"url":"https:\/\/blogg.svenskakyrkan.se\/tankarinforhelgen\/author\/emeliehjerth\/"}]}},"author_meta":{"ID":"718","user_nicename":"emeliehjerth","user_registered":"2019-07-18 18:40:17","display_name":"Emelie Hjerth, pr\u00e4st","first_name":"Emelie","last_name":"Hjerth, pr\u00e4st","avatar":"https:\/\/secure.gravatar.com\/avatar\/4383beb73f70e4242041687f952029babdcdf65561227613be405bdc34027566?s=96&d=mm&r=g"},"featured_image":["https:\/\/blogg.svenskakyrkan.se\/tankarinforhelgen\/files\/2021\/03\/shutterstock_792220357-1024x684.jpg",1024,684,true],"bloginfo":{"name":"Tankar inf\u00f6r helgen","url":"https:\/\/blogg.svenskakyrkan.se\/tankarinforhelgen"},"_links":{"self":[{"href":"https:\/\/blogg.svenskakyrkan.se\/tankarinforhelgen\/wp-json\/wp\/v2\/posts\/2324","targetHints":{"allow":["GET"]}}],"collection":[{"href":"https:\/\/blogg.svenskakyrkan.se\/tankarinforhelgen\/wp-json\/wp\/v2\/posts"}],"about":[{"href":"https:\/\/blogg.svenskakyrkan.se\/tankarinforhelgen\/wp-json\/wp\/v2\/types\/post"}],"author":[{"embeddable":true,"href":"https:\/\/blogg.svenskakyrkan.se\/tankarinforhelgen\/wp-json\/wp\/v2\/users\/718"}],"replies":[{"embeddable":true,"href":"https:\/\/blogg.svenskakyrkan.se\/tankarinforhelgen\/wp-json\/wp\/v2\/comments?post=2324"}],"version-history":[{"count":2,"href":"https:\/\/blogg.svenskakyrkan.se\/tankarinforhelgen\/wp-json\/wp\/v2\/posts\/2324\/revisions"}],"predecessor-version":[{"id":2328,"href":"https:\/\/blogg.svenskakyrkan.se\/tankarinforhelgen\/wp-json\/wp\/v2\/posts\/2324\/revisions\/2328"}],"wp:featuredmedia":[{"embeddable":true,"href":"https:\/\/blogg.svenskakyrkan.se\/tankarinforhelgen\/wp-json\/wp\/v2\/media\/2327"}],"wp:attachment":[{"href":"https:\/\/blogg.svenskakyrkan.se\/tankarinforhelgen\/wp-json\/wp\/v2\/media?parent=2324"}],"wp:term":[{"taxonomy":"category","embeddable":true,"href":"https:\/\/blogg.svenskakyrkan.se\/tankarinforhelgen\/wp-json\/wp\/v2\/categories?post=2324"},{"taxonomy":"post_tag","embeddable":true,"href":"https:\/\/blogg.svenskakyrkan.se\/tankarinforhelgen\/wp-json\/wp\/v2\/tags?post=2324"}],"curies":[{"name":"wp","href":"https:\/\/api.w.org\/{rel}","templated":true}]}}