{"id":2482,"date":"2021-08-18T10:04:56","date_gmt":"2021-08-18T08:04:56","guid":{"rendered":"https:\/\/blogg.svenskakyrkan.se\/tankarinforhelgen\/?p=2482"},"modified":"2021-08-19T12:57:09","modified_gmt":"2021-08-19T10:57:09","slug":"__oppenhet","status":"publish","type":"post","link":"https:\/\/blogg.svenskakyrkan.se\/tankarinforhelgen\/2021\/08\/18\/__oppenhet\/","title":{"rendered":"\u00d6ppenhet \u00e4r att v\u00e5ga"},"content":{"rendered":"\n<figure class=\"wp-block-image size-large\"><a href=\"https:\/\/blogg.svenskakyrkan.se\/tankarinforhelgen\/files\/2021\/08\/BAF36DAF-0CEB-41AB-A8A0-A6A575F5F512.jpeg\"><img loading=\"lazy\" decoding=\"async\" width=\"1024\" height=\"672\" src=\"https:\/\/blogg.svenskakyrkan.se\/tankarinforhelgen\/files\/2021\/08\/BAF36DAF-0CEB-41AB-A8A0-A6A575F5F512-1024x672.jpeg\" alt=\"\" class=\"wp-image-2485\" srcset=\"https:\/\/blogg.svenskakyrkan.se\/tankarinforhelgen\/files\/2021\/08\/BAF36DAF-0CEB-41AB-A8A0-A6A575F5F512-1024x672.jpeg 1024w, https:\/\/blogg.svenskakyrkan.se\/tankarinforhelgen\/files\/2021\/08\/BAF36DAF-0CEB-41AB-A8A0-A6A575F5F512-300x197.jpeg 300w, https:\/\/blogg.svenskakyrkan.se\/tankarinforhelgen\/files\/2021\/08\/BAF36DAF-0CEB-41AB-A8A0-A6A575F5F512-768x504.jpeg 768w, https:\/\/blogg.svenskakyrkan.se\/tankarinforhelgen\/files\/2021\/08\/BAF36DAF-0CEB-41AB-A8A0-A6A575F5F512-1536x1009.jpeg 1536w, https:\/\/blogg.svenskakyrkan.se\/tankarinforhelgen\/files\/2021\/08\/BAF36DAF-0CEB-41AB-A8A0-A6A575F5F512-2048x1345.jpeg 2048w, https:\/\/blogg.svenskakyrkan.se\/tankarinforhelgen\/files\/2021\/08\/BAF36DAF-0CEB-41AB-A8A0-A6A575F5F512-1200x788.jpeg 1200w\" sizes=\"auto, (max-width: 1024px) 100vw, 1024px\" \/><\/a><figcaption>Bild av Simone Biles fr\u00e5n Shutterstock. <\/figcaption><\/figure>\n\n\n\n<p>Jag hade radion p\u00e5 i bilen och lyssnade p\u00e5 n\u00e4r Armand Duplantis tog OS-guld f\u00f6r n\u00e5gra veckor sedan. Kommentatorerna jublade och jag satt sp\u00e4nt och lyssnade n\u00e4r han f\u00f6rs\u00f6kte b\u00e4ttra p\u00e5 sitt eget v\u00e4rldsrekord. Oj vad jag hoppades, men det blev inte s\u00e5, inte d\u00e5 i alla fall.<br> <br>Jag har alltid gillat OS. N\u00e4r jag var yngre och h\u00e4lsade p\u00e5 farmor och farfar var b\u00e5de sommar-OS och vinter-OS aktuellt. Tvn stod p\u00e5. P\u00e5 somrarna i farmor och farfars sommarstuga var sommar-OS en av f\u00e5 anledningar till att tv:n plockades fram. \u00c4ven om farmor och farfar hade sina favoritsporter att f\u00f6lja, var de \u00e4nd\u00e5 \u00f6ppna f\u00f6r att kolla p\u00e5 de flesta sporterna. Som fotbollstokig s\u00e5 ville jag s\u00e5klart ofta kolla p\u00e5 v\u00e5rt duktiga landslag, vilket det alltid fanns plats f\u00f6r. Jag tror en av anledningarna till att jag gillar OS s\u00e5 mycket &#8211; mer \u00e4n att jag alltid tyckt om idrott och sport &#8211; \u00e4r att OS samlar m\u00e4nniskor fr\u00e5n n\u00e4stan hela v\u00e4rlden. \u00d6ppenhet \u00e4r f\u00f6r mig en k\u00e4nsla som pr\u00e4glat OS. Jag vet att det dock \u00e4r l\u00e5ngt fr\u00e5n hela sanningen.<br> <br>Visst \u00e4r det sv\u00e5rt det d\u00e4r med \u00f6ppenhet! I en av ber\u00e4ttelserna i Bibeln m\u00f6ter Jesus en man som \u00e4r d\u00f6v och n\u00e4stan stum. Jesus g\u00f6r s\u00e5 att mannen kan b\u00e5de h\u00f6ra och b\u00f6rjar att tala, n\u00e4r har g\u00f6r det s\u00e5 anv\u00e4nder han ordet Effata som betyder \u201d\u00f6ppna dig\u201d. Texten \u00e4r f\u00f6r mig en p\u00e5minnelse om att jag m\u00e5ste \u00f6ppna mig f\u00f6r att lyssna b\u00e5de in\u00e5t och ut\u00e5t. \u00d6ppenhet \u00e4r en fin balans mellan att v\u00e5ga prova nytt och v\u00e5ga omv\u00e4rdera och samtidigt v\u00e5ga s\u00e4ga ifr\u00e5n n\u00e4r gr\u00e4nser korsas eller \u00f6vertramp g\u00f6rs.<br> <br>Jag kan ofta komma p\u00e5 mig sj\u00e4lv med att t\u00e4nka f\u00f6r sn\u00e4vt, fastna i mina f\u00f6rdomar. Men d\u00e5 \u00e4r jag v\u00e4lsignad med m\u00e4nniskor som kan p\u00e5minna mig om att jag m\u00e5ste v\u00e5ga \u00f6ppna mig f\u00f6r det som \u00e4r annorlunda. Men jag \u00e4r ocks\u00e5 v\u00e4lsignad med m\u00e4nniskor omkring mig som kan bekr\u00e4fta n\u00e4r det \u00e4r okej att s\u00e4ga stopp. \u00d6ppenhet \u00e4r en fin balans som kan vara sv\u00e5r att finna. Vi kan vara v\u00e5rt st\u00f6rsta hinder f\u00f6r att v\u00e5ga \u00f6ppna v\u00e5ra \u00f6gon och \u00f6ron f\u00f6r det som vi uppfattar som annorlunda.<br> <br>Men vi f\u00e5r p\u00e5minna oss sj\u00e4lva om Jesus och den v\u00e4g han visar. F\u00f6r Jesus \u00f6ppnar upp f\u00f6r dem som som annars befinner sig utanf\u00f6r p\u00e5 det s\u00e4ttet ger han nya perspektiv. Men Jesus ryter ocks\u00e5 ifr\u00e5n n\u00e4r han tycker att m\u00e4nniskor kliver \u00f6ver gr\u00e4nser eller g\u00f6r saker av gammal vana.<br> <br>\u00c4ven om jag idag vet de olympiska spelen \u00e4r mer \u00e4n den \u00f6ppenhet jag tidigare s\u00e4tt fr\u00e5n tv soffan. Att det \u00e4ven d\u00e4r finns s\u00e5 mycket att arbeta vidare me, s\u00e5 togs ett steg genom att samtalet kring psykisk oh\u00e4lsa i \u00e5r \u00f6ppnades upp genom den amerikanske gymnasten Simone Biles och den svenske cyklisten Jenny Rissved. De v\u00e5gade \u00f6ppna upp och prata om pressen och den psykiska oh\u00e4lsan. Och v\u00e4rlden stannade upp och lyssnade.<br> <br>\u00d6ppenhet \u00e4r att v\u00e5ga, det kan vara att v\u00e5ga prova nya tankes\u00e4tt, att v\u00e5ga vara i nya sammanhang, v\u00e5ga prata om det som k\u00e4nns tabu. Det \u00e4r inte alltid enkelt, men alltid givande: vem vet vad vi kan l\u00e4ra oss om vi v\u00e5gar.<\/p>\n","protected":false},"excerpt":{"rendered":"<p>Jag hade radion p\u00e5 i bilen och lyssnade p\u00e5 n\u00e4r Armand Duplantis tog OS-guld f\u00f6r n\u00e5gra veckor sedan. Kommentatorerna jublade och jag satt sp\u00e4nt och lyssnade n\u00e4r han f\u00f6rs\u00f6kte b\u00e4ttra p\u00e5 sitt eget v\u00e4rldsrekord. Oj vad jag hoppades, men det blev inte s\u00e5, inte d\u00e5 i alla fall. Jag har alltid gillat OS. N\u00e4r jag [&hellip;]<\/p>\n","protected":false},"author":607,"featured_media":2485,"comment_status":"open","ping_status":"open","sticky":false,"template":"","format":"standard","meta":{"_acf_changed":false,"footnotes":""},"categories":[132139],"tags":[142461,142457],"class_list":["post-2482","post","type-post","status-publish","format-standard","has-post-thumbnail","hentry","category-12e-sondagen-efter-trefaldighet","tag-josefine-jehrlander","tag-tankarinforhelgen"],"acf":[],"yoast_head":"<!-- This site is optimized with the Yoast SEO plugin v27.1.1 - https:\/\/yoast.com\/product\/yoast-seo-wordpress\/ -->\n<title>\u00d6ppenhet \u00e4r att v\u00e5ga - Tankar inf\u00f6r helgen<\/title>\n<meta name=\"robots\" content=\"index, follow, max-snippet:-1, max-image-preview:large, max-video-preview:-1\" \/>\n<link rel=\"canonical\" href=\"https:\/\/blogg.svenskakyrkan.se\/tankarinforhelgen\/2021\/08\/18\/__oppenhet\/\" \/>\n<meta property=\"og:locale\" content=\"sv_SE\" \/>\n<meta property=\"og:type\" content=\"article\" \/>\n<meta property=\"og:title\" content=\"\u00d6ppenhet \u00e4r att v\u00e5ga - Tankar inf\u00f6r helgen\" \/>\n<meta property=\"og:description\" content=\"Jag hade radion p\u00e5 i bilen och lyssnade p\u00e5 n\u00e4r Armand Duplantis tog OS-guld f\u00f6r n\u00e5gra veckor sedan. Kommentatorerna jublade och jag satt sp\u00e4nt och lyssnade n\u00e4r han f\u00f6rs\u00f6kte b\u00e4ttra p\u00e5 sitt eget v\u00e4rldsrekord. Oj vad jag hoppades, men det blev inte s\u00e5, inte d\u00e5 i alla fall. Jag har alltid gillat OS. N\u00e4r jag [&hellip;]\" \/>\n<meta property=\"og:url\" content=\"https:\/\/blogg.svenskakyrkan.se\/tankarinforhelgen\/2021\/08\/18\/__oppenhet\/\" \/>\n<meta property=\"og:site_name\" content=\"Tankar inf\u00f6r helgen\" \/>\n<meta property=\"article:published_time\" content=\"2021-08-18T08:04:56+00:00\" \/>\n<meta property=\"article:modified_time\" content=\"2021-08-19T10:57:09+00:00\" \/>\n<meta property=\"og:image\" content=\"https:\/\/blogg.svenskakyrkan.se\/tankarinforhelgen\/files\/2021\/08\/BAF36DAF-0CEB-41AB-A8A0-A6A575F5F512-1024x672.jpeg\" \/>\n\t<meta property=\"og:image:width\" content=\"1024\" \/>\n\t<meta property=\"og:image:height\" content=\"672\" \/>\n\t<meta property=\"og:image:type\" content=\"image\/jpeg\" \/>\n<meta name=\"author\" content=\"Josefine Jehrlander, pr\u00e4st\" \/>\n<meta name=\"twitter:card\" content=\"summary_large_image\" \/>\n<meta name=\"twitter:label1\" content=\"Skriven av\" \/>\n\t<meta name=\"twitter:data1\" content=\"Josefine Jehrlander, pr\u00e4st\" \/>\n\t<meta name=\"twitter:label2\" content=\"Ber\u00e4knad l\u00e4stid\" \/>\n\t<meta name=\"twitter:data2\" content=\"3 minuter\" \/>\n<script type=\"application\/ld+json\" class=\"yoast-schema-graph\">{\"@context\":\"https:\/\/schema.org\",\"@graph\":[{\"@type\":\"Article\",\"@id\":\"https:\/\/blogg.svenskakyrkan.se\/tankarinforhelgen\/2021\/08\/18\/__oppenhet\/#article\",\"isPartOf\":{\"@id\":\"https:\/\/blogg.svenskakyrkan.se\/tankarinforhelgen\/2021\/08\/18\/__oppenhet\/\"},\"author\":{\"name\":\"Josefine Jehrlander, pr\u00e4st\",\"@id\":\"https:\/\/blogg.svenskakyrkan.se\/tankarinforhelgen\/#\/schema\/person\/c36874f848a4f6a14b804d1949a7df2f\"},\"headline\":\"\u00d6ppenhet \u00e4r att v\u00e5ga\",\"datePublished\":\"2021-08-18T08:04:56+00:00\",\"dateModified\":\"2021-08-19T10:57:09+00:00\",\"mainEntityOfPage\":{\"@id\":\"https:\/\/blogg.svenskakyrkan.se\/tankarinforhelgen\/2021\/08\/18\/__oppenhet\/\"},\"wordCount\":650,\"commentCount\":0,\"image\":{\"@id\":\"https:\/\/blogg.svenskakyrkan.se\/tankarinforhelgen\/2021\/08\/18\/__oppenhet\/#primaryimage\"},\"thumbnailUrl\":\"https:\/\/blogg.svenskakyrkan.se\/tankarinforhelgen\/files\/2021\/08\/BAF36DAF-0CEB-41AB-A8A0-A6A575F5F512.jpeg\",\"keywords\":[\"Josefine Jehrlander\",\"TANKARINFORHELGEN\"],\"articleSection\":[\"12:e s\u00f6ndagen efter trefaldighet\"],\"inLanguage\":\"sv-SE\",\"potentialAction\":[{\"@type\":\"CommentAction\",\"name\":\"Comment\",\"target\":[\"https:\/\/blogg.svenskakyrkan.se\/tankarinforhelgen\/2021\/08\/18\/__oppenhet\/#respond\"]}]},{\"@type\":\"WebPage\",\"@id\":\"https:\/\/blogg.svenskakyrkan.se\/tankarinforhelgen\/2021\/08\/18\/__oppenhet\/\",\"url\":\"https:\/\/blogg.svenskakyrkan.se\/tankarinforhelgen\/2021\/08\/18\/__oppenhet\/\",\"name\":\"\u00d6ppenhet \u00e4r att v\u00e5ga - Tankar inf\u00f6r helgen\",\"isPartOf\":{\"@id\":\"https:\/\/blogg.svenskakyrkan.se\/tankarinforhelgen\/#website\"},\"primaryImageOfPage\":{\"@id\":\"https:\/\/blogg.svenskakyrkan.se\/tankarinforhelgen\/2021\/08\/18\/__oppenhet\/#primaryimage\"},\"image\":{\"@id\":\"https:\/\/blogg.svenskakyrkan.se\/tankarinforhelgen\/2021\/08\/18\/__oppenhet\/#primaryimage\"},\"thumbnailUrl\":\"https:\/\/blogg.svenskakyrkan.se\/tankarinforhelgen\/files\/2021\/08\/BAF36DAF-0CEB-41AB-A8A0-A6A575F5F512.jpeg\",\"datePublished\":\"2021-08-18T08:04:56+00:00\",\"dateModified\":\"2021-08-19T10:57:09+00:00\",\"author\":{\"@id\":\"https:\/\/blogg.svenskakyrkan.se\/tankarinforhelgen\/#\/schema\/person\/c36874f848a4f6a14b804d1949a7df2f\"},\"breadcrumb\":{\"@id\":\"https:\/\/blogg.svenskakyrkan.se\/tankarinforhelgen\/2021\/08\/18\/__oppenhet\/#breadcrumb\"},\"inLanguage\":\"sv-SE\",\"potentialAction\":[{\"@type\":\"ReadAction\",\"target\":[\"https:\/\/blogg.svenskakyrkan.se\/tankarinforhelgen\/2021\/08\/18\/__oppenhet\/\"]}]},{\"@type\":\"ImageObject\",\"inLanguage\":\"sv-SE\",\"@id\":\"https:\/\/blogg.svenskakyrkan.se\/tankarinforhelgen\/2021\/08\/18\/__oppenhet\/#primaryimage\",\"url\":\"https:\/\/blogg.svenskakyrkan.se\/tankarinforhelgen\/files\/2021\/08\/BAF36DAF-0CEB-41AB-A8A0-A6A575F5F512.jpeg\",\"contentUrl\":\"https:\/\/blogg.svenskakyrkan.se\/tankarinforhelgen\/files\/2021\/08\/BAF36DAF-0CEB-41AB-A8A0-A6A575F5F512.jpeg\",\"width\":2388,\"height\":1568},{\"@type\":\"BreadcrumbList\",\"@id\":\"https:\/\/blogg.svenskakyrkan.se\/tankarinforhelgen\/2021\/08\/18\/__oppenhet\/#breadcrumb\",\"itemListElement\":[{\"@type\":\"ListItem\",\"position\":1,\"name\":\"Hem\",\"item\":\"https:\/\/blogg.svenskakyrkan.se\/tankarinforhelgen\/\"},{\"@type\":\"ListItem\",\"position\":2,\"name\":\"\u00d6ppenhet \u00e4r att v\u00e5ga\"}]},{\"@type\":\"WebSite\",\"@id\":\"https:\/\/blogg.svenskakyrkan.se\/tankarinforhelgen\/#website\",\"url\":\"https:\/\/blogg.svenskakyrkan.se\/tankarinforhelgen\/\",\"name\":\"Tankar inf\u00f6r helgen\",\"description\":\"Pr\u00e4ster funderar utifr\u00e5n kommande s\u00f6ndags texter\",\"potentialAction\":[{\"@type\":\"SearchAction\",\"target\":{\"@type\":\"EntryPoint\",\"urlTemplate\":\"https:\/\/blogg.svenskakyrkan.se\/tankarinforhelgen\/?s={search_term_string}\"},\"query-input\":{\"@type\":\"PropertyValueSpecification\",\"valueRequired\":true,\"valueName\":\"search_term_string\"}}],\"inLanguage\":\"sv-SE\"},{\"@type\":\"Person\",\"@id\":\"https:\/\/blogg.svenskakyrkan.se\/tankarinforhelgen\/#\/schema\/person\/c36874f848a4f6a14b804d1949a7df2f\",\"name\":\"Josefine Jehrlander, pr\u00e4st\",\"image\":{\"@type\":\"ImageObject\",\"inLanguage\":\"sv-SE\",\"@id\":\"https:\/\/blogg.svenskakyrkan.se\/tankarinforhelgen\/#\/schema\/person\/image\/\",\"url\":\"https:\/\/secure.gravatar.com\/avatar\/df313e69d5320e02f0f6a886bdf67a99a945b04cfbfbb08da965ee285eb8f1f4?s=96&d=mm&r=g\",\"contentUrl\":\"https:\/\/secure.gravatar.com\/avatar\/df313e69d5320e02f0f6a886bdf67a99a945b04cfbfbb08da965ee285eb8f1f4?s=96&d=mm&r=g\",\"caption\":\"Josefine Jehrlander, pr\u00e4st\"},\"url\":\"https:\/\/blogg.svenskakyrkan.se\/tankarinforhelgen\/author\/josefinefranzen\/\"}]}<\/script>\n<!-- \/ Yoast SEO plugin. -->","yoast_head_json":{"title":"\u00d6ppenhet \u00e4r att v\u00e5ga - Tankar inf\u00f6r helgen","robots":{"index":"index","follow":"follow","max-snippet":"max-snippet:-1","max-image-preview":"max-image-preview:large","max-video-preview":"max-video-preview:-1"},"canonical":"https:\/\/blogg.svenskakyrkan.se\/tankarinforhelgen\/2021\/08\/18\/__oppenhet\/","og_locale":"sv_SE","og_type":"article","og_title":"\u00d6ppenhet \u00e4r att v\u00e5ga - Tankar inf\u00f6r helgen","og_description":"Jag hade radion p\u00e5 i bilen och lyssnade p\u00e5 n\u00e4r Armand Duplantis tog OS-guld f\u00f6r n\u00e5gra veckor sedan. Kommentatorerna jublade och jag satt sp\u00e4nt och lyssnade n\u00e4r han f\u00f6rs\u00f6kte b\u00e4ttra p\u00e5 sitt eget v\u00e4rldsrekord. Oj vad jag hoppades, men det blev inte s\u00e5, inte d\u00e5 i alla fall. Jag har alltid gillat OS. N\u00e4r jag [&hellip;]","og_url":"https:\/\/blogg.svenskakyrkan.se\/tankarinforhelgen\/2021\/08\/18\/__oppenhet\/","og_site_name":"Tankar inf\u00f6r helgen","article_published_time":"2021-08-18T08:04:56+00:00","article_modified_time":"2021-08-19T10:57:09+00:00","og_image":[{"width":1024,"height":672,"url":"https:\/\/blogg.svenskakyrkan.se\/tankarinforhelgen\/files\/2021\/08\/BAF36DAF-0CEB-41AB-A8A0-A6A575F5F512-1024x672.jpeg","type":"image\/jpeg"}],"author":"Josefine Jehrlander, pr\u00e4st","twitter_card":"summary_large_image","twitter_misc":{"Skriven av":"Josefine Jehrlander, pr\u00e4st","Ber\u00e4knad l\u00e4stid":"3 minuter"},"schema":{"@context":"https:\/\/schema.org","@graph":[{"@type":"Article","@id":"https:\/\/blogg.svenskakyrkan.se\/tankarinforhelgen\/2021\/08\/18\/__oppenhet\/#article","isPartOf":{"@id":"https:\/\/blogg.svenskakyrkan.se\/tankarinforhelgen\/2021\/08\/18\/__oppenhet\/"},"author":{"name":"Josefine Jehrlander, pr\u00e4st","@id":"https:\/\/blogg.svenskakyrkan.se\/tankarinforhelgen\/#\/schema\/person\/c36874f848a4f6a14b804d1949a7df2f"},"headline":"\u00d6ppenhet \u00e4r att v\u00e5ga","datePublished":"2021-08-18T08:04:56+00:00","dateModified":"2021-08-19T10:57:09+00:00","mainEntityOfPage":{"@id":"https:\/\/blogg.svenskakyrkan.se\/tankarinforhelgen\/2021\/08\/18\/__oppenhet\/"},"wordCount":650,"commentCount":0,"image":{"@id":"https:\/\/blogg.svenskakyrkan.se\/tankarinforhelgen\/2021\/08\/18\/__oppenhet\/#primaryimage"},"thumbnailUrl":"https:\/\/blogg.svenskakyrkan.se\/tankarinforhelgen\/files\/2021\/08\/BAF36DAF-0CEB-41AB-A8A0-A6A575F5F512.jpeg","keywords":["Josefine Jehrlander","TANKARINFORHELGEN"],"articleSection":["12:e s\u00f6ndagen efter trefaldighet"],"inLanguage":"sv-SE","potentialAction":[{"@type":"CommentAction","name":"Comment","target":["https:\/\/blogg.svenskakyrkan.se\/tankarinforhelgen\/2021\/08\/18\/__oppenhet\/#respond"]}]},{"@type":"WebPage","@id":"https:\/\/blogg.svenskakyrkan.se\/tankarinforhelgen\/2021\/08\/18\/__oppenhet\/","url":"https:\/\/blogg.svenskakyrkan.se\/tankarinforhelgen\/2021\/08\/18\/__oppenhet\/","name":"\u00d6ppenhet \u00e4r att v\u00e5ga - Tankar inf\u00f6r helgen","isPartOf":{"@id":"https:\/\/blogg.svenskakyrkan.se\/tankarinforhelgen\/#website"},"primaryImageOfPage":{"@id":"https:\/\/blogg.svenskakyrkan.se\/tankarinforhelgen\/2021\/08\/18\/__oppenhet\/#primaryimage"},"image":{"@id":"https:\/\/blogg.svenskakyrkan.se\/tankarinforhelgen\/2021\/08\/18\/__oppenhet\/#primaryimage"},"thumbnailUrl":"https:\/\/blogg.svenskakyrkan.se\/tankarinforhelgen\/files\/2021\/08\/BAF36DAF-0CEB-41AB-A8A0-A6A575F5F512.jpeg","datePublished":"2021-08-18T08:04:56+00:00","dateModified":"2021-08-19T10:57:09+00:00","author":{"@id":"https:\/\/blogg.svenskakyrkan.se\/tankarinforhelgen\/#\/schema\/person\/c36874f848a4f6a14b804d1949a7df2f"},"breadcrumb":{"@id":"https:\/\/blogg.svenskakyrkan.se\/tankarinforhelgen\/2021\/08\/18\/__oppenhet\/#breadcrumb"},"inLanguage":"sv-SE","potentialAction":[{"@type":"ReadAction","target":["https:\/\/blogg.svenskakyrkan.se\/tankarinforhelgen\/2021\/08\/18\/__oppenhet\/"]}]},{"@type":"ImageObject","inLanguage":"sv-SE","@id":"https:\/\/blogg.svenskakyrkan.se\/tankarinforhelgen\/2021\/08\/18\/__oppenhet\/#primaryimage","url":"https:\/\/blogg.svenskakyrkan.se\/tankarinforhelgen\/files\/2021\/08\/BAF36DAF-0CEB-41AB-A8A0-A6A575F5F512.jpeg","contentUrl":"https:\/\/blogg.svenskakyrkan.se\/tankarinforhelgen\/files\/2021\/08\/BAF36DAF-0CEB-41AB-A8A0-A6A575F5F512.jpeg","width":2388,"height":1568},{"@type":"BreadcrumbList","@id":"https:\/\/blogg.svenskakyrkan.se\/tankarinforhelgen\/2021\/08\/18\/__oppenhet\/#breadcrumb","itemListElement":[{"@type":"ListItem","position":1,"name":"Hem","item":"https:\/\/blogg.svenskakyrkan.se\/tankarinforhelgen\/"},{"@type":"ListItem","position":2,"name":"\u00d6ppenhet \u00e4r att v\u00e5ga"}]},{"@type":"WebSite","@id":"https:\/\/blogg.svenskakyrkan.se\/tankarinforhelgen\/#website","url":"https:\/\/blogg.svenskakyrkan.se\/tankarinforhelgen\/","name":"Tankar inf\u00f6r helgen","description":"Pr\u00e4ster funderar utifr\u00e5n kommande s\u00f6ndags texter","potentialAction":[{"@type":"SearchAction","target":{"@type":"EntryPoint","urlTemplate":"https:\/\/blogg.svenskakyrkan.se\/tankarinforhelgen\/?s={search_term_string}"},"query-input":{"@type":"PropertyValueSpecification","valueRequired":true,"valueName":"search_term_string"}}],"inLanguage":"sv-SE"},{"@type":"Person","@id":"https:\/\/blogg.svenskakyrkan.se\/tankarinforhelgen\/#\/schema\/person\/c36874f848a4f6a14b804d1949a7df2f","name":"Josefine Jehrlander, pr\u00e4st","image":{"@type":"ImageObject","inLanguage":"sv-SE","@id":"https:\/\/blogg.svenskakyrkan.se\/tankarinforhelgen\/#\/schema\/person\/image\/","url":"https:\/\/secure.gravatar.com\/avatar\/df313e69d5320e02f0f6a886bdf67a99a945b04cfbfbb08da965ee285eb8f1f4?s=96&d=mm&r=g","contentUrl":"https:\/\/secure.gravatar.com\/avatar\/df313e69d5320e02f0f6a886bdf67a99a945b04cfbfbb08da965ee285eb8f1f4?s=96&d=mm&r=g","caption":"Josefine Jehrlander, pr\u00e4st"},"url":"https:\/\/blogg.svenskakyrkan.se\/tankarinforhelgen\/author\/josefinefranzen\/"}]}},"author_meta":{"ID":"607","user_nicename":"josefinefranzen","user_registered":"2017-01-25 14:48:02","display_name":"Josefine Jehrlander, pr\u00e4st","first_name":"Josefine","last_name":"Jehrlander, pr\u00e4st","avatar":"https:\/\/secure.gravatar.com\/avatar\/df313e69d5320e02f0f6a886bdf67a99a945b04cfbfbb08da965ee285eb8f1f4?s=96&d=mm&r=g"},"featured_image":["https:\/\/blogg.svenskakyrkan.se\/tankarinforhelgen\/files\/2021\/08\/BAF36DAF-0CEB-41AB-A8A0-A6A575F5F512-1024x672.jpeg",1024,672,true],"bloginfo":{"name":"Tankar inf\u00f6r helgen","url":"https:\/\/blogg.svenskakyrkan.se\/tankarinforhelgen"},"_links":{"self":[{"href":"https:\/\/blogg.svenskakyrkan.se\/tankarinforhelgen\/wp-json\/wp\/v2\/posts\/2482","targetHints":{"allow":["GET"]}}],"collection":[{"href":"https:\/\/blogg.svenskakyrkan.se\/tankarinforhelgen\/wp-json\/wp\/v2\/posts"}],"about":[{"href":"https:\/\/blogg.svenskakyrkan.se\/tankarinforhelgen\/wp-json\/wp\/v2\/types\/post"}],"author":[{"embeddable":true,"href":"https:\/\/blogg.svenskakyrkan.se\/tankarinforhelgen\/wp-json\/wp\/v2\/users\/607"}],"replies":[{"embeddable":true,"href":"https:\/\/blogg.svenskakyrkan.se\/tankarinforhelgen\/wp-json\/wp\/v2\/comments?post=2482"}],"version-history":[{"count":4,"href":"https:\/\/blogg.svenskakyrkan.se\/tankarinforhelgen\/wp-json\/wp\/v2\/posts\/2482\/revisions"}],"predecessor-version":[{"id":2489,"href":"https:\/\/blogg.svenskakyrkan.se\/tankarinforhelgen\/wp-json\/wp\/v2\/posts\/2482\/revisions\/2489"}],"wp:featuredmedia":[{"embeddable":true,"href":"https:\/\/blogg.svenskakyrkan.se\/tankarinforhelgen\/wp-json\/wp\/v2\/media\/2485"}],"wp:attachment":[{"href":"https:\/\/blogg.svenskakyrkan.se\/tankarinforhelgen\/wp-json\/wp\/v2\/media?parent=2482"}],"wp:term":[{"taxonomy":"category","embeddable":true,"href":"https:\/\/blogg.svenskakyrkan.se\/tankarinforhelgen\/wp-json\/wp\/v2\/categories?post=2482"},{"taxonomy":"post_tag","embeddable":true,"href":"https:\/\/blogg.svenskakyrkan.se\/tankarinforhelgen\/wp-json\/wp\/v2\/tags?post=2482"}],"curies":[{"name":"wp","href":"https:\/\/api.w.org\/{rel}","templated":true}]}}