{"id":2509,"date":"2021-09-08T14:15:57","date_gmt":"2021-09-08T12:15:57","guid":{"rendered":"https:\/\/blogg.svenskakyrkan.se\/tankarinforhelgen\/?p=2509"},"modified":"2021-09-09T09:31:33","modified_gmt":"2021-09-09T07:31:33","slug":"ett-vardelost-rad-om-att-inte-oroa-sig","status":"publish","type":"post","link":"https:\/\/blogg.svenskakyrkan.se\/tankarinforhelgen\/2021\/09\/08\/ett-vardelost-rad-om-att-inte-oroa-sig\/","title":{"rendered":"Ett v\u00e4rdel\u00f6st r\u00e5d om att inte oroa sig"},"content":{"rendered":"\n\n\n<figure class=\"wp-block-image size-large\"><a href=\"https:\/\/blogg.svenskakyrkan.se\/tankarinforhelgen\/files\/2021\/09\/kvinnote.jpg\"><img loading=\"lazy\" decoding=\"async\" width=\"1024\" height=\"654\" src=\"https:\/\/blogg.svenskakyrkan.se\/tankarinforhelgen\/files\/2021\/09\/kvinnote-1024x654.jpg\" alt=\"\" class=\"wp-image-2510\" srcset=\"https:\/\/blogg.svenskakyrkan.se\/tankarinforhelgen\/files\/2021\/09\/kvinnote-1024x654.jpg 1024w, https:\/\/blogg.svenskakyrkan.se\/tankarinforhelgen\/files\/2021\/09\/kvinnote-300x192.jpg 300w, https:\/\/blogg.svenskakyrkan.se\/tankarinforhelgen\/files\/2021\/09\/kvinnote-768x491.jpg 768w, https:\/\/blogg.svenskakyrkan.se\/tankarinforhelgen\/files\/2021\/09\/kvinnote-1200x767.jpg 1200w, https:\/\/blogg.svenskakyrkan.se\/tankarinforhelgen\/files\/2021\/09\/kvinnote.jpg 1257w\" sizes=\"auto, (max-width: 1024px) 100vw, 1024px\" \/><\/a><\/figure>\n\n\n\n<p>\u201dOroa er inte\u201d. S\u00e5 s\u00e4ger Jesus i bibeltexten f\u00f6r denna s\u00f6ndag. Eller ska man vara noga s\u00e5 st\u00e5r det \u201dG\u00f6r er d\u00e4rf\u00f6r inga bekymmer\u201d men inneb\u00f6rden \u00e4r ju densamma. Det \u00e4r ber\u00f6mda ord fr\u00e5n Jesus \u201dbergspredikan\u201d. Att inte oroa sig \u00f6ver varken idag eller imorgon.<\/p>\n\n\n\n<p>Man kan vara lite ambivalent inf\u00f6r de orden. En del stunder k\u00e4nns det h\u00e4rligt och uppmuntrande, andra g\u00e5nger framst\u00e5r det som ett ganska v\u00e4rdel\u00f6st r\u00e5d att f\u00e5. Lite som om n\u00e5gon sade \u00e5t en att inte t\u00e4nka p\u00e5 gr\u00f6nt. Man kan v\u00e4l inte sluta att oroa sig bara s\u00e5d\u00e4r? D\u00e5 blir s\u00e4llan f\u00f6ljden att man oroar sig mindre utan kanske snarare att man dessutom blir sur. Eftersom man inte blir tagen p\u00e5 allvar med sin oro. Terapeuter har sagt att det \u00e4r vanskligt att ha \u201dnegativa m\u00e5l\u201d, s\u00e5dant man ska l\u00e5ta bli att g\u00f6ra. Som att oroa sig. Och \u00e4ven om m\u00e5nga av oss har mindre problem \u00e4n de Jesus n\u00e4mner (mat p\u00e5 bordet och kl\u00e4der p\u00e5 kroppen) s\u00e5 \u00e4r oroandet verkligen ett problem f\u00f6r oss. Vi vill ha frid men hur ska det g\u00e5 till? Hur t\u00e4nker man bort sin oro?<\/p>\n\n\n\n<p>Om man vill sluta t\u00e4nka p\u00e5 gr\u00f6nt s\u00e5 \u00e4r enda s\u00e4ttet att t\u00e4nka p\u00e5 n\u00e5got annat ist\u00e4llet. Har man en l\u00e5t p\u00e5 hj\u00e4rnan \u00e4r det enda s\u00e4ttet att bli av med den att b\u00f6rja sjunga p\u00e5 en annan. Det g\u00e5r liksom inte att t\u00f6mma tankarna, bara att fylla p\u00e5 dem. Och jag tror det \u00e4r just det Jesus s\u00e4ger h\u00e4r ocks\u00e5. Vi ska l\u00e4gga till n\u00e5got helt avg\u00f6rande! Han forts\u00e4tter n\u00e4mligen med att s\u00e4ga: Er himmelske fader vet vad ni beh\u00f6ver. S\u00f6k hans rike och hans r\u00e4ttf\u00e4rdighet. S\u00e5 ska det nog ordna sig med det andra (fritt omskrivet av mig).<\/p>\n\n\n\n<p>Det g\u00e4ller att l\u00e4gga till det perspektiv som l\u00e4tt faller bort n\u00e4r stressen \u00f6kar. Att det finns en Gud som k\u00e4nner och \u00e4lskar oss. Vi f\u00e5r rikta v\u00e5r uppm\u00e4rksamhet mot honom, mot hans rike (och den lilla del i det som best\u00e5r i vad Gud vill oss) och hans r\u00e4ttf\u00e4rdighet (att f\u00e5 upp \u00f6gonen f\u00f6r att allt i v\u00e5rt liv beror av hans godhet mot oss). Var dag har sina pl\u00e5gor \u00e4nd\u00e5 men n\u00e4r vi v\u00e4nder oss till Gud st\u00e5r vi pl\u00f6tsligt inte ensamma med att b\u00e4ra dem. Och tillsammans med Gud kan m\u00e5nga problem se v\u00e4ldigt annorlunda ut. Det \u00e4r inte fr\u00e5ga om att fly sina problem utan om att byta perspektiv. Till ett som enligt v\u00e5r kristna tro st\u00e4mmer b\u00e4ttre med verkligheten.<\/p>\n\n\n\n<p>Som predikant brukar jag mest l\u00e4sa bibelord som det h\u00e4r p\u00e5 begravningar. Kanske kan det verka som ett d\u00e5ligt val s\u00e5 tyst inom mig brukar jag t\u00e4nka mig inv\u00e4ndningarna som kanske finns i \u00e5h\u00f6rarna. Hur \u00e4r det med Guds trofasthet och att allt ska g\u00e5 bra nu n\u00e4r min v\u00e4n \u00e4r d\u00f6d? Mitt eget svar p\u00e5 det \u00e4r att om vi f\u00e5r \u00f6va oss dag f\u00f6r dag i att erfara att v\u00e5ra liv ligger i Guds goda hand s\u00e5 kan vi \u00f6va oss i att lita p\u00e5 den handen. Och n\u00e4r vi m\u00f6ter v\u00e5r sista dag i livet \u00e4r det likadant. Vi \u00e4r i Guds hand vare sig vi lever eller d\u00f6r. Det \u00e4r inte l\u00f6sningen p\u00e5 n\u00e5got speciellt problem Jesus lovar oss utan l\u00f6sningen p\u00e5 allt som skr\u00e4mmer oss.<\/p>\n","protected":false},"excerpt":{"rendered":"<p>\u201dOroa er inte\u201d. S\u00e5 s\u00e4ger Jesus i bibeltexten f\u00f6r denna s\u00f6ndag. Eller ska man vara noga s\u00e5 st\u00e5r det \u201dG\u00f6r er d\u00e4rf\u00f6r inga bekymmer\u201d men inneb\u00f6rden \u00e4r ju densamma. Det \u00e4r ber\u00f6mda ord fr\u00e5n Jesus \u201dbergspredikan\u201d. Att inte oroa sig \u00f6ver varken idag eller imorgon. Man kan vara lite ambivalent inf\u00f6r de orden. En del [&hellip;]<\/p>\n","protected":false},"author":751,"featured_media":2510,"comment_status":"open","ping_status":"open","sticky":false,"template":"","format":"standard","meta":{"_acf_changed":false,"footnotes":""},"categories":[131309],"tags":[159870,159865],"class_list":["post-2509","post","type-post","status-publish","format-standard","has-post-thumbnail","hentry","category-15e-sondagen-efter-trefaldighet","tag-tankarinforhelgen-2","tag-tomas-jarvid"],"acf":[],"yoast_head":"<!-- This site is optimized with the Yoast SEO plugin v27.1.1 - https:\/\/yoast.com\/product\/yoast-seo-wordpress\/ -->\n<title>Ett v\u00e4rdel\u00f6st r\u00e5d om att inte oroa sig - Tankar inf\u00f6r helgen<\/title>\n<meta name=\"robots\" content=\"index, follow, max-snippet:-1, max-image-preview:large, max-video-preview:-1\" \/>\n<link rel=\"canonical\" href=\"https:\/\/blogg.svenskakyrkan.se\/tankarinforhelgen\/2021\/09\/08\/ett-vardelost-rad-om-att-inte-oroa-sig\/\" \/>\n<meta property=\"og:locale\" content=\"sv_SE\" \/>\n<meta property=\"og:type\" content=\"article\" \/>\n<meta property=\"og:title\" content=\"Ett v\u00e4rdel\u00f6st r\u00e5d om att inte oroa sig - Tankar inf\u00f6r helgen\" \/>\n<meta property=\"og:description\" content=\"\u201dOroa er inte\u201d. S\u00e5 s\u00e4ger Jesus i bibeltexten f\u00f6r denna s\u00f6ndag. Eller ska man vara noga s\u00e5 st\u00e5r det \u201dG\u00f6r er d\u00e4rf\u00f6r inga bekymmer\u201d men inneb\u00f6rden \u00e4r ju densamma. Det \u00e4r ber\u00f6mda ord fr\u00e5n Jesus \u201dbergspredikan\u201d. Att inte oroa sig \u00f6ver varken idag eller imorgon. Man kan vara lite ambivalent inf\u00f6r de orden. En del [&hellip;]\" \/>\n<meta property=\"og:url\" content=\"https:\/\/blogg.svenskakyrkan.se\/tankarinforhelgen\/2021\/09\/08\/ett-vardelost-rad-om-att-inte-oroa-sig\/\" \/>\n<meta property=\"og:site_name\" content=\"Tankar inf\u00f6r helgen\" \/>\n<meta property=\"article:published_time\" content=\"2021-09-08T12:15:57+00:00\" \/>\n<meta property=\"article:modified_time\" content=\"2021-09-09T07:31:33+00:00\" \/>\n<meta property=\"og:image\" content=\"https:\/\/blogg.svenskakyrkan.se\/tankarinforhelgen\/files\/2021\/09\/kvinnote.jpg\" \/>\n\t<meta property=\"og:image:width\" content=\"1257\" \/>\n\t<meta property=\"og:image:height\" content=\"803\" \/>\n\t<meta property=\"og:image:type\" content=\"image\/jpeg\" \/>\n<meta name=\"author\" content=\"tomasjarvid\" \/>\n<meta name=\"twitter:card\" content=\"summary_large_image\" \/>\n<meta name=\"twitter:label1\" content=\"Skriven av\" \/>\n\t<meta name=\"twitter:data1\" content=\"tomasjarvid\" \/>\n\t<meta name=\"twitter:label2\" content=\"Ber\u00e4knad l\u00e4stid\" \/>\n\t<meta name=\"twitter:data2\" content=\"3 minuter\" \/>\n<script type=\"application\/ld+json\" class=\"yoast-schema-graph\">{\"@context\":\"https:\/\/schema.org\",\"@graph\":[{\"@type\":\"Article\",\"@id\":\"https:\/\/blogg.svenskakyrkan.se\/tankarinforhelgen\/2021\/09\/08\/ett-vardelost-rad-om-att-inte-oroa-sig\/#article\",\"isPartOf\":{\"@id\":\"https:\/\/blogg.svenskakyrkan.se\/tankarinforhelgen\/2021\/09\/08\/ett-vardelost-rad-om-att-inte-oroa-sig\/\"},\"author\":{\"name\":\"tomasjarvid\",\"@id\":\"https:\/\/blogg.svenskakyrkan.se\/tankarinforhelgen\/#\/schema\/person\/0e3bc7aac7e5c37a1fd34490341d6f43\"},\"headline\":\"Ett v\u00e4rdel\u00f6st r\u00e5d om att inte oroa sig\",\"datePublished\":\"2021-09-08T12:15:57+00:00\",\"dateModified\":\"2021-09-09T07:31:33+00:00\",\"mainEntityOfPage\":{\"@id\":\"https:\/\/blogg.svenskakyrkan.se\/tankarinforhelgen\/2021\/09\/08\/ett-vardelost-rad-om-att-inte-oroa-sig\/\"},\"wordCount\":656,\"commentCount\":1,\"image\":{\"@id\":\"https:\/\/blogg.svenskakyrkan.se\/tankarinforhelgen\/2021\/09\/08\/ett-vardelost-rad-om-att-inte-oroa-sig\/#primaryimage\"},\"thumbnailUrl\":\"https:\/\/blogg.svenskakyrkan.se\/tankarinforhelgen\/files\/2021\/09\/kvinnote.jpg\",\"keywords\":[\"TANKARINF\u00d6RHELGEN\",\"Tomas Jarvid\"],\"articleSection\":[\"15:e s\u00f6ndagen efter trefaldighet\"],\"inLanguage\":\"sv-SE\",\"potentialAction\":[{\"@type\":\"CommentAction\",\"name\":\"Comment\",\"target\":[\"https:\/\/blogg.svenskakyrkan.se\/tankarinforhelgen\/2021\/09\/08\/ett-vardelost-rad-om-att-inte-oroa-sig\/#respond\"]}]},{\"@type\":\"WebPage\",\"@id\":\"https:\/\/blogg.svenskakyrkan.se\/tankarinforhelgen\/2021\/09\/08\/ett-vardelost-rad-om-att-inte-oroa-sig\/\",\"url\":\"https:\/\/blogg.svenskakyrkan.se\/tankarinforhelgen\/2021\/09\/08\/ett-vardelost-rad-om-att-inte-oroa-sig\/\",\"name\":\"Ett v\u00e4rdel\u00f6st r\u00e5d om att inte oroa sig - Tankar inf\u00f6r helgen\",\"isPartOf\":{\"@id\":\"https:\/\/blogg.svenskakyrkan.se\/tankarinforhelgen\/#website\"},\"primaryImageOfPage\":{\"@id\":\"https:\/\/blogg.svenskakyrkan.se\/tankarinforhelgen\/2021\/09\/08\/ett-vardelost-rad-om-att-inte-oroa-sig\/#primaryimage\"},\"image\":{\"@id\":\"https:\/\/blogg.svenskakyrkan.se\/tankarinforhelgen\/2021\/09\/08\/ett-vardelost-rad-om-att-inte-oroa-sig\/#primaryimage\"},\"thumbnailUrl\":\"https:\/\/blogg.svenskakyrkan.se\/tankarinforhelgen\/files\/2021\/09\/kvinnote.jpg\",\"datePublished\":\"2021-09-08T12:15:57+00:00\",\"dateModified\":\"2021-09-09T07:31:33+00:00\",\"author\":{\"@id\":\"https:\/\/blogg.svenskakyrkan.se\/tankarinforhelgen\/#\/schema\/person\/0e3bc7aac7e5c37a1fd34490341d6f43\"},\"breadcrumb\":{\"@id\":\"https:\/\/blogg.svenskakyrkan.se\/tankarinforhelgen\/2021\/09\/08\/ett-vardelost-rad-om-att-inte-oroa-sig\/#breadcrumb\"},\"inLanguage\":\"sv-SE\",\"potentialAction\":[{\"@type\":\"ReadAction\",\"target\":[\"https:\/\/blogg.svenskakyrkan.se\/tankarinforhelgen\/2021\/09\/08\/ett-vardelost-rad-om-att-inte-oroa-sig\/\"]}]},{\"@type\":\"ImageObject\",\"inLanguage\":\"sv-SE\",\"@id\":\"https:\/\/blogg.svenskakyrkan.se\/tankarinforhelgen\/2021\/09\/08\/ett-vardelost-rad-om-att-inte-oroa-sig\/#primaryimage\",\"url\":\"https:\/\/blogg.svenskakyrkan.se\/tankarinforhelgen\/files\/2021\/09\/kvinnote.jpg\",\"contentUrl\":\"https:\/\/blogg.svenskakyrkan.se\/tankarinforhelgen\/files\/2021\/09\/kvinnote.jpg\",\"width\":1257,\"height\":803},{\"@type\":\"BreadcrumbList\",\"@id\":\"https:\/\/blogg.svenskakyrkan.se\/tankarinforhelgen\/2021\/09\/08\/ett-vardelost-rad-om-att-inte-oroa-sig\/#breadcrumb\",\"itemListElement\":[{\"@type\":\"ListItem\",\"position\":1,\"name\":\"Hem\",\"item\":\"https:\/\/blogg.svenskakyrkan.se\/tankarinforhelgen\/\"},{\"@type\":\"ListItem\",\"position\":2,\"name\":\"Ett v\u00e4rdel\u00f6st r\u00e5d om att inte oroa sig\"}]},{\"@type\":\"WebSite\",\"@id\":\"https:\/\/blogg.svenskakyrkan.se\/tankarinforhelgen\/#website\",\"url\":\"https:\/\/blogg.svenskakyrkan.se\/tankarinforhelgen\/\",\"name\":\"Tankar inf\u00f6r helgen\",\"description\":\"Pr\u00e4ster funderar utifr\u00e5n kommande s\u00f6ndags texter\",\"potentialAction\":[{\"@type\":\"SearchAction\",\"target\":{\"@type\":\"EntryPoint\",\"urlTemplate\":\"https:\/\/blogg.svenskakyrkan.se\/tankarinforhelgen\/?s={search_term_string}\"},\"query-input\":{\"@type\":\"PropertyValueSpecification\",\"valueRequired\":true,\"valueName\":\"search_term_string\"}}],\"inLanguage\":\"sv-SE\"},{\"@type\":\"Person\",\"@id\":\"https:\/\/blogg.svenskakyrkan.se\/tankarinforhelgen\/#\/schema\/person\/0e3bc7aac7e5c37a1fd34490341d6f43\",\"name\":\"tomasjarvid\",\"image\":{\"@type\":\"ImageObject\",\"inLanguage\":\"sv-SE\",\"@id\":\"https:\/\/blogg.svenskakyrkan.se\/tankarinforhelgen\/#\/schema\/person\/image\/\",\"url\":\"https:\/\/secure.gravatar.com\/avatar\/038384b5a4cc68485f889d6fc1977f80c6f2d457f7d909ca606ab5e79da6af01?s=96&d=mm&r=g\",\"contentUrl\":\"https:\/\/secure.gravatar.com\/avatar\/038384b5a4cc68485f889d6fc1977f80c6f2d457f7d909ca606ab5e79da6af01?s=96&d=mm&r=g\",\"caption\":\"tomasjarvid\"},\"url\":\"https:\/\/blogg.svenskakyrkan.se\/tankarinforhelgen\/author\/tomasjarvid\/\"}]}<\/script>\n<!-- \/ Yoast SEO plugin. -->","yoast_head_json":{"title":"Ett v\u00e4rdel\u00f6st r\u00e5d om att inte oroa sig - Tankar inf\u00f6r helgen","robots":{"index":"index","follow":"follow","max-snippet":"max-snippet:-1","max-image-preview":"max-image-preview:large","max-video-preview":"max-video-preview:-1"},"canonical":"https:\/\/blogg.svenskakyrkan.se\/tankarinforhelgen\/2021\/09\/08\/ett-vardelost-rad-om-att-inte-oroa-sig\/","og_locale":"sv_SE","og_type":"article","og_title":"Ett v\u00e4rdel\u00f6st r\u00e5d om att inte oroa sig - Tankar inf\u00f6r helgen","og_description":"\u201dOroa er inte\u201d. S\u00e5 s\u00e4ger Jesus i bibeltexten f\u00f6r denna s\u00f6ndag. Eller ska man vara noga s\u00e5 st\u00e5r det \u201dG\u00f6r er d\u00e4rf\u00f6r inga bekymmer\u201d men inneb\u00f6rden \u00e4r ju densamma. Det \u00e4r ber\u00f6mda ord fr\u00e5n Jesus \u201dbergspredikan\u201d. Att inte oroa sig \u00f6ver varken idag eller imorgon. Man kan vara lite ambivalent inf\u00f6r de orden. En del [&hellip;]","og_url":"https:\/\/blogg.svenskakyrkan.se\/tankarinforhelgen\/2021\/09\/08\/ett-vardelost-rad-om-att-inte-oroa-sig\/","og_site_name":"Tankar inf\u00f6r helgen","article_published_time":"2021-09-08T12:15:57+00:00","article_modified_time":"2021-09-09T07:31:33+00:00","og_image":[{"width":1257,"height":803,"url":"https:\/\/blogg.svenskakyrkan.se\/tankarinforhelgen\/files\/2021\/09\/kvinnote.jpg","type":"image\/jpeg"}],"author":"tomasjarvid","twitter_card":"summary_large_image","twitter_misc":{"Skriven av":"tomasjarvid","Ber\u00e4knad l\u00e4stid":"3 minuter"},"schema":{"@context":"https:\/\/schema.org","@graph":[{"@type":"Article","@id":"https:\/\/blogg.svenskakyrkan.se\/tankarinforhelgen\/2021\/09\/08\/ett-vardelost-rad-om-att-inte-oroa-sig\/#article","isPartOf":{"@id":"https:\/\/blogg.svenskakyrkan.se\/tankarinforhelgen\/2021\/09\/08\/ett-vardelost-rad-om-att-inte-oroa-sig\/"},"author":{"name":"tomasjarvid","@id":"https:\/\/blogg.svenskakyrkan.se\/tankarinforhelgen\/#\/schema\/person\/0e3bc7aac7e5c37a1fd34490341d6f43"},"headline":"Ett v\u00e4rdel\u00f6st r\u00e5d om att inte oroa sig","datePublished":"2021-09-08T12:15:57+00:00","dateModified":"2021-09-09T07:31:33+00:00","mainEntityOfPage":{"@id":"https:\/\/blogg.svenskakyrkan.se\/tankarinforhelgen\/2021\/09\/08\/ett-vardelost-rad-om-att-inte-oroa-sig\/"},"wordCount":656,"commentCount":1,"image":{"@id":"https:\/\/blogg.svenskakyrkan.se\/tankarinforhelgen\/2021\/09\/08\/ett-vardelost-rad-om-att-inte-oroa-sig\/#primaryimage"},"thumbnailUrl":"https:\/\/blogg.svenskakyrkan.se\/tankarinforhelgen\/files\/2021\/09\/kvinnote.jpg","keywords":["TANKARINF\u00d6RHELGEN","Tomas Jarvid"],"articleSection":["15:e s\u00f6ndagen efter trefaldighet"],"inLanguage":"sv-SE","potentialAction":[{"@type":"CommentAction","name":"Comment","target":["https:\/\/blogg.svenskakyrkan.se\/tankarinforhelgen\/2021\/09\/08\/ett-vardelost-rad-om-att-inte-oroa-sig\/#respond"]}]},{"@type":"WebPage","@id":"https:\/\/blogg.svenskakyrkan.se\/tankarinforhelgen\/2021\/09\/08\/ett-vardelost-rad-om-att-inte-oroa-sig\/","url":"https:\/\/blogg.svenskakyrkan.se\/tankarinforhelgen\/2021\/09\/08\/ett-vardelost-rad-om-att-inte-oroa-sig\/","name":"Ett v\u00e4rdel\u00f6st r\u00e5d om att inte oroa sig - Tankar inf\u00f6r helgen","isPartOf":{"@id":"https:\/\/blogg.svenskakyrkan.se\/tankarinforhelgen\/#website"},"primaryImageOfPage":{"@id":"https:\/\/blogg.svenskakyrkan.se\/tankarinforhelgen\/2021\/09\/08\/ett-vardelost-rad-om-att-inte-oroa-sig\/#primaryimage"},"image":{"@id":"https:\/\/blogg.svenskakyrkan.se\/tankarinforhelgen\/2021\/09\/08\/ett-vardelost-rad-om-att-inte-oroa-sig\/#primaryimage"},"thumbnailUrl":"https:\/\/blogg.svenskakyrkan.se\/tankarinforhelgen\/files\/2021\/09\/kvinnote.jpg","datePublished":"2021-09-08T12:15:57+00:00","dateModified":"2021-09-09T07:31:33+00:00","author":{"@id":"https:\/\/blogg.svenskakyrkan.se\/tankarinforhelgen\/#\/schema\/person\/0e3bc7aac7e5c37a1fd34490341d6f43"},"breadcrumb":{"@id":"https:\/\/blogg.svenskakyrkan.se\/tankarinforhelgen\/2021\/09\/08\/ett-vardelost-rad-om-att-inte-oroa-sig\/#breadcrumb"},"inLanguage":"sv-SE","potentialAction":[{"@type":"ReadAction","target":["https:\/\/blogg.svenskakyrkan.se\/tankarinforhelgen\/2021\/09\/08\/ett-vardelost-rad-om-att-inte-oroa-sig\/"]}]},{"@type":"ImageObject","inLanguage":"sv-SE","@id":"https:\/\/blogg.svenskakyrkan.se\/tankarinforhelgen\/2021\/09\/08\/ett-vardelost-rad-om-att-inte-oroa-sig\/#primaryimage","url":"https:\/\/blogg.svenskakyrkan.se\/tankarinforhelgen\/files\/2021\/09\/kvinnote.jpg","contentUrl":"https:\/\/blogg.svenskakyrkan.se\/tankarinforhelgen\/files\/2021\/09\/kvinnote.jpg","width":1257,"height":803},{"@type":"BreadcrumbList","@id":"https:\/\/blogg.svenskakyrkan.se\/tankarinforhelgen\/2021\/09\/08\/ett-vardelost-rad-om-att-inte-oroa-sig\/#breadcrumb","itemListElement":[{"@type":"ListItem","position":1,"name":"Hem","item":"https:\/\/blogg.svenskakyrkan.se\/tankarinforhelgen\/"},{"@type":"ListItem","position":2,"name":"Ett v\u00e4rdel\u00f6st r\u00e5d om att inte oroa sig"}]},{"@type":"WebSite","@id":"https:\/\/blogg.svenskakyrkan.se\/tankarinforhelgen\/#website","url":"https:\/\/blogg.svenskakyrkan.se\/tankarinforhelgen\/","name":"Tankar inf\u00f6r helgen","description":"Pr\u00e4ster funderar utifr\u00e5n kommande s\u00f6ndags texter","potentialAction":[{"@type":"SearchAction","target":{"@type":"EntryPoint","urlTemplate":"https:\/\/blogg.svenskakyrkan.se\/tankarinforhelgen\/?s={search_term_string}"},"query-input":{"@type":"PropertyValueSpecification","valueRequired":true,"valueName":"search_term_string"}}],"inLanguage":"sv-SE"},{"@type":"Person","@id":"https:\/\/blogg.svenskakyrkan.se\/tankarinforhelgen\/#\/schema\/person\/0e3bc7aac7e5c37a1fd34490341d6f43","name":"tomasjarvid","image":{"@type":"ImageObject","inLanguage":"sv-SE","@id":"https:\/\/blogg.svenskakyrkan.se\/tankarinforhelgen\/#\/schema\/person\/image\/","url":"https:\/\/secure.gravatar.com\/avatar\/038384b5a4cc68485f889d6fc1977f80c6f2d457f7d909ca606ab5e79da6af01?s=96&d=mm&r=g","contentUrl":"https:\/\/secure.gravatar.com\/avatar\/038384b5a4cc68485f889d6fc1977f80c6f2d457f7d909ca606ab5e79da6af01?s=96&d=mm&r=g","caption":"tomasjarvid"},"url":"https:\/\/blogg.svenskakyrkan.se\/tankarinforhelgen\/author\/tomasjarvid\/"}]}},"author_meta":{"ID":"751","user_nicename":"tomasjarvid","user_registered":"2020-03-09 13:41:31","display_name":"tomasjarvid","avatar":"https:\/\/secure.gravatar.com\/avatar\/038384b5a4cc68485f889d6fc1977f80c6f2d457f7d909ca606ab5e79da6af01?s=96&d=mm&r=g"},"featured_image":["https:\/\/blogg.svenskakyrkan.se\/tankarinforhelgen\/files\/2021\/09\/kvinnote-1024x654.jpg",1024,654,true],"bloginfo":{"name":"Tankar inf\u00f6r helgen","url":"https:\/\/blogg.svenskakyrkan.se\/tankarinforhelgen"},"_links":{"self":[{"href":"https:\/\/blogg.svenskakyrkan.se\/tankarinforhelgen\/wp-json\/wp\/v2\/posts\/2509","targetHints":{"allow":["GET"]}}],"collection":[{"href":"https:\/\/blogg.svenskakyrkan.se\/tankarinforhelgen\/wp-json\/wp\/v2\/posts"}],"about":[{"href":"https:\/\/blogg.svenskakyrkan.se\/tankarinforhelgen\/wp-json\/wp\/v2\/types\/post"}],"author":[{"embeddable":true,"href":"https:\/\/blogg.svenskakyrkan.se\/tankarinforhelgen\/wp-json\/wp\/v2\/users\/751"}],"replies":[{"embeddable":true,"href":"https:\/\/blogg.svenskakyrkan.se\/tankarinforhelgen\/wp-json\/wp\/v2\/comments?post=2509"}],"version-history":[{"count":1,"href":"https:\/\/blogg.svenskakyrkan.se\/tankarinforhelgen\/wp-json\/wp\/v2\/posts\/2509\/revisions"}],"predecessor-version":[{"id":2511,"href":"https:\/\/blogg.svenskakyrkan.se\/tankarinforhelgen\/wp-json\/wp\/v2\/posts\/2509\/revisions\/2511"}],"wp:featuredmedia":[{"embeddable":true,"href":"https:\/\/blogg.svenskakyrkan.se\/tankarinforhelgen\/wp-json\/wp\/v2\/media\/2510"}],"wp:attachment":[{"href":"https:\/\/blogg.svenskakyrkan.se\/tankarinforhelgen\/wp-json\/wp\/v2\/media?parent=2509"}],"wp:term":[{"taxonomy":"category","embeddable":true,"href":"https:\/\/blogg.svenskakyrkan.se\/tankarinforhelgen\/wp-json\/wp\/v2\/categories?post=2509"},{"taxonomy":"post_tag","embeddable":true,"href":"https:\/\/blogg.svenskakyrkan.se\/tankarinforhelgen\/wp-json\/wp\/v2\/tags?post=2509"}],"curies":[{"name":"wp","href":"https:\/\/api.w.org\/{rel}","templated":true}]}}