{"id":2516,"date":"2021-09-23T14:31:17","date_gmt":"2021-09-23T12:31:17","guid":{"rendered":"https:\/\/blogg.svenskakyrkan.se\/tankarinforhelgen\/?p=2516"},"modified":"2024-07-05T16:39:19","modified_gmt":"2024-07-05T14:39:19","slug":"en-gavas-varde","status":"publish","type":"post","link":"https:\/\/blogg.svenskakyrkan.se\/tankarinforhelgen\/2021\/09\/23\/en-gavas-varde\/","title":{"rendered":"En g\u00e5vas v\u00e4rde."},"content":{"rendered":"\n<figure class=\"wp-block-image size-large\"><a href=\"https:\/\/blogg.svenskakyrkan.se\/tankarinforhelgen\/files\/2021\/09\/23-sep-scaled.jpg\"><img loading=\"lazy\" decoding=\"async\" width=\"1024\" height=\"683\" src=\"https:\/\/blogg.svenskakyrkan.se\/tankarinforhelgen\/files\/2021\/09\/23-sep-1024x683.jpg\" alt=\"\" class=\"wp-image-2519\" srcset=\"https:\/\/blogg.svenskakyrkan.se\/tankarinforhelgen\/files\/2021\/09\/23-sep-1024x683.jpg 1024w, https:\/\/blogg.svenskakyrkan.se\/tankarinforhelgen\/files\/2021\/09\/23-sep-300x200.jpg 300w, https:\/\/blogg.svenskakyrkan.se\/tankarinforhelgen\/files\/2021\/09\/23-sep-768x512.jpg 768w, https:\/\/blogg.svenskakyrkan.se\/tankarinforhelgen\/files\/2021\/09\/23-sep-1536x1024.jpg 1536w, https:\/\/blogg.svenskakyrkan.se\/tankarinforhelgen\/files\/2021\/09\/23-sep-2048x1365.jpg 2048w, https:\/\/blogg.svenskakyrkan.se\/tankarinforhelgen\/files\/2021\/09\/23-sep-1200x800.jpg 1200w\" sizes=\"auto, (max-width: 1024px) 100vw, 1024px\" \/><\/a><\/figure>\n\n\n\n<p>N\u00e4r jag var liten var vi d\u00e5 och d\u00e5 hos min mormor i Sm\u00e5land. Hon var inte min biologiska mormor men hon \u00e4r den enda som jag t\u00e4nkt p\u00e5 som min mormor. Lisa hette hon. Jag kommer ih\u00e5g hur det luktade i hennes badrum. Det var en alldeles s\u00e4rskild doft. Det var inte alls n\u00e5gon otrevlig doft, bara en s\u00e4rskild doft. Ibland h\u00e4nder det att jag kommer hem till n\u00e5gon vars badrum luktar likadant och d\u00e5 t\u00e4nker jag alltid p\u00e5 Lisa. I hennes k\u00f6k fanns det en burk med hjorthornssalt. Det tyckte jag l\u00e4t konstigt n\u00e4r jag var liten.<br><br>Mormor Lisa hade en best\u00e4md formel f\u00f6r min f\u00f6delsedagspresent.<br>Jag fick 10 kronor f\u00f6r varje \u00e5r jag fyllde. S\u00e5 n\u00e4r jag fyllde fem \u00e5r s\u00e5 fick jag fem guldpengar, 50 kronor. F\u00f6r mig som fem\u00e5ring var det en f\u00f6rm\u00f6genhet. Det k\u00e4ndes som hur mycket pengar som helst.<br><br>Men n\u00e4r jag sen fyllde sex, sju och \u00e5tta \u00e5r, s\u00e5 var det d\u00e4r pl\u00f6tsligt inte s\u00e5 mycket pengar. Det var den f\u00f6rsta erfarenheten jag hade av att pengars v\u00e4rde \u00e4r olika beroende p\u00e5 hur mycket pengar du \u00e4r van vid och hur mycket sakerna du vill k\u00f6pa kostar. Som fem\u00e5ring ville jag k\u00f6pa godis och 50 kronor blir mycket godis f\u00f6r en fem\u00e5ring. Som \u00e5tta\u00e5ring ville jag k\u00f6pa tv-spel men 80 kronor f\u00e5r man inte mycket tv-spel f\u00f6r.<br><br>Den formel som jag n\u00e5gra \u00e5r tidigare tyckt var gener\u00f6s k\u00e4ndes pl\u00f6tsligt sn\u00e5l. Jag kommer ih\u00e5g hur jag girigt gn\u00e4llde till min mamma: \u201dJag m\u00e5ste ju v\u00e4nta tills jag \u00e4r hundra f\u00f6r att f\u00e5 tusen kronor!\u201d<br><br>Pengars v\u00e4rde \u00e4r inte absolut. Det f\u00f6r\u00e4ndras beroende p\u00e5 s\u00e5 v\u00e4l period i livet som dag i m\u00e5naden. Den familj som h\u00e5ller p\u00e5 att l\u00e4gga bud p\u00e5 ett nytt boende t\u00e4nker att femtio tusen kronor inte \u00e4r s\u00e5 mycket extra att l\u00e4gga in i budgivningen. Den som st\u00e5r stressad i kassan i mataff\u00e4ren och f\u00f6rs\u00f6ker v\u00e4lja vilken matvara som ska tas bort s\u00e5 att pengarna r\u00e4cker till t\u00e4nker att varje krona r\u00e4knas.<br><br>I s\u00f6ndagens evangelietext s\u00e4ger Jesus \u00e5t l\u00e4rjungarna, och oss, att inte samla v\u00e5ra skatter p\u00e5 jorden utan samla dem i himlen. P\u00e5 jorden s\u00e5 f\u00f6rsvinner v\u00e5ra skatter p\u00e5 ett eller annat s\u00e4tt, f\u00f6rr eller senare. Kanske f\u00f6r att n\u00e5gon stj\u00e4l dem, f\u00f6r att vi g\u00f6r oss av med dem n\u00e4r de f\u00f6rlorar sitt v\u00e4rde eller f\u00f6r att vi till slut d\u00f6r.<br><br>Men vad \u00e4r en himmelsk skatt?<br>Kanske \u00e4r det s\u00e5 enkelt som k\u00e4rlek.<br><br>N\u00e4r jag var 8 \u00e5r s\u00e5 var jag irriterad f\u00f6r att jag inte fick mer pengar av min mormor. Nu ser jag p\u00e5 det med gl\u00e4dje. Mormor gav mig de d\u00e4r guldpengarna med stor k\u00e4rlek och nu \u00e4r det ett starkt minne i mig som g\u00f6r det enklare f\u00f6r mig att komma ih\u00e5g henne. De hj\u00e4lper mig att komma ih\u00e5g burken med hjorthornssalt som jag tyckte var konstig och den d\u00e4r doften i badrummet.<br><br>Hon visste inte om det men hon gav mig en himmelsk skatt med de d\u00e4r guldpengarna. Inte guldpengarna i sig, de k\u00f6pte jag s\u00e4kert godis f\u00f6r. Den himmelska skatten \u00e4r k\u00e4rleken med vilken hon gav dem och k\u00e4rleken som jag nu k\u00e4nner f\u00f6r henne n\u00e4r jag t\u00e4nker p\u00e5 det.<br><br>Pengar f\u00f6rsvinner. K\u00e4rlek best\u00e5r.<br><br>Den som \u00e4r rik inf\u00f6r Gud har inte fickorna fulla med pengar. Den har hj\u00e4rtat fyllt med k\u00e4rlek.<br><br>\/Johan Garde, pr\u00e4st<\/p>\n","protected":false},"excerpt":{"rendered":"<p>N\u00e4r jag var liten var vi d\u00e5 och d\u00e5 hos min mormor i Sm\u00e5land. Hon var inte min biologiska mormor men hon \u00e4r den enda som jag t\u00e4nkt p\u00e5 som min mormor. Lisa hette hon. Jag kommer ih\u00e5g hur det luktade i hennes badrum. Det var en alldeles s\u00e4rskild doft. Det var inte alls n\u00e5gon [&hellip;]<\/p>\n","protected":false},"author":571,"featured_media":2519,"comment_status":"open","ping_status":"open","sticky":false,"template":"","format":"standard","meta":{"_acf_changed":false,"footnotes":""},"categories":[130724],"tags":[159873,142457],"class_list":["post-2516","post","type-post","status-publish","format-standard","has-post-thumbnail","hentry","category-17e-sondagen-efter-trefaldighet","tag-johan-garde","tag-tankarinforhelgen"],"acf":[],"yoast_head":"<!-- This site is optimized with the Yoast SEO plugin v27.1.1 - https:\/\/yoast.com\/product\/yoast-seo-wordpress\/ -->\n<title>En g\u00e5vas v\u00e4rde. - Tankar inf\u00f6r helgen<\/title>\n<meta name=\"robots\" content=\"index, follow, max-snippet:-1, max-image-preview:large, max-video-preview:-1\" \/>\n<link rel=\"canonical\" href=\"https:\/\/blogg.svenskakyrkan.se\/tankarinforhelgen\/2021\/09\/23\/en-gavas-varde\/\" \/>\n<meta property=\"og:locale\" content=\"sv_SE\" \/>\n<meta property=\"og:type\" content=\"article\" \/>\n<meta property=\"og:title\" content=\"En g\u00e5vas v\u00e4rde. - Tankar inf\u00f6r helgen\" \/>\n<meta property=\"og:description\" content=\"N\u00e4r jag var liten var vi d\u00e5 och d\u00e5 hos min mormor i Sm\u00e5land. Hon var inte min biologiska mormor men hon \u00e4r den enda som jag t\u00e4nkt p\u00e5 som min mormor. Lisa hette hon. Jag kommer ih\u00e5g hur det luktade i hennes badrum. Det var en alldeles s\u00e4rskild doft. Det var inte alls n\u00e5gon [&hellip;]\" \/>\n<meta property=\"og:url\" content=\"https:\/\/blogg.svenskakyrkan.se\/tankarinforhelgen\/2021\/09\/23\/en-gavas-varde\/\" \/>\n<meta property=\"og:site_name\" content=\"Tankar inf\u00f6r helgen\" \/>\n<meta property=\"article:published_time\" content=\"2021-09-23T12:31:17+00:00\" \/>\n<meta property=\"article:modified_time\" content=\"2024-07-05T14:39:19+00:00\" \/>\n<meta property=\"og:image\" content=\"http:\/\/blogg.svenskakyrkan.se\/tankarinforhelgen\/files\/2021\/09\/23-sep-scaled.jpg\" \/>\n\t<meta property=\"og:image:width\" content=\"2560\" \/>\n\t<meta property=\"og:image:height\" content=\"1706\" \/>\n\t<meta property=\"og:image:type\" content=\"image\/jpeg\" \/>\n<meta name=\"author\" content=\"Redakt\u00f6r\" \/>\n<meta name=\"twitter:card\" content=\"summary_large_image\" \/>\n<meta name=\"twitter:label1\" content=\"Skriven av\" \/>\n\t<meta name=\"twitter:data1\" content=\"Redakt\u00f6r\" \/>\n\t<meta name=\"twitter:label2\" content=\"Ber\u00e4knad l\u00e4stid\" \/>\n\t<meta name=\"twitter:data2\" content=\"3 minuter\" \/>\n<script type=\"application\/ld+json\" class=\"yoast-schema-graph\">{\"@context\":\"https:\/\/schema.org\",\"@graph\":[{\"@type\":\"Article\",\"@id\":\"https:\/\/blogg.svenskakyrkan.se\/tankarinforhelgen\/2021\/09\/23\/en-gavas-varde\/#article\",\"isPartOf\":{\"@id\":\"https:\/\/blogg.svenskakyrkan.se\/tankarinforhelgen\/2021\/09\/23\/en-gavas-varde\/\"},\"author\":{\"name\":\"Redakt\u00f6r\",\"@id\":\"https:\/\/blogg.svenskakyrkan.se\/tankarinforhelgen\/#\/schema\/person\/c3a083eaf64e58ceca7dbab1073f348a\"},\"headline\":\"En g\u00e5vas v\u00e4rde.\",\"datePublished\":\"2021-09-23T12:31:17+00:00\",\"dateModified\":\"2024-07-05T14:39:19+00:00\",\"mainEntityOfPage\":{\"@id\":\"https:\/\/blogg.svenskakyrkan.se\/tankarinforhelgen\/2021\/09\/23\/en-gavas-varde\/\"},\"wordCount\":666,\"commentCount\":2,\"image\":{\"@id\":\"https:\/\/blogg.svenskakyrkan.se\/tankarinforhelgen\/2021\/09\/23\/en-gavas-varde\/#primaryimage\"},\"thumbnailUrl\":\"https:\/\/blogg.svenskakyrkan.se\/tankarinforhelgen\/files\/2021\/09\/23-sep-scaled.jpg\",\"keywords\":[\"Johan Garde\",\"TANKARINFORHELGEN\"],\"articleSection\":[\"17:e s\u00f6ndagen efter trefaldighet\"],\"inLanguage\":\"sv-SE\",\"potentialAction\":[{\"@type\":\"CommentAction\",\"name\":\"Comment\",\"target\":[\"https:\/\/blogg.svenskakyrkan.se\/tankarinforhelgen\/2021\/09\/23\/en-gavas-varde\/#respond\"]}]},{\"@type\":\"WebPage\",\"@id\":\"https:\/\/blogg.svenskakyrkan.se\/tankarinforhelgen\/2021\/09\/23\/en-gavas-varde\/\",\"url\":\"https:\/\/blogg.svenskakyrkan.se\/tankarinforhelgen\/2021\/09\/23\/en-gavas-varde\/\",\"name\":\"En g\u00e5vas v\u00e4rde. - Tankar inf\u00f6r helgen\",\"isPartOf\":{\"@id\":\"https:\/\/blogg.svenskakyrkan.se\/tankarinforhelgen\/#website\"},\"primaryImageOfPage\":{\"@id\":\"https:\/\/blogg.svenskakyrkan.se\/tankarinforhelgen\/2021\/09\/23\/en-gavas-varde\/#primaryimage\"},\"image\":{\"@id\":\"https:\/\/blogg.svenskakyrkan.se\/tankarinforhelgen\/2021\/09\/23\/en-gavas-varde\/#primaryimage\"},\"thumbnailUrl\":\"https:\/\/blogg.svenskakyrkan.se\/tankarinforhelgen\/files\/2021\/09\/23-sep-scaled.jpg\",\"datePublished\":\"2021-09-23T12:31:17+00:00\",\"dateModified\":\"2024-07-05T14:39:19+00:00\",\"author\":{\"@id\":\"https:\/\/blogg.svenskakyrkan.se\/tankarinforhelgen\/#\/schema\/person\/c3a083eaf64e58ceca7dbab1073f348a\"},\"breadcrumb\":{\"@id\":\"https:\/\/blogg.svenskakyrkan.se\/tankarinforhelgen\/2021\/09\/23\/en-gavas-varde\/#breadcrumb\"},\"inLanguage\":\"sv-SE\",\"potentialAction\":[{\"@type\":\"ReadAction\",\"target\":[\"https:\/\/blogg.svenskakyrkan.se\/tankarinforhelgen\/2021\/09\/23\/en-gavas-varde\/\"]}]},{\"@type\":\"ImageObject\",\"inLanguage\":\"sv-SE\",\"@id\":\"https:\/\/blogg.svenskakyrkan.se\/tankarinforhelgen\/2021\/09\/23\/en-gavas-varde\/#primaryimage\",\"url\":\"https:\/\/blogg.svenskakyrkan.se\/tankarinforhelgen\/files\/2021\/09\/23-sep-scaled.jpg\",\"contentUrl\":\"https:\/\/blogg.svenskakyrkan.se\/tankarinforhelgen\/files\/2021\/09\/23-sep-scaled.jpg\",\"width\":2560,\"height\":1706,\"caption\":\"Close up female senior hand holding kid hand and flowers bouquet. Preschooler boy supporting his great-grandmother. Family group, support, help, connecting the generations, link between generations.\"},{\"@type\":\"BreadcrumbList\",\"@id\":\"https:\/\/blogg.svenskakyrkan.se\/tankarinforhelgen\/2021\/09\/23\/en-gavas-varde\/#breadcrumb\",\"itemListElement\":[{\"@type\":\"ListItem\",\"position\":1,\"name\":\"Hem\",\"item\":\"https:\/\/blogg.svenskakyrkan.se\/tankarinforhelgen\/\"},{\"@type\":\"ListItem\",\"position\":2,\"name\":\"En g\u00e5vas v\u00e4rde.\"}]},{\"@type\":\"WebSite\",\"@id\":\"https:\/\/blogg.svenskakyrkan.se\/tankarinforhelgen\/#website\",\"url\":\"https:\/\/blogg.svenskakyrkan.se\/tankarinforhelgen\/\",\"name\":\"Tankar inf\u00f6r helgen\",\"description\":\"Pr\u00e4ster funderar utifr\u00e5n kommande s\u00f6ndags texter\",\"potentialAction\":[{\"@type\":\"SearchAction\",\"target\":{\"@type\":\"EntryPoint\",\"urlTemplate\":\"https:\/\/blogg.svenskakyrkan.se\/tankarinforhelgen\/?s={search_term_string}\"},\"query-input\":{\"@type\":\"PropertyValueSpecification\",\"valueRequired\":true,\"valueName\":\"search_term_string\"}}],\"inLanguage\":\"sv-SE\"},{\"@type\":\"Person\",\"@id\":\"https:\/\/blogg.svenskakyrkan.se\/tankarinforhelgen\/#\/schema\/person\/c3a083eaf64e58ceca7dbab1073f348a\",\"name\":\"Redakt\u00f6r\",\"image\":{\"@type\":\"ImageObject\",\"inLanguage\":\"sv-SE\",\"@id\":\"https:\/\/blogg.svenskakyrkan.se\/tankarinforhelgen\/#\/schema\/person\/image\/\",\"url\":\"https:\/\/secure.gravatar.com\/avatar\/8f26026fee5ee84b0d14c4fd93151cb7d38503749fedc699e4c50f223090db6f?s=96&d=mm&r=g\",\"contentUrl\":\"https:\/\/secure.gravatar.com\/avatar\/8f26026fee5ee84b0d14c4fd93151cb7d38503749fedc699e4c50f223090db6f?s=96&d=mm&r=g\",\"caption\":\"Redakt\u00f6r\"},\"url\":\"https:\/\/blogg.svenskakyrkan.se\/tankarinforhelgen\/author\/linabeutler\/\"}]}<\/script>\n<!-- \/ Yoast SEO plugin. -->","yoast_head_json":{"title":"En g\u00e5vas v\u00e4rde. - Tankar inf\u00f6r helgen","robots":{"index":"index","follow":"follow","max-snippet":"max-snippet:-1","max-image-preview":"max-image-preview:large","max-video-preview":"max-video-preview:-1"},"canonical":"https:\/\/blogg.svenskakyrkan.se\/tankarinforhelgen\/2021\/09\/23\/en-gavas-varde\/","og_locale":"sv_SE","og_type":"article","og_title":"En g\u00e5vas v\u00e4rde. - Tankar inf\u00f6r helgen","og_description":"N\u00e4r jag var liten var vi d\u00e5 och d\u00e5 hos min mormor i Sm\u00e5land. Hon var inte min biologiska mormor men hon \u00e4r den enda som jag t\u00e4nkt p\u00e5 som min mormor. Lisa hette hon. Jag kommer ih\u00e5g hur det luktade i hennes badrum. Det var en alldeles s\u00e4rskild doft. Det var inte alls n\u00e5gon [&hellip;]","og_url":"https:\/\/blogg.svenskakyrkan.se\/tankarinforhelgen\/2021\/09\/23\/en-gavas-varde\/","og_site_name":"Tankar inf\u00f6r helgen","article_published_time":"2021-09-23T12:31:17+00:00","article_modified_time":"2024-07-05T14:39:19+00:00","og_image":[{"width":2560,"height":1706,"url":"http:\/\/blogg.svenskakyrkan.se\/tankarinforhelgen\/files\/2021\/09\/23-sep-scaled.jpg","type":"image\/jpeg"}],"author":"Redakt\u00f6r","twitter_card":"summary_large_image","twitter_misc":{"Skriven av":"Redakt\u00f6r","Ber\u00e4knad l\u00e4stid":"3 minuter"},"schema":{"@context":"https:\/\/schema.org","@graph":[{"@type":"Article","@id":"https:\/\/blogg.svenskakyrkan.se\/tankarinforhelgen\/2021\/09\/23\/en-gavas-varde\/#article","isPartOf":{"@id":"https:\/\/blogg.svenskakyrkan.se\/tankarinforhelgen\/2021\/09\/23\/en-gavas-varde\/"},"author":{"name":"Redakt\u00f6r","@id":"https:\/\/blogg.svenskakyrkan.se\/tankarinforhelgen\/#\/schema\/person\/c3a083eaf64e58ceca7dbab1073f348a"},"headline":"En g\u00e5vas v\u00e4rde.","datePublished":"2021-09-23T12:31:17+00:00","dateModified":"2024-07-05T14:39:19+00:00","mainEntityOfPage":{"@id":"https:\/\/blogg.svenskakyrkan.se\/tankarinforhelgen\/2021\/09\/23\/en-gavas-varde\/"},"wordCount":666,"commentCount":2,"image":{"@id":"https:\/\/blogg.svenskakyrkan.se\/tankarinforhelgen\/2021\/09\/23\/en-gavas-varde\/#primaryimage"},"thumbnailUrl":"https:\/\/blogg.svenskakyrkan.se\/tankarinforhelgen\/files\/2021\/09\/23-sep-scaled.jpg","keywords":["Johan Garde","TANKARINFORHELGEN"],"articleSection":["17:e s\u00f6ndagen efter trefaldighet"],"inLanguage":"sv-SE","potentialAction":[{"@type":"CommentAction","name":"Comment","target":["https:\/\/blogg.svenskakyrkan.se\/tankarinforhelgen\/2021\/09\/23\/en-gavas-varde\/#respond"]}]},{"@type":"WebPage","@id":"https:\/\/blogg.svenskakyrkan.se\/tankarinforhelgen\/2021\/09\/23\/en-gavas-varde\/","url":"https:\/\/blogg.svenskakyrkan.se\/tankarinforhelgen\/2021\/09\/23\/en-gavas-varde\/","name":"En g\u00e5vas v\u00e4rde. - Tankar inf\u00f6r helgen","isPartOf":{"@id":"https:\/\/blogg.svenskakyrkan.se\/tankarinforhelgen\/#website"},"primaryImageOfPage":{"@id":"https:\/\/blogg.svenskakyrkan.se\/tankarinforhelgen\/2021\/09\/23\/en-gavas-varde\/#primaryimage"},"image":{"@id":"https:\/\/blogg.svenskakyrkan.se\/tankarinforhelgen\/2021\/09\/23\/en-gavas-varde\/#primaryimage"},"thumbnailUrl":"https:\/\/blogg.svenskakyrkan.se\/tankarinforhelgen\/files\/2021\/09\/23-sep-scaled.jpg","datePublished":"2021-09-23T12:31:17+00:00","dateModified":"2024-07-05T14:39:19+00:00","author":{"@id":"https:\/\/blogg.svenskakyrkan.se\/tankarinforhelgen\/#\/schema\/person\/c3a083eaf64e58ceca7dbab1073f348a"},"breadcrumb":{"@id":"https:\/\/blogg.svenskakyrkan.se\/tankarinforhelgen\/2021\/09\/23\/en-gavas-varde\/#breadcrumb"},"inLanguage":"sv-SE","potentialAction":[{"@type":"ReadAction","target":["https:\/\/blogg.svenskakyrkan.se\/tankarinforhelgen\/2021\/09\/23\/en-gavas-varde\/"]}]},{"@type":"ImageObject","inLanguage":"sv-SE","@id":"https:\/\/blogg.svenskakyrkan.se\/tankarinforhelgen\/2021\/09\/23\/en-gavas-varde\/#primaryimage","url":"https:\/\/blogg.svenskakyrkan.se\/tankarinforhelgen\/files\/2021\/09\/23-sep-scaled.jpg","contentUrl":"https:\/\/blogg.svenskakyrkan.se\/tankarinforhelgen\/files\/2021\/09\/23-sep-scaled.jpg","width":2560,"height":1706,"caption":"Close up female senior hand holding kid hand and flowers bouquet. Preschooler boy supporting his great-grandmother. Family group, support, help, connecting the generations, link between generations."},{"@type":"BreadcrumbList","@id":"https:\/\/blogg.svenskakyrkan.se\/tankarinforhelgen\/2021\/09\/23\/en-gavas-varde\/#breadcrumb","itemListElement":[{"@type":"ListItem","position":1,"name":"Hem","item":"https:\/\/blogg.svenskakyrkan.se\/tankarinforhelgen\/"},{"@type":"ListItem","position":2,"name":"En g\u00e5vas v\u00e4rde."}]},{"@type":"WebSite","@id":"https:\/\/blogg.svenskakyrkan.se\/tankarinforhelgen\/#website","url":"https:\/\/blogg.svenskakyrkan.se\/tankarinforhelgen\/","name":"Tankar inf\u00f6r helgen","description":"Pr\u00e4ster funderar utifr\u00e5n kommande s\u00f6ndags texter","potentialAction":[{"@type":"SearchAction","target":{"@type":"EntryPoint","urlTemplate":"https:\/\/blogg.svenskakyrkan.se\/tankarinforhelgen\/?s={search_term_string}"},"query-input":{"@type":"PropertyValueSpecification","valueRequired":true,"valueName":"search_term_string"}}],"inLanguage":"sv-SE"},{"@type":"Person","@id":"https:\/\/blogg.svenskakyrkan.se\/tankarinforhelgen\/#\/schema\/person\/c3a083eaf64e58ceca7dbab1073f348a","name":"Redakt\u00f6r","image":{"@type":"ImageObject","inLanguage":"sv-SE","@id":"https:\/\/blogg.svenskakyrkan.se\/tankarinforhelgen\/#\/schema\/person\/image\/","url":"https:\/\/secure.gravatar.com\/avatar\/8f26026fee5ee84b0d14c4fd93151cb7d38503749fedc699e4c50f223090db6f?s=96&d=mm&r=g","contentUrl":"https:\/\/secure.gravatar.com\/avatar\/8f26026fee5ee84b0d14c4fd93151cb7d38503749fedc699e4c50f223090db6f?s=96&d=mm&r=g","caption":"Redakt\u00f6r"},"url":"https:\/\/blogg.svenskakyrkan.se\/tankarinforhelgen\/author\/linabeutler\/"}]}},"author_meta":{"ID":"571","user_nicename":"linabeutler","user_registered":"2016-05-25 09:35:11","display_name":"Redakt\u00f6r","first_name":"Redakt\u00f6r","last_name":"Beutler","avatar":"https:\/\/secure.gravatar.com\/avatar\/8f26026fee5ee84b0d14c4fd93151cb7d38503749fedc699e4c50f223090db6f?s=96&d=mm&r=g"},"featured_image":["https:\/\/blogg.svenskakyrkan.se\/tankarinforhelgen\/files\/2021\/09\/23-sep-1024x683.jpg",1024,683,true],"bloginfo":{"name":"Tankar inf\u00f6r helgen","url":"https:\/\/blogg.svenskakyrkan.se\/tankarinforhelgen"},"_links":{"self":[{"href":"https:\/\/blogg.svenskakyrkan.se\/tankarinforhelgen\/wp-json\/wp\/v2\/posts\/2516","targetHints":{"allow":["GET"]}}],"collection":[{"href":"https:\/\/blogg.svenskakyrkan.se\/tankarinforhelgen\/wp-json\/wp\/v2\/posts"}],"about":[{"href":"https:\/\/blogg.svenskakyrkan.se\/tankarinforhelgen\/wp-json\/wp\/v2\/types\/post"}],"author":[{"embeddable":true,"href":"https:\/\/blogg.svenskakyrkan.se\/tankarinforhelgen\/wp-json\/wp\/v2\/users\/571"}],"replies":[{"embeddable":true,"href":"https:\/\/blogg.svenskakyrkan.se\/tankarinforhelgen\/wp-json\/wp\/v2\/comments?post=2516"}],"version-history":[{"count":2,"href":"https:\/\/blogg.svenskakyrkan.se\/tankarinforhelgen\/wp-json\/wp\/v2\/posts\/2516\/revisions"}],"predecessor-version":[{"id":2520,"href":"https:\/\/blogg.svenskakyrkan.se\/tankarinforhelgen\/wp-json\/wp\/v2\/posts\/2516\/revisions\/2520"}],"wp:featuredmedia":[{"embeddable":true,"href":"https:\/\/blogg.svenskakyrkan.se\/tankarinforhelgen\/wp-json\/wp\/v2\/media\/2519"}],"wp:attachment":[{"href":"https:\/\/blogg.svenskakyrkan.se\/tankarinforhelgen\/wp-json\/wp\/v2\/media?parent=2516"}],"wp:term":[{"taxonomy":"category","embeddable":true,"href":"https:\/\/blogg.svenskakyrkan.se\/tankarinforhelgen\/wp-json\/wp\/v2\/categories?post=2516"},{"taxonomy":"post_tag","embeddable":true,"href":"https:\/\/blogg.svenskakyrkan.se\/tankarinforhelgen\/wp-json\/wp\/v2\/tags?post=2516"}],"curies":[{"name":"wp","href":"https:\/\/api.w.org\/{rel}","templated":true}]}}