{"id":2529,"date":"2021-10-07T12:50:26","date_gmt":"2021-10-07T10:50:26","guid":{"rendered":"https:\/\/blogg.svenskakyrkan.se\/tankarinforhelgen\/?p=2529"},"modified":"2021-10-08T10:50:01","modified_gmt":"2021-10-08T08:50:01","slug":"konsten-att-tacka","status":"publish","type":"post","link":"https:\/\/blogg.svenskakyrkan.se\/tankarinforhelgen\/2021\/10\/07\/konsten-att-tacka\/","title":{"rendered":"Konsten att tacka"},"content":{"rendered":"\n\n\n<figure class=\"wp-block-image size-large is-style-default\"><a href=\"https:\/\/blogg.svenskakyrkan.se\/tankarinforhelgen\/files\/2021\/10\/1140418-1-1.jpg\"><img loading=\"lazy\" decoding=\"async\" width=\"1024\" height=\"681\" src=\"https:\/\/blogg.svenskakyrkan.se\/tankarinforhelgen\/files\/2021\/10\/1140418-1-1-1024x681.jpg\" alt=\"\" class=\"wp-image-2534\" srcset=\"https:\/\/blogg.svenskakyrkan.se\/tankarinforhelgen\/files\/2021\/10\/1140418-1-1-1024x681.jpg 1024w, https:\/\/blogg.svenskakyrkan.se\/tankarinforhelgen\/files\/2021\/10\/1140418-1-1-300x200.jpg 300w, https:\/\/blogg.svenskakyrkan.se\/tankarinforhelgen\/files\/2021\/10\/1140418-1-1-768x511.jpg 768w, https:\/\/blogg.svenskakyrkan.se\/tankarinforhelgen\/files\/2021\/10\/1140418-1-1-1536x1022.jpg 1536w, https:\/\/blogg.svenskakyrkan.se\/tankarinforhelgen\/files\/2021\/10\/1140418-1-1-1200x798.jpg 1200w, https:\/\/blogg.svenskakyrkan.se\/tankarinforhelgen\/files\/2021\/10\/1140418-1-1.jpg 1920w\" sizes=\"auto, (max-width: 1024px) 100vw, 1024px\" \/><\/a><\/figure>\n\n\n\n<p>Har du funderat \u00f6ver ordet \u201dtack\u201d n\u00e5gon g\u00e5ng? Det g\u00f6r jag ofta. T\u00e4nk dig en alldeles vanlig dag i ditt liv, hur m\u00e5nga g\u00e5nger s\u00e4ger du tack?<br>Tack f\u00f6r en ny dag, tack till den som r\u00e4ckte dig sm\u00f6ret, tack till fr\u00e4mlingen som h\u00f6ll upp d\u00f6rren, tack f\u00f6r skjutsen, tack f\u00f6r mejlet, tack till kollegan som hj\u00e4lpte dig, tack f\u00f6r maten, tack, tack, tack, god natt.<br>Det skulle vara logiskt om ordet f\u00f6rlorat sin inneb\u00f6rd i v\u00e5r tid, om tack bara var ett ord vi anv\u00e4nder f\u00f6r att fylla ut v\u00e5ra meningar. \u00c4nd\u00e5 tror jag att du kan h\u00f6ra skillnader i olika former av tack.<\/p>\n\n\n\n<p>Du k\u00e4nner kanske p\u00e5 dig n\u00e4r n\u00e5gon tackar dig p\u00e5 riktigt, och inte bara f\u00f6r att vara artig: n\u00e4r n\u00e5gon ser dig i \u00f6gonen och b\u00e5de med blick och ord s\u00e4ger tack f\u00f6r n\u00e5got du gjort, sagt eller f\u00f6r att du \u00e4r du. Det \u00e4r ordets r\u00e4tta stund, till och med ett s\u00e4tt att leva v\u00e5ra liv.<\/p>\n\n\n\n<p>Tack f\u00f6r allt! Ropar jag genom korridoren till kollegan i min f\u00f6rsamling. Det \u00e4r ju f\u00f6rst\u00e5s dumt, f\u00f6r hur skulle jag kunna tacka f\u00f6r allt? Kanske \u00e4r det just d\u00e4rf\u00f6r. Jag kan inte tacka f\u00f6r allt, men jag kan f\u00f6rs\u00f6ka vara tacksam f\u00f6r allt.<\/p>\n\n\n\n<p>Jag borde kanske s\u00e4ga till kollegan: tack f\u00f6r att dina g\u00e5vor, tack f\u00f6r din tid, tack f\u00f6r att jag f\u00e5r uppleva gemenskap med dig, tack f\u00f6r att jag f\u00e5r f\u00f6rs\u00f6ka bygga vidare p\u00e5 Guds rike med dig, tack, tack, tack.<\/p>\n\n\n\n<p>Skulle orden betyda n\u00e5got om jag sa dem varje dag? Nej, sannolikt inte, och kollegan skulle nog ledsna p\u00e5 mitt tackande. S\u00e5 ist\u00e4llet s\u00e4ger jag ibland \u201dTack f\u00f6r allt\u201d och f\u00f6rs\u00f6ker tacka p\u00e5 riktigt n\u00e4r chansen uppst\u00e5r.Det \u00e4r en konstform att v\u00e4lja sina stunder att tacka, att i b\u00e5de ord och handling visa sin tacksamhet f\u00f6r m\u00e4nniskorna omkring en. Det kr\u00e4ver \u00f6vning, uppriktighet och en liten nypa mod.<\/p>\n\n\n\n<p>I en av texterna till denna s\u00f6ndag m\u00f6ter vi en man som verkar bem\u00e4stra den konstformen. Jesus gav tio sjuka m\u00e4n uppgiften att visa upp sig f\u00f6r pr\u00e4sterna och p\u00e5 v\u00e4gen dit blev de tio helade fr\u00e5n sina \u00e5kommor. En av dem, mannen som blir v\u00e5r f\u00f6rebild, gick aldrig till pr\u00e4sterna utan v\u00e4nde tillbaka till Jesus.<\/p>\n\n\n\n<p>Han v\u00e4nde tillbaka f\u00f6r att kasta sig inf\u00f6r Jesu f\u00f6tter och med ord och handling visa sin tacksamhet. Han var s\u00e5 uppfylld av att ha f\u00e5tt livet och h\u00e4lsan tillbaka att han beh\u00f6vde f\u00e5 s\u00e4ga tack. Tack till den som fick det om\u00f6jliga att bli verklighet.<\/p>\n\n\n\n<p>\u201dTack, Jesus.\u201d Tv\u00e5 av mina absoluta favoritord. Ett helt annat tack \u00e4n det som jag s\u00e4ger f\u00f6r att vara artig. Det \u00e4r ett tack som inte egentligen kan utryckas i ord, men som f\u00e5r rymmas i det lilla.<\/p>\n\n\n\n<p>Ett tack f\u00f6r den k\u00e4rlek som st\u00e4ndigt str\u00f6mmar fr\u00e5n Jesus. Ett tack f\u00f6r ledning, f\u00f6r omsorg, f\u00f6r livet, f\u00f6r h\u00f6sten, f\u00f6r kollegan, f\u00f6r det om\u00f6jliga kan bli m\u00f6jligt.<\/p>\n\n\n\n<p>Ordet tack har inte f\u00f6rlorat sin inneb\u00f6rd, men kanske beh\u00f6ver vi p\u00e5minna oss om vad det inneb\u00e4r att leva i tacksamhet. Vi beh\u00f6ver liksom mannen, v\u00e4nda tillbaka v\u00e5ra hj\u00e4rtan och v\u00e5ra tankar och v\u00e5ga s\u00e4ga: Tack Jesus. Tack f\u00f6r allt.<\/p>\n","protected":false},"excerpt":{"rendered":"<p>Har du funderat \u00f6ver ordet \u201dtack\u201d n\u00e5gon g\u00e5ng? Det g\u00f6r jag ofta. T\u00e4nk dig en alldeles vanlig dag i ditt liv, hur m\u00e5nga g\u00e5nger s\u00e4ger du tack?Tack f\u00f6r en ny dag, tack till den som r\u00e4ckte dig sm\u00f6ret, tack till fr\u00e4mlingen som h\u00f6ll upp d\u00f6rren, tack f\u00f6r skjutsen, tack f\u00f6r mejlet, tack till kollegan som [&hellip;]<\/p>\n","protected":false},"author":672,"featured_media":2532,"comment_status":"open","ping_status":"open","sticky":false,"template":"","format":"standard","meta":{"_acf_changed":false,"footnotes":""},"categories":[130057],"tags":[142465,159870],"class_list":["post-2529","post","type-post","status-publish","format-standard","has-post-thumbnail","hentry","category-tacksagelsedagen","tag-catharina-carlsson","tag-tankarinforhelgen-2"],"acf":[],"yoast_head":"<!-- This site is optimized with the Yoast SEO plugin v27.1.1 - https:\/\/yoast.com\/product\/yoast-seo-wordpress\/ -->\n<title>Konsten att tacka - Tankar inf\u00f6r helgen<\/title>\n<meta name=\"robots\" content=\"index, follow, max-snippet:-1, max-image-preview:large, max-video-preview:-1\" \/>\n<link rel=\"canonical\" href=\"https:\/\/blogg.svenskakyrkan.se\/tankarinforhelgen\/2021\/10\/07\/konsten-att-tacka\/\" \/>\n<meta property=\"og:locale\" content=\"sv_SE\" \/>\n<meta property=\"og:type\" content=\"article\" \/>\n<meta property=\"og:title\" content=\"Konsten att tacka - Tankar inf\u00f6r helgen\" \/>\n<meta property=\"og:description\" content=\"Har du funderat \u00f6ver ordet \u201dtack\u201d n\u00e5gon g\u00e5ng? Det g\u00f6r jag ofta. T\u00e4nk dig en alldeles vanlig dag i ditt liv, hur m\u00e5nga g\u00e5nger s\u00e4ger du tack?Tack f\u00f6r en ny dag, tack till den som r\u00e4ckte dig sm\u00f6ret, tack till fr\u00e4mlingen som h\u00f6ll upp d\u00f6rren, tack f\u00f6r skjutsen, tack f\u00f6r mejlet, tack till kollegan som [&hellip;]\" \/>\n<meta property=\"og:url\" content=\"https:\/\/blogg.svenskakyrkan.se\/tankarinforhelgen\/2021\/10\/07\/konsten-att-tacka\/\" \/>\n<meta property=\"og:site_name\" content=\"Tankar inf\u00f6r helgen\" \/>\n<meta property=\"article:published_time\" content=\"2021-10-07T10:50:26+00:00\" \/>\n<meta property=\"article:modified_time\" content=\"2021-10-08T08:50:01+00:00\" \/>\n<meta property=\"og:image\" content=\"https:\/\/blogg.svenskakyrkan.se\/tankarinforhelgen\/files\/2021\/10\/1140418-1.jpg\" \/>\n\t<meta property=\"og:image:width\" content=\"1920\" \/>\n\t<meta property=\"og:image:height\" content=\"1277\" \/>\n\t<meta property=\"og:image:type\" content=\"image\/jpeg\" \/>\n<meta name=\"author\" content=\"Catharina Carlsson, pr\u00e4st\" \/>\n<meta name=\"twitter:card\" content=\"summary_large_image\" \/>\n<meta name=\"twitter:label1\" content=\"Skriven av\" \/>\n\t<meta name=\"twitter:data1\" content=\"Catharina Carlsson, pr\u00e4st\" \/>\n\t<meta name=\"twitter:label2\" content=\"Ber\u00e4knad l\u00e4stid\" \/>\n\t<meta name=\"twitter:data2\" content=\"3 minuter\" \/>\n<script type=\"application\/ld+json\" class=\"yoast-schema-graph\">{\"@context\":\"https:\/\/schema.org\",\"@graph\":[{\"@type\":\"Article\",\"@id\":\"https:\/\/blogg.svenskakyrkan.se\/tankarinforhelgen\/2021\/10\/07\/konsten-att-tacka\/#article\",\"isPartOf\":{\"@id\":\"https:\/\/blogg.svenskakyrkan.se\/tankarinforhelgen\/2021\/10\/07\/konsten-att-tacka\/\"},\"author\":{\"name\":\"Catharina Carlsson, pr\u00e4st\",\"@id\":\"https:\/\/blogg.svenskakyrkan.se\/tankarinforhelgen\/#\/schema\/person\/d822d69bf74ba8b653a523a24142ad17\"},\"headline\":\"Konsten att tacka\",\"datePublished\":\"2021-10-07T10:50:26+00:00\",\"dateModified\":\"2021-10-08T08:50:01+00:00\",\"mainEntityOfPage\":{\"@id\":\"https:\/\/blogg.svenskakyrkan.se\/tankarinforhelgen\/2021\/10\/07\/konsten-att-tacka\/\"},\"wordCount\":650,\"commentCount\":0,\"image\":{\"@id\":\"https:\/\/blogg.svenskakyrkan.se\/tankarinforhelgen\/2021\/10\/07\/konsten-att-tacka\/#primaryimage\"},\"thumbnailUrl\":\"https:\/\/blogg.svenskakyrkan.se\/tankarinforhelgen\/files\/2021\/10\/1140418-1.jpg\",\"keywords\":[\"Catharina Carlsson\",\"TANKARINF\u00d6RHELGEN\"],\"articleSection\":[\"Tacks\u00e4gelsedagen\"],\"inLanguage\":\"sv-SE\",\"potentialAction\":[{\"@type\":\"CommentAction\",\"name\":\"Comment\",\"target\":[\"https:\/\/blogg.svenskakyrkan.se\/tankarinforhelgen\/2021\/10\/07\/konsten-att-tacka\/#respond\"]}]},{\"@type\":\"WebPage\",\"@id\":\"https:\/\/blogg.svenskakyrkan.se\/tankarinforhelgen\/2021\/10\/07\/konsten-att-tacka\/\",\"url\":\"https:\/\/blogg.svenskakyrkan.se\/tankarinforhelgen\/2021\/10\/07\/konsten-att-tacka\/\",\"name\":\"Konsten att tacka - Tankar inf\u00f6r helgen\",\"isPartOf\":{\"@id\":\"https:\/\/blogg.svenskakyrkan.se\/tankarinforhelgen\/#website\"},\"primaryImageOfPage\":{\"@id\":\"https:\/\/blogg.svenskakyrkan.se\/tankarinforhelgen\/2021\/10\/07\/konsten-att-tacka\/#primaryimage\"},\"image\":{\"@id\":\"https:\/\/blogg.svenskakyrkan.se\/tankarinforhelgen\/2021\/10\/07\/konsten-att-tacka\/#primaryimage\"},\"thumbnailUrl\":\"https:\/\/blogg.svenskakyrkan.se\/tankarinforhelgen\/files\/2021\/10\/1140418-1.jpg\",\"datePublished\":\"2021-10-07T10:50:26+00:00\",\"dateModified\":\"2021-10-08T08:50:01+00:00\",\"author\":{\"@id\":\"https:\/\/blogg.svenskakyrkan.se\/tankarinforhelgen\/#\/schema\/person\/d822d69bf74ba8b653a523a24142ad17\"},\"breadcrumb\":{\"@id\":\"https:\/\/blogg.svenskakyrkan.se\/tankarinforhelgen\/2021\/10\/07\/konsten-att-tacka\/#breadcrumb\"},\"inLanguage\":\"sv-SE\",\"potentialAction\":[{\"@type\":\"ReadAction\",\"target\":[\"https:\/\/blogg.svenskakyrkan.se\/tankarinforhelgen\/2021\/10\/07\/konsten-att-tacka\/\"]}]},{\"@type\":\"ImageObject\",\"inLanguage\":\"sv-SE\",\"@id\":\"https:\/\/blogg.svenskakyrkan.se\/tankarinforhelgen\/2021\/10\/07\/konsten-att-tacka\/#primaryimage\",\"url\":\"https:\/\/blogg.svenskakyrkan.se\/tankarinforhelgen\/files\/2021\/10\/1140418-1.jpg\",\"contentUrl\":\"https:\/\/blogg.svenskakyrkan.se\/tankarinforhelgen\/files\/2021\/10\/1140418-1.jpg\",\"width\":1920,\"height\":1277},{\"@type\":\"BreadcrumbList\",\"@id\":\"https:\/\/blogg.svenskakyrkan.se\/tankarinforhelgen\/2021\/10\/07\/konsten-att-tacka\/#breadcrumb\",\"itemListElement\":[{\"@type\":\"ListItem\",\"position\":1,\"name\":\"Hem\",\"item\":\"https:\/\/blogg.svenskakyrkan.se\/tankarinforhelgen\/\"},{\"@type\":\"ListItem\",\"position\":2,\"name\":\"Konsten att tacka\"}]},{\"@type\":\"WebSite\",\"@id\":\"https:\/\/blogg.svenskakyrkan.se\/tankarinforhelgen\/#website\",\"url\":\"https:\/\/blogg.svenskakyrkan.se\/tankarinforhelgen\/\",\"name\":\"Tankar inf\u00f6r helgen\",\"description\":\"Pr\u00e4ster funderar utifr\u00e5n kommande s\u00f6ndags texter\",\"potentialAction\":[{\"@type\":\"SearchAction\",\"target\":{\"@type\":\"EntryPoint\",\"urlTemplate\":\"https:\/\/blogg.svenskakyrkan.se\/tankarinforhelgen\/?s={search_term_string}\"},\"query-input\":{\"@type\":\"PropertyValueSpecification\",\"valueRequired\":true,\"valueName\":\"search_term_string\"}}],\"inLanguage\":\"sv-SE\"},{\"@type\":\"Person\",\"@id\":\"https:\/\/blogg.svenskakyrkan.se\/tankarinforhelgen\/#\/schema\/person\/d822d69bf74ba8b653a523a24142ad17\",\"name\":\"Catharina Carlsson, pr\u00e4st\",\"image\":{\"@type\":\"ImageObject\",\"inLanguage\":\"sv-SE\",\"@id\":\"https:\/\/blogg.svenskakyrkan.se\/tankarinforhelgen\/#\/schema\/person\/image\/\",\"url\":\"https:\/\/secure.gravatar.com\/avatar\/a05095351d4bef3936c8e5eb4759b56ae7498e54a3370d1dbcd55cd306192198?s=96&d=mm&r=g\",\"contentUrl\":\"https:\/\/secure.gravatar.com\/avatar\/a05095351d4bef3936c8e5eb4759b56ae7498e54a3370d1dbcd55cd306192198?s=96&d=mm&r=g\",\"caption\":\"Catharina Carlsson, pr\u00e4st\"},\"url\":\"https:\/\/blogg.svenskakyrkan.se\/tankarinforhelgen\/author\/catharinacarlsson\/\"}]}<\/script>\n<!-- \/ Yoast SEO plugin. -->","yoast_head_json":{"title":"Konsten att tacka - Tankar inf\u00f6r helgen","robots":{"index":"index","follow":"follow","max-snippet":"max-snippet:-1","max-image-preview":"max-image-preview:large","max-video-preview":"max-video-preview:-1"},"canonical":"https:\/\/blogg.svenskakyrkan.se\/tankarinforhelgen\/2021\/10\/07\/konsten-att-tacka\/","og_locale":"sv_SE","og_type":"article","og_title":"Konsten att tacka - Tankar inf\u00f6r helgen","og_description":"Har du funderat \u00f6ver ordet \u201dtack\u201d n\u00e5gon g\u00e5ng? Det g\u00f6r jag ofta. T\u00e4nk dig en alldeles vanlig dag i ditt liv, hur m\u00e5nga g\u00e5nger s\u00e4ger du tack?Tack f\u00f6r en ny dag, tack till den som r\u00e4ckte dig sm\u00f6ret, tack till fr\u00e4mlingen som h\u00f6ll upp d\u00f6rren, tack f\u00f6r skjutsen, tack f\u00f6r mejlet, tack till kollegan som [&hellip;]","og_url":"https:\/\/blogg.svenskakyrkan.se\/tankarinforhelgen\/2021\/10\/07\/konsten-att-tacka\/","og_site_name":"Tankar inf\u00f6r helgen","article_published_time":"2021-10-07T10:50:26+00:00","article_modified_time":"2021-10-08T08:50:01+00:00","og_image":[{"width":1920,"height":1277,"url":"https:\/\/blogg.svenskakyrkan.se\/tankarinforhelgen\/files\/2021\/10\/1140418-1.jpg","type":"image\/jpeg"}],"author":"Catharina Carlsson, pr\u00e4st","twitter_card":"summary_large_image","twitter_misc":{"Skriven av":"Catharina Carlsson, pr\u00e4st","Ber\u00e4knad l\u00e4stid":"3 minuter"},"schema":{"@context":"https:\/\/schema.org","@graph":[{"@type":"Article","@id":"https:\/\/blogg.svenskakyrkan.se\/tankarinforhelgen\/2021\/10\/07\/konsten-att-tacka\/#article","isPartOf":{"@id":"https:\/\/blogg.svenskakyrkan.se\/tankarinforhelgen\/2021\/10\/07\/konsten-att-tacka\/"},"author":{"name":"Catharina Carlsson, pr\u00e4st","@id":"https:\/\/blogg.svenskakyrkan.se\/tankarinforhelgen\/#\/schema\/person\/d822d69bf74ba8b653a523a24142ad17"},"headline":"Konsten att tacka","datePublished":"2021-10-07T10:50:26+00:00","dateModified":"2021-10-08T08:50:01+00:00","mainEntityOfPage":{"@id":"https:\/\/blogg.svenskakyrkan.se\/tankarinforhelgen\/2021\/10\/07\/konsten-att-tacka\/"},"wordCount":650,"commentCount":0,"image":{"@id":"https:\/\/blogg.svenskakyrkan.se\/tankarinforhelgen\/2021\/10\/07\/konsten-att-tacka\/#primaryimage"},"thumbnailUrl":"https:\/\/blogg.svenskakyrkan.se\/tankarinforhelgen\/files\/2021\/10\/1140418-1.jpg","keywords":["Catharina Carlsson","TANKARINF\u00d6RHELGEN"],"articleSection":["Tacks\u00e4gelsedagen"],"inLanguage":"sv-SE","potentialAction":[{"@type":"CommentAction","name":"Comment","target":["https:\/\/blogg.svenskakyrkan.se\/tankarinforhelgen\/2021\/10\/07\/konsten-att-tacka\/#respond"]}]},{"@type":"WebPage","@id":"https:\/\/blogg.svenskakyrkan.se\/tankarinforhelgen\/2021\/10\/07\/konsten-att-tacka\/","url":"https:\/\/blogg.svenskakyrkan.se\/tankarinforhelgen\/2021\/10\/07\/konsten-att-tacka\/","name":"Konsten att tacka - Tankar inf\u00f6r helgen","isPartOf":{"@id":"https:\/\/blogg.svenskakyrkan.se\/tankarinforhelgen\/#website"},"primaryImageOfPage":{"@id":"https:\/\/blogg.svenskakyrkan.se\/tankarinforhelgen\/2021\/10\/07\/konsten-att-tacka\/#primaryimage"},"image":{"@id":"https:\/\/blogg.svenskakyrkan.se\/tankarinforhelgen\/2021\/10\/07\/konsten-att-tacka\/#primaryimage"},"thumbnailUrl":"https:\/\/blogg.svenskakyrkan.se\/tankarinforhelgen\/files\/2021\/10\/1140418-1.jpg","datePublished":"2021-10-07T10:50:26+00:00","dateModified":"2021-10-08T08:50:01+00:00","author":{"@id":"https:\/\/blogg.svenskakyrkan.se\/tankarinforhelgen\/#\/schema\/person\/d822d69bf74ba8b653a523a24142ad17"},"breadcrumb":{"@id":"https:\/\/blogg.svenskakyrkan.se\/tankarinforhelgen\/2021\/10\/07\/konsten-att-tacka\/#breadcrumb"},"inLanguage":"sv-SE","potentialAction":[{"@type":"ReadAction","target":["https:\/\/blogg.svenskakyrkan.se\/tankarinforhelgen\/2021\/10\/07\/konsten-att-tacka\/"]}]},{"@type":"ImageObject","inLanguage":"sv-SE","@id":"https:\/\/blogg.svenskakyrkan.se\/tankarinforhelgen\/2021\/10\/07\/konsten-att-tacka\/#primaryimage","url":"https:\/\/blogg.svenskakyrkan.se\/tankarinforhelgen\/files\/2021\/10\/1140418-1.jpg","contentUrl":"https:\/\/blogg.svenskakyrkan.se\/tankarinforhelgen\/files\/2021\/10\/1140418-1.jpg","width":1920,"height":1277},{"@type":"BreadcrumbList","@id":"https:\/\/blogg.svenskakyrkan.se\/tankarinforhelgen\/2021\/10\/07\/konsten-att-tacka\/#breadcrumb","itemListElement":[{"@type":"ListItem","position":1,"name":"Hem","item":"https:\/\/blogg.svenskakyrkan.se\/tankarinforhelgen\/"},{"@type":"ListItem","position":2,"name":"Konsten att tacka"}]},{"@type":"WebSite","@id":"https:\/\/blogg.svenskakyrkan.se\/tankarinforhelgen\/#website","url":"https:\/\/blogg.svenskakyrkan.se\/tankarinforhelgen\/","name":"Tankar inf\u00f6r helgen","description":"Pr\u00e4ster funderar utifr\u00e5n kommande s\u00f6ndags texter","potentialAction":[{"@type":"SearchAction","target":{"@type":"EntryPoint","urlTemplate":"https:\/\/blogg.svenskakyrkan.se\/tankarinforhelgen\/?s={search_term_string}"},"query-input":{"@type":"PropertyValueSpecification","valueRequired":true,"valueName":"search_term_string"}}],"inLanguage":"sv-SE"},{"@type":"Person","@id":"https:\/\/blogg.svenskakyrkan.se\/tankarinforhelgen\/#\/schema\/person\/d822d69bf74ba8b653a523a24142ad17","name":"Catharina Carlsson, pr\u00e4st","image":{"@type":"ImageObject","inLanguage":"sv-SE","@id":"https:\/\/blogg.svenskakyrkan.se\/tankarinforhelgen\/#\/schema\/person\/image\/","url":"https:\/\/secure.gravatar.com\/avatar\/a05095351d4bef3936c8e5eb4759b56ae7498e54a3370d1dbcd55cd306192198?s=96&d=mm&r=g","contentUrl":"https:\/\/secure.gravatar.com\/avatar\/a05095351d4bef3936c8e5eb4759b56ae7498e54a3370d1dbcd55cd306192198?s=96&d=mm&r=g","caption":"Catharina Carlsson, pr\u00e4st"},"url":"https:\/\/blogg.svenskakyrkan.se\/tankarinforhelgen\/author\/catharinacarlsson\/"}]}},"author_meta":{"ID":"672","user_nicename":"catharinacarlsson","user_registered":"2018-04-10 11:22:30","display_name":"Catharina Carlsson, pr\u00e4st","first_name":"Catharina","last_name":"Carlsson, pr\u00e4st","avatar":"https:\/\/secure.gravatar.com\/avatar\/a05095351d4bef3936c8e5eb4759b56ae7498e54a3370d1dbcd55cd306192198?s=96&d=mm&r=g"},"featured_image":["https:\/\/blogg.svenskakyrkan.se\/tankarinforhelgen\/files\/2021\/10\/1140418-1-1024x681.jpg",1024,681,true],"bloginfo":{"name":"Tankar inf\u00f6r helgen","url":"https:\/\/blogg.svenskakyrkan.se\/tankarinforhelgen"},"_links":{"self":[{"href":"https:\/\/blogg.svenskakyrkan.se\/tankarinforhelgen\/wp-json\/wp\/v2\/posts\/2529","targetHints":{"allow":["GET"]}}],"collection":[{"href":"https:\/\/blogg.svenskakyrkan.se\/tankarinforhelgen\/wp-json\/wp\/v2\/posts"}],"about":[{"href":"https:\/\/blogg.svenskakyrkan.se\/tankarinforhelgen\/wp-json\/wp\/v2\/types\/post"}],"author":[{"embeddable":true,"href":"https:\/\/blogg.svenskakyrkan.se\/tankarinforhelgen\/wp-json\/wp\/v2\/users\/672"}],"replies":[{"embeddable":true,"href":"https:\/\/blogg.svenskakyrkan.se\/tankarinforhelgen\/wp-json\/wp\/v2\/comments?post=2529"}],"version-history":[{"count":2,"href":"https:\/\/blogg.svenskakyrkan.se\/tankarinforhelgen\/wp-json\/wp\/v2\/posts\/2529\/revisions"}],"predecessor-version":[{"id":2535,"href":"https:\/\/blogg.svenskakyrkan.se\/tankarinforhelgen\/wp-json\/wp\/v2\/posts\/2529\/revisions\/2535"}],"wp:featuredmedia":[{"embeddable":true,"href":"https:\/\/blogg.svenskakyrkan.se\/tankarinforhelgen\/wp-json\/wp\/v2\/media\/2532"}],"wp:attachment":[{"href":"https:\/\/blogg.svenskakyrkan.se\/tankarinforhelgen\/wp-json\/wp\/v2\/media?parent=2529"}],"wp:term":[{"taxonomy":"category","embeddable":true,"href":"https:\/\/blogg.svenskakyrkan.se\/tankarinforhelgen\/wp-json\/wp\/v2\/categories?post=2529"},{"taxonomy":"post_tag","embeddable":true,"href":"https:\/\/blogg.svenskakyrkan.se\/tankarinforhelgen\/wp-json\/wp\/v2\/tags?post=2529"}],"curies":[{"name":"wp","href":"https:\/\/api.w.org\/{rel}","templated":true}]}}