{"id":27,"date":"2016-03-27T15:14:12","date_gmt":"2016-03-27T13:14:12","guid":{"rendered":"http:\/\/blogg.svenskakyrkan.se\/tankarinforhelgen\/?p=27"},"modified":"2018-03-15T10:50:14","modified_gmt":"2018-03-15T09:50:14","slug":"handelserna-som-forandrade-manniskors-liv","status":"publish","type":"post","link":"https:\/\/blogg.svenskakyrkan.se\/tankarinforhelgen\/2016\/03\/27\/handelserna-som-forandrade-manniskors-liv\/","title":{"rendered":"H\u00e4ndelserna som f\u00f6r\u00e4ndrade m\u00e4nniskors liv"},"content":{"rendered":"<h1 class=\"intro-title\">P\u00e5skdagen 27 mars<\/h1>\n<p><em>N\u00e4r Jesus \u00e5teruppstod fr\u00e5n de d\u00f6da beskrevs samma h\u00e4ndelsef\u00f6rlopp p\u00e5 olika s\u00e4tt av olika personer. Men det \u00e4r i det m\u00e5ngfacetterade, osynkroniserade som vi kan ana m\u00e4nniskors sprudlande rika fascination \u00f6ver ett h\u00e4ndelsef\u00f6rlopp som fullkomligen f\u00f6r\u00e4ndrade deras liv.<\/em><\/p>\n<p>Ett f\u00f6rfluget ord, en missuppfattad situation, en f\u00f6rhastad slutsats \u2013 och bums \u00e4r det ig\u00e5ng \u2013 det falska ryktet. Rykten som \u00e4r s\u00e5 sv\u00e5ra att ta d\u00f6d p\u00e5. \u201dIngen r\u00f6k utan eld\u201d hummar den som inte vill \u00f6vertygas trots att historien visade sig bara vara tomt prat. Man k\u00e4nner minsann l\u00f6ssen p\u00e5 g\u00e5ngen\u2026<\/p>\n<p>I P\u00e5skdagens evangelietext anar vi hur Matteus tampas med samma fr\u00e5ga. Vad g\u00f6r man n\u00e4r folk h\u00e5ller liv i en ber\u00e4ttelse som uppenbarligen inte \u00e4r sann? Jo, man argumenterar emot.<\/p>\n<p>N\u00e4r Jesus \u00e5teruppstod fr\u00e5n det d\u00f6da var det m\u00e5nga som sa att det var nonsens. Att det m\u00e5ste varit l\u00e4rjungarna som brutit sig in och h\u00e4mtat hans kropp ur graven. Matteus svar till dem var: &#8221;L\u00e4gg av \u2013 det d\u00e4r \u00e4r bara falska rykten som makthavarna planterat f\u00f6r att uts\u00e5 tvivel. Soldaterna s\u00e5g vad de s\u00e5g men mutades sedan att f\u00f6rneka detta. \u00c4ngeln kom dit. Graven var tom. Sluta sprida falska rykten. S\u00e5 h\u00e4r var det!&#8221;<\/p>\n<p>Var och en som \u00e5terber\u00e4ttat en historia tillsammans med n\u00e5gon annan vet hur sv\u00e5rt det kan vara. \u201dNej, nu gl\u00f6mde du s\u00e4ga\u2026\u201d, \u201dFast riktigt s\u00e5 var det inte\u2026\u201d, \u201dJo men d\u00e5 ska man komma ih\u00e5g att\u2026\u201d. Samma h\u00e4ndelsef\u00f6rlopp beskrivs olika av olika m\u00e4nniskor. De sm\u00e5 nyansskillnaderna kanske inte f\u00f6r\u00e4ndrar sj\u00e4lva huvudber\u00e4ttelsen men ger den lite olika f\u00e4rg.<\/p>\n<p>De som var med vid graven stod inf\u00f6r samma utmaning. Att \u00a0j\u00e4mf\u00f6ra olika versioner av samma h\u00e4ndelsef\u00f6rlopp &#8211; en b\u00e5de utmanande och ansvarsfull uppgift. Vad kom f\u00f6rst och vad kom sedan? Vem sa exakt vad till vem? Vad minns du och vad minns jag? Hur tar man in olika detaljer utan att f\u00f6rvanska sj\u00e4lva huvudbudskapet? Vad m\u00e5ste vara med och vad kan l\u00e4mnas \u00e5t sidan?<\/p>\n<p>Att det kan r\u00e5da olika meningar om detaljer \u00e4r inget problem. Vattent\u00e4ta synkroniserade vittnesb\u00f6rd k\u00e4nns f\u00f6r bra f\u00f6r att vara sanna. Att, som vissa sentida kritiker, ifr\u00e5gas\u00e4tta evangelisternas sinsemellan lite varierande vittnesutsagor blir som att l\u00e5ta svansen vifta hunden. Bisaken g\u00f6rs till huvudsak. I det m\u00e5ngfacetterade, osynkroniserade anas m\u00e4nniskors sprudlande rika fascination \u00f6ver ett h\u00e4ndelsef\u00f6rlopp som fullkomligen f\u00f6r\u00e4ndrat deras liv.<\/p>\n<p>I dagens evangelium k\u00e4nner vi hur alltsammans var s\u00e5 \u00f6verv\u00e4ldigande stort att ber\u00e4ttelsen bara rann ur de som var med lite som det f\u00f6ll sig. \u00c4nglamakt, den tomma graven, kvinnornas vittnesb\u00f6rd, den uppst\u00e5ndne Jesus \u2013 allt det d\u00e4r utg\u00f6r sj\u00e4lva huvudbudskapet. Det som g\u00f6r att kyrkan \u00f6ver huvud taget finns till.\u00a0 Ja, faktiskt det som g\u00f6r att du just l\u00e4st dessa rader. Stort!<\/p>\n<p><em>Johan Dalman Biskop, Str\u00e4ngn\u00e4s<\/em><\/p>\n","protected":false},"excerpt":{"rendered":"<p>P\u00e5skdagen 27 mars N\u00e4r Jesus \u00e5teruppstod fr\u00e5n de d\u00f6da beskrevs samma h\u00e4ndelsef\u00f6rlopp p\u00e5 olika s\u00e4tt av olika personer. Men det \u00e4r i det m\u00e5ngfacetterade, osynkroniserade som vi kan ana m\u00e4nniskors sprudlande rika fascination \u00f6ver ett h\u00e4ndelsef\u00f6rlopp som fullkomligen f\u00f6r\u00e4ndrade deras liv. Ett f\u00f6rfluget ord, en missuppfattad situation, en f\u00f6rhastad slutsats \u2013 och bums \u00e4r det [&hellip;]<\/p>\n","protected":false},"author":458,"featured_media":0,"comment_status":"open","ping_status":"open","sticky":false,"template":"","format":"standard","meta":{"_acf_changed":false,"footnotes":""},"categories":[74330],"tags":[159852],"class_list":["post-27","post","type-post","status-publish","format-standard","hentry","category-paskdagen","tag-paskens-drama"],"acf":[],"yoast_head":"<!-- This site is optimized with the Yoast SEO plugin v27.1.1 - https:\/\/yoast.com\/product\/yoast-seo-wordpress\/ -->\n<title>H\u00e4ndelserna som f\u00f6r\u00e4ndrade m\u00e4nniskors liv - Tankar inf\u00f6r helgen<\/title>\n<meta name=\"robots\" content=\"index, follow, max-snippet:-1, max-image-preview:large, max-video-preview:-1\" \/>\n<link rel=\"canonical\" href=\"https:\/\/blogg.svenskakyrkan.se\/tankarinforhelgen\/2016\/03\/27\/handelserna-som-forandrade-manniskors-liv\/\" \/>\n<meta property=\"og:locale\" content=\"sv_SE\" \/>\n<meta property=\"og:type\" content=\"article\" \/>\n<meta property=\"og:title\" content=\"H\u00e4ndelserna som f\u00f6r\u00e4ndrade m\u00e4nniskors liv - Tankar inf\u00f6r helgen\" \/>\n<meta property=\"og:description\" content=\"P\u00e5skdagen 27 mars N\u00e4r Jesus \u00e5teruppstod fr\u00e5n de d\u00f6da beskrevs samma h\u00e4ndelsef\u00f6rlopp p\u00e5 olika s\u00e4tt av olika personer. Men det \u00e4r i det m\u00e5ngfacetterade, osynkroniserade som vi kan ana m\u00e4nniskors sprudlande rika fascination \u00f6ver ett h\u00e4ndelsef\u00f6rlopp som fullkomligen f\u00f6r\u00e4ndrade deras liv. Ett f\u00f6rfluget ord, en missuppfattad situation, en f\u00f6rhastad slutsats \u2013 och bums \u00e4r det [&hellip;]\" \/>\n<meta property=\"og:url\" content=\"https:\/\/blogg.svenskakyrkan.se\/tankarinforhelgen\/2016\/03\/27\/handelserna-som-forandrade-manniskors-liv\/\" \/>\n<meta property=\"og:site_name\" content=\"Tankar inf\u00f6r helgen\" \/>\n<meta property=\"article:published_time\" content=\"2016-03-27T13:14:12+00:00\" \/>\n<meta property=\"article:modified_time\" content=\"2018-03-15T09:50:14+00:00\" \/>\n<meta name=\"author\" content=\"Magdalena Wernefeldt\" \/>\n<meta name=\"twitter:card\" content=\"summary_large_image\" \/>\n<meta name=\"twitter:label1\" content=\"Skriven av\" \/>\n\t<meta name=\"twitter:data1\" content=\"Magdalena Wernefeldt\" \/>\n\t<meta name=\"twitter:label2\" content=\"Ber\u00e4knad l\u00e4stid\" \/>\n\t<meta name=\"twitter:data2\" content=\"3 minuter\" \/>\n<script type=\"application\/ld+json\" class=\"yoast-schema-graph\">{\"@context\":\"https:\/\/schema.org\",\"@graph\":[{\"@type\":\"Article\",\"@id\":\"https:\/\/blogg.svenskakyrkan.se\/tankarinforhelgen\/2016\/03\/27\/handelserna-som-forandrade-manniskors-liv\/#article\",\"isPartOf\":{\"@id\":\"https:\/\/blogg.svenskakyrkan.se\/tankarinforhelgen\/2016\/03\/27\/handelserna-som-forandrade-manniskors-liv\/\"},\"author\":{\"name\":\"Magdalena Wernefeldt\",\"@id\":\"https:\/\/blogg.svenskakyrkan.se\/tankarinforhelgen\/#\/schema\/person\/c19e8a124f507336a7f712f3b02d924b\"},\"headline\":\"H\u00e4ndelserna som f\u00f6r\u00e4ndrade m\u00e4nniskors liv\",\"datePublished\":\"2016-03-27T13:14:12+00:00\",\"dateModified\":\"2018-03-15T09:50:14+00:00\",\"mainEntityOfPage\":{\"@id\":\"https:\/\/blogg.svenskakyrkan.se\/tankarinforhelgen\/2016\/03\/27\/handelserna-som-forandrade-manniskors-liv\/\"},\"wordCount\":550,\"commentCount\":0,\"keywords\":[\"P\u00e5skens drama\"],\"articleSection\":[\"P\u00e5skdagen\"],\"inLanguage\":\"sv-SE\",\"potentialAction\":[{\"@type\":\"CommentAction\",\"name\":\"Comment\",\"target\":[\"https:\/\/blogg.svenskakyrkan.se\/tankarinforhelgen\/2016\/03\/27\/handelserna-som-forandrade-manniskors-liv\/#respond\"]}]},{\"@type\":\"WebPage\",\"@id\":\"https:\/\/blogg.svenskakyrkan.se\/tankarinforhelgen\/2016\/03\/27\/handelserna-som-forandrade-manniskors-liv\/\",\"url\":\"https:\/\/blogg.svenskakyrkan.se\/tankarinforhelgen\/2016\/03\/27\/handelserna-som-forandrade-manniskors-liv\/\",\"name\":\"H\u00e4ndelserna som f\u00f6r\u00e4ndrade m\u00e4nniskors liv - Tankar inf\u00f6r helgen\",\"isPartOf\":{\"@id\":\"https:\/\/blogg.svenskakyrkan.se\/tankarinforhelgen\/#website\"},\"datePublished\":\"2016-03-27T13:14:12+00:00\",\"dateModified\":\"2018-03-15T09:50:14+00:00\",\"author\":{\"@id\":\"https:\/\/blogg.svenskakyrkan.se\/tankarinforhelgen\/#\/schema\/person\/c19e8a124f507336a7f712f3b02d924b\"},\"breadcrumb\":{\"@id\":\"https:\/\/blogg.svenskakyrkan.se\/tankarinforhelgen\/2016\/03\/27\/handelserna-som-forandrade-manniskors-liv\/#breadcrumb\"},\"inLanguage\":\"sv-SE\",\"potentialAction\":[{\"@type\":\"ReadAction\",\"target\":[\"https:\/\/blogg.svenskakyrkan.se\/tankarinforhelgen\/2016\/03\/27\/handelserna-som-forandrade-manniskors-liv\/\"]}]},{\"@type\":\"BreadcrumbList\",\"@id\":\"https:\/\/blogg.svenskakyrkan.se\/tankarinforhelgen\/2016\/03\/27\/handelserna-som-forandrade-manniskors-liv\/#breadcrumb\",\"itemListElement\":[{\"@type\":\"ListItem\",\"position\":1,\"name\":\"Hem\",\"item\":\"https:\/\/blogg.svenskakyrkan.se\/tankarinforhelgen\/\"},{\"@type\":\"ListItem\",\"position\":2,\"name\":\"H\u00e4ndelserna som f\u00f6r\u00e4ndrade m\u00e4nniskors liv\"}]},{\"@type\":\"WebSite\",\"@id\":\"https:\/\/blogg.svenskakyrkan.se\/tankarinforhelgen\/#website\",\"url\":\"https:\/\/blogg.svenskakyrkan.se\/tankarinforhelgen\/\",\"name\":\"Tankar inf\u00f6r helgen\",\"description\":\"Pr\u00e4ster funderar utifr\u00e5n kommande s\u00f6ndags texter\",\"potentialAction\":[{\"@type\":\"SearchAction\",\"target\":{\"@type\":\"EntryPoint\",\"urlTemplate\":\"https:\/\/blogg.svenskakyrkan.se\/tankarinforhelgen\/?s={search_term_string}\"},\"query-input\":{\"@type\":\"PropertyValueSpecification\",\"valueRequired\":true,\"valueName\":\"search_term_string\"}}],\"inLanguage\":\"sv-SE\"},{\"@type\":\"Person\",\"@id\":\"https:\/\/blogg.svenskakyrkan.se\/tankarinforhelgen\/#\/schema\/person\/c19e8a124f507336a7f712f3b02d924b\",\"name\":\"Magdalena Wernefeldt\",\"image\":{\"@type\":\"ImageObject\",\"inLanguage\":\"sv-SE\",\"@id\":\"https:\/\/blogg.svenskakyrkan.se\/tankarinforhelgen\/#\/schema\/person\/image\/\",\"url\":\"https:\/\/secure.gravatar.com\/avatar\/23dab26aed51bdfcff5c1559ea1a5d339f00dac73f3d56d1d8b724c1d9074328?s=96&d=mm&r=g\",\"contentUrl\":\"https:\/\/secure.gravatar.com\/avatar\/23dab26aed51bdfcff5c1559ea1a5d339f00dac73f3d56d1d8b724c1d9074328?s=96&d=mm&r=g\",\"caption\":\"Magdalena Wernefeldt\"},\"url\":\"https:\/\/blogg.svenskakyrkan.se\/tankarinforhelgen\/author\/svkmwt\/\"}]}<\/script>\n<!-- \/ Yoast SEO plugin. -->","yoast_head_json":{"title":"H\u00e4ndelserna som f\u00f6r\u00e4ndrade m\u00e4nniskors liv - Tankar inf\u00f6r helgen","robots":{"index":"index","follow":"follow","max-snippet":"max-snippet:-1","max-image-preview":"max-image-preview:large","max-video-preview":"max-video-preview:-1"},"canonical":"https:\/\/blogg.svenskakyrkan.se\/tankarinforhelgen\/2016\/03\/27\/handelserna-som-forandrade-manniskors-liv\/","og_locale":"sv_SE","og_type":"article","og_title":"H\u00e4ndelserna som f\u00f6r\u00e4ndrade m\u00e4nniskors liv - Tankar inf\u00f6r helgen","og_description":"P\u00e5skdagen 27 mars N\u00e4r Jesus \u00e5teruppstod fr\u00e5n de d\u00f6da beskrevs samma h\u00e4ndelsef\u00f6rlopp p\u00e5 olika s\u00e4tt av olika personer. Men det \u00e4r i det m\u00e5ngfacetterade, osynkroniserade som vi kan ana m\u00e4nniskors sprudlande rika fascination \u00f6ver ett h\u00e4ndelsef\u00f6rlopp som fullkomligen f\u00f6r\u00e4ndrade deras liv. Ett f\u00f6rfluget ord, en missuppfattad situation, en f\u00f6rhastad slutsats \u2013 och bums \u00e4r det [&hellip;]","og_url":"https:\/\/blogg.svenskakyrkan.se\/tankarinforhelgen\/2016\/03\/27\/handelserna-som-forandrade-manniskors-liv\/","og_site_name":"Tankar inf\u00f6r helgen","article_published_time":"2016-03-27T13:14:12+00:00","article_modified_time":"2018-03-15T09:50:14+00:00","author":"Magdalena Wernefeldt","twitter_card":"summary_large_image","twitter_misc":{"Skriven av":"Magdalena Wernefeldt","Ber\u00e4knad l\u00e4stid":"3 minuter"},"schema":{"@context":"https:\/\/schema.org","@graph":[{"@type":"Article","@id":"https:\/\/blogg.svenskakyrkan.se\/tankarinforhelgen\/2016\/03\/27\/handelserna-som-forandrade-manniskors-liv\/#article","isPartOf":{"@id":"https:\/\/blogg.svenskakyrkan.se\/tankarinforhelgen\/2016\/03\/27\/handelserna-som-forandrade-manniskors-liv\/"},"author":{"name":"Magdalena Wernefeldt","@id":"https:\/\/blogg.svenskakyrkan.se\/tankarinforhelgen\/#\/schema\/person\/c19e8a124f507336a7f712f3b02d924b"},"headline":"H\u00e4ndelserna som f\u00f6r\u00e4ndrade m\u00e4nniskors liv","datePublished":"2016-03-27T13:14:12+00:00","dateModified":"2018-03-15T09:50:14+00:00","mainEntityOfPage":{"@id":"https:\/\/blogg.svenskakyrkan.se\/tankarinforhelgen\/2016\/03\/27\/handelserna-som-forandrade-manniskors-liv\/"},"wordCount":550,"commentCount":0,"keywords":["P\u00e5skens drama"],"articleSection":["P\u00e5skdagen"],"inLanguage":"sv-SE","potentialAction":[{"@type":"CommentAction","name":"Comment","target":["https:\/\/blogg.svenskakyrkan.se\/tankarinforhelgen\/2016\/03\/27\/handelserna-som-forandrade-manniskors-liv\/#respond"]}]},{"@type":"WebPage","@id":"https:\/\/blogg.svenskakyrkan.se\/tankarinforhelgen\/2016\/03\/27\/handelserna-som-forandrade-manniskors-liv\/","url":"https:\/\/blogg.svenskakyrkan.se\/tankarinforhelgen\/2016\/03\/27\/handelserna-som-forandrade-manniskors-liv\/","name":"H\u00e4ndelserna som f\u00f6r\u00e4ndrade m\u00e4nniskors liv - Tankar inf\u00f6r helgen","isPartOf":{"@id":"https:\/\/blogg.svenskakyrkan.se\/tankarinforhelgen\/#website"},"datePublished":"2016-03-27T13:14:12+00:00","dateModified":"2018-03-15T09:50:14+00:00","author":{"@id":"https:\/\/blogg.svenskakyrkan.se\/tankarinforhelgen\/#\/schema\/person\/c19e8a124f507336a7f712f3b02d924b"},"breadcrumb":{"@id":"https:\/\/blogg.svenskakyrkan.se\/tankarinforhelgen\/2016\/03\/27\/handelserna-som-forandrade-manniskors-liv\/#breadcrumb"},"inLanguage":"sv-SE","potentialAction":[{"@type":"ReadAction","target":["https:\/\/blogg.svenskakyrkan.se\/tankarinforhelgen\/2016\/03\/27\/handelserna-som-forandrade-manniskors-liv\/"]}]},{"@type":"BreadcrumbList","@id":"https:\/\/blogg.svenskakyrkan.se\/tankarinforhelgen\/2016\/03\/27\/handelserna-som-forandrade-manniskors-liv\/#breadcrumb","itemListElement":[{"@type":"ListItem","position":1,"name":"Hem","item":"https:\/\/blogg.svenskakyrkan.se\/tankarinforhelgen\/"},{"@type":"ListItem","position":2,"name":"H\u00e4ndelserna som f\u00f6r\u00e4ndrade m\u00e4nniskors liv"}]},{"@type":"WebSite","@id":"https:\/\/blogg.svenskakyrkan.se\/tankarinforhelgen\/#website","url":"https:\/\/blogg.svenskakyrkan.se\/tankarinforhelgen\/","name":"Tankar inf\u00f6r helgen","description":"Pr\u00e4ster funderar utifr\u00e5n kommande s\u00f6ndags texter","potentialAction":[{"@type":"SearchAction","target":{"@type":"EntryPoint","urlTemplate":"https:\/\/blogg.svenskakyrkan.se\/tankarinforhelgen\/?s={search_term_string}"},"query-input":{"@type":"PropertyValueSpecification","valueRequired":true,"valueName":"search_term_string"}}],"inLanguage":"sv-SE"},{"@type":"Person","@id":"https:\/\/blogg.svenskakyrkan.se\/tankarinforhelgen\/#\/schema\/person\/c19e8a124f507336a7f712f3b02d924b","name":"Magdalena Wernefeldt","image":{"@type":"ImageObject","inLanguage":"sv-SE","@id":"https:\/\/blogg.svenskakyrkan.se\/tankarinforhelgen\/#\/schema\/person\/image\/","url":"https:\/\/secure.gravatar.com\/avatar\/23dab26aed51bdfcff5c1559ea1a5d339f00dac73f3d56d1d8b724c1d9074328?s=96&d=mm&r=g","contentUrl":"https:\/\/secure.gravatar.com\/avatar\/23dab26aed51bdfcff5c1559ea1a5d339f00dac73f3d56d1d8b724c1d9074328?s=96&d=mm&r=g","caption":"Magdalena Wernefeldt"},"url":"https:\/\/blogg.svenskakyrkan.se\/tankarinforhelgen\/author\/svkmwt\/"}]}},"author_meta":{"ID":"458","user_nicename":"svkmwt","user_registered":"2014-10-14 11:18:34","display_name":"Magdalena Wernefeldt","first_name":"Magdalena","last_name":"Wernefeldt","avatar":"https:\/\/secure.gravatar.com\/avatar\/23dab26aed51bdfcff5c1559ea1a5d339f00dac73f3d56d1d8b724c1d9074328?s=96&d=mm&r=g"},"featured_image":false,"bloginfo":{"name":"Tankar inf\u00f6r helgen","url":"https:\/\/blogg.svenskakyrkan.se\/tankarinforhelgen"},"_links":{"self":[{"href":"https:\/\/blogg.svenskakyrkan.se\/tankarinforhelgen\/wp-json\/wp\/v2\/posts\/27","targetHints":{"allow":["GET"]}}],"collection":[{"href":"https:\/\/blogg.svenskakyrkan.se\/tankarinforhelgen\/wp-json\/wp\/v2\/posts"}],"about":[{"href":"https:\/\/blogg.svenskakyrkan.se\/tankarinforhelgen\/wp-json\/wp\/v2\/types\/post"}],"author":[{"embeddable":true,"href":"https:\/\/blogg.svenskakyrkan.se\/tankarinforhelgen\/wp-json\/wp\/v2\/users\/458"}],"replies":[{"embeddable":true,"href":"https:\/\/blogg.svenskakyrkan.se\/tankarinforhelgen\/wp-json\/wp\/v2\/comments?post=27"}],"version-history":[{"count":1,"href":"https:\/\/blogg.svenskakyrkan.se\/tankarinforhelgen\/wp-json\/wp\/v2\/posts\/27\/revisions"}],"predecessor-version":[{"id":28,"href":"https:\/\/blogg.svenskakyrkan.se\/tankarinforhelgen\/wp-json\/wp\/v2\/posts\/27\/revisions\/28"}],"wp:attachment":[{"href":"https:\/\/blogg.svenskakyrkan.se\/tankarinforhelgen\/wp-json\/wp\/v2\/media?parent=27"}],"wp:term":[{"taxonomy":"category","embeddable":true,"href":"https:\/\/blogg.svenskakyrkan.se\/tankarinforhelgen\/wp-json\/wp\/v2\/categories?post=27"},{"taxonomy":"post_tag","embeddable":true,"href":"https:\/\/blogg.svenskakyrkan.se\/tankarinforhelgen\/wp-json\/wp\/v2\/tags?post=27"}],"curies":[{"name":"wp","href":"https:\/\/api.w.org\/{rel}","templated":true}]}}