{"id":2728,"date":"2022-04-21T12:40:55","date_gmt":"2022-04-21T10:40:55","guid":{"rendered":"https:\/\/blogg.svenskakyrkan.se\/tankarinforhelgen\/?p=2728"},"modified":"2022-04-22T08:32:58","modified_gmt":"2022-04-22T06:32:58","slug":"klanningar-och-kanningar","status":"publish","type":"post","link":"https:\/\/blogg.svenskakyrkan.se\/tankarinforhelgen\/2022\/04\/21\/klanningar-och-kanningar\/","title":{"rendered":"Kl\u00e4nningar och k\u00e4nningar"},"content":{"rendered":"\n<figure class=\"wp-block-image size-large\"><a href=\"https:\/\/blogg.svenskakyrkan.se\/tankarinforhelgen\/files\/2022\/04\/image-2.jpeg\"><img loading=\"lazy\" decoding=\"async\" width=\"1024\" height=\"656\" src=\"https:\/\/blogg.svenskakyrkan.se\/tankarinforhelgen\/files\/2022\/04\/image-2.jpeg\" alt=\"\" class=\"wp-image-2732\" srcset=\"https:\/\/blogg.svenskakyrkan.se\/tankarinforhelgen\/files\/2022\/04\/image-2.jpeg 1024w, https:\/\/blogg.svenskakyrkan.se\/tankarinforhelgen\/files\/2022\/04\/image-2-300x192.jpeg 300w, https:\/\/blogg.svenskakyrkan.se\/tankarinforhelgen\/files\/2022\/04\/image-2-768x492.jpeg 768w\" sizes=\"auto, (max-width: 1024px) 100vw, 1024px\" \/><\/a><\/figure>\n\n\n\n<p>Duger jag?<br>Desperat f\u00f6rs\u00f6ker jag suga in magen f\u00f6r att f\u00e5 plats i kl\u00e4nningen jag just provar. Blixtl\u00e5set knakar bet\u00e4nkligt och tyget smiter \u00e5t kring varje valk som f\u00f6r att betona dem. Med en suck f\u00f6rs\u00f6ker jag ta mig ur kl\u00e4desplagget utan att spr\u00e4cka n\u00e5gra s\u00f6mmar och h\u00e4nger tillbaka den p\u00e5 galgen.<br> F\u00f6rs\u00f6ker intala mig att jag egentligen inte vill k\u00f6pa den, men innerst inne vet jag att det \u00e4r en l\u00f6gn. <br><br>Jag vill verkligen ha den d\u00e4r kl\u00e4nningen! Jag \u00e4lskar f\u00e4rgen och m\u00f6nstret och sk\u00e4rningen! Och tyget k\u00e4ndes s\u00e5 mjukt och fint. S\u00e5 fort jag s\u00e5g den i aff\u00e4ren s\u00e5 blev jag f\u00f6r\u00e4lskad. Var bara tvungen att prova den. \u00c4ven om jag innerst inne visste, den var inte f\u00f6r mig. Att enligt samh\u00e4llets och framf\u00f6rallt kl\u00e4dskaparnas normer s\u00e5 passar jag inte in. \u00c4r jag fel.<br> <br>Hur m\u00e5nga g\u00e5nger har jag inte f\u00f6rs\u00f6kt forma om mig f\u00f6r att passa in. Inte bara min kropp f\u00f6r att f\u00f6rs\u00f6ka passa i kl\u00e4derna. Utan mig sj\u00e4lv, mitt jag.<br> <br>Hur m\u00e5nga g\u00e5nger har jag inte tonat ner, eller till och med f\u00f6rs\u00f6kt ta bort, delar av min personlighet, mitt jag, bara f\u00f6r att de runt omkring mig, det g\u00e4ng jag ville bli en del av, den partner som jag trodde \u00e4lskade, inte tyckte om just den delen av mig. Jag \u00e4ndrade p\u00e5 saker. Anpassade mig. F\u00f6rs\u00f6kte s\u00e4ga, inte det jag ville s\u00e4ga, utan det jag trodde de ville h\u00f6ra. F\u00f6rs\u00f6kte t\u00e4nka och tycka, inte som jag sj\u00e4lv, utan som dem.<br> <br>Men det blev aldrig bra. F\u00f6r det var ju inte jag. Det var bara n\u00e5got som formats om f\u00f6r att passa in. Passa in i n\u00e5gon annans mall. F\u00f6rst senare s\u00e5g jag att det jag gjorde var att sakta sudda ut mig sj\u00e4lv. Sakta f\u00f6rsvann det som var jag.<br><br>Men en dag blev jag sedd. N\u00e5gon s\u00e5g mig! Inte som den jag ville vara eller f\u00f6rs\u00f6ker vara, utan den som jag \u00e4r. Det tog tid. Det var inte l\u00e4tt. M\u00e5nga t\u00e5rar som f\u00e4lldes. M\u00e5nga os\u00e4kra timmar. Men sakta sakta v\u00e4xte det som \u00e4r jag fram. Sakta v\u00e4xte k\u00e4nslan av att jag duger, precis som jag \u00e4r.<br>Jag \u00e4r v\u00e4rdefull, precis som jag \u00e4r.<br><br>Jag \u00e4r \u00e4lskad och sedd.<br> <br>Petrus f\u00f6rnekade Jesus. Tre g\u00e5nger. \u00c4nd\u00e5 s\u00e5 \u00e4lskar Jesus honom. L\u00e5ter honom vara med. Ger honom till och med uppgifter, en viktig plats.<br>Petrus beh\u00f6vde inte g\u00f6ra om sig. Beh\u00f6vde inte d\u00f6lja sidor hos sig sj\u00e4lv. Han fick vara d\u00e4r med all sin impulsivitet, alla sina best\u00e4mda, ofta felaktiga, uttalanden. Han var \u00e4lskad och sedd, precis som den han var.<br> <br>N\u00e4r vi blir sedda som den vi verkligen \u00e4r, d\u00e5 v\u00e5gar vi v\u00e4xa. D\u00e5 v\u00e5gar vi ocks\u00e5 se andra som de \u00e4r och inte f\u00f6rs\u00f6ka g\u00f6ra om dem eller anpassa dem till v\u00e5r bild av verkligheten.<br> <br>Ja, jag vill fortfarande ha den d\u00e4r kl\u00e4nningen. Jag vet att jag borde minska mitt omf\u00e5ng med n\u00e5gra centimeter. Att jag enligt samh\u00e4llets och kl\u00e4dskaparnas normer inte passar in.<br> <br>Samtidigt s\u00e5 vet jag att det i det stora hela inte spelar s\u00e5 stor roll.<br>F\u00f6r jag, det som verkligen \u00e4r mitt jag, \u00e4r \u00e4lskad och sedd, precis som den jag \u00e4r.<\/p>\n","protected":false},"excerpt":{"rendered":"<p>Duger jag?Desperat f\u00f6rs\u00f6ker jag suga in magen f\u00f6r att f\u00e5 plats i kl\u00e4nningen jag just provar. Blixtl\u00e5set knakar bet\u00e4nkligt och tyget smiter \u00e5t kring varje valk som f\u00f6r att betona dem. Med en suck f\u00f6rs\u00f6ker jag ta mig ur kl\u00e4desplagget utan att spr\u00e4cka n\u00e5gra s\u00f6mmar och h\u00e4nger tillbaka den p\u00e5 galgen. F\u00f6rs\u00f6ker intala mig att [&hellip;]<\/p>\n","protected":false},"author":620,"featured_media":2731,"comment_status":"open","ping_status":"open","sticky":false,"template":"","format":"standard","meta":{"_acf_changed":false,"footnotes":""},"categories":[137055],"tags":[142440,159870],"class_list":["post-2728","post","type-post","status-publish","format-standard","has-post-thumbnail","hentry","category-andra-sondagen-i-pasktiden","tag-maria-scharffenberg","tag-tankarinforhelgen-2"],"acf":[],"yoast_head":"<!-- This site is optimized with the Yoast SEO plugin v27.1.1 - https:\/\/yoast.com\/product\/yoast-seo-wordpress\/ -->\n<title>Kl\u00e4nningar och k\u00e4nningar - Tankar inf\u00f6r helgen<\/title>\n<meta name=\"robots\" content=\"index, follow, max-snippet:-1, max-image-preview:large, max-video-preview:-1\" \/>\n<link rel=\"canonical\" href=\"https:\/\/blogg.svenskakyrkan.se\/tankarinforhelgen\/2022\/04\/21\/klanningar-och-kanningar\/\" \/>\n<meta property=\"og:locale\" content=\"sv_SE\" \/>\n<meta property=\"og:type\" content=\"article\" \/>\n<meta property=\"og:title\" content=\"Kl\u00e4nningar och k\u00e4nningar - Tankar inf\u00f6r helgen\" \/>\n<meta property=\"og:description\" content=\"Duger jag?Desperat f\u00f6rs\u00f6ker jag suga in magen f\u00f6r att f\u00e5 plats i kl\u00e4nningen jag just provar. Blixtl\u00e5set knakar bet\u00e4nkligt och tyget smiter \u00e5t kring varje valk som f\u00f6r att betona dem. Med en suck f\u00f6rs\u00f6ker jag ta mig ur kl\u00e4desplagget utan att spr\u00e4cka n\u00e5gra s\u00f6mmar och h\u00e4nger tillbaka den p\u00e5 galgen. F\u00f6rs\u00f6ker intala mig att [&hellip;]\" \/>\n<meta property=\"og:url\" content=\"https:\/\/blogg.svenskakyrkan.se\/tankarinforhelgen\/2022\/04\/21\/klanningar-och-kanningar\/\" \/>\n<meta property=\"og:site_name\" content=\"Tankar inf\u00f6r helgen\" \/>\n<meta property=\"article:published_time\" content=\"2022-04-21T10:40:55+00:00\" \/>\n<meta property=\"article:modified_time\" content=\"2022-04-22T06:32:58+00:00\" \/>\n<meta property=\"og:image\" content=\"https:\/\/blogg.svenskakyrkan.se\/tankarinforhelgen\/files\/2022\/04\/DB75B759-24B3-476D-9231-E36F5C017B5C.jpeg\" \/>\n\t<meta property=\"og:image:width\" content=\"1511\" \/>\n\t<meta property=\"og:image:height\" content=\"968\" \/>\n\t<meta property=\"og:image:type\" content=\"image\/jpeg\" \/>\n<meta name=\"author\" content=\"Maria Scharffenberg, pr\u00e4st\" \/>\n<meta name=\"twitter:card\" content=\"summary_large_image\" \/>\n<meta name=\"twitter:label1\" content=\"Skriven av\" \/>\n\t<meta name=\"twitter:data1\" content=\"Maria Scharffenberg, pr\u00e4st\" \/>\n\t<meta name=\"twitter:label2\" content=\"Ber\u00e4knad l\u00e4stid\" \/>\n\t<meta name=\"twitter:data2\" content=\"3 minuter\" \/>\n<script type=\"application\/ld+json\" class=\"yoast-schema-graph\">{\"@context\":\"https:\/\/schema.org\",\"@graph\":[{\"@type\":\"Article\",\"@id\":\"https:\/\/blogg.svenskakyrkan.se\/tankarinforhelgen\/2022\/04\/21\/klanningar-och-kanningar\/#article\",\"isPartOf\":{\"@id\":\"https:\/\/blogg.svenskakyrkan.se\/tankarinforhelgen\/2022\/04\/21\/klanningar-och-kanningar\/\"},\"author\":{\"name\":\"Maria Scharffenberg, pr\u00e4st\",\"@id\":\"https:\/\/blogg.svenskakyrkan.se\/tankarinforhelgen\/#\/schema\/person\/3f50c58ee789e9c3a0f46452362f6294\"},\"headline\":\"Kl\u00e4nningar och k\u00e4nningar\",\"datePublished\":\"2022-04-21T10:40:55+00:00\",\"dateModified\":\"2022-04-22T06:32:58+00:00\",\"mainEntityOfPage\":{\"@id\":\"https:\/\/blogg.svenskakyrkan.se\/tankarinforhelgen\/2022\/04\/21\/klanningar-och-kanningar\/\"},\"wordCount\":630,\"commentCount\":4,\"image\":{\"@id\":\"https:\/\/blogg.svenskakyrkan.se\/tankarinforhelgen\/2022\/04\/21\/klanningar-och-kanningar\/#primaryimage\"},\"thumbnailUrl\":\"https:\/\/blogg.svenskakyrkan.se\/tankarinforhelgen\/files\/2022\/04\/DB75B759-24B3-476D-9231-E36F5C017B5C.jpeg\",\"keywords\":[\"Maria Scharffenberg\",\"TANKARINF\u00d6RHELGEN\"],\"articleSection\":[\"Andra s\u00f6ndagen i p\u00e5sktiden\"],\"inLanguage\":\"sv-SE\",\"potentialAction\":[{\"@type\":\"CommentAction\",\"name\":\"Comment\",\"target\":[\"https:\/\/blogg.svenskakyrkan.se\/tankarinforhelgen\/2022\/04\/21\/klanningar-och-kanningar\/#respond\"]}]},{\"@type\":\"WebPage\",\"@id\":\"https:\/\/blogg.svenskakyrkan.se\/tankarinforhelgen\/2022\/04\/21\/klanningar-och-kanningar\/\",\"url\":\"https:\/\/blogg.svenskakyrkan.se\/tankarinforhelgen\/2022\/04\/21\/klanningar-och-kanningar\/\",\"name\":\"Kl\u00e4nningar och k\u00e4nningar - Tankar inf\u00f6r helgen\",\"isPartOf\":{\"@id\":\"https:\/\/blogg.svenskakyrkan.se\/tankarinforhelgen\/#website\"},\"primaryImageOfPage\":{\"@id\":\"https:\/\/blogg.svenskakyrkan.se\/tankarinforhelgen\/2022\/04\/21\/klanningar-och-kanningar\/#primaryimage\"},\"image\":{\"@id\":\"https:\/\/blogg.svenskakyrkan.se\/tankarinforhelgen\/2022\/04\/21\/klanningar-och-kanningar\/#primaryimage\"},\"thumbnailUrl\":\"https:\/\/blogg.svenskakyrkan.se\/tankarinforhelgen\/files\/2022\/04\/DB75B759-24B3-476D-9231-E36F5C017B5C.jpeg\",\"datePublished\":\"2022-04-21T10:40:55+00:00\",\"dateModified\":\"2022-04-22T06:32:58+00:00\",\"author\":{\"@id\":\"https:\/\/blogg.svenskakyrkan.se\/tankarinforhelgen\/#\/schema\/person\/3f50c58ee789e9c3a0f46452362f6294\"},\"breadcrumb\":{\"@id\":\"https:\/\/blogg.svenskakyrkan.se\/tankarinforhelgen\/2022\/04\/21\/klanningar-och-kanningar\/#breadcrumb\"},\"inLanguage\":\"sv-SE\",\"potentialAction\":[{\"@type\":\"ReadAction\",\"target\":[\"https:\/\/blogg.svenskakyrkan.se\/tankarinforhelgen\/2022\/04\/21\/klanningar-och-kanningar\/\"]}]},{\"@type\":\"ImageObject\",\"inLanguage\":\"sv-SE\",\"@id\":\"https:\/\/blogg.svenskakyrkan.se\/tankarinforhelgen\/2022\/04\/21\/klanningar-och-kanningar\/#primaryimage\",\"url\":\"https:\/\/blogg.svenskakyrkan.se\/tankarinforhelgen\/files\/2022\/04\/DB75B759-24B3-476D-9231-E36F5C017B5C.jpeg\",\"contentUrl\":\"https:\/\/blogg.svenskakyrkan.se\/tankarinforhelgen\/files\/2022\/04\/DB75B759-24B3-476D-9231-E36F5C017B5C.jpeg\",\"width\":1511,\"height\":968},{\"@type\":\"BreadcrumbList\",\"@id\":\"https:\/\/blogg.svenskakyrkan.se\/tankarinforhelgen\/2022\/04\/21\/klanningar-och-kanningar\/#breadcrumb\",\"itemListElement\":[{\"@type\":\"ListItem\",\"position\":1,\"name\":\"Hem\",\"item\":\"https:\/\/blogg.svenskakyrkan.se\/tankarinforhelgen\/\"},{\"@type\":\"ListItem\",\"position\":2,\"name\":\"Kl\u00e4nningar och k\u00e4nningar\"}]},{\"@type\":\"WebSite\",\"@id\":\"https:\/\/blogg.svenskakyrkan.se\/tankarinforhelgen\/#website\",\"url\":\"https:\/\/blogg.svenskakyrkan.se\/tankarinforhelgen\/\",\"name\":\"Tankar inf\u00f6r helgen\",\"description\":\"Pr\u00e4ster funderar utifr\u00e5n kommande s\u00f6ndags texter\",\"potentialAction\":[{\"@type\":\"SearchAction\",\"target\":{\"@type\":\"EntryPoint\",\"urlTemplate\":\"https:\/\/blogg.svenskakyrkan.se\/tankarinforhelgen\/?s={search_term_string}\"},\"query-input\":{\"@type\":\"PropertyValueSpecification\",\"valueRequired\":true,\"valueName\":\"search_term_string\"}}],\"inLanguage\":\"sv-SE\"},{\"@type\":\"Person\",\"@id\":\"https:\/\/blogg.svenskakyrkan.se\/tankarinforhelgen\/#\/schema\/person\/3f50c58ee789e9c3a0f46452362f6294\",\"name\":\"Maria Scharffenberg, pr\u00e4st\",\"image\":{\"@type\":\"ImageObject\",\"inLanguage\":\"sv-SE\",\"@id\":\"https:\/\/blogg.svenskakyrkan.se\/tankarinforhelgen\/#\/schema\/person\/image\/\",\"url\":\"https:\/\/secure.gravatar.com\/avatar\/107a9e0984072024dc45f018755d2248f476561fc0eafc75d51f93d1e06c36ff?s=96&d=mm&r=g\",\"contentUrl\":\"https:\/\/secure.gravatar.com\/avatar\/107a9e0984072024dc45f018755d2248f476561fc0eafc75d51f93d1e06c36ff?s=96&d=mm&r=g\",\"caption\":\"Maria Scharffenberg, pr\u00e4st\"},\"url\":\"https:\/\/blogg.svenskakyrkan.se\/tankarinforhelgen\/author\/mariascharffenberg\/\"}]}<\/script>\n<!-- \/ Yoast SEO plugin. -->","yoast_head_json":{"title":"Kl\u00e4nningar och k\u00e4nningar - Tankar inf\u00f6r helgen","robots":{"index":"index","follow":"follow","max-snippet":"max-snippet:-1","max-image-preview":"max-image-preview:large","max-video-preview":"max-video-preview:-1"},"canonical":"https:\/\/blogg.svenskakyrkan.se\/tankarinforhelgen\/2022\/04\/21\/klanningar-och-kanningar\/","og_locale":"sv_SE","og_type":"article","og_title":"Kl\u00e4nningar och k\u00e4nningar - Tankar inf\u00f6r helgen","og_description":"Duger jag?Desperat f\u00f6rs\u00f6ker jag suga in magen f\u00f6r att f\u00e5 plats i kl\u00e4nningen jag just provar. Blixtl\u00e5set knakar bet\u00e4nkligt och tyget smiter \u00e5t kring varje valk som f\u00f6r att betona dem. Med en suck f\u00f6rs\u00f6ker jag ta mig ur kl\u00e4desplagget utan att spr\u00e4cka n\u00e5gra s\u00f6mmar och h\u00e4nger tillbaka den p\u00e5 galgen. F\u00f6rs\u00f6ker intala mig att [&hellip;]","og_url":"https:\/\/blogg.svenskakyrkan.se\/tankarinforhelgen\/2022\/04\/21\/klanningar-och-kanningar\/","og_site_name":"Tankar inf\u00f6r helgen","article_published_time":"2022-04-21T10:40:55+00:00","article_modified_time":"2022-04-22T06:32:58+00:00","og_image":[{"width":1511,"height":968,"url":"https:\/\/blogg.svenskakyrkan.se\/tankarinforhelgen\/files\/2022\/04\/DB75B759-24B3-476D-9231-E36F5C017B5C.jpeg","type":"image\/jpeg"}],"author":"Maria Scharffenberg, pr\u00e4st","twitter_card":"summary_large_image","twitter_misc":{"Skriven av":"Maria Scharffenberg, pr\u00e4st","Ber\u00e4knad l\u00e4stid":"3 minuter"},"schema":{"@context":"https:\/\/schema.org","@graph":[{"@type":"Article","@id":"https:\/\/blogg.svenskakyrkan.se\/tankarinforhelgen\/2022\/04\/21\/klanningar-och-kanningar\/#article","isPartOf":{"@id":"https:\/\/blogg.svenskakyrkan.se\/tankarinforhelgen\/2022\/04\/21\/klanningar-och-kanningar\/"},"author":{"name":"Maria Scharffenberg, pr\u00e4st","@id":"https:\/\/blogg.svenskakyrkan.se\/tankarinforhelgen\/#\/schema\/person\/3f50c58ee789e9c3a0f46452362f6294"},"headline":"Kl\u00e4nningar och k\u00e4nningar","datePublished":"2022-04-21T10:40:55+00:00","dateModified":"2022-04-22T06:32:58+00:00","mainEntityOfPage":{"@id":"https:\/\/blogg.svenskakyrkan.se\/tankarinforhelgen\/2022\/04\/21\/klanningar-och-kanningar\/"},"wordCount":630,"commentCount":4,"image":{"@id":"https:\/\/blogg.svenskakyrkan.se\/tankarinforhelgen\/2022\/04\/21\/klanningar-och-kanningar\/#primaryimage"},"thumbnailUrl":"https:\/\/blogg.svenskakyrkan.se\/tankarinforhelgen\/files\/2022\/04\/DB75B759-24B3-476D-9231-E36F5C017B5C.jpeg","keywords":["Maria Scharffenberg","TANKARINF\u00d6RHELGEN"],"articleSection":["Andra s\u00f6ndagen i p\u00e5sktiden"],"inLanguage":"sv-SE","potentialAction":[{"@type":"CommentAction","name":"Comment","target":["https:\/\/blogg.svenskakyrkan.se\/tankarinforhelgen\/2022\/04\/21\/klanningar-och-kanningar\/#respond"]}]},{"@type":"WebPage","@id":"https:\/\/blogg.svenskakyrkan.se\/tankarinforhelgen\/2022\/04\/21\/klanningar-och-kanningar\/","url":"https:\/\/blogg.svenskakyrkan.se\/tankarinforhelgen\/2022\/04\/21\/klanningar-och-kanningar\/","name":"Kl\u00e4nningar och k\u00e4nningar - Tankar inf\u00f6r helgen","isPartOf":{"@id":"https:\/\/blogg.svenskakyrkan.se\/tankarinforhelgen\/#website"},"primaryImageOfPage":{"@id":"https:\/\/blogg.svenskakyrkan.se\/tankarinforhelgen\/2022\/04\/21\/klanningar-och-kanningar\/#primaryimage"},"image":{"@id":"https:\/\/blogg.svenskakyrkan.se\/tankarinforhelgen\/2022\/04\/21\/klanningar-och-kanningar\/#primaryimage"},"thumbnailUrl":"https:\/\/blogg.svenskakyrkan.se\/tankarinforhelgen\/files\/2022\/04\/DB75B759-24B3-476D-9231-E36F5C017B5C.jpeg","datePublished":"2022-04-21T10:40:55+00:00","dateModified":"2022-04-22T06:32:58+00:00","author":{"@id":"https:\/\/blogg.svenskakyrkan.se\/tankarinforhelgen\/#\/schema\/person\/3f50c58ee789e9c3a0f46452362f6294"},"breadcrumb":{"@id":"https:\/\/blogg.svenskakyrkan.se\/tankarinforhelgen\/2022\/04\/21\/klanningar-och-kanningar\/#breadcrumb"},"inLanguage":"sv-SE","potentialAction":[{"@type":"ReadAction","target":["https:\/\/blogg.svenskakyrkan.se\/tankarinforhelgen\/2022\/04\/21\/klanningar-och-kanningar\/"]}]},{"@type":"ImageObject","inLanguage":"sv-SE","@id":"https:\/\/blogg.svenskakyrkan.se\/tankarinforhelgen\/2022\/04\/21\/klanningar-och-kanningar\/#primaryimage","url":"https:\/\/blogg.svenskakyrkan.se\/tankarinforhelgen\/files\/2022\/04\/DB75B759-24B3-476D-9231-E36F5C017B5C.jpeg","contentUrl":"https:\/\/blogg.svenskakyrkan.se\/tankarinforhelgen\/files\/2022\/04\/DB75B759-24B3-476D-9231-E36F5C017B5C.jpeg","width":1511,"height":968},{"@type":"BreadcrumbList","@id":"https:\/\/blogg.svenskakyrkan.se\/tankarinforhelgen\/2022\/04\/21\/klanningar-och-kanningar\/#breadcrumb","itemListElement":[{"@type":"ListItem","position":1,"name":"Hem","item":"https:\/\/blogg.svenskakyrkan.se\/tankarinforhelgen\/"},{"@type":"ListItem","position":2,"name":"Kl\u00e4nningar och k\u00e4nningar"}]},{"@type":"WebSite","@id":"https:\/\/blogg.svenskakyrkan.se\/tankarinforhelgen\/#website","url":"https:\/\/blogg.svenskakyrkan.se\/tankarinforhelgen\/","name":"Tankar inf\u00f6r helgen","description":"Pr\u00e4ster funderar utifr\u00e5n kommande s\u00f6ndags texter","potentialAction":[{"@type":"SearchAction","target":{"@type":"EntryPoint","urlTemplate":"https:\/\/blogg.svenskakyrkan.se\/tankarinforhelgen\/?s={search_term_string}"},"query-input":{"@type":"PropertyValueSpecification","valueRequired":true,"valueName":"search_term_string"}}],"inLanguage":"sv-SE"},{"@type":"Person","@id":"https:\/\/blogg.svenskakyrkan.se\/tankarinforhelgen\/#\/schema\/person\/3f50c58ee789e9c3a0f46452362f6294","name":"Maria Scharffenberg, pr\u00e4st","image":{"@type":"ImageObject","inLanguage":"sv-SE","@id":"https:\/\/blogg.svenskakyrkan.se\/tankarinforhelgen\/#\/schema\/person\/image\/","url":"https:\/\/secure.gravatar.com\/avatar\/107a9e0984072024dc45f018755d2248f476561fc0eafc75d51f93d1e06c36ff?s=96&d=mm&r=g","contentUrl":"https:\/\/secure.gravatar.com\/avatar\/107a9e0984072024dc45f018755d2248f476561fc0eafc75d51f93d1e06c36ff?s=96&d=mm&r=g","caption":"Maria Scharffenberg, pr\u00e4st"},"url":"https:\/\/blogg.svenskakyrkan.se\/tankarinforhelgen\/author\/mariascharffenberg\/"}]}},"author_meta":{"ID":"620","user_nicename":"mariascharffenberg","user_registered":"2017-04-09 08:20:01","display_name":"Maria Scharffenberg, pr\u00e4st","first_name":"Maria","last_name":"Scharffenberg, pr\u00e4st","avatar":"https:\/\/secure.gravatar.com\/avatar\/107a9e0984072024dc45f018755d2248f476561fc0eafc75d51f93d1e06c36ff?s=96&d=mm&r=g"},"featured_image":["https:\/\/blogg.svenskakyrkan.se\/tankarinforhelgen\/files\/2022\/04\/DB75B759-24B3-476D-9231-E36F5C017B5C-1024x656.jpeg",1024,656,true],"bloginfo":{"name":"Tankar inf\u00f6r helgen","url":"https:\/\/blogg.svenskakyrkan.se\/tankarinforhelgen"},"_links":{"self":[{"href":"https:\/\/blogg.svenskakyrkan.se\/tankarinforhelgen\/wp-json\/wp\/v2\/posts\/2728","targetHints":{"allow":["GET"]}}],"collection":[{"href":"https:\/\/blogg.svenskakyrkan.se\/tankarinforhelgen\/wp-json\/wp\/v2\/posts"}],"about":[{"href":"https:\/\/blogg.svenskakyrkan.se\/tankarinforhelgen\/wp-json\/wp\/v2\/types\/post"}],"author":[{"embeddable":true,"href":"https:\/\/blogg.svenskakyrkan.se\/tankarinforhelgen\/wp-json\/wp\/v2\/users\/620"}],"replies":[{"embeddable":true,"href":"https:\/\/blogg.svenskakyrkan.se\/tankarinforhelgen\/wp-json\/wp\/v2\/comments?post=2728"}],"version-history":[{"count":3,"href":"https:\/\/blogg.svenskakyrkan.se\/tankarinforhelgen\/wp-json\/wp\/v2\/posts\/2728\/revisions"}],"predecessor-version":[{"id":2734,"href":"https:\/\/blogg.svenskakyrkan.se\/tankarinforhelgen\/wp-json\/wp\/v2\/posts\/2728\/revisions\/2734"}],"wp:featuredmedia":[{"embeddable":true,"href":"https:\/\/blogg.svenskakyrkan.se\/tankarinforhelgen\/wp-json\/wp\/v2\/media\/2731"}],"wp:attachment":[{"href":"https:\/\/blogg.svenskakyrkan.se\/tankarinforhelgen\/wp-json\/wp\/v2\/media?parent=2728"}],"wp:term":[{"taxonomy":"category","embeddable":true,"href":"https:\/\/blogg.svenskakyrkan.se\/tankarinforhelgen\/wp-json\/wp\/v2\/categories?post=2728"},{"taxonomy":"post_tag","embeddable":true,"href":"https:\/\/blogg.svenskakyrkan.se\/tankarinforhelgen\/wp-json\/wp\/v2\/tags?post=2728"}],"curies":[{"name":"wp","href":"https:\/\/api.w.org\/{rel}","templated":true}]}}