{"id":3004,"date":"2023-01-27T07:15:15","date_gmt":"2023-01-27T06:15:15","guid":{"rendered":"https:\/\/blogg.svenskakyrkan.se\/tankarinforhelgen\/?p=3004"},"modified":"2023-01-27T07:15:47","modified_gmt":"2023-01-27T06:15:47","slug":"kan-pingviner-flyga","status":"publish","type":"post","link":"https:\/\/blogg.svenskakyrkan.se\/tankarinforhelgen\/2023\/01\/27\/kan-pingviner-flyga\/","title":{"rendered":"Kan pingviner flyga?"},"content":{"rendered":"\n\n\n<figure class=\"wp-block-image size-full\"><a href=\"https:\/\/blogg.svenskakyrkan.se\/tankarinforhelgen\/files\/2023\/01\/image-2.jpeg\"><img loading=\"lazy\" decoding=\"async\" width=\"1024\" height=\"658\" src=\"https:\/\/blogg.svenskakyrkan.se\/tankarinforhelgen\/files\/2023\/01\/image-2.jpeg\" alt=\"\" class=\"wp-image-3006\" srcset=\"https:\/\/blogg.svenskakyrkan.se\/tankarinforhelgen\/files\/2023\/01\/image-2.jpeg 1024w, https:\/\/blogg.svenskakyrkan.se\/tankarinforhelgen\/files\/2023\/01\/image-2-300x193.jpeg 300w, https:\/\/blogg.svenskakyrkan.se\/tankarinforhelgen\/files\/2023\/01\/image-2-768x494.jpeg 768w\" sizes=\"auto, (max-width: 1024px) 100vw, 1024px\" \/><\/a><\/figure>\n\n\n\n<p>Kan pingviner flyga? Den fr\u00e5gan st\u00e4llde jag mig en stilla eftermiddag p\u00e5 f\u00f6rsamlingshemmet i den lilla staden. Jag var nybliven pr\u00e4st och p\u00e5 min d\u00f6rr satt en bild av en grupp pingviner med texten \u201dVi har sagt till honom att det \u00e4r om\u00f6jligt, men han ville inte lyssna.\u201d<br><br>Ovanf\u00f6r dem var en pingvin med m\u00f6ssa. Ja, han fl\u00f6g, fast att det \u00e4r om\u00f6jligt.<br><br>Det var f\u00f6rst\u00e5s lite m\u00e4rkligt av mig att inte bara skratta \u00e5t den lite roliga bilden men jag fastnade p\u00e5 en g\u00e5ng i fr\u00e5ga om pingvinernas flygf\u00f6rm\u00e5ga. \u00c4r det verkligen om\u00f6jligt? Googlar man runt lite s\u00e5 verkar det s\u00e5. De ska vara i vattnet, och deras kroppar har utvecklats f\u00f6r att leva ett liv i vatten snarare \u00e4n i luften. Min n\u00e5got disneyfierade hj\u00e4rna vill g\u00e4rna t\u00e4nka att den lille pingvin som verkligen vill flyga borde kunna f\u00f6rverkliga det. Ja, att inget faktiskt \u00e4r om\u00f6jligt.<br><br>Sen f\u00f6rst\u00e5r jag argumenten om deras lungor och andning, deras st\u00f6rre kroppar och deras n\u00e4tta vingar men jag \u00e4r \u00e4nd\u00e5 en obotlig optimist som vill tro att allt \u00e4r m\u00f6jligt. Det var nog s\u00e5 att personen, den kloka kyrkv\u00e4rden, som satte lappen p\u00e5 min d\u00f6rr hade anat det personlighetsdraget hos mig. Att jag g\u00e4rna tar p\u00e5 mig m\u00f6ssan och f\u00f6rs\u00f6ker flyga fast\u00e4n alla har sagt att det inte g\u00e5r.<br><br>Pingvinen, ja, han i m\u00f6ssan, har en v\u00e4n i evangelierna. Den v\u00e4nnen heter Petrus och vi vet inget om hans lungor eller flygf\u00f6rm\u00e5ga, men vi kan ana lite om hans personlighet. Till helgen h\u00f6r vi om hur Jesus kommer g\u00e5ende till l\u00e4rjungarna p\u00e5 vattnet och m\u00e5nga stannar just d\u00e4r i ber\u00e4ttelsen.<br><br>Kan Jesus g\u00e5 p\u00e5 vatten? N\u00e4r n\u00e5gon fr\u00e5gar brukar jag s\u00e4ga att det inte \u00e4r det ovanliga som sker d\u00e4r strax f\u00f6re gryningen. Jesus \u00e4r Gud, och \u00e4r Herre \u00f6ver allt, varf\u00f6r skulle han inte kunna g\u00e5 p\u00e5 vatten? Det k\u00e4nns som en ganska enkel handling f\u00f6r Gud. Nej, det ovanliga \u00e4r att Petrus g\u00e5r p\u00e5 vattnet.<br><br>\u201dHerre, om det \u00e4r du, s\u00e5 s\u00e4g \u00e5t mig att komma till dig p\u00e5 vattnet!\u201d S\u00e5 ropar Petrus till Jesus d\u00e4r i gryningen och Jesus svarar: Kom! Och han g\u00e5r.<br><br>Alla hade sagt att han beh\u00f6vde en b\u00e5t eller en brygga \u00f6ver vatten men inte denna g\u00e5ng. Bl\u00e5sten kom och Petrus blev r\u00e4dd. G\u00e5r jag p\u00e5 vattnet nu? Var \u00e4r b\u00e5ten? Han sjunker och ropar p\u00e5 Jesus som tar honom i handen.<br><br>Varf\u00f6r tvivlade du? Fr\u00e5gar Jesus. Han s\u00e4ger inget om att Petrus gjort det om\u00f6jliga, f\u00f6r det var inte l\u00e4ngre om\u00f6jligt. Det var verkligt.<br><br>S\u00e5 \u00e4r det ocks\u00e5 i v\u00e5ra liv. M\u00e4nniskor kommer alltid att ber\u00e4tta f\u00f6r dig att det inte g\u00e5r, att det aldrig gjorts f\u00f6rr eller att de inte funkar. Hoppet s\u00e4ger n\u00e5got annat. Jesus s\u00e4ger n\u00e5got annat. Han s\u00e4ger Kom! \u00c4ven om alla sagt att det \u00e4r om\u00f6jligt.<br><br>Vi kommer att tappa fotf\u00e4stet ibland och b\u00e5de dyka och sjunka, d\u00e5 tar hoppet vid. Jesus st\u00e5r d\u00e4r, tar oss vid handen och hj\u00e4lper oss upp.<br><br>N\u00e4r du st\u00e5r inf\u00f6r det om\u00f6jliga och n\u00e5got trotsigt inom dig s\u00e4ger att det g\u00e5r. Lyssna riktigt noga. D\u00e5 tror jag att du h\u00f6r Jesus som s\u00e4ger: Lugn, det \u00e4r jag. Var inte r\u00e4dd.<br><br>Pl\u00f6tsligt \u00e4r fr\u00e5ga om pingvinen kan flygga ov\u00e4senligt. Du k\u00e4nner redan luften under vingarna.<\/p>\n\n\n\n<p><\/p>\n","protected":false},"excerpt":{"rendered":"<p>Kan pingviner flyga? Den fr\u00e5gan st\u00e4llde jag mig en stilla eftermiddag p\u00e5 f\u00f6rsamlingshemmet i den lilla staden. Jag var nybliven pr\u00e4st och p\u00e5 min d\u00f6rr satt en bild av en grupp pingviner med texten \u201dVi har sagt till honom att det \u00e4r om\u00f6jligt, men han ville inte lyssna.\u201d Ovanf\u00f6r dem var en pingvin med m\u00f6ssa. [&hellip;]<\/p>\n","protected":false},"author":672,"featured_media":3005,"comment_status":"open","ping_status":"open","sticky":false,"template":"","format":"standard","meta":{"_acf_changed":false,"footnotes":""},"categories":[142436],"tags":[142465,142457],"class_list":["post-3004","post","type-post","status-publish","format-standard","has-post-thumbnail","hentry","category-fjarde-efter-trettondagen","tag-catharina-carlsson","tag-tankarinforhelgen"],"acf":[],"yoast_head":"<!-- This site is optimized with the Yoast SEO plugin v27.1.1 - https:\/\/yoast.com\/product\/yoast-seo-wordpress\/ -->\n<title>Kan pingviner flyga? - Tankar inf\u00f6r helgen<\/title>\n<meta name=\"robots\" content=\"index, follow, max-snippet:-1, max-image-preview:large, max-video-preview:-1\" \/>\n<link rel=\"canonical\" href=\"https:\/\/blogg.svenskakyrkan.se\/tankarinforhelgen\/2023\/01\/27\/kan-pingviner-flyga\/\" \/>\n<meta property=\"og:locale\" content=\"sv_SE\" \/>\n<meta property=\"og:type\" content=\"article\" \/>\n<meta property=\"og:title\" content=\"Kan pingviner flyga? - Tankar inf\u00f6r helgen\" \/>\n<meta property=\"og:description\" content=\"Kan pingviner flyga? Den fr\u00e5gan st\u00e4llde jag mig en stilla eftermiddag p\u00e5 f\u00f6rsamlingshemmet i den lilla staden. Jag var nybliven pr\u00e4st och p\u00e5 min d\u00f6rr satt en bild av en grupp pingviner med texten \u201dVi har sagt till honom att det \u00e4r om\u00f6jligt, men han ville inte lyssna.\u201d Ovanf\u00f6r dem var en pingvin med m\u00f6ssa. [&hellip;]\" \/>\n<meta property=\"og:url\" content=\"https:\/\/blogg.svenskakyrkan.se\/tankarinforhelgen\/2023\/01\/27\/kan-pingviner-flyga\/\" \/>\n<meta property=\"og:site_name\" content=\"Tankar inf\u00f6r helgen\" \/>\n<meta property=\"article:published_time\" content=\"2023-01-27T06:15:15+00:00\" \/>\n<meta property=\"article:modified_time\" content=\"2023-01-27T06:15:47+00:00\" \/>\n<meta property=\"og:image\" content=\"https:\/\/blogg.svenskakyrkan.se\/tankarinforhelgen\/files\/2023\/01\/3B24FDD3-8370-4F53-8130-061BBD4A7D53.jpeg\" \/>\n\t<meta property=\"og:image:width\" content=\"1853\" \/>\n\t<meta property=\"og:image:height\" content=\"1190\" \/>\n\t<meta property=\"og:image:type\" content=\"image\/jpeg\" \/>\n<meta name=\"author\" content=\"Catharina Carlsson, pr\u00e4st\" \/>\n<meta name=\"twitter:card\" content=\"summary_large_image\" \/>\n<meta name=\"twitter:label1\" content=\"Skriven av\" \/>\n\t<meta name=\"twitter:data1\" content=\"Catharina Carlsson, pr\u00e4st\" \/>\n\t<meta name=\"twitter:label2\" content=\"Ber\u00e4knad l\u00e4stid\" \/>\n\t<meta name=\"twitter:data2\" content=\"3 minuter\" \/>\n<script type=\"application\/ld+json\" class=\"yoast-schema-graph\">{\"@context\":\"https:\/\/schema.org\",\"@graph\":[{\"@type\":\"Article\",\"@id\":\"https:\/\/blogg.svenskakyrkan.se\/tankarinforhelgen\/2023\/01\/27\/kan-pingviner-flyga\/#article\",\"isPartOf\":{\"@id\":\"https:\/\/blogg.svenskakyrkan.se\/tankarinforhelgen\/2023\/01\/27\/kan-pingviner-flyga\/\"},\"author\":{\"name\":\"Catharina Carlsson, pr\u00e4st\",\"@id\":\"https:\/\/blogg.svenskakyrkan.se\/tankarinforhelgen\/#\/schema\/person\/d822d69bf74ba8b653a523a24142ad17\"},\"headline\":\"Kan pingviner flyga?\",\"datePublished\":\"2023-01-27T06:15:15+00:00\",\"dateModified\":\"2023-01-27T06:15:47+00:00\",\"mainEntityOfPage\":{\"@id\":\"https:\/\/blogg.svenskakyrkan.se\/tankarinforhelgen\/2023\/01\/27\/kan-pingviner-flyga\/\"},\"wordCount\":651,\"commentCount\":2,\"image\":{\"@id\":\"https:\/\/blogg.svenskakyrkan.se\/tankarinforhelgen\/2023\/01\/27\/kan-pingviner-flyga\/#primaryimage\"},\"thumbnailUrl\":\"https:\/\/blogg.svenskakyrkan.se\/tankarinforhelgen\/files\/2023\/01\/3B24FDD3-8370-4F53-8130-061BBD4A7D53.jpeg\",\"keywords\":[\"Catharina Carlsson\",\"TANKARINFORHELGEN\"],\"articleSection\":[\"Fj\u00e4rde s\u00f6ndagen efter trettondagen\"],\"inLanguage\":\"sv-SE\",\"potentialAction\":[{\"@type\":\"CommentAction\",\"name\":\"Comment\",\"target\":[\"https:\/\/blogg.svenskakyrkan.se\/tankarinforhelgen\/2023\/01\/27\/kan-pingviner-flyga\/#respond\"]}]},{\"@type\":\"WebPage\",\"@id\":\"https:\/\/blogg.svenskakyrkan.se\/tankarinforhelgen\/2023\/01\/27\/kan-pingviner-flyga\/\",\"url\":\"https:\/\/blogg.svenskakyrkan.se\/tankarinforhelgen\/2023\/01\/27\/kan-pingviner-flyga\/\",\"name\":\"Kan pingviner flyga? - Tankar inf\u00f6r helgen\",\"isPartOf\":{\"@id\":\"https:\/\/blogg.svenskakyrkan.se\/tankarinforhelgen\/#website\"},\"primaryImageOfPage\":{\"@id\":\"https:\/\/blogg.svenskakyrkan.se\/tankarinforhelgen\/2023\/01\/27\/kan-pingviner-flyga\/#primaryimage\"},\"image\":{\"@id\":\"https:\/\/blogg.svenskakyrkan.se\/tankarinforhelgen\/2023\/01\/27\/kan-pingviner-flyga\/#primaryimage\"},\"thumbnailUrl\":\"https:\/\/blogg.svenskakyrkan.se\/tankarinforhelgen\/files\/2023\/01\/3B24FDD3-8370-4F53-8130-061BBD4A7D53.jpeg\",\"datePublished\":\"2023-01-27T06:15:15+00:00\",\"dateModified\":\"2023-01-27T06:15:47+00:00\",\"author\":{\"@id\":\"https:\/\/blogg.svenskakyrkan.se\/tankarinforhelgen\/#\/schema\/person\/d822d69bf74ba8b653a523a24142ad17\"},\"breadcrumb\":{\"@id\":\"https:\/\/blogg.svenskakyrkan.se\/tankarinforhelgen\/2023\/01\/27\/kan-pingviner-flyga\/#breadcrumb\"},\"inLanguage\":\"sv-SE\",\"potentialAction\":[{\"@type\":\"ReadAction\",\"target\":[\"https:\/\/blogg.svenskakyrkan.se\/tankarinforhelgen\/2023\/01\/27\/kan-pingviner-flyga\/\"]}]},{\"@type\":\"ImageObject\",\"inLanguage\":\"sv-SE\",\"@id\":\"https:\/\/blogg.svenskakyrkan.se\/tankarinforhelgen\/2023\/01\/27\/kan-pingviner-flyga\/#primaryimage\",\"url\":\"https:\/\/blogg.svenskakyrkan.se\/tankarinforhelgen\/files\/2023\/01\/3B24FDD3-8370-4F53-8130-061BBD4A7D53.jpeg\",\"contentUrl\":\"https:\/\/blogg.svenskakyrkan.se\/tankarinforhelgen\/files\/2023\/01\/3B24FDD3-8370-4F53-8130-061BBD4A7D53.jpeg\",\"width\":1853,\"height\":1190},{\"@type\":\"BreadcrumbList\",\"@id\":\"https:\/\/blogg.svenskakyrkan.se\/tankarinforhelgen\/2023\/01\/27\/kan-pingviner-flyga\/#breadcrumb\",\"itemListElement\":[{\"@type\":\"ListItem\",\"position\":1,\"name\":\"Hem\",\"item\":\"https:\/\/blogg.svenskakyrkan.se\/tankarinforhelgen\/\"},{\"@type\":\"ListItem\",\"position\":2,\"name\":\"Kan pingviner flyga?\"}]},{\"@type\":\"WebSite\",\"@id\":\"https:\/\/blogg.svenskakyrkan.se\/tankarinforhelgen\/#website\",\"url\":\"https:\/\/blogg.svenskakyrkan.se\/tankarinforhelgen\/\",\"name\":\"Tankar inf\u00f6r helgen\",\"description\":\"Pr\u00e4ster funderar utifr\u00e5n kommande s\u00f6ndags texter\",\"potentialAction\":[{\"@type\":\"SearchAction\",\"target\":{\"@type\":\"EntryPoint\",\"urlTemplate\":\"https:\/\/blogg.svenskakyrkan.se\/tankarinforhelgen\/?s={search_term_string}\"},\"query-input\":{\"@type\":\"PropertyValueSpecification\",\"valueRequired\":true,\"valueName\":\"search_term_string\"}}],\"inLanguage\":\"sv-SE\"},{\"@type\":\"Person\",\"@id\":\"https:\/\/blogg.svenskakyrkan.se\/tankarinforhelgen\/#\/schema\/person\/d822d69bf74ba8b653a523a24142ad17\",\"name\":\"Catharina Carlsson, pr\u00e4st\",\"image\":{\"@type\":\"ImageObject\",\"inLanguage\":\"sv-SE\",\"@id\":\"https:\/\/blogg.svenskakyrkan.se\/tankarinforhelgen\/#\/schema\/person\/image\/\",\"url\":\"https:\/\/secure.gravatar.com\/avatar\/a05095351d4bef3936c8e5eb4759b56ae7498e54a3370d1dbcd55cd306192198?s=96&d=mm&r=g\",\"contentUrl\":\"https:\/\/secure.gravatar.com\/avatar\/a05095351d4bef3936c8e5eb4759b56ae7498e54a3370d1dbcd55cd306192198?s=96&d=mm&r=g\",\"caption\":\"Catharina Carlsson, pr\u00e4st\"},\"url\":\"https:\/\/blogg.svenskakyrkan.se\/tankarinforhelgen\/author\/catharinacarlsson\/\"}]}<\/script>\n<!-- \/ Yoast SEO plugin. -->","yoast_head_json":{"title":"Kan pingviner flyga? - Tankar inf\u00f6r helgen","robots":{"index":"index","follow":"follow","max-snippet":"max-snippet:-1","max-image-preview":"max-image-preview:large","max-video-preview":"max-video-preview:-1"},"canonical":"https:\/\/blogg.svenskakyrkan.se\/tankarinforhelgen\/2023\/01\/27\/kan-pingviner-flyga\/","og_locale":"sv_SE","og_type":"article","og_title":"Kan pingviner flyga? - Tankar inf\u00f6r helgen","og_description":"Kan pingviner flyga? Den fr\u00e5gan st\u00e4llde jag mig en stilla eftermiddag p\u00e5 f\u00f6rsamlingshemmet i den lilla staden. Jag var nybliven pr\u00e4st och p\u00e5 min d\u00f6rr satt en bild av en grupp pingviner med texten \u201dVi har sagt till honom att det \u00e4r om\u00f6jligt, men han ville inte lyssna.\u201d Ovanf\u00f6r dem var en pingvin med m\u00f6ssa. [&hellip;]","og_url":"https:\/\/blogg.svenskakyrkan.se\/tankarinforhelgen\/2023\/01\/27\/kan-pingviner-flyga\/","og_site_name":"Tankar inf\u00f6r helgen","article_published_time":"2023-01-27T06:15:15+00:00","article_modified_time":"2023-01-27T06:15:47+00:00","og_image":[{"width":1853,"height":1190,"url":"https:\/\/blogg.svenskakyrkan.se\/tankarinforhelgen\/files\/2023\/01\/3B24FDD3-8370-4F53-8130-061BBD4A7D53.jpeg","type":"image\/jpeg"}],"author":"Catharina Carlsson, pr\u00e4st","twitter_card":"summary_large_image","twitter_misc":{"Skriven av":"Catharina Carlsson, pr\u00e4st","Ber\u00e4knad l\u00e4stid":"3 minuter"},"schema":{"@context":"https:\/\/schema.org","@graph":[{"@type":"Article","@id":"https:\/\/blogg.svenskakyrkan.se\/tankarinforhelgen\/2023\/01\/27\/kan-pingviner-flyga\/#article","isPartOf":{"@id":"https:\/\/blogg.svenskakyrkan.se\/tankarinforhelgen\/2023\/01\/27\/kan-pingviner-flyga\/"},"author":{"name":"Catharina Carlsson, pr\u00e4st","@id":"https:\/\/blogg.svenskakyrkan.se\/tankarinforhelgen\/#\/schema\/person\/d822d69bf74ba8b653a523a24142ad17"},"headline":"Kan pingviner flyga?","datePublished":"2023-01-27T06:15:15+00:00","dateModified":"2023-01-27T06:15:47+00:00","mainEntityOfPage":{"@id":"https:\/\/blogg.svenskakyrkan.se\/tankarinforhelgen\/2023\/01\/27\/kan-pingviner-flyga\/"},"wordCount":651,"commentCount":2,"image":{"@id":"https:\/\/blogg.svenskakyrkan.se\/tankarinforhelgen\/2023\/01\/27\/kan-pingviner-flyga\/#primaryimage"},"thumbnailUrl":"https:\/\/blogg.svenskakyrkan.se\/tankarinforhelgen\/files\/2023\/01\/3B24FDD3-8370-4F53-8130-061BBD4A7D53.jpeg","keywords":["Catharina Carlsson","TANKARINFORHELGEN"],"articleSection":["Fj\u00e4rde s\u00f6ndagen efter trettondagen"],"inLanguage":"sv-SE","potentialAction":[{"@type":"CommentAction","name":"Comment","target":["https:\/\/blogg.svenskakyrkan.se\/tankarinforhelgen\/2023\/01\/27\/kan-pingviner-flyga\/#respond"]}]},{"@type":"WebPage","@id":"https:\/\/blogg.svenskakyrkan.se\/tankarinforhelgen\/2023\/01\/27\/kan-pingviner-flyga\/","url":"https:\/\/blogg.svenskakyrkan.se\/tankarinforhelgen\/2023\/01\/27\/kan-pingviner-flyga\/","name":"Kan pingviner flyga? - Tankar inf\u00f6r helgen","isPartOf":{"@id":"https:\/\/blogg.svenskakyrkan.se\/tankarinforhelgen\/#website"},"primaryImageOfPage":{"@id":"https:\/\/blogg.svenskakyrkan.se\/tankarinforhelgen\/2023\/01\/27\/kan-pingviner-flyga\/#primaryimage"},"image":{"@id":"https:\/\/blogg.svenskakyrkan.se\/tankarinforhelgen\/2023\/01\/27\/kan-pingviner-flyga\/#primaryimage"},"thumbnailUrl":"https:\/\/blogg.svenskakyrkan.se\/tankarinforhelgen\/files\/2023\/01\/3B24FDD3-8370-4F53-8130-061BBD4A7D53.jpeg","datePublished":"2023-01-27T06:15:15+00:00","dateModified":"2023-01-27T06:15:47+00:00","author":{"@id":"https:\/\/blogg.svenskakyrkan.se\/tankarinforhelgen\/#\/schema\/person\/d822d69bf74ba8b653a523a24142ad17"},"breadcrumb":{"@id":"https:\/\/blogg.svenskakyrkan.se\/tankarinforhelgen\/2023\/01\/27\/kan-pingviner-flyga\/#breadcrumb"},"inLanguage":"sv-SE","potentialAction":[{"@type":"ReadAction","target":["https:\/\/blogg.svenskakyrkan.se\/tankarinforhelgen\/2023\/01\/27\/kan-pingviner-flyga\/"]}]},{"@type":"ImageObject","inLanguage":"sv-SE","@id":"https:\/\/blogg.svenskakyrkan.se\/tankarinforhelgen\/2023\/01\/27\/kan-pingviner-flyga\/#primaryimage","url":"https:\/\/blogg.svenskakyrkan.se\/tankarinforhelgen\/files\/2023\/01\/3B24FDD3-8370-4F53-8130-061BBD4A7D53.jpeg","contentUrl":"https:\/\/blogg.svenskakyrkan.se\/tankarinforhelgen\/files\/2023\/01\/3B24FDD3-8370-4F53-8130-061BBD4A7D53.jpeg","width":1853,"height":1190},{"@type":"BreadcrumbList","@id":"https:\/\/blogg.svenskakyrkan.se\/tankarinforhelgen\/2023\/01\/27\/kan-pingviner-flyga\/#breadcrumb","itemListElement":[{"@type":"ListItem","position":1,"name":"Hem","item":"https:\/\/blogg.svenskakyrkan.se\/tankarinforhelgen\/"},{"@type":"ListItem","position":2,"name":"Kan pingviner flyga?"}]},{"@type":"WebSite","@id":"https:\/\/blogg.svenskakyrkan.se\/tankarinforhelgen\/#website","url":"https:\/\/blogg.svenskakyrkan.se\/tankarinforhelgen\/","name":"Tankar inf\u00f6r helgen","description":"Pr\u00e4ster funderar utifr\u00e5n kommande s\u00f6ndags texter","potentialAction":[{"@type":"SearchAction","target":{"@type":"EntryPoint","urlTemplate":"https:\/\/blogg.svenskakyrkan.se\/tankarinforhelgen\/?s={search_term_string}"},"query-input":{"@type":"PropertyValueSpecification","valueRequired":true,"valueName":"search_term_string"}}],"inLanguage":"sv-SE"},{"@type":"Person","@id":"https:\/\/blogg.svenskakyrkan.se\/tankarinforhelgen\/#\/schema\/person\/d822d69bf74ba8b653a523a24142ad17","name":"Catharina Carlsson, pr\u00e4st","image":{"@type":"ImageObject","inLanguage":"sv-SE","@id":"https:\/\/blogg.svenskakyrkan.se\/tankarinforhelgen\/#\/schema\/person\/image\/","url":"https:\/\/secure.gravatar.com\/avatar\/a05095351d4bef3936c8e5eb4759b56ae7498e54a3370d1dbcd55cd306192198?s=96&d=mm&r=g","contentUrl":"https:\/\/secure.gravatar.com\/avatar\/a05095351d4bef3936c8e5eb4759b56ae7498e54a3370d1dbcd55cd306192198?s=96&d=mm&r=g","caption":"Catharina Carlsson, pr\u00e4st"},"url":"https:\/\/blogg.svenskakyrkan.se\/tankarinforhelgen\/author\/catharinacarlsson\/"}]}},"author_meta":{"ID":"672","user_nicename":"catharinacarlsson","user_registered":"2018-04-10 11:22:30","display_name":"Catharina Carlsson, pr\u00e4st","first_name":"Catharina","last_name":"Carlsson, pr\u00e4st","avatar":"https:\/\/secure.gravatar.com\/avatar\/a05095351d4bef3936c8e5eb4759b56ae7498e54a3370d1dbcd55cd306192198?s=96&d=mm&r=g"},"featured_image":["https:\/\/blogg.svenskakyrkan.se\/tankarinforhelgen\/files\/2023\/01\/3B24FDD3-8370-4F53-8130-061BBD4A7D53-1024x658.jpeg",1024,658,true],"bloginfo":{"name":"Tankar inf\u00f6r helgen","url":"https:\/\/blogg.svenskakyrkan.se\/tankarinforhelgen"},"_links":{"self":[{"href":"https:\/\/blogg.svenskakyrkan.se\/tankarinforhelgen\/wp-json\/wp\/v2\/posts\/3004","targetHints":{"allow":["GET"]}}],"collection":[{"href":"https:\/\/blogg.svenskakyrkan.se\/tankarinforhelgen\/wp-json\/wp\/v2\/posts"}],"about":[{"href":"https:\/\/blogg.svenskakyrkan.se\/tankarinforhelgen\/wp-json\/wp\/v2\/types\/post"}],"author":[{"embeddable":true,"href":"https:\/\/blogg.svenskakyrkan.se\/tankarinforhelgen\/wp-json\/wp\/v2\/users\/672"}],"replies":[{"embeddable":true,"href":"https:\/\/blogg.svenskakyrkan.se\/tankarinforhelgen\/wp-json\/wp\/v2\/comments?post=3004"}],"version-history":[{"count":2,"href":"https:\/\/blogg.svenskakyrkan.se\/tankarinforhelgen\/wp-json\/wp\/v2\/posts\/3004\/revisions"}],"predecessor-version":[{"id":3008,"href":"https:\/\/blogg.svenskakyrkan.se\/tankarinforhelgen\/wp-json\/wp\/v2\/posts\/3004\/revisions\/3008"}],"wp:featuredmedia":[{"embeddable":true,"href":"https:\/\/blogg.svenskakyrkan.se\/tankarinforhelgen\/wp-json\/wp\/v2\/media\/3005"}],"wp:attachment":[{"href":"https:\/\/blogg.svenskakyrkan.se\/tankarinforhelgen\/wp-json\/wp\/v2\/media?parent=3004"}],"wp:term":[{"taxonomy":"category","embeddable":true,"href":"https:\/\/blogg.svenskakyrkan.se\/tankarinforhelgen\/wp-json\/wp\/v2\/categories?post=3004"},{"taxonomy":"post_tag","embeddable":true,"href":"https:\/\/blogg.svenskakyrkan.se\/tankarinforhelgen\/wp-json\/wp\/v2\/tags?post=3004"}],"curies":[{"name":"wp","href":"https:\/\/api.w.org\/{rel}","templated":true}]}}