{"id":3068,"date":"2023-03-31T09:10:52","date_gmt":"2023-03-31T07:10:52","guid":{"rendered":"https:\/\/blogg.svenskakyrkan.se\/tankarinforhelgen\/?p=3068"},"modified":"2023-03-31T09:42:42","modified_gmt":"2023-03-31T07:42:42","slug":"ingen-ska-behova-bara-det-ensam","status":"publish","type":"post","link":"https:\/\/blogg.svenskakyrkan.se\/tankarinforhelgen\/2023\/03\/31\/ingen-ska-behova-bara-det-ensam\/","title":{"rendered":"Ingen ska beh\u00f6va b\u00e4ra det ensam"},"content":{"rendered":"\n\n\n<figure class=\"wp-block-image size-full\"><a href=\"https:\/\/blogg.svenskakyrkan.se\/tankarinforhelgen\/files\/2023\/03\/image-5.jpeg\"><img loading=\"lazy\" decoding=\"async\" width=\"1024\" height=\"568\" src=\"https:\/\/blogg.svenskakyrkan.se\/tankarinforhelgen\/files\/2023\/03\/image-5.jpeg\" alt=\"\" class=\"wp-image-3070\" srcset=\"https:\/\/blogg.svenskakyrkan.se\/tankarinforhelgen\/files\/2023\/03\/image-5.jpeg 1024w, https:\/\/blogg.svenskakyrkan.se\/tankarinforhelgen\/files\/2023\/03\/image-5-300x166.jpeg 300w, https:\/\/blogg.svenskakyrkan.se\/tankarinforhelgen\/files\/2023\/03\/image-5-768x426.jpeg 768w\" sizes=\"auto, (max-width: 1024px) 100vw, 1024px\" \/><\/a><\/figure>\n\n\n\n<p>Det h\u00e4nde sig en dag att Jesus kom f\u00f6rbi mig och mina syskon i Betania. Det hade han gjort flera g\u00e5nger f\u00f6rut och han var som vanligt mycket v\u00e4lkommen. Han var p\u00e5 v\u00e4g till p\u00e5skfesten i Jerusalem. Det var l\u00e5ng v\u00e4g att g\u00e5 s\u00e5 han beh\u00f6vde en paus, s\u00e5 vi ordnade en m\u00e5ltid. Vi pratade p\u00e5 som vanligt, som vi brukade n\u00e4r vi tr\u00e4ffades. Egentligen var det de andra som pratade mest. Jag tyckte mer om att lyssna p\u00e5 vad andra sa. Och jag tyckte om att lyssna p\u00e5 Jesus.<\/p>\n\n\n\n<p>Men jag s\u00e5g n\u00e5got i hans \u00f6gon, han s\u00e5g tr\u00f6tt ut. Inte s\u00e5 d\u00e4r tr\u00f6tt av vandringen som man kan bli. Det var som om tr\u00f6ttheten dolde n\u00e5got sm\u00e4rtsamt. Det verkade som han inte var riktigt glad trots att det var festligheter p\u00e5 g\u00e5ng i Jerusalem.<\/p>\n\n\n\n<p>Det var d\u00e5 jag f\u00f6rstod, det skulle h\u00e4nda n\u00e5got, n\u00e5got som inte var bra. Jag s\u00e5g i hans \u00f6gon att han var ensam. En ensamhet som s\u00e5g sv\u00e5r ut. Jag k\u00e4nde s\u00e5 p\u00e5 djupet att jag ville dela hans ensamhet och sm\u00e4rta. Jag ville inte att han skulle beh\u00f6va b\u00e4ra den sj\u00e4lv. Det var mycket folk omkring oss s\u00e5 jag kunde inte riktigt fr\u00e5ga honom vad det var som var sv\u00e5rt, d\u00e4r och d\u00e5.<\/p>\n\n\n\n<p>Jag tog i st\u00e4llet fram den d\u00e4r nardusbalsamen som jag sparat. Jag visste inte riktigt varf\u00f6r jag sparat den. Visst, den var dyrbar, och vi hade v\u00e4l inte pengar som vi kunde sl\u00f6sa p\u00e5 saker direkt. Men nu k\u00e4nde jag att jag beh\u00f6vde ta fram den. Att det fanns en anledning till att jag sparat den till just idag. Jesus beh\u00f6vde den. Han beh\u00f6vde omsorg. Min omsorg.<\/p>\n\n\n\n<p>S\u00e5 jag \u00f6ppnade flaskan och b\u00f6rjade varsamt och omsorgsfullt sm\u00f6rja hans f\u00f6tter. Jag hoppades att han skulle k\u00e4nna hur jag gjorde det h\u00e4r fr\u00e5n djupet av mitt hj\u00e4rta. Jag tog tag i mitt h\u00e5r och anv\u00e4nde det f\u00f6r att visa min innerlighet n\u00e4r jag torkade av f\u00f6tterna.<\/p>\n\n\n\n<p>Han m\u00f6tte min blick. Vi m\u00f6ttes i v\u00e5ra blickar p\u00e5 ett s\u00e4tt s\u00e5 att jag s\u00e5g att han k\u00e4nde att jag delade lite av hans sm\u00e4rta &#8211; utan att egentligen veta vad den handlade om. Det blev ett ordl\u00f6st delande, som om n\u00e5got djupare i mig f\u00f6rstod det jag inte visste n\u00e5got om. Men jag m\u00e4rkte att han beh\u00f6vde det. Att han beh\u00f6vde n\u00e5gon som delade hans tr\u00f6tthet och sm\u00e4rta.<\/p>\n\n\n\n<p>Andra b\u00f6rjade protestera mot att jag anv\u00e4nde den dyra balsamen. Den kunde ju s\u00e5lts och pengarna kunde getts \u00e5t de fattiga. Var jag en s\u00e5dan m\u00e4nniska som inte t\u00e4nkte p\u00e5 de fattiga? Jag sk\u00e4mdes f\u00f6r en stund. Och samtidigt ville jag ropa ut: \u201dNi ser v\u00e4l att Jesus beh\u00f6ver detta!\u201d Men jag fick inte fram ett ord.<\/p>\n\n\n\n<p>S\u00e5 m\u00f6ttes v\u00e5ra blickar igen. Det var som om han ordl\u00f6st viskade: \u201dMaria\u2026\u201d. Han sa till de andra att de skulle l\u00e5ta mig vara. D\u00e5 var det som att jag visste att det jag hade gjort var viktigt f\u00f6r honom. Jag hade funnits d\u00e4r och fanns d\u00e4r f\u00f6r n\u00e5gon som beh\u00f6vde det. Jag hade funnits d\u00e4r och jag fanns d\u00e4r f\u00f6r honom.<\/p>\n\n\n\n<p>I den stunden blev det, som jag egentligen redan f\u00f6rst\u00e5tt, tydligt f\u00f6r mig. Det \u00e4r s\u00e5 h\u00e4r Jesus vill att vi ska vara mot varandra, dela det som \u00e4r sv\u00e5rt. Dela det p\u00e5 riktigt. F\u00f6r att ingen ska beh\u00f6va b\u00e4ra det som \u00e4r sv\u00e5rt alldeles ensam.<\/p>\n","protected":false},"excerpt":{"rendered":"<p>Det h\u00e4nde sig en dag att Jesus kom f\u00f6rbi mig och mina syskon i Betania. Det hade han gjort flera g\u00e5nger f\u00f6rut och han var som vanligt mycket v\u00e4lkommen. Han var p\u00e5 v\u00e4g till p\u00e5skfesten i Jerusalem. Det var l\u00e5ng v\u00e4g att g\u00e5 s\u00e5 han beh\u00f6vde en paus, s\u00e5 vi ordnade en m\u00e5ltid. Vi pratade [&hellip;]<\/p>\n","protected":false},"author":663,"featured_media":3069,"comment_status":"open","ping_status":"open","sticky":false,"template":"","format":"standard","meta":{"_acf_changed":false,"footnotes":""},"categories":[99413],"tags":[142460,159870],"class_list":["post-3068","post","type-post","status-publish","format-standard","has-post-thumbnail","hentry","category-palmsondagen","tag-agneta-holmstrom","tag-tankarinforhelgen-2"],"acf":[],"yoast_head":"<!-- This site is optimized with the Yoast SEO plugin v27.1.1 - https:\/\/yoast.com\/product\/yoast-seo-wordpress\/ -->\n<title>Ingen ska beh\u00f6va b\u00e4ra det ensam - Tankar inf\u00f6r helgen<\/title>\n<meta name=\"robots\" content=\"index, follow, max-snippet:-1, max-image-preview:large, max-video-preview:-1\" \/>\n<link rel=\"canonical\" href=\"https:\/\/blogg.svenskakyrkan.se\/tankarinforhelgen\/2023\/03\/31\/ingen-ska-behova-bara-det-ensam\/\" \/>\n<meta property=\"og:locale\" content=\"sv_SE\" \/>\n<meta property=\"og:type\" content=\"article\" \/>\n<meta property=\"og:title\" content=\"Ingen ska beh\u00f6va b\u00e4ra det ensam - Tankar inf\u00f6r helgen\" \/>\n<meta property=\"og:description\" content=\"Det h\u00e4nde sig en dag att Jesus kom f\u00f6rbi mig och mina syskon i Betania. Det hade han gjort flera g\u00e5nger f\u00f6rut och han var som vanligt mycket v\u00e4lkommen. Han var p\u00e5 v\u00e4g till p\u00e5skfesten i Jerusalem. Det var l\u00e5ng v\u00e4g att g\u00e5 s\u00e5 han beh\u00f6vde en paus, s\u00e5 vi ordnade en m\u00e5ltid. Vi pratade [&hellip;]\" \/>\n<meta property=\"og:url\" content=\"https:\/\/blogg.svenskakyrkan.se\/tankarinforhelgen\/2023\/03\/31\/ingen-ska-behova-bara-det-ensam\/\" \/>\n<meta property=\"og:site_name\" content=\"Tankar inf\u00f6r helgen\" \/>\n<meta property=\"article:published_time\" content=\"2023-03-31T07:10:52+00:00\" \/>\n<meta property=\"article:modified_time\" content=\"2023-03-31T07:42:42+00:00\" \/>\n<meta property=\"og:image\" content=\"https:\/\/blogg.svenskakyrkan.se\/tankarinforhelgen\/files\/2023\/03\/732A5968-EF77-44E2-A84C-1D290B7EED1D-1024x568.jpeg\" \/>\n\t<meta property=\"og:image:width\" content=\"1024\" \/>\n\t<meta property=\"og:image:height\" content=\"568\" \/>\n\t<meta property=\"og:image:type\" content=\"image\/jpeg\" \/>\n<meta name=\"author\" content=\"Agneta Holmstr\u00f6m, pr\u00e4st\" \/>\n<meta name=\"twitter:card\" content=\"summary_large_image\" \/>\n<meta name=\"twitter:label1\" content=\"Skriven av\" \/>\n\t<meta name=\"twitter:data1\" content=\"Agneta Holmstr\u00f6m, pr\u00e4st\" \/>\n\t<meta name=\"twitter:label2\" content=\"Ber\u00e4knad l\u00e4stid\" \/>\n\t<meta name=\"twitter:data2\" content=\"3 minuter\" \/>\n<script type=\"application\/ld+json\" class=\"yoast-schema-graph\">{\"@context\":\"https:\/\/schema.org\",\"@graph\":[{\"@type\":\"Article\",\"@id\":\"https:\/\/blogg.svenskakyrkan.se\/tankarinforhelgen\/2023\/03\/31\/ingen-ska-behova-bara-det-ensam\/#article\",\"isPartOf\":{\"@id\":\"https:\/\/blogg.svenskakyrkan.se\/tankarinforhelgen\/2023\/03\/31\/ingen-ska-behova-bara-det-ensam\/\"},\"author\":{\"name\":\"Agneta Holmstr\u00f6m, pr\u00e4st\",\"@id\":\"https:\/\/blogg.svenskakyrkan.se\/tankarinforhelgen\/#\/schema\/person\/6e2f249737f65007a8daf203ed669cb1\"},\"headline\":\"Ingen ska beh\u00f6va b\u00e4ra det ensam\",\"datePublished\":\"2023-03-31T07:10:52+00:00\",\"dateModified\":\"2023-03-31T07:42:42+00:00\",\"mainEntityOfPage\":{\"@id\":\"https:\/\/blogg.svenskakyrkan.se\/tankarinforhelgen\/2023\/03\/31\/ingen-ska-behova-bara-det-ensam\/\"},\"wordCount\":675,\"commentCount\":6,\"image\":{\"@id\":\"https:\/\/blogg.svenskakyrkan.se\/tankarinforhelgen\/2023\/03\/31\/ingen-ska-behova-bara-det-ensam\/#primaryimage\"},\"thumbnailUrl\":\"https:\/\/blogg.svenskakyrkan.se\/tankarinforhelgen\/files\/2023\/03\/732A5968-EF77-44E2-A84C-1D290B7EED1D.jpeg\",\"keywords\":[\"Agneta Holmstr\u00f6m\",\"TANKARINF\u00d6RHELGEN\"],\"articleSection\":[\"Palms\u00f6ndagen\"],\"inLanguage\":\"sv-SE\",\"potentialAction\":[{\"@type\":\"CommentAction\",\"name\":\"Comment\",\"target\":[\"https:\/\/blogg.svenskakyrkan.se\/tankarinforhelgen\/2023\/03\/31\/ingen-ska-behova-bara-det-ensam\/#respond\"]}]},{\"@type\":\"WebPage\",\"@id\":\"https:\/\/blogg.svenskakyrkan.se\/tankarinforhelgen\/2023\/03\/31\/ingen-ska-behova-bara-det-ensam\/\",\"url\":\"https:\/\/blogg.svenskakyrkan.se\/tankarinforhelgen\/2023\/03\/31\/ingen-ska-behova-bara-det-ensam\/\",\"name\":\"Ingen ska beh\u00f6va b\u00e4ra det ensam - Tankar inf\u00f6r helgen\",\"isPartOf\":{\"@id\":\"https:\/\/blogg.svenskakyrkan.se\/tankarinforhelgen\/#website\"},\"primaryImageOfPage\":{\"@id\":\"https:\/\/blogg.svenskakyrkan.se\/tankarinforhelgen\/2023\/03\/31\/ingen-ska-behova-bara-det-ensam\/#primaryimage\"},\"image\":{\"@id\":\"https:\/\/blogg.svenskakyrkan.se\/tankarinforhelgen\/2023\/03\/31\/ingen-ska-behova-bara-det-ensam\/#primaryimage\"},\"thumbnailUrl\":\"https:\/\/blogg.svenskakyrkan.se\/tankarinforhelgen\/files\/2023\/03\/732A5968-EF77-44E2-A84C-1D290B7EED1D.jpeg\",\"datePublished\":\"2023-03-31T07:10:52+00:00\",\"dateModified\":\"2023-03-31T07:42:42+00:00\",\"author\":{\"@id\":\"https:\/\/blogg.svenskakyrkan.se\/tankarinforhelgen\/#\/schema\/person\/6e2f249737f65007a8daf203ed669cb1\"},\"breadcrumb\":{\"@id\":\"https:\/\/blogg.svenskakyrkan.se\/tankarinforhelgen\/2023\/03\/31\/ingen-ska-behova-bara-det-ensam\/#breadcrumb\"},\"inLanguage\":\"sv-SE\",\"potentialAction\":[{\"@type\":\"ReadAction\",\"target\":[\"https:\/\/blogg.svenskakyrkan.se\/tankarinforhelgen\/2023\/03\/31\/ingen-ska-behova-bara-det-ensam\/\"]}]},{\"@type\":\"ImageObject\",\"inLanguage\":\"sv-SE\",\"@id\":\"https:\/\/blogg.svenskakyrkan.se\/tankarinforhelgen\/2023\/03\/31\/ingen-ska-behova-bara-det-ensam\/#primaryimage\",\"url\":\"https:\/\/blogg.svenskakyrkan.se\/tankarinforhelgen\/files\/2023\/03\/732A5968-EF77-44E2-A84C-1D290B7EED1D.jpeg\",\"contentUrl\":\"https:\/\/blogg.svenskakyrkan.se\/tankarinforhelgen\/files\/2023\/03\/732A5968-EF77-44E2-A84C-1D290B7EED1D.jpeg\",\"width\":2388,\"height\":1324},{\"@type\":\"BreadcrumbList\",\"@id\":\"https:\/\/blogg.svenskakyrkan.se\/tankarinforhelgen\/2023\/03\/31\/ingen-ska-behova-bara-det-ensam\/#breadcrumb\",\"itemListElement\":[{\"@type\":\"ListItem\",\"position\":1,\"name\":\"Hem\",\"item\":\"https:\/\/blogg.svenskakyrkan.se\/tankarinforhelgen\/\"},{\"@type\":\"ListItem\",\"position\":2,\"name\":\"Ingen ska beh\u00f6va b\u00e4ra det ensam\"}]},{\"@type\":\"WebSite\",\"@id\":\"https:\/\/blogg.svenskakyrkan.se\/tankarinforhelgen\/#website\",\"url\":\"https:\/\/blogg.svenskakyrkan.se\/tankarinforhelgen\/\",\"name\":\"Tankar inf\u00f6r helgen\",\"description\":\"Pr\u00e4ster funderar utifr\u00e5n kommande s\u00f6ndags texter\",\"potentialAction\":[{\"@type\":\"SearchAction\",\"target\":{\"@type\":\"EntryPoint\",\"urlTemplate\":\"https:\/\/blogg.svenskakyrkan.se\/tankarinforhelgen\/?s={search_term_string}\"},\"query-input\":{\"@type\":\"PropertyValueSpecification\",\"valueRequired\":true,\"valueName\":\"search_term_string\"}}],\"inLanguage\":\"sv-SE\"},{\"@type\":\"Person\",\"@id\":\"https:\/\/blogg.svenskakyrkan.se\/tankarinforhelgen\/#\/schema\/person\/6e2f249737f65007a8daf203ed669cb1\",\"name\":\"Agneta Holmstr\u00f6m, pr\u00e4st\",\"image\":{\"@type\":\"ImageObject\",\"inLanguage\":\"sv-SE\",\"@id\":\"https:\/\/blogg.svenskakyrkan.se\/tankarinforhelgen\/#\/schema\/person\/image\/\",\"url\":\"https:\/\/secure.gravatar.com\/avatar\/a47a1c72651dc25e0dbb01297c5f1384bc6800dd38d27c6e571be8465e3efe02?s=96&d=mm&r=g\",\"contentUrl\":\"https:\/\/secure.gravatar.com\/avatar\/a47a1c72651dc25e0dbb01297c5f1384bc6800dd38d27c6e571be8465e3efe02?s=96&d=mm&r=g\",\"caption\":\"Agneta Holmstr\u00f6m, pr\u00e4st\"},\"url\":\"https:\/\/blogg.svenskakyrkan.se\/tankarinforhelgen\/author\/agnetaholmstrom\/\"}]}<\/script>\n<!-- \/ Yoast SEO plugin. -->","yoast_head_json":{"title":"Ingen ska beh\u00f6va b\u00e4ra det ensam - Tankar inf\u00f6r helgen","robots":{"index":"index","follow":"follow","max-snippet":"max-snippet:-1","max-image-preview":"max-image-preview:large","max-video-preview":"max-video-preview:-1"},"canonical":"https:\/\/blogg.svenskakyrkan.se\/tankarinforhelgen\/2023\/03\/31\/ingen-ska-behova-bara-det-ensam\/","og_locale":"sv_SE","og_type":"article","og_title":"Ingen ska beh\u00f6va b\u00e4ra det ensam - Tankar inf\u00f6r helgen","og_description":"Det h\u00e4nde sig en dag att Jesus kom f\u00f6rbi mig och mina syskon i Betania. Det hade han gjort flera g\u00e5nger f\u00f6rut och han var som vanligt mycket v\u00e4lkommen. Han var p\u00e5 v\u00e4g till p\u00e5skfesten i Jerusalem. Det var l\u00e5ng v\u00e4g att g\u00e5 s\u00e5 han beh\u00f6vde en paus, s\u00e5 vi ordnade en m\u00e5ltid. Vi pratade [&hellip;]","og_url":"https:\/\/blogg.svenskakyrkan.se\/tankarinforhelgen\/2023\/03\/31\/ingen-ska-behova-bara-det-ensam\/","og_site_name":"Tankar inf\u00f6r helgen","article_published_time":"2023-03-31T07:10:52+00:00","article_modified_time":"2023-03-31T07:42:42+00:00","og_image":[{"width":1024,"height":568,"url":"https:\/\/blogg.svenskakyrkan.se\/tankarinforhelgen\/files\/2023\/03\/732A5968-EF77-44E2-A84C-1D290B7EED1D-1024x568.jpeg","type":"image\/jpeg"}],"author":"Agneta Holmstr\u00f6m, pr\u00e4st","twitter_card":"summary_large_image","twitter_misc":{"Skriven av":"Agneta Holmstr\u00f6m, pr\u00e4st","Ber\u00e4knad l\u00e4stid":"3 minuter"},"schema":{"@context":"https:\/\/schema.org","@graph":[{"@type":"Article","@id":"https:\/\/blogg.svenskakyrkan.se\/tankarinforhelgen\/2023\/03\/31\/ingen-ska-behova-bara-det-ensam\/#article","isPartOf":{"@id":"https:\/\/blogg.svenskakyrkan.se\/tankarinforhelgen\/2023\/03\/31\/ingen-ska-behova-bara-det-ensam\/"},"author":{"name":"Agneta Holmstr\u00f6m, pr\u00e4st","@id":"https:\/\/blogg.svenskakyrkan.se\/tankarinforhelgen\/#\/schema\/person\/6e2f249737f65007a8daf203ed669cb1"},"headline":"Ingen ska beh\u00f6va b\u00e4ra det ensam","datePublished":"2023-03-31T07:10:52+00:00","dateModified":"2023-03-31T07:42:42+00:00","mainEntityOfPage":{"@id":"https:\/\/blogg.svenskakyrkan.se\/tankarinforhelgen\/2023\/03\/31\/ingen-ska-behova-bara-det-ensam\/"},"wordCount":675,"commentCount":6,"image":{"@id":"https:\/\/blogg.svenskakyrkan.se\/tankarinforhelgen\/2023\/03\/31\/ingen-ska-behova-bara-det-ensam\/#primaryimage"},"thumbnailUrl":"https:\/\/blogg.svenskakyrkan.se\/tankarinforhelgen\/files\/2023\/03\/732A5968-EF77-44E2-A84C-1D290B7EED1D.jpeg","keywords":["Agneta Holmstr\u00f6m","TANKARINF\u00d6RHELGEN"],"articleSection":["Palms\u00f6ndagen"],"inLanguage":"sv-SE","potentialAction":[{"@type":"CommentAction","name":"Comment","target":["https:\/\/blogg.svenskakyrkan.se\/tankarinforhelgen\/2023\/03\/31\/ingen-ska-behova-bara-det-ensam\/#respond"]}]},{"@type":"WebPage","@id":"https:\/\/blogg.svenskakyrkan.se\/tankarinforhelgen\/2023\/03\/31\/ingen-ska-behova-bara-det-ensam\/","url":"https:\/\/blogg.svenskakyrkan.se\/tankarinforhelgen\/2023\/03\/31\/ingen-ska-behova-bara-det-ensam\/","name":"Ingen ska beh\u00f6va b\u00e4ra det ensam - Tankar inf\u00f6r helgen","isPartOf":{"@id":"https:\/\/blogg.svenskakyrkan.se\/tankarinforhelgen\/#website"},"primaryImageOfPage":{"@id":"https:\/\/blogg.svenskakyrkan.se\/tankarinforhelgen\/2023\/03\/31\/ingen-ska-behova-bara-det-ensam\/#primaryimage"},"image":{"@id":"https:\/\/blogg.svenskakyrkan.se\/tankarinforhelgen\/2023\/03\/31\/ingen-ska-behova-bara-det-ensam\/#primaryimage"},"thumbnailUrl":"https:\/\/blogg.svenskakyrkan.se\/tankarinforhelgen\/files\/2023\/03\/732A5968-EF77-44E2-A84C-1D290B7EED1D.jpeg","datePublished":"2023-03-31T07:10:52+00:00","dateModified":"2023-03-31T07:42:42+00:00","author":{"@id":"https:\/\/blogg.svenskakyrkan.se\/tankarinforhelgen\/#\/schema\/person\/6e2f249737f65007a8daf203ed669cb1"},"breadcrumb":{"@id":"https:\/\/blogg.svenskakyrkan.se\/tankarinforhelgen\/2023\/03\/31\/ingen-ska-behova-bara-det-ensam\/#breadcrumb"},"inLanguage":"sv-SE","potentialAction":[{"@type":"ReadAction","target":["https:\/\/blogg.svenskakyrkan.se\/tankarinforhelgen\/2023\/03\/31\/ingen-ska-behova-bara-det-ensam\/"]}]},{"@type":"ImageObject","inLanguage":"sv-SE","@id":"https:\/\/blogg.svenskakyrkan.se\/tankarinforhelgen\/2023\/03\/31\/ingen-ska-behova-bara-det-ensam\/#primaryimage","url":"https:\/\/blogg.svenskakyrkan.se\/tankarinforhelgen\/files\/2023\/03\/732A5968-EF77-44E2-A84C-1D290B7EED1D.jpeg","contentUrl":"https:\/\/blogg.svenskakyrkan.se\/tankarinforhelgen\/files\/2023\/03\/732A5968-EF77-44E2-A84C-1D290B7EED1D.jpeg","width":2388,"height":1324},{"@type":"BreadcrumbList","@id":"https:\/\/blogg.svenskakyrkan.se\/tankarinforhelgen\/2023\/03\/31\/ingen-ska-behova-bara-det-ensam\/#breadcrumb","itemListElement":[{"@type":"ListItem","position":1,"name":"Hem","item":"https:\/\/blogg.svenskakyrkan.se\/tankarinforhelgen\/"},{"@type":"ListItem","position":2,"name":"Ingen ska beh\u00f6va b\u00e4ra det ensam"}]},{"@type":"WebSite","@id":"https:\/\/blogg.svenskakyrkan.se\/tankarinforhelgen\/#website","url":"https:\/\/blogg.svenskakyrkan.se\/tankarinforhelgen\/","name":"Tankar inf\u00f6r helgen","description":"Pr\u00e4ster funderar utifr\u00e5n kommande s\u00f6ndags texter","potentialAction":[{"@type":"SearchAction","target":{"@type":"EntryPoint","urlTemplate":"https:\/\/blogg.svenskakyrkan.se\/tankarinforhelgen\/?s={search_term_string}"},"query-input":{"@type":"PropertyValueSpecification","valueRequired":true,"valueName":"search_term_string"}}],"inLanguage":"sv-SE"},{"@type":"Person","@id":"https:\/\/blogg.svenskakyrkan.se\/tankarinforhelgen\/#\/schema\/person\/6e2f249737f65007a8daf203ed669cb1","name":"Agneta Holmstr\u00f6m, pr\u00e4st","image":{"@type":"ImageObject","inLanguage":"sv-SE","@id":"https:\/\/blogg.svenskakyrkan.se\/tankarinforhelgen\/#\/schema\/person\/image\/","url":"https:\/\/secure.gravatar.com\/avatar\/a47a1c72651dc25e0dbb01297c5f1384bc6800dd38d27c6e571be8465e3efe02?s=96&d=mm&r=g","contentUrl":"https:\/\/secure.gravatar.com\/avatar\/a47a1c72651dc25e0dbb01297c5f1384bc6800dd38d27c6e571be8465e3efe02?s=96&d=mm&r=g","caption":"Agneta Holmstr\u00f6m, pr\u00e4st"},"url":"https:\/\/blogg.svenskakyrkan.se\/tankarinforhelgen\/author\/agnetaholmstrom\/"}]}},"author_meta":{"ID":"663","user_nicename":"agnetaholmstrom","user_registered":"2018-02-06 12:29:16","display_name":"Agneta Holmstr\u00f6m, pr\u00e4st","first_name":"Agneta","last_name":"Holmstr\u00f6m, pr\u00e4st","avatar":"https:\/\/secure.gravatar.com\/avatar\/a47a1c72651dc25e0dbb01297c5f1384bc6800dd38d27c6e571be8465e3efe02?s=96&d=mm&r=g"},"featured_image":["https:\/\/blogg.svenskakyrkan.se\/tankarinforhelgen\/files\/2023\/03\/732A5968-EF77-44E2-A84C-1D290B7EED1D-1024x568.jpeg",1024,568,true],"bloginfo":{"name":"Tankar inf\u00f6r helgen","url":"https:\/\/blogg.svenskakyrkan.se\/tankarinforhelgen"},"_links":{"self":[{"href":"https:\/\/blogg.svenskakyrkan.se\/tankarinforhelgen\/wp-json\/wp\/v2\/posts\/3068","targetHints":{"allow":["GET"]}}],"collection":[{"href":"https:\/\/blogg.svenskakyrkan.se\/tankarinforhelgen\/wp-json\/wp\/v2\/posts"}],"about":[{"href":"https:\/\/blogg.svenskakyrkan.se\/tankarinforhelgen\/wp-json\/wp\/v2\/types\/post"}],"author":[{"embeddable":true,"href":"https:\/\/blogg.svenskakyrkan.se\/tankarinforhelgen\/wp-json\/wp\/v2\/users\/663"}],"replies":[{"embeddable":true,"href":"https:\/\/blogg.svenskakyrkan.se\/tankarinforhelgen\/wp-json\/wp\/v2\/comments?post=3068"}],"version-history":[{"count":2,"href":"https:\/\/blogg.svenskakyrkan.se\/tankarinforhelgen\/wp-json\/wp\/v2\/posts\/3068\/revisions"}],"predecessor-version":[{"id":3072,"href":"https:\/\/blogg.svenskakyrkan.se\/tankarinforhelgen\/wp-json\/wp\/v2\/posts\/3068\/revisions\/3072"}],"wp:featuredmedia":[{"embeddable":true,"href":"https:\/\/blogg.svenskakyrkan.se\/tankarinforhelgen\/wp-json\/wp\/v2\/media\/3069"}],"wp:attachment":[{"href":"https:\/\/blogg.svenskakyrkan.se\/tankarinforhelgen\/wp-json\/wp\/v2\/media?parent=3068"}],"wp:term":[{"taxonomy":"category","embeddable":true,"href":"https:\/\/blogg.svenskakyrkan.se\/tankarinforhelgen\/wp-json\/wp\/v2\/categories?post=3068"},{"taxonomy":"post_tag","embeddable":true,"href":"https:\/\/blogg.svenskakyrkan.se\/tankarinforhelgen\/wp-json\/wp\/v2\/tags?post=3068"}],"curies":[{"name":"wp","href":"https:\/\/api.w.org\/{rel}","templated":true}]}}