{"id":3094,"date":"2023-05-12T11:53:44","date_gmt":"2023-05-12T09:53:44","guid":{"rendered":"https:\/\/blogg.svenskakyrkan.se\/tankarinforhelgen\/?p=3094"},"modified":"2024-06-03T13:51:47","modified_gmt":"2024-06-03T11:51:47","slug":"lat-bonen-bli-ett-hemsprak","status":"publish","type":"post","link":"https:\/\/blogg.svenskakyrkan.se\/tankarinforhelgen\/2023\/05\/12\/lat-bonen-bli-ett-hemsprak\/","title":{"rendered":"L\u00e5t b\u00f6nen bli ett hemspr\u00e5k"},"content":{"rendered":"\n\n\n<figure class=\"wp-block-image size-large\"><a href=\"https:\/\/blogg.svenskakyrkan.se\/tankarinforhelgen\/files\/2023\/05\/tih_12maj-1.jpg\"><img loading=\"lazy\" decoding=\"async\" width=\"1024\" height=\"683\" src=\"https:\/\/blogg.svenskakyrkan.se\/tankarinforhelgen\/files\/2023\/05\/tih_12maj-1-1024x683.jpg\" alt=\"\u00c4ldre dam bakom ett f\u00f6nster med post-it lappar.\" class=\"wp-image-3096\" srcset=\"https:\/\/blogg.svenskakyrkan.se\/tankarinforhelgen\/files\/2023\/05\/tih_12maj-1-1024x683.jpg 1024w, https:\/\/blogg.svenskakyrkan.se\/tankarinforhelgen\/files\/2023\/05\/tih_12maj-1-300x200.jpg 300w, https:\/\/blogg.svenskakyrkan.se\/tankarinforhelgen\/files\/2023\/05\/tih_12maj-1-768x512.jpg 768w, https:\/\/blogg.svenskakyrkan.se\/tankarinforhelgen\/files\/2023\/05\/tih_12maj-1-1536x1024.jpg 1536w, https:\/\/blogg.svenskakyrkan.se\/tankarinforhelgen\/files\/2023\/05\/tih_12maj-1-1200x800.jpg 1200w, https:\/\/blogg.svenskakyrkan.se\/tankarinforhelgen\/files\/2023\/05\/tih_12maj-1.jpg 1920w\" sizes=\"auto, (max-width: 1024px) 100vw, 1024px\" \/><\/a><\/figure>\n\n\n\n<p>\u201dDu \u00e4r h\u00e4r! \u00c4ntligen!\u201d \u2013 ropade den lilla damen som kom hastande emot mig. Hon hade ett leende olikt alla andra och med sina f\u00e4rgglada kl\u00e4der var hon sv\u00e5r att missa i rummet. Hon tog min hand och ber\u00e4ttade att hon bett f\u00f6r mig sen hon f\u00e5tt h\u00f6ra att jag skulle komma dit. Det ber\u00f6rde mig djupt, trots att jag hade vandrat drygt halva livet p\u00e5 trons v\u00e4g hade jag aldrig f\u00f6rut m\u00f6tt en m\u00e4nniska som bett f\u00f6r mig utan att f\u00f6rst ha tr\u00e4ffat mig. T\u00e4nk om vi oftare v\u00e5gade s\u00e4ga till varandra att vi ber! Hon kom att s\u00e4ga att hon inte g\u00f6r s\u00e5 mycket i f\u00f6rsamlingen, att hon bara \u00e4r en av m\u00e5nga b\u00f6netanter. Bara en av m\u00e5nga b\u00f6netanter.<br><br>En tid senare bes\u00f6kte jag henne hemma, och redan i hallen noterade jag en liten papperslapp. Det l\u00e5g ocks\u00e5 en vid telefonen. En p\u00e5 k\u00f6ksbordet. En vid ikonen i vardagsrummet. En p\u00e5 blombr\u00e4dan. Ja, du anar nog att det var lappar runt om i hemmet. Hon tog upp en av dem och visade. H\u00f6gst upp p\u00e5 listan stod med snirkliga bokst\u00e4ver mitt namn. Hennes hem var fyllt av f\u00f6rb\u00f6ns\u00e4mnen: personer, yrken, platser, krigsomr\u00e5den, ja, allt du kan t\u00e4nka dig. Hon var inte bara en av m\u00e5nga b\u00f6netanter, hon var en hel f\u00f6rb\u00f6nscentral.<br><br>F\u00f6r henne var b\u00f6nens spr\u00e5k ett hemspr\u00e5k och d\u00e4r hon var p\u00e5gick samtalet med Gud st\u00e4ndigt. Redan f\u00f6rsta g\u00e5ngen vi m\u00f6ttes anade jag att hon inte var som folk i mest, det var n\u00e5got i det d\u00e4r leendet. Som om hon f\u00f6rst\u00e5tt n\u00e5got som vi andra \u00e4nnu inte visste. Jag fr\u00e5gade henne en g\u00e5ng vad hon skulle s\u00e4ga till n\u00e5gon som ville b\u00f6rja be. D\u00e5 svarade hon tacksamhet. Hon skulle s\u00e4ga att det l\u00e4ttaste \u00e4r att b\u00f6rja med att s\u00f6ka efter n\u00e5got att tacka f\u00f6r.<br><br>Tack, hj\u00e4lp, f\u00f6rl\u00e5t \u2013 \u00e4r klassiska b\u00f6neord f\u00f6r dig som vill prova p\u00e5 att be. Med ett par ord till, ett tilltal och ett amen, ja, d\u00e5 har du skrivit eller bett din f\u00f6rsta b\u00f6n: Jesus. Tack f\u00f6r vinden, f\u00f6r v\u00e4nnen och f\u00f6r viljan att s\u00f6ka dig. Hj\u00e4lp mig med det som tynger mitt hj\u00e4rta. F\u00f6rl\u00e5t f\u00f6r allt m\u00e4rkligt jag g\u00f6r. Amen.<br><br>Ibland blir b\u00f6nen mycket l\u00e4ngre \u00e4n s\u00e5, och stundtals handlar det snarare om att s\u00f6ka sig till tystnaden och l\u00e5ta Gud tala. B\u00f6n kan vara bara ett ord. B\u00f6n \u00e4r att vara \u00f6ppen f\u00f6r Gud, att ditt liv \u00e4r angel\u00e4get f\u00f6r Gud. Du \u00e4r skapad till Gud avbild, du \u00e4r redan sammanfl\u00e4tad. Det beh\u00f6vs kanske n\u00e5gra listor ocks\u00e5 i ditt hem? Synliga p\u00e5minnelser till dig och till andra om att h\u00e4r bor det en bedjare, en som f\u00f6rs\u00f6ker leva i ett st\u00e4ndigt p\u00e5g\u00e5ende samtal. I helgens bibeltexter kan vi ana att det redan p\u00e5g\u00e5r en st\u00e4ndig b\u00f6n f\u00f6r oss, ja, det finns s\u00e4kert en och annan b\u00f6netant i din f\u00f6rsamling, men jag t\u00e4nker p\u00e5 Jesu f\u00f6rb\u00f6n f\u00f6r oss.<br><br>L\u00e5t b\u00f6nen bli ett hemspr\u00e5k ocks\u00e5 f\u00f6r dig, ett st\u00e4ndigt p\u00e5g\u00e5ende samtal mellan dig och din Skapare. Skillnaden mellan det samtalet och m\u00e5nga samtal i vardagen \u00e4r att Gud k\u00e4nner dig. Gud vet vad du ber om redan innan orden l\u00e4mnat din mun. Gud v\u00e4ntar, lyssnar och hoppas att h\u00f6ra din r\u00f6st. T\u00e4nk om du st\u00e5r d\u00e4r en dag, h\u00e5ller n\u00e5gon i handen och s\u00e4ger att du bara \u00e4r en av m\u00e5nga b\u00f6netanter eller b\u00f6nebr\u00f6der \u2013 det hoppas jag p\u00e5.<\/p>\n","protected":false},"excerpt":{"rendered":"<p>\u201dDu \u00e4r h\u00e4r! \u00c4ntligen!\u201d \u2013 ropade den lilla damen som kom hastande emot mig. Hon hade ett leende olikt alla andra och med sina f\u00e4rgglada kl\u00e4der var hon sv\u00e5r att missa i rummet. Hon tog min hand och ber\u00e4ttade att hon bett f\u00f6r mig sen hon f\u00e5tt h\u00f6ra att jag skulle komma dit. Det ber\u00f6rde [&hellip;]<\/p>\n","protected":false},"author":672,"featured_media":3095,"comment_status":"open","ping_status":"open","sticky":false,"template":"","format":"standard","meta":{"_acf_changed":false,"footnotes":""},"categories":[136192],"tags":[142465,142457],"class_list":["post-3094","post","type-post","status-publish","format-standard","has-post-thumbnail","hentry","category-bonsondagen","tag-catharina-carlsson","tag-tankarinforhelgen"],"acf":[],"yoast_head":"<!-- This site is optimized with the Yoast SEO plugin v27.1.1 - https:\/\/yoast.com\/product\/yoast-seo-wordpress\/ -->\n<title>L\u00e5t b\u00f6nen bli ett hemspr\u00e5k - Tankar inf\u00f6r helgen<\/title>\n<meta name=\"robots\" content=\"index, follow, max-snippet:-1, max-image-preview:large, max-video-preview:-1\" \/>\n<link rel=\"canonical\" href=\"https:\/\/blogg.svenskakyrkan.se\/tankarinforhelgen\/2023\/05\/12\/lat-bonen-bli-ett-hemsprak\/\" \/>\n<meta property=\"og:locale\" content=\"sv_SE\" \/>\n<meta property=\"og:type\" content=\"article\" \/>\n<meta property=\"og:title\" content=\"L\u00e5t b\u00f6nen bli ett hemspr\u00e5k - Tankar inf\u00f6r helgen\" \/>\n<meta property=\"og:description\" content=\"\u201dDu \u00e4r h\u00e4r! \u00c4ntligen!\u201d \u2013 ropade den lilla damen som kom hastande emot mig. Hon hade ett leende olikt alla andra och med sina f\u00e4rgglada kl\u00e4der var hon sv\u00e5r att missa i rummet. Hon tog min hand och ber\u00e4ttade att hon bett f\u00f6r mig sen hon f\u00e5tt h\u00f6ra att jag skulle komma dit. Det ber\u00f6rde [&hellip;]\" \/>\n<meta property=\"og:url\" content=\"https:\/\/blogg.svenskakyrkan.se\/tankarinforhelgen\/2023\/05\/12\/lat-bonen-bli-ett-hemsprak\/\" \/>\n<meta property=\"og:site_name\" content=\"Tankar inf\u00f6r helgen\" \/>\n<meta property=\"article:published_time\" content=\"2023-05-12T09:53:44+00:00\" \/>\n<meta property=\"article:modified_time\" content=\"2024-06-03T11:51:47+00:00\" \/>\n<meta property=\"og:image\" content=\"http:\/\/blogg.svenskakyrkan.se\/tankarinforhelgen\/files\/2023\/05\/tih_12maj.jpg\" \/>\n\t<meta property=\"og:image:width\" content=\"1920\" \/>\n\t<meta property=\"og:image:height\" content=\"1280\" \/>\n\t<meta property=\"og:image:type\" content=\"image\/jpeg\" \/>\n<meta name=\"author\" content=\"Catharina Carlsson, pr\u00e4st\" \/>\n<meta name=\"twitter:card\" content=\"summary_large_image\" \/>\n<meta name=\"twitter:label1\" content=\"Skriven av\" \/>\n\t<meta name=\"twitter:data1\" content=\"Catharina Carlsson, pr\u00e4st\" \/>\n\t<meta name=\"twitter:label2\" content=\"Ber\u00e4knad l\u00e4stid\" \/>\n\t<meta name=\"twitter:data2\" content=\"3 minuter\" \/>\n<script type=\"application\/ld+json\" class=\"yoast-schema-graph\">{\"@context\":\"https:\/\/schema.org\",\"@graph\":[{\"@type\":\"Article\",\"@id\":\"https:\/\/blogg.svenskakyrkan.se\/tankarinforhelgen\/2023\/05\/12\/lat-bonen-bli-ett-hemsprak\/#article\",\"isPartOf\":{\"@id\":\"https:\/\/blogg.svenskakyrkan.se\/tankarinforhelgen\/2023\/05\/12\/lat-bonen-bli-ett-hemsprak\/\"},\"author\":{\"name\":\"Catharina Carlsson, pr\u00e4st\",\"@id\":\"https:\/\/blogg.svenskakyrkan.se\/tankarinforhelgen\/#\/schema\/person\/d822d69bf74ba8b653a523a24142ad17\"},\"headline\":\"L\u00e5t b\u00f6nen bli ett hemspr\u00e5k\",\"datePublished\":\"2023-05-12T09:53:44+00:00\",\"dateModified\":\"2024-06-03T11:51:47+00:00\",\"mainEntityOfPage\":{\"@id\":\"https:\/\/blogg.svenskakyrkan.se\/tankarinforhelgen\/2023\/05\/12\/lat-bonen-bli-ett-hemsprak\/\"},\"wordCount\":703,\"commentCount\":8,\"image\":{\"@id\":\"https:\/\/blogg.svenskakyrkan.se\/tankarinforhelgen\/2023\/05\/12\/lat-bonen-bli-ett-hemsprak\/#primaryimage\"},\"thumbnailUrl\":\"https:\/\/blogg.svenskakyrkan.se\/tankarinforhelgen\/files\/2023\/05\/tih_12maj.jpg\",\"keywords\":[\"Catharina Carlsson\",\"TANKARINFORHELGEN\"],\"articleSection\":[\"B\u00f6ns\u00f6ndagen\"],\"inLanguage\":\"sv-SE\",\"potentialAction\":[{\"@type\":\"CommentAction\",\"name\":\"Comment\",\"target\":[\"https:\/\/blogg.svenskakyrkan.se\/tankarinforhelgen\/2023\/05\/12\/lat-bonen-bli-ett-hemsprak\/#respond\"]}]},{\"@type\":\"WebPage\",\"@id\":\"https:\/\/blogg.svenskakyrkan.se\/tankarinforhelgen\/2023\/05\/12\/lat-bonen-bli-ett-hemsprak\/\",\"url\":\"https:\/\/blogg.svenskakyrkan.se\/tankarinforhelgen\/2023\/05\/12\/lat-bonen-bli-ett-hemsprak\/\",\"name\":\"L\u00e5t b\u00f6nen bli ett hemspr\u00e5k - Tankar inf\u00f6r helgen\",\"isPartOf\":{\"@id\":\"https:\/\/blogg.svenskakyrkan.se\/tankarinforhelgen\/#website\"},\"primaryImageOfPage\":{\"@id\":\"https:\/\/blogg.svenskakyrkan.se\/tankarinforhelgen\/2023\/05\/12\/lat-bonen-bli-ett-hemsprak\/#primaryimage\"},\"image\":{\"@id\":\"https:\/\/blogg.svenskakyrkan.se\/tankarinforhelgen\/2023\/05\/12\/lat-bonen-bli-ett-hemsprak\/#primaryimage\"},\"thumbnailUrl\":\"https:\/\/blogg.svenskakyrkan.se\/tankarinforhelgen\/files\/2023\/05\/tih_12maj.jpg\",\"datePublished\":\"2023-05-12T09:53:44+00:00\",\"dateModified\":\"2024-06-03T11:51:47+00:00\",\"author\":{\"@id\":\"https:\/\/blogg.svenskakyrkan.se\/tankarinforhelgen\/#\/schema\/person\/d822d69bf74ba8b653a523a24142ad17\"},\"breadcrumb\":{\"@id\":\"https:\/\/blogg.svenskakyrkan.se\/tankarinforhelgen\/2023\/05\/12\/lat-bonen-bli-ett-hemsprak\/#breadcrumb\"},\"inLanguage\":\"sv-SE\",\"potentialAction\":[{\"@type\":\"ReadAction\",\"target\":[\"https:\/\/blogg.svenskakyrkan.se\/tankarinforhelgen\/2023\/05\/12\/lat-bonen-bli-ett-hemsprak\/\"]}]},{\"@type\":\"ImageObject\",\"inLanguage\":\"sv-SE\",\"@id\":\"https:\/\/blogg.svenskakyrkan.se\/tankarinforhelgen\/2023\/05\/12\/lat-bonen-bli-ett-hemsprak\/#primaryimage\",\"url\":\"https:\/\/blogg.svenskakyrkan.se\/tankarinforhelgen\/files\/2023\/05\/tih_12maj.jpg\",\"contentUrl\":\"https:\/\/blogg.svenskakyrkan.se\/tankarinforhelgen\/files\/2023\/05\/tih_12maj.jpg\",\"width\":1920,\"height\":1280,\"caption\":\"\u00c4ldre dam bakom ett f\u00f6nster med posti-it lappar\"},{\"@type\":\"BreadcrumbList\",\"@id\":\"https:\/\/blogg.svenskakyrkan.se\/tankarinforhelgen\/2023\/05\/12\/lat-bonen-bli-ett-hemsprak\/#breadcrumb\",\"itemListElement\":[{\"@type\":\"ListItem\",\"position\":1,\"name\":\"Hem\",\"item\":\"https:\/\/blogg.svenskakyrkan.se\/tankarinforhelgen\/\"},{\"@type\":\"ListItem\",\"position\":2,\"name\":\"L\u00e5t b\u00f6nen bli ett hemspr\u00e5k\"}]},{\"@type\":\"WebSite\",\"@id\":\"https:\/\/blogg.svenskakyrkan.se\/tankarinforhelgen\/#website\",\"url\":\"https:\/\/blogg.svenskakyrkan.se\/tankarinforhelgen\/\",\"name\":\"Tankar inf\u00f6r helgen\",\"description\":\"Pr\u00e4ster funderar utifr\u00e5n kommande s\u00f6ndags texter\",\"potentialAction\":[{\"@type\":\"SearchAction\",\"target\":{\"@type\":\"EntryPoint\",\"urlTemplate\":\"https:\/\/blogg.svenskakyrkan.se\/tankarinforhelgen\/?s={search_term_string}\"},\"query-input\":{\"@type\":\"PropertyValueSpecification\",\"valueRequired\":true,\"valueName\":\"search_term_string\"}}],\"inLanguage\":\"sv-SE\"},{\"@type\":\"Person\",\"@id\":\"https:\/\/blogg.svenskakyrkan.se\/tankarinforhelgen\/#\/schema\/person\/d822d69bf74ba8b653a523a24142ad17\",\"name\":\"Catharina Carlsson, pr\u00e4st\",\"image\":{\"@type\":\"ImageObject\",\"inLanguage\":\"sv-SE\",\"@id\":\"https:\/\/blogg.svenskakyrkan.se\/tankarinforhelgen\/#\/schema\/person\/image\/\",\"url\":\"https:\/\/secure.gravatar.com\/avatar\/a05095351d4bef3936c8e5eb4759b56ae7498e54a3370d1dbcd55cd306192198?s=96&d=mm&r=g\",\"contentUrl\":\"https:\/\/secure.gravatar.com\/avatar\/a05095351d4bef3936c8e5eb4759b56ae7498e54a3370d1dbcd55cd306192198?s=96&d=mm&r=g\",\"caption\":\"Catharina Carlsson, pr\u00e4st\"},\"url\":\"https:\/\/blogg.svenskakyrkan.se\/tankarinforhelgen\/author\/catharinacarlsson\/\"}]}<\/script>\n<!-- \/ Yoast SEO plugin. -->","yoast_head_json":{"title":"L\u00e5t b\u00f6nen bli ett hemspr\u00e5k - Tankar inf\u00f6r helgen","robots":{"index":"index","follow":"follow","max-snippet":"max-snippet:-1","max-image-preview":"max-image-preview:large","max-video-preview":"max-video-preview:-1"},"canonical":"https:\/\/blogg.svenskakyrkan.se\/tankarinforhelgen\/2023\/05\/12\/lat-bonen-bli-ett-hemsprak\/","og_locale":"sv_SE","og_type":"article","og_title":"L\u00e5t b\u00f6nen bli ett hemspr\u00e5k - Tankar inf\u00f6r helgen","og_description":"\u201dDu \u00e4r h\u00e4r! \u00c4ntligen!\u201d \u2013 ropade den lilla damen som kom hastande emot mig. Hon hade ett leende olikt alla andra och med sina f\u00e4rgglada kl\u00e4der var hon sv\u00e5r att missa i rummet. Hon tog min hand och ber\u00e4ttade att hon bett f\u00f6r mig sen hon f\u00e5tt h\u00f6ra att jag skulle komma dit. Det ber\u00f6rde [&hellip;]","og_url":"https:\/\/blogg.svenskakyrkan.se\/tankarinforhelgen\/2023\/05\/12\/lat-bonen-bli-ett-hemsprak\/","og_site_name":"Tankar inf\u00f6r helgen","article_published_time":"2023-05-12T09:53:44+00:00","article_modified_time":"2024-06-03T11:51:47+00:00","og_image":[{"width":1920,"height":1280,"url":"http:\/\/blogg.svenskakyrkan.se\/tankarinforhelgen\/files\/2023\/05\/tih_12maj.jpg","type":"image\/jpeg"}],"author":"Catharina Carlsson, pr\u00e4st","twitter_card":"summary_large_image","twitter_misc":{"Skriven av":"Catharina Carlsson, pr\u00e4st","Ber\u00e4knad l\u00e4stid":"3 minuter"},"schema":{"@context":"https:\/\/schema.org","@graph":[{"@type":"Article","@id":"https:\/\/blogg.svenskakyrkan.se\/tankarinforhelgen\/2023\/05\/12\/lat-bonen-bli-ett-hemsprak\/#article","isPartOf":{"@id":"https:\/\/blogg.svenskakyrkan.se\/tankarinforhelgen\/2023\/05\/12\/lat-bonen-bli-ett-hemsprak\/"},"author":{"name":"Catharina Carlsson, pr\u00e4st","@id":"https:\/\/blogg.svenskakyrkan.se\/tankarinforhelgen\/#\/schema\/person\/d822d69bf74ba8b653a523a24142ad17"},"headline":"L\u00e5t b\u00f6nen bli ett hemspr\u00e5k","datePublished":"2023-05-12T09:53:44+00:00","dateModified":"2024-06-03T11:51:47+00:00","mainEntityOfPage":{"@id":"https:\/\/blogg.svenskakyrkan.se\/tankarinforhelgen\/2023\/05\/12\/lat-bonen-bli-ett-hemsprak\/"},"wordCount":703,"commentCount":8,"image":{"@id":"https:\/\/blogg.svenskakyrkan.se\/tankarinforhelgen\/2023\/05\/12\/lat-bonen-bli-ett-hemsprak\/#primaryimage"},"thumbnailUrl":"https:\/\/blogg.svenskakyrkan.se\/tankarinforhelgen\/files\/2023\/05\/tih_12maj.jpg","keywords":["Catharina Carlsson","TANKARINFORHELGEN"],"articleSection":["B\u00f6ns\u00f6ndagen"],"inLanguage":"sv-SE","potentialAction":[{"@type":"CommentAction","name":"Comment","target":["https:\/\/blogg.svenskakyrkan.se\/tankarinforhelgen\/2023\/05\/12\/lat-bonen-bli-ett-hemsprak\/#respond"]}]},{"@type":"WebPage","@id":"https:\/\/blogg.svenskakyrkan.se\/tankarinforhelgen\/2023\/05\/12\/lat-bonen-bli-ett-hemsprak\/","url":"https:\/\/blogg.svenskakyrkan.se\/tankarinforhelgen\/2023\/05\/12\/lat-bonen-bli-ett-hemsprak\/","name":"L\u00e5t b\u00f6nen bli ett hemspr\u00e5k - Tankar inf\u00f6r helgen","isPartOf":{"@id":"https:\/\/blogg.svenskakyrkan.se\/tankarinforhelgen\/#website"},"primaryImageOfPage":{"@id":"https:\/\/blogg.svenskakyrkan.se\/tankarinforhelgen\/2023\/05\/12\/lat-bonen-bli-ett-hemsprak\/#primaryimage"},"image":{"@id":"https:\/\/blogg.svenskakyrkan.se\/tankarinforhelgen\/2023\/05\/12\/lat-bonen-bli-ett-hemsprak\/#primaryimage"},"thumbnailUrl":"https:\/\/blogg.svenskakyrkan.se\/tankarinforhelgen\/files\/2023\/05\/tih_12maj.jpg","datePublished":"2023-05-12T09:53:44+00:00","dateModified":"2024-06-03T11:51:47+00:00","author":{"@id":"https:\/\/blogg.svenskakyrkan.se\/tankarinforhelgen\/#\/schema\/person\/d822d69bf74ba8b653a523a24142ad17"},"breadcrumb":{"@id":"https:\/\/blogg.svenskakyrkan.se\/tankarinforhelgen\/2023\/05\/12\/lat-bonen-bli-ett-hemsprak\/#breadcrumb"},"inLanguage":"sv-SE","potentialAction":[{"@type":"ReadAction","target":["https:\/\/blogg.svenskakyrkan.se\/tankarinforhelgen\/2023\/05\/12\/lat-bonen-bli-ett-hemsprak\/"]}]},{"@type":"ImageObject","inLanguage":"sv-SE","@id":"https:\/\/blogg.svenskakyrkan.se\/tankarinforhelgen\/2023\/05\/12\/lat-bonen-bli-ett-hemsprak\/#primaryimage","url":"https:\/\/blogg.svenskakyrkan.se\/tankarinforhelgen\/files\/2023\/05\/tih_12maj.jpg","contentUrl":"https:\/\/blogg.svenskakyrkan.se\/tankarinforhelgen\/files\/2023\/05\/tih_12maj.jpg","width":1920,"height":1280,"caption":"\u00c4ldre dam bakom ett f\u00f6nster med posti-it lappar"},{"@type":"BreadcrumbList","@id":"https:\/\/blogg.svenskakyrkan.se\/tankarinforhelgen\/2023\/05\/12\/lat-bonen-bli-ett-hemsprak\/#breadcrumb","itemListElement":[{"@type":"ListItem","position":1,"name":"Hem","item":"https:\/\/blogg.svenskakyrkan.se\/tankarinforhelgen\/"},{"@type":"ListItem","position":2,"name":"L\u00e5t b\u00f6nen bli ett hemspr\u00e5k"}]},{"@type":"WebSite","@id":"https:\/\/blogg.svenskakyrkan.se\/tankarinforhelgen\/#website","url":"https:\/\/blogg.svenskakyrkan.se\/tankarinforhelgen\/","name":"Tankar inf\u00f6r helgen","description":"Pr\u00e4ster funderar utifr\u00e5n kommande s\u00f6ndags texter","potentialAction":[{"@type":"SearchAction","target":{"@type":"EntryPoint","urlTemplate":"https:\/\/blogg.svenskakyrkan.se\/tankarinforhelgen\/?s={search_term_string}"},"query-input":{"@type":"PropertyValueSpecification","valueRequired":true,"valueName":"search_term_string"}}],"inLanguage":"sv-SE"},{"@type":"Person","@id":"https:\/\/blogg.svenskakyrkan.se\/tankarinforhelgen\/#\/schema\/person\/d822d69bf74ba8b653a523a24142ad17","name":"Catharina Carlsson, pr\u00e4st","image":{"@type":"ImageObject","inLanguage":"sv-SE","@id":"https:\/\/blogg.svenskakyrkan.se\/tankarinforhelgen\/#\/schema\/person\/image\/","url":"https:\/\/secure.gravatar.com\/avatar\/a05095351d4bef3936c8e5eb4759b56ae7498e54a3370d1dbcd55cd306192198?s=96&d=mm&r=g","contentUrl":"https:\/\/secure.gravatar.com\/avatar\/a05095351d4bef3936c8e5eb4759b56ae7498e54a3370d1dbcd55cd306192198?s=96&d=mm&r=g","caption":"Catharina Carlsson, pr\u00e4st"},"url":"https:\/\/blogg.svenskakyrkan.se\/tankarinforhelgen\/author\/catharinacarlsson\/"}]}},"author_meta":{"ID":"672","user_nicename":"catharinacarlsson","user_registered":"2018-04-10 11:22:30","display_name":"Catharina Carlsson, pr\u00e4st","first_name":"Catharina","last_name":"Carlsson, pr\u00e4st","avatar":"https:\/\/secure.gravatar.com\/avatar\/a05095351d4bef3936c8e5eb4759b56ae7498e54a3370d1dbcd55cd306192198?s=96&d=mm&r=g"},"featured_image":["https:\/\/blogg.svenskakyrkan.se\/tankarinforhelgen\/files\/2023\/05\/tih_12maj-1024x683.jpg",1024,683,true],"bloginfo":{"name":"Tankar inf\u00f6r helgen","url":"https:\/\/blogg.svenskakyrkan.se\/tankarinforhelgen"},"_links":{"self":[{"href":"https:\/\/blogg.svenskakyrkan.se\/tankarinforhelgen\/wp-json\/wp\/v2\/posts\/3094","targetHints":{"allow":["GET"]}}],"collection":[{"href":"https:\/\/blogg.svenskakyrkan.se\/tankarinforhelgen\/wp-json\/wp\/v2\/posts"}],"about":[{"href":"https:\/\/blogg.svenskakyrkan.se\/tankarinforhelgen\/wp-json\/wp\/v2\/types\/post"}],"author":[{"embeddable":true,"href":"https:\/\/blogg.svenskakyrkan.se\/tankarinforhelgen\/wp-json\/wp\/v2\/users\/672"}],"replies":[{"embeddable":true,"href":"https:\/\/blogg.svenskakyrkan.se\/tankarinforhelgen\/wp-json\/wp\/v2\/comments?post=3094"}],"version-history":[{"count":2,"href":"https:\/\/blogg.svenskakyrkan.se\/tankarinforhelgen\/wp-json\/wp\/v2\/posts\/3094\/revisions"}],"predecessor-version":[{"id":3099,"href":"https:\/\/blogg.svenskakyrkan.se\/tankarinforhelgen\/wp-json\/wp\/v2\/posts\/3094\/revisions\/3099"}],"wp:featuredmedia":[{"embeddable":true,"href":"https:\/\/blogg.svenskakyrkan.se\/tankarinforhelgen\/wp-json\/wp\/v2\/media\/3095"}],"wp:attachment":[{"href":"https:\/\/blogg.svenskakyrkan.se\/tankarinforhelgen\/wp-json\/wp\/v2\/media?parent=3094"}],"wp:term":[{"taxonomy":"category","embeddable":true,"href":"https:\/\/blogg.svenskakyrkan.se\/tankarinforhelgen\/wp-json\/wp\/v2\/categories?post=3094"},{"taxonomy":"post_tag","embeddable":true,"href":"https:\/\/blogg.svenskakyrkan.se\/tankarinforhelgen\/wp-json\/wp\/v2\/tags?post=3094"}],"curies":[{"name":"wp","href":"https:\/\/api.w.org\/{rel}","templated":true}]}}