{"id":3179,"date":"2023-08-15T14:33:27","date_gmt":"2023-08-15T12:33:27","guid":{"rendered":"https:\/\/blogg.svenskakyrkan.se\/tankarinforhelgen\/?p=3179"},"modified":"2023-08-15T14:33:28","modified_gmt":"2023-08-15T12:33:28","slug":"vad-menar-jesus-nar-han-manar-till-odmjukhet","status":"publish","type":"post","link":"https:\/\/blogg.svenskakyrkan.se\/tankarinforhelgen\/2023\/08\/15\/vad-menar-jesus-nar-han-manar-till-odmjukhet\/","title":{"rendered":"Vad menar Jesus n\u00e4r han manar till \u00f6dmjukhet?"},"content":{"rendered":"\n<figure class=\"wp-block-image size-large\"><a href=\"https:\/\/blogg.svenskakyrkan.se\/tankarinforhelgen\/files\/2023\/08\/shutterstock_671677429-1-scaled.jpg\"><img loading=\"lazy\" decoding=\"async\" width=\"1024\" height=\"595\" src=\"https:\/\/blogg.svenskakyrkan.se\/tankarinforhelgen\/files\/2023\/08\/shutterstock_671677429-1-1024x595.jpg\" alt=\"\" class=\"wp-image-3181\" srcset=\"https:\/\/blogg.svenskakyrkan.se\/tankarinforhelgen\/files\/2023\/08\/shutterstock_671677429-1-1024x595.jpg 1024w, https:\/\/blogg.svenskakyrkan.se\/tankarinforhelgen\/files\/2023\/08\/shutterstock_671677429-1-300x174.jpg 300w, https:\/\/blogg.svenskakyrkan.se\/tankarinforhelgen\/files\/2023\/08\/shutterstock_671677429-1-768x447.jpg 768w, https:\/\/blogg.svenskakyrkan.se\/tankarinforhelgen\/files\/2023\/08\/shutterstock_671677429-1-1536x893.jpg 1536w, https:\/\/blogg.svenskakyrkan.se\/tankarinforhelgen\/files\/2023\/08\/shutterstock_671677429-1-2048x1191.jpg 2048w, https:\/\/blogg.svenskakyrkan.se\/tankarinforhelgen\/files\/2023\/08\/shutterstock_671677429-1-1200x698.jpg 1200w\" sizes=\"auto, (max-width: 1024px) 100vw, 1024px\" \/><\/a><\/figure>\n\n\n\n\n\n<p>Det \u00e4r en regnig eftermiddag strax efter skolstart. Barnet mitt har precis b\u00f6rjat tv\u00e5an. Han sitter i s\u00e4ngen och l\u00e4ser h\u00f6gt ur sin l\u00e4xl\u00e4sningsbok. L\u00e4sningen har ett bra flyt, men n\u00e5gra l\u00e4ngre ord beh\u00f6ver ljudas h\u00f6gt. N\u00e4r l\u00e4xl\u00e4sningen \u00e4r klar s\u00e4ger jag s\u00e5 d\u00e4r stolt som en pappa kan k\u00e4nna sig ibland: &#8221;Det \u00e4r roligt att h\u00f6ra att du har blivit s\u00e5 bra p\u00e5 att l\u00e4sa&#8221;. <br><br>Barnet mitt tittar p\u00e5 mig med en sj\u00e4lvs\u00e4ker blick och svarar: &#8221;Ja, jag vet pappa&#8221;. Tiden stannar och mina tankar s\u00e4tter ig\u00e5ng. Det \u00e4r inte l\u00e4tt att vara \u00f6dmjuk n\u00e4r man kan n\u00e5got, k\u00e4nner att man vet b\u00e4st, eller r\u00e5kar ha sj\u00e4lvs\u00e4kerheten hos en \u00e5tta\u00e5ring som just kn\u00e4ckt l\u00e4s-koden. I s\u00f6ndagens evangelium talar Jesus om att den som upph\u00f6jer sig sj\u00e4lv ska bli \u00f6dmjukad, och den som \u00f6dmjukar sig ska bli upph\u00f6jd. Vad betyder det? Det \u00e4r v\u00e4l knappast fel att ett barn, eller en vuxen f\u00f6r den delen, \u00e4r stolt och sj\u00e4lvs\u00e4ker i sina f\u00e4rdigheter eller framg\u00e5ngar? <\/p>\n\n\n\n<p>Vad menar Jesus n\u00e4r han manar till \u00f6dmjukhet? Jesus undervisade sina l\u00e4rjungar i ett sammanhang som p\u00e5 m\u00e5nga s\u00e4tt p\u00e5minner om v\u00e5rt eget. F\u00f6r 2000 \u00e5r sedan fanns allt ifr\u00e5n legitima auktoriteter till sj\u00e4lvutn\u00e4mnda experter p\u00e5 hur man skulle leva f\u00f6r att r\u00e4knas som god, lycklig och framg\u00e5ngsrik. Auktoriteter som p\u00e5 Jesu tid ofta var av en religi\u00f6s art och som \u00e5tnj\u00f6t andras respekt. Kraven dessa auktoriteter st\u00e4llde var alltifr\u00e5n sv\u00e5ra till om\u00f6jliga att uppn\u00e5 f\u00f6r den stora gruppen m\u00e4nniskor. M\u00e4nniskor som p\u00e5 grund av fattigdom, oh\u00e4lsa eller utanf\u00f6rskap inte kunde leva upp till sin tids religi\u00f6sa ideal. Ungef\u00e4r som att vi idag har ideal som s\u00e4ger att vi m\u00e5ste vara om\u00f6jligt snygga, rika, smarta och popul\u00e4ra f\u00f6r att vara lyckliga och viktiga. D\u00e4rf\u00f6r kritiserade Jesus skarpt sin tids religi\u00f6sa ledare f\u00f6r bristande \u00f6dmjukhet. Han p\u00e5pekade att den status de s\u00f6kte inte tillh\u00f6rde dem. F\u00f6r att de tog sig en position och respekt som endast tillh\u00f6r den Gud som \u00e4r ursprunget till att gott.<br><br>Han uppmanade d\u00e4rf\u00f6r sina l\u00e4rjungar att vara \u00f6dmjuka nog att inte kalla sig sj\u00e4lva &#8221;rabbi&#8221;, allts\u00e5 l\u00e4rare, f\u00f6r endast EN var deras l\u00e4rare. Som kristna b\u00f6r vi d\u00e4rf\u00f6r minnas att penseln inte \u00e4r f\u00f6rmer \u00e4n konstn\u00e4ren. Att varenda f\u00f6rm\u00e5ga eller framg\u00e5ng \u00e4r en g\u00e5va fr\u00e5n Gud. Att den kristna trons uttryck i medg\u00e5ng \u00e4r \u00f6dmjukhet, liksom att trons uttryck i motg\u00e5ng \u00e4r f\u00f6rtr\u00f6stan. Vi ska vara stolta \u00f6ver v\u00e5ra framg\u00e5ngar och beh\u00f6ver inte sk\u00e4mmas f\u00f6r v\u00e5ra misslyckanden. F\u00f6r i b\u00e5de med och motg\u00e5ng \u00e4r det Guds n\u00e5d och barmh\u00e4rtighet som visar v\u00e4gen fram\u00e5t. <br><br>Tiden startar igen, och jag \u00e4r tillbaka i mitt barns l\u00e4xl\u00e4sning. Jag s\u00e4ger till barnet mitt &#8221;Du verkar ha en bra l\u00e4rare p\u00e5 skolan&#8221;. &#8221;Jo, det har jag&#8221; svarar han. &#8221;Och s\u00e5 har jag dig, pappa&#8221;. Jag blir lite varm i hj\u00e4rtat, ger han en kram och tackar Gud tyst inom mig. Gud, du som alltid f\u00f6rl\u00e5ter och ger oss kraft att b\u00f6rja om n\u00e4r vi g\u00f6r fel, l\u00e5t din n\u00e5d vara n\u00e4ra ocks\u00e5 n\u00e4r vi lyckas. P\u00e5minn oss om att det goda i v\u00e5ra liv \u00e4r ditt verk, s\u00e5 att vi \u00e4rar dig f\u00f6r allt gott du g\u00f6r genom oss m\u00e4nniskor. Amen.<\/p>\n\n\n\n\n\n\n","protected":false},"excerpt":{"rendered":"<p>Det \u00e4r en regnig eftermiddag strax efter skolstart. Barnet mitt har precis b\u00f6rjat tv\u00e5an. Han sitter i s\u00e4ngen och l\u00e4ser h\u00f6gt ur sin l\u00e4xl\u00e4sningsbok. L\u00e4sningen har ett bra flyt, men n\u00e5gra l\u00e4ngre ord beh\u00f6ver ljudas h\u00f6gt. N\u00e4r l\u00e4xl\u00e4sningen \u00e4r klar s\u00e4ger jag s\u00e5 d\u00e4r stolt som en pappa kan k\u00e4nna sig ibland: &#8221;Det \u00e4r roligt [&hellip;]<\/p>\n","protected":false},"author":719,"featured_media":3180,"comment_status":"open","ping_status":"open","sticky":false,"template":"","format":"standard","meta":{"_acf_changed":false,"footnotes":""},"categories":[132407],"tags":[142457],"class_list":["post-3179","post","type-post","status-publish","format-standard","has-post-thumbnail","hentry","category-11e-sondagen-efter-trefaldighet","tag-tankarinforhelgen"],"acf":[],"yoast_head":"<!-- This site is optimized with the Yoast SEO plugin v27.1.1 - https:\/\/yoast.com\/product\/yoast-seo-wordpress\/ -->\n<title>Vad menar Jesus n\u00e4r han manar till \u00f6dmjukhet? - Tankar inf\u00f6r helgen<\/title>\n<meta name=\"robots\" content=\"index, follow, max-snippet:-1, max-image-preview:large, max-video-preview:-1\" \/>\n<link rel=\"canonical\" href=\"https:\/\/blogg.svenskakyrkan.se\/tankarinforhelgen\/2023\/08\/15\/vad-menar-jesus-nar-han-manar-till-odmjukhet\/\" \/>\n<meta property=\"og:locale\" content=\"sv_SE\" \/>\n<meta property=\"og:type\" content=\"article\" \/>\n<meta property=\"og:title\" content=\"Vad menar Jesus n\u00e4r han manar till \u00f6dmjukhet? - Tankar inf\u00f6r helgen\" \/>\n<meta property=\"og:description\" content=\"Det \u00e4r en regnig eftermiddag strax efter skolstart. Barnet mitt har precis b\u00f6rjat tv\u00e5an. Han sitter i s\u00e4ngen och l\u00e4ser h\u00f6gt ur sin l\u00e4xl\u00e4sningsbok. L\u00e4sningen har ett bra flyt, men n\u00e5gra l\u00e4ngre ord beh\u00f6ver ljudas h\u00f6gt. N\u00e4r l\u00e4xl\u00e4sningen \u00e4r klar s\u00e4ger jag s\u00e5 d\u00e4r stolt som en pappa kan k\u00e4nna sig ibland: &#8221;Det \u00e4r roligt [&hellip;]\" \/>\n<meta property=\"og:url\" content=\"https:\/\/blogg.svenskakyrkan.se\/tankarinforhelgen\/2023\/08\/15\/vad-menar-jesus-nar-han-manar-till-odmjukhet\/\" \/>\n<meta property=\"og:site_name\" content=\"Tankar inf\u00f6r helgen\" \/>\n<meta property=\"article:published_time\" content=\"2023-08-15T12:33:27+00:00\" \/>\n<meta property=\"article:modified_time\" content=\"2023-08-15T12:33:28+00:00\" \/>\n<meta property=\"og:image\" content=\"http:\/\/blogg.svenskakyrkan.se\/tankarinforhelgen\/files\/2023\/08\/shutterstock_671677429-scaled.jpg\" \/>\n\t<meta property=\"og:image:width\" content=\"2560\" \/>\n\t<meta property=\"og:image:height\" content=\"1488\" \/>\n\t<meta property=\"og:image:type\" content=\"image\/jpeg\" \/>\n<meta name=\"author\" content=\"Andreas Sundstr\u00f6m, pr\u00e4st\" \/>\n<meta name=\"twitter:card\" content=\"summary_large_image\" \/>\n<meta name=\"twitter:label1\" content=\"Skriven av\" \/>\n\t<meta name=\"twitter:data1\" content=\"Andreas Sundstr\u00f6m, pr\u00e4st\" \/>\n\t<meta name=\"twitter:label2\" content=\"Ber\u00e4knad l\u00e4stid\" \/>\n\t<meta name=\"twitter:data2\" content=\"4 minuter\" \/>\n<script type=\"application\/ld+json\" class=\"yoast-schema-graph\">{\"@context\":\"https:\/\/schema.org\",\"@graph\":[{\"@type\":\"Article\",\"@id\":\"https:\/\/blogg.svenskakyrkan.se\/tankarinforhelgen\/2023\/08\/15\/vad-menar-jesus-nar-han-manar-till-odmjukhet\/#article\",\"isPartOf\":{\"@id\":\"https:\/\/blogg.svenskakyrkan.se\/tankarinforhelgen\/2023\/08\/15\/vad-menar-jesus-nar-han-manar-till-odmjukhet\/\"},\"author\":{\"name\":\"Andreas Sundstr\u00f6m, pr\u00e4st\",\"@id\":\"https:\/\/blogg.svenskakyrkan.se\/tankarinforhelgen\/#\/schema\/person\/9ebf33bd626a5ec1785dca07ea32e322\"},\"headline\":\"Vad menar Jesus n\u00e4r han manar till \u00f6dmjukhet?\",\"datePublished\":\"2023-08-15T12:33:27+00:00\",\"dateModified\":\"2023-08-15T12:33:28+00:00\",\"mainEntityOfPage\":{\"@id\":\"https:\/\/blogg.svenskakyrkan.se\/tankarinforhelgen\/2023\/08\/15\/vad-menar-jesus-nar-han-manar-till-odmjukhet\/\"},\"wordCount\":670,\"commentCount\":1,\"image\":{\"@id\":\"https:\/\/blogg.svenskakyrkan.se\/tankarinforhelgen\/2023\/08\/15\/vad-menar-jesus-nar-han-manar-till-odmjukhet\/#primaryimage\"},\"thumbnailUrl\":\"https:\/\/blogg.svenskakyrkan.se\/tankarinforhelgen\/files\/2023\/08\/shutterstock_671677429-scaled.jpg\",\"keywords\":[\"TANKARINFORHELGEN\"],\"articleSection\":[\"11:e s\u00f6ndagen efter trefaldighet\"],\"inLanguage\":\"sv-SE\",\"potentialAction\":[{\"@type\":\"CommentAction\",\"name\":\"Comment\",\"target\":[\"https:\/\/blogg.svenskakyrkan.se\/tankarinforhelgen\/2023\/08\/15\/vad-menar-jesus-nar-han-manar-till-odmjukhet\/#respond\"]}]},{\"@type\":\"WebPage\",\"@id\":\"https:\/\/blogg.svenskakyrkan.se\/tankarinforhelgen\/2023\/08\/15\/vad-menar-jesus-nar-han-manar-till-odmjukhet\/\",\"url\":\"https:\/\/blogg.svenskakyrkan.se\/tankarinforhelgen\/2023\/08\/15\/vad-menar-jesus-nar-han-manar-till-odmjukhet\/\",\"name\":\"Vad menar Jesus n\u00e4r han manar till \u00f6dmjukhet? - Tankar inf\u00f6r helgen\",\"isPartOf\":{\"@id\":\"https:\/\/blogg.svenskakyrkan.se\/tankarinforhelgen\/#website\"},\"primaryImageOfPage\":{\"@id\":\"https:\/\/blogg.svenskakyrkan.se\/tankarinforhelgen\/2023\/08\/15\/vad-menar-jesus-nar-han-manar-till-odmjukhet\/#primaryimage\"},\"image\":{\"@id\":\"https:\/\/blogg.svenskakyrkan.se\/tankarinforhelgen\/2023\/08\/15\/vad-menar-jesus-nar-han-manar-till-odmjukhet\/#primaryimage\"},\"thumbnailUrl\":\"https:\/\/blogg.svenskakyrkan.se\/tankarinforhelgen\/files\/2023\/08\/shutterstock_671677429-scaled.jpg\",\"datePublished\":\"2023-08-15T12:33:27+00:00\",\"dateModified\":\"2023-08-15T12:33:28+00:00\",\"author\":{\"@id\":\"https:\/\/blogg.svenskakyrkan.se\/tankarinforhelgen\/#\/schema\/person\/9ebf33bd626a5ec1785dca07ea32e322\"},\"breadcrumb\":{\"@id\":\"https:\/\/blogg.svenskakyrkan.se\/tankarinforhelgen\/2023\/08\/15\/vad-menar-jesus-nar-han-manar-till-odmjukhet\/#breadcrumb\"},\"inLanguage\":\"sv-SE\",\"potentialAction\":[{\"@type\":\"ReadAction\",\"target\":[\"https:\/\/blogg.svenskakyrkan.se\/tankarinforhelgen\/2023\/08\/15\/vad-menar-jesus-nar-han-manar-till-odmjukhet\/\"]}]},{\"@type\":\"ImageObject\",\"inLanguage\":\"sv-SE\",\"@id\":\"https:\/\/blogg.svenskakyrkan.se\/tankarinforhelgen\/2023\/08\/15\/vad-menar-jesus-nar-han-manar-till-odmjukhet\/#primaryimage\",\"url\":\"https:\/\/blogg.svenskakyrkan.se\/tankarinforhelgen\/files\/2023\/08\/shutterstock_671677429-scaled.jpg\",\"contentUrl\":\"https:\/\/blogg.svenskakyrkan.se\/tankarinforhelgen\/files\/2023\/08\/shutterstock_671677429-scaled.jpg\",\"width\":2560,\"height\":1488,\"caption\":\"En pojke som sitter p\u00e5 en bok som flyger i himlen.\"},{\"@type\":\"BreadcrumbList\",\"@id\":\"https:\/\/blogg.svenskakyrkan.se\/tankarinforhelgen\/2023\/08\/15\/vad-menar-jesus-nar-han-manar-till-odmjukhet\/#breadcrumb\",\"itemListElement\":[{\"@type\":\"ListItem\",\"position\":1,\"name\":\"Hem\",\"item\":\"https:\/\/blogg.svenskakyrkan.se\/tankarinforhelgen\/\"},{\"@type\":\"ListItem\",\"position\":2,\"name\":\"Vad menar Jesus n\u00e4r han manar till \u00f6dmjukhet?\"}]},{\"@type\":\"WebSite\",\"@id\":\"https:\/\/blogg.svenskakyrkan.se\/tankarinforhelgen\/#website\",\"url\":\"https:\/\/blogg.svenskakyrkan.se\/tankarinforhelgen\/\",\"name\":\"Tankar inf\u00f6r helgen\",\"description\":\"Pr\u00e4ster funderar utifr\u00e5n kommande s\u00f6ndags texter\",\"potentialAction\":[{\"@type\":\"SearchAction\",\"target\":{\"@type\":\"EntryPoint\",\"urlTemplate\":\"https:\/\/blogg.svenskakyrkan.se\/tankarinforhelgen\/?s={search_term_string}\"},\"query-input\":{\"@type\":\"PropertyValueSpecification\",\"valueRequired\":true,\"valueName\":\"search_term_string\"}}],\"inLanguage\":\"sv-SE\"},{\"@type\":\"Person\",\"@id\":\"https:\/\/blogg.svenskakyrkan.se\/tankarinforhelgen\/#\/schema\/person\/9ebf33bd626a5ec1785dca07ea32e322\",\"name\":\"Andreas Sundstr\u00f6m, pr\u00e4st\",\"image\":{\"@type\":\"ImageObject\",\"inLanguage\":\"sv-SE\",\"@id\":\"https:\/\/blogg.svenskakyrkan.se\/tankarinforhelgen\/#\/schema\/person\/image\/\",\"url\":\"https:\/\/secure.gravatar.com\/avatar\/e56a8928b6ee0133544ac2e61ef69fc66ed0e5b59a7d3119bed3b70249edbda9?s=96&d=mm&r=g\",\"contentUrl\":\"https:\/\/secure.gravatar.com\/avatar\/e56a8928b6ee0133544ac2e61ef69fc66ed0e5b59a7d3119bed3b70249edbda9?s=96&d=mm&r=g\",\"caption\":\"Andreas Sundstr\u00f6m, pr\u00e4st\"},\"url\":\"https:\/\/blogg.svenskakyrkan.se\/tankarinforhelgen\/author\/andreassundstrom\/\"}]}<\/script>\n<!-- \/ Yoast SEO plugin. -->","yoast_head_json":{"title":"Vad menar Jesus n\u00e4r han manar till \u00f6dmjukhet? - Tankar inf\u00f6r helgen","robots":{"index":"index","follow":"follow","max-snippet":"max-snippet:-1","max-image-preview":"max-image-preview:large","max-video-preview":"max-video-preview:-1"},"canonical":"https:\/\/blogg.svenskakyrkan.se\/tankarinforhelgen\/2023\/08\/15\/vad-menar-jesus-nar-han-manar-till-odmjukhet\/","og_locale":"sv_SE","og_type":"article","og_title":"Vad menar Jesus n\u00e4r han manar till \u00f6dmjukhet? - Tankar inf\u00f6r helgen","og_description":"Det \u00e4r en regnig eftermiddag strax efter skolstart. Barnet mitt har precis b\u00f6rjat tv\u00e5an. Han sitter i s\u00e4ngen och l\u00e4ser h\u00f6gt ur sin l\u00e4xl\u00e4sningsbok. L\u00e4sningen har ett bra flyt, men n\u00e5gra l\u00e4ngre ord beh\u00f6ver ljudas h\u00f6gt. N\u00e4r l\u00e4xl\u00e4sningen \u00e4r klar s\u00e4ger jag s\u00e5 d\u00e4r stolt som en pappa kan k\u00e4nna sig ibland: &#8221;Det \u00e4r roligt [&hellip;]","og_url":"https:\/\/blogg.svenskakyrkan.se\/tankarinforhelgen\/2023\/08\/15\/vad-menar-jesus-nar-han-manar-till-odmjukhet\/","og_site_name":"Tankar inf\u00f6r helgen","article_published_time":"2023-08-15T12:33:27+00:00","article_modified_time":"2023-08-15T12:33:28+00:00","og_image":[{"width":2560,"height":1488,"url":"http:\/\/blogg.svenskakyrkan.se\/tankarinforhelgen\/files\/2023\/08\/shutterstock_671677429-scaled.jpg","type":"image\/jpeg"}],"author":"Andreas Sundstr\u00f6m, pr\u00e4st","twitter_card":"summary_large_image","twitter_misc":{"Skriven av":"Andreas Sundstr\u00f6m, pr\u00e4st","Ber\u00e4knad l\u00e4stid":"4 minuter"},"schema":{"@context":"https:\/\/schema.org","@graph":[{"@type":"Article","@id":"https:\/\/blogg.svenskakyrkan.se\/tankarinforhelgen\/2023\/08\/15\/vad-menar-jesus-nar-han-manar-till-odmjukhet\/#article","isPartOf":{"@id":"https:\/\/blogg.svenskakyrkan.se\/tankarinforhelgen\/2023\/08\/15\/vad-menar-jesus-nar-han-manar-till-odmjukhet\/"},"author":{"name":"Andreas Sundstr\u00f6m, pr\u00e4st","@id":"https:\/\/blogg.svenskakyrkan.se\/tankarinforhelgen\/#\/schema\/person\/9ebf33bd626a5ec1785dca07ea32e322"},"headline":"Vad menar Jesus n\u00e4r han manar till \u00f6dmjukhet?","datePublished":"2023-08-15T12:33:27+00:00","dateModified":"2023-08-15T12:33:28+00:00","mainEntityOfPage":{"@id":"https:\/\/blogg.svenskakyrkan.se\/tankarinforhelgen\/2023\/08\/15\/vad-menar-jesus-nar-han-manar-till-odmjukhet\/"},"wordCount":670,"commentCount":1,"image":{"@id":"https:\/\/blogg.svenskakyrkan.se\/tankarinforhelgen\/2023\/08\/15\/vad-menar-jesus-nar-han-manar-till-odmjukhet\/#primaryimage"},"thumbnailUrl":"https:\/\/blogg.svenskakyrkan.se\/tankarinforhelgen\/files\/2023\/08\/shutterstock_671677429-scaled.jpg","keywords":["TANKARINFORHELGEN"],"articleSection":["11:e s\u00f6ndagen efter trefaldighet"],"inLanguage":"sv-SE","potentialAction":[{"@type":"CommentAction","name":"Comment","target":["https:\/\/blogg.svenskakyrkan.se\/tankarinforhelgen\/2023\/08\/15\/vad-menar-jesus-nar-han-manar-till-odmjukhet\/#respond"]}]},{"@type":"WebPage","@id":"https:\/\/blogg.svenskakyrkan.se\/tankarinforhelgen\/2023\/08\/15\/vad-menar-jesus-nar-han-manar-till-odmjukhet\/","url":"https:\/\/blogg.svenskakyrkan.se\/tankarinforhelgen\/2023\/08\/15\/vad-menar-jesus-nar-han-manar-till-odmjukhet\/","name":"Vad menar Jesus n\u00e4r han manar till \u00f6dmjukhet? - Tankar inf\u00f6r helgen","isPartOf":{"@id":"https:\/\/blogg.svenskakyrkan.se\/tankarinforhelgen\/#website"},"primaryImageOfPage":{"@id":"https:\/\/blogg.svenskakyrkan.se\/tankarinforhelgen\/2023\/08\/15\/vad-menar-jesus-nar-han-manar-till-odmjukhet\/#primaryimage"},"image":{"@id":"https:\/\/blogg.svenskakyrkan.se\/tankarinforhelgen\/2023\/08\/15\/vad-menar-jesus-nar-han-manar-till-odmjukhet\/#primaryimage"},"thumbnailUrl":"https:\/\/blogg.svenskakyrkan.se\/tankarinforhelgen\/files\/2023\/08\/shutterstock_671677429-scaled.jpg","datePublished":"2023-08-15T12:33:27+00:00","dateModified":"2023-08-15T12:33:28+00:00","author":{"@id":"https:\/\/blogg.svenskakyrkan.se\/tankarinforhelgen\/#\/schema\/person\/9ebf33bd626a5ec1785dca07ea32e322"},"breadcrumb":{"@id":"https:\/\/blogg.svenskakyrkan.se\/tankarinforhelgen\/2023\/08\/15\/vad-menar-jesus-nar-han-manar-till-odmjukhet\/#breadcrumb"},"inLanguage":"sv-SE","potentialAction":[{"@type":"ReadAction","target":["https:\/\/blogg.svenskakyrkan.se\/tankarinforhelgen\/2023\/08\/15\/vad-menar-jesus-nar-han-manar-till-odmjukhet\/"]}]},{"@type":"ImageObject","inLanguage":"sv-SE","@id":"https:\/\/blogg.svenskakyrkan.se\/tankarinforhelgen\/2023\/08\/15\/vad-menar-jesus-nar-han-manar-till-odmjukhet\/#primaryimage","url":"https:\/\/blogg.svenskakyrkan.se\/tankarinforhelgen\/files\/2023\/08\/shutterstock_671677429-scaled.jpg","contentUrl":"https:\/\/blogg.svenskakyrkan.se\/tankarinforhelgen\/files\/2023\/08\/shutterstock_671677429-scaled.jpg","width":2560,"height":1488,"caption":"En pojke som sitter p\u00e5 en bok som flyger i himlen."},{"@type":"BreadcrumbList","@id":"https:\/\/blogg.svenskakyrkan.se\/tankarinforhelgen\/2023\/08\/15\/vad-menar-jesus-nar-han-manar-till-odmjukhet\/#breadcrumb","itemListElement":[{"@type":"ListItem","position":1,"name":"Hem","item":"https:\/\/blogg.svenskakyrkan.se\/tankarinforhelgen\/"},{"@type":"ListItem","position":2,"name":"Vad menar Jesus n\u00e4r han manar till \u00f6dmjukhet?"}]},{"@type":"WebSite","@id":"https:\/\/blogg.svenskakyrkan.se\/tankarinforhelgen\/#website","url":"https:\/\/blogg.svenskakyrkan.se\/tankarinforhelgen\/","name":"Tankar inf\u00f6r helgen","description":"Pr\u00e4ster funderar utifr\u00e5n kommande s\u00f6ndags texter","potentialAction":[{"@type":"SearchAction","target":{"@type":"EntryPoint","urlTemplate":"https:\/\/blogg.svenskakyrkan.se\/tankarinforhelgen\/?s={search_term_string}"},"query-input":{"@type":"PropertyValueSpecification","valueRequired":true,"valueName":"search_term_string"}}],"inLanguage":"sv-SE"},{"@type":"Person","@id":"https:\/\/blogg.svenskakyrkan.se\/tankarinforhelgen\/#\/schema\/person\/9ebf33bd626a5ec1785dca07ea32e322","name":"Andreas Sundstr\u00f6m, pr\u00e4st","image":{"@type":"ImageObject","inLanguage":"sv-SE","@id":"https:\/\/blogg.svenskakyrkan.se\/tankarinforhelgen\/#\/schema\/person\/image\/","url":"https:\/\/secure.gravatar.com\/avatar\/e56a8928b6ee0133544ac2e61ef69fc66ed0e5b59a7d3119bed3b70249edbda9?s=96&d=mm&r=g","contentUrl":"https:\/\/secure.gravatar.com\/avatar\/e56a8928b6ee0133544ac2e61ef69fc66ed0e5b59a7d3119bed3b70249edbda9?s=96&d=mm&r=g","caption":"Andreas Sundstr\u00f6m, pr\u00e4st"},"url":"https:\/\/blogg.svenskakyrkan.se\/tankarinforhelgen\/author\/andreassundstrom\/"}]}},"author_meta":{"ID":"719","user_nicename":"andreassundstrom","user_registered":"2019-08-07 15:03:29","display_name":"Andreas Sundstr\u00f6m, pr\u00e4st","first_name":"Andreas","last_name":"Sundstr\u00f6m, pr\u00e4st","avatar":"https:\/\/secure.gravatar.com\/avatar\/e56a8928b6ee0133544ac2e61ef69fc66ed0e5b59a7d3119bed3b70249edbda9?s=96&d=mm&r=g"},"featured_image":["https:\/\/blogg.svenskakyrkan.se\/tankarinforhelgen\/files\/2023\/08\/shutterstock_671677429-1024x595.jpg",1024,595,true],"bloginfo":{"name":"Tankar inf\u00f6r helgen","url":"https:\/\/blogg.svenskakyrkan.se\/tankarinforhelgen"},"_links":{"self":[{"href":"https:\/\/blogg.svenskakyrkan.se\/tankarinforhelgen\/wp-json\/wp\/v2\/posts\/3179","targetHints":{"allow":["GET"]}}],"collection":[{"href":"https:\/\/blogg.svenskakyrkan.se\/tankarinforhelgen\/wp-json\/wp\/v2\/posts"}],"about":[{"href":"https:\/\/blogg.svenskakyrkan.se\/tankarinforhelgen\/wp-json\/wp\/v2\/types\/post"}],"author":[{"embeddable":true,"href":"https:\/\/blogg.svenskakyrkan.se\/tankarinforhelgen\/wp-json\/wp\/v2\/users\/719"}],"replies":[{"embeddable":true,"href":"https:\/\/blogg.svenskakyrkan.se\/tankarinforhelgen\/wp-json\/wp\/v2\/comments?post=3179"}],"version-history":[{"count":1,"href":"https:\/\/blogg.svenskakyrkan.se\/tankarinforhelgen\/wp-json\/wp\/v2\/posts\/3179\/revisions"}],"predecessor-version":[{"id":3182,"href":"https:\/\/blogg.svenskakyrkan.se\/tankarinforhelgen\/wp-json\/wp\/v2\/posts\/3179\/revisions\/3182"}],"wp:featuredmedia":[{"embeddable":true,"href":"https:\/\/blogg.svenskakyrkan.se\/tankarinforhelgen\/wp-json\/wp\/v2\/media\/3180"}],"wp:attachment":[{"href":"https:\/\/blogg.svenskakyrkan.se\/tankarinforhelgen\/wp-json\/wp\/v2\/media?parent=3179"}],"wp:term":[{"taxonomy":"category","embeddable":true,"href":"https:\/\/blogg.svenskakyrkan.se\/tankarinforhelgen\/wp-json\/wp\/v2\/categories?post=3179"},{"taxonomy":"post_tag","embeddable":true,"href":"https:\/\/blogg.svenskakyrkan.se\/tankarinforhelgen\/wp-json\/wp\/v2\/tags?post=3179"}],"curies":[{"name":"wp","href":"https:\/\/api.w.org\/{rel}","templated":true}]}}