{"id":3210,"date":"2023-10-06T09:09:13","date_gmt":"2023-10-06T07:09:13","guid":{"rendered":"https:\/\/blogg.svenskakyrkan.se\/tankarinforhelgen\/?p=3210"},"modified":"2023-10-06T18:16:34","modified_gmt":"2023-10-06T16:16:34","slug":"dagen-da-tacksamheten-faller","status":"publish","type":"post","link":"https:\/\/blogg.svenskakyrkan.se\/tankarinforhelgen\/2023\/10\/06\/dagen-da-tacksamheten-faller\/","title":{"rendered":"Dagen d\u00e5 tacksamheten faller"},"content":{"rendered":"\n\n\n<figure class=\"wp-block-image size-full\"><a href=\"https:\/\/blogg.svenskakyrkan.se\/tankarinforhelgen\/files\/2023\/10\/image-1.jpeg\"><img loading=\"lazy\" decoding=\"async\" width=\"1024\" height=\"668\" src=\"https:\/\/blogg.svenskakyrkan.se\/tankarinforhelgen\/files\/2023\/10\/image-1.jpeg\" alt=\"\" class=\"wp-image-3217\" srcset=\"https:\/\/blogg.svenskakyrkan.se\/tankarinforhelgen\/files\/2023\/10\/image-1.jpeg 1024w, https:\/\/blogg.svenskakyrkan.se\/tankarinforhelgen\/files\/2023\/10\/image-1-300x196.jpeg 300w, https:\/\/blogg.svenskakyrkan.se\/tankarinforhelgen\/files\/2023\/10\/image-1-768x501.jpeg 768w\" sizes=\"auto, (max-width: 1024px) 100vw, 1024px\" \/><\/a><\/figure>\n\n\n\n<p>En dag ska du l\u00e4gga av dig alla krav.&nbsp;<\/p>\n\n\n\n<p>Det kommer att vara en m\u00f6rk dag. En s\u00e5dan dag som du tror att du inte kommer att orka igenom, som du inte vill orka igenom. En dag n\u00e4r m\u00f6rkret tar ifr\u00e5n dig orken.<\/p>\n\n\n\n<p>Det blir som att allt som skyddar dig bara trillar bort.&nbsp;<\/p>\n\n\n\n<p>En dag ska alla dina sj\u00e4lvp\u00e5tagna regler falla av dig f\u00f6r att du inte orkar med dem. De hj\u00e4lper inte dig. De har egentligen aldrig gjort det, men nu blir det tydligt. Livet \u00e4r tillr\u00e4ckligt sv\u00e5rt \u00e4nd\u00e5.<\/p>\n\n\n\n<p>Den dagen kan \u2013 m\u00e5ste &#8211; du sl\u00e4ppa allt det d\u00e4r du burit p\u00e5: Dina h\u00f6ga krav p\u00e5 dig sj\u00e4lv, dina prestationer, dina d\u00e5liga samveten. Du ska s\u00e4tta dig ner, v\u00e4gra g\u00e5 ett steg till.<\/p>\n\n\n\n<p>Och d\u00e5 ska allt det sv\u00e5ra du b\u00e4r p\u00e5 falla som en filt du inte l\u00e4ngre beh\u00f6ver, fr\u00e5n dina axlar.<\/p>\n\n\n\n<p>Du m\u00e5ste inte vara glad \u00e5t saker som inte gl\u00e4der dig.&nbsp;<br>Du m\u00e5ste inte vara uppr\u00f6rd \u00f6ver saker du egentligen inte bryr dig om.&nbsp;<br>Du m\u00e5ste inte tycka att det \u00e4r bra med s\u00e5dant du inte gillar.&nbsp;<br><br>Och alla dessa m\u00e5sten ska falla av dig f\u00f6r att du faktiskt inte orkar b\u00e4ra omkring p\u00e5 dem.&nbsp;Tyngden av ditt liv \u00e4r alldeles tillr\u00e4cklig, inser du: du beh\u00f6ver inte kunna tolerera dessa andra b\u00f6rdor.&nbsp;<\/p>\n\n\n\n<p>Och d\u00e5 ska du m\u00e4rka att \u00e4ven tacksamhetens tyngd ska falla till marken.&nbsp;<\/p>\n\n\n\n<p>Och s\u00e5 f\u00e5r du sitta d\u00e4r, du kan just inte annat: en stund av tvungen, n\u00f6dv\u00e4ndig vila.<\/p>\n\n\n\n<p>Och d\u00e5, i det \u00f6gonblicket som tacksamhetskravet l\u00e4mnar dig, ska det ge plats f\u00f6r en annan typ av tack.&nbsp;<br><br>N\u00e4r du inte m\u00e5ste \u2013 inte just kan &#8211; tacka, n\u00e4r du inte m\u00e5ste tvinga fram k\u00e4nslor, ska ett tack b\u00f6rja sjunga inom dig, f\u00f6rst svagt, med tiden allt starkare.&nbsp;<\/p>\n\n\n\n<p>Det ska vara ett tack som inte f\u00f6rbig\u00e5r det sv\u00e5ra, utan f\u00f6ds ur det. Det ska vara ett tack som inte handlar om att k\u00e4nna efter ifall du har det bra eller inte, ifall du blivit f\u00f6rbig\u00e5ngen eller inte. Det ska vara ett tack som inte handlar om din egen betydelse, alls.\u00a0<\/p>\n\n\n\n<p>Detta tack f\u00f6ds ur dig, men g\u00e4ller inte dig.&nbsp;Detta tack ska sjunga inom dig: en l\u00e5ngsamt v\u00e4xande melodi som \u2013 uppt\u00e4cker du s\u00e5sm\u00e5ningom \u2013&nbsp;\u00e4r en del av sj\u00e4lva naturens s\u00e5ng, sj\u00e4lva poesins rytm, sj\u00e4lvaste tillvarons pulsslag.<\/p>\n\n\n\n<p>Det \u00e4r st\u00f6rre \u00e4n vad du \u00e4r, bortom vad du \u00e4r, bortom h\u00e4r och nu.&nbsp;<\/p>\n\n\n\n<p>Det blir mer \u00e4n ett tack: Det blir en andning. Ett s\u00e4tt att leva. En tillh\u00f6righet som \u00f6verg\u00e5r allt vad du sj\u00e4lv \u00e4r och vill.&nbsp;<\/p>\n\n\n\n<p>Men den kommer inte f\u00f6rr\u00e4n du tappat allt det andra.&nbsp;<br>Den kommer inte f\u00f6rr\u00e4n du stannat upp och tvingats sl\u00e4ppa taget.&nbsp;<br>Den kommer inte f\u00f6rr\u00e4n dina egna krav \u00f6vergett dig.&nbsp;<\/p>\n\n\n\n<p>Men en dag ska den komma, tacksamheten.&nbsp;<br>Den ska inte vara din. Du ska ist\u00e4llet tillh\u00f6ra den.&nbsp;<br>Och det ska, fr\u00e5n den stunden, vara din frihet.&nbsp;<br><\/p>\n","protected":false},"excerpt":{"rendered":"<p>En dag ska du l\u00e4gga av dig alla krav.&nbsp; Det kommer att vara en m\u00f6rk dag. En s\u00e5dan dag som du tror att du inte kommer att orka igenom, som du inte vill orka igenom. En dag n\u00e4r m\u00f6rkret tar ifr\u00e5n dig orken. Det blir som att allt som skyddar dig bara trillar bort.&nbsp; En [&hellip;]<\/p>\n","protected":false},"author":569,"featured_media":3215,"comment_status":"open","ping_status":"open","sticky":false,"template":"","format":"standard","meta":{"_acf_changed":false,"footnotes":""},"categories":[130057],"tags":[142062,142457],"class_list":["post-3210","post","type-post","status-publish","format-standard","has-post-thumbnail","hentry","category-tacksagelsedagen","tag-charlotte-frycklund","tag-tankarinforhelgen"],"acf":[],"yoast_head":"<!-- This site is optimized with the Yoast SEO plugin v27.1.1 - https:\/\/yoast.com\/product\/yoast-seo-wordpress\/ -->\n<title>Dagen d\u00e5 tacksamheten faller - Tankar inf\u00f6r helgen<\/title>\n<meta name=\"robots\" content=\"index, follow, max-snippet:-1, max-image-preview:large, max-video-preview:-1\" \/>\n<link rel=\"canonical\" href=\"https:\/\/blogg.svenskakyrkan.se\/tankarinforhelgen\/2023\/10\/06\/dagen-da-tacksamheten-faller\/\" \/>\n<meta property=\"og:locale\" content=\"sv_SE\" \/>\n<meta property=\"og:type\" content=\"article\" \/>\n<meta property=\"og:title\" content=\"Dagen d\u00e5 tacksamheten faller - Tankar inf\u00f6r helgen\" \/>\n<meta property=\"og:description\" content=\"En dag ska du l\u00e4gga av dig alla krav.&nbsp; Det kommer att vara en m\u00f6rk dag. En s\u00e5dan dag som du tror att du inte kommer att orka igenom, som du inte vill orka igenom. En dag n\u00e4r m\u00f6rkret tar ifr\u00e5n dig orken. Det blir som att allt som skyddar dig bara trillar bort.&nbsp; En [&hellip;]\" \/>\n<meta property=\"og:url\" content=\"https:\/\/blogg.svenskakyrkan.se\/tankarinforhelgen\/2023\/10\/06\/dagen-da-tacksamheten-faller\/\" \/>\n<meta property=\"og:site_name\" content=\"Tankar inf\u00f6r helgen\" \/>\n<meta property=\"article:published_time\" content=\"2023-10-06T07:09:13+00:00\" \/>\n<meta property=\"article:modified_time\" content=\"2023-10-06T16:16:34+00:00\" \/>\n<meta property=\"og:image\" content=\"http:\/\/blogg.svenskakyrkan.se\/tankarinforhelgen\/files\/2023\/10\/IMG_1538-scaled.jpeg\" \/>\n\t<meta property=\"og:image:width\" content=\"2560\" \/>\n\t<meta property=\"og:image:height\" content=\"1670\" \/>\n\t<meta property=\"og:image:type\" content=\"image\/jpeg\" \/>\n<meta name=\"author\" content=\"Charlotte Frycklund, pr\u00e4st\" \/>\n<meta name=\"twitter:card\" content=\"summary_large_image\" \/>\n<meta name=\"twitter:label1\" content=\"Skriven av\" \/>\n\t<meta name=\"twitter:data1\" content=\"Charlotte Frycklund, pr\u00e4st\" \/>\n\t<meta name=\"twitter:label2\" content=\"Ber\u00e4knad l\u00e4stid\" \/>\n\t<meta name=\"twitter:data2\" content=\"3 minuter\" \/>\n<script type=\"application\/ld+json\" class=\"yoast-schema-graph\">{\"@context\":\"https:\/\/schema.org\",\"@graph\":[{\"@type\":\"Article\",\"@id\":\"https:\/\/blogg.svenskakyrkan.se\/tankarinforhelgen\/2023\/10\/06\/dagen-da-tacksamheten-faller\/#article\",\"isPartOf\":{\"@id\":\"https:\/\/blogg.svenskakyrkan.se\/tankarinforhelgen\/2023\/10\/06\/dagen-da-tacksamheten-faller\/\"},\"author\":{\"name\":\"Charlotte Frycklund, pr\u00e4st\",\"@id\":\"https:\/\/blogg.svenskakyrkan.se\/tankarinforhelgen\/#\/schema\/person\/595d75da5bf93cf9ca814c398b63ed6d\"},\"headline\":\"Dagen d\u00e5 tacksamheten faller\",\"datePublished\":\"2023-10-06T07:09:13+00:00\",\"dateModified\":\"2023-10-06T16:16:34+00:00\",\"mainEntityOfPage\":{\"@id\":\"https:\/\/blogg.svenskakyrkan.se\/tankarinforhelgen\/2023\/10\/06\/dagen-da-tacksamheten-faller\/\"},\"wordCount\":588,\"commentCount\":11,\"image\":{\"@id\":\"https:\/\/blogg.svenskakyrkan.se\/tankarinforhelgen\/2023\/10\/06\/dagen-da-tacksamheten-faller\/#primaryimage\"},\"thumbnailUrl\":\"https:\/\/blogg.svenskakyrkan.se\/tankarinforhelgen\/files\/2023\/10\/IMG_1538-scaled.jpeg\",\"keywords\":[\"Charlotte Frycklund\",\"TANKARINFORHELGEN\"],\"articleSection\":[\"Tacks\u00e4gelsedagen\"],\"inLanguage\":\"sv-SE\",\"potentialAction\":[{\"@type\":\"CommentAction\",\"name\":\"Comment\",\"target\":[\"https:\/\/blogg.svenskakyrkan.se\/tankarinforhelgen\/2023\/10\/06\/dagen-da-tacksamheten-faller\/#respond\"]}]},{\"@type\":\"WebPage\",\"@id\":\"https:\/\/blogg.svenskakyrkan.se\/tankarinforhelgen\/2023\/10\/06\/dagen-da-tacksamheten-faller\/\",\"url\":\"https:\/\/blogg.svenskakyrkan.se\/tankarinforhelgen\/2023\/10\/06\/dagen-da-tacksamheten-faller\/\",\"name\":\"Dagen d\u00e5 tacksamheten faller - Tankar inf\u00f6r helgen\",\"isPartOf\":{\"@id\":\"https:\/\/blogg.svenskakyrkan.se\/tankarinforhelgen\/#website\"},\"primaryImageOfPage\":{\"@id\":\"https:\/\/blogg.svenskakyrkan.se\/tankarinforhelgen\/2023\/10\/06\/dagen-da-tacksamheten-faller\/#primaryimage\"},\"image\":{\"@id\":\"https:\/\/blogg.svenskakyrkan.se\/tankarinforhelgen\/2023\/10\/06\/dagen-da-tacksamheten-faller\/#primaryimage\"},\"thumbnailUrl\":\"https:\/\/blogg.svenskakyrkan.se\/tankarinforhelgen\/files\/2023\/10\/IMG_1538-scaled.jpeg\",\"datePublished\":\"2023-10-06T07:09:13+00:00\",\"dateModified\":\"2023-10-06T16:16:34+00:00\",\"author\":{\"@id\":\"https:\/\/blogg.svenskakyrkan.se\/tankarinforhelgen\/#\/schema\/person\/595d75da5bf93cf9ca814c398b63ed6d\"},\"breadcrumb\":{\"@id\":\"https:\/\/blogg.svenskakyrkan.se\/tankarinforhelgen\/2023\/10\/06\/dagen-da-tacksamheten-faller\/#breadcrumb\"},\"inLanguage\":\"sv-SE\",\"potentialAction\":[{\"@type\":\"ReadAction\",\"target\":[\"https:\/\/blogg.svenskakyrkan.se\/tankarinforhelgen\/2023\/10\/06\/dagen-da-tacksamheten-faller\/\"]}]},{\"@type\":\"ImageObject\",\"inLanguage\":\"sv-SE\",\"@id\":\"https:\/\/blogg.svenskakyrkan.se\/tankarinforhelgen\/2023\/10\/06\/dagen-da-tacksamheten-faller\/#primaryimage\",\"url\":\"https:\/\/blogg.svenskakyrkan.se\/tankarinforhelgen\/files\/2023\/10\/IMG_1538-scaled.jpeg\",\"contentUrl\":\"https:\/\/blogg.svenskakyrkan.se\/tankarinforhelgen\/files\/2023\/10\/IMG_1538-scaled.jpeg\",\"width\":2560,\"height\":1670},{\"@type\":\"BreadcrumbList\",\"@id\":\"https:\/\/blogg.svenskakyrkan.se\/tankarinforhelgen\/2023\/10\/06\/dagen-da-tacksamheten-faller\/#breadcrumb\",\"itemListElement\":[{\"@type\":\"ListItem\",\"position\":1,\"name\":\"Hem\",\"item\":\"https:\/\/blogg.svenskakyrkan.se\/tankarinforhelgen\/\"},{\"@type\":\"ListItem\",\"position\":2,\"name\":\"Dagen d\u00e5 tacksamheten faller\"}]},{\"@type\":\"WebSite\",\"@id\":\"https:\/\/blogg.svenskakyrkan.se\/tankarinforhelgen\/#website\",\"url\":\"https:\/\/blogg.svenskakyrkan.se\/tankarinforhelgen\/\",\"name\":\"Tankar inf\u00f6r helgen\",\"description\":\"Pr\u00e4ster funderar utifr\u00e5n kommande s\u00f6ndags texter\",\"potentialAction\":[{\"@type\":\"SearchAction\",\"target\":{\"@type\":\"EntryPoint\",\"urlTemplate\":\"https:\/\/blogg.svenskakyrkan.se\/tankarinforhelgen\/?s={search_term_string}\"},\"query-input\":{\"@type\":\"PropertyValueSpecification\",\"valueRequired\":true,\"valueName\":\"search_term_string\"}}],\"inLanguage\":\"sv-SE\"},{\"@type\":\"Person\",\"@id\":\"https:\/\/blogg.svenskakyrkan.se\/tankarinforhelgen\/#\/schema\/person\/595d75da5bf93cf9ca814c398b63ed6d\",\"name\":\"Charlotte Frycklund, pr\u00e4st\",\"image\":{\"@type\":\"ImageObject\",\"inLanguage\":\"sv-SE\",\"@id\":\"https:\/\/blogg.svenskakyrkan.se\/tankarinforhelgen\/#\/schema\/person\/image\/\",\"url\":\"https:\/\/secure.gravatar.com\/avatar\/10f37b82bf44def60f716a446302420cc1eb214cca306b573a488614ab47ee87?s=96&d=mm&r=g\",\"contentUrl\":\"https:\/\/secure.gravatar.com\/avatar\/10f37b82bf44def60f716a446302420cc1eb214cca306b573a488614ab47ee87?s=96&d=mm&r=g\",\"caption\":\"Charlotte Frycklund, pr\u00e4st\"},\"url\":\"https:\/\/blogg.svenskakyrkan.se\/tankarinforhelgen\/author\/charlottefrycklund\/\"}]}<\/script>\n<!-- \/ Yoast SEO plugin. -->","yoast_head_json":{"title":"Dagen d\u00e5 tacksamheten faller - Tankar inf\u00f6r helgen","robots":{"index":"index","follow":"follow","max-snippet":"max-snippet:-1","max-image-preview":"max-image-preview:large","max-video-preview":"max-video-preview:-1"},"canonical":"https:\/\/blogg.svenskakyrkan.se\/tankarinforhelgen\/2023\/10\/06\/dagen-da-tacksamheten-faller\/","og_locale":"sv_SE","og_type":"article","og_title":"Dagen d\u00e5 tacksamheten faller - Tankar inf\u00f6r helgen","og_description":"En dag ska du l\u00e4gga av dig alla krav.&nbsp; Det kommer att vara en m\u00f6rk dag. En s\u00e5dan dag som du tror att du inte kommer att orka igenom, som du inte vill orka igenom. En dag n\u00e4r m\u00f6rkret tar ifr\u00e5n dig orken. Det blir som att allt som skyddar dig bara trillar bort.&nbsp; En [&hellip;]","og_url":"https:\/\/blogg.svenskakyrkan.se\/tankarinforhelgen\/2023\/10\/06\/dagen-da-tacksamheten-faller\/","og_site_name":"Tankar inf\u00f6r helgen","article_published_time":"2023-10-06T07:09:13+00:00","article_modified_time":"2023-10-06T16:16:34+00:00","og_image":[{"width":2560,"height":1670,"url":"http:\/\/blogg.svenskakyrkan.se\/tankarinforhelgen\/files\/2023\/10\/IMG_1538-scaled.jpeg","type":"image\/jpeg"}],"author":"Charlotte Frycklund, pr\u00e4st","twitter_card":"summary_large_image","twitter_misc":{"Skriven av":"Charlotte Frycklund, pr\u00e4st","Ber\u00e4knad l\u00e4stid":"3 minuter"},"schema":{"@context":"https:\/\/schema.org","@graph":[{"@type":"Article","@id":"https:\/\/blogg.svenskakyrkan.se\/tankarinforhelgen\/2023\/10\/06\/dagen-da-tacksamheten-faller\/#article","isPartOf":{"@id":"https:\/\/blogg.svenskakyrkan.se\/tankarinforhelgen\/2023\/10\/06\/dagen-da-tacksamheten-faller\/"},"author":{"name":"Charlotte Frycklund, pr\u00e4st","@id":"https:\/\/blogg.svenskakyrkan.se\/tankarinforhelgen\/#\/schema\/person\/595d75da5bf93cf9ca814c398b63ed6d"},"headline":"Dagen d\u00e5 tacksamheten faller","datePublished":"2023-10-06T07:09:13+00:00","dateModified":"2023-10-06T16:16:34+00:00","mainEntityOfPage":{"@id":"https:\/\/blogg.svenskakyrkan.se\/tankarinforhelgen\/2023\/10\/06\/dagen-da-tacksamheten-faller\/"},"wordCount":588,"commentCount":11,"image":{"@id":"https:\/\/blogg.svenskakyrkan.se\/tankarinforhelgen\/2023\/10\/06\/dagen-da-tacksamheten-faller\/#primaryimage"},"thumbnailUrl":"https:\/\/blogg.svenskakyrkan.se\/tankarinforhelgen\/files\/2023\/10\/IMG_1538-scaled.jpeg","keywords":["Charlotte Frycklund","TANKARINFORHELGEN"],"articleSection":["Tacks\u00e4gelsedagen"],"inLanguage":"sv-SE","potentialAction":[{"@type":"CommentAction","name":"Comment","target":["https:\/\/blogg.svenskakyrkan.se\/tankarinforhelgen\/2023\/10\/06\/dagen-da-tacksamheten-faller\/#respond"]}]},{"@type":"WebPage","@id":"https:\/\/blogg.svenskakyrkan.se\/tankarinforhelgen\/2023\/10\/06\/dagen-da-tacksamheten-faller\/","url":"https:\/\/blogg.svenskakyrkan.se\/tankarinforhelgen\/2023\/10\/06\/dagen-da-tacksamheten-faller\/","name":"Dagen d\u00e5 tacksamheten faller - Tankar inf\u00f6r helgen","isPartOf":{"@id":"https:\/\/blogg.svenskakyrkan.se\/tankarinforhelgen\/#website"},"primaryImageOfPage":{"@id":"https:\/\/blogg.svenskakyrkan.se\/tankarinforhelgen\/2023\/10\/06\/dagen-da-tacksamheten-faller\/#primaryimage"},"image":{"@id":"https:\/\/blogg.svenskakyrkan.se\/tankarinforhelgen\/2023\/10\/06\/dagen-da-tacksamheten-faller\/#primaryimage"},"thumbnailUrl":"https:\/\/blogg.svenskakyrkan.se\/tankarinforhelgen\/files\/2023\/10\/IMG_1538-scaled.jpeg","datePublished":"2023-10-06T07:09:13+00:00","dateModified":"2023-10-06T16:16:34+00:00","author":{"@id":"https:\/\/blogg.svenskakyrkan.se\/tankarinforhelgen\/#\/schema\/person\/595d75da5bf93cf9ca814c398b63ed6d"},"breadcrumb":{"@id":"https:\/\/blogg.svenskakyrkan.se\/tankarinforhelgen\/2023\/10\/06\/dagen-da-tacksamheten-faller\/#breadcrumb"},"inLanguage":"sv-SE","potentialAction":[{"@type":"ReadAction","target":["https:\/\/blogg.svenskakyrkan.se\/tankarinforhelgen\/2023\/10\/06\/dagen-da-tacksamheten-faller\/"]}]},{"@type":"ImageObject","inLanguage":"sv-SE","@id":"https:\/\/blogg.svenskakyrkan.se\/tankarinforhelgen\/2023\/10\/06\/dagen-da-tacksamheten-faller\/#primaryimage","url":"https:\/\/blogg.svenskakyrkan.se\/tankarinforhelgen\/files\/2023\/10\/IMG_1538-scaled.jpeg","contentUrl":"https:\/\/blogg.svenskakyrkan.se\/tankarinforhelgen\/files\/2023\/10\/IMG_1538-scaled.jpeg","width":2560,"height":1670},{"@type":"BreadcrumbList","@id":"https:\/\/blogg.svenskakyrkan.se\/tankarinforhelgen\/2023\/10\/06\/dagen-da-tacksamheten-faller\/#breadcrumb","itemListElement":[{"@type":"ListItem","position":1,"name":"Hem","item":"https:\/\/blogg.svenskakyrkan.se\/tankarinforhelgen\/"},{"@type":"ListItem","position":2,"name":"Dagen d\u00e5 tacksamheten faller"}]},{"@type":"WebSite","@id":"https:\/\/blogg.svenskakyrkan.se\/tankarinforhelgen\/#website","url":"https:\/\/blogg.svenskakyrkan.se\/tankarinforhelgen\/","name":"Tankar inf\u00f6r helgen","description":"Pr\u00e4ster funderar utifr\u00e5n kommande s\u00f6ndags texter","potentialAction":[{"@type":"SearchAction","target":{"@type":"EntryPoint","urlTemplate":"https:\/\/blogg.svenskakyrkan.se\/tankarinforhelgen\/?s={search_term_string}"},"query-input":{"@type":"PropertyValueSpecification","valueRequired":true,"valueName":"search_term_string"}}],"inLanguage":"sv-SE"},{"@type":"Person","@id":"https:\/\/blogg.svenskakyrkan.se\/tankarinforhelgen\/#\/schema\/person\/595d75da5bf93cf9ca814c398b63ed6d","name":"Charlotte Frycklund, pr\u00e4st","image":{"@type":"ImageObject","inLanguage":"sv-SE","@id":"https:\/\/blogg.svenskakyrkan.se\/tankarinforhelgen\/#\/schema\/person\/image\/","url":"https:\/\/secure.gravatar.com\/avatar\/10f37b82bf44def60f716a446302420cc1eb214cca306b573a488614ab47ee87?s=96&d=mm&r=g","contentUrl":"https:\/\/secure.gravatar.com\/avatar\/10f37b82bf44def60f716a446302420cc1eb214cca306b573a488614ab47ee87?s=96&d=mm&r=g","caption":"Charlotte Frycklund, pr\u00e4st"},"url":"https:\/\/blogg.svenskakyrkan.se\/tankarinforhelgen\/author\/charlottefrycklund\/"}]}},"author_meta":{"ID":"569","user_nicename":"charlottefrycklund","user_registered":"2016-05-24 11:46:19","display_name":"Charlotte Frycklund, pr\u00e4st","first_name":"Charlotte","last_name":"Frycklund, pr\u00e4st","avatar":"https:\/\/secure.gravatar.com\/avatar\/10f37b82bf44def60f716a446302420cc1eb214cca306b573a488614ab47ee87?s=96&d=mm&r=g"},"featured_image":["https:\/\/blogg.svenskakyrkan.se\/tankarinforhelgen\/files\/2023\/10\/IMG_1538-1024x668.jpeg",1024,668,true],"bloginfo":{"name":"Tankar inf\u00f6r helgen","url":"https:\/\/blogg.svenskakyrkan.se\/tankarinforhelgen"},"_links":{"self":[{"href":"https:\/\/blogg.svenskakyrkan.se\/tankarinforhelgen\/wp-json\/wp\/v2\/posts\/3210","targetHints":{"allow":["GET"]}}],"collection":[{"href":"https:\/\/blogg.svenskakyrkan.se\/tankarinforhelgen\/wp-json\/wp\/v2\/posts"}],"about":[{"href":"https:\/\/blogg.svenskakyrkan.se\/tankarinforhelgen\/wp-json\/wp\/v2\/types\/post"}],"author":[{"embeddable":true,"href":"https:\/\/blogg.svenskakyrkan.se\/tankarinforhelgen\/wp-json\/wp\/v2\/users\/569"}],"replies":[{"embeddable":true,"href":"https:\/\/blogg.svenskakyrkan.se\/tankarinforhelgen\/wp-json\/wp\/v2\/comments?post=3210"}],"version-history":[{"count":7,"href":"https:\/\/blogg.svenskakyrkan.se\/tankarinforhelgen\/wp-json\/wp\/v2\/posts\/3210\/revisions"}],"predecessor-version":[{"id":3225,"href":"https:\/\/blogg.svenskakyrkan.se\/tankarinforhelgen\/wp-json\/wp\/v2\/posts\/3210\/revisions\/3225"}],"wp:featuredmedia":[{"embeddable":true,"href":"https:\/\/blogg.svenskakyrkan.se\/tankarinforhelgen\/wp-json\/wp\/v2\/media\/3215"}],"wp:attachment":[{"href":"https:\/\/blogg.svenskakyrkan.se\/tankarinforhelgen\/wp-json\/wp\/v2\/media?parent=3210"}],"wp:term":[{"taxonomy":"category","embeddable":true,"href":"https:\/\/blogg.svenskakyrkan.se\/tankarinforhelgen\/wp-json\/wp\/v2\/categories?post=3210"},{"taxonomy":"post_tag","embeddable":true,"href":"https:\/\/blogg.svenskakyrkan.se\/tankarinforhelgen\/wp-json\/wp\/v2\/tags?post=3210"}],"curies":[{"name":"wp","href":"https:\/\/api.w.org\/{rel}","templated":true}]}}