{"id":3226,"date":"2023-10-13T11:08:37","date_gmt":"2023-10-13T09:08:37","guid":{"rendered":"https:\/\/blogg.svenskakyrkan.se\/tankarinforhelgen\/?p=3226"},"modified":"2023-10-13T11:08:38","modified_gmt":"2023-10-13T09:08:38","slug":"den-basta-vannen","status":"publish","type":"post","link":"https:\/\/blogg.svenskakyrkan.se\/tankarinforhelgen\/2023\/10\/13\/den-basta-vannen\/","title":{"rendered":"Den b\u00e4sta v\u00e4nnen"},"content":{"rendered":"\n\n\n<figure class=\"wp-block-image size-full\"><a href=\"https:\/\/blogg.svenskakyrkan.se\/tankarinforhelgen\/files\/2023\/10\/image-2.jpeg\"><img loading=\"lazy\" decoding=\"async\" width=\"1024\" height=\"570\" src=\"https:\/\/blogg.svenskakyrkan.se\/tankarinforhelgen\/files\/2023\/10\/image-2.jpeg\" alt=\"\" class=\"wp-image-3228\" srcset=\"https:\/\/blogg.svenskakyrkan.se\/tankarinforhelgen\/files\/2023\/10\/image-2.jpeg 1024w, https:\/\/blogg.svenskakyrkan.se\/tankarinforhelgen\/files\/2023\/10\/image-2-300x167.jpeg 300w, https:\/\/blogg.svenskakyrkan.se\/tankarinforhelgen\/files\/2023\/10\/image-2-768x428.jpeg 768w\" sizes=\"auto, (max-width: 1024px) 100vw, 1024px\" \/><\/a><\/figure>\n\n\n\n<p>K\u00e4nner du igen en riktig v\u00e4n? En s\u00e5n som inte bara finns d\u00e4r n\u00e4r solen skiner och allt \u00e4r v\u00e4l utan en som st\u00e5r vid din sida ocks\u00e5 n\u00e4r regnet \u00f6ser ner och allt faller samman?<br><br>T\u00e4nker du kanske p\u00e5 n\u00e5gon n\u00e4r jag skriver s\u00e5? Jag t\u00e4nker p\u00e5 personer, p\u00e5 stunder och p\u00e5 tillf\u00e4llen n\u00e4r m\u00e4nniskor klivit in i mitt m\u00f6rker, min pr\u00f6vning och stannat d\u00e4r, ja, eller till och med hj\u00e4lpt mig att hitta v\u00e4gen ut.<br><br>Ni \u00e4r mina v\u00e4nner, s\u00e4ger Jesus. Jag kallar er inte l\u00e4ngre tj\u00e4nare utan v\u00e4nner. Jesus \u00e4r unik i sin tid, men ocks\u00e5 i v\u00e5r tid. Han s\u00e4ger oss att v\u00e4nskapen \u00e4r n\u00e5got att str\u00e4va efter och ett s\u00e4tt att leva p\u00e5.<br><br>Sann v\u00e4nskap handlar om en uppriktig k\u00e4rlek, och p\u00e5 s\u00e4tt och vis att kliva ut ur sin egen bekv\u00e4mlighet f\u00f6r att den andre beh\u00f6ver det. Det \u00e4r att s\u00e4tta en annan m\u00e4nniskas behov framf\u00f6r sina egna och att v\u00e5ga lita p\u00e5 att den g\u00f6r likadant.<br><br>Riktig v\u00e4nskap m\u00f6ter vi i s\u00f6ndagens text, tror jag, och jag vill ta med dig dit. F\u00f6rest\u00e4ll dig att du st\u00e5r framf\u00f6r ett hus och det \u00e4r massor med folk. L\u00e4ngst d\u00e4r inne har du h\u00f6rt att Jesus \u00e4r, han som alla talar om. Du har tagit med dig din v\u00e4n, en person som beh\u00f6ver f\u00e5 m\u00f6ta honom.<br><br>En vanlig v\u00e4n hade kanske sagt att det \u00e4r om\u00f6jligt, att tr\u00e4ngseln \u00e4r f\u00f6r stor och att ni f\u00e5r f\u00f6rs\u00f6ka en annan dag. Du t\u00e4nker kanske att det inte g\u00e5r att ta morgondagen f\u00f6r given, eller s\u00e5 uppfylls du av en kampgl\u00f6d f\u00f6r din v\u00e4n. Din v\u00e4ns behov blir det viktiga, det kan inte vara om\u00f6jligt.<br><br>Du ser att taket \u00e4r en tempor\u00e4r konstruktion, och inser att det g\u00e5r att bryta upp. Du samlar v\u00e4nnerna, ni kl\u00e4ttrar upp och sliter upp taket. Vanliga v\u00e4nner hade inte gjort det, men just h\u00e4r och just nu \u00e4r ni ovanliga v\u00e4nner. Ni tar en annan v\u00e4g, f\u00f6r er v\u00e4n \u00e4r s\u00e5 viktig f\u00f6r er.<br><br>Jesus f\u00e5r solen i ansiktet och ni hissar ner er v\u00e4n p\u00e5 b\u00e4dden som begr\u00e4nsat honom st\u00f6rre delen av livet. D\u00e4r i tr\u00e4ngseln m\u00f6ter er v\u00e4n Jesus och Jesus m\u00f6ter v\u00e4nnen. \u00a0Ni ser till att de f\u00e5r m\u00f6tas \u00f6ga mot \u00f6ga, kanske h\u00e5ller Jesus er v\u00e4n i handen. Jesus s\u00e5g er tro, ber\u00e4ttar evangelisten. Er tro, inte v\u00e4nnens. Det \u00e4r kanske just det som \u00e4r po\u00e4ngen, att v\u00e5r tro g\u00f6r skillnad.<br><br>Det h\u00e4r \u00e4r en tidl\u00f6s ber\u00e4ttelse om tro, om ovanlig v\u00e4nskap och om hur n\u00e4rheten till Jesus kan f\u00f6r\u00e4ndra livet. Jag f\u00f6rst\u00e5r f\u00f6rst\u00e5s om ber\u00e4ttelsen \u00e4r fr\u00e4mmande f\u00f6r dig, f\u00f6r det \u00e4r ont om tak som g\u00e5r att bryta upp och v\u00e4nner som \u00e4r begr\u00e4nsade till b\u00e4ddar. Iallafall om vi tolkar ber\u00e4ttelsen ordagrant. Men om ber\u00e4ttelsen f\u00e5r vara liknelser, ja, d\u00e5 \u00e4r det gott om b\u00e5de tak och b\u00e4ddar ocks\u00e5 i v\u00e5r tid. Eller \u00e4r det ocks\u00e5 ont om v\u00e4nner i v\u00e5r tid?<br><br>Det \u00e4r kanske v\u00e5r utmaning inf\u00f6r dagarna som v\u00e4ntar: att fundera p\u00e5 hur vi kan vara v\u00e4nner. Till dem som st\u00e5r oss n\u00e4ra, till dem som vi m\u00f6ter i det dagliga livet och om vi v\u00e5gar ocks\u00e5 till dem som vi normalt inte s\u00f6ker oss till. Det handlar om att v\u00e5ga komma med en liten strimma av ljus n\u00e4r allt verkar vara m\u00f6rkt.<br><br>Det kr\u00e4ver n\u00e5got av oss i form av tid, energi och inst\u00e4llning. T\u00e4nk att f\u00e5 st\u00e5 d\u00e4r, i v\u00e4nnens gl\u00e4dje och veta att mina enkla handlingar gjorde skillnad &#8211; det \u00e4r en g\u00e5va som tron ger.<\/p>\n","protected":false},"excerpt":{"rendered":"<p>K\u00e4nner du igen en riktig v\u00e4n? En s\u00e5n som inte bara finns d\u00e4r n\u00e4r solen skiner och allt \u00e4r v\u00e4l utan en som st\u00e5r vid din sida ocks\u00e5 n\u00e4r regnet \u00f6ser ner och allt faller samman? T\u00e4nker du kanske p\u00e5 n\u00e5gon n\u00e4r jag skriver s\u00e5? Jag t\u00e4nker p\u00e5 personer, p\u00e5 stunder och p\u00e5 tillf\u00e4llen n\u00e4r [&hellip;]<\/p>\n","protected":false},"author":672,"featured_media":3227,"comment_status":"open","ping_status":"open","sticky":false,"template":"","format":"standard","meta":{"_acf_changed":false,"footnotes":""},"categories":[142444],"tags":[142465,142457],"class_list":["post-3226","post","type-post","status-publish","format-standard","has-post-thumbnail","hentry","category-19e-sondagen-efter-trefaldighet","tag-catharina-carlsson","tag-tankarinforhelgen"],"acf":[],"yoast_head":"<!-- This site is optimized with the Yoast SEO plugin v27.1.1 - https:\/\/yoast.com\/product\/yoast-seo-wordpress\/ -->\n<title>Den b\u00e4sta v\u00e4nnen - Tankar inf\u00f6r helgen<\/title>\n<meta name=\"robots\" content=\"index, follow, max-snippet:-1, max-image-preview:large, max-video-preview:-1\" \/>\n<link rel=\"canonical\" href=\"https:\/\/blogg.svenskakyrkan.se\/tankarinforhelgen\/2023\/10\/13\/den-basta-vannen\/\" \/>\n<meta property=\"og:locale\" content=\"sv_SE\" \/>\n<meta property=\"og:type\" content=\"article\" \/>\n<meta property=\"og:title\" content=\"Den b\u00e4sta v\u00e4nnen - Tankar inf\u00f6r helgen\" \/>\n<meta property=\"og:description\" content=\"K\u00e4nner du igen en riktig v\u00e4n? En s\u00e5n som inte bara finns d\u00e4r n\u00e4r solen skiner och allt \u00e4r v\u00e4l utan en som st\u00e5r vid din sida ocks\u00e5 n\u00e4r regnet \u00f6ser ner och allt faller samman? T\u00e4nker du kanske p\u00e5 n\u00e5gon n\u00e4r jag skriver s\u00e5? Jag t\u00e4nker p\u00e5 personer, p\u00e5 stunder och p\u00e5 tillf\u00e4llen n\u00e4r [&hellip;]\" \/>\n<meta property=\"og:url\" content=\"https:\/\/blogg.svenskakyrkan.se\/tankarinforhelgen\/2023\/10\/13\/den-basta-vannen\/\" \/>\n<meta property=\"og:site_name\" content=\"Tankar inf\u00f6r helgen\" \/>\n<meta property=\"article:published_time\" content=\"2023-10-13T09:08:37+00:00\" \/>\n<meta property=\"article:modified_time\" content=\"2023-10-13T09:08:38+00:00\" \/>\n<meta property=\"og:image\" content=\"http:\/\/blogg.svenskakyrkan.se\/tankarinforhelgen\/files\/2023\/10\/IMG_1575-scaled.jpeg\" \/>\n\t<meta property=\"og:image:width\" content=\"2560\" \/>\n\t<meta property=\"og:image:height\" content=\"1426\" \/>\n\t<meta property=\"og:image:type\" content=\"image\/jpeg\" \/>\n<meta name=\"author\" content=\"Catharina Carlsson, pr\u00e4st\" \/>\n<meta name=\"twitter:card\" content=\"summary_large_image\" \/>\n<meta name=\"twitter:label1\" content=\"Skriven av\" \/>\n\t<meta name=\"twitter:data1\" content=\"Catharina Carlsson, pr\u00e4st\" \/>\n\t<meta name=\"twitter:label2\" content=\"Ber\u00e4knad l\u00e4stid\" \/>\n\t<meta name=\"twitter:data2\" content=\"4 minuter\" \/>\n<script type=\"application\/ld+json\" class=\"yoast-schema-graph\">{\"@context\":\"https:\/\/schema.org\",\"@graph\":[{\"@type\":\"Article\",\"@id\":\"https:\/\/blogg.svenskakyrkan.se\/tankarinforhelgen\/2023\/10\/13\/den-basta-vannen\/#article\",\"isPartOf\":{\"@id\":\"https:\/\/blogg.svenskakyrkan.se\/tankarinforhelgen\/2023\/10\/13\/den-basta-vannen\/\"},\"author\":{\"name\":\"Catharina Carlsson, pr\u00e4st\",\"@id\":\"https:\/\/blogg.svenskakyrkan.se\/tankarinforhelgen\/#\/schema\/person\/d822d69bf74ba8b653a523a24142ad17\"},\"headline\":\"Den b\u00e4sta v\u00e4nnen\",\"datePublished\":\"2023-10-13T09:08:37+00:00\",\"dateModified\":\"2023-10-13T09:08:38+00:00\",\"mainEntityOfPage\":{\"@id\":\"https:\/\/blogg.svenskakyrkan.se\/tankarinforhelgen\/2023\/10\/13\/den-basta-vannen\/\"},\"wordCount\":739,\"commentCount\":1,\"image\":{\"@id\":\"https:\/\/blogg.svenskakyrkan.se\/tankarinforhelgen\/2023\/10\/13\/den-basta-vannen\/#primaryimage\"},\"thumbnailUrl\":\"https:\/\/blogg.svenskakyrkan.se\/tankarinforhelgen\/files\/2023\/10\/IMG_1575-scaled.jpeg\",\"keywords\":[\"Catharina Carlsson\",\"TANKARINFORHELGEN\"],\"articleSection\":[\"19:e s\u00f6ndagen efter trefaldighet\"],\"inLanguage\":\"sv-SE\",\"potentialAction\":[{\"@type\":\"CommentAction\",\"name\":\"Comment\",\"target\":[\"https:\/\/blogg.svenskakyrkan.se\/tankarinforhelgen\/2023\/10\/13\/den-basta-vannen\/#respond\"]}]},{\"@type\":\"WebPage\",\"@id\":\"https:\/\/blogg.svenskakyrkan.se\/tankarinforhelgen\/2023\/10\/13\/den-basta-vannen\/\",\"url\":\"https:\/\/blogg.svenskakyrkan.se\/tankarinforhelgen\/2023\/10\/13\/den-basta-vannen\/\",\"name\":\"Den b\u00e4sta v\u00e4nnen - Tankar inf\u00f6r helgen\",\"isPartOf\":{\"@id\":\"https:\/\/blogg.svenskakyrkan.se\/tankarinforhelgen\/#website\"},\"primaryImageOfPage\":{\"@id\":\"https:\/\/blogg.svenskakyrkan.se\/tankarinforhelgen\/2023\/10\/13\/den-basta-vannen\/#primaryimage\"},\"image\":{\"@id\":\"https:\/\/blogg.svenskakyrkan.se\/tankarinforhelgen\/2023\/10\/13\/den-basta-vannen\/#primaryimage\"},\"thumbnailUrl\":\"https:\/\/blogg.svenskakyrkan.se\/tankarinforhelgen\/files\/2023\/10\/IMG_1575-scaled.jpeg\",\"datePublished\":\"2023-10-13T09:08:37+00:00\",\"dateModified\":\"2023-10-13T09:08:38+00:00\",\"author\":{\"@id\":\"https:\/\/blogg.svenskakyrkan.se\/tankarinforhelgen\/#\/schema\/person\/d822d69bf74ba8b653a523a24142ad17\"},\"breadcrumb\":{\"@id\":\"https:\/\/blogg.svenskakyrkan.se\/tankarinforhelgen\/2023\/10\/13\/den-basta-vannen\/#breadcrumb\"},\"inLanguage\":\"sv-SE\",\"potentialAction\":[{\"@type\":\"ReadAction\",\"target\":[\"https:\/\/blogg.svenskakyrkan.se\/tankarinforhelgen\/2023\/10\/13\/den-basta-vannen\/\"]}]},{\"@type\":\"ImageObject\",\"inLanguage\":\"sv-SE\",\"@id\":\"https:\/\/blogg.svenskakyrkan.se\/tankarinforhelgen\/2023\/10\/13\/den-basta-vannen\/#primaryimage\",\"url\":\"https:\/\/blogg.svenskakyrkan.se\/tankarinforhelgen\/files\/2023\/10\/IMG_1575-scaled.jpeg\",\"contentUrl\":\"https:\/\/blogg.svenskakyrkan.se\/tankarinforhelgen\/files\/2023\/10\/IMG_1575-scaled.jpeg\",\"width\":2560,\"height\":1426},{\"@type\":\"BreadcrumbList\",\"@id\":\"https:\/\/blogg.svenskakyrkan.se\/tankarinforhelgen\/2023\/10\/13\/den-basta-vannen\/#breadcrumb\",\"itemListElement\":[{\"@type\":\"ListItem\",\"position\":1,\"name\":\"Hem\",\"item\":\"https:\/\/blogg.svenskakyrkan.se\/tankarinforhelgen\/\"},{\"@type\":\"ListItem\",\"position\":2,\"name\":\"Den b\u00e4sta v\u00e4nnen\"}]},{\"@type\":\"WebSite\",\"@id\":\"https:\/\/blogg.svenskakyrkan.se\/tankarinforhelgen\/#website\",\"url\":\"https:\/\/blogg.svenskakyrkan.se\/tankarinforhelgen\/\",\"name\":\"Tankar inf\u00f6r helgen\",\"description\":\"Pr\u00e4ster funderar utifr\u00e5n kommande s\u00f6ndags texter\",\"potentialAction\":[{\"@type\":\"SearchAction\",\"target\":{\"@type\":\"EntryPoint\",\"urlTemplate\":\"https:\/\/blogg.svenskakyrkan.se\/tankarinforhelgen\/?s={search_term_string}\"},\"query-input\":{\"@type\":\"PropertyValueSpecification\",\"valueRequired\":true,\"valueName\":\"search_term_string\"}}],\"inLanguage\":\"sv-SE\"},{\"@type\":\"Person\",\"@id\":\"https:\/\/blogg.svenskakyrkan.se\/tankarinforhelgen\/#\/schema\/person\/d822d69bf74ba8b653a523a24142ad17\",\"name\":\"Catharina Carlsson, pr\u00e4st\",\"image\":{\"@type\":\"ImageObject\",\"inLanguage\":\"sv-SE\",\"@id\":\"https:\/\/blogg.svenskakyrkan.se\/tankarinforhelgen\/#\/schema\/person\/image\/\",\"url\":\"https:\/\/secure.gravatar.com\/avatar\/a05095351d4bef3936c8e5eb4759b56ae7498e54a3370d1dbcd55cd306192198?s=96&d=mm&r=g\",\"contentUrl\":\"https:\/\/secure.gravatar.com\/avatar\/a05095351d4bef3936c8e5eb4759b56ae7498e54a3370d1dbcd55cd306192198?s=96&d=mm&r=g\",\"caption\":\"Catharina Carlsson, pr\u00e4st\"},\"url\":\"https:\/\/blogg.svenskakyrkan.se\/tankarinforhelgen\/author\/catharinacarlsson\/\"}]}<\/script>\n<!-- \/ Yoast SEO plugin. -->","yoast_head_json":{"title":"Den b\u00e4sta v\u00e4nnen - Tankar inf\u00f6r helgen","robots":{"index":"index","follow":"follow","max-snippet":"max-snippet:-1","max-image-preview":"max-image-preview:large","max-video-preview":"max-video-preview:-1"},"canonical":"https:\/\/blogg.svenskakyrkan.se\/tankarinforhelgen\/2023\/10\/13\/den-basta-vannen\/","og_locale":"sv_SE","og_type":"article","og_title":"Den b\u00e4sta v\u00e4nnen - Tankar inf\u00f6r helgen","og_description":"K\u00e4nner du igen en riktig v\u00e4n? En s\u00e5n som inte bara finns d\u00e4r n\u00e4r solen skiner och allt \u00e4r v\u00e4l utan en som st\u00e5r vid din sida ocks\u00e5 n\u00e4r regnet \u00f6ser ner och allt faller samman? T\u00e4nker du kanske p\u00e5 n\u00e5gon n\u00e4r jag skriver s\u00e5? Jag t\u00e4nker p\u00e5 personer, p\u00e5 stunder och p\u00e5 tillf\u00e4llen n\u00e4r [&hellip;]","og_url":"https:\/\/blogg.svenskakyrkan.se\/tankarinforhelgen\/2023\/10\/13\/den-basta-vannen\/","og_site_name":"Tankar inf\u00f6r helgen","article_published_time":"2023-10-13T09:08:37+00:00","article_modified_time":"2023-10-13T09:08:38+00:00","og_image":[{"width":2560,"height":1426,"url":"http:\/\/blogg.svenskakyrkan.se\/tankarinforhelgen\/files\/2023\/10\/IMG_1575-scaled.jpeg","type":"image\/jpeg"}],"author":"Catharina Carlsson, pr\u00e4st","twitter_card":"summary_large_image","twitter_misc":{"Skriven av":"Catharina Carlsson, pr\u00e4st","Ber\u00e4knad l\u00e4stid":"4 minuter"},"schema":{"@context":"https:\/\/schema.org","@graph":[{"@type":"Article","@id":"https:\/\/blogg.svenskakyrkan.se\/tankarinforhelgen\/2023\/10\/13\/den-basta-vannen\/#article","isPartOf":{"@id":"https:\/\/blogg.svenskakyrkan.se\/tankarinforhelgen\/2023\/10\/13\/den-basta-vannen\/"},"author":{"name":"Catharina Carlsson, pr\u00e4st","@id":"https:\/\/blogg.svenskakyrkan.se\/tankarinforhelgen\/#\/schema\/person\/d822d69bf74ba8b653a523a24142ad17"},"headline":"Den b\u00e4sta v\u00e4nnen","datePublished":"2023-10-13T09:08:37+00:00","dateModified":"2023-10-13T09:08:38+00:00","mainEntityOfPage":{"@id":"https:\/\/blogg.svenskakyrkan.se\/tankarinforhelgen\/2023\/10\/13\/den-basta-vannen\/"},"wordCount":739,"commentCount":1,"image":{"@id":"https:\/\/blogg.svenskakyrkan.se\/tankarinforhelgen\/2023\/10\/13\/den-basta-vannen\/#primaryimage"},"thumbnailUrl":"https:\/\/blogg.svenskakyrkan.se\/tankarinforhelgen\/files\/2023\/10\/IMG_1575-scaled.jpeg","keywords":["Catharina Carlsson","TANKARINFORHELGEN"],"articleSection":["19:e s\u00f6ndagen efter trefaldighet"],"inLanguage":"sv-SE","potentialAction":[{"@type":"CommentAction","name":"Comment","target":["https:\/\/blogg.svenskakyrkan.se\/tankarinforhelgen\/2023\/10\/13\/den-basta-vannen\/#respond"]}]},{"@type":"WebPage","@id":"https:\/\/blogg.svenskakyrkan.se\/tankarinforhelgen\/2023\/10\/13\/den-basta-vannen\/","url":"https:\/\/blogg.svenskakyrkan.se\/tankarinforhelgen\/2023\/10\/13\/den-basta-vannen\/","name":"Den b\u00e4sta v\u00e4nnen - Tankar inf\u00f6r helgen","isPartOf":{"@id":"https:\/\/blogg.svenskakyrkan.se\/tankarinforhelgen\/#website"},"primaryImageOfPage":{"@id":"https:\/\/blogg.svenskakyrkan.se\/tankarinforhelgen\/2023\/10\/13\/den-basta-vannen\/#primaryimage"},"image":{"@id":"https:\/\/blogg.svenskakyrkan.se\/tankarinforhelgen\/2023\/10\/13\/den-basta-vannen\/#primaryimage"},"thumbnailUrl":"https:\/\/blogg.svenskakyrkan.se\/tankarinforhelgen\/files\/2023\/10\/IMG_1575-scaled.jpeg","datePublished":"2023-10-13T09:08:37+00:00","dateModified":"2023-10-13T09:08:38+00:00","author":{"@id":"https:\/\/blogg.svenskakyrkan.se\/tankarinforhelgen\/#\/schema\/person\/d822d69bf74ba8b653a523a24142ad17"},"breadcrumb":{"@id":"https:\/\/blogg.svenskakyrkan.se\/tankarinforhelgen\/2023\/10\/13\/den-basta-vannen\/#breadcrumb"},"inLanguage":"sv-SE","potentialAction":[{"@type":"ReadAction","target":["https:\/\/blogg.svenskakyrkan.se\/tankarinforhelgen\/2023\/10\/13\/den-basta-vannen\/"]}]},{"@type":"ImageObject","inLanguage":"sv-SE","@id":"https:\/\/blogg.svenskakyrkan.se\/tankarinforhelgen\/2023\/10\/13\/den-basta-vannen\/#primaryimage","url":"https:\/\/blogg.svenskakyrkan.se\/tankarinforhelgen\/files\/2023\/10\/IMG_1575-scaled.jpeg","contentUrl":"https:\/\/blogg.svenskakyrkan.se\/tankarinforhelgen\/files\/2023\/10\/IMG_1575-scaled.jpeg","width":2560,"height":1426},{"@type":"BreadcrumbList","@id":"https:\/\/blogg.svenskakyrkan.se\/tankarinforhelgen\/2023\/10\/13\/den-basta-vannen\/#breadcrumb","itemListElement":[{"@type":"ListItem","position":1,"name":"Hem","item":"https:\/\/blogg.svenskakyrkan.se\/tankarinforhelgen\/"},{"@type":"ListItem","position":2,"name":"Den b\u00e4sta v\u00e4nnen"}]},{"@type":"WebSite","@id":"https:\/\/blogg.svenskakyrkan.se\/tankarinforhelgen\/#website","url":"https:\/\/blogg.svenskakyrkan.se\/tankarinforhelgen\/","name":"Tankar inf\u00f6r helgen","description":"Pr\u00e4ster funderar utifr\u00e5n kommande s\u00f6ndags texter","potentialAction":[{"@type":"SearchAction","target":{"@type":"EntryPoint","urlTemplate":"https:\/\/blogg.svenskakyrkan.se\/tankarinforhelgen\/?s={search_term_string}"},"query-input":{"@type":"PropertyValueSpecification","valueRequired":true,"valueName":"search_term_string"}}],"inLanguage":"sv-SE"},{"@type":"Person","@id":"https:\/\/blogg.svenskakyrkan.se\/tankarinforhelgen\/#\/schema\/person\/d822d69bf74ba8b653a523a24142ad17","name":"Catharina Carlsson, pr\u00e4st","image":{"@type":"ImageObject","inLanguage":"sv-SE","@id":"https:\/\/blogg.svenskakyrkan.se\/tankarinforhelgen\/#\/schema\/person\/image\/","url":"https:\/\/secure.gravatar.com\/avatar\/a05095351d4bef3936c8e5eb4759b56ae7498e54a3370d1dbcd55cd306192198?s=96&d=mm&r=g","contentUrl":"https:\/\/secure.gravatar.com\/avatar\/a05095351d4bef3936c8e5eb4759b56ae7498e54a3370d1dbcd55cd306192198?s=96&d=mm&r=g","caption":"Catharina Carlsson, pr\u00e4st"},"url":"https:\/\/blogg.svenskakyrkan.se\/tankarinforhelgen\/author\/catharinacarlsson\/"}]}},"author_meta":{"ID":"672","user_nicename":"catharinacarlsson","user_registered":"2018-04-10 11:22:30","display_name":"Catharina Carlsson, pr\u00e4st","first_name":"Catharina","last_name":"Carlsson, pr\u00e4st","avatar":"https:\/\/secure.gravatar.com\/avatar\/a05095351d4bef3936c8e5eb4759b56ae7498e54a3370d1dbcd55cd306192198?s=96&d=mm&r=g"},"featured_image":["https:\/\/blogg.svenskakyrkan.se\/tankarinforhelgen\/files\/2023\/10\/IMG_1575-1024x570.jpeg",1024,570,true],"bloginfo":{"name":"Tankar inf\u00f6r helgen","url":"https:\/\/blogg.svenskakyrkan.se\/tankarinforhelgen"},"_links":{"self":[{"href":"https:\/\/blogg.svenskakyrkan.se\/tankarinforhelgen\/wp-json\/wp\/v2\/posts\/3226","targetHints":{"allow":["GET"]}}],"collection":[{"href":"https:\/\/blogg.svenskakyrkan.se\/tankarinforhelgen\/wp-json\/wp\/v2\/posts"}],"about":[{"href":"https:\/\/blogg.svenskakyrkan.se\/tankarinforhelgen\/wp-json\/wp\/v2\/types\/post"}],"author":[{"embeddable":true,"href":"https:\/\/blogg.svenskakyrkan.se\/tankarinforhelgen\/wp-json\/wp\/v2\/users\/672"}],"replies":[{"embeddable":true,"href":"https:\/\/blogg.svenskakyrkan.se\/tankarinforhelgen\/wp-json\/wp\/v2\/comments?post=3226"}],"version-history":[{"count":1,"href":"https:\/\/blogg.svenskakyrkan.se\/tankarinforhelgen\/wp-json\/wp\/v2\/posts\/3226\/revisions"}],"predecessor-version":[{"id":3229,"href":"https:\/\/blogg.svenskakyrkan.se\/tankarinforhelgen\/wp-json\/wp\/v2\/posts\/3226\/revisions\/3229"}],"wp:featuredmedia":[{"embeddable":true,"href":"https:\/\/blogg.svenskakyrkan.se\/tankarinforhelgen\/wp-json\/wp\/v2\/media\/3227"}],"wp:attachment":[{"href":"https:\/\/blogg.svenskakyrkan.se\/tankarinforhelgen\/wp-json\/wp\/v2\/media?parent=3226"}],"wp:term":[{"taxonomy":"category","embeddable":true,"href":"https:\/\/blogg.svenskakyrkan.se\/tankarinforhelgen\/wp-json\/wp\/v2\/categories?post=3226"},{"taxonomy":"post_tag","embeddable":true,"href":"https:\/\/blogg.svenskakyrkan.se\/tankarinforhelgen\/wp-json\/wp\/v2\/tags?post=3226"}],"curies":[{"name":"wp","href":"https:\/\/api.w.org\/{rel}","templated":true}]}}