{"id":3230,"date":"2023-10-20T10:07:14","date_gmt":"2023-10-20T08:07:14","guid":{"rendered":"https:\/\/blogg.svenskakyrkan.se\/tankarinforhelgen\/?p=3230"},"modified":"2023-10-20T10:45:53","modified_gmt":"2023-10-20T08:45:53","slug":"att-fa-bli-sig-sjalv","status":"publish","type":"post","link":"https:\/\/blogg.svenskakyrkan.se\/tankarinforhelgen\/2023\/10\/20\/att-fa-bli-sig-sjalv\/","title":{"rendered":"Att f\u00e5 bli sig sj\u00e4lv"},"content":{"rendered":"\n\n\n<figure class=\"wp-block-image size-full\"><a href=\"https:\/\/blogg.svenskakyrkan.se\/tankarinforhelgen\/files\/2023\/10\/image-4.jpeg\"><img loading=\"lazy\" decoding=\"async\" width=\"1024\" height=\"572\" src=\"https:\/\/blogg.svenskakyrkan.se\/tankarinforhelgen\/files\/2023\/10\/image-4.jpeg\" alt=\"\" class=\"wp-image-3235\" srcset=\"https:\/\/blogg.svenskakyrkan.se\/tankarinforhelgen\/files\/2023\/10\/image-4.jpeg 1024w, https:\/\/blogg.svenskakyrkan.se\/tankarinforhelgen\/files\/2023\/10\/image-4-300x168.jpeg 300w, https:\/\/blogg.svenskakyrkan.se\/tankarinforhelgen\/files\/2023\/10\/image-4-768x429.jpeg 768w\" sizes=\"auto, (max-width: 1024px) 100vw, 1024px\" \/><\/a><\/figure>\n\n\n\n<p>Jag var den t\u00f6ntiga p\u00e5 h\u00f6gstadiet, hon som h\u00e4ngde i kyrkan, tyckte att h\u00f6ga ljud och mycket m\u00e4nniskor var jobbiga. Jag var lillgammal och ganska r\u00e4dd f\u00f6r m\u00e5nga saker och s\u00e5 fastnade jag i n\u00e5got slags gr\u00e4nsland. Jag var inte riktigt mobbad, men inte heller riktigt med. Det var mig man himlade med \u00f6gonen mot, eller fnissade \u00e5t n\u00e4r jag sa n\u00e5got typiskt t\u00f6ntigt.<br><br>Vi visste det instinktivt p\u00e5 mitt h\u00f6gstadium: vilka som var de coola, de t\u00f6ntiga, de mobbade, de sn\u00e4lla, de farliga och s\u00e5 vidare. Det var som att det stod skrivet i pannan p\u00e5 oss n\u00e4r vi r\u00f6rde oss runt i skolans korridorer, n\u00e4r vi tr\u00e4ffades p\u00e5 tr\u00e4ningen eller n\u00e4r vi gick till fritidsg\u00e5rden.<br><br>Inget av det h\u00e4r var det jobbigaste, utan det allra jobbigaste var att alla trodde de visste vem jag var. Jag definierades utifr\u00e5n mina f\u00f6r\u00e4ldrar och deras roll i lokalsamh\u00e4llet, och efter den rollen jag tilldelats i skolan. Det fanns inte plats f\u00f6r f\u00f6r\u00e4ndring, v\u00e4xt och mognad eller f\u00f6r att jag kanske inte var precis som mina f\u00f6r\u00e4ldrar trots att jag var deras barn.<br><br>Det \u00e4r m\u00e4rkligt tr\u00f6stande att 20 \u00e5r senare l\u00e4sa den evangelietexten som kommer l\u00e4sas i kyrkorna p\u00e5 s\u00f6ndag. Det \u00e4r inte bara vi som \u00e4r uppvuxna p\u00e5 sm\u00e5 orter p\u00e5 90-talet som b\u00e4r p\u00e5 erfarenheterna av att andra tror att de vet vilka vi \u00e4r, baserat p\u00e5 v\u00e5ra f\u00f6r\u00e4ldrar, syskon och v\u00e4nner.<br><br>Jesus har ocks\u00e5 erfarenheten av att bli ifr\u00e5gasatt n\u00e4r han f\u00f6r\u00e4ndras, n\u00e4r han v\u00e4xer in i den han ska vara och det som \u00e4r hans uppdrag i v\u00e4rlden. M\u00e4nniskor kan inte se f\u00f6rbi sina bilder av vem han borde vara n\u00e4r hans mamma heter Maria och de k\u00e4nner hans br\u00f6der. Det \u00e4r sv\u00e5rt f\u00f6r oss n\u00e4r m\u00e4nniskor runt omkring oss v\u00e4xer ur de l\u00e5dor vi placerat in dem i, \u00e4nd\u00e5 h\u00e4nder det hela tiden.<br><br>En av de allra st\u00f6rsta utmaningarna med att leva tillsammans med andra m\u00e4nniskor \u00e4r att till\u00e5ta dem att v\u00e4xa och f\u00f6r\u00e4ndras. N\u00e4stan lika stor \u00e4r utmaningen att till\u00e5ta sig sj\u00e4lv att f\u00f6r\u00e4ndras, mogna in i det som \u00e4r jag och l\u00e5ta det synas, utan r\u00e4dsla. Hur k\u00e4nde sig Jesus n\u00e4r han, som var k\u00e4nd som snickarens son, stod d\u00e4r inf\u00f6r alla som k\u00e4nt honom som barn? Var han orolig? Var han trygg med att Gud var med honom? Var han ledsen \u00f6ver att m\u00e4nniskor han k\u00e4nt hela sitt liv inte kunde se vem han hade blivit?<br><br>Jag har knappt varit tillbaka i orten jag v\u00e4xte upp sedan jag flyttade d\u00e4rifr\u00e5n f\u00f6r 16 \u00e5r sedan. N\u00e4r jag l\u00e4mnade den lilla orten \u00f6ppnades pl\u00f6tsligt m\u00f6jligheterna att utforska vem jag \u00e4r, bortom alla de roller jag blivit tilldelad och tagit p\u00e5 mig. Vem hade Gud skapat mig till att vara, tillsammans med andra? Jag utforskar det fortfarande, och med det s\u00e5 v\u00e4xer jag och f\u00f6r\u00e4ndras, aldrig ensam, alltid tillsammans med Gud och andra.<\/p>\n","protected":false},"excerpt":{"rendered":"<p>Jag var den t\u00f6ntiga p\u00e5 h\u00f6gstadiet, hon som h\u00e4ngde i kyrkan, tyckte att h\u00f6ga ljud och mycket m\u00e4nniskor var jobbiga. Jag var lillgammal och ganska r\u00e4dd f\u00f6r m\u00e5nga saker och s\u00e5 fastnade jag i n\u00e5got slags gr\u00e4nsland. Jag var inte riktigt mobbad, men inte heller riktigt med. Det var mig man himlade med \u00f6gonen mot, [&hellip;]<\/p>\n","protected":false},"author":569,"featured_media":3234,"comment_status":"open","ping_status":"open","sticky":false,"template":"","format":"standard","meta":{"_acf_changed":false,"footnotes":""},"categories":[140880],"tags":[159877,159870],"class_list":["post-3230","post","type-post","status-publish","format-standard","has-post-thumbnail","hentry","category-20e-sondagen-efter-trefaldighet","tag-emelie-ekelund","tag-tankarinforhelgen-2"],"acf":[],"yoast_head":"<!-- This site is optimized with the Yoast SEO plugin v27.1.1 - https:\/\/yoast.com\/product\/yoast-seo-wordpress\/ -->\n<title>Att f\u00e5 bli sig sj\u00e4lv - Tankar inf\u00f6r helgen<\/title>\n<meta name=\"robots\" content=\"index, follow, max-snippet:-1, max-image-preview:large, max-video-preview:-1\" \/>\n<link rel=\"canonical\" href=\"https:\/\/blogg.svenskakyrkan.se\/tankarinforhelgen\/2023\/10\/20\/att-fa-bli-sig-sjalv\/\" \/>\n<meta property=\"og:locale\" content=\"sv_SE\" \/>\n<meta property=\"og:type\" content=\"article\" \/>\n<meta property=\"og:title\" content=\"Att f\u00e5 bli sig sj\u00e4lv - Tankar inf\u00f6r helgen\" \/>\n<meta property=\"og:description\" content=\"Jag var den t\u00f6ntiga p\u00e5 h\u00f6gstadiet, hon som h\u00e4ngde i kyrkan, tyckte att h\u00f6ga ljud och mycket m\u00e4nniskor var jobbiga. Jag var lillgammal och ganska r\u00e4dd f\u00f6r m\u00e5nga saker och s\u00e5 fastnade jag i n\u00e5got slags gr\u00e4nsland. Jag var inte riktigt mobbad, men inte heller riktigt med. Det var mig man himlade med \u00f6gonen mot, [&hellip;]\" \/>\n<meta property=\"og:url\" content=\"https:\/\/blogg.svenskakyrkan.se\/tankarinforhelgen\/2023\/10\/20\/att-fa-bli-sig-sjalv\/\" \/>\n<meta property=\"og:site_name\" content=\"Tankar inf\u00f6r helgen\" \/>\n<meta property=\"article:published_time\" content=\"2023-10-20T08:07:14+00:00\" \/>\n<meta property=\"article:modified_time\" content=\"2023-10-20T08:45:53+00:00\" \/>\n<meta property=\"og:image\" content=\"http:\/\/blogg.svenskakyrkan.se\/tankarinforhelgen\/files\/2023\/10\/IMG_1604-scaled.jpeg\" \/>\n\t<meta property=\"og:image:width\" content=\"2560\" \/>\n\t<meta property=\"og:image:height\" content=\"1430\" \/>\n\t<meta property=\"og:image:type\" content=\"image\/jpeg\" \/>\n<meta name=\"author\" content=\"Charlotte Frycklund, pr\u00e4st\" \/>\n<meta name=\"twitter:card\" content=\"summary_large_image\" \/>\n<meta name=\"twitter:label1\" content=\"Skriven av\" \/>\n\t<meta name=\"twitter:data1\" content=\"Charlotte Frycklund, pr\u00e4st\" \/>\n\t<meta name=\"twitter:label2\" content=\"Ber\u00e4knad l\u00e4stid\" \/>\n\t<meta name=\"twitter:data2\" content=\"3 minuter\" \/>\n<script type=\"application\/ld+json\" class=\"yoast-schema-graph\">{\"@context\":\"https:\/\/schema.org\",\"@graph\":[{\"@type\":\"Article\",\"@id\":\"https:\/\/blogg.svenskakyrkan.se\/tankarinforhelgen\/2023\/10\/20\/att-fa-bli-sig-sjalv\/#article\",\"isPartOf\":{\"@id\":\"https:\/\/blogg.svenskakyrkan.se\/tankarinforhelgen\/2023\/10\/20\/att-fa-bli-sig-sjalv\/\"},\"author\":{\"name\":\"Charlotte Frycklund, pr\u00e4st\",\"@id\":\"https:\/\/blogg.svenskakyrkan.se\/tankarinforhelgen\/#\/schema\/person\/595d75da5bf93cf9ca814c398b63ed6d\"},\"headline\":\"Att f\u00e5 bli sig sj\u00e4lv\",\"datePublished\":\"2023-10-20T08:07:14+00:00\",\"dateModified\":\"2023-10-20T08:45:53+00:00\",\"mainEntityOfPage\":{\"@id\":\"https:\/\/blogg.svenskakyrkan.se\/tankarinforhelgen\/2023\/10\/20\/att-fa-bli-sig-sjalv\/\"},\"wordCount\":577,\"commentCount\":1,\"image\":{\"@id\":\"https:\/\/blogg.svenskakyrkan.se\/tankarinforhelgen\/2023\/10\/20\/att-fa-bli-sig-sjalv\/#primaryimage\"},\"thumbnailUrl\":\"https:\/\/blogg.svenskakyrkan.se\/tankarinforhelgen\/files\/2023\/10\/IMG_1604-scaled.jpeg\",\"keywords\":[\"Emelie Ekelund\",\"TANKARINF\u00d6RHELGEN\"],\"articleSection\":[\"20:e s\u00f6ndagen efter trefaldighet\"],\"inLanguage\":\"sv-SE\",\"potentialAction\":[{\"@type\":\"CommentAction\",\"name\":\"Comment\",\"target\":[\"https:\/\/blogg.svenskakyrkan.se\/tankarinforhelgen\/2023\/10\/20\/att-fa-bli-sig-sjalv\/#respond\"]}]},{\"@type\":\"WebPage\",\"@id\":\"https:\/\/blogg.svenskakyrkan.se\/tankarinforhelgen\/2023\/10\/20\/att-fa-bli-sig-sjalv\/\",\"url\":\"https:\/\/blogg.svenskakyrkan.se\/tankarinforhelgen\/2023\/10\/20\/att-fa-bli-sig-sjalv\/\",\"name\":\"Att f\u00e5 bli sig sj\u00e4lv - Tankar inf\u00f6r helgen\",\"isPartOf\":{\"@id\":\"https:\/\/blogg.svenskakyrkan.se\/tankarinforhelgen\/#website\"},\"primaryImageOfPage\":{\"@id\":\"https:\/\/blogg.svenskakyrkan.se\/tankarinforhelgen\/2023\/10\/20\/att-fa-bli-sig-sjalv\/#primaryimage\"},\"image\":{\"@id\":\"https:\/\/blogg.svenskakyrkan.se\/tankarinforhelgen\/2023\/10\/20\/att-fa-bli-sig-sjalv\/#primaryimage\"},\"thumbnailUrl\":\"https:\/\/blogg.svenskakyrkan.se\/tankarinforhelgen\/files\/2023\/10\/IMG_1604-scaled.jpeg\",\"datePublished\":\"2023-10-20T08:07:14+00:00\",\"dateModified\":\"2023-10-20T08:45:53+00:00\",\"author\":{\"@id\":\"https:\/\/blogg.svenskakyrkan.se\/tankarinforhelgen\/#\/schema\/person\/595d75da5bf93cf9ca814c398b63ed6d\"},\"breadcrumb\":{\"@id\":\"https:\/\/blogg.svenskakyrkan.se\/tankarinforhelgen\/2023\/10\/20\/att-fa-bli-sig-sjalv\/#breadcrumb\"},\"inLanguage\":\"sv-SE\",\"potentialAction\":[{\"@type\":\"ReadAction\",\"target\":[\"https:\/\/blogg.svenskakyrkan.se\/tankarinforhelgen\/2023\/10\/20\/att-fa-bli-sig-sjalv\/\"]}]},{\"@type\":\"ImageObject\",\"inLanguage\":\"sv-SE\",\"@id\":\"https:\/\/blogg.svenskakyrkan.se\/tankarinforhelgen\/2023\/10\/20\/att-fa-bli-sig-sjalv\/#primaryimage\",\"url\":\"https:\/\/blogg.svenskakyrkan.se\/tankarinforhelgen\/files\/2023\/10\/IMG_1604-scaled.jpeg\",\"contentUrl\":\"https:\/\/blogg.svenskakyrkan.se\/tankarinforhelgen\/files\/2023\/10\/IMG_1604-scaled.jpeg\",\"width\":2560,\"height\":1430},{\"@type\":\"BreadcrumbList\",\"@id\":\"https:\/\/blogg.svenskakyrkan.se\/tankarinforhelgen\/2023\/10\/20\/att-fa-bli-sig-sjalv\/#breadcrumb\",\"itemListElement\":[{\"@type\":\"ListItem\",\"position\":1,\"name\":\"Hem\",\"item\":\"https:\/\/blogg.svenskakyrkan.se\/tankarinforhelgen\/\"},{\"@type\":\"ListItem\",\"position\":2,\"name\":\"Att f\u00e5 bli sig sj\u00e4lv\"}]},{\"@type\":\"WebSite\",\"@id\":\"https:\/\/blogg.svenskakyrkan.se\/tankarinforhelgen\/#website\",\"url\":\"https:\/\/blogg.svenskakyrkan.se\/tankarinforhelgen\/\",\"name\":\"Tankar inf\u00f6r helgen\",\"description\":\"Pr\u00e4ster funderar utifr\u00e5n kommande s\u00f6ndags texter\",\"potentialAction\":[{\"@type\":\"SearchAction\",\"target\":{\"@type\":\"EntryPoint\",\"urlTemplate\":\"https:\/\/blogg.svenskakyrkan.se\/tankarinforhelgen\/?s={search_term_string}\"},\"query-input\":{\"@type\":\"PropertyValueSpecification\",\"valueRequired\":true,\"valueName\":\"search_term_string\"}}],\"inLanguage\":\"sv-SE\"},{\"@type\":\"Person\",\"@id\":\"https:\/\/blogg.svenskakyrkan.se\/tankarinforhelgen\/#\/schema\/person\/595d75da5bf93cf9ca814c398b63ed6d\",\"name\":\"Charlotte Frycklund, pr\u00e4st\",\"image\":{\"@type\":\"ImageObject\",\"inLanguage\":\"sv-SE\",\"@id\":\"https:\/\/blogg.svenskakyrkan.se\/tankarinforhelgen\/#\/schema\/person\/image\/\",\"url\":\"https:\/\/secure.gravatar.com\/avatar\/10f37b82bf44def60f716a446302420cc1eb214cca306b573a488614ab47ee87?s=96&d=mm&r=g\",\"contentUrl\":\"https:\/\/secure.gravatar.com\/avatar\/10f37b82bf44def60f716a446302420cc1eb214cca306b573a488614ab47ee87?s=96&d=mm&r=g\",\"caption\":\"Charlotte Frycklund, pr\u00e4st\"},\"url\":\"https:\/\/blogg.svenskakyrkan.se\/tankarinforhelgen\/author\/charlottefrycklund\/\"}]}<\/script>\n<!-- \/ Yoast SEO plugin. -->","yoast_head_json":{"title":"Att f\u00e5 bli sig sj\u00e4lv - Tankar inf\u00f6r helgen","robots":{"index":"index","follow":"follow","max-snippet":"max-snippet:-1","max-image-preview":"max-image-preview:large","max-video-preview":"max-video-preview:-1"},"canonical":"https:\/\/blogg.svenskakyrkan.se\/tankarinforhelgen\/2023\/10\/20\/att-fa-bli-sig-sjalv\/","og_locale":"sv_SE","og_type":"article","og_title":"Att f\u00e5 bli sig sj\u00e4lv - Tankar inf\u00f6r helgen","og_description":"Jag var den t\u00f6ntiga p\u00e5 h\u00f6gstadiet, hon som h\u00e4ngde i kyrkan, tyckte att h\u00f6ga ljud och mycket m\u00e4nniskor var jobbiga. Jag var lillgammal och ganska r\u00e4dd f\u00f6r m\u00e5nga saker och s\u00e5 fastnade jag i n\u00e5got slags gr\u00e4nsland. Jag var inte riktigt mobbad, men inte heller riktigt med. Det var mig man himlade med \u00f6gonen mot, [&hellip;]","og_url":"https:\/\/blogg.svenskakyrkan.se\/tankarinforhelgen\/2023\/10\/20\/att-fa-bli-sig-sjalv\/","og_site_name":"Tankar inf\u00f6r helgen","article_published_time":"2023-10-20T08:07:14+00:00","article_modified_time":"2023-10-20T08:45:53+00:00","og_image":[{"width":2560,"height":1430,"url":"http:\/\/blogg.svenskakyrkan.se\/tankarinforhelgen\/files\/2023\/10\/IMG_1604-scaled.jpeg","type":"image\/jpeg"}],"author":"Charlotte Frycklund, pr\u00e4st","twitter_card":"summary_large_image","twitter_misc":{"Skriven av":"Charlotte Frycklund, pr\u00e4st","Ber\u00e4knad l\u00e4stid":"3 minuter"},"schema":{"@context":"https:\/\/schema.org","@graph":[{"@type":"Article","@id":"https:\/\/blogg.svenskakyrkan.se\/tankarinforhelgen\/2023\/10\/20\/att-fa-bli-sig-sjalv\/#article","isPartOf":{"@id":"https:\/\/blogg.svenskakyrkan.se\/tankarinforhelgen\/2023\/10\/20\/att-fa-bli-sig-sjalv\/"},"author":{"name":"Charlotte Frycklund, pr\u00e4st","@id":"https:\/\/blogg.svenskakyrkan.se\/tankarinforhelgen\/#\/schema\/person\/595d75da5bf93cf9ca814c398b63ed6d"},"headline":"Att f\u00e5 bli sig sj\u00e4lv","datePublished":"2023-10-20T08:07:14+00:00","dateModified":"2023-10-20T08:45:53+00:00","mainEntityOfPage":{"@id":"https:\/\/blogg.svenskakyrkan.se\/tankarinforhelgen\/2023\/10\/20\/att-fa-bli-sig-sjalv\/"},"wordCount":577,"commentCount":1,"image":{"@id":"https:\/\/blogg.svenskakyrkan.se\/tankarinforhelgen\/2023\/10\/20\/att-fa-bli-sig-sjalv\/#primaryimage"},"thumbnailUrl":"https:\/\/blogg.svenskakyrkan.se\/tankarinforhelgen\/files\/2023\/10\/IMG_1604-scaled.jpeg","keywords":["Emelie Ekelund","TANKARINF\u00d6RHELGEN"],"articleSection":["20:e s\u00f6ndagen efter trefaldighet"],"inLanguage":"sv-SE","potentialAction":[{"@type":"CommentAction","name":"Comment","target":["https:\/\/blogg.svenskakyrkan.se\/tankarinforhelgen\/2023\/10\/20\/att-fa-bli-sig-sjalv\/#respond"]}]},{"@type":"WebPage","@id":"https:\/\/blogg.svenskakyrkan.se\/tankarinforhelgen\/2023\/10\/20\/att-fa-bli-sig-sjalv\/","url":"https:\/\/blogg.svenskakyrkan.se\/tankarinforhelgen\/2023\/10\/20\/att-fa-bli-sig-sjalv\/","name":"Att f\u00e5 bli sig sj\u00e4lv - Tankar inf\u00f6r helgen","isPartOf":{"@id":"https:\/\/blogg.svenskakyrkan.se\/tankarinforhelgen\/#website"},"primaryImageOfPage":{"@id":"https:\/\/blogg.svenskakyrkan.se\/tankarinforhelgen\/2023\/10\/20\/att-fa-bli-sig-sjalv\/#primaryimage"},"image":{"@id":"https:\/\/blogg.svenskakyrkan.se\/tankarinforhelgen\/2023\/10\/20\/att-fa-bli-sig-sjalv\/#primaryimage"},"thumbnailUrl":"https:\/\/blogg.svenskakyrkan.se\/tankarinforhelgen\/files\/2023\/10\/IMG_1604-scaled.jpeg","datePublished":"2023-10-20T08:07:14+00:00","dateModified":"2023-10-20T08:45:53+00:00","author":{"@id":"https:\/\/blogg.svenskakyrkan.se\/tankarinforhelgen\/#\/schema\/person\/595d75da5bf93cf9ca814c398b63ed6d"},"breadcrumb":{"@id":"https:\/\/blogg.svenskakyrkan.se\/tankarinforhelgen\/2023\/10\/20\/att-fa-bli-sig-sjalv\/#breadcrumb"},"inLanguage":"sv-SE","potentialAction":[{"@type":"ReadAction","target":["https:\/\/blogg.svenskakyrkan.se\/tankarinforhelgen\/2023\/10\/20\/att-fa-bli-sig-sjalv\/"]}]},{"@type":"ImageObject","inLanguage":"sv-SE","@id":"https:\/\/blogg.svenskakyrkan.se\/tankarinforhelgen\/2023\/10\/20\/att-fa-bli-sig-sjalv\/#primaryimage","url":"https:\/\/blogg.svenskakyrkan.se\/tankarinforhelgen\/files\/2023\/10\/IMG_1604-scaled.jpeg","contentUrl":"https:\/\/blogg.svenskakyrkan.se\/tankarinforhelgen\/files\/2023\/10\/IMG_1604-scaled.jpeg","width":2560,"height":1430},{"@type":"BreadcrumbList","@id":"https:\/\/blogg.svenskakyrkan.se\/tankarinforhelgen\/2023\/10\/20\/att-fa-bli-sig-sjalv\/#breadcrumb","itemListElement":[{"@type":"ListItem","position":1,"name":"Hem","item":"https:\/\/blogg.svenskakyrkan.se\/tankarinforhelgen\/"},{"@type":"ListItem","position":2,"name":"Att f\u00e5 bli sig sj\u00e4lv"}]},{"@type":"WebSite","@id":"https:\/\/blogg.svenskakyrkan.se\/tankarinforhelgen\/#website","url":"https:\/\/blogg.svenskakyrkan.se\/tankarinforhelgen\/","name":"Tankar inf\u00f6r helgen","description":"Pr\u00e4ster funderar utifr\u00e5n kommande s\u00f6ndags texter","potentialAction":[{"@type":"SearchAction","target":{"@type":"EntryPoint","urlTemplate":"https:\/\/blogg.svenskakyrkan.se\/tankarinforhelgen\/?s={search_term_string}"},"query-input":{"@type":"PropertyValueSpecification","valueRequired":true,"valueName":"search_term_string"}}],"inLanguage":"sv-SE"},{"@type":"Person","@id":"https:\/\/blogg.svenskakyrkan.se\/tankarinforhelgen\/#\/schema\/person\/595d75da5bf93cf9ca814c398b63ed6d","name":"Charlotte Frycklund, pr\u00e4st","image":{"@type":"ImageObject","inLanguage":"sv-SE","@id":"https:\/\/blogg.svenskakyrkan.se\/tankarinforhelgen\/#\/schema\/person\/image\/","url":"https:\/\/secure.gravatar.com\/avatar\/10f37b82bf44def60f716a446302420cc1eb214cca306b573a488614ab47ee87?s=96&d=mm&r=g","contentUrl":"https:\/\/secure.gravatar.com\/avatar\/10f37b82bf44def60f716a446302420cc1eb214cca306b573a488614ab47ee87?s=96&d=mm&r=g","caption":"Charlotte Frycklund, pr\u00e4st"},"url":"https:\/\/blogg.svenskakyrkan.se\/tankarinforhelgen\/author\/charlottefrycklund\/"}]}},"author_meta":{"ID":"569","user_nicename":"charlottefrycklund","user_registered":"2016-05-24 11:46:19","display_name":"Charlotte Frycklund, pr\u00e4st","first_name":"Charlotte","last_name":"Frycklund, pr\u00e4st","avatar":"https:\/\/secure.gravatar.com\/avatar\/10f37b82bf44def60f716a446302420cc1eb214cca306b573a488614ab47ee87?s=96&d=mm&r=g"},"featured_image":["https:\/\/blogg.svenskakyrkan.se\/tankarinforhelgen\/files\/2023\/10\/IMG_1604-1024x572.jpeg",1024,572,true],"bloginfo":{"name":"Tankar inf\u00f6r helgen","url":"https:\/\/blogg.svenskakyrkan.se\/tankarinforhelgen"},"_links":{"self":[{"href":"https:\/\/blogg.svenskakyrkan.se\/tankarinforhelgen\/wp-json\/wp\/v2\/posts\/3230","targetHints":{"allow":["GET"]}}],"collection":[{"href":"https:\/\/blogg.svenskakyrkan.se\/tankarinforhelgen\/wp-json\/wp\/v2\/posts"}],"about":[{"href":"https:\/\/blogg.svenskakyrkan.se\/tankarinforhelgen\/wp-json\/wp\/v2\/types\/post"}],"author":[{"embeddable":true,"href":"https:\/\/blogg.svenskakyrkan.se\/tankarinforhelgen\/wp-json\/wp\/v2\/users\/569"}],"replies":[{"embeddable":true,"href":"https:\/\/blogg.svenskakyrkan.se\/tankarinforhelgen\/wp-json\/wp\/v2\/comments?post=3230"}],"version-history":[{"count":2,"href":"https:\/\/blogg.svenskakyrkan.se\/tankarinforhelgen\/wp-json\/wp\/v2\/posts\/3230\/revisions"}],"predecessor-version":[{"id":3236,"href":"https:\/\/blogg.svenskakyrkan.se\/tankarinforhelgen\/wp-json\/wp\/v2\/posts\/3230\/revisions\/3236"}],"wp:featuredmedia":[{"embeddable":true,"href":"https:\/\/blogg.svenskakyrkan.se\/tankarinforhelgen\/wp-json\/wp\/v2\/media\/3234"}],"wp:attachment":[{"href":"https:\/\/blogg.svenskakyrkan.se\/tankarinforhelgen\/wp-json\/wp\/v2\/media?parent=3230"}],"wp:term":[{"taxonomy":"category","embeddable":true,"href":"https:\/\/blogg.svenskakyrkan.se\/tankarinforhelgen\/wp-json\/wp\/v2\/categories?post=3230"},{"taxonomy":"post_tag","embeddable":true,"href":"https:\/\/blogg.svenskakyrkan.se\/tankarinforhelgen\/wp-json\/wp\/v2\/tags?post=3230"}],"curies":[{"name":"wp","href":"https:\/\/api.w.org\/{rel}","templated":true}]}}