{"id":3371,"date":"2024-04-03T09:46:48","date_gmt":"2024-04-03T07:46:48","guid":{"rendered":"https:\/\/blogg.svenskakyrkan.se\/tankarinforhelgen\/?p=3371"},"modified":"2024-04-03T09:54:24","modified_gmt":"2024-04-03T07:54:24","slug":"en-massa-fisk","status":"publish","type":"post","link":"https:\/\/blogg.svenskakyrkan.se\/tankarinforhelgen\/2024\/04\/03\/en-massa-fisk\/","title":{"rendered":"En massa fisk"},"content":{"rendered":"\n\n\n<figure class=\"wp-block-image size-full\"><a href=\"https:\/\/blogg.svenskakyrkan.se\/tankarinforhelgen\/files\/2024\/04\/image.jpeg\"><img loading=\"lazy\" decoding=\"async\" width=\"1024\" height=\"567\" src=\"https:\/\/blogg.svenskakyrkan.se\/tankarinforhelgen\/files\/2024\/04\/image.jpeg\" alt=\"\" class=\"wp-image-3373\" srcset=\"https:\/\/blogg.svenskakyrkan.se\/tankarinforhelgen\/files\/2024\/04\/image.jpeg 1024w, https:\/\/blogg.svenskakyrkan.se\/tankarinforhelgen\/files\/2024\/04\/image-300x166.jpeg 300w, https:\/\/blogg.svenskakyrkan.se\/tankarinforhelgen\/files\/2024\/04\/image-768x425.jpeg 768w\" sizes=\"auto, (max-width: 1024px) 100vw, 1024px\" \/><\/a><\/figure>\n\n\n\n<p>Vi m\u00f6ter i p\u00e5sktiden ett gudomligt \u00f6verfl\u00f6d som bland annat visar sig i naturen. Samtidigt ser vi att m\u00e4nskligheten h\u00e5ller p\u00e5 att t\u00f6mma skapelsen pa resurser. Vi lever med klimathot och en realiserad klimatp\u00e5verkan. V\u00e5ra hav utarmas p\u00e5 arter, precis som p\u00e5 land. Kriget och ekonomin har st\u00f6rre utrymme pa nyhetssidorna \u00e4n livet f\u00f6r oss och kommande generationer. Det finns ett hopp om att vardagslivet kan utvecklas n\u00e4r vi samtidigt tar ansvar f\u00f6r skapelsen.<br><br>Jesus m\u00f6ter l\u00e4rjungarna i evangelietexten f\u00f6r andra s\u00f6ndagen i p\u00e5sktiden. De blir b\u00e5de f\u00f6rv\u00e5nade och utmanade av den uppst\u00e5ndnes uppenbarelse. De har fiskat hela natten och inte f\u00e5tt n\u00e5gon f\u00e5ngst, n\u00e5got som det kustn\u00e4ra fisket idag kan k\u00e4nna igen. Efter Jesu uppmaning och ett nytt f\u00f6rs\u00f6k f\u00e5r de n\u00e4tet fullt. Det \u00e4r nya m\u00f6jligheter och en ny utmaning i detta.<br><br>Det \u00e4r m\u00e5nga idag som \u00f6nskar fulla n\u00e4t. Inte bara fiskare, utan varje m\u00e4nniska som \u00f6nskar att det finns en v\u00e4rld med resurser att m\u00e4tta framtida generationer. Jesu uppst\u00e5ndelse vittnar i evangeliet om m\u00f6jligheter bortom katastrofer och misslyckanden. Det gamla och el\u00e4ndiga d\u00f6r, medan ett nytt liv f\u00e5r plats med Kristus.<br><br>P\u00e5skens vittnen visar att det finns ett hopp n\u00e4r katastrofen tar \u00f6ver v\u00e5ra liv. F\u00f6r l\u00e4rjungarna hade b\u00e5de en n\u00e4ra v\u00e4n och hoppet om befrielse d\u00f6tt. P\u1ea3 m\u00e5nga s\u00e4tt var kampen \u00f6ver, innan den riktigt tagit fart. Mitt i det hoppl\u00f6sa v\u00e4ndes allt, p\u00e5 ett fullkomligt of\u00f6ruts\u00e4gbart s\u00e4tt. Han uppst\u00e5r och befrielsen blir p\u00e5 ett helt annat s\u00e4tt. Den b\u00f6rjar inne i m\u00e4nniskan och str\u00e4cker sig ut\u00e5t mot omgivningen.<br><br>N\u00e4r vi idag ser till v\u00e5ra liv \u00e4r vi fast i strukturer f\u00f6r ekonomi, samh\u00e4lle och klimatp\u00e5verkan. Jag, och m\u00e5nga med mig, ser inte att vi sj\u00e4lva kan \u00e4ndra pa f\u00f6rh\u00e5llandena. Vi hoppas p\u00e5 en befrielse.<br><br>N\u00e5gra av oss g\u00e5r in i kampen f\u00f6r m\u00e4nniskor, natur och oss sj\u00e4lva. Andra v\u00e4ntar p\u00e5 en v\u00e4ndning i allt som sker. Jag tror det \u00e4r viktigt att v\u00e5rt m\u00f6te med Gud och den uppstandne g\u00f6r oss villiga att k\u00e4mpa den goda kampen. D\u00e4rf\u00f6r f\u00e5r vi st\u00e4ndigt uppmuntra varandra.<br><br>Vi kan fr\u00e5ga oss: Finns uppst\u00e5ndelse f\u00f6r en sargad jord? P\u00e5 ett s\u00e4tt har jorden visat att livet har f\u00f6rm\u00e5ga att \u00e5terkomma. Skapelsen \u00e4r designad f\u00f6r liv. Livet kommer att segra. Fr\u00e5gan \u00e4r om m\u00e4nskligheten och livet som vi k\u00e4nner det kommer att genomleva en katastrof och en skapelsens nystart. Jag tror inte det \u00e4r m\u00f6jligt. D\u00e4remot \u00e4r det h\u00f6g tid att b\u00f6rja leva i harmoni med livet och naturen som vi idag k\u00e4nner den. Det betyder f\u00f6rmodligen att vi beh\u00f6ver ge upp vissa n\u00f6jen, f\u00f6r att klara v\u00e5r vardag.<br><br>Det finns fiskar i framtidens n\u00e4t. Det betyder att v\u00e5ra n\u00f6jen f\u00e4r vara i samklang med skapelsen, v\u00e5ra konsumtionsm\u00f6nster maste vara h\u00e5llbara och v\u00e5rt livs lyx f\u00e5r handla om n\u00e4ra relationer i st\u00e4llet f\u00f6r klimatp\u00e5verkande aktiviteter. Vi vet inte alltid det exakta resultatet av att vi g\u00f6r &#8217;r\u00e4tt&#8217;, men det blir bra i f\u00f6rl\u00e4ngningen. Skapelsen har en helande f\u00f6rmaga. <br><br>Om vi m\u00e4nniskor ger r\u00e4tt f\u00f6ruts\u00e4ttningar, kommer det att finnas fisk i n\u00e4tet och liv f\u00f6r kommande generationer.<br><br>Ulf S\u00f6derlind, pr\u00e4st<\/p>\n","protected":false},"excerpt":{"rendered":"<p>Vi m\u00f6ter i p\u00e5sktiden ett gudomligt \u00f6verfl\u00f6d som bland annat visar sig i naturen. Samtidigt ser vi att m\u00e4nskligheten h\u00e5ller p\u00e5 att t\u00f6mma skapelsen pa resurser. Vi lever med klimathot och en realiserad klimatp\u00e5verkan. V\u00e5ra hav utarmas p\u00e5 arter, precis som p\u00e5 land. Kriget och ekonomin har st\u00f6rre utrymme pa nyhetssidorna \u00e4n livet f\u00f6r oss [&hellip;]<\/p>\n","protected":false},"author":571,"featured_media":3372,"comment_status":"open","ping_status":"open","sticky":false,"template":"","format":"standard","meta":{"_acf_changed":false,"footnotes":""},"categories":[137055],"tags":[142457,159861],"class_list":["post-3371","post","type-post","status-publish","format-standard","has-post-thumbnail","hentry","category-andra-sondagen-i-pasktiden","tag-tankarinforhelgen","tag-ulf-soderlind"],"acf":[],"yoast_head":"<!-- This site is optimized with the Yoast SEO plugin v27.1.1 - https:\/\/yoast.com\/product\/yoast-seo-wordpress\/ -->\n<title>En massa fisk - Tankar inf\u00f6r helgen<\/title>\n<meta name=\"robots\" content=\"index, follow, max-snippet:-1, max-image-preview:large, max-video-preview:-1\" \/>\n<link rel=\"canonical\" href=\"https:\/\/blogg.svenskakyrkan.se\/tankarinforhelgen\/2024\/04\/03\/en-massa-fisk\/\" \/>\n<meta property=\"og:locale\" content=\"sv_SE\" \/>\n<meta property=\"og:type\" content=\"article\" \/>\n<meta property=\"og:title\" content=\"En massa fisk - Tankar inf\u00f6r helgen\" \/>\n<meta property=\"og:description\" content=\"Vi m\u00f6ter i p\u00e5sktiden ett gudomligt \u00f6verfl\u00f6d som bland annat visar sig i naturen. Samtidigt ser vi att m\u00e4nskligheten h\u00e5ller p\u00e5 att t\u00f6mma skapelsen pa resurser. Vi lever med klimathot och en realiserad klimatp\u00e5verkan. V\u00e5ra hav utarmas p\u00e5 arter, precis som p\u00e5 land. Kriget och ekonomin har st\u00f6rre utrymme pa nyhetssidorna \u00e4n livet f\u00f6r oss [&hellip;]\" \/>\n<meta property=\"og:url\" content=\"https:\/\/blogg.svenskakyrkan.se\/tankarinforhelgen\/2024\/04\/03\/en-massa-fisk\/\" \/>\n<meta property=\"og:site_name\" content=\"Tankar inf\u00f6r helgen\" \/>\n<meta property=\"article:published_time\" content=\"2024-04-03T07:46:48+00:00\" \/>\n<meta property=\"article:modified_time\" content=\"2024-04-03T07:54:24+00:00\" \/>\n<meta property=\"og:image\" content=\"http:\/\/blogg.svenskakyrkan.se\/tankarinforhelgen\/files\/2024\/04\/IMG_2541-scaled.jpeg\" \/>\n\t<meta property=\"og:image:width\" content=\"2560\" \/>\n\t<meta property=\"og:image:height\" content=\"1419\" \/>\n\t<meta property=\"og:image:type\" content=\"image\/jpeg\" \/>\n<meta name=\"author\" content=\"Redakt\u00f6r\" \/>\n<meta name=\"twitter:card\" content=\"summary_large_image\" \/>\n<meta name=\"twitter:label1\" content=\"Skriven av\" \/>\n\t<meta name=\"twitter:data1\" content=\"Redakt\u00f6r\" \/>\n\t<meta name=\"twitter:label2\" content=\"Ber\u00e4knad l\u00e4stid\" \/>\n\t<meta name=\"twitter:data2\" content=\"3 minuter\" \/>\n<script type=\"application\/ld+json\" class=\"yoast-schema-graph\">{\"@context\":\"https:\/\/schema.org\",\"@graph\":[{\"@type\":\"Article\",\"@id\":\"https:\/\/blogg.svenskakyrkan.se\/tankarinforhelgen\/2024\/04\/03\/en-massa-fisk\/#article\",\"isPartOf\":{\"@id\":\"https:\/\/blogg.svenskakyrkan.se\/tankarinforhelgen\/2024\/04\/03\/en-massa-fisk\/\"},\"author\":{\"name\":\"Redakt\u00f6r\",\"@id\":\"https:\/\/blogg.svenskakyrkan.se\/tankarinforhelgen\/#\/schema\/person\/c3a083eaf64e58ceca7dbab1073f348a\"},\"headline\":\"En massa fisk\",\"datePublished\":\"2024-04-03T07:46:48+00:00\",\"dateModified\":\"2024-04-03T07:54:24+00:00\",\"mainEntityOfPage\":{\"@id\":\"https:\/\/blogg.svenskakyrkan.se\/tankarinforhelgen\/2024\/04\/03\/en-massa-fisk\/\"},\"wordCount\":646,\"commentCount\":2,\"image\":{\"@id\":\"https:\/\/blogg.svenskakyrkan.se\/tankarinforhelgen\/2024\/04\/03\/en-massa-fisk\/#primaryimage\"},\"thumbnailUrl\":\"https:\/\/blogg.svenskakyrkan.se\/tankarinforhelgen\/files\/2024\/04\/IMG_2541-scaled.jpeg\",\"keywords\":[\"TANKARINFORHELGEN\",\"Ulf S\u00f6derlind\"],\"articleSection\":[\"Andra s\u00f6ndagen i p\u00e5sktiden\"],\"inLanguage\":\"sv-SE\",\"potentialAction\":[{\"@type\":\"CommentAction\",\"name\":\"Comment\",\"target\":[\"https:\/\/blogg.svenskakyrkan.se\/tankarinforhelgen\/2024\/04\/03\/en-massa-fisk\/#respond\"]}]},{\"@type\":\"WebPage\",\"@id\":\"https:\/\/blogg.svenskakyrkan.se\/tankarinforhelgen\/2024\/04\/03\/en-massa-fisk\/\",\"url\":\"https:\/\/blogg.svenskakyrkan.se\/tankarinforhelgen\/2024\/04\/03\/en-massa-fisk\/\",\"name\":\"En massa fisk - Tankar inf\u00f6r helgen\",\"isPartOf\":{\"@id\":\"https:\/\/blogg.svenskakyrkan.se\/tankarinforhelgen\/#website\"},\"primaryImageOfPage\":{\"@id\":\"https:\/\/blogg.svenskakyrkan.se\/tankarinforhelgen\/2024\/04\/03\/en-massa-fisk\/#primaryimage\"},\"image\":{\"@id\":\"https:\/\/blogg.svenskakyrkan.se\/tankarinforhelgen\/2024\/04\/03\/en-massa-fisk\/#primaryimage\"},\"thumbnailUrl\":\"https:\/\/blogg.svenskakyrkan.se\/tankarinforhelgen\/files\/2024\/04\/IMG_2541-scaled.jpeg\",\"datePublished\":\"2024-04-03T07:46:48+00:00\",\"dateModified\":\"2024-04-03T07:54:24+00:00\",\"author\":{\"@id\":\"https:\/\/blogg.svenskakyrkan.se\/tankarinforhelgen\/#\/schema\/person\/c3a083eaf64e58ceca7dbab1073f348a\"},\"breadcrumb\":{\"@id\":\"https:\/\/blogg.svenskakyrkan.se\/tankarinforhelgen\/2024\/04\/03\/en-massa-fisk\/#breadcrumb\"},\"inLanguage\":\"sv-SE\",\"potentialAction\":[{\"@type\":\"ReadAction\",\"target\":[\"https:\/\/blogg.svenskakyrkan.se\/tankarinforhelgen\/2024\/04\/03\/en-massa-fisk\/\"]}]},{\"@type\":\"ImageObject\",\"inLanguage\":\"sv-SE\",\"@id\":\"https:\/\/blogg.svenskakyrkan.se\/tankarinforhelgen\/2024\/04\/03\/en-massa-fisk\/#primaryimage\",\"url\":\"https:\/\/blogg.svenskakyrkan.se\/tankarinforhelgen\/files\/2024\/04\/IMG_2541-scaled.jpeg\",\"contentUrl\":\"https:\/\/blogg.svenskakyrkan.se\/tankarinforhelgen\/files\/2024\/04\/IMG_2541-scaled.jpeg\",\"width\":2560,\"height\":1419},{\"@type\":\"BreadcrumbList\",\"@id\":\"https:\/\/blogg.svenskakyrkan.se\/tankarinforhelgen\/2024\/04\/03\/en-massa-fisk\/#breadcrumb\",\"itemListElement\":[{\"@type\":\"ListItem\",\"position\":1,\"name\":\"Hem\",\"item\":\"https:\/\/blogg.svenskakyrkan.se\/tankarinforhelgen\/\"},{\"@type\":\"ListItem\",\"position\":2,\"name\":\"En massa fisk\"}]},{\"@type\":\"WebSite\",\"@id\":\"https:\/\/blogg.svenskakyrkan.se\/tankarinforhelgen\/#website\",\"url\":\"https:\/\/blogg.svenskakyrkan.se\/tankarinforhelgen\/\",\"name\":\"Tankar inf\u00f6r helgen\",\"description\":\"Pr\u00e4ster funderar utifr\u00e5n kommande s\u00f6ndags texter\",\"potentialAction\":[{\"@type\":\"SearchAction\",\"target\":{\"@type\":\"EntryPoint\",\"urlTemplate\":\"https:\/\/blogg.svenskakyrkan.se\/tankarinforhelgen\/?s={search_term_string}\"},\"query-input\":{\"@type\":\"PropertyValueSpecification\",\"valueRequired\":true,\"valueName\":\"search_term_string\"}}],\"inLanguage\":\"sv-SE\"},{\"@type\":\"Person\",\"@id\":\"https:\/\/blogg.svenskakyrkan.se\/tankarinforhelgen\/#\/schema\/person\/c3a083eaf64e58ceca7dbab1073f348a\",\"name\":\"Redakt\u00f6r\",\"image\":{\"@type\":\"ImageObject\",\"inLanguage\":\"sv-SE\",\"@id\":\"https:\/\/blogg.svenskakyrkan.se\/tankarinforhelgen\/#\/schema\/person\/image\/\",\"url\":\"https:\/\/secure.gravatar.com\/avatar\/8f26026fee5ee84b0d14c4fd93151cb7d38503749fedc699e4c50f223090db6f?s=96&d=mm&r=g\",\"contentUrl\":\"https:\/\/secure.gravatar.com\/avatar\/8f26026fee5ee84b0d14c4fd93151cb7d38503749fedc699e4c50f223090db6f?s=96&d=mm&r=g\",\"caption\":\"Redakt\u00f6r\"},\"url\":\"https:\/\/blogg.svenskakyrkan.se\/tankarinforhelgen\/author\/linabeutler\/\"}]}<\/script>\n<!-- \/ Yoast SEO plugin. -->","yoast_head_json":{"title":"En massa fisk - Tankar inf\u00f6r helgen","robots":{"index":"index","follow":"follow","max-snippet":"max-snippet:-1","max-image-preview":"max-image-preview:large","max-video-preview":"max-video-preview:-1"},"canonical":"https:\/\/blogg.svenskakyrkan.se\/tankarinforhelgen\/2024\/04\/03\/en-massa-fisk\/","og_locale":"sv_SE","og_type":"article","og_title":"En massa fisk - Tankar inf\u00f6r helgen","og_description":"Vi m\u00f6ter i p\u00e5sktiden ett gudomligt \u00f6verfl\u00f6d som bland annat visar sig i naturen. Samtidigt ser vi att m\u00e4nskligheten h\u00e5ller p\u00e5 att t\u00f6mma skapelsen pa resurser. Vi lever med klimathot och en realiserad klimatp\u00e5verkan. V\u00e5ra hav utarmas p\u00e5 arter, precis som p\u00e5 land. Kriget och ekonomin har st\u00f6rre utrymme pa nyhetssidorna \u00e4n livet f\u00f6r oss [&hellip;]","og_url":"https:\/\/blogg.svenskakyrkan.se\/tankarinforhelgen\/2024\/04\/03\/en-massa-fisk\/","og_site_name":"Tankar inf\u00f6r helgen","article_published_time":"2024-04-03T07:46:48+00:00","article_modified_time":"2024-04-03T07:54:24+00:00","og_image":[{"width":2560,"height":1419,"url":"http:\/\/blogg.svenskakyrkan.se\/tankarinforhelgen\/files\/2024\/04\/IMG_2541-scaled.jpeg","type":"image\/jpeg"}],"author":"Redakt\u00f6r","twitter_card":"summary_large_image","twitter_misc":{"Skriven av":"Redakt\u00f6r","Ber\u00e4knad l\u00e4stid":"3 minuter"},"schema":{"@context":"https:\/\/schema.org","@graph":[{"@type":"Article","@id":"https:\/\/blogg.svenskakyrkan.se\/tankarinforhelgen\/2024\/04\/03\/en-massa-fisk\/#article","isPartOf":{"@id":"https:\/\/blogg.svenskakyrkan.se\/tankarinforhelgen\/2024\/04\/03\/en-massa-fisk\/"},"author":{"name":"Redakt\u00f6r","@id":"https:\/\/blogg.svenskakyrkan.se\/tankarinforhelgen\/#\/schema\/person\/c3a083eaf64e58ceca7dbab1073f348a"},"headline":"En massa fisk","datePublished":"2024-04-03T07:46:48+00:00","dateModified":"2024-04-03T07:54:24+00:00","mainEntityOfPage":{"@id":"https:\/\/blogg.svenskakyrkan.se\/tankarinforhelgen\/2024\/04\/03\/en-massa-fisk\/"},"wordCount":646,"commentCount":2,"image":{"@id":"https:\/\/blogg.svenskakyrkan.se\/tankarinforhelgen\/2024\/04\/03\/en-massa-fisk\/#primaryimage"},"thumbnailUrl":"https:\/\/blogg.svenskakyrkan.se\/tankarinforhelgen\/files\/2024\/04\/IMG_2541-scaled.jpeg","keywords":["TANKARINFORHELGEN","Ulf S\u00f6derlind"],"articleSection":["Andra s\u00f6ndagen i p\u00e5sktiden"],"inLanguage":"sv-SE","potentialAction":[{"@type":"CommentAction","name":"Comment","target":["https:\/\/blogg.svenskakyrkan.se\/tankarinforhelgen\/2024\/04\/03\/en-massa-fisk\/#respond"]}]},{"@type":"WebPage","@id":"https:\/\/blogg.svenskakyrkan.se\/tankarinforhelgen\/2024\/04\/03\/en-massa-fisk\/","url":"https:\/\/blogg.svenskakyrkan.se\/tankarinforhelgen\/2024\/04\/03\/en-massa-fisk\/","name":"En massa fisk - Tankar inf\u00f6r helgen","isPartOf":{"@id":"https:\/\/blogg.svenskakyrkan.se\/tankarinforhelgen\/#website"},"primaryImageOfPage":{"@id":"https:\/\/blogg.svenskakyrkan.se\/tankarinforhelgen\/2024\/04\/03\/en-massa-fisk\/#primaryimage"},"image":{"@id":"https:\/\/blogg.svenskakyrkan.se\/tankarinforhelgen\/2024\/04\/03\/en-massa-fisk\/#primaryimage"},"thumbnailUrl":"https:\/\/blogg.svenskakyrkan.se\/tankarinforhelgen\/files\/2024\/04\/IMG_2541-scaled.jpeg","datePublished":"2024-04-03T07:46:48+00:00","dateModified":"2024-04-03T07:54:24+00:00","author":{"@id":"https:\/\/blogg.svenskakyrkan.se\/tankarinforhelgen\/#\/schema\/person\/c3a083eaf64e58ceca7dbab1073f348a"},"breadcrumb":{"@id":"https:\/\/blogg.svenskakyrkan.se\/tankarinforhelgen\/2024\/04\/03\/en-massa-fisk\/#breadcrumb"},"inLanguage":"sv-SE","potentialAction":[{"@type":"ReadAction","target":["https:\/\/blogg.svenskakyrkan.se\/tankarinforhelgen\/2024\/04\/03\/en-massa-fisk\/"]}]},{"@type":"ImageObject","inLanguage":"sv-SE","@id":"https:\/\/blogg.svenskakyrkan.se\/tankarinforhelgen\/2024\/04\/03\/en-massa-fisk\/#primaryimage","url":"https:\/\/blogg.svenskakyrkan.se\/tankarinforhelgen\/files\/2024\/04\/IMG_2541-scaled.jpeg","contentUrl":"https:\/\/blogg.svenskakyrkan.se\/tankarinforhelgen\/files\/2024\/04\/IMG_2541-scaled.jpeg","width":2560,"height":1419},{"@type":"BreadcrumbList","@id":"https:\/\/blogg.svenskakyrkan.se\/tankarinforhelgen\/2024\/04\/03\/en-massa-fisk\/#breadcrumb","itemListElement":[{"@type":"ListItem","position":1,"name":"Hem","item":"https:\/\/blogg.svenskakyrkan.se\/tankarinforhelgen\/"},{"@type":"ListItem","position":2,"name":"En massa fisk"}]},{"@type":"WebSite","@id":"https:\/\/blogg.svenskakyrkan.se\/tankarinforhelgen\/#website","url":"https:\/\/blogg.svenskakyrkan.se\/tankarinforhelgen\/","name":"Tankar inf\u00f6r helgen","description":"Pr\u00e4ster funderar utifr\u00e5n kommande s\u00f6ndags texter","potentialAction":[{"@type":"SearchAction","target":{"@type":"EntryPoint","urlTemplate":"https:\/\/blogg.svenskakyrkan.se\/tankarinforhelgen\/?s={search_term_string}"},"query-input":{"@type":"PropertyValueSpecification","valueRequired":true,"valueName":"search_term_string"}}],"inLanguage":"sv-SE"},{"@type":"Person","@id":"https:\/\/blogg.svenskakyrkan.se\/tankarinforhelgen\/#\/schema\/person\/c3a083eaf64e58ceca7dbab1073f348a","name":"Redakt\u00f6r","image":{"@type":"ImageObject","inLanguage":"sv-SE","@id":"https:\/\/blogg.svenskakyrkan.se\/tankarinforhelgen\/#\/schema\/person\/image\/","url":"https:\/\/secure.gravatar.com\/avatar\/8f26026fee5ee84b0d14c4fd93151cb7d38503749fedc699e4c50f223090db6f?s=96&d=mm&r=g","contentUrl":"https:\/\/secure.gravatar.com\/avatar\/8f26026fee5ee84b0d14c4fd93151cb7d38503749fedc699e4c50f223090db6f?s=96&d=mm&r=g","caption":"Redakt\u00f6r"},"url":"https:\/\/blogg.svenskakyrkan.se\/tankarinforhelgen\/author\/linabeutler\/"}]}},"author_meta":{"ID":"571","user_nicename":"linabeutler","user_registered":"2016-05-25 09:35:11","display_name":"Redakt\u00f6r","first_name":"Redakt\u00f6r","last_name":"Beutler","avatar":"https:\/\/secure.gravatar.com\/avatar\/8f26026fee5ee84b0d14c4fd93151cb7d38503749fedc699e4c50f223090db6f?s=96&d=mm&r=g"},"featured_image":["https:\/\/blogg.svenskakyrkan.se\/tankarinforhelgen\/files\/2024\/04\/IMG_2541-1024x567.jpeg",1024,567,true],"bloginfo":{"name":"Tankar inf\u00f6r helgen","url":"https:\/\/blogg.svenskakyrkan.se\/tankarinforhelgen"},"_links":{"self":[{"href":"https:\/\/blogg.svenskakyrkan.se\/tankarinforhelgen\/wp-json\/wp\/v2\/posts\/3371","targetHints":{"allow":["GET"]}}],"collection":[{"href":"https:\/\/blogg.svenskakyrkan.se\/tankarinforhelgen\/wp-json\/wp\/v2\/posts"}],"about":[{"href":"https:\/\/blogg.svenskakyrkan.se\/tankarinforhelgen\/wp-json\/wp\/v2\/types\/post"}],"author":[{"embeddable":true,"href":"https:\/\/blogg.svenskakyrkan.se\/tankarinforhelgen\/wp-json\/wp\/v2\/users\/571"}],"replies":[{"embeddable":true,"href":"https:\/\/blogg.svenskakyrkan.se\/tankarinforhelgen\/wp-json\/wp\/v2\/comments?post=3371"}],"version-history":[{"count":2,"href":"https:\/\/blogg.svenskakyrkan.se\/tankarinforhelgen\/wp-json\/wp\/v2\/posts\/3371\/revisions"}],"predecessor-version":[{"id":3376,"href":"https:\/\/blogg.svenskakyrkan.se\/tankarinforhelgen\/wp-json\/wp\/v2\/posts\/3371\/revisions\/3376"}],"wp:featuredmedia":[{"embeddable":true,"href":"https:\/\/blogg.svenskakyrkan.se\/tankarinforhelgen\/wp-json\/wp\/v2\/media\/3372"}],"wp:attachment":[{"href":"https:\/\/blogg.svenskakyrkan.se\/tankarinforhelgen\/wp-json\/wp\/v2\/media?parent=3371"}],"wp:term":[{"taxonomy":"category","embeddable":true,"href":"https:\/\/blogg.svenskakyrkan.se\/tankarinforhelgen\/wp-json\/wp\/v2\/categories?post=3371"},{"taxonomy":"post_tag","embeddable":true,"href":"https:\/\/blogg.svenskakyrkan.se\/tankarinforhelgen\/wp-json\/wp\/v2\/tags?post=3371"}],"curies":[{"name":"wp","href":"https:\/\/api.w.org\/{rel}","templated":true}]}}