{"id":3425,"date":"2024-05-15T19:24:13","date_gmt":"2024-05-15T17:24:13","guid":{"rendered":"https:\/\/blogg.svenskakyrkan.se\/tankarinforhelgen\/?p=3425"},"modified":"2024-05-15T19:24:14","modified_gmt":"2024-05-15T17:24:14","slug":"en-dag-ska-alla-murar-falla","status":"publish","type":"post","link":"https:\/\/blogg.svenskakyrkan.se\/tankarinforhelgen\/2024\/05\/15\/en-dag-ska-alla-murar-falla\/","title":{"rendered":"En dag ska alla murar falla"},"content":{"rendered":"\n\n\n<figure class=\"wp-block-image size-full\"><a href=\"https:\/\/blogg.svenskakyrkan.se\/tankarinforhelgen\/files\/2024\/05\/image-2.jpeg\"><img loading=\"lazy\" decoding=\"async\" width=\"1024\" height=\"568\" src=\"https:\/\/blogg.svenskakyrkan.se\/tankarinforhelgen\/files\/2024\/05\/image-2.jpeg\" alt=\"\" class=\"wp-image-3427\" srcset=\"https:\/\/blogg.svenskakyrkan.se\/tankarinforhelgen\/files\/2024\/05\/image-2.jpeg 1024w, https:\/\/blogg.svenskakyrkan.se\/tankarinforhelgen\/files\/2024\/05\/image-2-300x166.jpeg 300w, https:\/\/blogg.svenskakyrkan.se\/tankarinforhelgen\/files\/2024\/05\/image-2-768x426.jpeg 768w\" sizes=\"auto, (max-width: 1024px) 100vw, 1024px\" \/><\/a><\/figure>\n\n\n\n<p>En dag ska alla murar falla.<br>Den tunna men st\u00e5lskarpa muren mellan det gudomliga och det vardagliga.<br>Den h\u00e5rdcementerade muren mellan det Gud s\u00e4ger och det jag h\u00f6r.<br>Den sv\u00e5rpenetrerade muren mellan oss och andra.<br>Alla murar ska falla den dagen<br>och ur r\u00f6ran ska v\u00e4rlden spira p\u00e5 nytt.<\/p>\n\n\n\n<p>En dag ska alla murar falla.<br>Spr\u00e5kliga murar.<br>Personliga murar.<br>Psykologiska murar.<br>Murar mellan de som \u00e4r som oss och de som \u00e4r annorlunda.<br>Dina egna omedvetna f\u00e4ngelsemurar.<\/p>\n\n\n\n<p>Den dagen ska ett nytt spr\u00e5k uppst\u00e5.<br>Inte ett spr\u00e5k som f\u00f6reg\u00e5s av grammatisk tr\u00e4ning.<br>Nej, det h\u00e4r spr\u00e5ket ska komma naturligt, medan vi uppt\u00e4cker den nya v\u00e4rlden.<br>Det ska komma till dig som det kommer till en bebis,<br>med de viktigaste orden f\u00f6rst, de som r\u00f6r ljus och relationer.<br>Det spr\u00e5ket ska f\u00f6das samtidigt och \u00f6verallt i hela v\u00e4rlden,<br>miljontals r\u00f6ster som f\u00f6rkunnar samma budskap:<br>F\u00f6rst kommer ljuset och n\u00e4rheten, \u201clampa\u201d och \u201cmamma\u201d och \u201cpappa\u201d.<br>Och sedan ska vi jobba oss fram emot v\u00e4ltaligheten:<br>bilda komplexa meningar som ber\u00e4ttar och beskriver.<br>Och f\u00f6rtjusta och f\u00f6rnyade ska vi h\u00e4pna<br>\u00f6ver vilken storslagen poesi vi kan kommunicera till varandra,<br>till oss sj\u00e4lva, till Gud.<\/p>\n\n\n\n<p>En dag ska alla murar falla.<br>Muren mellan dig och mig, den ska vara borta d\u00e5.<br>Men kanske kan vi, redan nu, redan innan \u201cen dag\u201d \u00e4r h\u00e4r,<br>b\u00f6rja skrapa lite p\u00e5 cementen,<br>b\u00f6rja bryta loss lite stenar ur den,<br>b\u00f6rja titta in till varann.<br>Kanske ska vi, som inte har en gemensam f\u00f6rst\u00e5else f\u00f6r vad v\u00e5ra egna ord betyder,<br>trots att vi talar samma spr\u00e5k,<br>Kanske ska vi b\u00f6rja behandla varandra med en l\u00e4ngtan efter att f\u00f6rst\u00e5,<br>en k\u00e4nsla f\u00f6r varandras situation.<br>Kanske kan vi l\u00e5ta v\u00e5r okunskap om varandra bli grunden,<br>inte till frustration, utan till glad uppt\u00e4ckariver.<\/p>\n\n\n\n<p>Kanske.<\/p>\n\n\n\n<p>Kanske ska vi d\u00e5 finna att den mur vi trodde bestod helt och h\u00e5llet av cement<br>i sj\u00e4lva verket \u00e4r byggd av vanlig hederlig tr\u00e4dg\u00e5rdsjord<br>och kanske ska vi d\u00e5 inse att tr\u00e4dg\u00e5rdsjord<br>\u00e4r b\u00e4st att plantera i.<br>Kanske ska vi gemensamt, med jordsmutsiga h\u00e4nder,<br>gr\u00e4va oss ur v\u00e5r egen isolering<br>l\u00e5ta muren bli ett fruktbart f\u00e4lt<br>och odla vackra blommor d\u00e4r<br>och titta p\u00e5 dem gemensamt<br>d\u00e4r de v\u00e4xer i solens sken.<br>Vi ska l\u00e5ta v\u00e5ra blickar f\u00f6lja blommornas exempel<br>och v\u00e4nda oss mot solen<br>och tillsammans, fulla av f\u00f6rundran, smaka p\u00e5 det nya spr\u00e5kets f\u00f6rsta ord: \u201cljus\u201d.<br>Och s\u00e5 ska vi se p\u00e5 det vi odlat, det som spirar,<br>och l\u00e5ngsamt t\u00e4nka att vi inte vet vem som odlade vad,<br>vem som \u00e4ger vilken blomma,<br>och pl\u00f6tsligt inse att vi inte \u00e4ger n\u00e5gon av dem<br>att allt \u00e4r g\u00e5vor<br>att allt \u00e4r n\u00e5d.<br>Och kanske \u00e4r det s\u00e5 de ser ut, de f\u00f6rsta stegen<br>p\u00e5 murl\u00f6shetens v\u00e4g<br>p\u00e5 gemenskapens v\u00e4g<br>p\u00e5 Andens v\u00e4g.<br><br>Kanske \u00e4r \u201cen dag\u201d idag.<br>Kanske \u00e4r det idag.<br>Kanske.<\/p>\n","protected":false},"excerpt":{"rendered":"<p>En dag ska alla murar falla.Den tunna men st\u00e5lskarpa muren mellan det gudomliga och det vardagliga.Den h\u00e5rdcementerade muren mellan det Gud s\u00e4ger och det jag h\u00f6r.Den sv\u00e5rpenetrerade muren mellan oss och andra.Alla murar ska falla den dagenoch ur r\u00f6ran ska v\u00e4rlden spira p\u00e5 nytt. En dag ska alla murar falla.Spr\u00e5kliga murar.Personliga murar.Psykologiska murar.Murar mellan de [&hellip;]<\/p>\n","protected":false},"author":569,"featured_media":3426,"comment_status":"open","ping_status":"open","sticky":false,"template":"","format":"standard","meta":{"_acf_changed":false,"footnotes":""},"categories":[135257],"tags":[142062,159870],"class_list":["post-3425","post","type-post","status-publish","format-standard","has-post-thumbnail","hentry","category-pingstdagen","tag-charlotte-frycklund","tag-tankarinforhelgen-2"],"acf":[],"yoast_head":"<!-- This site is optimized with the Yoast SEO plugin v27.1.1 - https:\/\/yoast.com\/product\/yoast-seo-wordpress\/ -->\n<title>En dag ska alla murar falla - Tankar inf\u00f6r helgen<\/title>\n<meta name=\"robots\" content=\"index, follow, max-snippet:-1, max-image-preview:large, max-video-preview:-1\" \/>\n<link rel=\"canonical\" href=\"https:\/\/blogg.svenskakyrkan.se\/tankarinforhelgen\/2024\/05\/15\/en-dag-ska-alla-murar-falla\/\" \/>\n<meta property=\"og:locale\" content=\"sv_SE\" \/>\n<meta property=\"og:type\" content=\"article\" \/>\n<meta property=\"og:title\" content=\"En dag ska alla murar falla - Tankar inf\u00f6r helgen\" \/>\n<meta property=\"og:description\" content=\"En dag ska alla murar falla.Den tunna men st\u00e5lskarpa muren mellan det gudomliga och det vardagliga.Den h\u00e5rdcementerade muren mellan det Gud s\u00e4ger och det jag h\u00f6r.Den sv\u00e5rpenetrerade muren mellan oss och andra.Alla murar ska falla den dagenoch ur r\u00f6ran ska v\u00e4rlden spira p\u00e5 nytt. En dag ska alla murar falla.Spr\u00e5kliga murar.Personliga murar.Psykologiska murar.Murar mellan de [&hellip;]\" \/>\n<meta property=\"og:url\" content=\"https:\/\/blogg.svenskakyrkan.se\/tankarinforhelgen\/2024\/05\/15\/en-dag-ska-alla-murar-falla\/\" \/>\n<meta property=\"og:site_name\" content=\"Tankar inf\u00f6r helgen\" \/>\n<meta property=\"article:published_time\" content=\"2024-05-15T17:24:13+00:00\" \/>\n<meta property=\"article:modified_time\" content=\"2024-05-15T17:24:14+00:00\" \/>\n<meta property=\"og:image\" content=\"http:\/\/blogg.svenskakyrkan.se\/tankarinforhelgen\/files\/2024\/05\/IMG_2930-scaled.jpeg\" \/>\n\t<meta property=\"og:image:width\" content=\"2560\" \/>\n\t<meta property=\"og:image:height\" content=\"1421\" \/>\n\t<meta property=\"og:image:type\" content=\"image\/jpeg\" \/>\n<meta name=\"author\" content=\"Charlotte Frycklund, pr\u00e4st\" \/>\n<meta name=\"twitter:card\" content=\"summary_large_image\" \/>\n<meta name=\"twitter:label1\" content=\"Skriven av\" \/>\n\t<meta name=\"twitter:data1\" content=\"Charlotte Frycklund, pr\u00e4st\" \/>\n\t<meta name=\"twitter:label2\" content=\"Ber\u00e4knad l\u00e4stid\" \/>\n\t<meta name=\"twitter:data2\" content=\"3 minuter\" \/>\n<script type=\"application\/ld+json\" class=\"yoast-schema-graph\">{\"@context\":\"https:\/\/schema.org\",\"@graph\":[{\"@type\":\"Article\",\"@id\":\"https:\/\/blogg.svenskakyrkan.se\/tankarinforhelgen\/2024\/05\/15\/en-dag-ska-alla-murar-falla\/#article\",\"isPartOf\":{\"@id\":\"https:\/\/blogg.svenskakyrkan.se\/tankarinforhelgen\/2024\/05\/15\/en-dag-ska-alla-murar-falla\/\"},\"author\":{\"name\":\"Charlotte Frycklund, pr\u00e4st\",\"@id\":\"https:\/\/blogg.svenskakyrkan.se\/tankarinforhelgen\/#\/schema\/person\/595d75da5bf93cf9ca814c398b63ed6d\"},\"headline\":\"En dag ska alla murar falla\",\"datePublished\":\"2024-05-15T17:24:13+00:00\",\"dateModified\":\"2024-05-15T17:24:14+00:00\",\"mainEntityOfPage\":{\"@id\":\"https:\/\/blogg.svenskakyrkan.se\/tankarinforhelgen\/2024\/05\/15\/en-dag-ska-alla-murar-falla\/\"},\"wordCount\":541,\"commentCount\":2,\"image\":{\"@id\":\"https:\/\/blogg.svenskakyrkan.se\/tankarinforhelgen\/2024\/05\/15\/en-dag-ska-alla-murar-falla\/#primaryimage\"},\"thumbnailUrl\":\"https:\/\/blogg.svenskakyrkan.se\/tankarinforhelgen\/files\/2024\/05\/IMG_2930-scaled.jpeg\",\"keywords\":[\"Charlotte Frycklund\",\"TANKARINF\u00d6RHELGEN\"],\"articleSection\":[\"Pingstdagen\"],\"inLanguage\":\"sv-SE\",\"potentialAction\":[{\"@type\":\"CommentAction\",\"name\":\"Comment\",\"target\":[\"https:\/\/blogg.svenskakyrkan.se\/tankarinforhelgen\/2024\/05\/15\/en-dag-ska-alla-murar-falla\/#respond\"]}]},{\"@type\":\"WebPage\",\"@id\":\"https:\/\/blogg.svenskakyrkan.se\/tankarinforhelgen\/2024\/05\/15\/en-dag-ska-alla-murar-falla\/\",\"url\":\"https:\/\/blogg.svenskakyrkan.se\/tankarinforhelgen\/2024\/05\/15\/en-dag-ska-alla-murar-falla\/\",\"name\":\"En dag ska alla murar falla - Tankar inf\u00f6r helgen\",\"isPartOf\":{\"@id\":\"https:\/\/blogg.svenskakyrkan.se\/tankarinforhelgen\/#website\"},\"primaryImageOfPage\":{\"@id\":\"https:\/\/blogg.svenskakyrkan.se\/tankarinforhelgen\/2024\/05\/15\/en-dag-ska-alla-murar-falla\/#primaryimage\"},\"image\":{\"@id\":\"https:\/\/blogg.svenskakyrkan.se\/tankarinforhelgen\/2024\/05\/15\/en-dag-ska-alla-murar-falla\/#primaryimage\"},\"thumbnailUrl\":\"https:\/\/blogg.svenskakyrkan.se\/tankarinforhelgen\/files\/2024\/05\/IMG_2930-scaled.jpeg\",\"datePublished\":\"2024-05-15T17:24:13+00:00\",\"dateModified\":\"2024-05-15T17:24:14+00:00\",\"author\":{\"@id\":\"https:\/\/blogg.svenskakyrkan.se\/tankarinforhelgen\/#\/schema\/person\/595d75da5bf93cf9ca814c398b63ed6d\"},\"breadcrumb\":{\"@id\":\"https:\/\/blogg.svenskakyrkan.se\/tankarinforhelgen\/2024\/05\/15\/en-dag-ska-alla-murar-falla\/#breadcrumb\"},\"inLanguage\":\"sv-SE\",\"potentialAction\":[{\"@type\":\"ReadAction\",\"target\":[\"https:\/\/blogg.svenskakyrkan.se\/tankarinforhelgen\/2024\/05\/15\/en-dag-ska-alla-murar-falla\/\"]}]},{\"@type\":\"ImageObject\",\"inLanguage\":\"sv-SE\",\"@id\":\"https:\/\/blogg.svenskakyrkan.se\/tankarinforhelgen\/2024\/05\/15\/en-dag-ska-alla-murar-falla\/#primaryimage\",\"url\":\"https:\/\/blogg.svenskakyrkan.se\/tankarinforhelgen\/files\/2024\/05\/IMG_2930-scaled.jpeg\",\"contentUrl\":\"https:\/\/blogg.svenskakyrkan.se\/tankarinforhelgen\/files\/2024\/05\/IMG_2930-scaled.jpeg\",\"width\":2560,\"height\":1421},{\"@type\":\"BreadcrumbList\",\"@id\":\"https:\/\/blogg.svenskakyrkan.se\/tankarinforhelgen\/2024\/05\/15\/en-dag-ska-alla-murar-falla\/#breadcrumb\",\"itemListElement\":[{\"@type\":\"ListItem\",\"position\":1,\"name\":\"Hem\",\"item\":\"https:\/\/blogg.svenskakyrkan.se\/tankarinforhelgen\/\"},{\"@type\":\"ListItem\",\"position\":2,\"name\":\"En dag ska alla murar falla\"}]},{\"@type\":\"WebSite\",\"@id\":\"https:\/\/blogg.svenskakyrkan.se\/tankarinforhelgen\/#website\",\"url\":\"https:\/\/blogg.svenskakyrkan.se\/tankarinforhelgen\/\",\"name\":\"Tankar inf\u00f6r helgen\",\"description\":\"Pr\u00e4ster funderar utifr\u00e5n kommande s\u00f6ndags texter\",\"potentialAction\":[{\"@type\":\"SearchAction\",\"target\":{\"@type\":\"EntryPoint\",\"urlTemplate\":\"https:\/\/blogg.svenskakyrkan.se\/tankarinforhelgen\/?s={search_term_string}\"},\"query-input\":{\"@type\":\"PropertyValueSpecification\",\"valueRequired\":true,\"valueName\":\"search_term_string\"}}],\"inLanguage\":\"sv-SE\"},{\"@type\":\"Person\",\"@id\":\"https:\/\/blogg.svenskakyrkan.se\/tankarinforhelgen\/#\/schema\/person\/595d75da5bf93cf9ca814c398b63ed6d\",\"name\":\"Charlotte Frycklund, pr\u00e4st\",\"image\":{\"@type\":\"ImageObject\",\"inLanguage\":\"sv-SE\",\"@id\":\"https:\/\/blogg.svenskakyrkan.se\/tankarinforhelgen\/#\/schema\/person\/image\/\",\"url\":\"https:\/\/secure.gravatar.com\/avatar\/10f37b82bf44def60f716a446302420cc1eb214cca306b573a488614ab47ee87?s=96&d=mm&r=g\",\"contentUrl\":\"https:\/\/secure.gravatar.com\/avatar\/10f37b82bf44def60f716a446302420cc1eb214cca306b573a488614ab47ee87?s=96&d=mm&r=g\",\"caption\":\"Charlotte Frycklund, pr\u00e4st\"},\"url\":\"https:\/\/blogg.svenskakyrkan.se\/tankarinforhelgen\/author\/charlottefrycklund\/\"}]}<\/script>\n<!-- \/ Yoast SEO plugin. -->","yoast_head_json":{"title":"En dag ska alla murar falla - Tankar inf\u00f6r helgen","robots":{"index":"index","follow":"follow","max-snippet":"max-snippet:-1","max-image-preview":"max-image-preview:large","max-video-preview":"max-video-preview:-1"},"canonical":"https:\/\/blogg.svenskakyrkan.se\/tankarinforhelgen\/2024\/05\/15\/en-dag-ska-alla-murar-falla\/","og_locale":"sv_SE","og_type":"article","og_title":"En dag ska alla murar falla - Tankar inf\u00f6r helgen","og_description":"En dag ska alla murar falla.Den tunna men st\u00e5lskarpa muren mellan det gudomliga och det vardagliga.Den h\u00e5rdcementerade muren mellan det Gud s\u00e4ger och det jag h\u00f6r.Den sv\u00e5rpenetrerade muren mellan oss och andra.Alla murar ska falla den dagenoch ur r\u00f6ran ska v\u00e4rlden spira p\u00e5 nytt. En dag ska alla murar falla.Spr\u00e5kliga murar.Personliga murar.Psykologiska murar.Murar mellan de [&hellip;]","og_url":"https:\/\/blogg.svenskakyrkan.se\/tankarinforhelgen\/2024\/05\/15\/en-dag-ska-alla-murar-falla\/","og_site_name":"Tankar inf\u00f6r helgen","article_published_time":"2024-05-15T17:24:13+00:00","article_modified_time":"2024-05-15T17:24:14+00:00","og_image":[{"width":2560,"height":1421,"url":"http:\/\/blogg.svenskakyrkan.se\/tankarinforhelgen\/files\/2024\/05\/IMG_2930-scaled.jpeg","type":"image\/jpeg"}],"author":"Charlotte Frycklund, pr\u00e4st","twitter_card":"summary_large_image","twitter_misc":{"Skriven av":"Charlotte Frycklund, pr\u00e4st","Ber\u00e4knad l\u00e4stid":"3 minuter"},"schema":{"@context":"https:\/\/schema.org","@graph":[{"@type":"Article","@id":"https:\/\/blogg.svenskakyrkan.se\/tankarinforhelgen\/2024\/05\/15\/en-dag-ska-alla-murar-falla\/#article","isPartOf":{"@id":"https:\/\/blogg.svenskakyrkan.se\/tankarinforhelgen\/2024\/05\/15\/en-dag-ska-alla-murar-falla\/"},"author":{"name":"Charlotte Frycklund, pr\u00e4st","@id":"https:\/\/blogg.svenskakyrkan.se\/tankarinforhelgen\/#\/schema\/person\/595d75da5bf93cf9ca814c398b63ed6d"},"headline":"En dag ska alla murar falla","datePublished":"2024-05-15T17:24:13+00:00","dateModified":"2024-05-15T17:24:14+00:00","mainEntityOfPage":{"@id":"https:\/\/blogg.svenskakyrkan.se\/tankarinforhelgen\/2024\/05\/15\/en-dag-ska-alla-murar-falla\/"},"wordCount":541,"commentCount":2,"image":{"@id":"https:\/\/blogg.svenskakyrkan.se\/tankarinforhelgen\/2024\/05\/15\/en-dag-ska-alla-murar-falla\/#primaryimage"},"thumbnailUrl":"https:\/\/blogg.svenskakyrkan.se\/tankarinforhelgen\/files\/2024\/05\/IMG_2930-scaled.jpeg","keywords":["Charlotte Frycklund","TANKARINF\u00d6RHELGEN"],"articleSection":["Pingstdagen"],"inLanguage":"sv-SE","potentialAction":[{"@type":"CommentAction","name":"Comment","target":["https:\/\/blogg.svenskakyrkan.se\/tankarinforhelgen\/2024\/05\/15\/en-dag-ska-alla-murar-falla\/#respond"]}]},{"@type":"WebPage","@id":"https:\/\/blogg.svenskakyrkan.se\/tankarinforhelgen\/2024\/05\/15\/en-dag-ska-alla-murar-falla\/","url":"https:\/\/blogg.svenskakyrkan.se\/tankarinforhelgen\/2024\/05\/15\/en-dag-ska-alla-murar-falla\/","name":"En dag ska alla murar falla - Tankar inf\u00f6r helgen","isPartOf":{"@id":"https:\/\/blogg.svenskakyrkan.se\/tankarinforhelgen\/#website"},"primaryImageOfPage":{"@id":"https:\/\/blogg.svenskakyrkan.se\/tankarinforhelgen\/2024\/05\/15\/en-dag-ska-alla-murar-falla\/#primaryimage"},"image":{"@id":"https:\/\/blogg.svenskakyrkan.se\/tankarinforhelgen\/2024\/05\/15\/en-dag-ska-alla-murar-falla\/#primaryimage"},"thumbnailUrl":"https:\/\/blogg.svenskakyrkan.se\/tankarinforhelgen\/files\/2024\/05\/IMG_2930-scaled.jpeg","datePublished":"2024-05-15T17:24:13+00:00","dateModified":"2024-05-15T17:24:14+00:00","author":{"@id":"https:\/\/blogg.svenskakyrkan.se\/tankarinforhelgen\/#\/schema\/person\/595d75da5bf93cf9ca814c398b63ed6d"},"breadcrumb":{"@id":"https:\/\/blogg.svenskakyrkan.se\/tankarinforhelgen\/2024\/05\/15\/en-dag-ska-alla-murar-falla\/#breadcrumb"},"inLanguage":"sv-SE","potentialAction":[{"@type":"ReadAction","target":["https:\/\/blogg.svenskakyrkan.se\/tankarinforhelgen\/2024\/05\/15\/en-dag-ska-alla-murar-falla\/"]}]},{"@type":"ImageObject","inLanguage":"sv-SE","@id":"https:\/\/blogg.svenskakyrkan.se\/tankarinforhelgen\/2024\/05\/15\/en-dag-ska-alla-murar-falla\/#primaryimage","url":"https:\/\/blogg.svenskakyrkan.se\/tankarinforhelgen\/files\/2024\/05\/IMG_2930-scaled.jpeg","contentUrl":"https:\/\/blogg.svenskakyrkan.se\/tankarinforhelgen\/files\/2024\/05\/IMG_2930-scaled.jpeg","width":2560,"height":1421},{"@type":"BreadcrumbList","@id":"https:\/\/blogg.svenskakyrkan.se\/tankarinforhelgen\/2024\/05\/15\/en-dag-ska-alla-murar-falla\/#breadcrumb","itemListElement":[{"@type":"ListItem","position":1,"name":"Hem","item":"https:\/\/blogg.svenskakyrkan.se\/tankarinforhelgen\/"},{"@type":"ListItem","position":2,"name":"En dag ska alla murar falla"}]},{"@type":"WebSite","@id":"https:\/\/blogg.svenskakyrkan.se\/tankarinforhelgen\/#website","url":"https:\/\/blogg.svenskakyrkan.se\/tankarinforhelgen\/","name":"Tankar inf\u00f6r helgen","description":"Pr\u00e4ster funderar utifr\u00e5n kommande s\u00f6ndags texter","potentialAction":[{"@type":"SearchAction","target":{"@type":"EntryPoint","urlTemplate":"https:\/\/blogg.svenskakyrkan.se\/tankarinforhelgen\/?s={search_term_string}"},"query-input":{"@type":"PropertyValueSpecification","valueRequired":true,"valueName":"search_term_string"}}],"inLanguage":"sv-SE"},{"@type":"Person","@id":"https:\/\/blogg.svenskakyrkan.se\/tankarinforhelgen\/#\/schema\/person\/595d75da5bf93cf9ca814c398b63ed6d","name":"Charlotte Frycklund, pr\u00e4st","image":{"@type":"ImageObject","inLanguage":"sv-SE","@id":"https:\/\/blogg.svenskakyrkan.se\/tankarinforhelgen\/#\/schema\/person\/image\/","url":"https:\/\/secure.gravatar.com\/avatar\/10f37b82bf44def60f716a446302420cc1eb214cca306b573a488614ab47ee87?s=96&d=mm&r=g","contentUrl":"https:\/\/secure.gravatar.com\/avatar\/10f37b82bf44def60f716a446302420cc1eb214cca306b573a488614ab47ee87?s=96&d=mm&r=g","caption":"Charlotte Frycklund, pr\u00e4st"},"url":"https:\/\/blogg.svenskakyrkan.se\/tankarinforhelgen\/author\/charlottefrycklund\/"}]}},"author_meta":{"ID":"569","user_nicename":"charlottefrycklund","user_registered":"2016-05-24 11:46:19","display_name":"Charlotte Frycklund, pr\u00e4st","first_name":"Charlotte","last_name":"Frycklund, pr\u00e4st","avatar":"https:\/\/secure.gravatar.com\/avatar\/10f37b82bf44def60f716a446302420cc1eb214cca306b573a488614ab47ee87?s=96&d=mm&r=g"},"featured_image":["https:\/\/blogg.svenskakyrkan.se\/tankarinforhelgen\/files\/2024\/05\/IMG_2930-1024x568.jpeg",1024,568,true],"bloginfo":{"name":"Tankar inf\u00f6r helgen","url":"https:\/\/blogg.svenskakyrkan.se\/tankarinforhelgen"},"_links":{"self":[{"href":"https:\/\/blogg.svenskakyrkan.se\/tankarinforhelgen\/wp-json\/wp\/v2\/posts\/3425","targetHints":{"allow":["GET"]}}],"collection":[{"href":"https:\/\/blogg.svenskakyrkan.se\/tankarinforhelgen\/wp-json\/wp\/v2\/posts"}],"about":[{"href":"https:\/\/blogg.svenskakyrkan.se\/tankarinforhelgen\/wp-json\/wp\/v2\/types\/post"}],"author":[{"embeddable":true,"href":"https:\/\/blogg.svenskakyrkan.se\/tankarinforhelgen\/wp-json\/wp\/v2\/users\/569"}],"replies":[{"embeddable":true,"href":"https:\/\/blogg.svenskakyrkan.se\/tankarinforhelgen\/wp-json\/wp\/v2\/comments?post=3425"}],"version-history":[{"count":1,"href":"https:\/\/blogg.svenskakyrkan.se\/tankarinforhelgen\/wp-json\/wp\/v2\/posts\/3425\/revisions"}],"predecessor-version":[{"id":3428,"href":"https:\/\/blogg.svenskakyrkan.se\/tankarinforhelgen\/wp-json\/wp\/v2\/posts\/3425\/revisions\/3428"}],"wp:featuredmedia":[{"embeddable":true,"href":"https:\/\/blogg.svenskakyrkan.se\/tankarinforhelgen\/wp-json\/wp\/v2\/media\/3426"}],"wp:attachment":[{"href":"https:\/\/blogg.svenskakyrkan.se\/tankarinforhelgen\/wp-json\/wp\/v2\/media?parent=3425"}],"wp:term":[{"taxonomy":"category","embeddable":true,"href":"https:\/\/blogg.svenskakyrkan.se\/tankarinforhelgen\/wp-json\/wp\/v2\/categories?post=3425"},{"taxonomy":"post_tag","embeddable":true,"href":"https:\/\/blogg.svenskakyrkan.se\/tankarinforhelgen\/wp-json\/wp\/v2\/tags?post=3425"}],"curies":[{"name":"wp","href":"https:\/\/api.w.org\/{rel}","templated":true}]}}