{"id":351,"date":"2015-09-23T15:58:13","date_gmt":"2015-09-23T13:58:13","guid":{"rendered":"http:\/\/blogg.svenskakyrkan.se\/tankarinforhelgen\/?p=351"},"modified":"2017-01-09T16:03:28","modified_gmt":"2017-01-09T15:03:28","slug":"dela-pa-rikedomen","status":"publish","type":"post","link":"https:\/\/blogg.svenskakyrkan.se\/tankarinforhelgen\/2015\/09\/23\/dela-pa-rikedomen\/","title":{"rendered":"Dela p\u00e5 rikedomen"},"content":{"rendered":"<p><a href=\"http:\/\/blogg.svenskakyrkan.se\/tankarinforhelgen\/files\/2017\/01\/Torslanda-Bj\u00f6rlanda-f\u00f6rsamling.jpg\"><img loading=\"lazy\" decoding=\"async\" class=\"alignnone size-full wp-image-352\" src=\"http:\/\/blogg.svenskakyrkan.se\/tankarinforhelgen\/files\/2017\/01\/Torslanda-Bj\u00f6rlanda-f\u00f6rsamling.jpg\" alt=\"torslanda-bjorlanda-forsamling\" width=\"438\" height=\"225\" srcset=\"https:\/\/blogg.svenskakyrkan.se\/tankarinforhelgen\/files\/2017\/01\/Torslanda-Bj\u00f6rlanda-f\u00f6rsamling.jpg 438w, https:\/\/blogg.svenskakyrkan.se\/tankarinforhelgen\/files\/2017\/01\/Torslanda-Bj\u00f6rlanda-f\u00f6rsamling-300x154.jpg 300w\" sizes=\"auto, (max-width: 438px) 100vw, 438px\" \/><\/a><\/p>\n<p>Jag kommer p\u00e5 mig sj\u00e4lv att tyst lyssna till barnens prat vid matbordet och jag t\u00e4nker tacksamt: \u201dJag \u00e4r rik\u201d. Jag scrollar i fl\u00f6det p\u00e5 Facebook och ser v\u00e4nner, mer eller mindre bekanta flimra f\u00f6rbi och jag t\u00e4nker tacksamt: \u201dJag \u00e4r rik\u201d. Jag \u00e5ker och handlar f\u00f6r att fylla veckans f\u00f6rr\u00e5d av middagar och jag t\u00e4nker tacksamt: \u201dJag \u00e4r rik\u201d.<\/p>\n<p>Jag g\u00e5r till bilen med mina \u00f6verfulla kassar och snubblar n\u00e4stan \u00f6ver den gravida kvinnan med papperskoppen.<\/p>\n<p>Den rikedom som nyss lade sig som tacksamhet i magtrakten svider till. Det jag vet, men inte alltid orkar t\u00e4nka tydligt och klart g\u00f6r sig sm\u00e4rtsamt p\u00e5mint, \u201dJag \u00e4r rik p\u00e5 n\u00e5gon annans bekostnad\u201d.<\/p>\n<p>Inte alla rikedomar f\u00f6rst\u00e5s. S\u00e4kert \u00e4r det s\u00e5 att jag och den gravida kvinnan med koppen delar upplevelsen av den st\u00f6rsta rikedomen. Den som inte kan v\u00e4rderas i reda pengar utan som \u00e4r sk\u00f6r och stark som livet sj\u00e4lvt. Den som har med \u00e4lskade m\u00e4nniskor och minnesv\u00e4rda lyckostunder att g\u00f6ra. Det \u00e4r den st\u00f6rsta rikedomen, den himmelska skatten.<\/p>\n<p>Relationer \u00e4r levande och dynamiska, de kan knappast kontrolleras, konserveras och \u00e4n mindre l\u00e4ggas p\u00e5 h\u00f6g. De uppst\u00e5r, finns, rinner ibland ut i sanden och uppst\u00e5r ibland till nytt liv. Den st\u00f6rsta rikedomen.<\/p>\n<p>Men s\u00e5 har vi den andra rikedomen. Den jordiska rikedomen som s\u00e4ger att saker och ting har ett pris. Den jordiska rikedomen f\u00f6rpliktigar. Den \u00e4r or\u00e4ttvist f\u00f6rdelad p\u00e5 en jord som p\u00e5 sina h\u00e5ll st\u00e5r i brand. Jag med mina privilegier och tillg\u00e5ngar borde rimligen vara och bli en mer \u00f6dmjuk tj\u00e4nare.<\/p>\n<p>Den rikedom som ger mig m\u00f6jlighet att bo i varma hus och sova i en torr s\u00e4ng, som g\u00f6r att jag n\u00e4stan aldrig beh\u00f6ver frysa av hunger och som kan stava till l\u00e5ngt fler prylar \u00e4n jag beh\u00f6ver. Den ska delas och jorden ska brukas av alla.<\/p>\n<p>Det \u00e4r logiskt, och Jesus f\u00e5r det att l\u00e5ta s\u00e5 enkelt. \u201dSamla inte skatter p\u00e5 jorden! Samla skatter i himlen ist\u00e4llet. F\u00f6rst\u00e5r ni inte att d\u00e4r er skatt \u00e4r d\u00e4r kommer ert hj\u00e4rta, ert engagemang och ert fokus att vara. \u00c4r jag d\u00e4r? \u00c4r jag d\u00e4r ert hj\u00e4rta \u00e4r?\u201d Och jag ser kvinnan jag n\u00e4stan snubblade \u00f6ver och d\u00e4r \u00e4r Guds son.<\/p>\n<p>S\u00f6ndagens tema \u00e4r \u201dRik inf\u00f6r Gud\u201d. Vad g\u00f6r mig rik inf\u00f6r Gud? Det \u00e4r en fr\u00e5ga som g\u00f6r mig obekv\u00e4m p\u00e5 n\u00e5got vis, belastad med en k\u00e4nsla av att jag vill inte vara rik inf\u00f6r n\u00e5gon. Jag vill vara en del av det himmelrike d\u00e4r allt r\u00e4cker \u00e5t alla och d\u00e4r ingen \u00e4r rik p\u00e5 n\u00e5gon annans bekostnad.<\/p>\n<p>Jag leker med orden och t\u00e4nker att \u201drik\u201d och \u201drikedom\u201d h\u00f6r ihop och pr\u00f6var att ist\u00e4llet st\u00e4lla fr\u00e5gan \u201dVad g\u00f6r mig till en rikedom f\u00f6r Gud\u201d? Vad g\u00f6r mina \u00e4lskade till rikedomar f\u00f6r mig? Ja det \u00e4r ju inte p\u00e5 grund av\u00a0n\u00e5got de presterar utan bara f\u00f6r att de finns. De \u00e4r min stora lycka och jag tror att det \u00e4r just vad det handlar om. Vi \u00e4r Guds stora lycka i all v\u00e5r m\u00e4nskliga svaghet och styrka.<\/p>\n<p>Vi, alla vi som lever h\u00e4r, oavsett om vi sitter med en papperskopp i handen eller om vi sitter bakom ett stort skrivbord och har m\u00f6jlighet att vara med och p\u00e5verka riktning och beslut. Och jag tror att Gud ser sin m\u00e4nsklighet och t\u00e4nker:<\/p>\n<p>\u201dTitta vilken m\u00e5ngfald och \u00e4nd\u00e5 s\u00e5 lika. L\u00e5t dem f\u00f6rst\u00e5 att ingen n\u00e5gonsin sett mig men om de ser, b\u00e4r och \u00e4lskar varandra finns min k\u00e4rlek alltid hos dem. Ge dem sinnesro att acceptera det de inte kan f\u00f6r\u00e4ndra, mod att f\u00f6r\u00e4ndra det de kan och f\u00f6rst\u00e5nd att inse skillnaden\u201d.<\/p>\n<p><i>Lotta Ingerholt<br \/>\nF\u00f6rsamlingspedagog och gymnasieteolog\u00a0i Uppsala\u00a0\u00a0<\/i><\/p>\n<p>\u200b<\/p>\n","protected":false},"excerpt":{"rendered":"<p>Jag kommer p\u00e5 mig sj\u00e4lv att tyst lyssna till barnens prat vid matbordet och jag t\u00e4nker tacksamt: \u201dJag \u00e4r rik\u201d. Jag scrollar i fl\u00f6det p\u00e5 Facebook och ser v\u00e4nner, mer eller mindre bekanta flimra f\u00f6rbi och jag t\u00e4nker tacksamt: \u201dJag \u00e4r rik\u201d. Jag \u00e5ker och handlar f\u00f6r att fylla veckans f\u00f6rr\u00e5d av middagar och jag [&hellip;]<\/p>\n","protected":false},"author":458,"featured_media":0,"comment_status":"open","ping_status":"open","sticky":false,"template":"","format":"standard","meta":{"_acf_changed":false,"footnotes":""},"categories":[130724],"tags":[],"class_list":["post-351","post","type-post","status-publish","format-standard","hentry","category-17e-sondagen-efter-trefaldighet"],"acf":[],"yoast_head":"<!-- This site is optimized with the Yoast SEO plugin v27.1.1 - https:\/\/yoast.com\/product\/yoast-seo-wordpress\/ -->\n<title>Dela p\u00e5 rikedomen - Tankar inf\u00f6r helgen<\/title>\n<meta name=\"robots\" content=\"index, follow, max-snippet:-1, max-image-preview:large, max-video-preview:-1\" \/>\n<link rel=\"canonical\" href=\"https:\/\/blogg.svenskakyrkan.se\/tankarinforhelgen\/2015\/09\/23\/dela-pa-rikedomen\/\" \/>\n<meta property=\"og:locale\" content=\"sv_SE\" \/>\n<meta property=\"og:type\" content=\"article\" \/>\n<meta property=\"og:title\" content=\"Dela p\u00e5 rikedomen - Tankar inf\u00f6r helgen\" \/>\n<meta property=\"og:description\" content=\"Jag kommer p\u00e5 mig sj\u00e4lv att tyst lyssna till barnens prat vid matbordet och jag t\u00e4nker tacksamt: \u201dJag \u00e4r rik\u201d. Jag scrollar i fl\u00f6det p\u00e5 Facebook och ser v\u00e4nner, mer eller mindre bekanta flimra f\u00f6rbi och jag t\u00e4nker tacksamt: \u201dJag \u00e4r rik\u201d. Jag \u00e5ker och handlar f\u00f6r att fylla veckans f\u00f6rr\u00e5d av middagar och jag [&hellip;]\" \/>\n<meta property=\"og:url\" content=\"https:\/\/blogg.svenskakyrkan.se\/tankarinforhelgen\/2015\/09\/23\/dela-pa-rikedomen\/\" \/>\n<meta property=\"og:site_name\" content=\"Tankar inf\u00f6r helgen\" \/>\n<meta property=\"article:published_time\" content=\"2015-09-23T13:58:13+00:00\" \/>\n<meta property=\"article:modified_time\" content=\"2017-01-09T15:03:28+00:00\" \/>\n<meta name=\"author\" content=\"Magdalena Wernefeldt\" \/>\n<meta name=\"twitter:card\" content=\"summary_large_image\" \/>\n<meta name=\"twitter:label1\" content=\"Skriven av\" \/>\n\t<meta name=\"twitter:data1\" content=\"Magdalena Wernefeldt\" \/>\n\t<meta name=\"twitter:label2\" content=\"Ber\u00e4knad l\u00e4stid\" \/>\n\t<meta name=\"twitter:data2\" content=\"4 minuter\" \/>\n<script type=\"application\/ld+json\" class=\"yoast-schema-graph\">{\"@context\":\"https:\/\/schema.org\",\"@graph\":[{\"@type\":\"Article\",\"@id\":\"https:\/\/blogg.svenskakyrkan.se\/tankarinforhelgen\/2015\/09\/23\/dela-pa-rikedomen\/#article\",\"isPartOf\":{\"@id\":\"https:\/\/blogg.svenskakyrkan.se\/tankarinforhelgen\/2015\/09\/23\/dela-pa-rikedomen\/\"},\"author\":{\"name\":\"Magdalena Wernefeldt\",\"@id\":\"https:\/\/blogg.svenskakyrkan.se\/tankarinforhelgen\/#\/schema\/person\/c19e8a124f507336a7f712f3b02d924b\"},\"headline\":\"Dela p\u00e5 rikedomen\",\"datePublished\":\"2015-09-23T13:58:13+00:00\",\"dateModified\":\"2017-01-09T15:03:28+00:00\",\"mainEntityOfPage\":{\"@id\":\"https:\/\/blogg.svenskakyrkan.se\/tankarinforhelgen\/2015\/09\/23\/dela-pa-rikedomen\/\"},\"wordCount\":712,\"commentCount\":0,\"articleSection\":[\"17:e s\u00f6ndagen efter trefaldighet\"],\"inLanguage\":\"sv-SE\",\"potentialAction\":[{\"@type\":\"CommentAction\",\"name\":\"Comment\",\"target\":[\"https:\/\/blogg.svenskakyrkan.se\/tankarinforhelgen\/2015\/09\/23\/dela-pa-rikedomen\/#respond\"]}]},{\"@type\":\"WebPage\",\"@id\":\"https:\/\/blogg.svenskakyrkan.se\/tankarinforhelgen\/2015\/09\/23\/dela-pa-rikedomen\/\",\"url\":\"https:\/\/blogg.svenskakyrkan.se\/tankarinforhelgen\/2015\/09\/23\/dela-pa-rikedomen\/\",\"name\":\"Dela p\u00e5 rikedomen - Tankar inf\u00f6r helgen\",\"isPartOf\":{\"@id\":\"https:\/\/blogg.svenskakyrkan.se\/tankarinforhelgen\/#website\"},\"datePublished\":\"2015-09-23T13:58:13+00:00\",\"dateModified\":\"2017-01-09T15:03:28+00:00\",\"author\":{\"@id\":\"https:\/\/blogg.svenskakyrkan.se\/tankarinforhelgen\/#\/schema\/person\/c19e8a124f507336a7f712f3b02d924b\"},\"breadcrumb\":{\"@id\":\"https:\/\/blogg.svenskakyrkan.se\/tankarinforhelgen\/2015\/09\/23\/dela-pa-rikedomen\/#breadcrumb\"},\"inLanguage\":\"sv-SE\",\"potentialAction\":[{\"@type\":\"ReadAction\",\"target\":[\"https:\/\/blogg.svenskakyrkan.se\/tankarinforhelgen\/2015\/09\/23\/dela-pa-rikedomen\/\"]}]},{\"@type\":\"BreadcrumbList\",\"@id\":\"https:\/\/blogg.svenskakyrkan.se\/tankarinforhelgen\/2015\/09\/23\/dela-pa-rikedomen\/#breadcrumb\",\"itemListElement\":[{\"@type\":\"ListItem\",\"position\":1,\"name\":\"Hem\",\"item\":\"https:\/\/blogg.svenskakyrkan.se\/tankarinforhelgen\/\"},{\"@type\":\"ListItem\",\"position\":2,\"name\":\"Dela p\u00e5 rikedomen\"}]},{\"@type\":\"WebSite\",\"@id\":\"https:\/\/blogg.svenskakyrkan.se\/tankarinforhelgen\/#website\",\"url\":\"https:\/\/blogg.svenskakyrkan.se\/tankarinforhelgen\/\",\"name\":\"Tankar inf\u00f6r helgen\",\"description\":\"Pr\u00e4ster funderar utifr\u00e5n kommande s\u00f6ndags texter\",\"potentialAction\":[{\"@type\":\"SearchAction\",\"target\":{\"@type\":\"EntryPoint\",\"urlTemplate\":\"https:\/\/blogg.svenskakyrkan.se\/tankarinforhelgen\/?s={search_term_string}\"},\"query-input\":{\"@type\":\"PropertyValueSpecification\",\"valueRequired\":true,\"valueName\":\"search_term_string\"}}],\"inLanguage\":\"sv-SE\"},{\"@type\":\"Person\",\"@id\":\"https:\/\/blogg.svenskakyrkan.se\/tankarinforhelgen\/#\/schema\/person\/c19e8a124f507336a7f712f3b02d924b\",\"name\":\"Magdalena Wernefeldt\",\"image\":{\"@type\":\"ImageObject\",\"inLanguage\":\"sv-SE\",\"@id\":\"https:\/\/blogg.svenskakyrkan.se\/tankarinforhelgen\/#\/schema\/person\/image\/\",\"url\":\"https:\/\/secure.gravatar.com\/avatar\/23dab26aed51bdfcff5c1559ea1a5d339f00dac73f3d56d1d8b724c1d9074328?s=96&d=mm&r=g\",\"contentUrl\":\"https:\/\/secure.gravatar.com\/avatar\/23dab26aed51bdfcff5c1559ea1a5d339f00dac73f3d56d1d8b724c1d9074328?s=96&d=mm&r=g\",\"caption\":\"Magdalena Wernefeldt\"},\"url\":\"https:\/\/blogg.svenskakyrkan.se\/tankarinforhelgen\/author\/svkmwt\/\"}]}<\/script>\n<!-- \/ Yoast SEO plugin. -->","yoast_head_json":{"title":"Dela p\u00e5 rikedomen - Tankar inf\u00f6r helgen","robots":{"index":"index","follow":"follow","max-snippet":"max-snippet:-1","max-image-preview":"max-image-preview:large","max-video-preview":"max-video-preview:-1"},"canonical":"https:\/\/blogg.svenskakyrkan.se\/tankarinforhelgen\/2015\/09\/23\/dela-pa-rikedomen\/","og_locale":"sv_SE","og_type":"article","og_title":"Dela p\u00e5 rikedomen - Tankar inf\u00f6r helgen","og_description":"Jag kommer p\u00e5 mig sj\u00e4lv att tyst lyssna till barnens prat vid matbordet och jag t\u00e4nker tacksamt: \u201dJag \u00e4r rik\u201d. Jag scrollar i fl\u00f6det p\u00e5 Facebook och ser v\u00e4nner, mer eller mindre bekanta flimra f\u00f6rbi och jag t\u00e4nker tacksamt: \u201dJag \u00e4r rik\u201d. Jag \u00e5ker och handlar f\u00f6r att fylla veckans f\u00f6rr\u00e5d av middagar och jag [&hellip;]","og_url":"https:\/\/blogg.svenskakyrkan.se\/tankarinforhelgen\/2015\/09\/23\/dela-pa-rikedomen\/","og_site_name":"Tankar inf\u00f6r helgen","article_published_time":"2015-09-23T13:58:13+00:00","article_modified_time":"2017-01-09T15:03:28+00:00","author":"Magdalena Wernefeldt","twitter_card":"summary_large_image","twitter_misc":{"Skriven av":"Magdalena Wernefeldt","Ber\u00e4knad l\u00e4stid":"4 minuter"},"schema":{"@context":"https:\/\/schema.org","@graph":[{"@type":"Article","@id":"https:\/\/blogg.svenskakyrkan.se\/tankarinforhelgen\/2015\/09\/23\/dela-pa-rikedomen\/#article","isPartOf":{"@id":"https:\/\/blogg.svenskakyrkan.se\/tankarinforhelgen\/2015\/09\/23\/dela-pa-rikedomen\/"},"author":{"name":"Magdalena Wernefeldt","@id":"https:\/\/blogg.svenskakyrkan.se\/tankarinforhelgen\/#\/schema\/person\/c19e8a124f507336a7f712f3b02d924b"},"headline":"Dela p\u00e5 rikedomen","datePublished":"2015-09-23T13:58:13+00:00","dateModified":"2017-01-09T15:03:28+00:00","mainEntityOfPage":{"@id":"https:\/\/blogg.svenskakyrkan.se\/tankarinforhelgen\/2015\/09\/23\/dela-pa-rikedomen\/"},"wordCount":712,"commentCount":0,"articleSection":["17:e s\u00f6ndagen efter trefaldighet"],"inLanguage":"sv-SE","potentialAction":[{"@type":"CommentAction","name":"Comment","target":["https:\/\/blogg.svenskakyrkan.se\/tankarinforhelgen\/2015\/09\/23\/dela-pa-rikedomen\/#respond"]}]},{"@type":"WebPage","@id":"https:\/\/blogg.svenskakyrkan.se\/tankarinforhelgen\/2015\/09\/23\/dela-pa-rikedomen\/","url":"https:\/\/blogg.svenskakyrkan.se\/tankarinforhelgen\/2015\/09\/23\/dela-pa-rikedomen\/","name":"Dela p\u00e5 rikedomen - Tankar inf\u00f6r helgen","isPartOf":{"@id":"https:\/\/blogg.svenskakyrkan.se\/tankarinforhelgen\/#website"},"datePublished":"2015-09-23T13:58:13+00:00","dateModified":"2017-01-09T15:03:28+00:00","author":{"@id":"https:\/\/blogg.svenskakyrkan.se\/tankarinforhelgen\/#\/schema\/person\/c19e8a124f507336a7f712f3b02d924b"},"breadcrumb":{"@id":"https:\/\/blogg.svenskakyrkan.se\/tankarinforhelgen\/2015\/09\/23\/dela-pa-rikedomen\/#breadcrumb"},"inLanguage":"sv-SE","potentialAction":[{"@type":"ReadAction","target":["https:\/\/blogg.svenskakyrkan.se\/tankarinforhelgen\/2015\/09\/23\/dela-pa-rikedomen\/"]}]},{"@type":"BreadcrumbList","@id":"https:\/\/blogg.svenskakyrkan.se\/tankarinforhelgen\/2015\/09\/23\/dela-pa-rikedomen\/#breadcrumb","itemListElement":[{"@type":"ListItem","position":1,"name":"Hem","item":"https:\/\/blogg.svenskakyrkan.se\/tankarinforhelgen\/"},{"@type":"ListItem","position":2,"name":"Dela p\u00e5 rikedomen"}]},{"@type":"WebSite","@id":"https:\/\/blogg.svenskakyrkan.se\/tankarinforhelgen\/#website","url":"https:\/\/blogg.svenskakyrkan.se\/tankarinforhelgen\/","name":"Tankar inf\u00f6r helgen","description":"Pr\u00e4ster funderar utifr\u00e5n kommande s\u00f6ndags texter","potentialAction":[{"@type":"SearchAction","target":{"@type":"EntryPoint","urlTemplate":"https:\/\/blogg.svenskakyrkan.se\/tankarinforhelgen\/?s={search_term_string}"},"query-input":{"@type":"PropertyValueSpecification","valueRequired":true,"valueName":"search_term_string"}}],"inLanguage":"sv-SE"},{"@type":"Person","@id":"https:\/\/blogg.svenskakyrkan.se\/tankarinforhelgen\/#\/schema\/person\/c19e8a124f507336a7f712f3b02d924b","name":"Magdalena Wernefeldt","image":{"@type":"ImageObject","inLanguage":"sv-SE","@id":"https:\/\/blogg.svenskakyrkan.se\/tankarinforhelgen\/#\/schema\/person\/image\/","url":"https:\/\/secure.gravatar.com\/avatar\/23dab26aed51bdfcff5c1559ea1a5d339f00dac73f3d56d1d8b724c1d9074328?s=96&d=mm&r=g","contentUrl":"https:\/\/secure.gravatar.com\/avatar\/23dab26aed51bdfcff5c1559ea1a5d339f00dac73f3d56d1d8b724c1d9074328?s=96&d=mm&r=g","caption":"Magdalena Wernefeldt"},"url":"https:\/\/blogg.svenskakyrkan.se\/tankarinforhelgen\/author\/svkmwt\/"}]}},"author_meta":{"ID":"458","user_nicename":"svkmwt","user_registered":"2014-10-14 11:18:34","display_name":"Magdalena Wernefeldt","first_name":"Magdalena","last_name":"Wernefeldt","avatar":"https:\/\/secure.gravatar.com\/avatar\/23dab26aed51bdfcff5c1559ea1a5d339f00dac73f3d56d1d8b724c1d9074328?s=96&d=mm&r=g"},"featured_image":false,"bloginfo":{"name":"Tankar inf\u00f6r helgen","url":"https:\/\/blogg.svenskakyrkan.se\/tankarinforhelgen"},"_links":{"self":[{"href":"https:\/\/blogg.svenskakyrkan.se\/tankarinforhelgen\/wp-json\/wp\/v2\/posts\/351","targetHints":{"allow":["GET"]}}],"collection":[{"href":"https:\/\/blogg.svenskakyrkan.se\/tankarinforhelgen\/wp-json\/wp\/v2\/posts"}],"about":[{"href":"https:\/\/blogg.svenskakyrkan.se\/tankarinforhelgen\/wp-json\/wp\/v2\/types\/post"}],"author":[{"embeddable":true,"href":"https:\/\/blogg.svenskakyrkan.se\/tankarinforhelgen\/wp-json\/wp\/v2\/users\/458"}],"replies":[{"embeddable":true,"href":"https:\/\/blogg.svenskakyrkan.se\/tankarinforhelgen\/wp-json\/wp\/v2\/comments?post=351"}],"version-history":[{"count":1,"href":"https:\/\/blogg.svenskakyrkan.se\/tankarinforhelgen\/wp-json\/wp\/v2\/posts\/351\/revisions"}],"predecessor-version":[{"id":353,"href":"https:\/\/blogg.svenskakyrkan.se\/tankarinforhelgen\/wp-json\/wp\/v2\/posts\/351\/revisions\/353"}],"wp:attachment":[{"href":"https:\/\/blogg.svenskakyrkan.se\/tankarinforhelgen\/wp-json\/wp\/v2\/media?parent=351"}],"wp:term":[{"taxonomy":"category","embeddable":true,"href":"https:\/\/blogg.svenskakyrkan.se\/tankarinforhelgen\/wp-json\/wp\/v2\/categories?post=351"},{"taxonomy":"post_tag","embeddable":true,"href":"https:\/\/blogg.svenskakyrkan.se\/tankarinforhelgen\/wp-json\/wp\/v2\/tags?post=351"}],"curies":[{"name":"wp","href":"https:\/\/api.w.org\/{rel}","templated":true}]}}