{"id":3541,"date":"2024-08-16T11:47:57","date_gmt":"2024-08-16T09:47:57","guid":{"rendered":"https:\/\/blogg.svenskakyrkan.se\/tankarinforhelgen\/?p=3541"},"modified":"2024-08-16T11:48:53","modified_gmt":"2024-08-16T09:48:53","slug":"nar-stjarnorna-viskar","status":"publish","type":"post","link":"https:\/\/blogg.svenskakyrkan.se\/tankarinforhelgen\/2024\/08\/16\/nar-stjarnorna-viskar\/","title":{"rendered":"N\u00e4r stj\u00e4rnorna viskar"},"content":{"rendered":"\n<p>Det \u00e4r natt, och du har vant dig vid att det \u00e4r natt, men det \u00e4r inte riktigt ok att det h\u00e5ller p\u00e5 att bli morgon. F\u00f6r s\u00e5 l\u00e4nge det \u00e4r natt, \u00e4r det fortfarande ig\u00e5r, men n\u00e4r det blir dag, blir det m\u00e5ndag, och n\u00e4r det blir m\u00e5ndag b\u00f6rjar en ny arbetsvecka, och n\u00e4r den nya arbetsveckan b\u00f6rjar \u00e4r semestern definitivt slut.<\/p>\n\n\n\n<p>Och om semestern \u00e4r slut, finns det ett helt liv d\u00e4rute som du m\u00e5ste ta tag i. Terminsstart. Plikter. Planer. Relationer. Jobb.&nbsp;<\/p>\n\n\n\n<p>Semestern var &#8211; ok. En del var fantastiskt, underbart, magiskt, men en del annat blev inte som du t\u00e4nkte dig. Och om det nu blir morgon &#8211; och alla tecken tyder p\u00e5 att det kommer att ske &#8211; kommer ledigheten att ligga bakom dig. Det \u00e4r f\u00f6rsent att g\u00f6ra mer magi, mer underbart.&nbsp;<\/p>\n\n\n\n<p>Och du var fri under semestern. Inga scheman att f\u00f6rh\u00e5lla sig till, inga listor att pricka av saker p\u00e5. Och nu binds du l\u00e5ngsamt igen, av allt du m\u00e5ste.&nbsp;<\/p>\n\n\n\n<p>Det ringlar sig kring din kropp som ormar, de d\u00e4r m\u00e5stena. M\u00e5ste jobba. M\u00e5ste g\u00f6ra matl\u00e5dor. M\u00e5ste g\u00e5 p\u00e5 m\u00f6ten och m\u00e5ste h\u00e5lla ordning p\u00e5 almanacka. M\u00e5ste ringa m\u00e4nniskor, m\u00e5ste skriva mail, m\u00e5ste h\u00e5lla ig\u00e5ng allting hela tiden.&nbsp;<\/p>\n\n\n\n<p>Det \u00e4r natt. Du orkar inte.&nbsp;<\/p>\n\n\n\n<p class=\"is-style-default\">Du reser dig upp fr\u00e5n s\u00e4ngen, g\u00e5r ut p\u00e5 balkongen. En sista g\u00e5ng ska du titta p\u00e5 stj\u00e4rnornas sken \u00f6ver v\u00e4rlden. Du r\u00f6jer undan lite tv\u00e4tt som ligger och torkar p\u00e5 stolarna p\u00e5 balkongen &#8211; badkl\u00e4der och handdukar, minnen fr\u00e5n en tid som nu k\u00e4nns rosaskimrande nostalgisk f\u00f6r dig fast det var i f\u00f6rrg\u00e5r &#8211; och s\u00e4tter dig p\u00e5 en stol.\u00a0<\/p>\n\n\n\n<p>Stj\u00e4rnorna tindrar mot dig, de \u00e4r fria. Ingenting binder en stj\u00e4rna, det \u00e4r d\u00e4rf\u00f6r de glittrar i natten. Det \u00e4r som att de blinkar \u00e5t dig.&nbsp;<\/p>\n\n\n\n<p>Stj\u00e4rnor \u00e4r fria att g\u00e5 sina egna v\u00e4gar, t\u00e4nker du, samtidigt som du konstaterar att du kan flera stj\u00e4rnbilder utantill, som n\u00e4r du var barn. Orion och Orions b\u00e4lte, Cassiopeia &#8211; v\u00e4nta lite, stj\u00e4rnorna \u00e4r inte fria, de sitter d\u00e4r de sitter. Bortsett fr\u00e5n en fallande stj\u00e4rna d\u00e5 och d\u00e5 finns det f\u00e5 saker som \u00e4r s\u00e5 v\u00e4ldokumenterade som att stj\u00e4rnorna bor d\u00e4r de bor.&nbsp;<\/p>\n\n\n\n<p>Och \u00e4nd\u00e5 tindrar de och glittrar i natten. \u00c4nd\u00e5 \u00e4r de din bild av frihet.&nbsp;<\/p>\n\n\n\n<p>Du \u00e4r tr\u00f6tt, det \u00e4r sant, och man kanske m\u00e5ste vara det f\u00f6r att stj\u00e4rnorna ska tala till en. Och pl\u00f6tsligt faller stj\u00e4rnornas filosofi mjukt som en viskning emot dig: Frihet handlar inte om att r\u00f6ra sig fritt, utan att \u00f6ppna sig f\u00f6r himlen.<\/p>\n\n\n\n<p>Det \u00e4r n\u00e4stan samma ord som Jesus s\u00e4ger i s\u00f6ndagens bibeltext. Till den som inget h\u00f6r och inget kan s\u00e4ga, s\u00e4ger Jesus \u201c\u00d6ppna dig!\u201d Ta med dig de orden, frihetens ord. Det \u00e4r inte dina omst\u00e4ndigheter som best\u00e4mmer din frihet, det \u00e4r din \u00f6ppenhet &#8211; den \u00f6ppenhet som \u00e4r en g\u00e5va fr\u00e5n Gud, och den g\u00e5van kan \u00f6ppnas var som helst och n\u00e4r som helst. Frihet \u00e4r inte n\u00e5got som kr\u00e4ver att du \u00e4r p\u00e5 en viss plats, eller i en viss sinnesst\u00e4mning. Frihet \u00e4r \u00f6ppenhet.&nbsp;<\/p>\n\n\n\n<p>G\u00e5 och l\u00e4gg dig igen, min v\u00e4n. Sov i trygghet. Gud, som var med ig\u00e5r och \u00f6ppnade semesterns ljuvlighet \u00e5t dig, ska \u00f6ppna arbetslivets frihet \u00e5t dig. Gud \u00e4r med dig i alltihopa.&nbsp;<\/p>\n","protected":false},"excerpt":{"rendered":"<p>Det \u00e4r natt, och du har vant dig vid att det \u00e4r natt, men det \u00e4r inte riktigt ok att det h\u00e5ller p\u00e5 att bli morgon. F\u00f6r s\u00e5 l\u00e4nge det \u00e4r natt, \u00e4r det fortfarande ig\u00e5r, men n\u00e4r det blir dag, blir det m\u00e5ndag, och n\u00e4r det blir m\u00e5ndag b\u00f6rjar en ny arbetsvecka, och n\u00e4r [&hellip;]<\/p>\n","protected":false},"author":569,"featured_media":3542,"comment_status":"open","ping_status":"open","sticky":false,"template":"","format":"standard","meta":{"_acf_changed":false,"footnotes":""},"categories":[132139],"tags":[142062,159870],"class_list":["post-3541","post","type-post","status-publish","format-standard","has-post-thumbnail","hentry","category-12e-sondagen-efter-trefaldighet","tag-charlotte-frycklund","tag-tankarinforhelgen-2"],"acf":[],"yoast_head":"<!-- This site is optimized with the Yoast SEO plugin v27.1.1 - https:\/\/yoast.com\/product\/yoast-seo-wordpress\/ -->\n<title>N\u00e4r stj\u00e4rnorna viskar - Tankar inf\u00f6r helgen<\/title>\n<meta name=\"robots\" content=\"index, follow, max-snippet:-1, max-image-preview:large, max-video-preview:-1\" \/>\n<link rel=\"canonical\" href=\"https:\/\/blogg.svenskakyrkan.se\/tankarinforhelgen\/2024\/08\/16\/nar-stjarnorna-viskar\/\" \/>\n<meta property=\"og:locale\" content=\"sv_SE\" \/>\n<meta property=\"og:type\" content=\"article\" \/>\n<meta property=\"og:title\" content=\"N\u00e4r stj\u00e4rnorna viskar - Tankar inf\u00f6r helgen\" \/>\n<meta property=\"og:description\" content=\"Det \u00e4r natt, och du har vant dig vid att det \u00e4r natt, men det \u00e4r inte riktigt ok att det h\u00e5ller p\u00e5 att bli morgon. F\u00f6r s\u00e5 l\u00e4nge det \u00e4r natt, \u00e4r det fortfarande ig\u00e5r, men n\u00e4r det blir dag, blir det m\u00e5ndag, och n\u00e4r det blir m\u00e5ndag b\u00f6rjar en ny arbetsvecka, och n\u00e4r [&hellip;]\" \/>\n<meta property=\"og:url\" content=\"https:\/\/blogg.svenskakyrkan.se\/tankarinforhelgen\/2024\/08\/16\/nar-stjarnorna-viskar\/\" \/>\n<meta property=\"og:site_name\" content=\"Tankar inf\u00f6r helgen\" \/>\n<meta property=\"article:published_time\" content=\"2024-08-16T09:47:57+00:00\" \/>\n<meta property=\"article:modified_time\" content=\"2024-08-16T09:48:53+00:00\" \/>\n<meta property=\"og:image\" content=\"http:\/\/blogg.svenskakyrkan.se\/tankarinforhelgen\/files\/2024\/08\/IMG_3392.jpeg\" \/>\n\t<meta property=\"og:image:width\" content=\"2537\" \/>\n\t<meta property=\"og:image:height\" content=\"1643\" \/>\n\t<meta property=\"og:image:type\" content=\"image\/jpeg\" \/>\n<meta name=\"author\" content=\"Charlotte Frycklund, pr\u00e4st\" \/>\n<meta name=\"twitter:card\" content=\"summary_large_image\" \/>\n<meta name=\"twitter:label1\" content=\"Skriven av\" \/>\n\t<meta name=\"twitter:data1\" content=\"Charlotte Frycklund, pr\u00e4st\" \/>\n\t<meta name=\"twitter:label2\" content=\"Ber\u00e4knad l\u00e4stid\" \/>\n\t<meta name=\"twitter:data2\" content=\"3 minuter\" \/>\n<script type=\"application\/ld+json\" class=\"yoast-schema-graph\">{\"@context\":\"https:\/\/schema.org\",\"@graph\":[{\"@type\":\"Article\",\"@id\":\"https:\/\/blogg.svenskakyrkan.se\/tankarinforhelgen\/2024\/08\/16\/nar-stjarnorna-viskar\/#article\",\"isPartOf\":{\"@id\":\"https:\/\/blogg.svenskakyrkan.se\/tankarinforhelgen\/2024\/08\/16\/nar-stjarnorna-viskar\/\"},\"author\":{\"name\":\"Charlotte Frycklund, pr\u00e4st\",\"@id\":\"https:\/\/blogg.svenskakyrkan.se\/tankarinforhelgen\/#\/schema\/person\/595d75da5bf93cf9ca814c398b63ed6d\"},\"headline\":\"N\u00e4r stj\u00e4rnorna viskar\",\"datePublished\":\"2024-08-16T09:47:57+00:00\",\"dateModified\":\"2024-08-16T09:48:53+00:00\",\"mainEntityOfPage\":{\"@id\":\"https:\/\/blogg.svenskakyrkan.se\/tankarinforhelgen\/2024\/08\/16\/nar-stjarnorna-viskar\/\"},\"wordCount\":651,\"commentCount\":9,\"image\":{\"@id\":\"https:\/\/blogg.svenskakyrkan.se\/tankarinforhelgen\/2024\/08\/16\/nar-stjarnorna-viskar\/#primaryimage\"},\"thumbnailUrl\":\"https:\/\/blogg.svenskakyrkan.se\/tankarinforhelgen\/files\/2024\/08\/IMG_3392.jpeg\",\"keywords\":[\"Charlotte Frycklund\",\"TANKARINF\u00d6RHELGEN\"],\"articleSection\":[\"12:e s\u00f6ndagen efter trefaldighet\"],\"inLanguage\":\"sv-SE\",\"potentialAction\":[{\"@type\":\"CommentAction\",\"name\":\"Comment\",\"target\":[\"https:\/\/blogg.svenskakyrkan.se\/tankarinforhelgen\/2024\/08\/16\/nar-stjarnorna-viskar\/#respond\"]}]},{\"@type\":\"WebPage\",\"@id\":\"https:\/\/blogg.svenskakyrkan.se\/tankarinforhelgen\/2024\/08\/16\/nar-stjarnorna-viskar\/\",\"url\":\"https:\/\/blogg.svenskakyrkan.se\/tankarinforhelgen\/2024\/08\/16\/nar-stjarnorna-viskar\/\",\"name\":\"N\u00e4r stj\u00e4rnorna viskar - Tankar inf\u00f6r helgen\",\"isPartOf\":{\"@id\":\"https:\/\/blogg.svenskakyrkan.se\/tankarinforhelgen\/#website\"},\"primaryImageOfPage\":{\"@id\":\"https:\/\/blogg.svenskakyrkan.se\/tankarinforhelgen\/2024\/08\/16\/nar-stjarnorna-viskar\/#primaryimage\"},\"image\":{\"@id\":\"https:\/\/blogg.svenskakyrkan.se\/tankarinforhelgen\/2024\/08\/16\/nar-stjarnorna-viskar\/#primaryimage\"},\"thumbnailUrl\":\"https:\/\/blogg.svenskakyrkan.se\/tankarinforhelgen\/files\/2024\/08\/IMG_3392.jpeg\",\"datePublished\":\"2024-08-16T09:47:57+00:00\",\"dateModified\":\"2024-08-16T09:48:53+00:00\",\"author\":{\"@id\":\"https:\/\/blogg.svenskakyrkan.se\/tankarinforhelgen\/#\/schema\/person\/595d75da5bf93cf9ca814c398b63ed6d\"},\"breadcrumb\":{\"@id\":\"https:\/\/blogg.svenskakyrkan.se\/tankarinforhelgen\/2024\/08\/16\/nar-stjarnorna-viskar\/#breadcrumb\"},\"inLanguage\":\"sv-SE\",\"potentialAction\":[{\"@type\":\"ReadAction\",\"target\":[\"https:\/\/blogg.svenskakyrkan.se\/tankarinforhelgen\/2024\/08\/16\/nar-stjarnorna-viskar\/\"]}]},{\"@type\":\"ImageObject\",\"inLanguage\":\"sv-SE\",\"@id\":\"https:\/\/blogg.svenskakyrkan.se\/tankarinforhelgen\/2024\/08\/16\/nar-stjarnorna-viskar\/#primaryimage\",\"url\":\"https:\/\/blogg.svenskakyrkan.se\/tankarinforhelgen\/files\/2024\/08\/IMG_3392.jpeg\",\"contentUrl\":\"https:\/\/blogg.svenskakyrkan.se\/tankarinforhelgen\/files\/2024\/08\/IMG_3392.jpeg\",\"width\":2537,\"height\":1643},{\"@type\":\"BreadcrumbList\",\"@id\":\"https:\/\/blogg.svenskakyrkan.se\/tankarinforhelgen\/2024\/08\/16\/nar-stjarnorna-viskar\/#breadcrumb\",\"itemListElement\":[{\"@type\":\"ListItem\",\"position\":1,\"name\":\"Hem\",\"item\":\"https:\/\/blogg.svenskakyrkan.se\/tankarinforhelgen\/\"},{\"@type\":\"ListItem\",\"position\":2,\"name\":\"N\u00e4r stj\u00e4rnorna viskar\"}]},{\"@type\":\"WebSite\",\"@id\":\"https:\/\/blogg.svenskakyrkan.se\/tankarinforhelgen\/#website\",\"url\":\"https:\/\/blogg.svenskakyrkan.se\/tankarinforhelgen\/\",\"name\":\"Tankar inf\u00f6r helgen\",\"description\":\"Pr\u00e4ster funderar utifr\u00e5n kommande s\u00f6ndags texter\",\"potentialAction\":[{\"@type\":\"SearchAction\",\"target\":{\"@type\":\"EntryPoint\",\"urlTemplate\":\"https:\/\/blogg.svenskakyrkan.se\/tankarinforhelgen\/?s={search_term_string}\"},\"query-input\":{\"@type\":\"PropertyValueSpecification\",\"valueRequired\":true,\"valueName\":\"search_term_string\"}}],\"inLanguage\":\"sv-SE\"},{\"@type\":\"Person\",\"@id\":\"https:\/\/blogg.svenskakyrkan.se\/tankarinforhelgen\/#\/schema\/person\/595d75da5bf93cf9ca814c398b63ed6d\",\"name\":\"Charlotte Frycklund, pr\u00e4st\",\"image\":{\"@type\":\"ImageObject\",\"inLanguage\":\"sv-SE\",\"@id\":\"https:\/\/blogg.svenskakyrkan.se\/tankarinforhelgen\/#\/schema\/person\/image\/\",\"url\":\"https:\/\/secure.gravatar.com\/avatar\/10f37b82bf44def60f716a446302420cc1eb214cca306b573a488614ab47ee87?s=96&d=mm&r=g\",\"contentUrl\":\"https:\/\/secure.gravatar.com\/avatar\/10f37b82bf44def60f716a446302420cc1eb214cca306b573a488614ab47ee87?s=96&d=mm&r=g\",\"caption\":\"Charlotte Frycklund, pr\u00e4st\"},\"url\":\"https:\/\/blogg.svenskakyrkan.se\/tankarinforhelgen\/author\/charlottefrycklund\/\"}]}<\/script>\n<!-- \/ Yoast SEO plugin. -->","yoast_head_json":{"title":"N\u00e4r stj\u00e4rnorna viskar - Tankar inf\u00f6r helgen","robots":{"index":"index","follow":"follow","max-snippet":"max-snippet:-1","max-image-preview":"max-image-preview:large","max-video-preview":"max-video-preview:-1"},"canonical":"https:\/\/blogg.svenskakyrkan.se\/tankarinforhelgen\/2024\/08\/16\/nar-stjarnorna-viskar\/","og_locale":"sv_SE","og_type":"article","og_title":"N\u00e4r stj\u00e4rnorna viskar - Tankar inf\u00f6r helgen","og_description":"Det \u00e4r natt, och du har vant dig vid att det \u00e4r natt, men det \u00e4r inte riktigt ok att det h\u00e5ller p\u00e5 att bli morgon. F\u00f6r s\u00e5 l\u00e4nge det \u00e4r natt, \u00e4r det fortfarande ig\u00e5r, men n\u00e4r det blir dag, blir det m\u00e5ndag, och n\u00e4r det blir m\u00e5ndag b\u00f6rjar en ny arbetsvecka, och n\u00e4r [&hellip;]","og_url":"https:\/\/blogg.svenskakyrkan.se\/tankarinforhelgen\/2024\/08\/16\/nar-stjarnorna-viskar\/","og_site_name":"Tankar inf\u00f6r helgen","article_published_time":"2024-08-16T09:47:57+00:00","article_modified_time":"2024-08-16T09:48:53+00:00","og_image":[{"width":2537,"height":1643,"url":"http:\/\/blogg.svenskakyrkan.se\/tankarinforhelgen\/files\/2024\/08\/IMG_3392.jpeg","type":"image\/jpeg"}],"author":"Charlotte Frycklund, pr\u00e4st","twitter_card":"summary_large_image","twitter_misc":{"Skriven av":"Charlotte Frycklund, pr\u00e4st","Ber\u00e4knad l\u00e4stid":"3 minuter"},"schema":{"@context":"https:\/\/schema.org","@graph":[{"@type":"Article","@id":"https:\/\/blogg.svenskakyrkan.se\/tankarinforhelgen\/2024\/08\/16\/nar-stjarnorna-viskar\/#article","isPartOf":{"@id":"https:\/\/blogg.svenskakyrkan.se\/tankarinforhelgen\/2024\/08\/16\/nar-stjarnorna-viskar\/"},"author":{"name":"Charlotte Frycklund, pr\u00e4st","@id":"https:\/\/blogg.svenskakyrkan.se\/tankarinforhelgen\/#\/schema\/person\/595d75da5bf93cf9ca814c398b63ed6d"},"headline":"N\u00e4r stj\u00e4rnorna viskar","datePublished":"2024-08-16T09:47:57+00:00","dateModified":"2024-08-16T09:48:53+00:00","mainEntityOfPage":{"@id":"https:\/\/blogg.svenskakyrkan.se\/tankarinforhelgen\/2024\/08\/16\/nar-stjarnorna-viskar\/"},"wordCount":651,"commentCount":9,"image":{"@id":"https:\/\/blogg.svenskakyrkan.se\/tankarinforhelgen\/2024\/08\/16\/nar-stjarnorna-viskar\/#primaryimage"},"thumbnailUrl":"https:\/\/blogg.svenskakyrkan.se\/tankarinforhelgen\/files\/2024\/08\/IMG_3392.jpeg","keywords":["Charlotte Frycklund","TANKARINF\u00d6RHELGEN"],"articleSection":["12:e s\u00f6ndagen efter trefaldighet"],"inLanguage":"sv-SE","potentialAction":[{"@type":"CommentAction","name":"Comment","target":["https:\/\/blogg.svenskakyrkan.se\/tankarinforhelgen\/2024\/08\/16\/nar-stjarnorna-viskar\/#respond"]}]},{"@type":"WebPage","@id":"https:\/\/blogg.svenskakyrkan.se\/tankarinforhelgen\/2024\/08\/16\/nar-stjarnorna-viskar\/","url":"https:\/\/blogg.svenskakyrkan.se\/tankarinforhelgen\/2024\/08\/16\/nar-stjarnorna-viskar\/","name":"N\u00e4r stj\u00e4rnorna viskar - Tankar inf\u00f6r helgen","isPartOf":{"@id":"https:\/\/blogg.svenskakyrkan.se\/tankarinforhelgen\/#website"},"primaryImageOfPage":{"@id":"https:\/\/blogg.svenskakyrkan.se\/tankarinforhelgen\/2024\/08\/16\/nar-stjarnorna-viskar\/#primaryimage"},"image":{"@id":"https:\/\/blogg.svenskakyrkan.se\/tankarinforhelgen\/2024\/08\/16\/nar-stjarnorna-viskar\/#primaryimage"},"thumbnailUrl":"https:\/\/blogg.svenskakyrkan.se\/tankarinforhelgen\/files\/2024\/08\/IMG_3392.jpeg","datePublished":"2024-08-16T09:47:57+00:00","dateModified":"2024-08-16T09:48:53+00:00","author":{"@id":"https:\/\/blogg.svenskakyrkan.se\/tankarinforhelgen\/#\/schema\/person\/595d75da5bf93cf9ca814c398b63ed6d"},"breadcrumb":{"@id":"https:\/\/blogg.svenskakyrkan.se\/tankarinforhelgen\/2024\/08\/16\/nar-stjarnorna-viskar\/#breadcrumb"},"inLanguage":"sv-SE","potentialAction":[{"@type":"ReadAction","target":["https:\/\/blogg.svenskakyrkan.se\/tankarinforhelgen\/2024\/08\/16\/nar-stjarnorna-viskar\/"]}]},{"@type":"ImageObject","inLanguage":"sv-SE","@id":"https:\/\/blogg.svenskakyrkan.se\/tankarinforhelgen\/2024\/08\/16\/nar-stjarnorna-viskar\/#primaryimage","url":"https:\/\/blogg.svenskakyrkan.se\/tankarinforhelgen\/files\/2024\/08\/IMG_3392.jpeg","contentUrl":"https:\/\/blogg.svenskakyrkan.se\/tankarinforhelgen\/files\/2024\/08\/IMG_3392.jpeg","width":2537,"height":1643},{"@type":"BreadcrumbList","@id":"https:\/\/blogg.svenskakyrkan.se\/tankarinforhelgen\/2024\/08\/16\/nar-stjarnorna-viskar\/#breadcrumb","itemListElement":[{"@type":"ListItem","position":1,"name":"Hem","item":"https:\/\/blogg.svenskakyrkan.se\/tankarinforhelgen\/"},{"@type":"ListItem","position":2,"name":"N\u00e4r stj\u00e4rnorna viskar"}]},{"@type":"WebSite","@id":"https:\/\/blogg.svenskakyrkan.se\/tankarinforhelgen\/#website","url":"https:\/\/blogg.svenskakyrkan.se\/tankarinforhelgen\/","name":"Tankar inf\u00f6r helgen","description":"Pr\u00e4ster funderar utifr\u00e5n kommande s\u00f6ndags texter","potentialAction":[{"@type":"SearchAction","target":{"@type":"EntryPoint","urlTemplate":"https:\/\/blogg.svenskakyrkan.se\/tankarinforhelgen\/?s={search_term_string}"},"query-input":{"@type":"PropertyValueSpecification","valueRequired":true,"valueName":"search_term_string"}}],"inLanguage":"sv-SE"},{"@type":"Person","@id":"https:\/\/blogg.svenskakyrkan.se\/tankarinforhelgen\/#\/schema\/person\/595d75da5bf93cf9ca814c398b63ed6d","name":"Charlotte Frycklund, pr\u00e4st","image":{"@type":"ImageObject","inLanguage":"sv-SE","@id":"https:\/\/blogg.svenskakyrkan.se\/tankarinforhelgen\/#\/schema\/person\/image\/","url":"https:\/\/secure.gravatar.com\/avatar\/10f37b82bf44def60f716a446302420cc1eb214cca306b573a488614ab47ee87?s=96&d=mm&r=g","contentUrl":"https:\/\/secure.gravatar.com\/avatar\/10f37b82bf44def60f716a446302420cc1eb214cca306b573a488614ab47ee87?s=96&d=mm&r=g","caption":"Charlotte Frycklund, pr\u00e4st"},"url":"https:\/\/blogg.svenskakyrkan.se\/tankarinforhelgen\/author\/charlottefrycklund\/"}]}},"author_meta":{"ID":"569","user_nicename":"charlottefrycklund","user_registered":"2016-05-24 11:46:19","display_name":"Charlotte Frycklund, pr\u00e4st","first_name":"Charlotte","last_name":"Frycklund, pr\u00e4st","avatar":"https:\/\/secure.gravatar.com\/avatar\/10f37b82bf44def60f716a446302420cc1eb214cca306b573a488614ab47ee87?s=96&d=mm&r=g"},"featured_image":["https:\/\/blogg.svenskakyrkan.se\/tankarinforhelgen\/files\/2024\/08\/IMG_3392-1024x663.jpeg",1024,663,true],"bloginfo":{"name":"Tankar inf\u00f6r helgen","url":"https:\/\/blogg.svenskakyrkan.se\/tankarinforhelgen"},"_links":{"self":[{"href":"https:\/\/blogg.svenskakyrkan.se\/tankarinforhelgen\/wp-json\/wp\/v2\/posts\/3541","targetHints":{"allow":["GET"]}}],"collection":[{"href":"https:\/\/blogg.svenskakyrkan.se\/tankarinforhelgen\/wp-json\/wp\/v2\/posts"}],"about":[{"href":"https:\/\/blogg.svenskakyrkan.se\/tankarinforhelgen\/wp-json\/wp\/v2\/types\/post"}],"author":[{"embeddable":true,"href":"https:\/\/blogg.svenskakyrkan.se\/tankarinforhelgen\/wp-json\/wp\/v2\/users\/569"}],"replies":[{"embeddable":true,"href":"https:\/\/blogg.svenskakyrkan.se\/tankarinforhelgen\/wp-json\/wp\/v2\/comments?post=3541"}],"version-history":[{"count":2,"href":"https:\/\/blogg.svenskakyrkan.se\/tankarinforhelgen\/wp-json\/wp\/v2\/posts\/3541\/revisions"}],"predecessor-version":[{"id":3544,"href":"https:\/\/blogg.svenskakyrkan.se\/tankarinforhelgen\/wp-json\/wp\/v2\/posts\/3541\/revisions\/3544"}],"wp:featuredmedia":[{"embeddable":true,"href":"https:\/\/blogg.svenskakyrkan.se\/tankarinforhelgen\/wp-json\/wp\/v2\/media\/3542"}],"wp:attachment":[{"href":"https:\/\/blogg.svenskakyrkan.se\/tankarinforhelgen\/wp-json\/wp\/v2\/media?parent=3541"}],"wp:term":[{"taxonomy":"category","embeddable":true,"href":"https:\/\/blogg.svenskakyrkan.se\/tankarinforhelgen\/wp-json\/wp\/v2\/categories?post=3541"},{"taxonomy":"post_tag","embeddable":true,"href":"https:\/\/blogg.svenskakyrkan.se\/tankarinforhelgen\/wp-json\/wp\/v2\/tags?post=3541"}],"curies":[{"name":"wp","href":"https:\/\/api.w.org\/{rel}","templated":true}]}}