{"id":3564,"date":"2024-09-13T11:26:40","date_gmt":"2024-09-13T09:26:40","guid":{"rendered":"https:\/\/blogg.svenskakyrkan.se\/tankarinforhelgen\/?p=3564"},"modified":"2024-10-08T11:45:49","modified_gmt":"2024-10-08T09:45:49","slug":"3564","status":"publish","type":"post","link":"https:\/\/blogg.svenskakyrkan.se\/tankarinforhelgen\/2024\/09\/13\/3564\/","title":{"rendered":"D\u00f6den, livet och jag"},"content":{"rendered":"\n<p>D\u00f6den, d\u00f6den, d\u00f6den. S\u00e5 s\u00e4gs det att Astrid Lindgren inledde vissa samtal. Det \u00e4r befriande p\u00e5 n\u00e5got s\u00e4tt, att hon satte ord p\u00e5 det som m\u00e5nga har sv\u00e5rt att tala om. Ett ord som f\u00e5r m\u00e4nniskor att rygga tillbaka eller helt enkelt att bli obekv\u00e4ma.<br><br>Det blir v\u00e4l l\u00e4tt s\u00e5, att vi inte vet var vi ska g\u00f6ra av d\u00f6den. Alla ska vi den v\u00e4gen vandra, men m\u00e5ste vi tala om den? P\u00e5 det s\u00e4ttet var kanske exemplet Astrid Lindgren en f\u00f6rebild. Hon kastade upp ordet p\u00e5 bordet direkt, s\u00e5 beh\u00f6vdes det inte dansas omkring. Hon sa det och p\u00e5 det s\u00e4ttet avv\u00e4pnade hon ordet. <\/p>\n\n\n\n<p>I evangelietexten p\u00e5 s\u00f6ndag f\u00e5r vi en ber\u00e4ttelse om hur det gick till hemma hos syskonen Maria, Marta och Lasaros efter att Lasaros d\u00f6tt. De var n\u00e5gra av Jesu n\u00e4rmaste v\u00e4nner och Maria och Marta kallade p\u00e5 honom n\u00e4r deras bror l\u00e5g f\u00f6r d\u00f6den. Lasaros hann d\u00f6 innan Jesus kom dit.<br><br>Maria, som nog t\u00e4nkte p\u00e5 sig sj\u00e4lv som en av Jesu v\u00e4nner, sa till honom: \u201cHerre, om du hade varit h\u00e4r hade min bror inte d\u00f6tt.\u201d Hon st\u00e4ller honom allts\u00e5 till svars f\u00f6r det som h\u00e4nt, med vetskapen om att han tidigare helat m\u00e5nga m\u00e4nniskor. Varf\u00f6r inte ocks\u00e5 hennes bror?<br><br>Ja, och i liknande banor t\u00e4nker kanske ocks\u00e5 vi, n\u00e4r d\u00f6den skilt oss fr\u00e5n varandra. Om jag hade gjort si, om jag hade sagt s\u00e5, om jag varit d\u00e4r, ja, vad hade h\u00e4nt d\u00e5? Jesus f\u00f6ljer med Maria till graven. Han gr\u00e5ter med henne d\u00e4r.<\/p>\n\n\n\n<p>Det \u00e4r ett av f\u00e5 tillf\u00e4llen som vi kan l\u00e4sa att Jesus faller i gr\u00e5t. Han s\u00f6rjer sin v\u00e4n, han gr\u00e5ter med Maria, han stannar upp i sorgen d\u00e4r vid graven. Den som k\u00e4nner Jesus vet kanske vad han kan g\u00f6ra, men han stannar upp i sorgen. I k\u00e4nslan av att h\u00e4r saknas n\u00e5gon och han gr\u00e5ter med sin v\u00e4n, f\u00f6r v\u00e4nnen och brodern som d\u00f6tt.<br><br>V\u00e4rlden \u00e4r inte sig lik.<br><br>S\u00e5 g\u00f6r ju ocks\u00e5 vi, vi gr\u00e5ter. Vi kan gr\u00e5ta, s\u00f6rja, minnas och tacka utan att f\u00f6rminska hoppet om att det finns n\u00e5get mer \u00e4n d\u00f6den. Vi visar att vi har \u00e4lskat och att vi delat n\u00e5got med personen som inte finns bland oss mer.<br><br>Jag tror att uppgiften som vi f\u00e5r leva med sen \u00e4r att inte stanna d\u00e4r. Ta bort stenen, s\u00e4ger Jesus. Det m\u00e5ste vi ocks\u00e5 g\u00f6ra med sorgen, det m\u00e5ste f\u00e5 bli n\u00e5got mer \u00e4n bara sorg. Tacksamhet till exempel.<br><br>Lite senare s\u00e4ger han: Lasaros, kom ut. Lasaros kommer ut ur graven och lever. S\u00e5 \u00e4r det inte n\u00e4r v\u00e5ra n\u00e4ra d\u00f6r, men vi kan v\u00e5ga tro att Jesus kallar ocks\u00e5 p\u00e5 dem vid namn. Han kallar dem ut i en ny verklighet. Att han kallar dem till sig.<br><br>Jag t\u00e4nker p\u00e5 de d\u00e4r ordet som Astrid Lindgren kanske sa i telefon: \u201cD\u00f6den, d\u00f6den, d\u00f6den\u201d. Det \u00e4r ocks\u00e5 en form av befrielse, s\u00e4rskilt f\u00f6r dem av oss som tror att det finns n\u00e5got bortom bergen, bortom graven, bortom livet. D\u00f6den kan g\u00f6ra med oss vad den vill, men vi har en som s\u00e4ger oss: G\u00f6r honom fri och l\u00e4t honom g\u00e5!<br><br>Da blir v\u00e5r uppgift, kanske, snarare att h\u00e4lsa varandra med orden: \u201cLivet, livet, livet!\u201d. I f\u00f6rtr\u00f6stan p\u00e5 att Jesus \u00e4r med oss genom allt och allt vi har \u00e4r dagarna vi f\u00e5r och hoppet om att d\u00f6den inte sista ordet. Makten vilar i Jesu h\u00e4nder, han som v\u00e4ljer liv.<br><br>Livet, livet, livet &#8211; tack k\u00e4re Jesus f\u00f6r det.<\/p>\n","protected":false},"excerpt":{"rendered":"<p>D\u00f6den, d\u00f6den, d\u00f6den. S\u00e5 s\u00e4gs det att Astrid Lindgren inledde vissa samtal. Det \u00e4r befriande p\u00e5 n\u00e5got s\u00e4tt, att hon satte ord p\u00e5 det som m\u00e5nga har sv\u00e5rt att tala om. Ett ord som f\u00e5r m\u00e4nniskor att rygga tillbaka eller helt enkelt att bli obekv\u00e4ma. Det blir v\u00e4l l\u00e4tt s\u00e5, att vi inte vet var [&hellip;]<\/p>\n","protected":false},"author":672,"featured_media":3565,"comment_status":"open","ping_status":"open","sticky":false,"template":"","format":"standard","meta":{"_acf_changed":false,"footnotes":""},"categories":[130987],"tags":[142465,142457],"class_list":["post-3564","post","type-post","status-publish","format-standard","has-post-thumbnail","hentry","category-16e-sondagen-efter-trefaldighet","tag-catharina-carlsson","tag-tankarinforhelgen"],"acf":[],"yoast_head":"<!-- This site is optimized with the Yoast SEO plugin v27.1.1 - https:\/\/yoast.com\/product\/yoast-seo-wordpress\/ -->\n<title>D\u00f6den, livet och jag - Tankar inf\u00f6r helgen<\/title>\n<meta name=\"robots\" content=\"index, follow, max-snippet:-1, max-image-preview:large, max-video-preview:-1\" \/>\n<link rel=\"canonical\" href=\"https:\/\/blogg.svenskakyrkan.se\/tankarinforhelgen\/2024\/09\/13\/3564\/\" \/>\n<meta property=\"og:locale\" content=\"sv_SE\" \/>\n<meta property=\"og:type\" content=\"article\" \/>\n<meta property=\"og:title\" content=\"D\u00f6den, livet och jag - Tankar inf\u00f6r helgen\" \/>\n<meta property=\"og:description\" content=\"D\u00f6den, d\u00f6den, d\u00f6den. S\u00e5 s\u00e4gs det att Astrid Lindgren inledde vissa samtal. Det \u00e4r befriande p\u00e5 n\u00e5got s\u00e4tt, att hon satte ord p\u00e5 det som m\u00e5nga har sv\u00e5rt att tala om. Ett ord som f\u00e5r m\u00e4nniskor att rygga tillbaka eller helt enkelt att bli obekv\u00e4ma. Det blir v\u00e4l l\u00e4tt s\u00e5, att vi inte vet var [&hellip;]\" \/>\n<meta property=\"og:url\" content=\"https:\/\/blogg.svenskakyrkan.se\/tankarinforhelgen\/2024\/09\/13\/3564\/\" \/>\n<meta property=\"og:site_name\" content=\"Tankar inf\u00f6r helgen\" \/>\n<meta property=\"article:published_time\" content=\"2024-09-13T09:26:40+00:00\" \/>\n<meta property=\"article:modified_time\" content=\"2024-10-08T09:45:49+00:00\" \/>\n<meta property=\"og:image\" content=\"http:\/\/blogg.svenskakyrkan.se\/tankarinforhelgen\/files\/2024\/09\/IMG_3529-1024x555.jpeg\" \/>\n\t<meta property=\"og:image:width\" content=\"1024\" \/>\n\t<meta property=\"og:image:height\" content=\"555\" \/>\n\t<meta property=\"og:image:type\" content=\"image\/jpeg\" \/>\n<meta name=\"author\" content=\"Catharina Carlsson, pr\u00e4st\" \/>\n<meta name=\"twitter:card\" content=\"summary_large_image\" \/>\n<meta name=\"twitter:label1\" content=\"Skriven av\" \/>\n\t<meta name=\"twitter:data1\" content=\"Catharina Carlsson, pr\u00e4st\" \/>\n\t<meta name=\"twitter:label2\" content=\"Ber\u00e4knad l\u00e4stid\" \/>\n\t<meta name=\"twitter:data2\" content=\"4 minuter\" \/>\n<script type=\"application\/ld+json\" class=\"yoast-schema-graph\">{\"@context\":\"https:\/\/schema.org\",\"@graph\":[{\"@type\":\"Article\",\"@id\":\"https:\/\/blogg.svenskakyrkan.se\/tankarinforhelgen\/2024\/09\/13\/3564\/#article\",\"isPartOf\":{\"@id\":\"https:\/\/blogg.svenskakyrkan.se\/tankarinforhelgen\/2024\/09\/13\/3564\/\"},\"author\":{\"name\":\"Catharina Carlsson, pr\u00e4st\",\"@id\":\"https:\/\/blogg.svenskakyrkan.se\/tankarinforhelgen\/#\/schema\/person\/d822d69bf74ba8b653a523a24142ad17\"},\"headline\":\"D\u00f6den, livet och jag\",\"datePublished\":\"2024-09-13T09:26:40+00:00\",\"dateModified\":\"2024-10-08T09:45:49+00:00\",\"mainEntityOfPage\":{\"@id\":\"https:\/\/blogg.svenskakyrkan.se\/tankarinforhelgen\/2024\/09\/13\/3564\/\"},\"wordCount\":695,\"commentCount\":3,\"image\":{\"@id\":\"https:\/\/blogg.svenskakyrkan.se\/tankarinforhelgen\/2024\/09\/13\/3564\/#primaryimage\"},\"thumbnailUrl\":\"https:\/\/blogg.svenskakyrkan.se\/tankarinforhelgen\/files\/2024\/09\/IMG_3529.jpeg\",\"keywords\":[\"Catharina Carlsson\",\"TANKARINFORHELGEN\"],\"articleSection\":[\"16:e s\u00f6ndagen efter trefaldighet\"],\"inLanguage\":\"sv-SE\",\"potentialAction\":[{\"@type\":\"CommentAction\",\"name\":\"Comment\",\"target\":[\"https:\/\/blogg.svenskakyrkan.se\/tankarinforhelgen\/2024\/09\/13\/3564\/#respond\"]}]},{\"@type\":\"WebPage\",\"@id\":\"https:\/\/blogg.svenskakyrkan.se\/tankarinforhelgen\/2024\/09\/13\/3564\/\",\"url\":\"https:\/\/blogg.svenskakyrkan.se\/tankarinforhelgen\/2024\/09\/13\/3564\/\",\"name\":\"D\u00f6den, livet och jag - Tankar inf\u00f6r helgen\",\"isPartOf\":{\"@id\":\"https:\/\/blogg.svenskakyrkan.se\/tankarinforhelgen\/#website\"},\"primaryImageOfPage\":{\"@id\":\"https:\/\/blogg.svenskakyrkan.se\/tankarinforhelgen\/2024\/09\/13\/3564\/#primaryimage\"},\"image\":{\"@id\":\"https:\/\/blogg.svenskakyrkan.se\/tankarinforhelgen\/2024\/09\/13\/3564\/#primaryimage\"},\"thumbnailUrl\":\"https:\/\/blogg.svenskakyrkan.se\/tankarinforhelgen\/files\/2024\/09\/IMG_3529.jpeg\",\"datePublished\":\"2024-09-13T09:26:40+00:00\",\"dateModified\":\"2024-10-08T09:45:49+00:00\",\"author\":{\"@id\":\"https:\/\/blogg.svenskakyrkan.se\/tankarinforhelgen\/#\/schema\/person\/d822d69bf74ba8b653a523a24142ad17\"},\"breadcrumb\":{\"@id\":\"https:\/\/blogg.svenskakyrkan.se\/tankarinforhelgen\/2024\/09\/13\/3564\/#breadcrumb\"},\"inLanguage\":\"sv-SE\",\"potentialAction\":[{\"@type\":\"ReadAction\",\"target\":[\"https:\/\/blogg.svenskakyrkan.se\/tankarinforhelgen\/2024\/09\/13\/3564\/\"]}]},{\"@type\":\"ImageObject\",\"inLanguage\":\"sv-SE\",\"@id\":\"https:\/\/blogg.svenskakyrkan.se\/tankarinforhelgen\/2024\/09\/13\/3564\/#primaryimage\",\"url\":\"https:\/\/blogg.svenskakyrkan.se\/tankarinforhelgen\/files\/2024\/09\/IMG_3529.jpeg\",\"contentUrl\":\"https:\/\/blogg.svenskakyrkan.se\/tankarinforhelgen\/files\/2024\/09\/IMG_3529.jpeg\",\"width\":2528,\"height\":1371},{\"@type\":\"BreadcrumbList\",\"@id\":\"https:\/\/blogg.svenskakyrkan.se\/tankarinforhelgen\/2024\/09\/13\/3564\/#breadcrumb\",\"itemListElement\":[{\"@type\":\"ListItem\",\"position\":1,\"name\":\"Hem\",\"item\":\"https:\/\/blogg.svenskakyrkan.se\/tankarinforhelgen\/\"},{\"@type\":\"ListItem\",\"position\":2,\"name\":\"D\u00f6den, livet och jag\"}]},{\"@type\":\"WebSite\",\"@id\":\"https:\/\/blogg.svenskakyrkan.se\/tankarinforhelgen\/#website\",\"url\":\"https:\/\/blogg.svenskakyrkan.se\/tankarinforhelgen\/\",\"name\":\"Tankar inf\u00f6r helgen\",\"description\":\"Pr\u00e4ster funderar utifr\u00e5n kommande s\u00f6ndags texter\",\"potentialAction\":[{\"@type\":\"SearchAction\",\"target\":{\"@type\":\"EntryPoint\",\"urlTemplate\":\"https:\/\/blogg.svenskakyrkan.se\/tankarinforhelgen\/?s={search_term_string}\"},\"query-input\":{\"@type\":\"PropertyValueSpecification\",\"valueRequired\":true,\"valueName\":\"search_term_string\"}}],\"inLanguage\":\"sv-SE\"},{\"@type\":\"Person\",\"@id\":\"https:\/\/blogg.svenskakyrkan.se\/tankarinforhelgen\/#\/schema\/person\/d822d69bf74ba8b653a523a24142ad17\",\"name\":\"Catharina Carlsson, pr\u00e4st\",\"image\":{\"@type\":\"ImageObject\",\"inLanguage\":\"sv-SE\",\"@id\":\"https:\/\/blogg.svenskakyrkan.se\/tankarinforhelgen\/#\/schema\/person\/image\/\",\"url\":\"https:\/\/secure.gravatar.com\/avatar\/a05095351d4bef3936c8e5eb4759b56ae7498e54a3370d1dbcd55cd306192198?s=96&d=mm&r=g\",\"contentUrl\":\"https:\/\/secure.gravatar.com\/avatar\/a05095351d4bef3936c8e5eb4759b56ae7498e54a3370d1dbcd55cd306192198?s=96&d=mm&r=g\",\"caption\":\"Catharina Carlsson, pr\u00e4st\"},\"url\":\"https:\/\/blogg.svenskakyrkan.se\/tankarinforhelgen\/author\/catharinacarlsson\/\"}]}<\/script>\n<!-- \/ Yoast SEO plugin. -->","yoast_head_json":{"title":"D\u00f6den, livet och jag - Tankar inf\u00f6r helgen","robots":{"index":"index","follow":"follow","max-snippet":"max-snippet:-1","max-image-preview":"max-image-preview:large","max-video-preview":"max-video-preview:-1"},"canonical":"https:\/\/blogg.svenskakyrkan.se\/tankarinforhelgen\/2024\/09\/13\/3564\/","og_locale":"sv_SE","og_type":"article","og_title":"D\u00f6den, livet och jag - Tankar inf\u00f6r helgen","og_description":"D\u00f6den, d\u00f6den, d\u00f6den. S\u00e5 s\u00e4gs det att Astrid Lindgren inledde vissa samtal. Det \u00e4r befriande p\u00e5 n\u00e5got s\u00e4tt, att hon satte ord p\u00e5 det som m\u00e5nga har sv\u00e5rt att tala om. Ett ord som f\u00e5r m\u00e4nniskor att rygga tillbaka eller helt enkelt att bli obekv\u00e4ma. Det blir v\u00e4l l\u00e4tt s\u00e5, att vi inte vet var [&hellip;]","og_url":"https:\/\/blogg.svenskakyrkan.se\/tankarinforhelgen\/2024\/09\/13\/3564\/","og_site_name":"Tankar inf\u00f6r helgen","article_published_time":"2024-09-13T09:26:40+00:00","article_modified_time":"2024-10-08T09:45:49+00:00","og_image":[{"width":1024,"height":555,"url":"http:\/\/blogg.svenskakyrkan.se\/tankarinforhelgen\/files\/2024\/09\/IMG_3529-1024x555.jpeg","type":"image\/jpeg"}],"author":"Catharina Carlsson, pr\u00e4st","twitter_card":"summary_large_image","twitter_misc":{"Skriven av":"Catharina Carlsson, pr\u00e4st","Ber\u00e4knad l\u00e4stid":"4 minuter"},"schema":{"@context":"https:\/\/schema.org","@graph":[{"@type":"Article","@id":"https:\/\/blogg.svenskakyrkan.se\/tankarinforhelgen\/2024\/09\/13\/3564\/#article","isPartOf":{"@id":"https:\/\/blogg.svenskakyrkan.se\/tankarinforhelgen\/2024\/09\/13\/3564\/"},"author":{"name":"Catharina Carlsson, pr\u00e4st","@id":"https:\/\/blogg.svenskakyrkan.se\/tankarinforhelgen\/#\/schema\/person\/d822d69bf74ba8b653a523a24142ad17"},"headline":"D\u00f6den, livet och jag","datePublished":"2024-09-13T09:26:40+00:00","dateModified":"2024-10-08T09:45:49+00:00","mainEntityOfPage":{"@id":"https:\/\/blogg.svenskakyrkan.se\/tankarinforhelgen\/2024\/09\/13\/3564\/"},"wordCount":695,"commentCount":3,"image":{"@id":"https:\/\/blogg.svenskakyrkan.se\/tankarinforhelgen\/2024\/09\/13\/3564\/#primaryimage"},"thumbnailUrl":"https:\/\/blogg.svenskakyrkan.se\/tankarinforhelgen\/files\/2024\/09\/IMG_3529.jpeg","keywords":["Catharina Carlsson","TANKARINFORHELGEN"],"articleSection":["16:e s\u00f6ndagen efter trefaldighet"],"inLanguage":"sv-SE","potentialAction":[{"@type":"CommentAction","name":"Comment","target":["https:\/\/blogg.svenskakyrkan.se\/tankarinforhelgen\/2024\/09\/13\/3564\/#respond"]}]},{"@type":"WebPage","@id":"https:\/\/blogg.svenskakyrkan.se\/tankarinforhelgen\/2024\/09\/13\/3564\/","url":"https:\/\/blogg.svenskakyrkan.se\/tankarinforhelgen\/2024\/09\/13\/3564\/","name":"D\u00f6den, livet och jag - Tankar inf\u00f6r helgen","isPartOf":{"@id":"https:\/\/blogg.svenskakyrkan.se\/tankarinforhelgen\/#website"},"primaryImageOfPage":{"@id":"https:\/\/blogg.svenskakyrkan.se\/tankarinforhelgen\/2024\/09\/13\/3564\/#primaryimage"},"image":{"@id":"https:\/\/blogg.svenskakyrkan.se\/tankarinforhelgen\/2024\/09\/13\/3564\/#primaryimage"},"thumbnailUrl":"https:\/\/blogg.svenskakyrkan.se\/tankarinforhelgen\/files\/2024\/09\/IMG_3529.jpeg","datePublished":"2024-09-13T09:26:40+00:00","dateModified":"2024-10-08T09:45:49+00:00","author":{"@id":"https:\/\/blogg.svenskakyrkan.se\/tankarinforhelgen\/#\/schema\/person\/d822d69bf74ba8b653a523a24142ad17"},"breadcrumb":{"@id":"https:\/\/blogg.svenskakyrkan.se\/tankarinforhelgen\/2024\/09\/13\/3564\/#breadcrumb"},"inLanguage":"sv-SE","potentialAction":[{"@type":"ReadAction","target":["https:\/\/blogg.svenskakyrkan.se\/tankarinforhelgen\/2024\/09\/13\/3564\/"]}]},{"@type":"ImageObject","inLanguage":"sv-SE","@id":"https:\/\/blogg.svenskakyrkan.se\/tankarinforhelgen\/2024\/09\/13\/3564\/#primaryimage","url":"https:\/\/blogg.svenskakyrkan.se\/tankarinforhelgen\/files\/2024\/09\/IMG_3529.jpeg","contentUrl":"https:\/\/blogg.svenskakyrkan.se\/tankarinforhelgen\/files\/2024\/09\/IMG_3529.jpeg","width":2528,"height":1371},{"@type":"BreadcrumbList","@id":"https:\/\/blogg.svenskakyrkan.se\/tankarinforhelgen\/2024\/09\/13\/3564\/#breadcrumb","itemListElement":[{"@type":"ListItem","position":1,"name":"Hem","item":"https:\/\/blogg.svenskakyrkan.se\/tankarinforhelgen\/"},{"@type":"ListItem","position":2,"name":"D\u00f6den, livet och jag"}]},{"@type":"WebSite","@id":"https:\/\/blogg.svenskakyrkan.se\/tankarinforhelgen\/#website","url":"https:\/\/blogg.svenskakyrkan.se\/tankarinforhelgen\/","name":"Tankar inf\u00f6r helgen","description":"Pr\u00e4ster funderar utifr\u00e5n kommande s\u00f6ndags texter","potentialAction":[{"@type":"SearchAction","target":{"@type":"EntryPoint","urlTemplate":"https:\/\/blogg.svenskakyrkan.se\/tankarinforhelgen\/?s={search_term_string}"},"query-input":{"@type":"PropertyValueSpecification","valueRequired":true,"valueName":"search_term_string"}}],"inLanguage":"sv-SE"},{"@type":"Person","@id":"https:\/\/blogg.svenskakyrkan.se\/tankarinforhelgen\/#\/schema\/person\/d822d69bf74ba8b653a523a24142ad17","name":"Catharina Carlsson, pr\u00e4st","image":{"@type":"ImageObject","inLanguage":"sv-SE","@id":"https:\/\/blogg.svenskakyrkan.se\/tankarinforhelgen\/#\/schema\/person\/image\/","url":"https:\/\/secure.gravatar.com\/avatar\/a05095351d4bef3936c8e5eb4759b56ae7498e54a3370d1dbcd55cd306192198?s=96&d=mm&r=g","contentUrl":"https:\/\/secure.gravatar.com\/avatar\/a05095351d4bef3936c8e5eb4759b56ae7498e54a3370d1dbcd55cd306192198?s=96&d=mm&r=g","caption":"Catharina Carlsson, pr\u00e4st"},"url":"https:\/\/blogg.svenskakyrkan.se\/tankarinforhelgen\/author\/catharinacarlsson\/"}]}},"author_meta":{"ID":"672","user_nicename":"catharinacarlsson","user_registered":"2018-04-10 11:22:30","display_name":"Catharina Carlsson, pr\u00e4st","first_name":"Catharina","last_name":"Carlsson, pr\u00e4st","avatar":"https:\/\/secure.gravatar.com\/avatar\/a05095351d4bef3936c8e5eb4759b56ae7498e54a3370d1dbcd55cd306192198?s=96&d=mm&r=g"},"featured_image":["https:\/\/blogg.svenskakyrkan.se\/tankarinforhelgen\/files\/2024\/09\/IMG_3529-1024x555.jpeg",1024,555,true],"bloginfo":{"name":"Tankar inf\u00f6r helgen","url":"https:\/\/blogg.svenskakyrkan.se\/tankarinforhelgen"},"_links":{"self":[{"href":"https:\/\/blogg.svenskakyrkan.se\/tankarinforhelgen\/wp-json\/wp\/v2\/posts\/3564","targetHints":{"allow":["GET"]}}],"collection":[{"href":"https:\/\/blogg.svenskakyrkan.se\/tankarinforhelgen\/wp-json\/wp\/v2\/posts"}],"about":[{"href":"https:\/\/blogg.svenskakyrkan.se\/tankarinforhelgen\/wp-json\/wp\/v2\/types\/post"}],"author":[{"embeddable":true,"href":"https:\/\/blogg.svenskakyrkan.se\/tankarinforhelgen\/wp-json\/wp\/v2\/users\/672"}],"replies":[{"embeddable":true,"href":"https:\/\/blogg.svenskakyrkan.se\/tankarinforhelgen\/wp-json\/wp\/v2\/comments?post=3564"}],"version-history":[{"count":5,"href":"https:\/\/blogg.svenskakyrkan.se\/tankarinforhelgen\/wp-json\/wp\/v2\/posts\/3564\/revisions"}],"predecessor-version":[{"id":3596,"href":"https:\/\/blogg.svenskakyrkan.se\/tankarinforhelgen\/wp-json\/wp\/v2\/posts\/3564\/revisions\/3596"}],"wp:featuredmedia":[{"embeddable":true,"href":"https:\/\/blogg.svenskakyrkan.se\/tankarinforhelgen\/wp-json\/wp\/v2\/media\/3565"}],"wp:attachment":[{"href":"https:\/\/blogg.svenskakyrkan.se\/tankarinforhelgen\/wp-json\/wp\/v2\/media?parent=3564"}],"wp:term":[{"taxonomy":"category","embeddable":true,"href":"https:\/\/blogg.svenskakyrkan.se\/tankarinforhelgen\/wp-json\/wp\/v2\/categories?post=3564"},{"taxonomy":"post_tag","embeddable":true,"href":"https:\/\/blogg.svenskakyrkan.se\/tankarinforhelgen\/wp-json\/wp\/v2\/tags?post=3564"}],"curies":[{"name":"wp","href":"https:\/\/api.w.org\/{rel}","templated":true}]}}