{"id":376,"date":"2015-08-03T15:05:34","date_gmt":"2015-08-03T13:05:34","guid":{"rendered":"http:\/\/blogg.svenskakyrkan.se\/tankarinforhelgen\/?p=376"},"modified":"2017-02-21T11:39:54","modified_gmt":"2017-02-21T10:39:54","slug":"high-five-nar-alla-bitar-ar-pa-plats","status":"publish","type":"post","link":"https:\/\/blogg.svenskakyrkan.se\/tankarinforhelgen\/2015\/08\/03\/high-five-nar-alla-bitar-ar-pa-plats\/","title":{"rendered":"High five n\u00e4r alla bitar \u00e4r p\u00e5 plats"},"content":{"rendered":"<p><a href=\"http:\/\/blogg.svenskakyrkan.se\/tankarinforhelgen\/files\/2017\/01\/4332841645_334662e95d_o-Melani-Holtsman-flickr.jpg\"><img loading=\"lazy\" decoding=\"async\" class=\"alignnone size-full wp-image-377\" src=\"http:\/\/blogg.svenskakyrkan.se\/tankarinforhelgen\/files\/2017\/01\/4332841645_334662e95d_o-Melani-Holtsman-flickr.jpg\" alt=\"4332841645_334662e95d_o-Melani-Holtsman-flickr\" width=\"438\" height=\"270\" srcset=\"https:\/\/blogg.svenskakyrkan.se\/tankarinforhelgen\/files\/2017\/01\/4332841645_334662e95d_o-Melani-Holtsman-flickr.jpg 438w, https:\/\/blogg.svenskakyrkan.se\/tankarinforhelgen\/files\/2017\/01\/4332841645_334662e95d_o-Melani-Holtsman-flickr-300x185.jpg 300w\" sizes=\"auto, (max-width: 438px) 100vw, 438px\" \/><\/a><\/p>\n<p>&#8211; Kan den h\u00e4r biten passa h\u00e4r?<\/p>\n<p>Jag sitter p\u00e5 golvet med en massa pusselbitar runt omkring mig och f\u00f6rs\u00f6ker f\u00e5 ihop ett Musse Pigg-pussel. Pl\u00f6tsligt h\u00e5ller en liten hand fram en bit och f\u00f6rs\u00f6ker f\u00e5 ner den p\u00e5 en plats jag genast ser \u00e4r fel, men jag l\u00e5ter f\u00f6rst handen f\u00f6rs\u00f6ka innan jag lite f\u00f6rsiktigt skakar min hand med en gest jag tror kan uppfattas som:<\/p>\n<p>&#8211; Den \u00e4r fel, men f\u00f6rs\u00f6k med en annan bit.<\/p>\n<p>Samtidigt tittar jag in i \u00f6gonen p\u00e5 grabben vid min sida. Han \u00e4r 3-4 \u00e5r gammal. Egentligen lite f\u00f6r liten f\u00f6r det h\u00e4r pusslet och r\u00e4tt ofta ger han upp, men sen kommer han tillbaka med en ny bit i handen och n\u00e5gon g\u00e5ng st\u00e4mmer det. D\u00e5 g\u00f6r vi tummen upp mot varandra och b\u00e5de han och jag lyser upp i ett litet leende.<\/p>\n<p>Grabben bor p\u00e5 Migrationsverkets transitboende i Malm\u00f6. Kanske m\u00f6ter jag honom n\u00e4ste vecka igen h\u00e4r p\u00e5 golvet, eller kanske ser jag honom aldrig igen. Det kan bli vidareflyttning till n\u00e5got annat boende i Sverige eller \u00e5terresa till landet han kommer ifr\u00e5n, eller \u00e5terresa till ett land de redan s\u00f6kt asyl i.<\/p>\n<p>N\u00e4r jag sitter d\u00e4r p\u00e5 golvet fylls jag av k\u00e4nsla av sorg, ja n\u00e4stan f\u00f6rtvivlan. Vecka ut och vecka in kommer nya m\u00e4nniskor som tappat hoppet om ett s\u00e4kert och bra liv d\u00e4r de bott. En del kommer direkt fr\u00e5n det p\u00e5g\u00e5ende krigets helvete i Syrien, andra fr\u00e5n ett krig som officiellt avlutades f\u00f6r snart 20 \u00e5r sedan. Ett krig som dock fortfarande p\u00e5 n\u00e5got s\u00e4tt h\u00e5ller sin m\u00f6rka skugga \u00f6ver flera l\u00e4nder p\u00e5 Balkan och som g\u00f6r att folk d\u00e4r inte l\u00e4ngre kan hoppas p\u00e5 ett v\u00e4rdigt liv, utan ist\u00e4llet ger sig av i hop om att finna det b\u00e4ttre livet n\u00e5gon annanstans.<\/p>\n<p>Jag f\u00f6rs\u00f6ker finna r\u00e4tt plats till en ny pusselbit, men den passar inte d\u00e4r heller. Bara till sl\u00e4nga tillbaka den igen p\u00e5 h\u00f6gen igen och f\u00f6rs\u00f6ka med en ny.<\/p>\n<p>P\u00e5 s\u00f6ndag \u00e4r temat: N\u00e5dens g\u00e5vor och Jesus talar om vinstocken och grenarna och Paulus i Korinthierbrevet om kroppen och de m\u00e5nga kroppsdelarna. De h\u00e4r texterna handlar v\u00e4l f\u00f6rst och fr\u00e4mst om de olika g\u00e5vor som finns i den kristna f\u00f6rsamlingen, hur vi tillsammans bildar den kropp som \u00e4r kyrkan, som \u00e4r Kristi kropp verksam i v\u00e4rlden. Hur vi b\u00e5de \u00e4r beroende av honom av vars k\u00e4rlek vi lever, men ocks\u00e5 \u00e4r beroende av varandra f\u00f6r att dela b\u00e5de lidande och gl\u00e4dje. I beroendet blir v\u00e5r k\u00e4rlek b\u00e5de i honom och med varandra verklig.<\/p>\n<p>Men visst kan ocks\u00e5 de h\u00e4r texterna anv\u00e4ndas f\u00f6r hela v\u00e5r m\u00e4nsklighet. Vi h\u00f6r ihop, inte bara svenskar, inte bara europ\u00e9er, inte bara kristna, nej vi h\u00f6r alla ihop. Vi \u00e4r alla olika grenar p\u00e5 den vinstock som \u00e4r m\u00e4nskligheten, vi \u00e4r alla olika kroppsdelar p\u00e5 den kropp som \u00e4r m\u00e4nskligheten. Vi \u00e4r alla del av det d\u00e4r j\u00e4ttepusslet.<\/p>\n<p>Vi kan inte s\u00e4ga att vi bryr oss bara om de h\u00e4r grenarna, vi tar bara hand om de h\u00e4r kroppsdelarna, vi l\u00e4gger bara pusslet i det h\u00e4r h\u00f6rnet. Nej, alla grenarna m\u00e5ste sk\u00f6tas, alla kroppsdelarna v\u00e5rdas och det \u00e4r bara n\u00e4r hela pusslet \u00e4r f\u00e4rdigt som man kan vara riktigt n\u00f6jd.<\/p>\n<p>Visst, sorgen och f\u00f6rtvivlan finns d\u00e4r. Fr\u00e5gorna finns d\u00e4r:\u00a0Hur ska det h\u00e4r sluta? N\u00e4r ska m\u00e4nniskorna finna en trygga plats att bo p\u00e5? \u00a0Men de fr\u00e5gorna, den sorgen f\u00e5r inte leda till uppgivenhet, utan ist\u00e4llet vara del i just det d\u00e4r delandet av lidande och&#8230;<\/p>\n<p>Pl\u00f6tsligt \u00e4r det bara n\u00e5gra bitar kvar. D\u00e5 g\u00e5r det fort, och s\u00e5 l\u00e4gger den lilla handen den sista biten p\u00e5 plats. Det \u00e4r f\u00e4rdigt, det \u00e4r helt, alla bitarna hade en plats. Vi ser p\u00e5 varandra och skrattar och sl\u00e5r ihop v\u00e5ra h\u00e4nder i en high five &#8230; och gl\u00e4dje!<\/p>\n<p>Amen!<\/p>\n<p><i>Per Kristiansson<br \/>\nPr\u00e4st i V\u00e4stra Skr\u00e4vlinge kyrka<\/i><\/p>\n","protected":false},"excerpt":{"rendered":"<p>&#8211; Kan den h\u00e4r biten passa h\u00e4r? Jag sitter p\u00e5 golvet med en massa pusselbitar runt omkring mig och f\u00f6rs\u00f6ker f\u00e5 ihop ett Musse Pigg-pussel. Pl\u00f6tsligt h\u00e5ller en liten hand fram en bit och f\u00f6rs\u00f6ker f\u00e5 ner den p\u00e5 en plats jag genast ser \u00e4r fel, men jag l\u00e5ter f\u00f6rst handen f\u00f6rs\u00f6ka innan jag lite [&hellip;]<\/p>\n","protected":false},"author":458,"featured_media":0,"comment_status":"open","ping_status":"open","sticky":false,"template":"","format":"standard","meta":{"_acf_changed":false,"footnotes":""},"categories":[132733],"tags":[],"class_list":["post-376","post","type-post","status-publish","format-standard","hentry","category-10e-sondagen-efter-trefaldighet"],"acf":[],"yoast_head":"<!-- This site is optimized with the Yoast SEO plugin v27.1.1 - https:\/\/yoast.com\/product\/yoast-seo-wordpress\/ -->\n<title>High five n\u00e4r alla bitar \u00e4r p\u00e5 plats - Tankar inf\u00f6r helgen<\/title>\n<meta name=\"robots\" content=\"index, follow, max-snippet:-1, max-image-preview:large, max-video-preview:-1\" \/>\n<link rel=\"canonical\" href=\"https:\/\/blogg.svenskakyrkan.se\/tankarinforhelgen\/2015\/08\/03\/high-five-nar-alla-bitar-ar-pa-plats\/\" \/>\n<meta property=\"og:locale\" content=\"sv_SE\" \/>\n<meta property=\"og:type\" content=\"article\" \/>\n<meta property=\"og:title\" content=\"High five n\u00e4r alla bitar \u00e4r p\u00e5 plats - Tankar inf\u00f6r helgen\" \/>\n<meta property=\"og:description\" content=\"&#8211; Kan den h\u00e4r biten passa h\u00e4r? Jag sitter p\u00e5 golvet med en massa pusselbitar runt omkring mig och f\u00f6rs\u00f6ker f\u00e5 ihop ett Musse Pigg-pussel. Pl\u00f6tsligt h\u00e5ller en liten hand fram en bit och f\u00f6rs\u00f6ker f\u00e5 ner den p\u00e5 en plats jag genast ser \u00e4r fel, men jag l\u00e5ter f\u00f6rst handen f\u00f6rs\u00f6ka innan jag lite [&hellip;]\" \/>\n<meta property=\"og:url\" content=\"https:\/\/blogg.svenskakyrkan.se\/tankarinforhelgen\/2015\/08\/03\/high-five-nar-alla-bitar-ar-pa-plats\/\" \/>\n<meta property=\"og:site_name\" content=\"Tankar inf\u00f6r helgen\" \/>\n<meta property=\"article:published_time\" content=\"2015-08-03T13:05:34+00:00\" \/>\n<meta property=\"article:modified_time\" content=\"2017-02-21T10:39:54+00:00\" \/>\n<meta property=\"og:image\" content=\"http:\/\/blogg.svenskakyrkan.se\/tankarinforhelgen\/files\/2017\/01\/4332841645_334662e95d_o-Melani-Holtsman-flickr.jpg\" \/>\n<meta name=\"author\" content=\"Magdalena Wernefeldt\" \/>\n<meta name=\"twitter:card\" content=\"summary_large_image\" \/>\n<meta name=\"twitter:label1\" content=\"Skriven av\" \/>\n\t<meta name=\"twitter:data1\" content=\"Magdalena Wernefeldt\" \/>\n\t<meta name=\"twitter:label2\" content=\"Ber\u00e4knad l\u00e4stid\" \/>\n\t<meta name=\"twitter:data2\" content=\"4 minuter\" \/>\n<script type=\"application\/ld+json\" class=\"yoast-schema-graph\">{\"@context\":\"https:\/\/schema.org\",\"@graph\":[{\"@type\":\"Article\",\"@id\":\"https:\/\/blogg.svenskakyrkan.se\/tankarinforhelgen\/2015\/08\/03\/high-five-nar-alla-bitar-ar-pa-plats\/#article\",\"isPartOf\":{\"@id\":\"https:\/\/blogg.svenskakyrkan.se\/tankarinforhelgen\/2015\/08\/03\/high-five-nar-alla-bitar-ar-pa-plats\/\"},\"author\":{\"name\":\"Magdalena Wernefeldt\",\"@id\":\"https:\/\/blogg.svenskakyrkan.se\/tankarinforhelgen\/#\/schema\/person\/c19e8a124f507336a7f712f3b02d924b\"},\"headline\":\"High five n\u00e4r alla bitar \u00e4r p\u00e5 plats\",\"datePublished\":\"2015-08-03T13:05:34+00:00\",\"dateModified\":\"2017-02-21T10:39:54+00:00\",\"mainEntityOfPage\":{\"@id\":\"https:\/\/blogg.svenskakyrkan.se\/tankarinforhelgen\/2015\/08\/03\/high-five-nar-alla-bitar-ar-pa-plats\/\"},\"wordCount\":771,\"commentCount\":0,\"image\":{\"@id\":\"https:\/\/blogg.svenskakyrkan.se\/tankarinforhelgen\/2015\/08\/03\/high-five-nar-alla-bitar-ar-pa-plats\/#primaryimage\"},\"thumbnailUrl\":\"http:\/\/blogg.svenskakyrkan.se\/tankarinforhelgen\/files\/2017\/01\/4332841645_334662e95d_o-Melani-Holtsman-flickr.jpg\",\"articleSection\":[\"10:e s\u00f6ndagen efter trefaldighet\"],\"inLanguage\":\"sv-SE\",\"potentialAction\":[{\"@type\":\"CommentAction\",\"name\":\"Comment\",\"target\":[\"https:\/\/blogg.svenskakyrkan.se\/tankarinforhelgen\/2015\/08\/03\/high-five-nar-alla-bitar-ar-pa-plats\/#respond\"]}]},{\"@type\":\"WebPage\",\"@id\":\"https:\/\/blogg.svenskakyrkan.se\/tankarinforhelgen\/2015\/08\/03\/high-five-nar-alla-bitar-ar-pa-plats\/\",\"url\":\"https:\/\/blogg.svenskakyrkan.se\/tankarinforhelgen\/2015\/08\/03\/high-five-nar-alla-bitar-ar-pa-plats\/\",\"name\":\"High five n\u00e4r alla bitar \u00e4r p\u00e5 plats - Tankar inf\u00f6r helgen\",\"isPartOf\":{\"@id\":\"https:\/\/blogg.svenskakyrkan.se\/tankarinforhelgen\/#website\"},\"primaryImageOfPage\":{\"@id\":\"https:\/\/blogg.svenskakyrkan.se\/tankarinforhelgen\/2015\/08\/03\/high-five-nar-alla-bitar-ar-pa-plats\/#primaryimage\"},\"image\":{\"@id\":\"https:\/\/blogg.svenskakyrkan.se\/tankarinforhelgen\/2015\/08\/03\/high-five-nar-alla-bitar-ar-pa-plats\/#primaryimage\"},\"thumbnailUrl\":\"http:\/\/blogg.svenskakyrkan.se\/tankarinforhelgen\/files\/2017\/01\/4332841645_334662e95d_o-Melani-Holtsman-flickr.jpg\",\"datePublished\":\"2015-08-03T13:05:34+00:00\",\"dateModified\":\"2017-02-21T10:39:54+00:00\",\"author\":{\"@id\":\"https:\/\/blogg.svenskakyrkan.se\/tankarinforhelgen\/#\/schema\/person\/c19e8a124f507336a7f712f3b02d924b\"},\"breadcrumb\":{\"@id\":\"https:\/\/blogg.svenskakyrkan.se\/tankarinforhelgen\/2015\/08\/03\/high-five-nar-alla-bitar-ar-pa-plats\/#breadcrumb\"},\"inLanguage\":\"sv-SE\",\"potentialAction\":[{\"@type\":\"ReadAction\",\"target\":[\"https:\/\/blogg.svenskakyrkan.se\/tankarinforhelgen\/2015\/08\/03\/high-five-nar-alla-bitar-ar-pa-plats\/\"]}]},{\"@type\":\"ImageObject\",\"inLanguage\":\"sv-SE\",\"@id\":\"https:\/\/blogg.svenskakyrkan.se\/tankarinforhelgen\/2015\/08\/03\/high-five-nar-alla-bitar-ar-pa-plats\/#primaryimage\",\"url\":\"http:\/\/blogg.svenskakyrkan.se\/tankarinforhelgen\/files\/2017\/01\/4332841645_334662e95d_o-Melani-Holtsman-flickr.jpg\",\"contentUrl\":\"http:\/\/blogg.svenskakyrkan.se\/tankarinforhelgen\/files\/2017\/01\/4332841645_334662e95d_o-Melani-Holtsman-flickr.jpg\"},{\"@type\":\"BreadcrumbList\",\"@id\":\"https:\/\/blogg.svenskakyrkan.se\/tankarinforhelgen\/2015\/08\/03\/high-five-nar-alla-bitar-ar-pa-plats\/#breadcrumb\",\"itemListElement\":[{\"@type\":\"ListItem\",\"position\":1,\"name\":\"Hem\",\"item\":\"https:\/\/blogg.svenskakyrkan.se\/tankarinforhelgen\/\"},{\"@type\":\"ListItem\",\"position\":2,\"name\":\"High five n\u00e4r alla bitar \u00e4r p\u00e5 plats\"}]},{\"@type\":\"WebSite\",\"@id\":\"https:\/\/blogg.svenskakyrkan.se\/tankarinforhelgen\/#website\",\"url\":\"https:\/\/blogg.svenskakyrkan.se\/tankarinforhelgen\/\",\"name\":\"Tankar inf\u00f6r helgen\",\"description\":\"Pr\u00e4ster funderar utifr\u00e5n kommande s\u00f6ndags texter\",\"potentialAction\":[{\"@type\":\"SearchAction\",\"target\":{\"@type\":\"EntryPoint\",\"urlTemplate\":\"https:\/\/blogg.svenskakyrkan.se\/tankarinforhelgen\/?s={search_term_string}\"},\"query-input\":{\"@type\":\"PropertyValueSpecification\",\"valueRequired\":true,\"valueName\":\"search_term_string\"}}],\"inLanguage\":\"sv-SE\"},{\"@type\":\"Person\",\"@id\":\"https:\/\/blogg.svenskakyrkan.se\/tankarinforhelgen\/#\/schema\/person\/c19e8a124f507336a7f712f3b02d924b\",\"name\":\"Magdalena Wernefeldt\",\"image\":{\"@type\":\"ImageObject\",\"inLanguage\":\"sv-SE\",\"@id\":\"https:\/\/blogg.svenskakyrkan.se\/tankarinforhelgen\/#\/schema\/person\/image\/\",\"url\":\"https:\/\/secure.gravatar.com\/avatar\/23dab26aed51bdfcff5c1559ea1a5d339f00dac73f3d56d1d8b724c1d9074328?s=96&d=mm&r=g\",\"contentUrl\":\"https:\/\/secure.gravatar.com\/avatar\/23dab26aed51bdfcff5c1559ea1a5d339f00dac73f3d56d1d8b724c1d9074328?s=96&d=mm&r=g\",\"caption\":\"Magdalena Wernefeldt\"},\"url\":\"https:\/\/blogg.svenskakyrkan.se\/tankarinforhelgen\/author\/svkmwt\/\"}]}<\/script>\n<!-- \/ Yoast SEO plugin. -->","yoast_head_json":{"title":"High five n\u00e4r alla bitar \u00e4r p\u00e5 plats - Tankar inf\u00f6r helgen","robots":{"index":"index","follow":"follow","max-snippet":"max-snippet:-1","max-image-preview":"max-image-preview:large","max-video-preview":"max-video-preview:-1"},"canonical":"https:\/\/blogg.svenskakyrkan.se\/tankarinforhelgen\/2015\/08\/03\/high-five-nar-alla-bitar-ar-pa-plats\/","og_locale":"sv_SE","og_type":"article","og_title":"High five n\u00e4r alla bitar \u00e4r p\u00e5 plats - Tankar inf\u00f6r helgen","og_description":"&#8211; Kan den h\u00e4r biten passa h\u00e4r? Jag sitter p\u00e5 golvet med en massa pusselbitar runt omkring mig och f\u00f6rs\u00f6ker f\u00e5 ihop ett Musse Pigg-pussel. Pl\u00f6tsligt h\u00e5ller en liten hand fram en bit och f\u00f6rs\u00f6ker f\u00e5 ner den p\u00e5 en plats jag genast ser \u00e4r fel, men jag l\u00e5ter f\u00f6rst handen f\u00f6rs\u00f6ka innan jag lite [&hellip;]","og_url":"https:\/\/blogg.svenskakyrkan.se\/tankarinforhelgen\/2015\/08\/03\/high-five-nar-alla-bitar-ar-pa-plats\/","og_site_name":"Tankar inf\u00f6r helgen","article_published_time":"2015-08-03T13:05:34+00:00","article_modified_time":"2017-02-21T10:39:54+00:00","og_image":[{"url":"http:\/\/blogg.svenskakyrkan.se\/tankarinforhelgen\/files\/2017\/01\/4332841645_334662e95d_o-Melani-Holtsman-flickr.jpg","type":"","width":"","height":""}],"author":"Magdalena Wernefeldt","twitter_card":"summary_large_image","twitter_misc":{"Skriven av":"Magdalena Wernefeldt","Ber\u00e4knad l\u00e4stid":"4 minuter"},"schema":{"@context":"https:\/\/schema.org","@graph":[{"@type":"Article","@id":"https:\/\/blogg.svenskakyrkan.se\/tankarinforhelgen\/2015\/08\/03\/high-five-nar-alla-bitar-ar-pa-plats\/#article","isPartOf":{"@id":"https:\/\/blogg.svenskakyrkan.se\/tankarinforhelgen\/2015\/08\/03\/high-five-nar-alla-bitar-ar-pa-plats\/"},"author":{"name":"Magdalena Wernefeldt","@id":"https:\/\/blogg.svenskakyrkan.se\/tankarinforhelgen\/#\/schema\/person\/c19e8a124f507336a7f712f3b02d924b"},"headline":"High five n\u00e4r alla bitar \u00e4r p\u00e5 plats","datePublished":"2015-08-03T13:05:34+00:00","dateModified":"2017-02-21T10:39:54+00:00","mainEntityOfPage":{"@id":"https:\/\/blogg.svenskakyrkan.se\/tankarinforhelgen\/2015\/08\/03\/high-five-nar-alla-bitar-ar-pa-plats\/"},"wordCount":771,"commentCount":0,"image":{"@id":"https:\/\/blogg.svenskakyrkan.se\/tankarinforhelgen\/2015\/08\/03\/high-five-nar-alla-bitar-ar-pa-plats\/#primaryimage"},"thumbnailUrl":"http:\/\/blogg.svenskakyrkan.se\/tankarinforhelgen\/files\/2017\/01\/4332841645_334662e95d_o-Melani-Holtsman-flickr.jpg","articleSection":["10:e s\u00f6ndagen efter trefaldighet"],"inLanguage":"sv-SE","potentialAction":[{"@type":"CommentAction","name":"Comment","target":["https:\/\/blogg.svenskakyrkan.se\/tankarinforhelgen\/2015\/08\/03\/high-five-nar-alla-bitar-ar-pa-plats\/#respond"]}]},{"@type":"WebPage","@id":"https:\/\/blogg.svenskakyrkan.se\/tankarinforhelgen\/2015\/08\/03\/high-five-nar-alla-bitar-ar-pa-plats\/","url":"https:\/\/blogg.svenskakyrkan.se\/tankarinforhelgen\/2015\/08\/03\/high-five-nar-alla-bitar-ar-pa-plats\/","name":"High five n\u00e4r alla bitar \u00e4r p\u00e5 plats - Tankar inf\u00f6r helgen","isPartOf":{"@id":"https:\/\/blogg.svenskakyrkan.se\/tankarinforhelgen\/#website"},"primaryImageOfPage":{"@id":"https:\/\/blogg.svenskakyrkan.se\/tankarinforhelgen\/2015\/08\/03\/high-five-nar-alla-bitar-ar-pa-plats\/#primaryimage"},"image":{"@id":"https:\/\/blogg.svenskakyrkan.se\/tankarinforhelgen\/2015\/08\/03\/high-five-nar-alla-bitar-ar-pa-plats\/#primaryimage"},"thumbnailUrl":"http:\/\/blogg.svenskakyrkan.se\/tankarinforhelgen\/files\/2017\/01\/4332841645_334662e95d_o-Melani-Holtsman-flickr.jpg","datePublished":"2015-08-03T13:05:34+00:00","dateModified":"2017-02-21T10:39:54+00:00","author":{"@id":"https:\/\/blogg.svenskakyrkan.se\/tankarinforhelgen\/#\/schema\/person\/c19e8a124f507336a7f712f3b02d924b"},"breadcrumb":{"@id":"https:\/\/blogg.svenskakyrkan.se\/tankarinforhelgen\/2015\/08\/03\/high-five-nar-alla-bitar-ar-pa-plats\/#breadcrumb"},"inLanguage":"sv-SE","potentialAction":[{"@type":"ReadAction","target":["https:\/\/blogg.svenskakyrkan.se\/tankarinforhelgen\/2015\/08\/03\/high-five-nar-alla-bitar-ar-pa-plats\/"]}]},{"@type":"ImageObject","inLanguage":"sv-SE","@id":"https:\/\/blogg.svenskakyrkan.se\/tankarinforhelgen\/2015\/08\/03\/high-five-nar-alla-bitar-ar-pa-plats\/#primaryimage","url":"http:\/\/blogg.svenskakyrkan.se\/tankarinforhelgen\/files\/2017\/01\/4332841645_334662e95d_o-Melani-Holtsman-flickr.jpg","contentUrl":"http:\/\/blogg.svenskakyrkan.se\/tankarinforhelgen\/files\/2017\/01\/4332841645_334662e95d_o-Melani-Holtsman-flickr.jpg"},{"@type":"BreadcrumbList","@id":"https:\/\/blogg.svenskakyrkan.se\/tankarinforhelgen\/2015\/08\/03\/high-five-nar-alla-bitar-ar-pa-plats\/#breadcrumb","itemListElement":[{"@type":"ListItem","position":1,"name":"Hem","item":"https:\/\/blogg.svenskakyrkan.se\/tankarinforhelgen\/"},{"@type":"ListItem","position":2,"name":"High five n\u00e4r alla bitar \u00e4r p\u00e5 plats"}]},{"@type":"WebSite","@id":"https:\/\/blogg.svenskakyrkan.se\/tankarinforhelgen\/#website","url":"https:\/\/blogg.svenskakyrkan.se\/tankarinforhelgen\/","name":"Tankar inf\u00f6r helgen","description":"Pr\u00e4ster funderar utifr\u00e5n kommande s\u00f6ndags texter","potentialAction":[{"@type":"SearchAction","target":{"@type":"EntryPoint","urlTemplate":"https:\/\/blogg.svenskakyrkan.se\/tankarinforhelgen\/?s={search_term_string}"},"query-input":{"@type":"PropertyValueSpecification","valueRequired":true,"valueName":"search_term_string"}}],"inLanguage":"sv-SE"},{"@type":"Person","@id":"https:\/\/blogg.svenskakyrkan.se\/tankarinforhelgen\/#\/schema\/person\/c19e8a124f507336a7f712f3b02d924b","name":"Magdalena Wernefeldt","image":{"@type":"ImageObject","inLanguage":"sv-SE","@id":"https:\/\/blogg.svenskakyrkan.se\/tankarinforhelgen\/#\/schema\/person\/image\/","url":"https:\/\/secure.gravatar.com\/avatar\/23dab26aed51bdfcff5c1559ea1a5d339f00dac73f3d56d1d8b724c1d9074328?s=96&d=mm&r=g","contentUrl":"https:\/\/secure.gravatar.com\/avatar\/23dab26aed51bdfcff5c1559ea1a5d339f00dac73f3d56d1d8b724c1d9074328?s=96&d=mm&r=g","caption":"Magdalena Wernefeldt"},"url":"https:\/\/blogg.svenskakyrkan.se\/tankarinforhelgen\/author\/svkmwt\/"}]}},"author_meta":{"ID":"458","user_nicename":"svkmwt","user_registered":"2014-10-14 11:18:34","display_name":"Magdalena Wernefeldt","first_name":"Magdalena","last_name":"Wernefeldt","avatar":"https:\/\/secure.gravatar.com\/avatar\/23dab26aed51bdfcff5c1559ea1a5d339f00dac73f3d56d1d8b724c1d9074328?s=96&d=mm&r=g"},"featured_image":false,"bloginfo":{"name":"Tankar inf\u00f6r helgen","url":"https:\/\/blogg.svenskakyrkan.se\/tankarinforhelgen"},"_links":{"self":[{"href":"https:\/\/blogg.svenskakyrkan.se\/tankarinforhelgen\/wp-json\/wp\/v2\/posts\/376","targetHints":{"allow":["GET"]}}],"collection":[{"href":"https:\/\/blogg.svenskakyrkan.se\/tankarinforhelgen\/wp-json\/wp\/v2\/posts"}],"about":[{"href":"https:\/\/blogg.svenskakyrkan.se\/tankarinforhelgen\/wp-json\/wp\/v2\/types\/post"}],"author":[{"embeddable":true,"href":"https:\/\/blogg.svenskakyrkan.se\/tankarinforhelgen\/wp-json\/wp\/v2\/users\/458"}],"replies":[{"embeddable":true,"href":"https:\/\/blogg.svenskakyrkan.se\/tankarinforhelgen\/wp-json\/wp\/v2\/comments?post=376"}],"version-history":[{"count":1,"href":"https:\/\/blogg.svenskakyrkan.se\/tankarinforhelgen\/wp-json\/wp\/v2\/posts\/376\/revisions"}],"predecessor-version":[{"id":378,"href":"https:\/\/blogg.svenskakyrkan.se\/tankarinforhelgen\/wp-json\/wp\/v2\/posts\/376\/revisions\/378"}],"wp:attachment":[{"href":"https:\/\/blogg.svenskakyrkan.se\/tankarinforhelgen\/wp-json\/wp\/v2\/media?parent=376"}],"wp:term":[{"taxonomy":"category","embeddable":true,"href":"https:\/\/blogg.svenskakyrkan.se\/tankarinforhelgen\/wp-json\/wp\/v2\/categories?post=376"},{"taxonomy":"post_tag","embeddable":true,"href":"https:\/\/blogg.svenskakyrkan.se\/tankarinforhelgen\/wp-json\/wp\/v2\/tags?post=376"}],"curies":[{"name":"wp","href":"https:\/\/api.w.org\/{rel}","templated":true}]}}