{"id":382,"date":"2015-07-14T15:08:14","date_gmt":"2015-07-14T13:08:14","guid":{"rendered":"http:\/\/blogg.svenskakyrkan.se\/tankarinforhelgen\/?p=382"},"modified":"2017-02-21T11:40:10","modified_gmt":"2017-02-21T10:40:10","slug":"det-som-ar-vardefullt-pa-riktigt","status":"publish","type":"post","link":"https:\/\/blogg.svenskakyrkan.se\/tankarinforhelgen\/2015\/07\/14\/det-som-ar-vardefullt-pa-riktigt\/","title":{"rendered":"Det som \u00e4r v\u00e4rdefullt p\u00e5 riktigt"},"content":{"rendered":"<p><a href=\"http:\/\/blogg.svenskakyrkan.se\/tankarinforhelgen\/files\/2017\/01\/1026212-Emma-Larsson-IKON1.jpg\"><img loading=\"lazy\" decoding=\"async\" class=\"alignnone size-full wp-image-383\" src=\"http:\/\/blogg.svenskakyrkan.se\/tankarinforhelgen\/files\/2017\/01\/1026212-Emma-Larsson-IKON1.jpg\" alt=\"1026212 Emma Larsson IKON(1)\" width=\"674\" height=\"347\" srcset=\"https:\/\/blogg.svenskakyrkan.se\/tankarinforhelgen\/files\/2017\/01\/1026212-Emma-Larsson-IKON1.jpg 674w, https:\/\/blogg.svenskakyrkan.se\/tankarinforhelgen\/files\/2017\/01\/1026212-Emma-Larsson-IKON1-300x154.jpg 300w, https:\/\/blogg.svenskakyrkan.se\/tankarinforhelgen\/files\/2017\/01\/1026212-Emma-Larsson-IKON1-500x257.jpg 500w\" sizes=\"auto, (max-width: 674px) 100vw, 674px\" \/><\/a><\/p>\n<p>Jag har precis l\u00e4mnat ett h\u00e4rligt konfirmandl\u00e4ger. F\u00f6re l\u00e4gret talade vi om att deras mobiltelefoner skulle l\u00e4ggas undan i ett kassask\u00e5p. Det grymtades i leden, men man gick med p\u00e5 det.<\/p>\n<p>Efter tre veckors intensivt liv i konfirmandgruppen fick de tillbaka sina telefoner. Vi hade precis haft v\u00e5r sista kramrunda och nu var det adj\u00f6 p\u00e5 riktigt. Det sista som h\u00e4nde efter kramrundan var att f\u00e5 tillbaka det man f\u00f6rst hade l\u00e4mnat ifr\u00e5n sig: mobiltelefonen.<\/p>\n<p>&#8221;Har ni l\u00e4ngtat efter dem?&#8221;, fr\u00e5gade jag. &#8221;Nej&#8221;, sa flera. &#8221;Inte alls.&#8221;<\/p>\n<p>Under intensiva l\u00e4gerveckor blir livet p\u00e5 riktigt. Man lever i n\u00e4ra relationer dygnet runt. Man ser varandra f\u00f6rst av allting p\u00e5 morgonen och \u00e4r de sista man s\u00e4ger god natt till p\u00e5 kv\u00e4llen. Man lever bokstavligen p\u00e5 varandra. \u00a0 Man tr\u00e4nas dagligen i att visa h\u00e4nsyn, omsorg och att ta ansvar f\u00f6r varandra. Detta upplevs som n\u00e5got uppfriskande. Det \u00e4r att st\u00e5 n\u00e4ra livet sj\u00e4lvt. H\u00e4r blir fr\u00e5gor om k\u00e4rlek, svek, sorg, hopp och f\u00f6rl\u00e5telse verklighet. Man upplever att man lever p\u00e5 riktigt.<\/p>\n<p>Att leva n\u00e4ra, n\u00e4ra andra m\u00e4nniskor och n\u00e4ra Gud, vittnade m\u00e5nga om som n\u00e5got stort och omv\u00e4lvande. Det hade man inte gjort i denna omfattning tidigare.<\/p>\n<p>Mobiltelefonen stod sig sl\u00e4tt j\u00e4mf\u00f6rt med detta. Det var inte ens intressant att f\u00e5 tillbaka dem. De blev mer som att f\u00e5 tillbaka en leksak \u00e4n att f\u00e5 tillbaka n\u00e5got som \u00e4r v\u00e4rdefullt.<\/p>\n<p>S\u00f6ndagen talar om klarsyn, om andligt klarsyn. F\u00f6r klarsyn beh\u00f6vs referenser, riktm\u00e4rken i livet. Riktm\u00e4rken som ber\u00e4ttar vad som \u00e4r v\u00e4rdefullt p\u00e5 riktigt. Ett konfirmandl\u00e4ger kan vara ett riktm\u00e4rke livet som hj\u00e4lper mig att f\u00f6rst\u00e5 vad som \u00e4r p\u00e5 v\u00e4rdefullt och vad som \u00e4r helt ointressant.<\/p>\n<p>Allt \u00e4r inte lika viktigt, allt \u00e4r inte lika intressant. Vi beh\u00f6ver inte omfatta allt. Vi f\u00e5r v\u00e4lja i v\u00e5ra liv. S\u00f6k det friska, sa en av l\u00e4grets g\u00e4ster, till oss. Kanske det \u00e4r en hemlighet, att i valen s\u00f6ka det friska.<\/p>\n<p>Tr\u00e4det k\u00e4nns igen p\u00e5 dess frukt, talar evangelietexten om. Ett gott tr\u00e4d b\u00e4r bra frukt, ett uselt tr\u00e4d ger d\u00e5lig frukt. S\u00f6k det friska, s\u00f6k det som ger liv. Undvik som bryter ned livet. Lev i n\u00e4ra relationer, med varandra och med Gud. Det bygger upp livet. Upplev det omv\u00e4lvande i att st\u00e5 n\u00e4ra livet sj\u00e4lvt. L\u00e5t det bli referenspunkter i livet och f\u00f6lj i den riktning de pekar.<\/p>\n<p>L\u00e4gret \u00e4r \u00f6ver, men minnena finns kvar. Bilder av glada ungdomar vid en l\u00e4gerg\u00e5rd. Livet i n\u00e4ra relationer, med varandra och med Gud, finns kvar. Det g\u00e5r att leva s\u00e5 inte bara p\u00e5 en l\u00e4gerg\u00e5rd utan i vardagen.<\/p>\n<p>Det \u00e4r egentligen inte sv\u00e5rare \u00e4n n\u00e5got annat. Livet finns d\u00e4rute.<\/p>\n<p><i>Fredrik Olofsson<br \/>\nstiftsadjunkt, internationella fr\u00e5gor, Link\u00f6pings stift.<\/i><\/p>\n","protected":false},"excerpt":{"rendered":"<p>Jag har precis l\u00e4mnat ett h\u00e4rligt konfirmandl\u00e4ger. F\u00f6re l\u00e4gret talade vi om att deras mobiltelefoner skulle l\u00e4ggas undan i ett kassask\u00e5p. Det grymtades i leden, men man gick med p\u00e5 det. Efter tre veckors intensivt liv i konfirmandgruppen fick de tillbaka sina telefoner. Vi hade precis haft v\u00e5r sista kramrunda och nu var det adj\u00f6 [&hellip;]<\/p>\n","protected":false},"author":458,"featured_media":0,"comment_status":"open","ping_status":"open","sticky":false,"template":"","format":"standard","meta":{"_acf_changed":false,"footnotes":""},"categories":[133181],"tags":[],"class_list":["post-382","post","type-post","status-publish","format-standard","hentry","category-8e-sondagen-efter-trefaldighet"],"acf":[],"yoast_head":"<!-- This site is optimized with the Yoast SEO plugin v27.1.1 - https:\/\/yoast.com\/product\/yoast-seo-wordpress\/ -->\n<title>Det som \u00e4r v\u00e4rdefullt p\u00e5 riktigt - Tankar inf\u00f6r helgen<\/title>\n<meta name=\"robots\" content=\"index, follow, max-snippet:-1, max-image-preview:large, max-video-preview:-1\" \/>\n<link rel=\"canonical\" href=\"https:\/\/blogg.svenskakyrkan.se\/tankarinforhelgen\/2015\/07\/14\/det-som-ar-vardefullt-pa-riktigt\/\" \/>\n<meta property=\"og:locale\" content=\"sv_SE\" \/>\n<meta property=\"og:type\" content=\"article\" \/>\n<meta property=\"og:title\" content=\"Det som \u00e4r v\u00e4rdefullt p\u00e5 riktigt - Tankar inf\u00f6r helgen\" \/>\n<meta property=\"og:description\" content=\"Jag har precis l\u00e4mnat ett h\u00e4rligt konfirmandl\u00e4ger. F\u00f6re l\u00e4gret talade vi om att deras mobiltelefoner skulle l\u00e4ggas undan i ett kassask\u00e5p. Det grymtades i leden, men man gick med p\u00e5 det. Efter tre veckors intensivt liv i konfirmandgruppen fick de tillbaka sina telefoner. Vi hade precis haft v\u00e5r sista kramrunda och nu var det adj\u00f6 [&hellip;]\" \/>\n<meta property=\"og:url\" content=\"https:\/\/blogg.svenskakyrkan.se\/tankarinforhelgen\/2015\/07\/14\/det-som-ar-vardefullt-pa-riktigt\/\" \/>\n<meta property=\"og:site_name\" content=\"Tankar inf\u00f6r helgen\" \/>\n<meta property=\"article:published_time\" content=\"2015-07-14T13:08:14+00:00\" \/>\n<meta property=\"article:modified_time\" content=\"2017-02-21T10:40:10+00:00\" \/>\n<meta property=\"og:image\" content=\"http:\/\/blogg.svenskakyrkan.se\/tankarinforhelgen\/files\/2017\/01\/1026212-Emma-Larsson-IKON1.jpg\" \/>\n<meta name=\"author\" content=\"Magdalena Wernefeldt\" \/>\n<meta name=\"twitter:card\" content=\"summary_large_image\" \/>\n<meta name=\"twitter:label1\" content=\"Skriven av\" \/>\n\t<meta name=\"twitter:data1\" content=\"Magdalena Wernefeldt\" \/>\n\t<meta name=\"twitter:label2\" content=\"Ber\u00e4knad l\u00e4stid\" \/>\n\t<meta name=\"twitter:data2\" content=\"3 minuter\" \/>\n<script type=\"application\/ld+json\" class=\"yoast-schema-graph\">{\"@context\":\"https:\/\/schema.org\",\"@graph\":[{\"@type\":\"Article\",\"@id\":\"https:\/\/blogg.svenskakyrkan.se\/tankarinforhelgen\/2015\/07\/14\/det-som-ar-vardefullt-pa-riktigt\/#article\",\"isPartOf\":{\"@id\":\"https:\/\/blogg.svenskakyrkan.se\/tankarinforhelgen\/2015\/07\/14\/det-som-ar-vardefullt-pa-riktigt\/\"},\"author\":{\"name\":\"Magdalena Wernefeldt\",\"@id\":\"https:\/\/blogg.svenskakyrkan.se\/tankarinforhelgen\/#\/schema\/person\/c19e8a124f507336a7f712f3b02d924b\"},\"headline\":\"Det som \u00e4r v\u00e4rdefullt p\u00e5 riktigt\",\"datePublished\":\"2015-07-14T13:08:14+00:00\",\"dateModified\":\"2017-02-21T10:40:10+00:00\",\"mainEntityOfPage\":{\"@id\":\"https:\/\/blogg.svenskakyrkan.se\/tankarinforhelgen\/2015\/07\/14\/det-som-ar-vardefullt-pa-riktigt\/\"},\"wordCount\":536,\"commentCount\":0,\"image\":{\"@id\":\"https:\/\/blogg.svenskakyrkan.se\/tankarinforhelgen\/2015\/07\/14\/det-som-ar-vardefullt-pa-riktigt\/#primaryimage\"},\"thumbnailUrl\":\"http:\/\/blogg.svenskakyrkan.se\/tankarinforhelgen\/files\/2017\/01\/1026212-Emma-Larsson-IKON1.jpg\",\"articleSection\":[\"8:e s\u00f6ndagen efter trefaldighet\"],\"inLanguage\":\"sv-SE\",\"potentialAction\":[{\"@type\":\"CommentAction\",\"name\":\"Comment\",\"target\":[\"https:\/\/blogg.svenskakyrkan.se\/tankarinforhelgen\/2015\/07\/14\/det-som-ar-vardefullt-pa-riktigt\/#respond\"]}]},{\"@type\":\"WebPage\",\"@id\":\"https:\/\/blogg.svenskakyrkan.se\/tankarinforhelgen\/2015\/07\/14\/det-som-ar-vardefullt-pa-riktigt\/\",\"url\":\"https:\/\/blogg.svenskakyrkan.se\/tankarinforhelgen\/2015\/07\/14\/det-som-ar-vardefullt-pa-riktigt\/\",\"name\":\"Det som \u00e4r v\u00e4rdefullt p\u00e5 riktigt - Tankar inf\u00f6r helgen\",\"isPartOf\":{\"@id\":\"https:\/\/blogg.svenskakyrkan.se\/tankarinforhelgen\/#website\"},\"primaryImageOfPage\":{\"@id\":\"https:\/\/blogg.svenskakyrkan.se\/tankarinforhelgen\/2015\/07\/14\/det-som-ar-vardefullt-pa-riktigt\/#primaryimage\"},\"image\":{\"@id\":\"https:\/\/blogg.svenskakyrkan.se\/tankarinforhelgen\/2015\/07\/14\/det-som-ar-vardefullt-pa-riktigt\/#primaryimage\"},\"thumbnailUrl\":\"http:\/\/blogg.svenskakyrkan.se\/tankarinforhelgen\/files\/2017\/01\/1026212-Emma-Larsson-IKON1.jpg\",\"datePublished\":\"2015-07-14T13:08:14+00:00\",\"dateModified\":\"2017-02-21T10:40:10+00:00\",\"author\":{\"@id\":\"https:\/\/blogg.svenskakyrkan.se\/tankarinforhelgen\/#\/schema\/person\/c19e8a124f507336a7f712f3b02d924b\"},\"breadcrumb\":{\"@id\":\"https:\/\/blogg.svenskakyrkan.se\/tankarinforhelgen\/2015\/07\/14\/det-som-ar-vardefullt-pa-riktigt\/#breadcrumb\"},\"inLanguage\":\"sv-SE\",\"potentialAction\":[{\"@type\":\"ReadAction\",\"target\":[\"https:\/\/blogg.svenskakyrkan.se\/tankarinforhelgen\/2015\/07\/14\/det-som-ar-vardefullt-pa-riktigt\/\"]}]},{\"@type\":\"ImageObject\",\"inLanguage\":\"sv-SE\",\"@id\":\"https:\/\/blogg.svenskakyrkan.se\/tankarinforhelgen\/2015\/07\/14\/det-som-ar-vardefullt-pa-riktigt\/#primaryimage\",\"url\":\"http:\/\/blogg.svenskakyrkan.se\/tankarinforhelgen\/files\/2017\/01\/1026212-Emma-Larsson-IKON1.jpg\",\"contentUrl\":\"http:\/\/blogg.svenskakyrkan.se\/tankarinforhelgen\/files\/2017\/01\/1026212-Emma-Larsson-IKON1.jpg\"},{\"@type\":\"BreadcrumbList\",\"@id\":\"https:\/\/blogg.svenskakyrkan.se\/tankarinforhelgen\/2015\/07\/14\/det-som-ar-vardefullt-pa-riktigt\/#breadcrumb\",\"itemListElement\":[{\"@type\":\"ListItem\",\"position\":1,\"name\":\"Hem\",\"item\":\"https:\/\/blogg.svenskakyrkan.se\/tankarinforhelgen\/\"},{\"@type\":\"ListItem\",\"position\":2,\"name\":\"Det som \u00e4r v\u00e4rdefullt p\u00e5 riktigt\"}]},{\"@type\":\"WebSite\",\"@id\":\"https:\/\/blogg.svenskakyrkan.se\/tankarinforhelgen\/#website\",\"url\":\"https:\/\/blogg.svenskakyrkan.se\/tankarinforhelgen\/\",\"name\":\"Tankar inf\u00f6r helgen\",\"description\":\"Pr\u00e4ster funderar utifr\u00e5n kommande s\u00f6ndags texter\",\"potentialAction\":[{\"@type\":\"SearchAction\",\"target\":{\"@type\":\"EntryPoint\",\"urlTemplate\":\"https:\/\/blogg.svenskakyrkan.se\/tankarinforhelgen\/?s={search_term_string}\"},\"query-input\":{\"@type\":\"PropertyValueSpecification\",\"valueRequired\":true,\"valueName\":\"search_term_string\"}}],\"inLanguage\":\"sv-SE\"},{\"@type\":\"Person\",\"@id\":\"https:\/\/blogg.svenskakyrkan.se\/tankarinforhelgen\/#\/schema\/person\/c19e8a124f507336a7f712f3b02d924b\",\"name\":\"Magdalena Wernefeldt\",\"image\":{\"@type\":\"ImageObject\",\"inLanguage\":\"sv-SE\",\"@id\":\"https:\/\/blogg.svenskakyrkan.se\/tankarinforhelgen\/#\/schema\/person\/image\/\",\"url\":\"https:\/\/secure.gravatar.com\/avatar\/23dab26aed51bdfcff5c1559ea1a5d339f00dac73f3d56d1d8b724c1d9074328?s=96&d=mm&r=g\",\"contentUrl\":\"https:\/\/secure.gravatar.com\/avatar\/23dab26aed51bdfcff5c1559ea1a5d339f00dac73f3d56d1d8b724c1d9074328?s=96&d=mm&r=g\",\"caption\":\"Magdalena Wernefeldt\"},\"url\":\"https:\/\/blogg.svenskakyrkan.se\/tankarinforhelgen\/author\/svkmwt\/\"}]}<\/script>\n<!-- \/ Yoast SEO plugin. -->","yoast_head_json":{"title":"Det som \u00e4r v\u00e4rdefullt p\u00e5 riktigt - Tankar inf\u00f6r helgen","robots":{"index":"index","follow":"follow","max-snippet":"max-snippet:-1","max-image-preview":"max-image-preview:large","max-video-preview":"max-video-preview:-1"},"canonical":"https:\/\/blogg.svenskakyrkan.se\/tankarinforhelgen\/2015\/07\/14\/det-som-ar-vardefullt-pa-riktigt\/","og_locale":"sv_SE","og_type":"article","og_title":"Det som \u00e4r v\u00e4rdefullt p\u00e5 riktigt - Tankar inf\u00f6r helgen","og_description":"Jag har precis l\u00e4mnat ett h\u00e4rligt konfirmandl\u00e4ger. F\u00f6re l\u00e4gret talade vi om att deras mobiltelefoner skulle l\u00e4ggas undan i ett kassask\u00e5p. Det grymtades i leden, men man gick med p\u00e5 det. Efter tre veckors intensivt liv i konfirmandgruppen fick de tillbaka sina telefoner. Vi hade precis haft v\u00e5r sista kramrunda och nu var det adj\u00f6 [&hellip;]","og_url":"https:\/\/blogg.svenskakyrkan.se\/tankarinforhelgen\/2015\/07\/14\/det-som-ar-vardefullt-pa-riktigt\/","og_site_name":"Tankar inf\u00f6r helgen","article_published_time":"2015-07-14T13:08:14+00:00","article_modified_time":"2017-02-21T10:40:10+00:00","og_image":[{"url":"http:\/\/blogg.svenskakyrkan.se\/tankarinforhelgen\/files\/2017\/01\/1026212-Emma-Larsson-IKON1.jpg","type":"","width":"","height":""}],"author":"Magdalena Wernefeldt","twitter_card":"summary_large_image","twitter_misc":{"Skriven av":"Magdalena Wernefeldt","Ber\u00e4knad l\u00e4stid":"3 minuter"},"schema":{"@context":"https:\/\/schema.org","@graph":[{"@type":"Article","@id":"https:\/\/blogg.svenskakyrkan.se\/tankarinforhelgen\/2015\/07\/14\/det-som-ar-vardefullt-pa-riktigt\/#article","isPartOf":{"@id":"https:\/\/blogg.svenskakyrkan.se\/tankarinforhelgen\/2015\/07\/14\/det-som-ar-vardefullt-pa-riktigt\/"},"author":{"name":"Magdalena Wernefeldt","@id":"https:\/\/blogg.svenskakyrkan.se\/tankarinforhelgen\/#\/schema\/person\/c19e8a124f507336a7f712f3b02d924b"},"headline":"Det som \u00e4r v\u00e4rdefullt p\u00e5 riktigt","datePublished":"2015-07-14T13:08:14+00:00","dateModified":"2017-02-21T10:40:10+00:00","mainEntityOfPage":{"@id":"https:\/\/blogg.svenskakyrkan.se\/tankarinforhelgen\/2015\/07\/14\/det-som-ar-vardefullt-pa-riktigt\/"},"wordCount":536,"commentCount":0,"image":{"@id":"https:\/\/blogg.svenskakyrkan.se\/tankarinforhelgen\/2015\/07\/14\/det-som-ar-vardefullt-pa-riktigt\/#primaryimage"},"thumbnailUrl":"http:\/\/blogg.svenskakyrkan.se\/tankarinforhelgen\/files\/2017\/01\/1026212-Emma-Larsson-IKON1.jpg","articleSection":["8:e s\u00f6ndagen efter trefaldighet"],"inLanguage":"sv-SE","potentialAction":[{"@type":"CommentAction","name":"Comment","target":["https:\/\/blogg.svenskakyrkan.se\/tankarinforhelgen\/2015\/07\/14\/det-som-ar-vardefullt-pa-riktigt\/#respond"]}]},{"@type":"WebPage","@id":"https:\/\/blogg.svenskakyrkan.se\/tankarinforhelgen\/2015\/07\/14\/det-som-ar-vardefullt-pa-riktigt\/","url":"https:\/\/blogg.svenskakyrkan.se\/tankarinforhelgen\/2015\/07\/14\/det-som-ar-vardefullt-pa-riktigt\/","name":"Det som \u00e4r v\u00e4rdefullt p\u00e5 riktigt - Tankar inf\u00f6r helgen","isPartOf":{"@id":"https:\/\/blogg.svenskakyrkan.se\/tankarinforhelgen\/#website"},"primaryImageOfPage":{"@id":"https:\/\/blogg.svenskakyrkan.se\/tankarinforhelgen\/2015\/07\/14\/det-som-ar-vardefullt-pa-riktigt\/#primaryimage"},"image":{"@id":"https:\/\/blogg.svenskakyrkan.se\/tankarinforhelgen\/2015\/07\/14\/det-som-ar-vardefullt-pa-riktigt\/#primaryimage"},"thumbnailUrl":"http:\/\/blogg.svenskakyrkan.se\/tankarinforhelgen\/files\/2017\/01\/1026212-Emma-Larsson-IKON1.jpg","datePublished":"2015-07-14T13:08:14+00:00","dateModified":"2017-02-21T10:40:10+00:00","author":{"@id":"https:\/\/blogg.svenskakyrkan.se\/tankarinforhelgen\/#\/schema\/person\/c19e8a124f507336a7f712f3b02d924b"},"breadcrumb":{"@id":"https:\/\/blogg.svenskakyrkan.se\/tankarinforhelgen\/2015\/07\/14\/det-som-ar-vardefullt-pa-riktigt\/#breadcrumb"},"inLanguage":"sv-SE","potentialAction":[{"@type":"ReadAction","target":["https:\/\/blogg.svenskakyrkan.se\/tankarinforhelgen\/2015\/07\/14\/det-som-ar-vardefullt-pa-riktigt\/"]}]},{"@type":"ImageObject","inLanguage":"sv-SE","@id":"https:\/\/blogg.svenskakyrkan.se\/tankarinforhelgen\/2015\/07\/14\/det-som-ar-vardefullt-pa-riktigt\/#primaryimage","url":"http:\/\/blogg.svenskakyrkan.se\/tankarinforhelgen\/files\/2017\/01\/1026212-Emma-Larsson-IKON1.jpg","contentUrl":"http:\/\/blogg.svenskakyrkan.se\/tankarinforhelgen\/files\/2017\/01\/1026212-Emma-Larsson-IKON1.jpg"},{"@type":"BreadcrumbList","@id":"https:\/\/blogg.svenskakyrkan.se\/tankarinforhelgen\/2015\/07\/14\/det-som-ar-vardefullt-pa-riktigt\/#breadcrumb","itemListElement":[{"@type":"ListItem","position":1,"name":"Hem","item":"https:\/\/blogg.svenskakyrkan.se\/tankarinforhelgen\/"},{"@type":"ListItem","position":2,"name":"Det som \u00e4r v\u00e4rdefullt p\u00e5 riktigt"}]},{"@type":"WebSite","@id":"https:\/\/blogg.svenskakyrkan.se\/tankarinforhelgen\/#website","url":"https:\/\/blogg.svenskakyrkan.se\/tankarinforhelgen\/","name":"Tankar inf\u00f6r helgen","description":"Pr\u00e4ster funderar utifr\u00e5n kommande s\u00f6ndags texter","potentialAction":[{"@type":"SearchAction","target":{"@type":"EntryPoint","urlTemplate":"https:\/\/blogg.svenskakyrkan.se\/tankarinforhelgen\/?s={search_term_string}"},"query-input":{"@type":"PropertyValueSpecification","valueRequired":true,"valueName":"search_term_string"}}],"inLanguage":"sv-SE"},{"@type":"Person","@id":"https:\/\/blogg.svenskakyrkan.se\/tankarinforhelgen\/#\/schema\/person\/c19e8a124f507336a7f712f3b02d924b","name":"Magdalena Wernefeldt","image":{"@type":"ImageObject","inLanguage":"sv-SE","@id":"https:\/\/blogg.svenskakyrkan.se\/tankarinforhelgen\/#\/schema\/person\/image\/","url":"https:\/\/secure.gravatar.com\/avatar\/23dab26aed51bdfcff5c1559ea1a5d339f00dac73f3d56d1d8b724c1d9074328?s=96&d=mm&r=g","contentUrl":"https:\/\/secure.gravatar.com\/avatar\/23dab26aed51bdfcff5c1559ea1a5d339f00dac73f3d56d1d8b724c1d9074328?s=96&d=mm&r=g","caption":"Magdalena Wernefeldt"},"url":"https:\/\/blogg.svenskakyrkan.se\/tankarinforhelgen\/author\/svkmwt\/"}]}},"author_meta":{"ID":"458","user_nicename":"svkmwt","user_registered":"2014-10-14 11:18:34","display_name":"Magdalena Wernefeldt","first_name":"Magdalena","last_name":"Wernefeldt","avatar":"https:\/\/secure.gravatar.com\/avatar\/23dab26aed51bdfcff5c1559ea1a5d339f00dac73f3d56d1d8b724c1d9074328?s=96&d=mm&r=g"},"featured_image":false,"bloginfo":{"name":"Tankar inf\u00f6r helgen","url":"https:\/\/blogg.svenskakyrkan.se\/tankarinforhelgen"},"_links":{"self":[{"href":"https:\/\/blogg.svenskakyrkan.se\/tankarinforhelgen\/wp-json\/wp\/v2\/posts\/382","targetHints":{"allow":["GET"]}}],"collection":[{"href":"https:\/\/blogg.svenskakyrkan.se\/tankarinforhelgen\/wp-json\/wp\/v2\/posts"}],"about":[{"href":"https:\/\/blogg.svenskakyrkan.se\/tankarinforhelgen\/wp-json\/wp\/v2\/types\/post"}],"author":[{"embeddable":true,"href":"https:\/\/blogg.svenskakyrkan.se\/tankarinforhelgen\/wp-json\/wp\/v2\/users\/458"}],"replies":[{"embeddable":true,"href":"https:\/\/blogg.svenskakyrkan.se\/tankarinforhelgen\/wp-json\/wp\/v2\/comments?post=382"}],"version-history":[{"count":1,"href":"https:\/\/blogg.svenskakyrkan.se\/tankarinforhelgen\/wp-json\/wp\/v2\/posts\/382\/revisions"}],"predecessor-version":[{"id":384,"href":"https:\/\/blogg.svenskakyrkan.se\/tankarinforhelgen\/wp-json\/wp\/v2\/posts\/382\/revisions\/384"}],"wp:attachment":[{"href":"https:\/\/blogg.svenskakyrkan.se\/tankarinforhelgen\/wp-json\/wp\/v2\/media?parent=382"}],"wp:term":[{"taxonomy":"category","embeddable":true,"href":"https:\/\/blogg.svenskakyrkan.se\/tankarinforhelgen\/wp-json\/wp\/v2\/categories?post=382"},{"taxonomy":"post_tag","embeddable":true,"href":"https:\/\/blogg.svenskakyrkan.se\/tankarinforhelgen\/wp-json\/wp\/v2\/tags?post=382"}],"curies":[{"name":"wp","href":"https:\/\/api.w.org\/{rel}","templated":true}]}}