{"id":3892,"date":"2025-10-23T15:00:57","date_gmt":"2025-10-23T13:00:57","guid":{"rendered":"https:\/\/blogg.svenskakyrkan.se\/tankarinforhelgen\/?p=3892"},"modified":"2025-11-13T13:37:49","modified_gmt":"2025-11-13T12:37:49","slug":"guds-loften","status":"publish","type":"post","link":"https:\/\/blogg.svenskakyrkan.se\/tankarinforhelgen\/2025\/10\/23\/guds-loften\/","title":{"rendered":"Guds l\u00f6ften"},"content":{"rendered":"\n<p><br><strong>Och Herren f\u00f6rde honom ut och sade: \u00bbSe upp mot himlen och r\u00e4kna stj\u00e4rnorna, om du kan! S\u00e5 talrika skall dina \u00e4ttlingar bli.\u00ab Abram trodde Herren, och d\u00e4rf\u00f6r r\u00e4knade Herren honom som r\u00e4ttf\u00e4rdig. (1 Mos 15:5-6)<\/strong><br><br>Gud ger ett l\u00f6fte. Ett l\u00f6fte som sedan upprepas m\u00e5nga g\u00e5nger under Abrahams l\u00e5nga liv. Om att Gud ska v\u00e4lsigna Abraham och vara med honom s\u00e5 att han ska f\u00e5 \u00e4ttlingar. Och genom dem ska hela v\u00e4rlden v\u00e4lsignas. <br><br>Jag har sj\u00e4lv gett n\u00e5gra l\u00f6ften i mitt liv. Och jag har f\u00e5tt saker lovade till mig. Tyv\u00e4rr har jag m\u00e4rkt att det kan vara sv\u00e5rt att h\u00e5lla l\u00f6ften. B\u00e5de f\u00f6r mig och f\u00f6r andra. Lova \u00e4r en sak, att h\u00e5lla l\u00f6ften \u00e4r en annan. Hur man h\u00e5ller vad man lovat \u00e4r grunden f\u00f6r hur p\u00e5litlig man \u00e4r.<br><br>I forts\u00e4ttningen p\u00e5 v\u00e5rt bibelord kommer det visa sig mot alla odds att det blir som Gud lovat. Abraham och Sara f\u00e5r barn. Det som s\u00e5g helt om\u00f6jligt ut skedde.<br><br><strong>Varf\u00f6r lovar Gud?<\/strong><br>Man kan tycka att det \u00e4r konstigt att Gud lovar s\u00e5 mycket i bibeln. Varf\u00f6r ska Gud binda sig till att g\u00f6ra p\u00e5 n\u00e5got speciellt s\u00e4tt mot sm\u00e5 m\u00e4nniskor som oss? Gud beh\u00f6ver ju inget fr\u00e5n oss? Enda f\u00f6rklaringen \u00e4r att Gud vill lova. F\u00f6r att Gud bryr sig om hur det g\u00e5r f\u00f6r oss. L\u00f6ftena avsl\u00f6jar n\u00e5got av vem Gud \u00e4r.<br><br>S\u00e4ttet som Gud h\u00e5ller sina l\u00f6ften till Abraham p\u00e5 avsl\u00f6jar \u00e4nnu mer om vem Gud \u00e4r! Som sagt, den som kan och vill h\u00e5lla det man lovat \u00e4r p\u00e5litlig och trofast. S\u00e5dan \u00e4r Gud. En Gud som g\u00e5r att lita p\u00e5.<br><br>Bit f\u00f6r bit genom bibeln f\u00e5r vi sedan l\u00e4ra k\u00e4nna Gud. L\u00f6ften infrias, profetord g\u00e5r i uppfyllelse. Tron p\u00e5 Gud f\u00e5r tydligare och tydligare form.<br><br><strong>Stora och underbara l\u00f6ften<\/strong><br>Till slut kommer s\u00e5 Abrahams \u00e4ttling Jesus in i v\u00e4rlden. Och kommer med stora och underbara l\u00f6ften.<br><br>\u201dKom till mig ni som \u00e4r tyngda av b\u00f6rdor, jag ska sk\u00e4nka er vila\u201d<br>\u201dDen som tror p\u00e5 mig ska leva om han \u00e4n d\u00f6r\u201d<br>\u201dJag \u00e4r med er alla dagar till tidens slut\u201d<br><br>Varf\u00f6r ska Jesus lova oss detta? Enda f\u00f6rklaringen \u00e4r att han vill. F\u00f6r att han \u00e4lskar oss och vill hj\u00e4lpa oss. Det s\u00e4ger n\u00e5got om honom. Inte minst som det kostade p\u00e5 s\u00e5 fruktansv\u00e4rt. Det innebar s\u00e5 mycket lidande f\u00f6r Jesus sj\u00e4lv att utf\u00f6ra Guds plan. D\u00e5 m\u00e5ste vi v\u00e4l verkligen kunna vara s\u00e4kra p\u00e5 Guds k\u00e4rlek till oss?<br><br>Och genom uppst\u00e5ndelsen l\u00e4r vi oss att Jesus kan besegra det onda. S\u00e5dan \u00e4r Jesus. En som g\u00e5r att lita p\u00e5.<br><br><a href=\"https:\/\/blogg.svenskakyrkan.se\/tankarinforhelgen\/category\/19e-sondagen-efter-trefaldighet\/\">Fler texter om 19 s\u00f6ndagen efter trefaldighet<\/a><br><a href=\"https:\/\/blogg.svenskakyrkan.se\/tankarinforhelgen\/tag\/tomas-jarvid\/\">Fler texter av Tomas Jarvid<\/a><br><\/p>\n","protected":false},"excerpt":{"rendered":"<p>Och Herren f\u00f6rde honom ut och sade: \u00bbSe upp mot himlen och r\u00e4kna stj\u00e4rnorna, om du kan! S\u00e5 talrika skall dina \u00e4ttlingar bli.\u00ab Abram trodde Herren, och d\u00e4rf\u00f6r r\u00e4knade Herren honom som r\u00e4ttf\u00e4rdig. (1 Mos 15:5-6) Gud ger ett l\u00f6fte. Ett l\u00f6fte som sedan upprepas m\u00e5nga g\u00e5nger under Abrahams l\u00e5nga liv. Om att Gud ska [&hellip;]<\/p>\n","protected":false},"author":751,"featured_media":3899,"comment_status":"open","ping_status":"open","sticky":false,"template":"","format":"standard","meta":{"_acf_changed":false,"footnotes":""},"categories":[142444],"tags":[29565,159865],"class_list":["post-3892","post","type-post","status-publish","format-standard","has-post-thumbnail","hentry","category-19e-sondagen-efter-trefaldighet","tag-tankar-infor-helgen","tag-tomas-jarvid"],"acf":[],"yoast_head":"<!-- This site is optimized with the Yoast SEO plugin v27.1.1 - https:\/\/yoast.com\/product\/yoast-seo-wordpress\/ -->\n<title>Guds l\u00f6ften - Tankar inf\u00f6r helgen<\/title>\n<meta name=\"robots\" content=\"index, follow, max-snippet:-1, max-image-preview:large, max-video-preview:-1\" \/>\n<link rel=\"canonical\" href=\"https:\/\/blogg.svenskakyrkan.se\/tankarinforhelgen\/2025\/10\/23\/guds-loften\/\" \/>\n<meta property=\"og:locale\" content=\"sv_SE\" \/>\n<meta property=\"og:type\" content=\"article\" \/>\n<meta property=\"og:title\" content=\"Guds l\u00f6ften - Tankar inf\u00f6r helgen\" \/>\n<meta property=\"og:description\" content=\"Och Herren f\u00f6rde honom ut och sade: \u00bbSe upp mot himlen och r\u00e4kna stj\u00e4rnorna, om du kan! S\u00e5 talrika skall dina \u00e4ttlingar bli.\u00ab Abram trodde Herren, och d\u00e4rf\u00f6r r\u00e4knade Herren honom som r\u00e4ttf\u00e4rdig. (1 Mos 15:5-6) Gud ger ett l\u00f6fte. Ett l\u00f6fte som sedan upprepas m\u00e5nga g\u00e5nger under Abrahams l\u00e5nga liv. Om att Gud ska [&hellip;]\" \/>\n<meta property=\"og:url\" content=\"https:\/\/blogg.svenskakyrkan.se\/tankarinforhelgen\/2025\/10\/23\/guds-loften\/\" \/>\n<meta property=\"og:site_name\" content=\"Tankar inf\u00f6r helgen\" \/>\n<meta property=\"article:published_time\" content=\"2025-10-23T13:00:57+00:00\" \/>\n<meta property=\"article:modified_time\" content=\"2025-11-13T12:37:49+00:00\" \/>\n<meta property=\"og:image\" content=\"http:\/\/blogg.svenskakyrkan.se\/tankarinforhelgen\/files\/2025\/10\/att.DuWKQXShyfaqAyBlebmFhBj86G6fShLQebOhSx3Vh6M.jpeg\" \/>\n\t<meta property=\"og:image:width\" content=\"1600\" \/>\n\t<meta property=\"og:image:height\" content=\"900\" \/>\n\t<meta property=\"og:image:type\" content=\"image\/jpeg\" \/>\n<meta name=\"author\" content=\"tomasjarvid\" \/>\n<meta name=\"twitter:card\" content=\"summary_large_image\" \/>\n<meta name=\"twitter:label1\" content=\"Skriven av\" \/>\n\t<meta name=\"twitter:data1\" content=\"tomasjarvid\" \/>\n\t<meta name=\"twitter:label2\" content=\"Ber\u00e4knad l\u00e4stid\" \/>\n\t<meta name=\"twitter:data2\" content=\"3 minuter\" \/>\n<script type=\"application\/ld+json\" class=\"yoast-schema-graph\">{\"@context\":\"https:\/\/schema.org\",\"@graph\":[{\"@type\":\"Article\",\"@id\":\"https:\/\/blogg.svenskakyrkan.se\/tankarinforhelgen\/2025\/10\/23\/guds-loften\/#article\",\"isPartOf\":{\"@id\":\"https:\/\/blogg.svenskakyrkan.se\/tankarinforhelgen\/2025\/10\/23\/guds-loften\/\"},\"author\":{\"name\":\"tomasjarvid\",\"@id\":\"https:\/\/blogg.svenskakyrkan.se\/tankarinforhelgen\/#\/schema\/person\/0e3bc7aac7e5c37a1fd34490341d6f43\"},\"headline\":\"Guds l\u00f6ften\",\"datePublished\":\"2025-10-23T13:00:57+00:00\",\"dateModified\":\"2025-11-13T12:37:49+00:00\",\"mainEntityOfPage\":{\"@id\":\"https:\/\/blogg.svenskakyrkan.se\/tankarinforhelgen\/2025\/10\/23\/guds-loften\/\"},\"wordCount\":534,\"commentCount\":1,\"image\":{\"@id\":\"https:\/\/blogg.svenskakyrkan.se\/tankarinforhelgen\/2025\/10\/23\/guds-loften\/#primaryimage\"},\"thumbnailUrl\":\"https:\/\/blogg.svenskakyrkan.se\/tankarinforhelgen\/files\/2025\/10\/att.DuWKQXShyfaqAyBlebmFhBj86G6fShLQebOhSx3Vh6M.jpeg\",\"keywords\":[\"TANKAR INF\u00d6R HELGEN\",\"Tomas Jarvid\"],\"articleSection\":[\"19:e s\u00f6ndagen efter trefaldighet\"],\"inLanguage\":\"sv-SE\",\"potentialAction\":[{\"@type\":\"CommentAction\",\"name\":\"Comment\",\"target\":[\"https:\/\/blogg.svenskakyrkan.se\/tankarinforhelgen\/2025\/10\/23\/guds-loften\/#respond\"]}]},{\"@type\":\"WebPage\",\"@id\":\"https:\/\/blogg.svenskakyrkan.se\/tankarinforhelgen\/2025\/10\/23\/guds-loften\/\",\"url\":\"https:\/\/blogg.svenskakyrkan.se\/tankarinforhelgen\/2025\/10\/23\/guds-loften\/\",\"name\":\"Guds l\u00f6ften - Tankar inf\u00f6r helgen\",\"isPartOf\":{\"@id\":\"https:\/\/blogg.svenskakyrkan.se\/tankarinforhelgen\/#website\"},\"primaryImageOfPage\":{\"@id\":\"https:\/\/blogg.svenskakyrkan.se\/tankarinforhelgen\/2025\/10\/23\/guds-loften\/#primaryimage\"},\"image\":{\"@id\":\"https:\/\/blogg.svenskakyrkan.se\/tankarinforhelgen\/2025\/10\/23\/guds-loften\/#primaryimage\"},\"thumbnailUrl\":\"https:\/\/blogg.svenskakyrkan.se\/tankarinforhelgen\/files\/2025\/10\/att.DuWKQXShyfaqAyBlebmFhBj86G6fShLQebOhSx3Vh6M.jpeg\",\"datePublished\":\"2025-10-23T13:00:57+00:00\",\"dateModified\":\"2025-11-13T12:37:49+00:00\",\"author\":{\"@id\":\"https:\/\/blogg.svenskakyrkan.se\/tankarinforhelgen\/#\/schema\/person\/0e3bc7aac7e5c37a1fd34490341d6f43\"},\"breadcrumb\":{\"@id\":\"https:\/\/blogg.svenskakyrkan.se\/tankarinforhelgen\/2025\/10\/23\/guds-loften\/#breadcrumb\"},\"inLanguage\":\"sv-SE\",\"potentialAction\":[{\"@type\":\"ReadAction\",\"target\":[\"https:\/\/blogg.svenskakyrkan.se\/tankarinforhelgen\/2025\/10\/23\/guds-loften\/\"]}]},{\"@type\":\"ImageObject\",\"inLanguage\":\"sv-SE\",\"@id\":\"https:\/\/blogg.svenskakyrkan.se\/tankarinforhelgen\/2025\/10\/23\/guds-loften\/#primaryimage\",\"url\":\"https:\/\/blogg.svenskakyrkan.se\/tankarinforhelgen\/files\/2025\/10\/att.DuWKQXShyfaqAyBlebmFhBj86G6fShLQebOhSx3Vh6M.jpeg\",\"contentUrl\":\"https:\/\/blogg.svenskakyrkan.se\/tankarinforhelgen\/files\/2025\/10\/att.DuWKQXShyfaqAyBlebmFhBj86G6fShLQebOhSx3Vh6M.jpeg\",\"width\":1600,\"height\":900},{\"@type\":\"BreadcrumbList\",\"@id\":\"https:\/\/blogg.svenskakyrkan.se\/tankarinforhelgen\/2025\/10\/23\/guds-loften\/#breadcrumb\",\"itemListElement\":[{\"@type\":\"ListItem\",\"position\":1,\"name\":\"Hem\",\"item\":\"https:\/\/blogg.svenskakyrkan.se\/tankarinforhelgen\/\"},{\"@type\":\"ListItem\",\"position\":2,\"name\":\"Guds l\u00f6ften\"}]},{\"@type\":\"WebSite\",\"@id\":\"https:\/\/blogg.svenskakyrkan.se\/tankarinforhelgen\/#website\",\"url\":\"https:\/\/blogg.svenskakyrkan.se\/tankarinforhelgen\/\",\"name\":\"Tankar inf\u00f6r helgen\",\"description\":\"Pr\u00e4ster funderar utifr\u00e5n kommande s\u00f6ndags texter\",\"potentialAction\":[{\"@type\":\"SearchAction\",\"target\":{\"@type\":\"EntryPoint\",\"urlTemplate\":\"https:\/\/blogg.svenskakyrkan.se\/tankarinforhelgen\/?s={search_term_string}\"},\"query-input\":{\"@type\":\"PropertyValueSpecification\",\"valueRequired\":true,\"valueName\":\"search_term_string\"}}],\"inLanguage\":\"sv-SE\"},{\"@type\":\"Person\",\"@id\":\"https:\/\/blogg.svenskakyrkan.se\/tankarinforhelgen\/#\/schema\/person\/0e3bc7aac7e5c37a1fd34490341d6f43\",\"name\":\"tomasjarvid\",\"image\":{\"@type\":\"ImageObject\",\"inLanguage\":\"sv-SE\",\"@id\":\"https:\/\/blogg.svenskakyrkan.se\/tankarinforhelgen\/#\/schema\/person\/image\/\",\"url\":\"https:\/\/secure.gravatar.com\/avatar\/038384b5a4cc68485f889d6fc1977f80c6f2d457f7d909ca606ab5e79da6af01?s=96&d=mm&r=g\",\"contentUrl\":\"https:\/\/secure.gravatar.com\/avatar\/038384b5a4cc68485f889d6fc1977f80c6f2d457f7d909ca606ab5e79da6af01?s=96&d=mm&r=g\",\"caption\":\"tomasjarvid\"},\"url\":\"https:\/\/blogg.svenskakyrkan.se\/tankarinforhelgen\/author\/tomasjarvid\/\"}]}<\/script>\n<!-- \/ Yoast SEO plugin. -->","yoast_head_json":{"title":"Guds l\u00f6ften - Tankar inf\u00f6r helgen","robots":{"index":"index","follow":"follow","max-snippet":"max-snippet:-1","max-image-preview":"max-image-preview:large","max-video-preview":"max-video-preview:-1"},"canonical":"https:\/\/blogg.svenskakyrkan.se\/tankarinforhelgen\/2025\/10\/23\/guds-loften\/","og_locale":"sv_SE","og_type":"article","og_title":"Guds l\u00f6ften - Tankar inf\u00f6r helgen","og_description":"Och Herren f\u00f6rde honom ut och sade: \u00bbSe upp mot himlen och r\u00e4kna stj\u00e4rnorna, om du kan! S\u00e5 talrika skall dina \u00e4ttlingar bli.\u00ab Abram trodde Herren, och d\u00e4rf\u00f6r r\u00e4knade Herren honom som r\u00e4ttf\u00e4rdig. (1 Mos 15:5-6) Gud ger ett l\u00f6fte. Ett l\u00f6fte som sedan upprepas m\u00e5nga g\u00e5nger under Abrahams l\u00e5nga liv. Om att Gud ska [&hellip;]","og_url":"https:\/\/blogg.svenskakyrkan.se\/tankarinforhelgen\/2025\/10\/23\/guds-loften\/","og_site_name":"Tankar inf\u00f6r helgen","article_published_time":"2025-10-23T13:00:57+00:00","article_modified_time":"2025-11-13T12:37:49+00:00","og_image":[{"width":1600,"height":900,"url":"http:\/\/blogg.svenskakyrkan.se\/tankarinforhelgen\/files\/2025\/10\/att.DuWKQXShyfaqAyBlebmFhBj86G6fShLQebOhSx3Vh6M.jpeg","type":"image\/jpeg"}],"author":"tomasjarvid","twitter_card":"summary_large_image","twitter_misc":{"Skriven av":"tomasjarvid","Ber\u00e4knad l\u00e4stid":"3 minuter"},"schema":{"@context":"https:\/\/schema.org","@graph":[{"@type":"Article","@id":"https:\/\/blogg.svenskakyrkan.se\/tankarinforhelgen\/2025\/10\/23\/guds-loften\/#article","isPartOf":{"@id":"https:\/\/blogg.svenskakyrkan.se\/tankarinforhelgen\/2025\/10\/23\/guds-loften\/"},"author":{"name":"tomasjarvid","@id":"https:\/\/blogg.svenskakyrkan.se\/tankarinforhelgen\/#\/schema\/person\/0e3bc7aac7e5c37a1fd34490341d6f43"},"headline":"Guds l\u00f6ften","datePublished":"2025-10-23T13:00:57+00:00","dateModified":"2025-11-13T12:37:49+00:00","mainEntityOfPage":{"@id":"https:\/\/blogg.svenskakyrkan.se\/tankarinforhelgen\/2025\/10\/23\/guds-loften\/"},"wordCount":534,"commentCount":1,"image":{"@id":"https:\/\/blogg.svenskakyrkan.se\/tankarinforhelgen\/2025\/10\/23\/guds-loften\/#primaryimage"},"thumbnailUrl":"https:\/\/blogg.svenskakyrkan.se\/tankarinforhelgen\/files\/2025\/10\/att.DuWKQXShyfaqAyBlebmFhBj86G6fShLQebOhSx3Vh6M.jpeg","keywords":["TANKAR INF\u00d6R HELGEN","Tomas Jarvid"],"articleSection":["19:e s\u00f6ndagen efter trefaldighet"],"inLanguage":"sv-SE","potentialAction":[{"@type":"CommentAction","name":"Comment","target":["https:\/\/blogg.svenskakyrkan.se\/tankarinforhelgen\/2025\/10\/23\/guds-loften\/#respond"]}]},{"@type":"WebPage","@id":"https:\/\/blogg.svenskakyrkan.se\/tankarinforhelgen\/2025\/10\/23\/guds-loften\/","url":"https:\/\/blogg.svenskakyrkan.se\/tankarinforhelgen\/2025\/10\/23\/guds-loften\/","name":"Guds l\u00f6ften - Tankar inf\u00f6r helgen","isPartOf":{"@id":"https:\/\/blogg.svenskakyrkan.se\/tankarinforhelgen\/#website"},"primaryImageOfPage":{"@id":"https:\/\/blogg.svenskakyrkan.se\/tankarinforhelgen\/2025\/10\/23\/guds-loften\/#primaryimage"},"image":{"@id":"https:\/\/blogg.svenskakyrkan.se\/tankarinforhelgen\/2025\/10\/23\/guds-loften\/#primaryimage"},"thumbnailUrl":"https:\/\/blogg.svenskakyrkan.se\/tankarinforhelgen\/files\/2025\/10\/att.DuWKQXShyfaqAyBlebmFhBj86G6fShLQebOhSx3Vh6M.jpeg","datePublished":"2025-10-23T13:00:57+00:00","dateModified":"2025-11-13T12:37:49+00:00","author":{"@id":"https:\/\/blogg.svenskakyrkan.se\/tankarinforhelgen\/#\/schema\/person\/0e3bc7aac7e5c37a1fd34490341d6f43"},"breadcrumb":{"@id":"https:\/\/blogg.svenskakyrkan.se\/tankarinforhelgen\/2025\/10\/23\/guds-loften\/#breadcrumb"},"inLanguage":"sv-SE","potentialAction":[{"@type":"ReadAction","target":["https:\/\/blogg.svenskakyrkan.se\/tankarinforhelgen\/2025\/10\/23\/guds-loften\/"]}]},{"@type":"ImageObject","inLanguage":"sv-SE","@id":"https:\/\/blogg.svenskakyrkan.se\/tankarinforhelgen\/2025\/10\/23\/guds-loften\/#primaryimage","url":"https:\/\/blogg.svenskakyrkan.se\/tankarinforhelgen\/files\/2025\/10\/att.DuWKQXShyfaqAyBlebmFhBj86G6fShLQebOhSx3Vh6M.jpeg","contentUrl":"https:\/\/blogg.svenskakyrkan.se\/tankarinforhelgen\/files\/2025\/10\/att.DuWKQXShyfaqAyBlebmFhBj86G6fShLQebOhSx3Vh6M.jpeg","width":1600,"height":900},{"@type":"BreadcrumbList","@id":"https:\/\/blogg.svenskakyrkan.se\/tankarinforhelgen\/2025\/10\/23\/guds-loften\/#breadcrumb","itemListElement":[{"@type":"ListItem","position":1,"name":"Hem","item":"https:\/\/blogg.svenskakyrkan.se\/tankarinforhelgen\/"},{"@type":"ListItem","position":2,"name":"Guds l\u00f6ften"}]},{"@type":"WebSite","@id":"https:\/\/blogg.svenskakyrkan.se\/tankarinforhelgen\/#website","url":"https:\/\/blogg.svenskakyrkan.se\/tankarinforhelgen\/","name":"Tankar inf\u00f6r helgen","description":"Pr\u00e4ster funderar utifr\u00e5n kommande s\u00f6ndags texter","potentialAction":[{"@type":"SearchAction","target":{"@type":"EntryPoint","urlTemplate":"https:\/\/blogg.svenskakyrkan.se\/tankarinforhelgen\/?s={search_term_string}"},"query-input":{"@type":"PropertyValueSpecification","valueRequired":true,"valueName":"search_term_string"}}],"inLanguage":"sv-SE"},{"@type":"Person","@id":"https:\/\/blogg.svenskakyrkan.se\/tankarinforhelgen\/#\/schema\/person\/0e3bc7aac7e5c37a1fd34490341d6f43","name":"tomasjarvid","image":{"@type":"ImageObject","inLanguage":"sv-SE","@id":"https:\/\/blogg.svenskakyrkan.se\/tankarinforhelgen\/#\/schema\/person\/image\/","url":"https:\/\/secure.gravatar.com\/avatar\/038384b5a4cc68485f889d6fc1977f80c6f2d457f7d909ca606ab5e79da6af01?s=96&d=mm&r=g","contentUrl":"https:\/\/secure.gravatar.com\/avatar\/038384b5a4cc68485f889d6fc1977f80c6f2d457f7d909ca606ab5e79da6af01?s=96&d=mm&r=g","caption":"tomasjarvid"},"url":"https:\/\/blogg.svenskakyrkan.se\/tankarinforhelgen\/author\/tomasjarvid\/"}]}},"author_meta":{"ID":"751","user_nicename":"tomasjarvid","user_registered":"2020-03-09 13:41:31","display_name":"tomasjarvid","avatar":"https:\/\/secure.gravatar.com\/avatar\/038384b5a4cc68485f889d6fc1977f80c6f2d457f7d909ca606ab5e79da6af01?s=96&d=mm&r=g"},"featured_image":["https:\/\/blogg.svenskakyrkan.se\/tankarinforhelgen\/files\/2025\/10\/att.DuWKQXShyfaqAyBlebmFhBj86G6fShLQebOhSx3Vh6M-1024x576.jpeg",1024,576,true],"bloginfo":{"name":"Tankar inf\u00f6r helgen","url":"https:\/\/blogg.svenskakyrkan.se\/tankarinforhelgen"},"_links":{"self":[{"href":"https:\/\/blogg.svenskakyrkan.se\/tankarinforhelgen\/wp-json\/wp\/v2\/posts\/3892","targetHints":{"allow":["GET"]}}],"collection":[{"href":"https:\/\/blogg.svenskakyrkan.se\/tankarinforhelgen\/wp-json\/wp\/v2\/posts"}],"about":[{"href":"https:\/\/blogg.svenskakyrkan.se\/tankarinforhelgen\/wp-json\/wp\/v2\/types\/post"}],"author":[{"embeddable":true,"href":"https:\/\/blogg.svenskakyrkan.se\/tankarinforhelgen\/wp-json\/wp\/v2\/users\/751"}],"replies":[{"embeddable":true,"href":"https:\/\/blogg.svenskakyrkan.se\/tankarinforhelgen\/wp-json\/wp\/v2\/comments?post=3892"}],"version-history":[{"count":2,"href":"https:\/\/blogg.svenskakyrkan.se\/tankarinforhelgen\/wp-json\/wp\/v2\/posts\/3892\/revisions"}],"predecessor-version":[{"id":3897,"href":"https:\/\/blogg.svenskakyrkan.se\/tankarinforhelgen\/wp-json\/wp\/v2\/posts\/3892\/revisions\/3897"}],"wp:featuredmedia":[{"embeddable":true,"href":"https:\/\/blogg.svenskakyrkan.se\/tankarinforhelgen\/wp-json\/wp\/v2\/media\/3899"}],"wp:attachment":[{"href":"https:\/\/blogg.svenskakyrkan.se\/tankarinforhelgen\/wp-json\/wp\/v2\/media?parent=3892"}],"wp:term":[{"taxonomy":"category","embeddable":true,"href":"https:\/\/blogg.svenskakyrkan.se\/tankarinforhelgen\/wp-json\/wp\/v2\/categories?post=3892"},{"taxonomy":"post_tag","embeddable":true,"href":"https:\/\/blogg.svenskakyrkan.se\/tankarinforhelgen\/wp-json\/wp\/v2\/tags?post=3892"}],"curies":[{"name":"wp","href":"https:\/\/api.w.org\/{rel}","templated":true}]}}