{"id":393,"date":"2015-06-29T15:30:22","date_gmt":"2015-06-29T13:30:22","guid":{"rendered":"http:\/\/blogg.svenskakyrkan.se\/tankarinforhelgen\/?p=393"},"modified":"2017-01-12T15:37:20","modified_gmt":"2017-01-12T14:37:20","slug":"kom-folj-mig","status":"publish","type":"post","link":"https:\/\/blogg.svenskakyrkan.se\/tankarinforhelgen\/2015\/06\/29\/kom-folj-mig\/","title":{"rendered":"Kom, f\u00f6lj mig!"},"content":{"rendered":"<p><a href=\"http:\/\/blogg.svenskakyrkan.se\/tankarinforhelgen\/files\/2017\/01\/Fiskare-i-Arba-Minch-i-so\u0308dra-Etiopien-IMG_0034_1200.jpg\"><img loading=\"lazy\" decoding=\"async\" class=\"alignnone size-full wp-image-394\" src=\"http:\/\/blogg.svenskakyrkan.se\/tankarinforhelgen\/files\/2017\/01\/Fiskare-i-Arba-Minch-i-so\u0308dra-Etiopien-IMG_0034_1200.jpg\" alt=\"Fiskare-i-Arba-Minch-i-so\u0308dra-Etiopien-IMG_0034_1200\" width=\"1200\" height=\"575\" srcset=\"https:\/\/blogg.svenskakyrkan.se\/tankarinforhelgen\/files\/2017\/01\/Fiskare-i-Arba-Minch-i-so\u0308dra-Etiopien-IMG_0034_1200.jpg 1200w, https:\/\/blogg.svenskakyrkan.se\/tankarinforhelgen\/files\/2017\/01\/Fiskare-i-Arba-Minch-i-so\u0308dra-Etiopien-IMG_0034_1200-300x144.jpg 300w, https:\/\/blogg.svenskakyrkan.se\/tankarinforhelgen\/files\/2017\/01\/Fiskare-i-Arba-Minch-i-so\u0308dra-Etiopien-IMG_0034_1200-1024x491.jpg 1024w, https:\/\/blogg.svenskakyrkan.se\/tankarinforhelgen\/files\/2017\/01\/Fiskare-i-Arba-Minch-i-so\u0308dra-Etiopien-IMG_0034_1200-500x240.jpg 500w\" sizes=\"auto, (max-width: 1200px) 100vw, 1200px\" \/><\/a><\/p>\n<p>Simon hade varit ute hela natten och fiskat. Ibland blev det mycket fisk, ibland mindre. Denna natt fick de ingenting. Som f\u00f6r s\u00e5 m\u00e5nga andra h\u00e5rt arbetande fiskare var livets villkor tuffa.<\/p>\n<p>N\u00e4r Simon och hans kollegor g\u00f6r i ordning fiskeredskapen str\u00f6mmar folk till och en rabbi ber att f\u00e5 l\u00e5na b\u00e5ten. Sittande undervisar mannen och Simon lyssnar f\u00f6rv\u00e5nat. Aldrig har han h\u00f6rt n\u00e5got liknande! Det var ett starkt drag av sanning \u00f6ver allt vad denna man sa. Vem var denne man?<\/p>\n<p>D\u00e5 s\u00e4ger rabbin n\u00e5got underligt till Simon: \u201dRo ut p\u00e5 djupt vatten och l\u00e4gg ut n\u00e4ten d\u00e4r.\u201d<\/p>\n<h4>D\u00e5 h\u00e4nde det underliga<\/h4>\n<p>Ett s\u00e5nt vansinne! Fiska mitt p\u00e5 blanka dagen och dessutom p\u00e5 djupt vatten. \u00c4nd\u00e5 var det n\u00e5got som fick Simon att lyssna och lyda Simon svarade:<\/p>\n<p>\u201dM\u00e4stare, vi har h\u00e5llit p\u00e5 hela natten utan att f\u00e5 n\u00e5got. Men eftersom du s\u00e4ger det skall jag l\u00e4gga ut n\u00e4ten.\u201d<\/p>\n<p>Det var d\u00e5 det h\u00e4nde &#8211; detta underliga &#8211; s\u00e5 mycket fisk fastnade i n\u00e4tet att det var sv\u00e5rt att f\u00e5 upp det i b\u00e5ten. Det kr\u00e4vdes tv\u00e5 b\u00e5tar och m\u00e5nga starka yrkesfiskare f\u00f6r att f\u00e5 fisken i land.<\/p>\n<h4>Vi m\u00f6ter v\u00e5r egen otillr\u00e4cklighet<\/h4>\n<p>Instinktivt kastade sig Simon Petrus ner vid mannen som kallades Jesus och sade: \u201dL\u00e4mna mig, herre, jag \u00e4r en syndare.\u201d<\/p>\n<p>N\u00e4r m\u00e4nniskor m\u00f6ter Gud, m\u00f6ter de ocks\u00e5 sin egen otillr\u00e4cklighet. Bibeln talar om Guds helighet som b\u00e5de m\u00f6ter v\u00e5r djupaste l\u00e4ngtan och samtidigt v\u00e4cker en fruktan.<\/p>\n<h4>&#8221;Fr\u00e5n denna stund ska du f\u00e5nga m\u00e4nniskor&#8221;<\/h4>\n<p>Jesus sa till Simon: \u201dVar inte r\u00e4dd. Fr\u00e5n denna stund skall du f\u00e5nga m\u00e4nniskor.\u201d D\u00e5 rodde de i land, l\u00e4mnade allt och f\u00f6ljde honom.<\/p>\n<p>Simon, fiskaren blev en av Jesus l\u00e4rjungar och apostlar. M\u00e5nga har liksom Petrus f\u00e5tt sina liv f\u00f6rvandlade av Jesus.<\/p>\n<p>\u00c4n idag kallar Jesus m\u00e4n och kvinnor att bli hans l\u00e4rjungar. \u00c4n idag s\u00e4ger Jesus: kom, f\u00f6lj mig!<\/p>\n<p>Torbj\u00f6rn Toll<br \/>\npr\u00e4st och kontaktperson f\u00f6r Svenska kyrkan i Addis Ababa, Etiopien<\/p>\n","protected":false},"excerpt":{"rendered":"<p>Simon hade varit ute hela natten och fiskat. Ibland blev det mycket fisk, ibland mindre. Denna natt fick de ingenting. Som f\u00f6r s\u00e5 m\u00e5nga andra h\u00e5rt arbetande fiskare var livets villkor tuffa. N\u00e4r Simon och hans kollegor g\u00f6r i ordning fiskeredskapen str\u00f6mmar folk till och en rabbi ber att f\u00e5 l\u00e5na b\u00e5ten. Sittande undervisar mannen [&hellip;]<\/p>\n","protected":false},"author":458,"featured_media":0,"comment_status":"open","ping_status":"open","sticky":false,"template":"","format":"standard","meta":{"_acf_changed":false,"footnotes":""},"categories":[9],"tags":[],"class_list":["post-393","post","type-post","status-publish","format-standard","hentry","category-okategoriserade"],"acf":[],"yoast_head":"<!-- This site is optimized with the Yoast SEO plugin v27.1.1 - https:\/\/yoast.com\/product\/yoast-seo-wordpress\/ -->\n<title>Kom, f\u00f6lj mig! - Tankar inf\u00f6r helgen<\/title>\n<meta name=\"robots\" content=\"index, follow, max-snippet:-1, max-image-preview:large, max-video-preview:-1\" \/>\n<link rel=\"canonical\" href=\"https:\/\/blogg.svenskakyrkan.se\/tankarinforhelgen\/2015\/06\/29\/kom-folj-mig\/\" \/>\n<meta property=\"og:locale\" content=\"sv_SE\" \/>\n<meta property=\"og:type\" content=\"article\" \/>\n<meta property=\"og:title\" content=\"Kom, f\u00f6lj mig! - Tankar inf\u00f6r helgen\" \/>\n<meta property=\"og:description\" content=\"Simon hade varit ute hela natten och fiskat. Ibland blev det mycket fisk, ibland mindre. Denna natt fick de ingenting. Som f\u00f6r s\u00e5 m\u00e5nga andra h\u00e5rt arbetande fiskare var livets villkor tuffa. N\u00e4r Simon och hans kollegor g\u00f6r i ordning fiskeredskapen str\u00f6mmar folk till och en rabbi ber att f\u00e5 l\u00e5na b\u00e5ten. Sittande undervisar mannen [&hellip;]\" \/>\n<meta property=\"og:url\" content=\"https:\/\/blogg.svenskakyrkan.se\/tankarinforhelgen\/2015\/06\/29\/kom-folj-mig\/\" \/>\n<meta property=\"og:site_name\" content=\"Tankar inf\u00f6r helgen\" \/>\n<meta property=\"article:published_time\" content=\"2015-06-29T13:30:22+00:00\" \/>\n<meta property=\"article:modified_time\" content=\"2017-01-12T14:37:20+00:00\" \/>\n<meta name=\"author\" content=\"Magdalena Wernefeldt\" \/>\n<meta name=\"twitter:card\" content=\"summary_large_image\" \/>\n<meta name=\"twitter:label1\" content=\"Skriven av\" \/>\n\t<meta name=\"twitter:data1\" content=\"Magdalena Wernefeldt\" \/>\n\t<meta name=\"twitter:label2\" content=\"Ber\u00e4knad l\u00e4stid\" \/>\n\t<meta name=\"twitter:data2\" content=\"2 minuter\" \/>\n<script type=\"application\/ld+json\" class=\"yoast-schema-graph\">{\"@context\":\"https:\/\/schema.org\",\"@graph\":[{\"@type\":\"Article\",\"@id\":\"https:\/\/blogg.svenskakyrkan.se\/tankarinforhelgen\/2015\/06\/29\/kom-folj-mig\/#article\",\"isPartOf\":{\"@id\":\"https:\/\/blogg.svenskakyrkan.se\/tankarinforhelgen\/2015\/06\/29\/kom-folj-mig\/\"},\"author\":{\"name\":\"Magdalena Wernefeldt\",\"@id\":\"https:\/\/blogg.svenskakyrkan.se\/tankarinforhelgen\/#\/schema\/person\/c19e8a124f507336a7f712f3b02d924b\"},\"headline\":\"Kom, f\u00f6lj mig!\",\"datePublished\":\"2015-06-29T13:30:22+00:00\",\"dateModified\":\"2017-01-12T14:37:20+00:00\",\"mainEntityOfPage\":{\"@id\":\"https:\/\/blogg.svenskakyrkan.se\/tankarinforhelgen\/2015\/06\/29\/kom-folj-mig\/\"},\"wordCount\":392,\"commentCount\":0,\"inLanguage\":\"sv-SE\",\"potentialAction\":[{\"@type\":\"CommentAction\",\"name\":\"Comment\",\"target\":[\"https:\/\/blogg.svenskakyrkan.se\/tankarinforhelgen\/2015\/06\/29\/kom-folj-mig\/#respond\"]}]},{\"@type\":\"WebPage\",\"@id\":\"https:\/\/blogg.svenskakyrkan.se\/tankarinforhelgen\/2015\/06\/29\/kom-folj-mig\/\",\"url\":\"https:\/\/blogg.svenskakyrkan.se\/tankarinforhelgen\/2015\/06\/29\/kom-folj-mig\/\",\"name\":\"Kom, f\u00f6lj mig! - Tankar inf\u00f6r helgen\",\"isPartOf\":{\"@id\":\"https:\/\/blogg.svenskakyrkan.se\/tankarinforhelgen\/#website\"},\"datePublished\":\"2015-06-29T13:30:22+00:00\",\"dateModified\":\"2017-01-12T14:37:20+00:00\",\"author\":{\"@id\":\"https:\/\/blogg.svenskakyrkan.se\/tankarinforhelgen\/#\/schema\/person\/c19e8a124f507336a7f712f3b02d924b\"},\"breadcrumb\":{\"@id\":\"https:\/\/blogg.svenskakyrkan.se\/tankarinforhelgen\/2015\/06\/29\/kom-folj-mig\/#breadcrumb\"},\"inLanguage\":\"sv-SE\",\"potentialAction\":[{\"@type\":\"ReadAction\",\"target\":[\"https:\/\/blogg.svenskakyrkan.se\/tankarinforhelgen\/2015\/06\/29\/kom-folj-mig\/\"]}]},{\"@type\":\"BreadcrumbList\",\"@id\":\"https:\/\/blogg.svenskakyrkan.se\/tankarinforhelgen\/2015\/06\/29\/kom-folj-mig\/#breadcrumb\",\"itemListElement\":[{\"@type\":\"ListItem\",\"position\":1,\"name\":\"Hem\",\"item\":\"https:\/\/blogg.svenskakyrkan.se\/tankarinforhelgen\/\"},{\"@type\":\"ListItem\",\"position\":2,\"name\":\"Kom, f\u00f6lj mig!\"}]},{\"@type\":\"WebSite\",\"@id\":\"https:\/\/blogg.svenskakyrkan.se\/tankarinforhelgen\/#website\",\"url\":\"https:\/\/blogg.svenskakyrkan.se\/tankarinforhelgen\/\",\"name\":\"Tankar inf\u00f6r helgen\",\"description\":\"Pr\u00e4ster funderar utifr\u00e5n kommande s\u00f6ndags texter\",\"potentialAction\":[{\"@type\":\"SearchAction\",\"target\":{\"@type\":\"EntryPoint\",\"urlTemplate\":\"https:\/\/blogg.svenskakyrkan.se\/tankarinforhelgen\/?s={search_term_string}\"},\"query-input\":{\"@type\":\"PropertyValueSpecification\",\"valueRequired\":true,\"valueName\":\"search_term_string\"}}],\"inLanguage\":\"sv-SE\"},{\"@type\":\"Person\",\"@id\":\"https:\/\/blogg.svenskakyrkan.se\/tankarinforhelgen\/#\/schema\/person\/c19e8a124f507336a7f712f3b02d924b\",\"name\":\"Magdalena Wernefeldt\",\"image\":{\"@type\":\"ImageObject\",\"inLanguage\":\"sv-SE\",\"@id\":\"https:\/\/blogg.svenskakyrkan.se\/tankarinforhelgen\/#\/schema\/person\/image\/\",\"url\":\"https:\/\/secure.gravatar.com\/avatar\/23dab26aed51bdfcff5c1559ea1a5d339f00dac73f3d56d1d8b724c1d9074328?s=96&d=mm&r=g\",\"contentUrl\":\"https:\/\/secure.gravatar.com\/avatar\/23dab26aed51bdfcff5c1559ea1a5d339f00dac73f3d56d1d8b724c1d9074328?s=96&d=mm&r=g\",\"caption\":\"Magdalena Wernefeldt\"},\"url\":\"https:\/\/blogg.svenskakyrkan.se\/tankarinforhelgen\/author\/svkmwt\/\"}]}<\/script>\n<!-- \/ Yoast SEO plugin. -->","yoast_head_json":{"title":"Kom, f\u00f6lj mig! - Tankar inf\u00f6r helgen","robots":{"index":"index","follow":"follow","max-snippet":"max-snippet:-1","max-image-preview":"max-image-preview:large","max-video-preview":"max-video-preview:-1"},"canonical":"https:\/\/blogg.svenskakyrkan.se\/tankarinforhelgen\/2015\/06\/29\/kom-folj-mig\/","og_locale":"sv_SE","og_type":"article","og_title":"Kom, f\u00f6lj mig! - Tankar inf\u00f6r helgen","og_description":"Simon hade varit ute hela natten och fiskat. Ibland blev det mycket fisk, ibland mindre. Denna natt fick de ingenting. Som f\u00f6r s\u00e5 m\u00e5nga andra h\u00e5rt arbetande fiskare var livets villkor tuffa. N\u00e4r Simon och hans kollegor g\u00f6r i ordning fiskeredskapen str\u00f6mmar folk till och en rabbi ber att f\u00e5 l\u00e5na b\u00e5ten. Sittande undervisar mannen [&hellip;]","og_url":"https:\/\/blogg.svenskakyrkan.se\/tankarinforhelgen\/2015\/06\/29\/kom-folj-mig\/","og_site_name":"Tankar inf\u00f6r helgen","article_published_time":"2015-06-29T13:30:22+00:00","article_modified_time":"2017-01-12T14:37:20+00:00","author":"Magdalena Wernefeldt","twitter_card":"summary_large_image","twitter_misc":{"Skriven av":"Magdalena Wernefeldt","Ber\u00e4knad l\u00e4stid":"2 minuter"},"schema":{"@context":"https:\/\/schema.org","@graph":[{"@type":"Article","@id":"https:\/\/blogg.svenskakyrkan.se\/tankarinforhelgen\/2015\/06\/29\/kom-folj-mig\/#article","isPartOf":{"@id":"https:\/\/blogg.svenskakyrkan.se\/tankarinforhelgen\/2015\/06\/29\/kom-folj-mig\/"},"author":{"name":"Magdalena Wernefeldt","@id":"https:\/\/blogg.svenskakyrkan.se\/tankarinforhelgen\/#\/schema\/person\/c19e8a124f507336a7f712f3b02d924b"},"headline":"Kom, f\u00f6lj mig!","datePublished":"2015-06-29T13:30:22+00:00","dateModified":"2017-01-12T14:37:20+00:00","mainEntityOfPage":{"@id":"https:\/\/blogg.svenskakyrkan.se\/tankarinforhelgen\/2015\/06\/29\/kom-folj-mig\/"},"wordCount":392,"commentCount":0,"inLanguage":"sv-SE","potentialAction":[{"@type":"CommentAction","name":"Comment","target":["https:\/\/blogg.svenskakyrkan.se\/tankarinforhelgen\/2015\/06\/29\/kom-folj-mig\/#respond"]}]},{"@type":"WebPage","@id":"https:\/\/blogg.svenskakyrkan.se\/tankarinforhelgen\/2015\/06\/29\/kom-folj-mig\/","url":"https:\/\/blogg.svenskakyrkan.se\/tankarinforhelgen\/2015\/06\/29\/kom-folj-mig\/","name":"Kom, f\u00f6lj mig! - Tankar inf\u00f6r helgen","isPartOf":{"@id":"https:\/\/blogg.svenskakyrkan.se\/tankarinforhelgen\/#website"},"datePublished":"2015-06-29T13:30:22+00:00","dateModified":"2017-01-12T14:37:20+00:00","author":{"@id":"https:\/\/blogg.svenskakyrkan.se\/tankarinforhelgen\/#\/schema\/person\/c19e8a124f507336a7f712f3b02d924b"},"breadcrumb":{"@id":"https:\/\/blogg.svenskakyrkan.se\/tankarinforhelgen\/2015\/06\/29\/kom-folj-mig\/#breadcrumb"},"inLanguage":"sv-SE","potentialAction":[{"@type":"ReadAction","target":["https:\/\/blogg.svenskakyrkan.se\/tankarinforhelgen\/2015\/06\/29\/kom-folj-mig\/"]}]},{"@type":"BreadcrumbList","@id":"https:\/\/blogg.svenskakyrkan.se\/tankarinforhelgen\/2015\/06\/29\/kom-folj-mig\/#breadcrumb","itemListElement":[{"@type":"ListItem","position":1,"name":"Hem","item":"https:\/\/blogg.svenskakyrkan.se\/tankarinforhelgen\/"},{"@type":"ListItem","position":2,"name":"Kom, f\u00f6lj mig!"}]},{"@type":"WebSite","@id":"https:\/\/blogg.svenskakyrkan.se\/tankarinforhelgen\/#website","url":"https:\/\/blogg.svenskakyrkan.se\/tankarinforhelgen\/","name":"Tankar inf\u00f6r helgen","description":"Pr\u00e4ster funderar utifr\u00e5n kommande s\u00f6ndags texter","potentialAction":[{"@type":"SearchAction","target":{"@type":"EntryPoint","urlTemplate":"https:\/\/blogg.svenskakyrkan.se\/tankarinforhelgen\/?s={search_term_string}"},"query-input":{"@type":"PropertyValueSpecification","valueRequired":true,"valueName":"search_term_string"}}],"inLanguage":"sv-SE"},{"@type":"Person","@id":"https:\/\/blogg.svenskakyrkan.se\/tankarinforhelgen\/#\/schema\/person\/c19e8a124f507336a7f712f3b02d924b","name":"Magdalena Wernefeldt","image":{"@type":"ImageObject","inLanguage":"sv-SE","@id":"https:\/\/blogg.svenskakyrkan.se\/tankarinforhelgen\/#\/schema\/person\/image\/","url":"https:\/\/secure.gravatar.com\/avatar\/23dab26aed51bdfcff5c1559ea1a5d339f00dac73f3d56d1d8b724c1d9074328?s=96&d=mm&r=g","contentUrl":"https:\/\/secure.gravatar.com\/avatar\/23dab26aed51bdfcff5c1559ea1a5d339f00dac73f3d56d1d8b724c1d9074328?s=96&d=mm&r=g","caption":"Magdalena Wernefeldt"},"url":"https:\/\/blogg.svenskakyrkan.se\/tankarinforhelgen\/author\/svkmwt\/"}]}},"author_meta":{"ID":"458","user_nicename":"svkmwt","user_registered":"2014-10-14 11:18:34","display_name":"Magdalena Wernefeldt","first_name":"Magdalena","last_name":"Wernefeldt","avatar":"https:\/\/secure.gravatar.com\/avatar\/23dab26aed51bdfcff5c1559ea1a5d339f00dac73f3d56d1d8b724c1d9074328?s=96&d=mm&r=g"},"featured_image":false,"bloginfo":{"name":"Tankar inf\u00f6r helgen","url":"https:\/\/blogg.svenskakyrkan.se\/tankarinforhelgen"},"_links":{"self":[{"href":"https:\/\/blogg.svenskakyrkan.se\/tankarinforhelgen\/wp-json\/wp\/v2\/posts\/393","targetHints":{"allow":["GET"]}}],"collection":[{"href":"https:\/\/blogg.svenskakyrkan.se\/tankarinforhelgen\/wp-json\/wp\/v2\/posts"}],"about":[{"href":"https:\/\/blogg.svenskakyrkan.se\/tankarinforhelgen\/wp-json\/wp\/v2\/types\/post"}],"author":[{"embeddable":true,"href":"https:\/\/blogg.svenskakyrkan.se\/tankarinforhelgen\/wp-json\/wp\/v2\/users\/458"}],"replies":[{"embeddable":true,"href":"https:\/\/blogg.svenskakyrkan.se\/tankarinforhelgen\/wp-json\/wp\/v2\/comments?post=393"}],"version-history":[{"count":1,"href":"https:\/\/blogg.svenskakyrkan.se\/tankarinforhelgen\/wp-json\/wp\/v2\/posts\/393\/revisions"}],"predecessor-version":[{"id":395,"href":"https:\/\/blogg.svenskakyrkan.se\/tankarinforhelgen\/wp-json\/wp\/v2\/posts\/393\/revisions\/395"}],"wp:attachment":[{"href":"https:\/\/blogg.svenskakyrkan.se\/tankarinforhelgen\/wp-json\/wp\/v2\/media?parent=393"}],"wp:term":[{"taxonomy":"category","embeddable":true,"href":"https:\/\/blogg.svenskakyrkan.se\/tankarinforhelgen\/wp-json\/wp\/v2\/categories?post=393"},{"taxonomy":"post_tag","embeddable":true,"href":"https:\/\/blogg.svenskakyrkan.se\/tankarinforhelgen\/wp-json\/wp\/v2\/tags?post=393"}],"curies":[{"name":"wp","href":"https:\/\/api.w.org\/{rel}","templated":true}]}}