{"id":4055,"date":"2026-04-30T08:58:39","date_gmt":"2026-04-30T06:58:39","guid":{"rendered":"https:\/\/blogg.svenskakyrkan.se\/tankarinforhelgen\/?p=4055"},"modified":"2026-04-30T08:58:41","modified_gmt":"2026-04-30T06:58:41","slug":"kropp-eller-sjal","status":"publish","type":"post","link":"https:\/\/blogg.svenskakyrkan.se\/tankarinforhelgen\/2026\/04\/30\/kropp-eller-sjal\/","title":{"rendered":"Kropp eller sj\u00e4l?"},"content":{"rendered":"\n<p class=\"is-style-intro\">Jag v\u00e4xte upp i ett fromt kristet hem. Det var tryggt och jag levde med barnatrons sj\u00e4lvklarhet. Med den fysiska v\u00e4rlden fanns ett parallellt andligt universum. Jag kunde inte f\u00f6rst\u00e5 det, men jag trodde att det fanns d\u00e4r. <\/p>\n\n\n<figure class=\"wp-block-post-featured-image\"><img loading=\"lazy\" decoding=\"async\" width=\"929\" height=\"523\" src=\"https:\/\/blogg.svenskakyrkan.se\/tankarinforhelgen\/files\/2026\/04\/att.wMJ8DNRWvySdxPydVylKBuaekGulceP1540P3AId_s4.jpeg\" class=\"attachment-post-thumbnail size-post-thumbnail wp-post-image\" alt=\"\" style=\"object-fit:cover;\" srcset=\"https:\/\/blogg.svenskakyrkan.se\/tankarinforhelgen\/files\/2026\/04\/att.wMJ8DNRWvySdxPydVylKBuaekGulceP1540P3AId_s4.jpeg 929w, https:\/\/blogg.svenskakyrkan.se\/tankarinforhelgen\/files\/2026\/04\/att.wMJ8DNRWvySdxPydVylKBuaekGulceP1540P3AId_s4-300x169.jpeg 300w, https:\/\/blogg.svenskakyrkan.se\/tankarinforhelgen\/files\/2026\/04\/att.wMJ8DNRWvySdxPydVylKBuaekGulceP1540P3AId_s4-768x432.jpeg 768w\" sizes=\"auto, (max-width: 929px) 100vw, 929px\" \/><\/figure>\n\n\n<p>N\u00e4r vi h\u00f6rde om Platons id\u00e9v\u00e4rld i skolan t\u00e4nkte jag att det var helt logiskt. Den andliga v\u00e4rlden \u00e4r den enda sanna. Idag ser jag problemen med verklighetsflykt och f\u00f6rakt f\u00f6r skapelsen. Det \u00e4r inte ett lagbundet samband att man m\u00e5ste fly och hata skapelsen, men det finns en risk att den h\u00e4r v\u00e4rlden inte \u00e4r viktig att f\u00f6rsvara. Idag t\u00e4nker jag att det materiella och det andliga handlar om perspektiv.<\/p>\n\n\n\n<p>En risk \u00e4r att vi m\u00e4nniskor blir helt inomv\u00e4rldsliga. Vi ser det som \u00e4r m\u00e4tbart och det vi kan f\u00f6rklara med vetenskap som det enda sanna. Verkligt \u00e4r bara det som har materiellt inneh\u00e5ll och kan f\u00f6rklaras med naturvetenskapen. Det blir en reducerad verklighet.<\/p>\n\n\n\n<p>Att helt och fullt h\u00e4nge sig till det andliga, som jag gjorde som barn, inneh\u00e5ller ocks\u00e5 risktagande. N\u00e4r allt som betyder n\u00e5got endas \u00e4r annorlunda \u00e4n det vi k\u00e4nner, blir det l\u00e4tt slagsida f\u00f6r engagemang f\u00f6r skapelsen och samh\u00e4llsordningar. Vi kristna riskerar att bli inkr\u00f6kta i v\u00e5rt eget och fastna i sj\u00e4lvr\u00e4ttf\u00e4rdigande upplevelsedimensioner. Det kan bli en ansvarsl\u00f6shet.<\/p>\n\n\n\n<p>De kristna visdomstraditionerna tar b\u00e5de kroppens fysiska verklighet och de andliga dimensionerna p\u00e5 allvar. N\u00e4r Jesus ber f\u00f6r l\u00e4rjungarna som lever i v\u00e4rlden och Paulus skriver om k\u00f6ttets och andens natur kan man l\u00e4tt f\u00e5 intrycket att de \u00e4r v\u00e4rldsfr\u00e5nv\u00e4nda. Ska vi f\u00f6rst\u00e5 dem idag \u00e4r det viktigt att se att de har en positiv syn p\u00e5 Guds skapelse och v\u00e4rlden. Deras varningar g\u00e4ller s\u00e5dant som leder bort fr\u00e5n Gud och bort fr\u00e5n ett liv i frihet.<\/p>\n\n\n\n<p>Friheten bygger p\u00e5 gemenskapen med Gud och Jesu uppst\u00e5ndelse. V\u00e5r kropp \u00e4r fysisk och v\u00e5rt v\u00e4sen har fler dimensioner. Psyket och sj\u00e4lslivet handlar om tankar, k\u00e4nslor och v\u00e5ra val. Min upplevelse \u00e4r att n\u00e4r jag l\u00e4gger samman dessa dimensioner \u00e4r min person n\u00e5got som b\u00e5de har djupare aspekter och som ocks\u00e5 har f\u00f6rm\u00e5ga breda ut sig utanf\u00f6r mig sj\u00e4lv. Det \u00e4r den andliga dimensionen.<\/p>\n\n\n\n<p>I den andliga dimensionen finns b\u00e5de k\u00e4rleken och logiken. K\u00e4rleken \u00e4r varken en kroppslig eller sj\u00e4lslig storhet, den \u00e4r p\u00e5 alla s\u00e4tt andlig. K\u00e4rleken \u00e4r helt n\u00f6dv\u00e4ndig f\u00f6r att jag som m\u00e4nniska ska leva ett fullgott liv. Gud \u00e4r k\u00e4llan till k\u00e4rleken och den fl\u00f6dar tydligt fr\u00e5n Jesu f\u00f6rb\u00f6n, d\u00f6d och uppst\u00e5ndelse. Logiken \u00e4r ocks\u00e5 en andlig dimension med vilken vi beskriver universums lagar och materiens beskaffenheter. Logiken tar inte fysisk eller sj\u00e4lslig form. Vi anv\u00e4nder den f\u00f6r att bevisa giltigheten i ett resonemang, men den g\u00e5r inte att bevisa.<\/p>\n\n\n\n<p>Jesus ber f\u00f6r oss att vi inte ska fastna i v\u00e4rlden, utan bevara v\u00e5r hemvist hos Gud. Det handlar om en balans mellan kropp och ande. I den balansen blir det naturligt att vi k\u00e4mpar f\u00f6r m\u00e4nniskors v\u00e4rde och liv.<\/p>\n\n\n\n<p><a href=\"https:\/\/blogg.svenskakyrkan.se\/tankarinforhelgen\/tag\/ulf-soderlind\/\">L\u00e4s fler texter av Ulf S\u00f6derlind<\/a><br><a href=\"https:\/\/blogg.svenskakyrkan.se\/tankarinforhelgen\/category\/femte-sondagen-i-pasktiden\/\">L\u00e4s fler texter om 5 s\u00f6ndagen i p\u00e5sktiden<\/a><\/p>\n\n\n\n<p><\/p>\n","protected":false},"excerpt":{"rendered":"<p>Jag v\u00e4xte upp i ett fromt kristet hem. Det var tryggt och jag levde med barnatrons sj\u00e4lvklarhet. Med den fysiska v\u00e4rlden fanns ett parallellt andligt universum. Jag kunde inte f\u00f6rst\u00e5 det, men jag trodde att det fanns d\u00e4r. N\u00e4r vi h\u00f6rde om Platons id\u00e9v\u00e4rld i skolan t\u00e4nkte jag att det var helt logiskt. Den andliga [&hellip;]<\/p>\n","protected":false},"author":765,"featured_media":4057,"comment_status":"open","ping_status":"open","sticky":false,"template":"","format":"standard","meta":{"_acf_changed":false,"footnotes":""},"categories":[136516],"tags":[142457,159861],"class_list":["post-4055","post","type-post","status-publish","format-standard","has-post-thumbnail","hentry","category-femte-sondagen-i-pasktiden","tag-tankarinforhelgen","tag-ulf-soderlind"],"acf":[],"yoast_head":"<!-- This site is optimized with the Yoast SEO plugin v27.1.1 - https:\/\/yoast.com\/product\/yoast-seo-wordpress\/ -->\n<title>Kropp eller sj\u00e4l? - Tankar inf\u00f6r helgen<\/title>\n<meta name=\"robots\" content=\"index, follow, max-snippet:-1, max-image-preview:large, max-video-preview:-1\" \/>\n<link rel=\"canonical\" href=\"https:\/\/blogg.svenskakyrkan.se\/tankarinforhelgen\/2026\/04\/30\/kropp-eller-sjal\/\" \/>\n<meta property=\"og:locale\" content=\"sv_SE\" \/>\n<meta property=\"og:type\" content=\"article\" \/>\n<meta property=\"og:title\" content=\"Kropp eller sj\u00e4l? - Tankar inf\u00f6r helgen\" \/>\n<meta property=\"og:description\" content=\"Jag v\u00e4xte upp i ett fromt kristet hem. Det var tryggt och jag levde med barnatrons sj\u00e4lvklarhet. Med den fysiska v\u00e4rlden fanns ett parallellt andligt universum. Jag kunde inte f\u00f6rst\u00e5 det, men jag trodde att det fanns d\u00e4r. N\u00e4r vi h\u00f6rde om Platons id\u00e9v\u00e4rld i skolan t\u00e4nkte jag att det var helt logiskt. Den andliga [&hellip;]\" \/>\n<meta property=\"og:url\" content=\"https:\/\/blogg.svenskakyrkan.se\/tankarinforhelgen\/2026\/04\/30\/kropp-eller-sjal\/\" \/>\n<meta property=\"og:site_name\" content=\"Tankar inf\u00f6r helgen\" \/>\n<meta property=\"article:published_time\" content=\"2026-04-30T06:58:39+00:00\" \/>\n<meta property=\"article:modified_time\" content=\"2026-04-30T06:58:41+00:00\" \/>\n<meta property=\"og:image\" content=\"http:\/\/blogg.svenskakyrkan.se\/tankarinforhelgen\/files\/2026\/04\/att.wMJ8DNRWvySdxPydVylKBuaekGulceP1540P3AId_s4.jpeg\" \/>\n\t<meta property=\"og:image:width\" content=\"929\" \/>\n\t<meta property=\"og:image:height\" content=\"523\" \/>\n\t<meta property=\"og:image:type\" content=\"image\/jpeg\" \/>\n<meta name=\"author\" content=\"redaktor\" \/>\n<meta name=\"twitter:card\" content=\"summary_large_image\" \/>\n<meta name=\"twitter:label1\" content=\"Skriven av\" \/>\n\t<meta name=\"twitter:data1\" content=\"redaktor\" \/>\n\t<meta name=\"twitter:label2\" content=\"Ber\u00e4knad l\u00e4stid\" \/>\n\t<meta name=\"twitter:data2\" content=\"3 minuter\" \/>\n<script type=\"application\/ld+json\" class=\"yoast-schema-graph\">{\"@context\":\"https:\/\/schema.org\",\"@graph\":[{\"@type\":\"Article\",\"@id\":\"https:\/\/blogg.svenskakyrkan.se\/tankarinforhelgen\/2026\/04\/30\/kropp-eller-sjal\/#article\",\"isPartOf\":{\"@id\":\"https:\/\/blogg.svenskakyrkan.se\/tankarinforhelgen\/2026\/04\/30\/kropp-eller-sjal\/\"},\"author\":{\"name\":\"redaktor\",\"@id\":\"https:\/\/blogg.svenskakyrkan.se\/tankarinforhelgen\/#\/schema\/person\/2b0b4359baeb21986c6c30a8de0f36ed\"},\"headline\":\"Kropp eller sj\u00e4l?\",\"datePublished\":\"2026-04-30T06:58:39+00:00\",\"dateModified\":\"2026-04-30T06:58:41+00:00\",\"mainEntityOfPage\":{\"@id\":\"https:\/\/blogg.svenskakyrkan.se\/tankarinforhelgen\/2026\/04\/30\/kropp-eller-sjal\/\"},\"wordCount\":603,\"commentCount\":0,\"image\":{\"@id\":\"https:\/\/blogg.svenskakyrkan.se\/tankarinforhelgen\/2026\/04\/30\/kropp-eller-sjal\/#primaryimage\"},\"thumbnailUrl\":\"https:\/\/blogg.svenskakyrkan.se\/tankarinforhelgen\/files\/2026\/04\/att.wMJ8DNRWvySdxPydVylKBuaekGulceP1540P3AId_s4.jpeg\",\"keywords\":[\"TANKARINFORHELGEN\",\"Ulf S\u00f6derlind\"],\"articleSection\":[\"Femte s\u00f6ndagen i p\u00e5sktiden\"],\"inLanguage\":\"sv-SE\",\"potentialAction\":[{\"@type\":\"CommentAction\",\"name\":\"Comment\",\"target\":[\"https:\/\/blogg.svenskakyrkan.se\/tankarinforhelgen\/2026\/04\/30\/kropp-eller-sjal\/#respond\"]}]},{\"@type\":\"WebPage\",\"@id\":\"https:\/\/blogg.svenskakyrkan.se\/tankarinforhelgen\/2026\/04\/30\/kropp-eller-sjal\/\",\"url\":\"https:\/\/blogg.svenskakyrkan.se\/tankarinforhelgen\/2026\/04\/30\/kropp-eller-sjal\/\",\"name\":\"Kropp eller sj\u00e4l? - Tankar inf\u00f6r helgen\",\"isPartOf\":{\"@id\":\"https:\/\/blogg.svenskakyrkan.se\/tankarinforhelgen\/#website\"},\"primaryImageOfPage\":{\"@id\":\"https:\/\/blogg.svenskakyrkan.se\/tankarinforhelgen\/2026\/04\/30\/kropp-eller-sjal\/#primaryimage\"},\"image\":{\"@id\":\"https:\/\/blogg.svenskakyrkan.se\/tankarinforhelgen\/2026\/04\/30\/kropp-eller-sjal\/#primaryimage\"},\"thumbnailUrl\":\"https:\/\/blogg.svenskakyrkan.se\/tankarinforhelgen\/files\/2026\/04\/att.wMJ8DNRWvySdxPydVylKBuaekGulceP1540P3AId_s4.jpeg\",\"datePublished\":\"2026-04-30T06:58:39+00:00\",\"dateModified\":\"2026-04-30T06:58:41+00:00\",\"author\":{\"@id\":\"https:\/\/blogg.svenskakyrkan.se\/tankarinforhelgen\/#\/schema\/person\/2b0b4359baeb21986c6c30a8de0f36ed\"},\"breadcrumb\":{\"@id\":\"https:\/\/blogg.svenskakyrkan.se\/tankarinforhelgen\/2026\/04\/30\/kropp-eller-sjal\/#breadcrumb\"},\"inLanguage\":\"sv-SE\",\"potentialAction\":[{\"@type\":\"ReadAction\",\"target\":[\"https:\/\/blogg.svenskakyrkan.se\/tankarinforhelgen\/2026\/04\/30\/kropp-eller-sjal\/\"]}]},{\"@type\":\"ImageObject\",\"inLanguage\":\"sv-SE\",\"@id\":\"https:\/\/blogg.svenskakyrkan.se\/tankarinforhelgen\/2026\/04\/30\/kropp-eller-sjal\/#primaryimage\",\"url\":\"https:\/\/blogg.svenskakyrkan.se\/tankarinforhelgen\/files\/2026\/04\/att.wMJ8DNRWvySdxPydVylKBuaekGulceP1540P3AId_s4.jpeg\",\"contentUrl\":\"https:\/\/blogg.svenskakyrkan.se\/tankarinforhelgen\/files\/2026\/04\/att.wMJ8DNRWvySdxPydVylKBuaekGulceP1540P3AId_s4.jpeg\",\"width\":929,\"height\":523},{\"@type\":\"BreadcrumbList\",\"@id\":\"https:\/\/blogg.svenskakyrkan.se\/tankarinforhelgen\/2026\/04\/30\/kropp-eller-sjal\/#breadcrumb\",\"itemListElement\":[{\"@type\":\"ListItem\",\"position\":1,\"name\":\"Hem\",\"item\":\"https:\/\/blogg.svenskakyrkan.se\/tankarinforhelgen\/\"},{\"@type\":\"ListItem\",\"position\":2,\"name\":\"Kropp eller sj\u00e4l?\"}]},{\"@type\":\"WebSite\",\"@id\":\"https:\/\/blogg.svenskakyrkan.se\/tankarinforhelgen\/#website\",\"url\":\"https:\/\/blogg.svenskakyrkan.se\/tankarinforhelgen\/\",\"name\":\"Tankar inf\u00f6r helgen\",\"description\":\"Pr\u00e4ster funderar utifr\u00e5n kommande s\u00f6ndags texter\",\"potentialAction\":[{\"@type\":\"SearchAction\",\"target\":{\"@type\":\"EntryPoint\",\"urlTemplate\":\"https:\/\/blogg.svenskakyrkan.se\/tankarinforhelgen\/?s={search_term_string}\"},\"query-input\":{\"@type\":\"PropertyValueSpecification\",\"valueRequired\":true,\"valueName\":\"search_term_string\"}}],\"inLanguage\":\"sv-SE\"},{\"@type\":\"Person\",\"@id\":\"https:\/\/blogg.svenskakyrkan.se\/tankarinforhelgen\/#\/schema\/person\/2b0b4359baeb21986c6c30a8de0f36ed\",\"name\":\"redaktor\",\"image\":{\"@type\":\"ImageObject\",\"inLanguage\":\"sv-SE\",\"@id\":\"https:\/\/blogg.svenskakyrkan.se\/tankarinforhelgen\/#\/schema\/person\/image\/\",\"url\":\"https:\/\/secure.gravatar.com\/avatar\/542188ba094c175dc8879c92f455c7333b4d6ce28b2372bf2cc20267fd5862f8?s=96&d=mm&r=g\",\"contentUrl\":\"https:\/\/secure.gravatar.com\/avatar\/542188ba094c175dc8879c92f455c7333b4d6ce28b2372bf2cc20267fd5862f8?s=96&d=mm&r=g\",\"caption\":\"redaktor\"},\"url\":\"https:\/\/blogg.svenskakyrkan.se\/tankarinforhelgen\/author\/redaktor\/\"}]}<\/script>\n<!-- \/ Yoast SEO plugin. -->","yoast_head_json":{"title":"Kropp eller sj\u00e4l? - Tankar inf\u00f6r helgen","robots":{"index":"index","follow":"follow","max-snippet":"max-snippet:-1","max-image-preview":"max-image-preview:large","max-video-preview":"max-video-preview:-1"},"canonical":"https:\/\/blogg.svenskakyrkan.se\/tankarinforhelgen\/2026\/04\/30\/kropp-eller-sjal\/","og_locale":"sv_SE","og_type":"article","og_title":"Kropp eller sj\u00e4l? - Tankar inf\u00f6r helgen","og_description":"Jag v\u00e4xte upp i ett fromt kristet hem. Det var tryggt och jag levde med barnatrons sj\u00e4lvklarhet. Med den fysiska v\u00e4rlden fanns ett parallellt andligt universum. Jag kunde inte f\u00f6rst\u00e5 det, men jag trodde att det fanns d\u00e4r. N\u00e4r vi h\u00f6rde om Platons id\u00e9v\u00e4rld i skolan t\u00e4nkte jag att det var helt logiskt. Den andliga [&hellip;]","og_url":"https:\/\/blogg.svenskakyrkan.se\/tankarinforhelgen\/2026\/04\/30\/kropp-eller-sjal\/","og_site_name":"Tankar inf\u00f6r helgen","article_published_time":"2026-04-30T06:58:39+00:00","article_modified_time":"2026-04-30T06:58:41+00:00","og_image":[{"width":929,"height":523,"url":"http:\/\/blogg.svenskakyrkan.se\/tankarinforhelgen\/files\/2026\/04\/att.wMJ8DNRWvySdxPydVylKBuaekGulceP1540P3AId_s4.jpeg","type":"image\/jpeg"}],"author":"redaktor","twitter_card":"summary_large_image","twitter_misc":{"Skriven av":"redaktor","Ber\u00e4knad l\u00e4stid":"3 minuter"},"schema":{"@context":"https:\/\/schema.org","@graph":[{"@type":"Article","@id":"https:\/\/blogg.svenskakyrkan.se\/tankarinforhelgen\/2026\/04\/30\/kropp-eller-sjal\/#article","isPartOf":{"@id":"https:\/\/blogg.svenskakyrkan.se\/tankarinforhelgen\/2026\/04\/30\/kropp-eller-sjal\/"},"author":{"name":"redaktor","@id":"https:\/\/blogg.svenskakyrkan.se\/tankarinforhelgen\/#\/schema\/person\/2b0b4359baeb21986c6c30a8de0f36ed"},"headline":"Kropp eller sj\u00e4l?","datePublished":"2026-04-30T06:58:39+00:00","dateModified":"2026-04-30T06:58:41+00:00","mainEntityOfPage":{"@id":"https:\/\/blogg.svenskakyrkan.se\/tankarinforhelgen\/2026\/04\/30\/kropp-eller-sjal\/"},"wordCount":603,"commentCount":0,"image":{"@id":"https:\/\/blogg.svenskakyrkan.se\/tankarinforhelgen\/2026\/04\/30\/kropp-eller-sjal\/#primaryimage"},"thumbnailUrl":"https:\/\/blogg.svenskakyrkan.se\/tankarinforhelgen\/files\/2026\/04\/att.wMJ8DNRWvySdxPydVylKBuaekGulceP1540P3AId_s4.jpeg","keywords":["TANKARINFORHELGEN","Ulf S\u00f6derlind"],"articleSection":["Femte s\u00f6ndagen i p\u00e5sktiden"],"inLanguage":"sv-SE","potentialAction":[{"@type":"CommentAction","name":"Comment","target":["https:\/\/blogg.svenskakyrkan.se\/tankarinforhelgen\/2026\/04\/30\/kropp-eller-sjal\/#respond"]}]},{"@type":"WebPage","@id":"https:\/\/blogg.svenskakyrkan.se\/tankarinforhelgen\/2026\/04\/30\/kropp-eller-sjal\/","url":"https:\/\/blogg.svenskakyrkan.se\/tankarinforhelgen\/2026\/04\/30\/kropp-eller-sjal\/","name":"Kropp eller sj\u00e4l? - Tankar inf\u00f6r helgen","isPartOf":{"@id":"https:\/\/blogg.svenskakyrkan.se\/tankarinforhelgen\/#website"},"primaryImageOfPage":{"@id":"https:\/\/blogg.svenskakyrkan.se\/tankarinforhelgen\/2026\/04\/30\/kropp-eller-sjal\/#primaryimage"},"image":{"@id":"https:\/\/blogg.svenskakyrkan.se\/tankarinforhelgen\/2026\/04\/30\/kropp-eller-sjal\/#primaryimage"},"thumbnailUrl":"https:\/\/blogg.svenskakyrkan.se\/tankarinforhelgen\/files\/2026\/04\/att.wMJ8DNRWvySdxPydVylKBuaekGulceP1540P3AId_s4.jpeg","datePublished":"2026-04-30T06:58:39+00:00","dateModified":"2026-04-30T06:58:41+00:00","author":{"@id":"https:\/\/blogg.svenskakyrkan.se\/tankarinforhelgen\/#\/schema\/person\/2b0b4359baeb21986c6c30a8de0f36ed"},"breadcrumb":{"@id":"https:\/\/blogg.svenskakyrkan.se\/tankarinforhelgen\/2026\/04\/30\/kropp-eller-sjal\/#breadcrumb"},"inLanguage":"sv-SE","potentialAction":[{"@type":"ReadAction","target":["https:\/\/blogg.svenskakyrkan.se\/tankarinforhelgen\/2026\/04\/30\/kropp-eller-sjal\/"]}]},{"@type":"ImageObject","inLanguage":"sv-SE","@id":"https:\/\/blogg.svenskakyrkan.se\/tankarinforhelgen\/2026\/04\/30\/kropp-eller-sjal\/#primaryimage","url":"https:\/\/blogg.svenskakyrkan.se\/tankarinforhelgen\/files\/2026\/04\/att.wMJ8DNRWvySdxPydVylKBuaekGulceP1540P3AId_s4.jpeg","contentUrl":"https:\/\/blogg.svenskakyrkan.se\/tankarinforhelgen\/files\/2026\/04\/att.wMJ8DNRWvySdxPydVylKBuaekGulceP1540P3AId_s4.jpeg","width":929,"height":523},{"@type":"BreadcrumbList","@id":"https:\/\/blogg.svenskakyrkan.se\/tankarinforhelgen\/2026\/04\/30\/kropp-eller-sjal\/#breadcrumb","itemListElement":[{"@type":"ListItem","position":1,"name":"Hem","item":"https:\/\/blogg.svenskakyrkan.se\/tankarinforhelgen\/"},{"@type":"ListItem","position":2,"name":"Kropp eller sj\u00e4l?"}]},{"@type":"WebSite","@id":"https:\/\/blogg.svenskakyrkan.se\/tankarinforhelgen\/#website","url":"https:\/\/blogg.svenskakyrkan.se\/tankarinforhelgen\/","name":"Tankar inf\u00f6r helgen","description":"Pr\u00e4ster funderar utifr\u00e5n kommande s\u00f6ndags texter","potentialAction":[{"@type":"SearchAction","target":{"@type":"EntryPoint","urlTemplate":"https:\/\/blogg.svenskakyrkan.se\/tankarinforhelgen\/?s={search_term_string}"},"query-input":{"@type":"PropertyValueSpecification","valueRequired":true,"valueName":"search_term_string"}}],"inLanguage":"sv-SE"},{"@type":"Person","@id":"https:\/\/blogg.svenskakyrkan.se\/tankarinforhelgen\/#\/schema\/person\/2b0b4359baeb21986c6c30a8de0f36ed","name":"redaktor","image":{"@type":"ImageObject","inLanguage":"sv-SE","@id":"https:\/\/blogg.svenskakyrkan.se\/tankarinforhelgen\/#\/schema\/person\/image\/","url":"https:\/\/secure.gravatar.com\/avatar\/542188ba094c175dc8879c92f455c7333b4d6ce28b2372bf2cc20267fd5862f8?s=96&d=mm&r=g","contentUrl":"https:\/\/secure.gravatar.com\/avatar\/542188ba094c175dc8879c92f455c7333b4d6ce28b2372bf2cc20267fd5862f8?s=96&d=mm&r=g","caption":"redaktor"},"url":"https:\/\/blogg.svenskakyrkan.se\/tankarinforhelgen\/author\/redaktor\/"}]}},"author_meta":{"ID":"765","user_nicename":"redaktor","user_registered":"2020-04-16 22:40:21","display_name":"redaktor","avatar":"https:\/\/secure.gravatar.com\/avatar\/542188ba094c175dc8879c92f455c7333b4d6ce28b2372bf2cc20267fd5862f8?s=96&d=mm&r=g"},"featured_image":["https:\/\/blogg.svenskakyrkan.se\/tankarinforhelgen\/files\/2026\/04\/att.wMJ8DNRWvySdxPydVylKBuaekGulceP1540P3AId_s4.jpeg",929,523,false],"bloginfo":{"name":"Tankar inf\u00f6r helgen","url":"https:\/\/blogg.svenskakyrkan.se\/tankarinforhelgen"},"_links":{"self":[{"href":"https:\/\/blogg.svenskakyrkan.se\/tankarinforhelgen\/wp-json\/wp\/v2\/posts\/4055","targetHints":{"allow":["GET"]}}],"collection":[{"href":"https:\/\/blogg.svenskakyrkan.se\/tankarinforhelgen\/wp-json\/wp\/v2\/posts"}],"about":[{"href":"https:\/\/blogg.svenskakyrkan.se\/tankarinforhelgen\/wp-json\/wp\/v2\/types\/post"}],"author":[{"embeddable":true,"href":"https:\/\/blogg.svenskakyrkan.se\/tankarinforhelgen\/wp-json\/wp\/v2\/users\/765"}],"replies":[{"embeddable":true,"href":"https:\/\/blogg.svenskakyrkan.se\/tankarinforhelgen\/wp-json\/wp\/v2\/comments?post=4055"}],"version-history":[{"count":2,"href":"https:\/\/blogg.svenskakyrkan.se\/tankarinforhelgen\/wp-json\/wp\/v2\/posts\/4055\/revisions"}],"predecessor-version":[{"id":4059,"href":"https:\/\/blogg.svenskakyrkan.se\/tankarinforhelgen\/wp-json\/wp\/v2\/posts\/4055\/revisions\/4059"}],"wp:featuredmedia":[{"embeddable":true,"href":"https:\/\/blogg.svenskakyrkan.se\/tankarinforhelgen\/wp-json\/wp\/v2\/media\/4057"}],"wp:attachment":[{"href":"https:\/\/blogg.svenskakyrkan.se\/tankarinforhelgen\/wp-json\/wp\/v2\/media?parent=4055"}],"wp:term":[{"taxonomy":"category","embeddable":true,"href":"https:\/\/blogg.svenskakyrkan.se\/tankarinforhelgen\/wp-json\/wp\/v2\/categories?post=4055"},{"taxonomy":"post_tag","embeddable":true,"href":"https:\/\/blogg.svenskakyrkan.se\/tankarinforhelgen\/wp-json\/wp\/v2\/tags?post=4055"}],"curies":[{"name":"wp","href":"https:\/\/api.w.org\/{rel}","templated":true}]}}