{"id":460,"date":"2015-04-13T13:42:47","date_gmt":"2015-04-13T11:42:47","guid":{"rendered":"http:\/\/blogg.svenskakyrkan.se\/tankarinforhelgen\/?p=460"},"modified":"2017-02-20T15:56:55","modified_gmt":"2017-02-20T14:56:55","slug":"den-vi-tors-lita-pa","status":"publish","type":"post","link":"https:\/\/blogg.svenskakyrkan.se\/tankarinforhelgen\/2015\/04\/13\/den-vi-tors-lita-pa\/","title":{"rendered":"Den vi t\u00f6rs lita p\u00e5"},"content":{"rendered":"<p><a href=\"http:\/\/blogg.svenskakyrkan.se\/tankarinforhelgen\/files\/2017\/01\/1022292.gif\"><img loading=\"lazy\" decoding=\"async\" class=\"alignnone size-full wp-image-461\" src=\"http:\/\/blogg.svenskakyrkan.se\/tankarinforhelgen\/files\/2017\/01\/1022292.gif\" alt=\"1022292\" width=\"438\" height=\"225\" \/><\/a><\/p>\n<p>Ibland tackar jag Gud f\u00f6r alla goda &#8221;dagisfr\u00f6knar&#8221; jag m\u00f6tt, f\u00f6r m\u00e4nniskor som engagerar sig i barnen, mina och andras, som de har ansvar f\u00f6r, som vet n\u00e4r det \u00e4r tid att tr\u00f6sta och n\u00e4r det \u00e4r tid att utmana och uppmuntra, som ser b\u00e5de pratsamma och tysta, tidiga och sena och som f\u00f6rs\u00f6ker skapa m\u00f6jligheter f\u00f6r varje barn att utvecklas utifr\u00e5n sina f\u00f6ruts\u00e4ttningar och talanger.<\/p>\n<p>Jag ser dem sjunga, resonera, spela spel, trava iv\u00e4g p\u00e5 utflykter i ur och skur, torka sm\u00e5 barnarumpor och m\u00f6ta barnen i kapprummet med ett v\u00e4lkomnande leende. Jag t\u00e4nker p\u00e5 dem och p\u00e5 alla andra som i sitt arbete ansvarar f\u00f6r m\u00e4nniskors s\u00e4kerhet, v\u00e4xt, l\u00e4kedom och utveckling, n\u00e4r jag l\u00e4ser bibelns texter om herdar av olika slag.<\/p>\n<p>F\u00f6r herden \u00e4r ju den som ansvarar f\u00f6r liv, f\u00f6r en grupp och varje enskild individ i den. I ansvaret ligger b\u00e5de att k\u00e4nna varje f\u00e5r och att k\u00e4nna terr\u00e4ngen, veta var det goda betet finns och var de lugna vattnen rinner, d\u00e4r f\u00e5ren kan f\u00e5 dricka.<\/p>\n<p><i>Tjuven kommer bara f\u00f6r att stj\u00e4la, slakta och d\u00f6da. Jag har kommit f\u00f6r att de ska ha liv, och liv i \u00f6verfl\u00f6d.<\/i> <i>(Joh.10:10) <\/i><\/p>\n<p>\u00c4r det skillnaden mellan en god och en d\u00e5lig ledare? Vem som bryr sig om de m\u00e4nniskor som de har ansvar f\u00f6r och vem som sitter p\u00e5 sin plats f\u00f6r egen vinning, f\u00f6r att det ger goda kontakter, f\u00f6r att det \u00e4r en merit att ha i bagaget, eller f\u00f6r att l\u00f6nen \u00e4r h\u00f6g?<\/p>\n<p>\u00c4r det det som avg\u00f6r vem som \u00e4r en god och en d\u00e5lig l\u00e4rare, pr\u00e4st eller l\u00e4kare eller varf\u00f6r inte just dagisfr\u00f6ken? Vem som verkligen bryr sig om sina elever, sin f\u00f6rsamling, sina patienter eller dagisbarn? Det kan ibland, s\u00e4rskilt i kv\u00e4llspressens feta rubriker, tyckas som om vi har f\u00f6r m\u00e5nga lejda herdar bland dem som har i uppgift att svara f\u00f6r m\u00e4nniskors och samh\u00e4llets v\u00e4lbefinnande?<\/p>\n<p>Tittar vi lite n\u00e4rmare \u00e4r det kanske tv\u00e4rtom s\u00e5 att vi ska gl\u00e4djas \u00f6ver hur m\u00e5nga som faktiskt \u00e4r djupt engagerade i sitt arbete och i dessa tider av krympande resurser g\u00f6r ett fantastiskt arbete trots att de lever n\u00e4ra utbr\u00e4ndhetens gr\u00e4nsmarker?<\/p>\n<p>Jag \u00e4r den gode herden, s\u00e4ger Jesus. \u00c4r Jesus kanske som en god dagisfr\u00f6ken, som vill leda oss till de h\u00e4rligaste lekplatserna, som sitter vid v\u00e5rt bord och hj\u00e4lper oss sk\u00e4ra maten i lagom bitar, som lyssnar och tr\u00f6star och s\u00e4tter pl\u00e5ster p\u00e5 sommarens skrubbs\u00e5r och som entusiastiskt delar v\u00e5r f\u00f6rundran \u00f6ver tillvarons alla sm\u00e5 uppt\u00e4ckter.<\/p>\n<p>Jag tror det.<\/p>\n<p>Och jag \u00e4r \u00f6vertygad om att denna dagisfr\u00f6ken \u00e4r en s\u00e5dan som v\u00e5gar ta sitt ansvar f\u00f6r barnen ocks\u00e5 n\u00e4r det inneb\u00e4r risker f\u00f6r egen del, vare sig det g\u00e4ller att kasta sig ut i gatan f\u00f6r att r\u00e4dda ett barn fr\u00e5n att bli \u00f6verk\u00f6rt eller att v\u00e5ga anm\u00e4la att ett barn misshandlas. Den goda dagisfr\u00f6ken g\u00f6r inga riskkalkyler, utan handlar omedelbart. F\u00f6r barnens skull och f\u00f6r livets. Honom eller henne t\u00f6rs vi lita p\u00e5 &#8211; reservationsl\u00f6st!<\/p>\n<p><i>Maria Klasson Sundin<br \/>\nPr\u00e4st och doktorand i religionsfilosofi<\/i><\/p>\n","protected":false},"excerpt":{"rendered":"<p>Ibland tackar jag Gud f\u00f6r alla goda &#8221;dagisfr\u00f6knar&#8221; jag m\u00f6tt, f\u00f6r m\u00e4nniskor som engagerar sig i barnen, mina och andras, som de har ansvar f\u00f6r, som vet n\u00e4r det \u00e4r tid att tr\u00f6sta och n\u00e4r det \u00e4r tid att utmana och uppmuntra, som ser b\u00e5de pratsamma och tysta, tidiga och sena och som f\u00f6rs\u00f6ker skapa [&hellip;]<\/p>\n","protected":false},"author":458,"featured_media":0,"comment_status":"open","ping_status":"open","sticky":false,"template":"","format":"standard","meta":{"_acf_changed":false,"footnotes":""},"categories":[136870],"tags":[],"class_list":["post-460","post","type-post","status-publish","format-standard","hentry","category-tredje-sondagen-i-pasktiden"],"acf":[],"yoast_head":"<!-- This site is optimized with the Yoast SEO plugin v27.1.1 - https:\/\/yoast.com\/product\/yoast-seo-wordpress\/ -->\n<title>Den vi t\u00f6rs lita p\u00e5 - Tankar inf\u00f6r helgen<\/title>\n<meta name=\"robots\" content=\"index, follow, max-snippet:-1, max-image-preview:large, max-video-preview:-1\" \/>\n<link rel=\"canonical\" href=\"https:\/\/blogg.svenskakyrkan.se\/tankarinforhelgen\/2015\/04\/13\/den-vi-tors-lita-pa\/\" \/>\n<meta property=\"og:locale\" content=\"sv_SE\" \/>\n<meta property=\"og:type\" content=\"article\" \/>\n<meta property=\"og:title\" content=\"Den vi t\u00f6rs lita p\u00e5 - Tankar inf\u00f6r helgen\" \/>\n<meta property=\"og:description\" content=\"Ibland tackar jag Gud f\u00f6r alla goda &#8221;dagisfr\u00f6knar&#8221; jag m\u00f6tt, f\u00f6r m\u00e4nniskor som engagerar sig i barnen, mina och andras, som de har ansvar f\u00f6r, som vet n\u00e4r det \u00e4r tid att tr\u00f6sta och n\u00e4r det \u00e4r tid att utmana och uppmuntra, som ser b\u00e5de pratsamma och tysta, tidiga och sena och som f\u00f6rs\u00f6ker skapa [&hellip;]\" \/>\n<meta property=\"og:url\" content=\"https:\/\/blogg.svenskakyrkan.se\/tankarinforhelgen\/2015\/04\/13\/den-vi-tors-lita-pa\/\" \/>\n<meta property=\"og:site_name\" content=\"Tankar inf\u00f6r helgen\" \/>\n<meta property=\"article:published_time\" content=\"2015-04-13T11:42:47+00:00\" \/>\n<meta property=\"article:modified_time\" content=\"2017-02-20T14:56:55+00:00\" \/>\n<meta property=\"og:image\" content=\"http:\/\/blogg.svenskakyrkan.se\/tankarinforhelgen\/files\/2017\/01\/1022292.gif\" \/>\n<meta name=\"author\" content=\"Magdalena Wernefeldt\" \/>\n<meta name=\"twitter:card\" content=\"summary_large_image\" \/>\n<meta name=\"twitter:label1\" content=\"Skriven av\" \/>\n\t<meta name=\"twitter:data1\" content=\"Magdalena Wernefeldt\" \/>\n\t<meta name=\"twitter:label2\" content=\"Ber\u00e4knad l\u00e4stid\" \/>\n\t<meta name=\"twitter:data2\" content=\"3 minuter\" \/>\n<script type=\"application\/ld+json\" class=\"yoast-schema-graph\">{\"@context\":\"https:\/\/schema.org\",\"@graph\":[{\"@type\":\"Article\",\"@id\":\"https:\/\/blogg.svenskakyrkan.se\/tankarinforhelgen\/2015\/04\/13\/den-vi-tors-lita-pa\/#article\",\"isPartOf\":{\"@id\":\"https:\/\/blogg.svenskakyrkan.se\/tankarinforhelgen\/2015\/04\/13\/den-vi-tors-lita-pa\/\"},\"author\":{\"name\":\"Magdalena Wernefeldt\",\"@id\":\"https:\/\/blogg.svenskakyrkan.se\/tankarinforhelgen\/#\/schema\/person\/c19e8a124f507336a7f712f3b02d924b\"},\"headline\":\"Den vi t\u00f6rs lita p\u00e5\",\"datePublished\":\"2015-04-13T11:42:47+00:00\",\"dateModified\":\"2017-02-20T14:56:55+00:00\",\"mainEntityOfPage\":{\"@id\":\"https:\/\/blogg.svenskakyrkan.se\/tankarinforhelgen\/2015\/04\/13\/den-vi-tors-lita-pa\/\"},\"wordCount\":615,\"commentCount\":0,\"image\":{\"@id\":\"https:\/\/blogg.svenskakyrkan.se\/tankarinforhelgen\/2015\/04\/13\/den-vi-tors-lita-pa\/#primaryimage\"},\"thumbnailUrl\":\"http:\/\/blogg.svenskakyrkan.se\/tankarinforhelgen\/files\/2017\/01\/1022292.gif\",\"articleSection\":[\"Tredje s\u00f6ndagen i p\u00e5sktiden\"],\"inLanguage\":\"sv-SE\",\"potentialAction\":[{\"@type\":\"CommentAction\",\"name\":\"Comment\",\"target\":[\"https:\/\/blogg.svenskakyrkan.se\/tankarinforhelgen\/2015\/04\/13\/den-vi-tors-lita-pa\/#respond\"]}]},{\"@type\":\"WebPage\",\"@id\":\"https:\/\/blogg.svenskakyrkan.se\/tankarinforhelgen\/2015\/04\/13\/den-vi-tors-lita-pa\/\",\"url\":\"https:\/\/blogg.svenskakyrkan.se\/tankarinforhelgen\/2015\/04\/13\/den-vi-tors-lita-pa\/\",\"name\":\"Den vi t\u00f6rs lita p\u00e5 - Tankar inf\u00f6r helgen\",\"isPartOf\":{\"@id\":\"https:\/\/blogg.svenskakyrkan.se\/tankarinforhelgen\/#website\"},\"primaryImageOfPage\":{\"@id\":\"https:\/\/blogg.svenskakyrkan.se\/tankarinforhelgen\/2015\/04\/13\/den-vi-tors-lita-pa\/#primaryimage\"},\"image\":{\"@id\":\"https:\/\/blogg.svenskakyrkan.se\/tankarinforhelgen\/2015\/04\/13\/den-vi-tors-lita-pa\/#primaryimage\"},\"thumbnailUrl\":\"http:\/\/blogg.svenskakyrkan.se\/tankarinforhelgen\/files\/2017\/01\/1022292.gif\",\"datePublished\":\"2015-04-13T11:42:47+00:00\",\"dateModified\":\"2017-02-20T14:56:55+00:00\",\"author\":{\"@id\":\"https:\/\/blogg.svenskakyrkan.se\/tankarinforhelgen\/#\/schema\/person\/c19e8a124f507336a7f712f3b02d924b\"},\"breadcrumb\":{\"@id\":\"https:\/\/blogg.svenskakyrkan.se\/tankarinforhelgen\/2015\/04\/13\/den-vi-tors-lita-pa\/#breadcrumb\"},\"inLanguage\":\"sv-SE\",\"potentialAction\":[{\"@type\":\"ReadAction\",\"target\":[\"https:\/\/blogg.svenskakyrkan.se\/tankarinforhelgen\/2015\/04\/13\/den-vi-tors-lita-pa\/\"]}]},{\"@type\":\"ImageObject\",\"inLanguage\":\"sv-SE\",\"@id\":\"https:\/\/blogg.svenskakyrkan.se\/tankarinforhelgen\/2015\/04\/13\/den-vi-tors-lita-pa\/#primaryimage\",\"url\":\"http:\/\/blogg.svenskakyrkan.se\/tankarinforhelgen\/files\/2017\/01\/1022292.gif\",\"contentUrl\":\"http:\/\/blogg.svenskakyrkan.se\/tankarinforhelgen\/files\/2017\/01\/1022292.gif\"},{\"@type\":\"BreadcrumbList\",\"@id\":\"https:\/\/blogg.svenskakyrkan.se\/tankarinforhelgen\/2015\/04\/13\/den-vi-tors-lita-pa\/#breadcrumb\",\"itemListElement\":[{\"@type\":\"ListItem\",\"position\":1,\"name\":\"Hem\",\"item\":\"https:\/\/blogg.svenskakyrkan.se\/tankarinforhelgen\/\"},{\"@type\":\"ListItem\",\"position\":2,\"name\":\"Den vi t\u00f6rs lita p\u00e5\"}]},{\"@type\":\"WebSite\",\"@id\":\"https:\/\/blogg.svenskakyrkan.se\/tankarinforhelgen\/#website\",\"url\":\"https:\/\/blogg.svenskakyrkan.se\/tankarinforhelgen\/\",\"name\":\"Tankar inf\u00f6r helgen\",\"description\":\"Pr\u00e4ster funderar utifr\u00e5n kommande s\u00f6ndags texter\",\"potentialAction\":[{\"@type\":\"SearchAction\",\"target\":{\"@type\":\"EntryPoint\",\"urlTemplate\":\"https:\/\/blogg.svenskakyrkan.se\/tankarinforhelgen\/?s={search_term_string}\"},\"query-input\":{\"@type\":\"PropertyValueSpecification\",\"valueRequired\":true,\"valueName\":\"search_term_string\"}}],\"inLanguage\":\"sv-SE\"},{\"@type\":\"Person\",\"@id\":\"https:\/\/blogg.svenskakyrkan.se\/tankarinforhelgen\/#\/schema\/person\/c19e8a124f507336a7f712f3b02d924b\",\"name\":\"Magdalena Wernefeldt\",\"image\":{\"@type\":\"ImageObject\",\"inLanguage\":\"sv-SE\",\"@id\":\"https:\/\/blogg.svenskakyrkan.se\/tankarinforhelgen\/#\/schema\/person\/image\/\",\"url\":\"https:\/\/secure.gravatar.com\/avatar\/23dab26aed51bdfcff5c1559ea1a5d339f00dac73f3d56d1d8b724c1d9074328?s=96&d=mm&r=g\",\"contentUrl\":\"https:\/\/secure.gravatar.com\/avatar\/23dab26aed51bdfcff5c1559ea1a5d339f00dac73f3d56d1d8b724c1d9074328?s=96&d=mm&r=g\",\"caption\":\"Magdalena Wernefeldt\"},\"url\":\"https:\/\/blogg.svenskakyrkan.se\/tankarinforhelgen\/author\/svkmwt\/\"}]}<\/script>\n<!-- \/ Yoast SEO plugin. -->","yoast_head_json":{"title":"Den vi t\u00f6rs lita p\u00e5 - Tankar inf\u00f6r helgen","robots":{"index":"index","follow":"follow","max-snippet":"max-snippet:-1","max-image-preview":"max-image-preview:large","max-video-preview":"max-video-preview:-1"},"canonical":"https:\/\/blogg.svenskakyrkan.se\/tankarinforhelgen\/2015\/04\/13\/den-vi-tors-lita-pa\/","og_locale":"sv_SE","og_type":"article","og_title":"Den vi t\u00f6rs lita p\u00e5 - Tankar inf\u00f6r helgen","og_description":"Ibland tackar jag Gud f\u00f6r alla goda &#8221;dagisfr\u00f6knar&#8221; jag m\u00f6tt, f\u00f6r m\u00e4nniskor som engagerar sig i barnen, mina och andras, som de har ansvar f\u00f6r, som vet n\u00e4r det \u00e4r tid att tr\u00f6sta och n\u00e4r det \u00e4r tid att utmana och uppmuntra, som ser b\u00e5de pratsamma och tysta, tidiga och sena och som f\u00f6rs\u00f6ker skapa [&hellip;]","og_url":"https:\/\/blogg.svenskakyrkan.se\/tankarinforhelgen\/2015\/04\/13\/den-vi-tors-lita-pa\/","og_site_name":"Tankar inf\u00f6r helgen","article_published_time":"2015-04-13T11:42:47+00:00","article_modified_time":"2017-02-20T14:56:55+00:00","og_image":[{"url":"http:\/\/blogg.svenskakyrkan.se\/tankarinforhelgen\/files\/2017\/01\/1022292.gif","type":"","width":"","height":""}],"author":"Magdalena Wernefeldt","twitter_card":"summary_large_image","twitter_misc":{"Skriven av":"Magdalena Wernefeldt","Ber\u00e4knad l\u00e4stid":"3 minuter"},"schema":{"@context":"https:\/\/schema.org","@graph":[{"@type":"Article","@id":"https:\/\/blogg.svenskakyrkan.se\/tankarinforhelgen\/2015\/04\/13\/den-vi-tors-lita-pa\/#article","isPartOf":{"@id":"https:\/\/blogg.svenskakyrkan.se\/tankarinforhelgen\/2015\/04\/13\/den-vi-tors-lita-pa\/"},"author":{"name":"Magdalena Wernefeldt","@id":"https:\/\/blogg.svenskakyrkan.se\/tankarinforhelgen\/#\/schema\/person\/c19e8a124f507336a7f712f3b02d924b"},"headline":"Den vi t\u00f6rs lita p\u00e5","datePublished":"2015-04-13T11:42:47+00:00","dateModified":"2017-02-20T14:56:55+00:00","mainEntityOfPage":{"@id":"https:\/\/blogg.svenskakyrkan.se\/tankarinforhelgen\/2015\/04\/13\/den-vi-tors-lita-pa\/"},"wordCount":615,"commentCount":0,"image":{"@id":"https:\/\/blogg.svenskakyrkan.se\/tankarinforhelgen\/2015\/04\/13\/den-vi-tors-lita-pa\/#primaryimage"},"thumbnailUrl":"http:\/\/blogg.svenskakyrkan.se\/tankarinforhelgen\/files\/2017\/01\/1022292.gif","articleSection":["Tredje s\u00f6ndagen i p\u00e5sktiden"],"inLanguage":"sv-SE","potentialAction":[{"@type":"CommentAction","name":"Comment","target":["https:\/\/blogg.svenskakyrkan.se\/tankarinforhelgen\/2015\/04\/13\/den-vi-tors-lita-pa\/#respond"]}]},{"@type":"WebPage","@id":"https:\/\/blogg.svenskakyrkan.se\/tankarinforhelgen\/2015\/04\/13\/den-vi-tors-lita-pa\/","url":"https:\/\/blogg.svenskakyrkan.se\/tankarinforhelgen\/2015\/04\/13\/den-vi-tors-lita-pa\/","name":"Den vi t\u00f6rs lita p\u00e5 - Tankar inf\u00f6r helgen","isPartOf":{"@id":"https:\/\/blogg.svenskakyrkan.se\/tankarinforhelgen\/#website"},"primaryImageOfPage":{"@id":"https:\/\/blogg.svenskakyrkan.se\/tankarinforhelgen\/2015\/04\/13\/den-vi-tors-lita-pa\/#primaryimage"},"image":{"@id":"https:\/\/blogg.svenskakyrkan.se\/tankarinforhelgen\/2015\/04\/13\/den-vi-tors-lita-pa\/#primaryimage"},"thumbnailUrl":"http:\/\/blogg.svenskakyrkan.se\/tankarinforhelgen\/files\/2017\/01\/1022292.gif","datePublished":"2015-04-13T11:42:47+00:00","dateModified":"2017-02-20T14:56:55+00:00","author":{"@id":"https:\/\/blogg.svenskakyrkan.se\/tankarinforhelgen\/#\/schema\/person\/c19e8a124f507336a7f712f3b02d924b"},"breadcrumb":{"@id":"https:\/\/blogg.svenskakyrkan.se\/tankarinforhelgen\/2015\/04\/13\/den-vi-tors-lita-pa\/#breadcrumb"},"inLanguage":"sv-SE","potentialAction":[{"@type":"ReadAction","target":["https:\/\/blogg.svenskakyrkan.se\/tankarinforhelgen\/2015\/04\/13\/den-vi-tors-lita-pa\/"]}]},{"@type":"ImageObject","inLanguage":"sv-SE","@id":"https:\/\/blogg.svenskakyrkan.se\/tankarinforhelgen\/2015\/04\/13\/den-vi-tors-lita-pa\/#primaryimage","url":"http:\/\/blogg.svenskakyrkan.se\/tankarinforhelgen\/files\/2017\/01\/1022292.gif","contentUrl":"http:\/\/blogg.svenskakyrkan.se\/tankarinforhelgen\/files\/2017\/01\/1022292.gif"},{"@type":"BreadcrumbList","@id":"https:\/\/blogg.svenskakyrkan.se\/tankarinforhelgen\/2015\/04\/13\/den-vi-tors-lita-pa\/#breadcrumb","itemListElement":[{"@type":"ListItem","position":1,"name":"Hem","item":"https:\/\/blogg.svenskakyrkan.se\/tankarinforhelgen\/"},{"@type":"ListItem","position":2,"name":"Den vi t\u00f6rs lita p\u00e5"}]},{"@type":"WebSite","@id":"https:\/\/blogg.svenskakyrkan.se\/tankarinforhelgen\/#website","url":"https:\/\/blogg.svenskakyrkan.se\/tankarinforhelgen\/","name":"Tankar inf\u00f6r helgen","description":"Pr\u00e4ster funderar utifr\u00e5n kommande s\u00f6ndags texter","potentialAction":[{"@type":"SearchAction","target":{"@type":"EntryPoint","urlTemplate":"https:\/\/blogg.svenskakyrkan.se\/tankarinforhelgen\/?s={search_term_string}"},"query-input":{"@type":"PropertyValueSpecification","valueRequired":true,"valueName":"search_term_string"}}],"inLanguage":"sv-SE"},{"@type":"Person","@id":"https:\/\/blogg.svenskakyrkan.se\/tankarinforhelgen\/#\/schema\/person\/c19e8a124f507336a7f712f3b02d924b","name":"Magdalena Wernefeldt","image":{"@type":"ImageObject","inLanguage":"sv-SE","@id":"https:\/\/blogg.svenskakyrkan.se\/tankarinforhelgen\/#\/schema\/person\/image\/","url":"https:\/\/secure.gravatar.com\/avatar\/23dab26aed51bdfcff5c1559ea1a5d339f00dac73f3d56d1d8b724c1d9074328?s=96&d=mm&r=g","contentUrl":"https:\/\/secure.gravatar.com\/avatar\/23dab26aed51bdfcff5c1559ea1a5d339f00dac73f3d56d1d8b724c1d9074328?s=96&d=mm&r=g","caption":"Magdalena Wernefeldt"},"url":"https:\/\/blogg.svenskakyrkan.se\/tankarinforhelgen\/author\/svkmwt\/"}]}},"author_meta":{"ID":"458","user_nicename":"svkmwt","user_registered":"2014-10-14 11:18:34","display_name":"Magdalena Wernefeldt","first_name":"Magdalena","last_name":"Wernefeldt","avatar":"https:\/\/secure.gravatar.com\/avatar\/23dab26aed51bdfcff5c1559ea1a5d339f00dac73f3d56d1d8b724c1d9074328?s=96&d=mm&r=g"},"featured_image":false,"bloginfo":{"name":"Tankar inf\u00f6r helgen","url":"https:\/\/blogg.svenskakyrkan.se\/tankarinforhelgen"},"_links":{"self":[{"href":"https:\/\/blogg.svenskakyrkan.se\/tankarinforhelgen\/wp-json\/wp\/v2\/posts\/460","targetHints":{"allow":["GET"]}}],"collection":[{"href":"https:\/\/blogg.svenskakyrkan.se\/tankarinforhelgen\/wp-json\/wp\/v2\/posts"}],"about":[{"href":"https:\/\/blogg.svenskakyrkan.se\/tankarinforhelgen\/wp-json\/wp\/v2\/types\/post"}],"author":[{"embeddable":true,"href":"https:\/\/blogg.svenskakyrkan.se\/tankarinforhelgen\/wp-json\/wp\/v2\/users\/458"}],"replies":[{"embeddable":true,"href":"https:\/\/blogg.svenskakyrkan.se\/tankarinforhelgen\/wp-json\/wp\/v2\/comments?post=460"}],"version-history":[{"count":1,"href":"https:\/\/blogg.svenskakyrkan.se\/tankarinforhelgen\/wp-json\/wp\/v2\/posts\/460\/revisions"}],"predecessor-version":[{"id":462,"href":"https:\/\/blogg.svenskakyrkan.se\/tankarinforhelgen\/wp-json\/wp\/v2\/posts\/460\/revisions\/462"}],"wp:attachment":[{"href":"https:\/\/blogg.svenskakyrkan.se\/tankarinforhelgen\/wp-json\/wp\/v2\/media?parent=460"}],"wp:term":[{"taxonomy":"category","embeddable":true,"href":"https:\/\/blogg.svenskakyrkan.se\/tankarinforhelgen\/wp-json\/wp\/v2\/categories?post=460"},{"taxonomy":"post_tag","embeddable":true,"href":"https:\/\/blogg.svenskakyrkan.se\/tankarinforhelgen\/wp-json\/wp\/v2\/tags?post=460"}],"curies":[{"name":"wp","href":"https:\/\/api.w.org\/{rel}","templated":true}]}}